{"id":24155,"date":"2025-04-08T15:27:31","date_gmt":"2025-04-08T13:27:31","guid":{"rendered":"https:\/\/news.save.ch\/?p=24155"},"modified":"2025-04-08T15:27:37","modified_gmt":"2025-04-08T13:27:37","slug":"schweizer-armee-staerkt-zusammenarbeit-mit-swisscom-zugunsten-der-neuen-digitalisierungsplattform","status":null,"type":"post","link":"https:\/\/news.save.ch\/fr\/schweizer-armee-staerkt-zusammenarbeit-mit-swisscom-zugunsten-der-neuen-digitalisierungsplattform\/","title":{"rendered":"L'Arm\u00e9e suisse renforce sa collaboration avec Swisscom en faveur de la nouvelle plate-forme de num\u00e9risation"},"content":{"rendered":"<div class=\"contentHead\">\n<figure id=\"attachment_24156\" aria-describedby=\"caption-attachment-24156\" style=\"width: 1200px\" class=\"wp-caption alignnone\"><a href=\"https:\/\/news.save.ch\/fr\/schweizer-armee-staerkt-zusammenarbeit-mit-swisscom-zugunsten-der-neuen-digitalisierungsplattform\/ausbau-der-faehigkeiten-im-cyberraum-symbolbild\/\" rel=\"attachment wp-att-24156\"><img loading=\"lazy\" decoding=\"async\" class=\"wp-image-24156 size-full\" src=\"https:\/\/news.save.ch\/wp-content\/uploads\/2025\/04\/7266_019-scaled.jpg\" alt=\"\" width=\"1200\" height=\"800\" srcset=\"https:\/\/news.save.ch\/wp-content\/uploads\/2025\/04\/7266_019-scaled.jpg 1200w, https:\/\/news.save.ch\/wp-content\/uploads\/2025\/04\/7266_019-680x453.jpg 680w, https:\/\/news.save.ch\/wp-content\/uploads\/2025\/04\/7266_019-1024x683.jpg 1024w, https:\/\/news.save.ch\/wp-content\/uploads\/2025\/04\/7266_019-768x512.jpg 768w, https:\/\/news.save.ch\/wp-content\/uploads\/2025\/04\/7266_019-1536x1024.jpg 1536w, https:\/\/news.save.ch\/wp-content\/uploads\/2025\/04\/7266_019-2048x1365.jpg 2048w, https:\/\/news.save.ch\/wp-content\/uploads\/2025\/04\/7266_019-18x12.jpg 18w, https:\/\/news.save.ch\/wp-content\/uploads\/2025\/04\/7266_019-375x250.jpg 375w, https:\/\/news.save.ch\/wp-content\/uploads\/2025\/04\/7266_019-525x350.jpg 525w, https:\/\/news.save.ch\/wp-content\/uploads\/2025\/04\/7266_019-1000x667.jpg 1000w\" sizes=\"auto, (max-width: 1200px) 100vw, 1200px\" \/><\/a><figcaption id=\"caption-attachment-24156\" class=\"wp-caption-text\">Photo : VBS\/DDPS\/Clemens Laub<\/figcaption><\/figure>\n<p><span style=\"font-size: 16px;\">A la fin mars 2025, les premi\u00e8res applications critiques pour l'engagement ont pu \u00eatre int\u00e9gr\u00e9es sur la nouvelle plateforme de num\u00e9risation (NDP). La mise en place de la NDP continue donc de suivre son cours conform\u00e9ment au calendrier pr\u00e9vu et pourra fournir les premi\u00e8res prestations \u00e0 partir des centres de calcul robustes et hautement disponibles au profit des utilisateurs militaires le 1er juillet 2026. La poursuite de l'extension se fera par \u00e9tapes et durera jusque dans les ann\u00e9es 2030.<\/span><\/p>\n<\/div>\n<div class=\"mod mod-nsbnewsdetails\">\n<p>Avec la NDP, l'Arm\u00e9e suisse construit une infrastructure de technologie de l'information et de la communication (TIC) robuste, s\u00fbre et r\u00e9siliente. Celle-ci permet la num\u00e9risation de l'Arm\u00e9e suisse. Gr\u00e2ce \u00e0 la NDP, la capacit\u00e9 de conduite et d'engagement de l'Arm\u00e9e suisse s'am\u00e9liore au quotidien et en cas de conflit. La NDP permet la num\u00e9risation de l'arm\u00e9e suisse au niveau technique et est donc consid\u00e9r\u00e9e comme un facteur de r\u00e9ussite critique pour le renforcement de la capacit\u00e9 de d\u00e9fense.<\/p>\n<h3>Swisscom, un partenaire strat\u00e9gique<\/h3>\n<p>Depuis l'attribution du march\u00e9 fin 2019, l'Arm\u00e9e suisse et Swisscom travaillent en \u00e9troite collaboration dans le cadre de la mise en place du NDP. La d\u00e9cision de l'arm\u00e9e en faveur de Swisscom en tant que partenaire strat\u00e9gique TIC permet d'\u00e9largir et de d\u00e9velopper les connaissances acquises. Swisscom apporte \u00e0 ce partenariat des capacit\u00e9s et des forces \u00e9tendues dans le domaine des TIC et ouvre ainsi au commandement Cyber des possibilit\u00e9s suppl\u00e9mentaires en mati\u00e8re d'innovation, de d\u00e9veloppement, de mise \u00e0 disposition et d'exploitation de solutions TIC. En tant que partenaire strat\u00e9gique TIC, Swisscom contribue \u00e0 la construction, au d\u00e9veloppement, au soutien op\u00e9rationnel et \u00e0 la r\u00e9silience du NDP.<\/p>\n<p><em>Source : www.vtg.admin.ch<\/em><\/p>\n<\/div>","protected":false},"excerpt":{"rendered":"<p>Per Ende M\u00e4rz 2025 konnten erste einsatzkritische Anwendungen auf der Neuen Digitalisierungsplattform (NDP) integriert werden. Der Aufbau der NDP ist damit weiterhin gem\u00e4ss Zeitplan auf Kurs und wird per 1. Juli 2026 erste Leistungen ab den hochverf\u00fcgbaren, robusten Rechenzentren zugunsten der milit\u00e4rischen Anwender erbringen k\u00f6nnen. Der Weiterausbau erfolgt schrittweise und dauert bis in die 2030er [&hellip;]<\/p>\n","protected":false},"author":31,"featured_media":0,"comment_status":"closed","ping_status":"closed","sticky":false,"template":"","format":"standard","meta":{"_acf_changed":false,"pgc_sgb_lightbox_settings":"","footnotes":""},"categories":[3313],"tags":[1270,1346,4195],"class_list":["post-24155","post","type-post","status-publish","format-standard","hentry","category-digitalisierung","tag-cyberabwehr","tag-schweizer-armee","tag-swisscom-schweiz-ag"],"acf":[],"hkrextid":null,"publication":null,"issue":null,"workflow":null,"startPage":null,"spitzmarke":null,"_posts_by_tag_page_fields":null,"_at_widget":null,"_yoast_wpseo_primary_category":"3313","_yoast_wpseo_focuskw_text_input":null,"_yoast_wpseo_opengraph-image":null,"_yoast_wpseo_opengraph-description":null,"_yoast_wpseo_opengraph-title":null,"enclosure":null,"_yoast_wpseo_twitter-title":null,"_yoast_wpseo_twitter-description":null,"_yoast_wpseo_twitter-image":null,"_wp_old_slug":null,"_yoast_wpseo_title":null,"_yoast_wpseo_canonical":null,"yoast_head":"<!-- This site is optimized with the Yoast SEO plugin v27.4 - https:\/\/yoast.com\/product\/yoast-seo-wordpress\/ -->\n<title>Schweizer Armee st\u00e4rkt Zusammenarbeit mit Swisscom zugunsten der Neuen Digitalisierungsplattform - Save<\/title>\n<meta name=\"description\" content=\"Schweizer Armee st\u00e4rkt Zusammenarbeit mit Swisscom zugunsten der Neuen Digitalisierungsplattform.\" \/>\n<meta name=\"robots\" content=\"index, follow, max-snippet:-1, max-image-preview:large, max-video-preview:-1\" \/>\n<link rel=\"canonical\" href=\"https:\/\/news.save.ch\/fr\/schweizer-armee-staerkt-zusammenarbeit-mit-swisscom-zugunsten-der-neuen-digitalisierungsplattform\/\" \/>\n<meta property=\"og:locale\" content=\"fr_FR\" \/>\n<meta property=\"og:type\" content=\"article\" \/>\n<meta property=\"og:title\" content=\"Schweizer Armee st\u00e4rkt Zusammenarbeit mit Swisscom zugunsten der Neuen Digitalisierungsplattform - Save\" \/>\n<meta property=\"og:description\" content=\"Schweizer Armee st\u00e4rkt Zusammenarbeit mit Swisscom zugunsten der Neuen Digitalisierungsplattform.\" \/>\n<meta property=\"og:url\" content=\"https:\/\/news.save.ch\/fr\/schweizer-armee-staerkt-zusammenarbeit-mit-swisscom-zugunsten-der-neuen-digitalisierungsplattform\/\" \/>\n<meta property=\"og:site_name\" content=\"Save\" \/>\n<meta property=\"article:published_time\" content=\"2025-04-08T13:27:31+00:00\" \/>\n<meta property=\"article:modified_time\" content=\"2025-04-08T13:27:37+00:00\" \/>\n<meta property=\"og:image\" content=\"https:\/\/news.save.ch\/wp-content\/uploads\/2025\/04\/7266_019-scaled.jpg\" \/>\n\t<meta property=\"og:image:width\" content=\"1200\" \/>\n\t<meta property=\"og:image:height\" content=\"800\" \/>\n\t<meta property=\"og:image:type\" content=\"image\/jpeg\" \/>\n<meta name=\"author\" content=\"stefanie Zeng\" \/>\n<meta name=\"twitter:card\" content=\"summary_large_image\" \/>\n<meta name=\"twitter:label1\" content=\"\u00c9crit par\" \/>\n\t<meta name=\"twitter:data1\" content=\"stefanie Zeng\" \/>\n\t<meta name=\"twitter:label2\" content=\"Dur\u00e9e de lecture estim\u00e9e\" \/>\n\t<meta name=\"twitter:data2\" content=\"2 minutes\" \/>\n<script type=\"application\/ld+json\" class=\"yoast-schema-graph\">{\"@context\":\"https:\\\/\\\/schema.org\",\"@graph\":[{\"@type\":\"Article\",\"@id\":\"https:\\\/\\\/news.save.ch\\\/schweizer-armee-staerkt-zusammenarbeit-mit-swisscom-zugunsten-der-neuen-digitalisierungsplattform\\\/#article\",\"isPartOf\":{\"@id\":\"https:\\\/\\\/news.save.ch\\\/schweizer-armee-staerkt-zusammenarbeit-mit-swisscom-zugunsten-der-neuen-digitalisierungsplattform\\\/\"},\"author\":{\"name\":\"stefanie Zeng\",\"@id\":\"https:\\\/\\\/news.save.ch\\\/de\\\/#\\\/schema\\\/person\\\/10917387362b3961e882740f6cf6f2a2\"},\"headline\":\"Schweizer Armee st\u00e4rkt Zusammenarbeit mit Swisscom zugunsten der Neuen Digitalisierungsplattform\",\"datePublished\":\"2025-04-08T13:27:31+00:00\",\"dateModified\":\"2025-04-08T13:27:37+00:00\",\"mainEntityOfPage\":{\"@id\":\"https:\\\/\\\/news.save.ch\\\/schweizer-armee-staerkt-zusammenarbeit-mit-swisscom-zugunsten-der-neuen-digitalisierungsplattform\\\/\"},\"wordCount\":251,\"publisher\":{\"@id\":\"https:\\\/\\\/news.save.ch\\\/de\\\/#organization\"},\"image\":{\"@id\":\"https:\\\/\\\/news.save.ch\\\/schweizer-armee-staerkt-zusammenarbeit-mit-swisscom-zugunsten-der-neuen-digitalisierungsplattform\\\/#primaryimage\"},\"thumbnailUrl\":\"https:\\\/\\\/news.save.ch\\\/wp-content\\\/uploads\\\/2025\\\/04\\\/7266_019-scaled.jpg\",\"keywords\":[\"Cyberabwehr\",\"Schweizer Armee\",\"Swisscom (Schweiz) AG\"],\"articleSection\":[\"DIGITALISIERUNG\"],\"inLanguage\":\"fr-FR\"},{\"@type\":\"WebPage\",\"@id\":\"https:\\\/\\\/news.save.ch\\\/schweizer-armee-staerkt-zusammenarbeit-mit-swisscom-zugunsten-der-neuen-digitalisierungsplattform\\\/\",\"url\":\"https:\\\/\\\/news.save.ch\\\/schweizer-armee-staerkt-zusammenarbeit-mit-swisscom-zugunsten-der-neuen-digitalisierungsplattform\\\/\",\"name\":\"Schweizer Armee st\u00e4rkt Zusammenarbeit mit Swisscom zugunsten der Neuen Digitalisierungsplattform - Save\",\"isPartOf\":{\"@id\":\"https:\\\/\\\/news.save.ch\\\/de\\\/#website\"},\"primaryImageOfPage\":{\"@id\":\"https:\\\/\\\/news.save.ch\\\/schweizer-armee-staerkt-zusammenarbeit-mit-swisscom-zugunsten-der-neuen-digitalisierungsplattform\\\/#primaryimage\"},\"image\":{\"@id\":\"https:\\\/\\\/news.save.ch\\\/schweizer-armee-staerkt-zusammenarbeit-mit-swisscom-zugunsten-der-neuen-digitalisierungsplattform\\\/#primaryimage\"},\"thumbnailUrl\":\"https:\\\/\\\/news.save.ch\\\/wp-content\\\/uploads\\\/2025\\\/04\\\/7266_019-scaled.jpg\",\"datePublished\":\"2025-04-08T13:27:31+00:00\",\"dateModified\":\"2025-04-08T13:27:37+00:00\",\"description\":\"Schweizer Armee st\u00e4rkt Zusammenarbeit mit Swisscom zugunsten der Neuen Digitalisierungsplattform.\",\"breadcrumb\":{\"@id\":\"https:\\\/\\\/news.save.ch\\\/schweizer-armee-staerkt-zusammenarbeit-mit-swisscom-zugunsten-der-neuen-digitalisierungsplattform\\\/#breadcrumb\"},\"inLanguage\":\"fr-FR\",\"potentialAction\":[{\"@type\":\"ReadAction\",\"target\":[\"https:\\\/\\\/news.save.ch\\\/schweizer-armee-staerkt-zusammenarbeit-mit-swisscom-zugunsten-der-neuen-digitalisierungsplattform\\\/\"]}]},{\"@type\":\"ImageObject\",\"inLanguage\":\"fr-FR\",\"@id\":\"https:\\\/\\\/news.save.ch\\\/schweizer-armee-staerkt-zusammenarbeit-mit-swisscom-zugunsten-der-neuen-digitalisierungsplattform\\\/#primaryimage\",\"url\":\"https:\\\/\\\/news.save.ch\\\/wp-content\\\/uploads\\\/2025\\\/04\\\/7266_019-scaled.jpg\",\"contentUrl\":\"https:\\\/\\\/news.save.ch\\\/wp-content\\\/uploads\\\/2025\\\/04\\\/7266_019-scaled.jpg\"},{\"@type\":\"BreadcrumbList\",\"@id\":\"https:\\\/\\\/news.save.ch\\\/schweizer-armee-staerkt-zusammenarbeit-mit-swisscom-zugunsten-der-neuen-digitalisierungsplattform\\\/#breadcrumb\",\"itemListElement\":[{\"@type\":\"ListItem\",\"position\":1,\"name\":\"Home\",\"item\":\"https:\\\/\\\/news.save.ch\\\/de\\\/\"},{\"@type\":\"ListItem\",\"position\":2,\"name\":\"Schweizer Armee st\u00e4rkt Zusammenarbeit mit Swisscom zugunsten der Neuen Digitalisierungsplattform\"}]},{\"@type\":\"WebSite\",\"@id\":\"https:\\\/\\\/news.save.ch\\\/de\\\/#website\",\"url\":\"https:\\\/\\\/news.save.ch\\\/de\\\/\",\"name\":\"Save\",\"description\":\"Schweizer Fachzeitschrift f\u00fcr Sicherheit\",\"publisher\":{\"@id\":\"https:\\\/\\\/news.save.ch\\\/de\\\/#organization\"},\"potentialAction\":[{\"@type\":\"SearchAction\",\"target\":{\"@type\":\"EntryPoint\",\"urlTemplate\":\"https:\\\/\\\/news.save.ch\\\/de\\\/?s={search_term_string}\"},\"query-input\":{\"@type\":\"PropertyValueSpecification\",\"valueRequired\":true,\"valueName\":\"search_term_string\"}}],\"inLanguage\":\"fr-FR\"},{\"@type\":\"Organization\",\"@id\":\"https:\\\/\\\/news.save.ch\\\/de\\\/#organization\",\"name\":\"Sicherheitsforum\",\"url\":\"https:\\\/\\\/news.save.ch\\\/de\\\/\",\"logo\":{\"@type\":\"ImageObject\",\"inLanguage\":\"fr-FR\",\"@id\":\"https:\\\/\\\/news.save.ch\\\/de\\\/#\\\/schema\\\/logo\\\/image\\\/\",\"url\":\"https:\\\/\\\/news.save.ch\\\/wp-content\\\/uploads\\\/2022\\\/06\\\/Logo_SF_2012.png\",\"contentUrl\":\"https:\\\/\\\/news.save.ch\\\/wp-content\\\/uploads\\\/2022\\\/06\\\/Logo_SF_2012.png\",\"width\":1100,\"height\":91,\"caption\":\"Sicherheitsforum\"},\"image\":{\"@id\":\"https:\\\/\\\/news.save.ch\\\/de\\\/#\\\/schema\\\/logo\\\/image\\\/\"}},{\"@type\":\"Person\",\"@id\":\"https:\\\/\\\/news.save.ch\\\/de\\\/#\\\/schema\\\/person\\\/10917387362b3961e882740f6cf6f2a2\",\"name\":\"stefanie Zeng\",\"image\":{\"@type\":\"ImageObject\",\"inLanguage\":\"fr-FR\",\"@id\":\"https:\\\/\\\/secure.gravatar.com\\\/avatar\\\/eac43faa6e40bb2c41068c95c9d78bbd94c476d5efdff7abaab80bb3ea681e06?s=96&d=mm&r=g\",\"url\":\"https:\\\/\\\/secure.gravatar.com\\\/avatar\\\/eac43faa6e40bb2c41068c95c9d78bbd94c476d5efdff7abaab80bb3ea681e06?s=96&d=mm&r=g\",\"contentUrl\":\"https:\\\/\\\/secure.gravatar.com\\\/avatar\\\/eac43faa6e40bb2c41068c95c9d78bbd94c476d5efdff7abaab80bb3ea681e06?s=96&d=mm&r=g\",\"caption\":\"stefanie Zeng\"},\"url\":\"https:\\\/\\\/news.save.ch\\\/fr\\\/author\\\/stefanie-zeng\\\/\"}]}<\/script>\n<!-- \/ Yoast SEO plugin. -->","yoast_head_json":{"title":"L'Arm\u00e9e suisse renforce sa collaboration avec Swisscom en faveur de la nouvelle plateforme de num\u00e9risation - Save","description":"L'Arm\u00e9e suisse renforce sa collaboration avec Swisscom en faveur de la nouvelle plate-forme de num\u00e9risation.","robots":{"index":"index","follow":"follow","max-snippet":"max-snippet:-1","max-image-preview":"max-image-preview:large","max-video-preview":"max-video-preview:-1"},"canonical":"https:\/\/news.save.ch\/fr\/schweizer-armee-staerkt-zusammenarbeit-mit-swisscom-zugunsten-der-neuen-digitalisierungsplattform\/","og_locale":"fr_FR","og_type":"article","og_title":"Schweizer Armee st\u00e4rkt Zusammenarbeit mit Swisscom zugunsten der Neuen Digitalisierungsplattform - Save","og_description":"Schweizer Armee st\u00e4rkt Zusammenarbeit mit Swisscom zugunsten der Neuen Digitalisierungsplattform.","og_url":"https:\/\/news.save.ch\/fr\/schweizer-armee-staerkt-zusammenarbeit-mit-swisscom-zugunsten-der-neuen-digitalisierungsplattform\/","og_site_name":"Save","article_published_time":"2025-04-08T13:27:31+00:00","article_modified_time":"2025-04-08T13:27:37+00:00","og_image":[{"width":1200,"height":800,"url":"https:\/\/news.save.ch\/wp-content\/uploads\/2025\/04\/7266_019-scaled.jpg","type":"image\/jpeg"}],"author":"stefanie Zeng","twitter_card":"summary_large_image","twitter_misc":{"\u00c9crit par":"stefanie Zeng","Dur\u00e9e de lecture estim\u00e9e":"2 minutes"},"schema":{"@context":"https:\/\/schema.org","@graph":[{"@type":"Article","@id":"https:\/\/news.save.ch\/schweizer-armee-staerkt-zusammenarbeit-mit-swisscom-zugunsten-der-neuen-digitalisierungsplattform\/#article","isPartOf":{"@id":"https:\/\/news.save.ch\/schweizer-armee-staerkt-zusammenarbeit-mit-swisscom-zugunsten-der-neuen-digitalisierungsplattform\/"},"author":{"name":"stefanie Zeng","@id":"https:\/\/news.save.ch\/de\/#\/schema\/person\/10917387362b3961e882740f6cf6f2a2"},"headline":"Schweizer Armee st\u00e4rkt Zusammenarbeit mit Swisscom zugunsten der Neuen Digitalisierungsplattform","datePublished":"2025-04-08T13:27:31+00:00","dateModified":"2025-04-08T13:27:37+00:00","mainEntityOfPage":{"@id":"https:\/\/news.save.ch\/schweizer-armee-staerkt-zusammenarbeit-mit-swisscom-zugunsten-der-neuen-digitalisierungsplattform\/"},"wordCount":251,"publisher":{"@id":"https:\/\/news.save.ch\/de\/#organization"},"image":{"@id":"https:\/\/news.save.ch\/schweizer-armee-staerkt-zusammenarbeit-mit-swisscom-zugunsten-der-neuen-digitalisierungsplattform\/#primaryimage"},"thumbnailUrl":"https:\/\/news.save.ch\/wp-content\/uploads\/2025\/04\/7266_019-scaled.jpg","keywords":["Cyberabwehr","Schweizer Armee","Swisscom (Schweiz) AG"],"articleSection":["DIGITALISIERUNG"],"inLanguage":"fr-FR"},{"@type":"WebPage","@id":"https:\/\/news.save.ch\/schweizer-armee-staerkt-zusammenarbeit-mit-swisscom-zugunsten-der-neuen-digitalisierungsplattform\/","url":"https:\/\/news.save.ch\/schweizer-armee-staerkt-zusammenarbeit-mit-swisscom-zugunsten-der-neuen-digitalisierungsplattform\/","name":"L'Arm\u00e9e suisse renforce sa collaboration avec Swisscom en faveur de la nouvelle plateforme de num\u00e9risation - Save","isPartOf":{"@id":"https:\/\/news.save.ch\/de\/#website"},"primaryImageOfPage":{"@id":"https:\/\/news.save.ch\/schweizer-armee-staerkt-zusammenarbeit-mit-swisscom-zugunsten-der-neuen-digitalisierungsplattform\/#primaryimage"},"image":{"@id":"https:\/\/news.save.ch\/schweizer-armee-staerkt-zusammenarbeit-mit-swisscom-zugunsten-der-neuen-digitalisierungsplattform\/#primaryimage"},"thumbnailUrl":"https:\/\/news.save.ch\/wp-content\/uploads\/2025\/04\/7266_019-scaled.jpg","datePublished":"2025-04-08T13:27:31+00:00","dateModified":"2025-04-08T13:27:37+00:00","description":"L'Arm\u00e9e suisse renforce sa collaboration avec Swisscom en faveur de la nouvelle plate-forme de num\u00e9risation.","breadcrumb":{"@id":"https:\/\/news.save.ch\/schweizer-armee-staerkt-zusammenarbeit-mit-swisscom-zugunsten-der-neuen-digitalisierungsplattform\/#breadcrumb"},"inLanguage":"fr-FR","potentialAction":[{"@type":"ReadAction","target":["https:\/\/news.save.ch\/schweizer-armee-staerkt-zusammenarbeit-mit-swisscom-zugunsten-der-neuen-digitalisierungsplattform\/"]}]},{"@type":"ImageObject","inLanguage":"fr-FR","@id":"https:\/\/news.save.ch\/schweizer-armee-staerkt-zusammenarbeit-mit-swisscom-zugunsten-der-neuen-digitalisierungsplattform\/#primaryimage","url":"https:\/\/news.save.ch\/wp-content\/uploads\/2025\/04\/7266_019-scaled.jpg","contentUrl":"https:\/\/news.save.ch\/wp-content\/uploads\/2025\/04\/7266_019-scaled.jpg"},{"@type":"BreadcrumbList","@id":"https:\/\/news.save.ch\/schweizer-armee-staerkt-zusammenarbeit-mit-swisscom-zugunsten-der-neuen-digitalisierungsplattform\/#breadcrumb","itemListElement":[{"@type":"ListItem","position":1,"name":"Home","item":"https:\/\/news.save.ch\/de\/"},{"@type":"ListItem","position":2,"name":"Schweizer Armee st\u00e4rkt Zusammenarbeit mit Swisscom zugunsten der Neuen Digitalisierungsplattform"}]},{"@type":"WebSite","@id":"https:\/\/news.save.ch\/de\/#website","url":"https:\/\/news.save.ch\/de\/","name":"Save","description":"Revue suisse sp\u00e9cialis\u00e9e dans la s\u00e9curit\u00e9","publisher":{"@id":"https:\/\/news.save.ch\/de\/#organization"},"potentialAction":[{"@type":"SearchAction","target":{"@type":"EntryPoint","urlTemplate":"https:\/\/news.save.ch\/de\/?s={search_term_string}"},"query-input":{"@type":"PropertyValueSpecification","valueRequired":true,"valueName":"search_term_string"}}],"inLanguage":"fr-FR"},{"@type":"Organization","@id":"https:\/\/news.save.ch\/de\/#organization","name":"Forum sur la s\u00e9curit\u00e9","url":"https:\/\/news.save.ch\/de\/","logo":{"@type":"ImageObject","inLanguage":"fr-FR","@id":"https:\/\/news.save.ch\/de\/#\/schema\/logo\/image\/","url":"https:\/\/news.save.ch\/wp-content\/uploads\/2022\/06\/Logo_SF_2012.png","contentUrl":"https:\/\/news.save.ch\/wp-content\/uploads\/2022\/06\/Logo_SF_2012.png","width":1100,"height":91,"caption":"Sicherheitsforum"},"image":{"@id":"https:\/\/news.save.ch\/de\/#\/schema\/logo\/image\/"}},{"@type":"Person","@id":"https:\/\/news.save.ch\/de\/#\/schema\/person\/10917387362b3961e882740f6cf6f2a2","name":"stefanie Zeng","image":{"@type":"ImageObject","inLanguage":"fr-FR","@id":"https:\/\/secure.gravatar.com\/avatar\/eac43faa6e40bb2c41068c95c9d78bbd94c476d5efdff7abaab80bb3ea681e06?s=96&d=mm&r=g","url":"https:\/\/secure.gravatar.com\/avatar\/eac43faa6e40bb2c41068c95c9d78bbd94c476d5efdff7abaab80bb3ea681e06?s=96&d=mm&r=g","contentUrl":"https:\/\/secure.gravatar.com\/avatar\/eac43faa6e40bb2c41068c95c9d78bbd94c476d5efdff7abaab80bb3ea681e06?s=96&d=mm&r=g","caption":"stefanie Zeng"},"url":"https:\/\/news.save.ch\/fr\/author\/stefanie-zeng\/"}]}},"_links":{"self":[{"href":"https:\/\/news.save.ch\/fr\/wp-json\/wp\/v2\/posts\/24155","targetHints":{"allow":["GET"]}}],"collection":[{"href":"https:\/\/news.save.ch\/fr\/wp-json\/wp\/v2\/posts"}],"about":[{"href":"https:\/\/news.save.ch\/fr\/wp-json\/wp\/v2\/types\/post"}],"author":[{"embeddable":true,"href":"https:\/\/news.save.ch\/fr\/wp-json\/wp\/v2\/users\/31"}],"replies":[{"embeddable":true,"href":"https:\/\/news.save.ch\/fr\/wp-json\/wp\/v2\/comments?post=24155"}],"version-history":[{"count":3,"href":"https:\/\/news.save.ch\/fr\/wp-json\/wp\/v2\/posts\/24155\/revisions"}],"predecessor-version":[{"id":24159,"href":"https:\/\/news.save.ch\/fr\/wp-json\/wp\/v2\/posts\/24155\/revisions\/24159"}],"wp:attachment":[{"href":"https:\/\/news.save.ch\/fr\/wp-json\/wp\/v2\/media?parent=24155"}],"wp:term":[{"taxonomy":"category","embeddable":true,"href":"https:\/\/news.save.ch\/fr\/wp-json\/wp\/v2\/categories?post=24155"},{"taxonomy":"post_tag","embeddable":true,"href":"https:\/\/news.save.ch\/fr\/wp-json\/wp\/v2\/tags?post=24155"}],"curies":[{"name":"wp","href":"https:\/\/api.w.org\/{rel}","templated":true}]}}