{"id":2419,"date":"2016-08-03T10:19:59","date_gmt":"2016-08-03T08:19:59","guid":{"rendered":"https:\/\/dev.sicherheitsforum.ch\/?p=2419"},"modified":"2016-08-03T10:19:59","modified_gmt":"2016-08-03T08:19:59","slug":"branchenforum-onvif-gibt-profile-q-frei","status":null,"type":"post","link":"https:\/\/news.save.ch\/fr\/branchenforum-onvif-gibt-profile-q-frei\/","title":{"rendered":"Le forum sectoriel ONVIF lance \"Profile Q"},"content":{"rendered":"<figure id=\"attachment_2420\" aria-describedby=\"caption-attachment-2420\" style=\"width: 680px\" class=\"wp-caption alignnone\"><img loading=\"lazy\" decoding=\"async\" class=\"size-medium wp-image-2420\" src=\"https:\/\/news.save.ch\/wp-content\/uploads\/2016\/12\/Branchenforum-ONVIF-gibt-22Profile-Q22-frei_sicherheitsforum-scaled-1.jpg\" alt=\"\" width=\"680\" height=\"454\" \/><figcaption id=\"caption-attachment-2420\" class=\"wp-caption-text\">Photo : depositphotos<\/figcaption><\/figure>\n<p><a href=\"https:\/\/www.onvif.org\" target=\"_blank\" rel=\"noreferrer noopener\" data-cke-saved-href=\"https:\/\/www.onvif.org\">ONVIF,<\/a> l'initiative de standardisation mondiale pour les produits de s\u00e9curit\u00e9 physiques bas\u00e9s sur IP, permet d\u00e9sormais, avec Profile Q, l'installation et la configuration simples et rapides d'appareils conformes \u00e0 l'ONVIF ainsi que des fonctions de s\u00e9curit\u00e9 \u00e9tendues, est-il indiqu\u00e9. Gr\u00e2ce aux fonctions pr\u00e9configur\u00e9es, Profile Q permet aux int\u00e9grateurs de syst\u00e8mes et aux utilisateurs finaux une installation et une configuration de base simples des appareils et simplifie l'installation et la connexion des syst\u00e8mes. En outre, la sp\u00e9cification prend en charge le protocole de communication s\u00e9curis\u00e9 Transport Layer Security (TLS), qui permet aux appareils ONVIF de communiquer avec les clients via un r\u00e9seau, \u00e0 l'abri des manipulations et des attaques d'interception, est-il pr\u00e9cis\u00e9.<\/p>\n<p>Profile Q a d\u00e9j\u00e0 le statut de Release Candidate depuis un certain temps, afin de permettre des tests dans l'industrie et un retour d'information appropri\u00e9 avant la sortie finale. \"La version finale de Profile Q permet aux int\u00e9grateurs et aux utilisateurs finaux de d\u00e9ployer rapidement et facilement des fonctions pr\u00e9configur\u00e9es entre les cam\u00e9ras conformes \u00e0 la norme ONVIF et les syst\u00e8mes de gestion vid\u00e9o\", explique Steven Dillingham, pr\u00e9sident du groupe de travail Profile Q de l'ONVIF.<\/p>","protected":false},"excerpt":{"rendered":"<p>ONVIF, die weltweite Standardisierungsinitiative f\u00fcr physische IP-basierte Sicherheitsprodukte, erm\u00f6gliche\u00a0neu mit Profile Q die einfache und schnelle Einrichtung und Konfiguration von ONVIF-konformen\u00a0Ger\u00e4ten sowie erweiterte Sicherheitsfunktionen, heisst es. Mit den vorkonfigurierten Funktionen erlaube\u00a0Profile Q Systemintegratoren und Endanwendern eine einfache Einrichtung und Basiskonfiguration der Ger\u00e4te und vereinfache die Installation und Verbindung von Systemen. Des weiteren unterst\u00fctze die Spezifikation [&hellip;]<\/p>\n","protected":false},"author":1,"featured_media":2420,"comment_status":"open","ping_status":"open","sticky":false,"template":"","format":"standard","meta":{"_acf_changed":false,"pgc_sgb_lightbox_settings":"","footnotes":""},"categories":[67],"tags":[246,247,157,78,158,90],"class_list":["post-2419","post","type-post","status-publish","format-standard","has-post-thumbnail","hentry","category-brandschutz","tag-normen","tag-standards","tag-video-security","tag-videoueberwachung","tag-zutrittskontrolle","tag-zutrittskontrollevideo-security"],"acf":[],"hkrextid":null,"publication":null,"issue":null,"workflow":null,"startPage":null,"spitzmarke":null,"_posts_by_tag_page_fields":{"widget_title":"","widget_tags":""},"_at_widget":"1","_yoast_wpseo_primary_category":"4","_yoast_wpseo_focuskw_text_input":"ONVIF","_yoast_wpseo_opengraph-image":"https:\/\/news.save.ch\/wp-content\/uploads\/2016\/12\/Branchenforum-ONVIF-gibt-22Profile-Q22-frei_sicherheitsforum.jpg","_yoast_wpseo_opengraph-description":"F\u00fcr den Industriestandard ONVIF wird die Spezifikation Profile Q f\u00fcr Schnellinstallation und erweiterte Sicherheit sofort freigegeben.","_yoast_wpseo_opengraph-title":"Branchenforum ONVIF gibt \"Profile Q\" frei","enclosure":null,"_yoast_wpseo_twitter-title":null,"_yoast_wpseo_twitter-description":null,"_yoast_wpseo_twitter-image":null,"_wp_old_slug":null,"_yoast_wpseo_title":null,"_yoast_wpseo_canonical":null,"yoast_head":"<!-- This site is optimized with the Yoast SEO plugin v27.4 - https:\/\/yoast.com\/product\/yoast-seo-wordpress\/ -->\n<title>Branchenforum ONVIF gibt &quot;Profile Q&quot; frei - Save<\/title>\n<meta name=\"description\" content=\"F\u00fcr den Industriestandard ONVIF wird die Spezifikation Profile Q f\u00fcr Schnellinstallation und erweiterte Sicherheit sofort freigegeben.\" \/>\n<meta name=\"robots\" content=\"index, follow, max-snippet:-1, max-image-preview:large, max-video-preview:-1\" \/>\n<link rel=\"canonical\" href=\"https:\/\/news.save.ch\/fr\/branchenforum-onvif-gibt-profile-q-frei\/\" \/>\n<meta property=\"og:locale\" content=\"fr_FR\" \/>\n<meta property=\"og:type\" content=\"article\" \/>\n<meta property=\"og:title\" content=\"Branchenforum ONVIF gibt &quot;Profile Q&quot; frei\" \/>\n<meta property=\"og:description\" content=\"F\u00fcr den Industriestandard ONVIF wird die Spezifikation Profile Q f\u00fcr Schnellinstallation und erweiterte Sicherheit sofort freigegeben.\" \/>\n<meta property=\"og:url\" content=\"https:\/\/news.save.ch\/fr\/branchenforum-onvif-gibt-profile-q-frei\/\" \/>\n<meta property=\"og:site_name\" content=\"Save\" \/>\n<meta property=\"article:published_time\" content=\"2016-08-03T08:19:59+00:00\" \/>\n<meta property=\"og:image\" content=\"https:\/\/news.save.ch\/wp-content\/uploads\/2016\/12\/Branchenforum-ONVIF-gibt-22Profile-Q22-frei_sicherheitsforum.jpg\" \/>\n<meta name=\"author\" content=\"admin\" \/>\n<meta name=\"twitter:card\" content=\"summary_large_image\" \/>\n<meta name=\"twitter:label1\" content=\"\u00c9crit par\" \/>\n\t<meta name=\"twitter:data1\" content=\"admin\" \/>\n\t<meta name=\"twitter:label2\" content=\"Dur\u00e9e de lecture estim\u00e9e\" \/>\n\t<meta name=\"twitter:data2\" content=\"1 minute\" \/>\n<script type=\"application\/ld+json\" class=\"yoast-schema-graph\">{\"@context\":\"https:\\\/\\\/schema.org\",\"@graph\":[{\"@type\":\"Article\",\"@id\":\"https:\\\/\\\/news.save.ch\\\/branchenforum-onvif-gibt-profile-q-frei\\\/#article\",\"isPartOf\":{\"@id\":\"https:\\\/\\\/news.save.ch\\\/branchenforum-onvif-gibt-profile-q-frei\\\/\"},\"author\":{\"name\":\"admin\",\"@id\":\"https:\\\/\\\/news.save.ch\\\/de\\\/#\\\/schema\\\/person\\\/d49e199490bad7c70d64b9ab51142f2b\"},\"headline\":\"Branchenforum ONVIF gibt &#8222;Profile Q&#8220; frei\",\"datePublished\":\"2016-08-03T08:19:59+00:00\",\"mainEntityOfPage\":{\"@id\":\"https:\\\/\\\/news.save.ch\\\/branchenforum-onvif-gibt-profile-q-frei\\\/\"},\"wordCount\":170,\"commentCount\":0,\"publisher\":{\"@id\":\"https:\\\/\\\/news.save.ch\\\/de\\\/#organization\"},\"image\":{\"@id\":\"https:\\\/\\\/news.save.ch\\\/branchenforum-onvif-gibt-profile-q-frei\\\/#primaryimage\"},\"thumbnailUrl\":\"https:\\\/\\\/news.save.ch\\\/wp-content\\\/uploads\\\/2016\\\/12\\\/Branchenforum-ONVIF-gibt-22Profile-Q22-frei_sicherheitsforum-scaled-1-scaled.jpg\",\"keywords\":[\"Normen\",\"Standards\",\"Video-Security\",\"Video\u00fcberwachung\",\"Zutrittskontrolle\",\"Zutrittskontrolle\\\/Video-Security\"],\"articleSection\":[\"BRANDSCHUTZ\"],\"inLanguage\":\"fr-FR\"},{\"@type\":\"WebPage\",\"@id\":\"https:\\\/\\\/news.save.ch\\\/branchenforum-onvif-gibt-profile-q-frei\\\/\",\"url\":\"https:\\\/\\\/news.save.ch\\\/branchenforum-onvif-gibt-profile-q-frei\\\/\",\"name\":\"Branchenforum ONVIF gibt \\\"Profile Q\\\" frei - Save\",\"isPartOf\":{\"@id\":\"https:\\\/\\\/news.save.ch\\\/de\\\/#website\"},\"primaryImageOfPage\":{\"@id\":\"https:\\\/\\\/news.save.ch\\\/branchenforum-onvif-gibt-profile-q-frei\\\/#primaryimage\"},\"image\":{\"@id\":\"https:\\\/\\\/news.save.ch\\\/branchenforum-onvif-gibt-profile-q-frei\\\/#primaryimage\"},\"thumbnailUrl\":\"https:\\\/\\\/news.save.ch\\\/wp-content\\\/uploads\\\/2016\\\/12\\\/Branchenforum-ONVIF-gibt-22Profile-Q22-frei_sicherheitsforum-scaled-1-scaled.jpg\",\"datePublished\":\"2016-08-03T08:19:59+00:00\",\"description\":\"F\u00fcr den Industriestandard ONVIF wird die Spezifikation Profile Q f\u00fcr Schnellinstallation und erweiterte Sicherheit sofort freigegeben.\",\"breadcrumb\":{\"@id\":\"https:\\\/\\\/news.save.ch\\\/branchenforum-onvif-gibt-profile-q-frei\\\/#breadcrumb\"},\"inLanguage\":\"fr-FR\",\"potentialAction\":[{\"@type\":\"ReadAction\",\"target\":[\"https:\\\/\\\/news.save.ch\\\/branchenforum-onvif-gibt-profile-q-frei\\\/\"]}]},{\"@type\":\"ImageObject\",\"inLanguage\":\"fr-FR\",\"@id\":\"https:\\\/\\\/news.save.ch\\\/branchenforum-onvif-gibt-profile-q-frei\\\/#primaryimage\",\"url\":\"https:\\\/\\\/news.save.ch\\\/wp-content\\\/uploads\\\/2016\\\/12\\\/Branchenforum-ONVIF-gibt-22Profile-Q22-frei_sicherheitsforum-scaled-1-scaled.jpg\",\"contentUrl\":\"https:\\\/\\\/news.save.ch\\\/wp-content\\\/uploads\\\/2016\\\/12\\\/Branchenforum-ONVIF-gibt-22Profile-Q22-frei_sicherheitsforum-scaled-1-scaled.jpg\",\"width\":1400,\"height\":934,\"caption\":\"Foto: depositphotos\"},{\"@type\":\"BreadcrumbList\",\"@id\":\"https:\\\/\\\/news.save.ch\\\/branchenforum-onvif-gibt-profile-q-frei\\\/#breadcrumb\",\"itemListElement\":[{\"@type\":\"ListItem\",\"position\":1,\"name\":\"Home\",\"item\":\"https:\\\/\\\/news.save.ch\\\/de\\\/\"},{\"@type\":\"ListItem\",\"position\":2,\"name\":\"Branchenforum ONVIF gibt &#8222;Profile Q&#8220; frei\"}]},{\"@type\":\"WebSite\",\"@id\":\"https:\\\/\\\/news.save.ch\\\/de\\\/#website\",\"url\":\"https:\\\/\\\/news.save.ch\\\/de\\\/\",\"name\":\"Save\",\"description\":\"Schweizer Fachzeitschrift f\u00fcr Sicherheit\",\"publisher\":{\"@id\":\"https:\\\/\\\/news.save.ch\\\/de\\\/#organization\"},\"potentialAction\":[{\"@type\":\"SearchAction\",\"target\":{\"@type\":\"EntryPoint\",\"urlTemplate\":\"https:\\\/\\\/news.save.ch\\\/de\\\/?s={search_term_string}\"},\"query-input\":{\"@type\":\"PropertyValueSpecification\",\"valueRequired\":true,\"valueName\":\"search_term_string\"}}],\"inLanguage\":\"fr-FR\"},{\"@type\":\"Organization\",\"@id\":\"https:\\\/\\\/news.save.ch\\\/de\\\/#organization\",\"name\":\"Sicherheitsforum\",\"url\":\"https:\\\/\\\/news.save.ch\\\/de\\\/\",\"logo\":{\"@type\":\"ImageObject\",\"inLanguage\":\"fr-FR\",\"@id\":\"https:\\\/\\\/news.save.ch\\\/de\\\/#\\\/schema\\\/logo\\\/image\\\/\",\"url\":\"https:\\\/\\\/news.save.ch\\\/wp-content\\\/uploads\\\/2022\\\/06\\\/Logo_SF_2012.png\",\"contentUrl\":\"https:\\\/\\\/news.save.ch\\\/wp-content\\\/uploads\\\/2022\\\/06\\\/Logo_SF_2012.png\",\"width\":1100,\"height\":91,\"caption\":\"Sicherheitsforum\"},\"image\":{\"@id\":\"https:\\\/\\\/news.save.ch\\\/de\\\/#\\\/schema\\\/logo\\\/image\\\/\"}},{\"@type\":\"Person\",\"@id\":\"https:\\\/\\\/news.save.ch\\\/de\\\/#\\\/schema\\\/person\\\/d49e199490bad7c70d64b9ab51142f2b\",\"name\":\"admin\",\"image\":{\"@type\":\"ImageObject\",\"inLanguage\":\"fr-FR\",\"@id\":\"https:\\\/\\\/secure.gravatar.com\\\/avatar\\\/ae2f4d718e6c49043e314ce431e7e645d646302a24a5ef5a8bc8e3f5a032e319?s=96&d=mm&r=g\",\"url\":\"https:\\\/\\\/secure.gravatar.com\\\/avatar\\\/ae2f4d718e6c49043e314ce431e7e645d646302a24a5ef5a8bc8e3f5a032e319?s=96&d=mm&r=g\",\"contentUrl\":\"https:\\\/\\\/secure.gravatar.com\\\/avatar\\\/ae2f4d718e6c49043e314ce431e7e645d646302a24a5ef5a8bc8e3f5a032e319?s=96&d=mm&r=g\",\"caption\":\"admin\"},\"sameAs\":[\"https:\\\/\\\/develop.organisator.galledia.ch\"],\"url\":\"https:\\\/\\\/news.save.ch\\\/fr\\\/author\\\/admin\\\/\"}]}<\/script>\n<!-- \/ Yoast SEO plugin. -->","yoast_head_json":{"title":"Le forum sectoriel ONVIF lance \"Profile Q\" - Save","description":"Pour la norme industrielle ONVIF, la sp\u00e9cification Profile Q pour l'installation rapide et la s\u00e9curit\u00e9 avanc\u00e9e est imm\u00e9diatement publi\u00e9e.","robots":{"index":"index","follow":"follow","max-snippet":"max-snippet:-1","max-image-preview":"max-image-preview:large","max-video-preview":"max-video-preview:-1"},"canonical":"https:\/\/news.save.ch\/fr\/branchenforum-onvif-gibt-profile-q-frei\/","og_locale":"fr_FR","og_type":"article","og_title":"Branchenforum ONVIF gibt \"Profile Q\" frei","og_description":"F\u00fcr den Industriestandard ONVIF wird die Spezifikation Profile Q f\u00fcr Schnellinstallation und erweiterte Sicherheit sofort freigegeben.","og_url":"https:\/\/news.save.ch\/fr\/branchenforum-onvif-gibt-profile-q-frei\/","og_site_name":"Save","article_published_time":"2016-08-03T08:19:59+00:00","og_image":[{"url":"https:\/\/news.save.ch\/wp-content\/uploads\/2016\/12\/Branchenforum-ONVIF-gibt-22Profile-Q22-frei_sicherheitsforum.jpg","type":"","width":"","height":""}],"author":"admin","twitter_card":"summary_large_image","twitter_misc":{"\u00c9crit par":"admin","Dur\u00e9e de lecture estim\u00e9e":"1 minute"},"schema":{"@context":"https:\/\/schema.org","@graph":[{"@type":"Article","@id":"https:\/\/news.save.ch\/branchenforum-onvif-gibt-profile-q-frei\/#article","isPartOf":{"@id":"https:\/\/news.save.ch\/branchenforum-onvif-gibt-profile-q-frei\/"},"author":{"name":"admin","@id":"https:\/\/news.save.ch\/de\/#\/schema\/person\/d49e199490bad7c70d64b9ab51142f2b"},"headline":"Branchenforum ONVIF gibt &#8222;Profile Q&#8220; frei","datePublished":"2016-08-03T08:19:59+00:00","mainEntityOfPage":{"@id":"https:\/\/news.save.ch\/branchenforum-onvif-gibt-profile-q-frei\/"},"wordCount":170,"commentCount":0,"publisher":{"@id":"https:\/\/news.save.ch\/de\/#organization"},"image":{"@id":"https:\/\/news.save.ch\/branchenforum-onvif-gibt-profile-q-frei\/#primaryimage"},"thumbnailUrl":"https:\/\/news.save.ch\/wp-content\/uploads\/2016\/12\/Branchenforum-ONVIF-gibt-22Profile-Q22-frei_sicherheitsforum-scaled-1-scaled.jpg","keywords":["Normen","Standards","Video-Security","Video\u00fcberwachung","Zutrittskontrolle","Zutrittskontrolle\/Video-Security"],"articleSection":["BRANDSCHUTZ"],"inLanguage":"fr-FR"},{"@type":"WebPage","@id":"https:\/\/news.save.ch\/branchenforum-onvif-gibt-profile-q-frei\/","url":"https:\/\/news.save.ch\/branchenforum-onvif-gibt-profile-q-frei\/","name":"Le forum sectoriel ONVIF lance \"Profile Q\" - Save","isPartOf":{"@id":"https:\/\/news.save.ch\/de\/#website"},"primaryImageOfPage":{"@id":"https:\/\/news.save.ch\/branchenforum-onvif-gibt-profile-q-frei\/#primaryimage"},"image":{"@id":"https:\/\/news.save.ch\/branchenforum-onvif-gibt-profile-q-frei\/#primaryimage"},"thumbnailUrl":"https:\/\/news.save.ch\/wp-content\/uploads\/2016\/12\/Branchenforum-ONVIF-gibt-22Profile-Q22-frei_sicherheitsforum-scaled-1-scaled.jpg","datePublished":"2016-08-03T08:19:59+00:00","description":"Pour la norme industrielle ONVIF, la sp\u00e9cification Profile Q pour l'installation rapide et la s\u00e9curit\u00e9 avanc\u00e9e est imm\u00e9diatement publi\u00e9e.","breadcrumb":{"@id":"https:\/\/news.save.ch\/branchenforum-onvif-gibt-profile-q-frei\/#breadcrumb"},"inLanguage":"fr-FR","potentialAction":[{"@type":"ReadAction","target":["https:\/\/news.save.ch\/branchenforum-onvif-gibt-profile-q-frei\/"]}]},{"@type":"ImageObject","inLanguage":"fr-FR","@id":"https:\/\/news.save.ch\/branchenforum-onvif-gibt-profile-q-frei\/#primaryimage","url":"https:\/\/news.save.ch\/wp-content\/uploads\/2016\/12\/Branchenforum-ONVIF-gibt-22Profile-Q22-frei_sicherheitsforum-scaled-1-scaled.jpg","contentUrl":"https:\/\/news.save.ch\/wp-content\/uploads\/2016\/12\/Branchenforum-ONVIF-gibt-22Profile-Q22-frei_sicherheitsforum-scaled-1-scaled.jpg","width":1400,"height":934,"caption":"Foto: depositphotos"},{"@type":"BreadcrumbList","@id":"https:\/\/news.save.ch\/branchenforum-onvif-gibt-profile-q-frei\/#breadcrumb","itemListElement":[{"@type":"ListItem","position":1,"name":"Home","item":"https:\/\/news.save.ch\/de\/"},{"@type":"ListItem","position":2,"name":"Branchenforum ONVIF gibt &#8222;Profile Q&#8220; frei"}]},{"@type":"WebSite","@id":"https:\/\/news.save.ch\/de\/#website","url":"https:\/\/news.save.ch\/de\/","name":"Save","description":"Revue suisse sp\u00e9cialis\u00e9e dans la s\u00e9curit\u00e9","publisher":{"@id":"https:\/\/news.save.ch\/de\/#organization"},"potentialAction":[{"@type":"SearchAction","target":{"@type":"EntryPoint","urlTemplate":"https:\/\/news.save.ch\/de\/?s={search_term_string}"},"query-input":{"@type":"PropertyValueSpecification","valueRequired":true,"valueName":"search_term_string"}}],"inLanguage":"fr-FR"},{"@type":"Organization","@id":"https:\/\/news.save.ch\/de\/#organization","name":"Forum sur la s\u00e9curit\u00e9","url":"https:\/\/news.save.ch\/de\/","logo":{"@type":"ImageObject","inLanguage":"fr-FR","@id":"https:\/\/news.save.ch\/de\/#\/schema\/logo\/image\/","url":"https:\/\/news.save.ch\/wp-content\/uploads\/2022\/06\/Logo_SF_2012.png","contentUrl":"https:\/\/news.save.ch\/wp-content\/uploads\/2022\/06\/Logo_SF_2012.png","width":1100,"height":91,"caption":"Sicherheitsforum"},"image":{"@id":"https:\/\/news.save.ch\/de\/#\/schema\/logo\/image\/"}},{"@type":"Person","@id":"https:\/\/news.save.ch\/de\/#\/schema\/person\/d49e199490bad7c70d64b9ab51142f2b","name":"admin","image":{"@type":"ImageObject","inLanguage":"fr-FR","@id":"https:\/\/secure.gravatar.com\/avatar\/ae2f4d718e6c49043e314ce431e7e645d646302a24a5ef5a8bc8e3f5a032e319?s=96&d=mm&r=g","url":"https:\/\/secure.gravatar.com\/avatar\/ae2f4d718e6c49043e314ce431e7e645d646302a24a5ef5a8bc8e3f5a032e319?s=96&d=mm&r=g","contentUrl":"https:\/\/secure.gravatar.com\/avatar\/ae2f4d718e6c49043e314ce431e7e645d646302a24a5ef5a8bc8e3f5a032e319?s=96&d=mm&r=g","caption":"admin"},"sameAs":["https:\/\/develop.organisator.galledia.ch"],"url":"https:\/\/news.save.ch\/fr\/author\/admin\/"}]}},"_links":{"self":[{"href":"https:\/\/news.save.ch\/fr\/wp-json\/wp\/v2\/posts\/2419","targetHints":{"allow":["GET"]}}],"collection":[{"href":"https:\/\/news.save.ch\/fr\/wp-json\/wp\/v2\/posts"}],"about":[{"href":"https:\/\/news.save.ch\/fr\/wp-json\/wp\/v2\/types\/post"}],"author":[{"embeddable":true,"href":"https:\/\/news.save.ch\/fr\/wp-json\/wp\/v2\/users\/1"}],"replies":[{"embeddable":true,"href":"https:\/\/news.save.ch\/fr\/wp-json\/wp\/v2\/comments?post=2419"}],"version-history":[{"count":0,"href":"https:\/\/news.save.ch\/fr\/wp-json\/wp\/v2\/posts\/2419\/revisions"}],"wp:featuredmedia":[{"embeddable":true,"href":"https:\/\/news.save.ch\/fr\/wp-json\/wp\/v2\/media\/2420"}],"wp:attachment":[{"href":"https:\/\/news.save.ch\/fr\/wp-json\/wp\/v2\/media?parent=2419"}],"wp:term":[{"taxonomy":"category","embeddable":true,"href":"https:\/\/news.save.ch\/fr\/wp-json\/wp\/v2\/categories?post=2419"},{"taxonomy":"post_tag","embeddable":true,"href":"https:\/\/news.save.ch\/fr\/wp-json\/wp\/v2\/tags?post=2419"}],"curies":[{"name":"wp","href":"https:\/\/api.w.org\/{rel}","templated":true}]}}