{"id":24218,"date":"2025-04-30T08:32:21","date_gmt":"2025-04-30T06:32:21","guid":{"rendered":"https:\/\/news.save.ch\/?p=24218"},"modified":"2025-04-30T08:32:21","modified_gmt":"2025-04-30T06:32:21","slug":"deutlicher-anstieg-bei-fernmeldeueberwachung-in-der-schweiz-im-jahr-2024","status":null,"type":"post","link":"https:\/\/news.save.ch\/fr\/deutlicher-anstieg-bei-fernmeldeueberwachung-in-der-schweiz-im-jahr-2024\/","title":{"rendered":"Nette augmentation de la surveillance des t\u00e9l\u00e9communications en Suisse en 2024"},"content":{"rendered":"<figure id=\"attachment_24219\" aria-describedby=\"caption-attachment-24219\" style=\"width: 1000px\" class=\"wp-caption alignnone\"><a href=\"https:\/\/news.save.ch\/fr\/deutlicher-anstieg-bei-fernmeldeueberwachung-in-der-schweiz-im-jahr-2024\/depositphotos_192443694_s\/\" rel=\"attachment wp-att-24219\"><img loading=\"lazy\" decoding=\"async\" class=\"size-full wp-image-24219\" src=\"https:\/\/news.save.ch\/wp-content\/uploads\/2025\/04\/Depositphotos_192443694_S.jpg\" alt=\"\" width=\"1000\" height=\"668\" srcset=\"https:\/\/news.save.ch\/wp-content\/uploads\/2025\/04\/Depositphotos_192443694_S.jpg 1000w, https:\/\/news.save.ch\/wp-content\/uploads\/2025\/04\/Depositphotos_192443694_S-680x454.jpg 680w, https:\/\/news.save.ch\/wp-content\/uploads\/2025\/04\/Depositphotos_192443694_S-768x513.jpg 768w, https:\/\/news.save.ch\/wp-content\/uploads\/2025\/04\/Depositphotos_192443694_S-18x12.jpg 18w, https:\/\/news.save.ch\/wp-content\/uploads\/2025\/04\/Depositphotos_192443694_S-375x251.jpg 375w, https:\/\/news.save.ch\/wp-content\/uploads\/2025\/04\/Depositphotos_192443694_S-524x350.jpg 524w\" sizes=\"auto, (max-width: 1000px) 100vw, 1000px\" \/><\/a><figcaption id=\"caption-attachment-24219\" class=\"wp-caption-text\">Photo : Depositphotos\/stevanovicigor<\/figcaption><\/figure>\n<p class=\"\" data-start=\"735\" data-end=\"1231\">La surveillance des t\u00e9l\u00e9communications s'est nettement d\u00e9velopp\u00e9e en Suisse en 2024. Selon les derni\u00e8res statistiques du Service de surveillance de la correspondance par poste et t\u00e9l\u00e9communication (SSCPT), il y a eu une augmentation consid\u00e9rable de presque toutes les cat\u00e9gories de mesures de surveillance par rapport \u00e0 l'ann\u00e9e pr\u00e9c\u00e9dente. Fait particuli\u00e8rement frappant : le nombre de recherches dites par antennes a doubl\u00e9 - un indicateur significatif de l'utilisation croissante de moyens techniques pour la localisation et la densification des soup\u00e7ons.<\/p>\n<blockquote>\n<p data-start=\"735\" data-end=\"1231\"><strong data-start=\"165\" data-end=\"412\">\"L'augmentation marqu\u00e9e des surveillances de t\u00e9l\u00e9communications en 2024 montre que les instruments d'investigation num\u00e9riques ne sont plus un sujet marginal depuis longtemps - ils sont aujourd'hui un outil central dans la lutte contre le crime organis\u00e9 et les infractions graves\".<\/strong><br data-start=\"412\" data-end=\"415\" \/><em data-start=\"417\" data-end=\"464\">Jean-Louis Biberstein, chef adjoint du service \u00dcPF<\/em><\/p>\n<\/blockquote>\n<p class=\"\" data-start=\"1233\" data-end=\"1714\">Les surveillances classiques en temps r\u00e9el ont \u00e9galement augment\u00e9 de 45 % pour atteindre 1 818 cas (1 244 en 2023). Les surveillances r\u00e9troactives - par exemple pour \u00e9lucider a posteriori l'historique des communications - se sont \u00e9lev\u00e9es \u00e0 6 149 cas, soit une augmentation d'environ 25 % par rapport \u00e0 2023 (4 957). Le nombre de recherches d'urgence, c'est-\u00e0-dire de surveillances visant \u00e0 localiser des personnes disparues, a \u00e9galement augment\u00e9 pour atteindre 1 223 (2023 : 1 022). Seul le nombre de recherches polici\u00e8res (35) est rest\u00e9 l\u00e9g\u00e8rement inf\u00e9rieur \u00e0 celui de l'ann\u00e9e pr\u00e9c\u00e9dente (37).<\/p>\n<h3 data-start=\"1721\" data-end=\"1778\"><strong data-start=\"1721\" data-end=\"1778\">Acc\u00e8s aux donn\u00e9es : Augmentation massive des demandes de renseignements<\/strong><\/h3>\n<p class=\"\" data-start=\"1780\" data-end=\"2402\">Outre la surveillance active, la collecte passive de donn\u00e9es par le biais de renseignements simples et complexes a \u00e9galement fortement augment\u00e9. Au total, 495 119 renseignements simples (par exemple adresses IP ou donn\u00e9es d'abonn\u00e9s) ont \u00e9t\u00e9 fournis, soit une augmentation d'environ 18 %. Toutefois, l'augmentation a \u00e9t\u00e9 particuli\u00e8rement marqu\u00e9e pour les renseignements complexes, comme les donn\u00e9es contractuelles ou les copies de pi\u00e8ces d'identit\u00e9 : Avec 32 225 renseignements fournis, leur nombre a augment\u00e9 d'environ 55 % par rapport \u00e0 2023 (20 800). Dans l'ensemble, on a constat\u00e9 qu'une seule demande donnait souvent lieu \u00e0 plusieurs renseignements, ce qui t\u00e9moigne de la complexit\u00e9 accrue des proc\u00e9dures d'enqu\u00eate.<\/p>\n<h3 data-start=\"2409\" data-end=\"2480\"><strong data-start=\"2409\" data-end=\"2480\">Types de d\u00e9lits : focalisation de la surveillance sur les infractions contre le patrimoine et les actes de violence<\/strong><\/h3>\n<p class=\"\" data-start=\"2482\" data-end=\"3154\">Une analyse du contenu des ordres de surveillance montre qu'en 2024, l'accent a \u00e9t\u00e9 mis sur les infractions contre le patrimoine : elles repr\u00e9sentent 43 % de toutes les surveillances en temps r\u00e9el et r\u00e9troactives, soit trois fois plus que l'ann\u00e9e pr\u00e9c\u00e9dente. Les infractions contre la vie et l'int\u00e9grit\u00e9 corporelle (19 %) ont \u00e9galement plus que doubl\u00e9. Les infractions graves \u00e0 la loi sur les stup\u00e9fiants repr\u00e9sentent 10 % des surveillances - l\u00e0 aussi, les mesures ont augment\u00e9 de plus de 15 %. Des pourcentages plus faibles, mais \u00e9galement significatifs, concernent les recherches d'urgence (6 %), les d\u00e9lits contre la libert\u00e9 (3 %) et l'ordre public (2 %), ces derniers ayant presque doubl\u00e9 par rapport \u00e0 2023.<\/p>\n<h3 data-start=\"3161\" data-end=\"3214\"><strong data-start=\"3161\" data-end=\"3214\">IMSI-Catcher et GovWare : l'utilisation de la technique augmente<\/strong><\/h3>\n<p class=\"\" data-start=\"3216\" data-end=\"3732\">La profondeur technique des mesures de surveillance s'approfondit \u00e9galement. L'utilisation de ce que l'on appelle les IMSI-catchers - des appareils qui enregistrent localement les connexions de t\u00e9l\u00e9phonie mobile - a augment\u00e9 pour atteindre 171 cas (ann\u00e9e pr\u00e9c\u00e9dente : 160). Ils ont \u00e9t\u00e9 particuli\u00e8rement utilis\u00e9s dans le cadre de recherches d'urgence (67 cas) et de d\u00e9lits graves en mati\u00e8re de stup\u00e9fiants (53 cas). L'utilisation de programmes informatiques sp\u00e9ciaux autoris\u00e9s par l'Etat, appel\u00e9s GovWare, a \u00e9galement l\u00e9g\u00e8rement augment\u00e9 : 12 utilisations ont \u00e9t\u00e9 enregistr\u00e9es en 2024 (ann\u00e9e pr\u00e9c\u00e9dente : 9), principalement pour des infractions graves en mati\u00e8re de drogue.<\/p>\n<h3 data-start=\"3739\" data-end=\"3796\"><strong data-start=\"3739\" data-end=\"3796\">Le service de renseignement conna\u00eet une nette augmentation de son activit\u00e9<\/strong><\/h3>\n<p class=\"\" data-start=\"3798\" data-end=\"4327\">Le Service de renseignement de la Conf\u00e9d\u00e9ration (SRC) a \u00e9galement nettement intensifi\u00e9 ses activit\u00e9s. En 2024, 106 surveillances ont \u00e9t\u00e9 effectu\u00e9es, contre 46 l'ann\u00e9e pr\u00e9c\u00e9dente. Le nombre de demandes de renseignements s'est \u00e9lev\u00e9 \u00e0 12 789 (ann\u00e9e pr\u00e9c\u00e9dente : 11 498) et le nombre de renseignements fournis \u00e0 15 241 (ann\u00e9e pr\u00e9c\u00e9dente : 13 991). En raison de m\u00e9thodes de comptage diff\u00e9rentes, les comparaisons directes avec les chiffres du service \u00dcPF ne sont toutefois que partiellement pertinentes. Alors que le service \u00dcPF compte par mandat technique, le SRC recense les mesures par cas individuel.<\/p>\n<h3 data-start=\"4334\" data-end=\"4382\"><strong data-start=\"4334\" data-end=\"4382\">Cadre juridique et financier<\/strong><\/h3>\n<p class=\"\" data-start=\"4384\" data-end=\"4786\">Toutes les mesures de surveillance n\u00e9cessitent l'autorisation d'un juge. Pour les autorit\u00e9s de poursuite p\u00e9nale, celle-ci est effectu\u00e9e par le tribunal des mesures de contrainte, pour le SRC par le Tribunal administratif f\u00e9d\u00e9ral et le DDPS. En tant qu'autorit\u00e9 d'ex\u00e9cution, le service \u00dcPF se charge de l'examen des conditions formelles et coordonne la mise en \u0153uvre technique avec les personnes soumises \u00e0 l'obligation de collaborer (MWP), comme les fournisseurs de t\u00e9l\u00e9communications.<\/p>\n<p class=\"\" data-start=\"4788\" data-end=\"5399\">Avec l'entr\u00e9e en vigueur de la nouvelle ordonnance de financement OSPT au 1er janvier 2024, le mod\u00e8le d'\u00e9moluments a \u00e9t\u00e9 r\u00e9form\u00e9 en profondeur. Au lieu de percevoir des \u00e9moluments en fonction de l'utilisation, chaque canton participe d\u00e9sormais de mani\u00e8re forfaitaire aux co\u00fbts de surveillance. Pour l'ann\u00e9e 2024, 24 millions de francs ont \u00e9t\u00e9 factur\u00e9s aux cantons. Les MWP ont re\u00e7u des indemnit\u00e9s d'un montant d'environ 6,3 millions de francs. Les charges totales du service \u00dcPF se sont \u00e9lev\u00e9es \u00e0 46,7 millions de francs - une nette augmentation par rapport aux 36,1 millions de l'ann\u00e9e pr\u00e9c\u00e9dente. Le taux de couverture des co\u00fbts a augment\u00e9 en cons\u00e9quence, passant de 39 \u00e0 54 pour cent.<\/p>\n<h3 data-start=\"5406\" data-end=\"5478\"><strong data-start=\"5406\" data-end=\"5478\">Conclusion : la surveillance num\u00e9rique devient un instrument d'enqu\u00eate central<\/strong><\/h3>\n<p class=\"\" data-start=\"5480\" data-end=\"5919\">Les chiffres pour l'ann\u00e9e 2024 montrent une tendance claire : la surveillance num\u00e9rique des t\u00e9l\u00e9communications s'est \u00e9tablie comme partie int\u00e9grante de la poursuite p\u00e9nale et de la pr\u00e9vention des dangers en Suisse, tant du point de vue quantitatif que qualitatif. Tant la complexit\u00e9 technique que la fr\u00e9quence des interventions augmentent. La tendance est particuli\u00e8rement nette pour les mesures prises contre les d\u00e9lits contre le patrimoine et les actes de violence ainsi que pour les op\u00e9rations de recherche de personnes disparues.<\/p>\n<p class=\"\" data-start=\"5921\" data-end=\"6237\">Dans le contexte de l'augmentation de la cybercriminalit\u00e9, de la complexit\u00e9 des r\u00e9seaux criminels et des exigences croissantes en mati\u00e8re de poursuite p\u00e9nale, l'importance des syst\u00e8mes de surveillance intelligents devrait continuer \u00e0 cro\u00eetre dans les ann\u00e9es \u00e0 venir, mais toujours dans le respect des limites de l'\u00c9tat de droit et du contr\u00f4le judiciaire.<\/p>\n<p>&nbsp;<\/p>\n<div class=\"greybox\">\n<h2 id=\"doc-1iq02hn6n0\" class=\"h2\">Glossaire<\/h2>\n<h3 id=\"doc-1iq02ij6v0\" class=\"h3\">Surveillance en temps r\u00e9el<\/h3>\n<p id=\"doc-1iq02jqhf0\" class=\"font--regular\">Une surveillance en temps r\u00e9el est la transmission simultan\u00e9e, l\u00e9g\u00e8rement retard\u00e9e ou p\u00e9riodique des donn\u00e9es de trafic postal ou de t\u00e9l\u00e9communication ; par exemple, les surveillances de t\u00e9l\u00e9phone ou de courrier \u00e9lectronique (\u00e9coute des appels t\u00e9l\u00e9phoniques ou lecture des courriers \u00e9lectroniques).<\/p>\n<h3 id=\"doc-1iq02jthv0\" class=\"h3\">Surveillance r\u00e9troactive<\/h3>\n<p id=\"doc-1iq02kul00\" class=\"font--regular\">Une surveillance r\u00e9troactive comprend les donn\u00e9es relatives \u00e0 qui a \u00e9t\u00e9 en contact avec qui, quand, comment, pendant combien de temps et \u00e0 partir de quel endroit, pour une p\u00e9riode remontant \u00e0 six mois au maximum.<\/p>\n<h3 id=\"doc-1iq02l3pf0\" class=\"h3\">Recherche d'antennes<\/h3>\n<p id=\"doc-1iq02lmh90\" class=\"font--regular\">Une recherche d'antennes comprend la surveillance r\u00e9trospective de toutes les communications, tentatives de communication et acc\u00e8s au r\u00e9seau qui se sont produits \u00e0 un endroit donn\u00e9 via des cellules de t\u00e9l\u00e9phonie mobile sp\u00e9cifiques pendant une p\u00e9riode donn\u00e9e.<\/p>\n<h3 id=\"doc-1iq02lu2m0\" class=\"h3\">Avis de recherche<\/h3>\n<p id=\"doc-1iq02mhru0\" class=\"font--regular\">Dans le cadre d'une recherche, les autorit\u00e9s de poursuite p\u00e9nale peuvent retrouver des personnes contre lesquelles une peine privative de libert\u00e9 a \u00e9t\u00e9 prononc\u00e9e ou une mesure privative de libert\u00e9 a \u00e9t\u00e9 ordonn\u00e9e par une d\u00e9cision ex\u00e9cutoire et d\u00e9finitive.<\/p>\n<h3 id=\"doc-1iq02mkaf0\" class=\"h3\">Recherche d'urgence<\/h3>\n<p id=\"doc-1iq02n0lu0\" class=\"font--regular\">En dehors des proc\u00e9dures p\u00e9nales, des mesures de surveillance des t\u00e9l\u00e9communications peuvent \u00eatre ordonn\u00e9es afin de retrouver et de sauver des personnes disparues, comme des randonneurs accident\u00e9s ou des enfants disparus.<\/p>\n<h3 id=\"doc-1iq02ncvm0\" class=\"h3\">Renseignements simples<\/h3>\n<p id=\"doc-1iq02o5fu0\" class=\"font--regular\">Les renseignements simples peuvent \u00eatre des informations de base sur les lignes d'abonn\u00e9s (consultation de l'annuaire t\u00e9l\u00e9phonique) ou peuvent permettre aux autorit\u00e9s de r\u00e9pondre \u00e0 des questions telles que \"Quels sont les num\u00e9ros de t\u00e9l\u00e9phone enregistr\u00e9s au nom d'une personne donn\u00e9e ?\" fournissent des renseignements.<\/p>\n<h3 id=\"doc-1iq02ogkp0\" class=\"h3\">Renseignements complexes<\/h3>\n<p id=\"doc-1iq02p1if0\" class=\"font--regular\">Les renseignements complexes (anciennement renseignements technico-administratifs) fournissent des informations plus d\u00e9taill\u00e9es sur les raccordements de t\u00e9l\u00e9communication, comme des copies de contrats ou de pi\u00e8ces d'identit\u00e9.<\/p>\n<\/div>","protected":false},"excerpt":{"rendered":"<p>Die Fernmelde\u00fcberwachung hat sich in der Schweiz im Jahr 2024 deutlich ausgeweitet. Laut der aktuellen Statistik des Dienstes \u00dcberwachung Post- und Fernmeldeverkehr (Dienst \u00dcPF) kam es im Vergleich zum Vorjahr zu erheblichen Zuw\u00e4chsen bei nahezu allen Kategorien von \u00dcberwachungsmassnahmen. Besonders auff\u00e4llig: Die Anzahl der sogenannten Antennensuchl\u00e4ufe hat sich verdoppelt \u2013 ein signifikanter Indikator f\u00fcr die [&hellip;]<\/p>\n","protected":false},"author":31,"featured_media":0,"comment_status":"closed","ping_status":"closed","sticky":false,"template":"","format":"standard","meta":{"_acf_changed":false,"pgc_sgb_lightbox_settings":"","footnotes":""},"categories":[3312],"tags":[641,642,3847],"class_list":["post-24218","post","type-post","status-publish","format-standard","hentry","category-sicherheit","tag-echtzeitueberwachung","tag-fernmeldeueberwachung","tag-fernueberwachung"],"acf":[],"hkrextid":null,"publication":null,"issue":null,"workflow":null,"startPage":null,"spitzmarke":null,"_posts_by_tag_page_fields":null,"_at_widget":null,"_yoast_wpseo_primary_category":"3312","_yoast_wpseo_focuskw_text_input":null,"_yoast_wpseo_opengraph-image":null,"_yoast_wpseo_opengraph-description":null,"_yoast_wpseo_opengraph-title":null,"enclosure":null,"_yoast_wpseo_twitter-title":null,"_yoast_wpseo_twitter-description":null,"_yoast_wpseo_twitter-image":null,"_wp_old_slug":null,"_yoast_wpseo_title":null,"_yoast_wpseo_canonical":null,"yoast_head":"<!-- This site is optimized with the Yoast SEO plugin v27.5 - https:\/\/yoast.com\/product\/yoast-seo-wordpress\/ -->\n<title>Deutlicher Anstieg bei Fernmelde\u00fcberwachung in der Schweiz im Jahr 2024 - Save<\/title>\n<meta name=\"description\" content=\"Anstieg bei Fernmelde\u00fcberwachungsmassnahmen 2024: Besonders ins Gewicht fallen eine Verdoppelung der Antennensuchl\u00e4ufe sowie starke Zunahmen bei Echtzeit- und r\u00fcckwirkender \u00dcberwachung.\" \/>\n<meta name=\"robots\" content=\"index, follow, max-snippet:-1, max-image-preview:large, max-video-preview:-1\" \/>\n<link rel=\"canonical\" href=\"https:\/\/news.save.ch\/fr\/deutlicher-anstieg-bei-fernmeldeueberwachung-in-der-schweiz-im-jahr-2024\/\" \/>\n<meta property=\"og:locale\" content=\"fr_FR\" \/>\n<meta property=\"og:type\" content=\"article\" \/>\n<meta property=\"og:title\" content=\"Deutlicher Anstieg bei Fernmelde\u00fcberwachung in der Schweiz im Jahr 2024 - Save\" \/>\n<meta property=\"og:description\" content=\"Anstieg bei Fernmelde\u00fcberwachungsmassnahmen 2024: Besonders ins Gewicht fallen eine Verdoppelung der Antennensuchl\u00e4ufe sowie starke Zunahmen bei Echtzeit- und r\u00fcckwirkender \u00dcberwachung.\" \/>\n<meta property=\"og:url\" content=\"https:\/\/news.save.ch\/fr\/deutlicher-anstieg-bei-fernmeldeueberwachung-in-der-schweiz-im-jahr-2024\/\" \/>\n<meta property=\"og:site_name\" content=\"Save\" \/>\n<meta property=\"article:published_time\" content=\"2025-04-30T06:32:21+00:00\" \/>\n<meta property=\"og:image\" content=\"https:\/\/news.save.ch\/wp-content\/uploads\/2025\/04\/Depositphotos_192443694_S.jpg\" \/>\n\t<meta property=\"og:image:width\" content=\"1000\" \/>\n\t<meta property=\"og:image:height\" content=\"668\" \/>\n\t<meta property=\"og:image:type\" content=\"image\/jpeg\" \/>\n<meta name=\"author\" content=\"stefanie Zeng\" \/>\n<meta name=\"twitter:card\" content=\"summary_large_image\" \/>\n<meta name=\"twitter:label1\" content=\"\u00c9crit par\" \/>\n\t<meta name=\"twitter:data1\" content=\"stefanie Zeng\" \/>\n\t<meta name=\"twitter:label2\" content=\"Dur\u00e9e de lecture estim\u00e9e\" \/>\n\t<meta name=\"twitter:data2\" content=\"6 minutes\" \/>\n<script type=\"application\/ld+json\" class=\"yoast-schema-graph\">{\"@context\":\"https:\\\/\\\/schema.org\",\"@graph\":[{\"@type\":\"Article\",\"@id\":\"https:\\\/\\\/news.save.ch\\\/deutlicher-anstieg-bei-fernmeldeueberwachung-in-der-schweiz-im-jahr-2024\\\/#article\",\"isPartOf\":{\"@id\":\"https:\\\/\\\/news.save.ch\\\/deutlicher-anstieg-bei-fernmeldeueberwachung-in-der-schweiz-im-jahr-2024\\\/\"},\"author\":{\"name\":\"stefanie Zeng\",\"@id\":\"https:\\\/\\\/news.save.ch\\\/de\\\/#\\\/schema\\\/person\\\/10917387362b3961e882740f6cf6f2a2\"},\"headline\":\"Deutlicher Anstieg bei Fernmelde\u00fcberwachung in der Schweiz im Jahr 2024\",\"datePublished\":\"2025-04-30T06:32:21+00:00\",\"mainEntityOfPage\":{\"@id\":\"https:\\\/\\\/news.save.ch\\\/deutlicher-anstieg-bei-fernmeldeueberwachung-in-der-schweiz-im-jahr-2024\\\/\"},\"wordCount\":952,\"publisher\":{\"@id\":\"https:\\\/\\\/news.save.ch\\\/de\\\/#organization\"},\"image\":{\"@id\":\"https:\\\/\\\/news.save.ch\\\/deutlicher-anstieg-bei-fernmeldeueberwachung-in-der-schweiz-im-jahr-2024\\\/#primaryimage\"},\"thumbnailUrl\":\"https:\\\/\\\/news.save.ch\\\/wp-content\\\/uploads\\\/2025\\\/04\\\/Depositphotos_192443694_S.jpg\",\"keywords\":[\"Echtzeit\u00fcberwachung\",\"Fernmelde\u00fcberwachung\",\"Fern\u00fcberwachung\"],\"articleSection\":[\"SICHERHEIT\"],\"inLanguage\":\"fr-FR\"},{\"@type\":\"WebPage\",\"@id\":\"https:\\\/\\\/news.save.ch\\\/deutlicher-anstieg-bei-fernmeldeueberwachung-in-der-schweiz-im-jahr-2024\\\/\",\"url\":\"https:\\\/\\\/news.save.ch\\\/deutlicher-anstieg-bei-fernmeldeueberwachung-in-der-schweiz-im-jahr-2024\\\/\",\"name\":\"Deutlicher Anstieg bei Fernmelde\u00fcberwachung in der Schweiz im Jahr 2024 - Save\",\"isPartOf\":{\"@id\":\"https:\\\/\\\/news.save.ch\\\/de\\\/#website\"},\"primaryImageOfPage\":{\"@id\":\"https:\\\/\\\/news.save.ch\\\/deutlicher-anstieg-bei-fernmeldeueberwachung-in-der-schweiz-im-jahr-2024\\\/#primaryimage\"},\"image\":{\"@id\":\"https:\\\/\\\/news.save.ch\\\/deutlicher-anstieg-bei-fernmeldeueberwachung-in-der-schweiz-im-jahr-2024\\\/#primaryimage\"},\"thumbnailUrl\":\"https:\\\/\\\/news.save.ch\\\/wp-content\\\/uploads\\\/2025\\\/04\\\/Depositphotos_192443694_S.jpg\",\"datePublished\":\"2025-04-30T06:32:21+00:00\",\"description\":\"Anstieg bei Fernmelde\u00fcberwachungsmassnahmen 2024: Besonders ins Gewicht fallen eine Verdoppelung der Antennensuchl\u00e4ufe sowie starke Zunahmen bei Echtzeit- und r\u00fcckwirkender \u00dcberwachung.\",\"breadcrumb\":{\"@id\":\"https:\\\/\\\/news.save.ch\\\/deutlicher-anstieg-bei-fernmeldeueberwachung-in-der-schweiz-im-jahr-2024\\\/#breadcrumb\"},\"inLanguage\":\"fr-FR\",\"potentialAction\":[{\"@type\":\"ReadAction\",\"target\":[\"https:\\\/\\\/news.save.ch\\\/deutlicher-anstieg-bei-fernmeldeueberwachung-in-der-schweiz-im-jahr-2024\\\/\"]}]},{\"@type\":\"ImageObject\",\"inLanguage\":\"fr-FR\",\"@id\":\"https:\\\/\\\/news.save.ch\\\/deutlicher-anstieg-bei-fernmeldeueberwachung-in-der-schweiz-im-jahr-2024\\\/#primaryimage\",\"url\":\"https:\\\/\\\/news.save.ch\\\/wp-content\\\/uploads\\\/2025\\\/04\\\/Depositphotos_192443694_S.jpg\",\"contentUrl\":\"https:\\\/\\\/news.save.ch\\\/wp-content\\\/uploads\\\/2025\\\/04\\\/Depositphotos_192443694_S.jpg\"},{\"@type\":\"BreadcrumbList\",\"@id\":\"https:\\\/\\\/news.save.ch\\\/deutlicher-anstieg-bei-fernmeldeueberwachung-in-der-schweiz-im-jahr-2024\\\/#breadcrumb\",\"itemListElement\":[{\"@type\":\"ListItem\",\"position\":1,\"name\":\"Home\",\"item\":\"https:\\\/\\\/news.save.ch\\\/de\\\/\"},{\"@type\":\"ListItem\",\"position\":2,\"name\":\"Deutlicher Anstieg bei Fernmelde\u00fcberwachung in der Schweiz im Jahr 2024\"}]},{\"@type\":\"WebSite\",\"@id\":\"https:\\\/\\\/news.save.ch\\\/de\\\/#website\",\"url\":\"https:\\\/\\\/news.save.ch\\\/de\\\/\",\"name\":\"Save\",\"description\":\"Schweizer Fachzeitschrift f\u00fcr Sicherheit\",\"publisher\":{\"@id\":\"https:\\\/\\\/news.save.ch\\\/de\\\/#organization\"},\"potentialAction\":[{\"@type\":\"SearchAction\",\"target\":{\"@type\":\"EntryPoint\",\"urlTemplate\":\"https:\\\/\\\/news.save.ch\\\/de\\\/?s={search_term_string}\"},\"query-input\":{\"@type\":\"PropertyValueSpecification\",\"valueRequired\":true,\"valueName\":\"search_term_string\"}}],\"inLanguage\":\"fr-FR\"},{\"@type\":\"Organization\",\"@id\":\"https:\\\/\\\/news.save.ch\\\/de\\\/#organization\",\"name\":\"Sicherheitsforum\",\"url\":\"https:\\\/\\\/news.save.ch\\\/de\\\/\",\"logo\":{\"@type\":\"ImageObject\",\"inLanguage\":\"fr-FR\",\"@id\":\"https:\\\/\\\/news.save.ch\\\/de\\\/#\\\/schema\\\/logo\\\/image\\\/\",\"url\":\"https:\\\/\\\/news.save.ch\\\/wp-content\\\/uploads\\\/2022\\\/06\\\/Logo_SF_2012.png\",\"contentUrl\":\"https:\\\/\\\/news.save.ch\\\/wp-content\\\/uploads\\\/2022\\\/06\\\/Logo_SF_2012.png\",\"width\":1100,\"height\":91,\"caption\":\"Sicherheitsforum\"},\"image\":{\"@id\":\"https:\\\/\\\/news.save.ch\\\/de\\\/#\\\/schema\\\/logo\\\/image\\\/\"}},{\"@type\":\"Person\",\"@id\":\"https:\\\/\\\/news.save.ch\\\/de\\\/#\\\/schema\\\/person\\\/10917387362b3961e882740f6cf6f2a2\",\"name\":\"stefanie Zeng\",\"image\":{\"@type\":\"ImageObject\",\"inLanguage\":\"fr-FR\",\"@id\":\"https:\\\/\\\/secure.gravatar.com\\\/avatar\\\/eac43faa6e40bb2c41068c95c9d78bbd94c476d5efdff7abaab80bb3ea681e06?s=96&d=mm&r=g\",\"url\":\"https:\\\/\\\/secure.gravatar.com\\\/avatar\\\/eac43faa6e40bb2c41068c95c9d78bbd94c476d5efdff7abaab80bb3ea681e06?s=96&d=mm&r=g\",\"contentUrl\":\"https:\\\/\\\/secure.gravatar.com\\\/avatar\\\/eac43faa6e40bb2c41068c95c9d78bbd94c476d5efdff7abaab80bb3ea681e06?s=96&d=mm&r=g\",\"caption\":\"stefanie Zeng\"},\"url\":\"https:\\\/\\\/news.save.ch\\\/fr\\\/author\\\/stefanie-zeng\\\/\"}]}<\/script>\n<!-- \/ Yoast SEO plugin. -->","yoast_head_json":{"title":"Nette augmentation de la surveillance des t\u00e9l\u00e9communications en Suisse en 2024 - Save","description":"Augmentation des mesures de surveillance des t\u00e9l\u00e9communications en 2024 : un doublement des recherches d'antennes et une forte augmentation de la surveillance en temps r\u00e9el et r\u00e9troactive sont particuli\u00e8rement significatifs.","robots":{"index":"index","follow":"follow","max-snippet":"max-snippet:-1","max-image-preview":"max-image-preview:large","max-video-preview":"max-video-preview:-1"},"canonical":"https:\/\/news.save.ch\/fr\/deutlicher-anstieg-bei-fernmeldeueberwachung-in-der-schweiz-im-jahr-2024\/","og_locale":"fr_FR","og_type":"article","og_title":"Deutlicher Anstieg bei Fernmelde\u00fcberwachung in der Schweiz im Jahr 2024 - Save","og_description":"Anstieg bei Fernmelde\u00fcberwachungsmassnahmen 2024: Besonders ins Gewicht fallen eine Verdoppelung der Antennensuchl\u00e4ufe sowie starke Zunahmen bei Echtzeit- und r\u00fcckwirkender \u00dcberwachung.","og_url":"https:\/\/news.save.ch\/fr\/deutlicher-anstieg-bei-fernmeldeueberwachung-in-der-schweiz-im-jahr-2024\/","og_site_name":"Save","article_published_time":"2025-04-30T06:32:21+00:00","og_image":[{"width":1000,"height":668,"url":"https:\/\/news.save.ch\/wp-content\/uploads\/2025\/04\/Depositphotos_192443694_S.jpg","type":"image\/jpeg"}],"author":"stefanie Zeng","twitter_card":"summary_large_image","twitter_misc":{"\u00c9crit par":"stefanie Zeng","Dur\u00e9e de lecture estim\u00e9e":"6 minutes"},"schema":{"@context":"https:\/\/schema.org","@graph":[{"@type":"Article","@id":"https:\/\/news.save.ch\/deutlicher-anstieg-bei-fernmeldeueberwachung-in-der-schweiz-im-jahr-2024\/#article","isPartOf":{"@id":"https:\/\/news.save.ch\/deutlicher-anstieg-bei-fernmeldeueberwachung-in-der-schweiz-im-jahr-2024\/"},"author":{"name":"stefanie Zeng","@id":"https:\/\/news.save.ch\/de\/#\/schema\/person\/10917387362b3961e882740f6cf6f2a2"},"headline":"Deutlicher Anstieg bei Fernmelde\u00fcberwachung in der Schweiz im Jahr 2024","datePublished":"2025-04-30T06:32:21+00:00","mainEntityOfPage":{"@id":"https:\/\/news.save.ch\/deutlicher-anstieg-bei-fernmeldeueberwachung-in-der-schweiz-im-jahr-2024\/"},"wordCount":952,"publisher":{"@id":"https:\/\/news.save.ch\/de\/#organization"},"image":{"@id":"https:\/\/news.save.ch\/deutlicher-anstieg-bei-fernmeldeueberwachung-in-der-schweiz-im-jahr-2024\/#primaryimage"},"thumbnailUrl":"https:\/\/news.save.ch\/wp-content\/uploads\/2025\/04\/Depositphotos_192443694_S.jpg","keywords":["Echtzeit\u00fcberwachung","Fernmelde\u00fcberwachung","Fern\u00fcberwachung"],"articleSection":["SICHERHEIT"],"inLanguage":"fr-FR"},{"@type":"WebPage","@id":"https:\/\/news.save.ch\/deutlicher-anstieg-bei-fernmeldeueberwachung-in-der-schweiz-im-jahr-2024\/","url":"https:\/\/news.save.ch\/deutlicher-anstieg-bei-fernmeldeueberwachung-in-der-schweiz-im-jahr-2024\/","name":"Nette augmentation de la surveillance des t\u00e9l\u00e9communications en Suisse en 2024 - Save","isPartOf":{"@id":"https:\/\/news.save.ch\/de\/#website"},"primaryImageOfPage":{"@id":"https:\/\/news.save.ch\/deutlicher-anstieg-bei-fernmeldeueberwachung-in-der-schweiz-im-jahr-2024\/#primaryimage"},"image":{"@id":"https:\/\/news.save.ch\/deutlicher-anstieg-bei-fernmeldeueberwachung-in-der-schweiz-im-jahr-2024\/#primaryimage"},"thumbnailUrl":"https:\/\/news.save.ch\/wp-content\/uploads\/2025\/04\/Depositphotos_192443694_S.jpg","datePublished":"2025-04-30T06:32:21+00:00","description":"Augmentation des mesures de surveillance des t\u00e9l\u00e9communications en 2024 : un doublement des recherches d'antennes et une forte augmentation de la surveillance en temps r\u00e9el et r\u00e9troactive sont particuli\u00e8rement significatifs.","breadcrumb":{"@id":"https:\/\/news.save.ch\/deutlicher-anstieg-bei-fernmeldeueberwachung-in-der-schweiz-im-jahr-2024\/#breadcrumb"},"inLanguage":"fr-FR","potentialAction":[{"@type":"ReadAction","target":["https:\/\/news.save.ch\/deutlicher-anstieg-bei-fernmeldeueberwachung-in-der-schweiz-im-jahr-2024\/"]}]},{"@type":"ImageObject","inLanguage":"fr-FR","@id":"https:\/\/news.save.ch\/deutlicher-anstieg-bei-fernmeldeueberwachung-in-der-schweiz-im-jahr-2024\/#primaryimage","url":"https:\/\/news.save.ch\/wp-content\/uploads\/2025\/04\/Depositphotos_192443694_S.jpg","contentUrl":"https:\/\/news.save.ch\/wp-content\/uploads\/2025\/04\/Depositphotos_192443694_S.jpg"},{"@type":"BreadcrumbList","@id":"https:\/\/news.save.ch\/deutlicher-anstieg-bei-fernmeldeueberwachung-in-der-schweiz-im-jahr-2024\/#breadcrumb","itemListElement":[{"@type":"ListItem","position":1,"name":"Home","item":"https:\/\/news.save.ch\/de\/"},{"@type":"ListItem","position":2,"name":"Deutlicher Anstieg bei Fernmelde\u00fcberwachung in der Schweiz im Jahr 2024"}]},{"@type":"WebSite","@id":"https:\/\/news.save.ch\/de\/#website","url":"https:\/\/news.save.ch\/de\/","name":"Save","description":"Revue suisse sp\u00e9cialis\u00e9e dans la s\u00e9curit\u00e9","publisher":{"@id":"https:\/\/news.save.ch\/de\/#organization"},"potentialAction":[{"@type":"SearchAction","target":{"@type":"EntryPoint","urlTemplate":"https:\/\/news.save.ch\/de\/?s={search_term_string}"},"query-input":{"@type":"PropertyValueSpecification","valueRequired":true,"valueName":"search_term_string"}}],"inLanguage":"fr-FR"},{"@type":"Organization","@id":"https:\/\/news.save.ch\/de\/#organization","name":"Forum sur la s\u00e9curit\u00e9","url":"https:\/\/news.save.ch\/de\/","logo":{"@type":"ImageObject","inLanguage":"fr-FR","@id":"https:\/\/news.save.ch\/de\/#\/schema\/logo\/image\/","url":"https:\/\/news.save.ch\/wp-content\/uploads\/2022\/06\/Logo_SF_2012.png","contentUrl":"https:\/\/news.save.ch\/wp-content\/uploads\/2022\/06\/Logo_SF_2012.png","width":1100,"height":91,"caption":"Sicherheitsforum"},"image":{"@id":"https:\/\/news.save.ch\/de\/#\/schema\/logo\/image\/"}},{"@type":"Person","@id":"https:\/\/news.save.ch\/de\/#\/schema\/person\/10917387362b3961e882740f6cf6f2a2","name":"stefanie Zeng","image":{"@type":"ImageObject","inLanguage":"fr-FR","@id":"https:\/\/secure.gravatar.com\/avatar\/eac43faa6e40bb2c41068c95c9d78bbd94c476d5efdff7abaab80bb3ea681e06?s=96&d=mm&r=g","url":"https:\/\/secure.gravatar.com\/avatar\/eac43faa6e40bb2c41068c95c9d78bbd94c476d5efdff7abaab80bb3ea681e06?s=96&d=mm&r=g","contentUrl":"https:\/\/secure.gravatar.com\/avatar\/eac43faa6e40bb2c41068c95c9d78bbd94c476d5efdff7abaab80bb3ea681e06?s=96&d=mm&r=g","caption":"stefanie Zeng"},"url":"https:\/\/news.save.ch\/fr\/author\/stefanie-zeng\/"}]}},"_links":{"self":[{"href":"https:\/\/news.save.ch\/fr\/wp-json\/wp\/v2\/posts\/24218","targetHints":{"allow":["GET"]}}],"collection":[{"href":"https:\/\/news.save.ch\/fr\/wp-json\/wp\/v2\/posts"}],"about":[{"href":"https:\/\/news.save.ch\/fr\/wp-json\/wp\/v2\/types\/post"}],"author":[{"embeddable":true,"href":"https:\/\/news.save.ch\/fr\/wp-json\/wp\/v2\/users\/31"}],"replies":[{"embeddable":true,"href":"https:\/\/news.save.ch\/fr\/wp-json\/wp\/v2\/comments?post=24218"}],"version-history":[{"count":2,"href":"https:\/\/news.save.ch\/fr\/wp-json\/wp\/v2\/posts\/24218\/revisions"}],"predecessor-version":[{"id":24221,"href":"https:\/\/news.save.ch\/fr\/wp-json\/wp\/v2\/posts\/24218\/revisions\/24221"}],"wp:attachment":[{"href":"https:\/\/news.save.ch\/fr\/wp-json\/wp\/v2\/media?parent=24218"}],"wp:term":[{"taxonomy":"category","embeddable":true,"href":"https:\/\/news.save.ch\/fr\/wp-json\/wp\/v2\/categories?post=24218"},{"taxonomy":"post_tag","embeddable":true,"href":"https:\/\/news.save.ch\/fr\/wp-json\/wp\/v2\/tags?post=24218"}],"curies":[{"name":"wp","href":"https:\/\/api.w.org\/{rel}","templated":true}]}}