{"id":24252,"date":"2025-05-14T08:12:13","date_gmt":"2025-05-14T06:12:13","guid":{"rendered":"https:\/\/news.save.ch\/?p=24252"},"modified":"2025-05-14T08:12:13","modified_gmt":"2025-05-14T06:12:13","slug":"wirtschaftskriminelle-meist-maennlich-36-bis-55-jahre-alt-und-langjaehrige-mitarbeiter","status":null,"type":"post","link":"https:\/\/news.save.ch\/fr\/wirtschaftskriminelle-meist-maennlich-36-bis-55-jahre-alt-und-langjaehrige-mitarbeiter\/","title":{"rendered":"Criminels \u00e9conomiques : g\u00e9n\u00e9ralement des hommes, \u00e2g\u00e9s de 36 \u00e0 55 ans et employ\u00e9s de longue date"},"content":{"rendered":"<div class=\"section container responsivegrid content-max-width-small\" data-component-initialized=\"true\">\n<div id=\"section-81ef0df848\" class=\"cmp-container\">\n<div class=\"columncontrol utils-padding-top--medium utils-padding-bottom--medium utils-padding-horizontal--base utils-xlg-padding-horizontal--medium\">\n<div class=\"cmp-column-control\">\n<div class=\"cmp-column-control__row cmp-column-control__row--oneEven\">\n<div class=\"cmp-column-control__col\">\n<div id=\"column-073f713f60\" class=\"cmp-container\">\n<div class=\"text\">\n<div id=\"text-a9dee932a9\" class=\"cmp-text\" data-cmp-data-layer=\"{&quot;text-a9dee932a9&quot;:{&quot;repo:modifyDate&quot;:&quot;2025-05-12T05:55:20Z&quot;,&quot;@type&quot;:&quot;kpmg\/components\/content\/text&quot;}}\">\n<figure id=\"attachment_24253\" aria-describedby=\"caption-attachment-24253\" style=\"width: 1000px\" class=\"wp-caption alignnone\"><a href=\"https:\/\/news.save.ch\/fr\/wirtschaftskriminelle-meist-maennlich-36-bis-55-jahre-alt-und-langjaehrige-mitarbeiter\/businessman-putting-money-in-his-pocket\/\" rel=\"attachment wp-att-24253\"><img loading=\"lazy\" decoding=\"async\" class=\"size-full wp-image-24253\" src=\"https:\/\/news.save.ch\/wp-content\/uploads\/2025\/05\/Depositphotos_359223934_S.jpg\" alt=\"\" width=\"1000\" height=\"667\" srcset=\"https:\/\/news.save.ch\/wp-content\/uploads\/2025\/05\/Depositphotos_359223934_S.jpg 1000w, https:\/\/news.save.ch\/wp-content\/uploads\/2025\/05\/Depositphotos_359223934_S-680x454.jpg 680w, https:\/\/news.save.ch\/wp-content\/uploads\/2025\/05\/Depositphotos_359223934_S-768x512.jpg 768w, https:\/\/news.save.ch\/wp-content\/uploads\/2025\/05\/Depositphotos_359223934_S-18x12.jpg 18w, https:\/\/news.save.ch\/wp-content\/uploads\/2025\/05\/Depositphotos_359223934_S-375x250.jpg 375w, https:\/\/news.save.ch\/wp-content\/uploads\/2025\/05\/Depositphotos_359223934_S-525x350.jpg 525w\" sizes=\"auto, (max-width: 1000px) 100vw, 1000px\" \/><\/a><figcaption id=\"caption-attachment-24253\" class=\"wp-caption-text\">Image : Depositphotos\/Tiko0305<\/figcaption><\/figure>\n<ul>\n<li>Le criminel \u00e9conomique type est un homme, \u00e2g\u00e9 de 36 \u00e0 55 ans et travaillant dans l'entreprise depuis plus de six ans. Seuls 8% sont des d\u00e9linquants individuels.<\/li>\n<\/ul>\n<ul>\n<li>46 % des fraudes ont \u00e9t\u00e9 commises sans technologie - les cyber-attaques, l'IA et les crypto-monnaies n'ont jou\u00e9 qu'un r\u00f4le mineur jusqu'\u00e0 pr\u00e9sent.<\/li>\n<\/ul>\n<ul>\n<li>Les d\u00e9lits les plus fr\u00e9quents \u00e9taient le d\u00e9tournement de fonds, la falsification de documents et le vol.<\/li>\n<\/ul>\n<ul>\n<li>Un cas de fraude sur cinq pr\u00e9sentait un montant de d\u00e9lit sup\u00e9rieur \u00e0 5 millions de dollars am\u00e9ricains.<\/li>\n<\/ul>\n<ul>\n<li>Les contr\u00f4les internes sont essentiels pour la pr\u00e9vention et la d\u00e9tection des fraudes.<\/li>\n<\/ul>\n<\/div>\n<\/div>\n<div class=\"text utils-padding-vertical--x-small utils-xlg-padding-vertical--base\">\n<div id=\"text-bcbd2e55bf\" class=\"cmp-text\" data-cmp-data-layer=\"{&quot;text-bcbd2e55bf&quot;:{&quot;repo:modifyDate&quot;:&quot;2025-05-09T06:34:55Z&quot;,&quot;@type&quot;:&quot;kpmg\/components\/content\/text&quot;}}\">\n<p>La derni\u00e8re \u00e9tude de KPMG\u00a0<i>The Enemy Within - Profiler le fraudeur d'entreprise<\/i> montre : malgr\u00e9 les diff\u00e9rents cas de criminalit\u00e9 \u00e9conomique, on peut constater quelques caract\u00e9ristiques communes parmi les auteurs.<\/p>\n<\/div>\n<\/div>\n<\/div>\n<\/div>\n<\/div>\n<\/div>\n<\/div>\n<\/div>\n<\/div>\n<div class=\"section container responsivegrid content-max-width-small\" data-component-initialized=\"true\">\n<div id=\"section-89da319798\" class=\"cmp-container\">\n<div class=\"columncontrol utils-padding-top--medium utils-padding-bottom--medium utils-padding-horizontal--base utils-xlg-padding-horizontal--medium\">\n<div class=\"cmp-column-control\">\n<div class=\"cmp-column-control__row cmp-column-control__row--oneEven\">\n<div class=\"cmp-column-control__col\">\n<div id=\"column-22ec7a290a\" class=\"cmp-container\">\n<div class=\"title\">\n<div id=\"title-4eb4af13a4\" class=\"cmp-title\" data-cmp-data-layer=\"{&quot;title-4eb4af13a4&quot;:{&quot;@type&quot;:&quot;core\/wcm\/components\/title\/v3\/title&quot;,&quot;repo:modifyDate&quot;:&quot;2025-05-09T06:35:00Z&quot;,&quot;dc:title&quot;:&quot;Freundlich, extrovertiert und angesehen&quot;}}\">\n<h3 class=\"cmp-title__text\">Amical, extraverti et respect\u00e9<\/h3>\n<\/div>\n<\/div>\n<div class=\"text\">\n<div id=\"text-a1ea4174a9\" class=\"cmp-text\" data-cmp-data-layer=\"{&quot;text-a1ea4174a9&quot;:{&quot;repo:modifyDate&quot;:&quot;2025-05-09T06:35:09Z&quot;,&quot;@type&quot;:&quot;kpmg\/components\/content\/text&quot;}}\">\n<p>S'il existait un profil type du criminel \u00e9conomique, il s'agirait d'un homme, \u00e2g\u00e9 de 36 \u00e0 55 ans et travaillant dans l'entreprise depuis plus de six ans. Les criminels n'ont pas de comportement suspect tel que la ranc\u0153ur envers l'entreprise ou des signes de probl\u00e8mes personnels ou professionnels. Ils sont consid\u00e9r\u00e9s comme amicaux et extravertis et sont g\u00e9n\u00e9ralement per\u00e7us comme une personne respectueuse - mais derri\u00e8re cette fa\u00e7ade se cache souvent un fort sentiment de sup\u00e9riorit\u00e9.<\/p>\n<p>L'\u00e9tude montre \u00e9galement que pr\u00e8s des trois quarts des cas de fraude (71%) ont \u00e9t\u00e9 commis par des groupes de deux \u00e0 cinq personnes, tandis que 8 % ont \u00e9t\u00e9 perp\u00e9tr\u00e9s par des individus et 21 % par des groupes de plus de cinq personnes. Il s'agissait souvent d'employ\u00e9s d'entreprises multinationales. Dans 52% des cas de fraude commis par deux personnes ou plus, des femmes \u00e9taient \u00e9galement impliqu\u00e9es.<\/p>\n<\/div>\n<\/div>\n<div class=\"title\">\n<div id=\"title-dba443a059\" class=\"cmp-title\" data-cmp-data-layer=\"{&quot;title-dba443a059&quot;:{&quot;@type&quot;:&quot;core\/wcm\/components\/title\/v3\/title&quot;,&quot;repo:modifyDate&quot;:&quot;2025-05-09T06:35:14Z&quot;,&quot;dc:title&quot;:&quot;Technologie noch kein entscheidender Faktor &quot;}}\">\n<h3 class=\"cmp-title__text\">La technologie n'est pas encore un facteur d\u00e9cisif<\/h3>\n<\/div>\n<\/div>\n<div class=\"text\">\n<div id=\"text-475f3fcb15\" class=\"cmp-text\" data-cmp-data-layer=\"{&quot;text-475f3fcb15&quot;:{&quot;repo:modifyDate&quot;:&quot;2025-05-09T06:35:31Z&quot;,&quot;@type&quot;:&quot;kpmg\/components\/content\/text&quot;}}\">\n<p>Malgr\u00e9 la progression de la num\u00e9risation, 46% des cas de fraude ont \u00e9t\u00e9 commis sans l'utilisation de la technologie, alors que celle-ci n'a jou\u00e9 qu'un r\u00f4le secondaire dans 35%. \"L'utilisation de la technologie laisse des traces num\u00e9riques qui peuvent \u00eatre d\u00e9tect\u00e9es plus facilement et plus rapidement. De plus, les entreprises utilisent de plus en plus de solutions technologiques pour optimiser leurs m\u00e9canismes de d\u00e9fense\", explique Bob Dillen, responsable Forensics chez KPMG Suisse.<\/p>\n<p>Dillen s'attend \u00e0 ce que la num\u00e9risation et en particulier l'IA jouent un r\u00f4le de plus en plus important dans la criminalit\u00e9 \u00e9conomique \u00e0 l'avenir, notamment en raison de l'utilisation accrue de \"deepfakes\", par exemple pour simuler des autorisations d'ex\u00e9cution.<\/p>\n<\/div>\n<\/div>\n<div class=\"title\">\n<div id=\"title-dc984e9076\" class=\"cmp-title\" data-cmp-data-layer=\"{&quot;title-dc984e9076&quot;:{&quot;@type&quot;:&quot;core\/wcm\/components\/title\/v3\/title&quot;,&quot;repo:modifyDate&quot;:&quot;2025-05-08T12:53:51Z&quot;,&quot;dc:title&quot;:&quot;Finanzieller Gewinn im Fokus&quot;}}\">\n<h3 class=\"cmp-title__text\">Le b\u00e9n\u00e9fice financier en ligne de mire<\/h3>\n<\/div>\n<\/div>\n<div class=\"text\">\n<div id=\"text-69a4336f3a\" class=\"cmp-text\" data-cmp-data-layer=\"{&quot;text-69a4336f3a&quot;:{&quot;repo:modifyDate&quot;:&quot;2025-05-12T05:55:40Z&quot;,&quot;@type&quot;:&quot;kpmg\/components\/content\/text&quot;}}\">\n<p>Le principal motif de la criminalit\u00e9 \u00e9conomique est le gain financier, suivi de l'opportunisme. Il ne s'agit que rarement d'actes commis en raison d'une situation de d\u00e9tresse financi\u00e8re ou pour dissimuler ses propres manquements, comme des pertes. Les d\u00e9lits les plus fr\u00e9quents sont le d\u00e9tournement de biens (52%), suivi de la falsification de documents (29%) et du vol (24%).<\/p>\n<p>Dans pr\u00e8s de la moiti\u00e9 des cas de fraude (45%), le montant du d\u00e9lit \u00e9tait inf\u00e9rieur \u00e0 500 000 dollars am\u00e9ricains. Un cas sur cinq pr\u00e9sentait un montant de d\u00e9lit sup\u00e9rieur \u00e0 5 millions de dollars am\u00e9ricains.<\/p>\n<\/div>\n<\/div>\n<div class=\"title\">\n<div id=\"title-51e7fd02c1\" class=\"cmp-title\" data-cmp-data-layer=\"{&quot;title-51e7fd02c1&quot;:{&quot;@type&quot;:&quot;core\/wcm\/components\/title\/v3\/title&quot;,&quot;repo:modifyDate&quot;:&quot;2025-05-08T12:54:14Z&quot;,&quot;dc:title&quot;:&quot;Schwache interne Kontrollen als Hauptursache f\u00fcr Wirtschaftskriminalit\u00e4t&quot;}}\">\n<h3 class=\"cmp-title__text\">La faiblesse des contr\u00f4les internes, principale cause de la criminalit\u00e9 \u00e9conomique<\/h3>\n<\/div>\n<\/div>\n<div class=\"text\">\n<div id=\"text-4bcfac67e3\" class=\"cmp-text\" data-cmp-data-layer=\"{&quot;text-4bcfac67e3&quot;:{&quot;repo:modifyDate&quot;:&quot;2025-05-09T15:08:09Z&quot;,&quot;@type&quot;:&quot;kpmg\/components\/content\/text&quot;}}\">\n<p>Dans 76% des cas de fraude, les contr\u00f4les internes \u00e9taient insuffisants. 51% des entreprises concern\u00e9es n'avaient m\u00eame pas du tout mis en place de m\u00e9canismes de contr\u00f4le ad\u00e9quats au moment de la fraude, tandis que les autres entreprises ont cit\u00e9 les codes de conduite (81%), les audits internes (64%) et la d\u00e9nonciation (60%) comme instruments de contr\u00f4le les plus fr\u00e9quents.<\/p>\n<p>La principale m\u00e9thode de d\u00e9tection a \u00e9t\u00e9 les informations re\u00e7ues par des canaux internes officiels, comme les hotlines de whistleblowing, ou par des sources informelles. \"Pour endiguer la criminalit\u00e9 \u00e9conomique, il faut non seulement des syst\u00e8mes efficaces, mais aussi des collaborateurs qui sont sensibilis\u00e9s aux risques et qui prennent leurs responsabilit\u00e9s\", explique Dillen.<\/p>\n<\/div>\n<\/div>\n<div class=\"text utils-background-grey-100 light-theme utils-padding-vertical--x-small utils-md-padding-vertical--base utils-xlg-padding-vertical--large utils-padding-horizontal--x-small utils-md-padding-horizontal--base utils-xlg-padding-horizontal--large\">\n<div id=\"text-489d4857d6\" class=\"cmp-text\" data-cmp-data-layer=\"{&quot;text-489d4857d6&quot;:{&quot;repo:modifyDate&quot;:&quot;2025-05-09T06:35:58Z&quot;,&quot;@type&quot;:&quot;kpmg\/components\/content\/text&quot;}}\">\n<div class=\"greybox\">\n<p><b>M\u00e9thodologie<br \/>\n<\/b><br \/>\nL'\u00e9tude se base sur 256 cas de fraude examin\u00e9s au cours des cinq derni\u00e8res ann\u00e9es par les soci\u00e9t\u00e9s nationales de KPMG \u00e0 la demande des organisations concern\u00e9es. Sur la base de questionnaires, d'analyses d\u00e9taill\u00e9es de cas et d'entretiens directs avec les auteurs, le rapport fournit une image fond\u00e9e d'au moins 669 fraudeurs et des infractions qu'ils ont commises.<\/p>\n<\/div>\n<\/div>\n<p><em>Source : KPMG<\/em><\/p>\n<\/div>\n<\/div>\n<\/div>\n<\/div>\n<\/div>\n<\/div>\n<\/div>\n<\/div>","protected":false},"excerpt":{"rendered":"<p>Der typische Wirtschaftskriminelle ist m\u00e4nnlich, zwischen 36 und 55 Jahre alt und seit mehr als sechs Jahren im Unternehmen t\u00e4tig. Nur 8% sind Einzelt\u00e4ter. 46\u202f% der Betrugsf\u00e4lle wurden ohne Technologie begangen \u2013 Cyberangriffe, KI und Kryptow\u00e4hrungen spielen bislang nur eine untergeordnete Rolle. H\u00e4ufigste Delikte waren Verm\u00f6gensveruntreuung, Urkundenf\u00e4lschung und Diebstahl. Jeder f\u00fcnfte Betrugsfall wies eine Deliktsumme [&hellip;]<\/p>\n","protected":false},"author":31,"featured_media":24253,"comment_status":"closed","ping_status":"closed","sticky":false,"template":"","format":"standard","meta":{"_acf_changed":false,"pgc_sgb_lightbox_settings":"","footnotes":""},"categories":[3312],"tags":[468,347,6586,6585,115],"class_list":["post-24252","post","type-post","status-publish","format-standard","has-post-thumbnail","hentry","category-sicherheit","tag-betrug","tag-diebstahl","tag-kpmg","tag-veruntreuung","tag-wirtschaftskriminalitaet"],"acf":[],"hkrextid":null,"publication":null,"issue":null,"workflow":null,"startPage":null,"spitzmarke":null,"_posts_by_tag_page_fields":null,"_at_widget":null,"_yoast_wpseo_primary_category":"3312","_yoast_wpseo_focuskw_text_input":null,"_yoast_wpseo_opengraph-image":null,"_yoast_wpseo_opengraph-description":null,"_yoast_wpseo_opengraph-title":null,"enclosure":null,"_yoast_wpseo_twitter-title":null,"_yoast_wpseo_twitter-description":null,"_yoast_wpseo_twitter-image":null,"_wp_old_slug":null,"_yoast_wpseo_title":null,"_yoast_wpseo_canonical":null,"yoast_head":"<!-- This site is optimized with the Yoast SEO plugin v27.4 - https:\/\/yoast.com\/product\/yoast-seo-wordpress\/ -->\n<title>Wirtschaftskriminelle: meist m\u00e4nnlich, 36 bis 55 Jahre alt und langj\u00e4hrige Mitarbeiter - Save<\/title>\n<meta name=\"description\" content=\"Wirtschaftskriminelle agieren selten allein und sind meist fester Bestandteil des Unternehmens: m\u00e4nnlich, erfahren, gut integriert.\" \/>\n<meta name=\"robots\" content=\"index, follow, max-snippet:-1, max-image-preview:large, max-video-preview:-1\" \/>\n<link rel=\"canonical\" href=\"https:\/\/news.save.ch\/fr\/wirtschaftskriminelle-meist-maennlich-36-bis-55-jahre-alt-und-langjaehrige-mitarbeiter\/\" \/>\n<meta property=\"og:locale\" content=\"fr_FR\" \/>\n<meta property=\"og:type\" content=\"article\" \/>\n<meta property=\"og:title\" content=\"Wirtschaftskriminelle: meist m\u00e4nnlich, 36 bis 55 Jahre alt und langj\u00e4hrige Mitarbeiter - Save\" \/>\n<meta property=\"og:description\" content=\"Wirtschaftskriminelle agieren selten allein und sind meist fester Bestandteil des Unternehmens: m\u00e4nnlich, erfahren, gut integriert.\" \/>\n<meta property=\"og:url\" content=\"https:\/\/news.save.ch\/fr\/wirtschaftskriminelle-meist-maennlich-36-bis-55-jahre-alt-und-langjaehrige-mitarbeiter\/\" \/>\n<meta property=\"og:site_name\" content=\"Save\" \/>\n<meta property=\"article:published_time\" content=\"2025-05-14T06:12:13+00:00\" \/>\n<meta property=\"og:image\" content=\"https:\/\/news.save.ch\/wp-content\/uploads\/2025\/05\/Depositphotos_359223934_S.jpg\" \/>\n\t<meta property=\"og:image:width\" content=\"1000\" \/>\n\t<meta property=\"og:image:height\" content=\"667\" \/>\n\t<meta property=\"og:image:type\" content=\"image\/jpeg\" \/>\n<meta name=\"author\" content=\"stefanie Zeng\" \/>\n<meta name=\"twitter:card\" content=\"summary_large_image\" \/>\n<meta name=\"twitter:label1\" content=\"\u00c9crit par\" \/>\n\t<meta name=\"twitter:data1\" content=\"stefanie Zeng\" \/>\n\t<meta name=\"twitter:label2\" content=\"Dur\u00e9e de lecture estim\u00e9e\" \/>\n\t<meta name=\"twitter:data2\" content=\"4 minutes\" \/>\n<script type=\"application\/ld+json\" class=\"yoast-schema-graph\">{\"@context\":\"https:\\\/\\\/schema.org\",\"@graph\":[{\"@type\":\"Article\",\"@id\":\"https:\\\/\\\/news.save.ch\\\/wirtschaftskriminelle-meist-maennlich-36-bis-55-jahre-alt-und-langjaehrige-mitarbeiter\\\/#article\",\"isPartOf\":{\"@id\":\"https:\\\/\\\/news.save.ch\\\/wirtschaftskriminelle-meist-maennlich-36-bis-55-jahre-alt-und-langjaehrige-mitarbeiter\\\/\"},\"author\":{\"name\":\"stefanie Zeng\",\"@id\":\"https:\\\/\\\/news.save.ch\\\/de\\\/#\\\/schema\\\/person\\\/10917387362b3961e882740f6cf6f2a2\"},\"headline\":\"Wirtschaftskriminelle: meist m\u00e4nnlich, 36 bis 55 Jahre alt und langj\u00e4hrige Mitarbeiter\",\"datePublished\":\"2025-05-14T06:12:13+00:00\",\"mainEntityOfPage\":{\"@id\":\"https:\\\/\\\/news.save.ch\\\/wirtschaftskriminelle-meist-maennlich-36-bis-55-jahre-alt-und-langjaehrige-mitarbeiter\\\/\"},\"wordCount\":595,\"publisher\":{\"@id\":\"https:\\\/\\\/news.save.ch\\\/de\\\/#organization\"},\"image\":{\"@id\":\"https:\\\/\\\/news.save.ch\\\/wirtschaftskriminelle-meist-maennlich-36-bis-55-jahre-alt-und-langjaehrige-mitarbeiter\\\/#primaryimage\"},\"thumbnailUrl\":\"https:\\\/\\\/news.save.ch\\\/wp-content\\\/uploads\\\/2025\\\/05\\\/Depositphotos_359223934_S.jpg\",\"keywords\":[\"Betrug\",\"Diebstahl\",\"KPMG\",\"Veruntreuung\",\"Wirtschaftskriminalit\u00e4t\"],\"articleSection\":[\"SICHERHEIT\"],\"inLanguage\":\"fr-FR\"},{\"@type\":\"WebPage\",\"@id\":\"https:\\\/\\\/news.save.ch\\\/wirtschaftskriminelle-meist-maennlich-36-bis-55-jahre-alt-und-langjaehrige-mitarbeiter\\\/\",\"url\":\"https:\\\/\\\/news.save.ch\\\/wirtschaftskriminelle-meist-maennlich-36-bis-55-jahre-alt-und-langjaehrige-mitarbeiter\\\/\",\"name\":\"Wirtschaftskriminelle: meist m\u00e4nnlich, 36 bis 55 Jahre alt und langj\u00e4hrige Mitarbeiter - Save\",\"isPartOf\":{\"@id\":\"https:\\\/\\\/news.save.ch\\\/de\\\/#website\"},\"primaryImageOfPage\":{\"@id\":\"https:\\\/\\\/news.save.ch\\\/wirtschaftskriminelle-meist-maennlich-36-bis-55-jahre-alt-und-langjaehrige-mitarbeiter\\\/#primaryimage\"},\"image\":{\"@id\":\"https:\\\/\\\/news.save.ch\\\/wirtschaftskriminelle-meist-maennlich-36-bis-55-jahre-alt-und-langjaehrige-mitarbeiter\\\/#primaryimage\"},\"thumbnailUrl\":\"https:\\\/\\\/news.save.ch\\\/wp-content\\\/uploads\\\/2025\\\/05\\\/Depositphotos_359223934_S.jpg\",\"datePublished\":\"2025-05-14T06:12:13+00:00\",\"description\":\"Wirtschaftskriminelle agieren selten allein und sind meist fester Bestandteil des Unternehmens: m\u00e4nnlich, erfahren, gut integriert.\",\"breadcrumb\":{\"@id\":\"https:\\\/\\\/news.save.ch\\\/wirtschaftskriminelle-meist-maennlich-36-bis-55-jahre-alt-und-langjaehrige-mitarbeiter\\\/#breadcrumb\"},\"inLanguage\":\"fr-FR\",\"potentialAction\":[{\"@type\":\"ReadAction\",\"target\":[\"https:\\\/\\\/news.save.ch\\\/wirtschaftskriminelle-meist-maennlich-36-bis-55-jahre-alt-und-langjaehrige-mitarbeiter\\\/\"]}]},{\"@type\":\"ImageObject\",\"inLanguage\":\"fr-FR\",\"@id\":\"https:\\\/\\\/news.save.ch\\\/wirtschaftskriminelle-meist-maennlich-36-bis-55-jahre-alt-und-langjaehrige-mitarbeiter\\\/#primaryimage\",\"url\":\"https:\\\/\\\/news.save.ch\\\/wp-content\\\/uploads\\\/2025\\\/05\\\/Depositphotos_359223934_S.jpg\",\"contentUrl\":\"https:\\\/\\\/news.save.ch\\\/wp-content\\\/uploads\\\/2025\\\/05\\\/Depositphotos_359223934_S.jpg\",\"width\":1000,\"height\":667,\"caption\":\"Bild: Depositphotos\\\/Tiko0305\"},{\"@type\":\"BreadcrumbList\",\"@id\":\"https:\\\/\\\/news.save.ch\\\/wirtschaftskriminelle-meist-maennlich-36-bis-55-jahre-alt-und-langjaehrige-mitarbeiter\\\/#breadcrumb\",\"itemListElement\":[{\"@type\":\"ListItem\",\"position\":1,\"name\":\"Home\",\"item\":\"https:\\\/\\\/news.save.ch\\\/de\\\/\"},{\"@type\":\"ListItem\",\"position\":2,\"name\":\"Wirtschaftskriminelle: meist m\u00e4nnlich, 36 bis 55 Jahre alt und langj\u00e4hrige Mitarbeiter\"}]},{\"@type\":\"WebSite\",\"@id\":\"https:\\\/\\\/news.save.ch\\\/de\\\/#website\",\"url\":\"https:\\\/\\\/news.save.ch\\\/de\\\/\",\"name\":\"Save\",\"description\":\"Schweizer Fachzeitschrift f\u00fcr Sicherheit\",\"publisher\":{\"@id\":\"https:\\\/\\\/news.save.ch\\\/de\\\/#organization\"},\"potentialAction\":[{\"@type\":\"SearchAction\",\"target\":{\"@type\":\"EntryPoint\",\"urlTemplate\":\"https:\\\/\\\/news.save.ch\\\/de\\\/?s={search_term_string}\"},\"query-input\":{\"@type\":\"PropertyValueSpecification\",\"valueRequired\":true,\"valueName\":\"search_term_string\"}}],\"inLanguage\":\"fr-FR\"},{\"@type\":\"Organization\",\"@id\":\"https:\\\/\\\/news.save.ch\\\/de\\\/#organization\",\"name\":\"Sicherheitsforum\",\"url\":\"https:\\\/\\\/news.save.ch\\\/de\\\/\",\"logo\":{\"@type\":\"ImageObject\",\"inLanguage\":\"fr-FR\",\"@id\":\"https:\\\/\\\/news.save.ch\\\/de\\\/#\\\/schema\\\/logo\\\/image\\\/\",\"url\":\"https:\\\/\\\/news.save.ch\\\/wp-content\\\/uploads\\\/2022\\\/06\\\/Logo_SF_2012.png\",\"contentUrl\":\"https:\\\/\\\/news.save.ch\\\/wp-content\\\/uploads\\\/2022\\\/06\\\/Logo_SF_2012.png\",\"width\":1100,\"height\":91,\"caption\":\"Sicherheitsforum\"},\"image\":{\"@id\":\"https:\\\/\\\/news.save.ch\\\/de\\\/#\\\/schema\\\/logo\\\/image\\\/\"}},{\"@type\":\"Person\",\"@id\":\"https:\\\/\\\/news.save.ch\\\/de\\\/#\\\/schema\\\/person\\\/10917387362b3961e882740f6cf6f2a2\",\"name\":\"stefanie Zeng\",\"image\":{\"@type\":\"ImageObject\",\"inLanguage\":\"fr-FR\",\"@id\":\"https:\\\/\\\/secure.gravatar.com\\\/avatar\\\/eac43faa6e40bb2c41068c95c9d78bbd94c476d5efdff7abaab80bb3ea681e06?s=96&d=mm&r=g\",\"url\":\"https:\\\/\\\/secure.gravatar.com\\\/avatar\\\/eac43faa6e40bb2c41068c95c9d78bbd94c476d5efdff7abaab80bb3ea681e06?s=96&d=mm&r=g\",\"contentUrl\":\"https:\\\/\\\/secure.gravatar.com\\\/avatar\\\/eac43faa6e40bb2c41068c95c9d78bbd94c476d5efdff7abaab80bb3ea681e06?s=96&d=mm&r=g\",\"caption\":\"stefanie Zeng\"},\"url\":\"https:\\\/\\\/news.save.ch\\\/fr\\\/author\\\/stefanie-zeng\\\/\"}]}<\/script>\n<!-- \/ Yoast SEO plugin. -->","yoast_head_json":{"title":"Criminels \u00e9conomiques : g\u00e9n\u00e9ralement des hommes, \u00e2g\u00e9s de 36 \u00e0 55 ans et employ\u00e9s de longue date - Save","description":"Les criminels \u00e9conomiques agissent rarement seuls et font g\u00e9n\u00e9ralement partie int\u00e9grante de l'entreprise : hommes, exp\u00e9riment\u00e9s, bien int\u00e9gr\u00e9s.","robots":{"index":"index","follow":"follow","max-snippet":"max-snippet:-1","max-image-preview":"max-image-preview:large","max-video-preview":"max-video-preview:-1"},"canonical":"https:\/\/news.save.ch\/fr\/wirtschaftskriminelle-meist-maennlich-36-bis-55-jahre-alt-und-langjaehrige-mitarbeiter\/","og_locale":"fr_FR","og_type":"article","og_title":"Wirtschaftskriminelle: meist m\u00e4nnlich, 36 bis 55 Jahre alt und langj\u00e4hrige Mitarbeiter - Save","og_description":"Wirtschaftskriminelle agieren selten allein und sind meist fester Bestandteil des Unternehmens: m\u00e4nnlich, erfahren, gut integriert.","og_url":"https:\/\/news.save.ch\/fr\/wirtschaftskriminelle-meist-maennlich-36-bis-55-jahre-alt-und-langjaehrige-mitarbeiter\/","og_site_name":"Save","article_published_time":"2025-05-14T06:12:13+00:00","og_image":[{"width":1000,"height":667,"url":"https:\/\/news.save.ch\/wp-content\/uploads\/2025\/05\/Depositphotos_359223934_S.jpg","type":"image\/jpeg"}],"author":"stefanie Zeng","twitter_card":"summary_large_image","twitter_misc":{"\u00c9crit par":"stefanie Zeng","Dur\u00e9e de lecture estim\u00e9e":"4 minutes"},"schema":{"@context":"https:\/\/schema.org","@graph":[{"@type":"Article","@id":"https:\/\/news.save.ch\/wirtschaftskriminelle-meist-maennlich-36-bis-55-jahre-alt-und-langjaehrige-mitarbeiter\/#article","isPartOf":{"@id":"https:\/\/news.save.ch\/wirtschaftskriminelle-meist-maennlich-36-bis-55-jahre-alt-und-langjaehrige-mitarbeiter\/"},"author":{"name":"stefanie Zeng","@id":"https:\/\/news.save.ch\/de\/#\/schema\/person\/10917387362b3961e882740f6cf6f2a2"},"headline":"Wirtschaftskriminelle: meist m\u00e4nnlich, 36 bis 55 Jahre alt und langj\u00e4hrige Mitarbeiter","datePublished":"2025-05-14T06:12:13+00:00","mainEntityOfPage":{"@id":"https:\/\/news.save.ch\/wirtschaftskriminelle-meist-maennlich-36-bis-55-jahre-alt-und-langjaehrige-mitarbeiter\/"},"wordCount":595,"publisher":{"@id":"https:\/\/news.save.ch\/de\/#organization"},"image":{"@id":"https:\/\/news.save.ch\/wirtschaftskriminelle-meist-maennlich-36-bis-55-jahre-alt-und-langjaehrige-mitarbeiter\/#primaryimage"},"thumbnailUrl":"https:\/\/news.save.ch\/wp-content\/uploads\/2025\/05\/Depositphotos_359223934_S.jpg","keywords":["Betrug","Diebstahl","KPMG","Veruntreuung","Wirtschaftskriminalit\u00e4t"],"articleSection":["SICHERHEIT"],"inLanguage":"fr-FR"},{"@type":"WebPage","@id":"https:\/\/news.save.ch\/wirtschaftskriminelle-meist-maennlich-36-bis-55-jahre-alt-und-langjaehrige-mitarbeiter\/","url":"https:\/\/news.save.ch\/wirtschaftskriminelle-meist-maennlich-36-bis-55-jahre-alt-und-langjaehrige-mitarbeiter\/","name":"Criminels \u00e9conomiques : g\u00e9n\u00e9ralement des hommes, \u00e2g\u00e9s de 36 \u00e0 55 ans et employ\u00e9s de longue date - Save","isPartOf":{"@id":"https:\/\/news.save.ch\/de\/#website"},"primaryImageOfPage":{"@id":"https:\/\/news.save.ch\/wirtschaftskriminelle-meist-maennlich-36-bis-55-jahre-alt-und-langjaehrige-mitarbeiter\/#primaryimage"},"image":{"@id":"https:\/\/news.save.ch\/wirtschaftskriminelle-meist-maennlich-36-bis-55-jahre-alt-und-langjaehrige-mitarbeiter\/#primaryimage"},"thumbnailUrl":"https:\/\/news.save.ch\/wp-content\/uploads\/2025\/05\/Depositphotos_359223934_S.jpg","datePublished":"2025-05-14T06:12:13+00:00","description":"Les criminels \u00e9conomiques agissent rarement seuls et font g\u00e9n\u00e9ralement partie int\u00e9grante de l'entreprise : hommes, exp\u00e9riment\u00e9s, bien int\u00e9gr\u00e9s.","breadcrumb":{"@id":"https:\/\/news.save.ch\/wirtschaftskriminelle-meist-maennlich-36-bis-55-jahre-alt-und-langjaehrige-mitarbeiter\/#breadcrumb"},"inLanguage":"fr-FR","potentialAction":[{"@type":"ReadAction","target":["https:\/\/news.save.ch\/wirtschaftskriminelle-meist-maennlich-36-bis-55-jahre-alt-und-langjaehrige-mitarbeiter\/"]}]},{"@type":"ImageObject","inLanguage":"fr-FR","@id":"https:\/\/news.save.ch\/wirtschaftskriminelle-meist-maennlich-36-bis-55-jahre-alt-und-langjaehrige-mitarbeiter\/#primaryimage","url":"https:\/\/news.save.ch\/wp-content\/uploads\/2025\/05\/Depositphotos_359223934_S.jpg","contentUrl":"https:\/\/news.save.ch\/wp-content\/uploads\/2025\/05\/Depositphotos_359223934_S.jpg","width":1000,"height":667,"caption":"Bild: Depositphotos\/Tiko0305"},{"@type":"BreadcrumbList","@id":"https:\/\/news.save.ch\/wirtschaftskriminelle-meist-maennlich-36-bis-55-jahre-alt-und-langjaehrige-mitarbeiter\/#breadcrumb","itemListElement":[{"@type":"ListItem","position":1,"name":"Home","item":"https:\/\/news.save.ch\/de\/"},{"@type":"ListItem","position":2,"name":"Wirtschaftskriminelle: meist m\u00e4nnlich, 36 bis 55 Jahre alt und langj\u00e4hrige Mitarbeiter"}]},{"@type":"WebSite","@id":"https:\/\/news.save.ch\/de\/#website","url":"https:\/\/news.save.ch\/de\/","name":"Save","description":"Revue suisse sp\u00e9cialis\u00e9e dans la s\u00e9curit\u00e9","publisher":{"@id":"https:\/\/news.save.ch\/de\/#organization"},"potentialAction":[{"@type":"SearchAction","target":{"@type":"EntryPoint","urlTemplate":"https:\/\/news.save.ch\/de\/?s={search_term_string}"},"query-input":{"@type":"PropertyValueSpecification","valueRequired":true,"valueName":"search_term_string"}}],"inLanguage":"fr-FR"},{"@type":"Organization","@id":"https:\/\/news.save.ch\/de\/#organization","name":"Forum sur la s\u00e9curit\u00e9","url":"https:\/\/news.save.ch\/de\/","logo":{"@type":"ImageObject","inLanguage":"fr-FR","@id":"https:\/\/news.save.ch\/de\/#\/schema\/logo\/image\/","url":"https:\/\/news.save.ch\/wp-content\/uploads\/2022\/06\/Logo_SF_2012.png","contentUrl":"https:\/\/news.save.ch\/wp-content\/uploads\/2022\/06\/Logo_SF_2012.png","width":1100,"height":91,"caption":"Sicherheitsforum"},"image":{"@id":"https:\/\/news.save.ch\/de\/#\/schema\/logo\/image\/"}},{"@type":"Person","@id":"https:\/\/news.save.ch\/de\/#\/schema\/person\/10917387362b3961e882740f6cf6f2a2","name":"stefanie Zeng","image":{"@type":"ImageObject","inLanguage":"fr-FR","@id":"https:\/\/secure.gravatar.com\/avatar\/eac43faa6e40bb2c41068c95c9d78bbd94c476d5efdff7abaab80bb3ea681e06?s=96&d=mm&r=g","url":"https:\/\/secure.gravatar.com\/avatar\/eac43faa6e40bb2c41068c95c9d78bbd94c476d5efdff7abaab80bb3ea681e06?s=96&d=mm&r=g","contentUrl":"https:\/\/secure.gravatar.com\/avatar\/eac43faa6e40bb2c41068c95c9d78bbd94c476d5efdff7abaab80bb3ea681e06?s=96&d=mm&r=g","caption":"stefanie Zeng"},"url":"https:\/\/news.save.ch\/fr\/author\/stefanie-zeng\/"}]}},"_links":{"self":[{"href":"https:\/\/news.save.ch\/fr\/wp-json\/wp\/v2\/posts\/24252","targetHints":{"allow":["GET"]}}],"collection":[{"href":"https:\/\/news.save.ch\/fr\/wp-json\/wp\/v2\/posts"}],"about":[{"href":"https:\/\/news.save.ch\/fr\/wp-json\/wp\/v2\/types\/post"}],"author":[{"embeddable":true,"href":"https:\/\/news.save.ch\/fr\/wp-json\/wp\/v2\/users\/31"}],"replies":[{"embeddable":true,"href":"https:\/\/news.save.ch\/fr\/wp-json\/wp\/v2\/comments?post=24252"}],"version-history":[{"count":2,"href":"https:\/\/news.save.ch\/fr\/wp-json\/wp\/v2\/posts\/24252\/revisions"}],"predecessor-version":[{"id":24255,"href":"https:\/\/news.save.ch\/fr\/wp-json\/wp\/v2\/posts\/24252\/revisions\/24255"}],"wp:featuredmedia":[{"embeddable":true,"href":"https:\/\/news.save.ch\/fr\/wp-json\/wp\/v2\/media\/24253"}],"wp:attachment":[{"href":"https:\/\/news.save.ch\/fr\/wp-json\/wp\/v2\/media?parent=24252"}],"wp:term":[{"taxonomy":"category","embeddable":true,"href":"https:\/\/news.save.ch\/fr\/wp-json\/wp\/v2\/categories?post=24252"},{"taxonomy":"post_tag","embeddable":true,"href":"https:\/\/news.save.ch\/fr\/wp-json\/wp\/v2\/tags?post=24252"}],"curies":[{"name":"wp","href":"https:\/\/api.w.org\/{rel}","templated":true}]}}