{"id":24257,"date":"2025-05-14T11:15:08","date_gmt":"2025-05-14T09:15:08","guid":{"rendered":"https:\/\/news.save.ch\/?p=24257"},"modified":"2025-05-14T11:15:08","modified_gmt":"2025-05-14T09:15:08","slug":"erster-umsetzungsbericht-zur-nationalen-cyberstrategie-ncs","status":null,"type":"post","link":"https:\/\/news.save.ch\/fr\/erster-umsetzungsbericht-zur-nationalen-cyberstrategie-ncs\/","title":{"rendered":"Premier rapport de mise en \u0153uvre de la cyberstrat\u00e9gie nationale (NCS)"},"content":{"rendered":"<figure id=\"attachment_24258\" aria-describedby=\"caption-attachment-24258\" style=\"width: 1000px\" class=\"wp-caption alignnone\"><a href=\"https:\/\/news.save.ch\/fr\/erster-umsetzungsbericht-zur-nationalen-cyberstrategie-ncs\/depositphotos_759611140_s\/\" rel=\"attachment wp-att-24258\"><img loading=\"lazy\" decoding=\"async\" class=\"size-full wp-image-24258\" src=\"https:\/\/news.save.ch\/wp-content\/uploads\/2025\/05\/Depositphotos_759611140_S.jpg\" alt=\"\" width=\"1000\" height=\"667\" srcset=\"https:\/\/news.save.ch\/wp-content\/uploads\/2025\/05\/Depositphotos_759611140_S.jpg 1000w, https:\/\/news.save.ch\/wp-content\/uploads\/2025\/05\/Depositphotos_759611140_S-680x454.jpg 680w, https:\/\/news.save.ch\/wp-content\/uploads\/2025\/05\/Depositphotos_759611140_S-768x512.jpg 768w, https:\/\/news.save.ch\/wp-content\/uploads\/2025\/05\/Depositphotos_759611140_S-18x12.jpg 18w, https:\/\/news.save.ch\/wp-content\/uploads\/2025\/05\/Depositphotos_759611140_S-375x250.jpg 375w, https:\/\/news.save.ch\/wp-content\/uploads\/2025\/05\/Depositphotos_759611140_S-525x350.jpg 525w\" sizes=\"auto, (max-width: 1000px) 100vw, 1000px\" \/><\/a><figcaption id=\"caption-attachment-24258\" class=\"wp-caption-text\">Photo : Depositphotos\/toppercussion<\/figcaption><\/figure>\n<p id=\"doc-1ir6ldfk60\" class=\"font--regular\">Avec la NCS, la Conf\u00e9d\u00e9ration adopte une approche globale pour renforcer la cyber-r\u00e9silience de la Suisse. Cinq objectifs strat\u00e9giques sont au c\u0153ur de cette d\u00e9marche : l'autonomisation de la population, la s\u00e9curit\u00e9 des services num\u00e9riques et des infrastructures critiques, la d\u00e9fense et la gestion des cyberattaques, la lutte contre la cybercriminalit\u00e9 et la coop\u00e9ration internationale. Le rapport de mise en \u0153uvre de la NCS fait \u00e9tat de progr\u00e8s \u00e9vidents. Ainsi, dans chacun des cinq objectifs strat\u00e9giques de la NCS, les projets en cours ont progress\u00e9 de mani\u00e8re cibl\u00e9e et de nouveaux ont \u00e9t\u00e9 lanc\u00e9s.<\/p>\n<h3 id=\"doc-1ir6ldh220\" class=\"h2\">Progr\u00e8s concrets dans la mise en \u0153uvre des NCS<\/h3>\n<p id=\"doc-1ir6ldh240\" class=\"font--regular\">Les comp\u00e9tences de la population, des entreprises et des autorit\u00e9s en mati\u00e8re de gestion des cybermenaces ont \u00e9t\u00e9 renforc\u00e9es par des mesures de sensibilisation et par la promotion de la recherche et de la formation. La campagne \"S-U-P-E-R.ch\" en 2024 et la participation de la Suisse au \"Mois europ\u00e9en de la cybers\u00e9curit\u00e9\" ont contribu\u00e9 \u00e0 sensibiliser le grand public aux th\u00e8mes de la cybers\u00e9curit\u00e9.<\/p>\n<p id=\"doc-1ir6ldh250\" class=\"font--regular\">La protection des infrastructures critiques contre les cybermenaces reste au c\u0153ur de la strat\u00e9gie. Des progr\u00e8s ont \u00e9t\u00e9 r\u00e9alis\u00e9s dans la mise en \u0153uvre des programmes de gestion des vuln\u00e9rabilit\u00e9s, tels que le programme Bug Bounty de la Conf\u00e9d\u00e9ration, ainsi que dans la cr\u00e9ation de centres de cybers\u00e9curit\u00e9 (CSC) sp\u00e9cialis\u00e9s dans des secteurs sensibles tels que la sant\u00e9 et le transport ferroviaire. La mise en place du Cyber Security Hub (CSH) au sein du BACS a en outre permis de d\u00e9velopper fortement l'\u00e9change d'informations sur les cybermenaces.<\/p>\n<p id=\"doc-1ir6ldh260\" class=\"font--regular\">En mati\u00e8re de normalisation et de r\u00e9glementation, l'ann\u00e9e derni\u00e8re a \u00e9t\u00e9 marqu\u00e9e par les travaux visant \u00e0 introduire une obligation de notification des cyberattaques sur les infrastructures critiques. Celle-ci est entr\u00e9e en vigueur le 1er avril 2025 et constitue la premi\u00e8re r\u00e9glementation intersectorielle dans le domaine de la cybers\u00e9curit\u00e9.<\/p>\n<p id=\"doc-1ir6ldh270\" class=\"font--regular\">Dans le domaine de la lutte contre la cybercriminalit\u00e9, la NCS encourage le d\u00e9veloppement de capacit\u00e9s sp\u00e9cialis\u00e9es au sein des autorit\u00e9s de poursuite p\u00e9nale ainsi qu'une coop\u00e9ration plus \u00e9troite au niveau national et international. Des plateformes telles que Cyber-CASE et NEDIK permettent d'identifier et de traiter plus rapidement les d\u00e9lits num\u00e9riques. Parall\u00e8lement, la standardisation des donn\u00e9es et des processus ainsi que des formations cibl\u00e9es devraient \u00e0 l'avenir permettre d'accro\u00eetre encore l'efficacit\u00e9.<\/p>\n<p id=\"doc-1ir6ldh271\" class=\"font--regular\">Au niveau international, la Suisse s'est activement positionn\u00e9e en faveur de la s\u00e9curit\u00e9 dans l'espace num\u00e9rique. Elle promeut le site de la Gen\u00e8ve internationale avec des initiatives comme la Geneva Cyber Week et renforce les efforts internationaux pour des r\u00e8gles contraignantes dans le cyberespace par sa participation aux processus de l'ONU et \u00e0 la Counter Ransomware Initiative.<\/p>\n<h3 id=\"doc-1ir6ldh280\" class=\"h2\">Le comit\u00e9 de pilotage NCS accompagne la mise en \u0153uvre de la strat\u00e9gie<\/h3>\n<p id=\"doc-1ir6ldh290\" class=\"font--regular\">La NCS a \u00e9t\u00e9 approuv\u00e9e par le Conseil f\u00e9d\u00e9ral et les gouvernements cantonaux (par le biais de la Conf\u00e9rence des directrices et directeurs des d\u00e9partements cantonaux de justice et police) en avril 2023. Comme pr\u00e9vu dans la NCS, le D\u00e9partement de la d\u00e9fense, de la protection de la population et des sports (DDPS) a mis en place en juin 2024 un comit\u00e9 de pilotage NCS (CP NCS) charg\u00e9 d'accompagner la mise en \u0153uvre et le d\u00e9veloppement de la strat\u00e9gie et d'informer chaque ann\u00e9e le Conseil f\u00e9d\u00e9ral, les cantons et le public sur l'\u00e9tat de la mise en \u0153uvre de la NCS.<\/p>\n<div id=\"doc-1ir6lmvve0\" class=\"container__aside\">\n<div>\n<div><em>Source : BACS<\/em><\/div>\n<\/div>\n<\/div>","protected":false},"excerpt":{"rendered":"<p>Mit der NCS verfolgt der Bund einen ganzheitlichen Ansatz, um die Cyberresilienz der Schweiz zu st\u00e4rken. Im Zentrum stehen dabei f\u00fcnf strategische Ziele: die Selbstbef\u00e4higung der Bev\u00f6lkerung, die Sicherheit digitaler Dienstleistungen und kritischer Infrastrukturen, die Abwehr und Bew\u00e4ltigung von Cyberangriffen, die Bek\u00e4mpfung der Cyberkriminalit\u00e4t sowie die internationale Zusammenarbeit. Der Umsetzungsbericht zur NCS zeigt klare Fortschritte [&hellip;]<\/p>\n","protected":false},"author":31,"featured_media":24258,"comment_status":"closed","ping_status":"closed","sticky":false,"template":"","format":"standard","meta":{"_acf_changed":false,"pgc_sgb_lightbox_settings":"","footnotes":""},"categories":[1],"tags":[6386,625,670,6240],"class_list":["post-24257","post","type-post","status-publish","format-standard","has-post-thumbnail","hentry","category-allgemein","tag-bacs","tag-cyberkriminalitaet","tag-cybersicherheit","tag-nationale-zentrum-fuer-cybersicherheit-ncsc"],"acf":[],"hkrextid":null,"publication":null,"issue":null,"workflow":null,"startPage":null,"spitzmarke":null,"_posts_by_tag_page_fields":null,"_at_widget":null,"_yoast_wpseo_primary_category":"","_yoast_wpseo_focuskw_text_input":null,"_yoast_wpseo_opengraph-image":null,"_yoast_wpseo_opengraph-description":null,"_yoast_wpseo_opengraph-title":null,"enclosure":null,"_yoast_wpseo_twitter-title":null,"_yoast_wpseo_twitter-description":null,"_yoast_wpseo_twitter-image":null,"_wp_old_slug":null,"_yoast_wpseo_title":null,"_yoast_wpseo_canonical":null,"yoast_head":"<!-- This site is optimized with the Yoast SEO plugin v27.5 - https:\/\/yoast.com\/product\/yoast-seo-wordpress\/ -->\n<title>Erster Umsetzungsbericht zur Nationalen Cyberstrategie (NCS) - Save<\/title>\n<meta name=\"description\" content=\"Der erste Umsetzungsbericht zur Nationalen Cyberstrategie dokumentiert den Stand der nationalen Arbeiten zur St\u00e4rkung der Cybersicherheit.\" \/>\n<meta name=\"robots\" content=\"index, follow, max-snippet:-1, max-image-preview:large, max-video-preview:-1\" \/>\n<link rel=\"canonical\" href=\"https:\/\/news.save.ch\/fr\/erster-umsetzungsbericht-zur-nationalen-cyberstrategie-ncs\/\" \/>\n<meta property=\"og:locale\" content=\"fr_FR\" \/>\n<meta property=\"og:type\" content=\"article\" \/>\n<meta property=\"og:title\" content=\"Erster Umsetzungsbericht zur Nationalen Cyberstrategie (NCS) - Save\" \/>\n<meta property=\"og:description\" content=\"Der erste Umsetzungsbericht zur Nationalen Cyberstrategie dokumentiert den Stand der nationalen Arbeiten zur St\u00e4rkung der Cybersicherheit.\" \/>\n<meta property=\"og:url\" content=\"https:\/\/news.save.ch\/fr\/erster-umsetzungsbericht-zur-nationalen-cyberstrategie-ncs\/\" \/>\n<meta property=\"og:site_name\" content=\"Save\" \/>\n<meta property=\"article:published_time\" content=\"2025-05-14T09:15:08+00:00\" \/>\n<meta property=\"og:image\" content=\"https:\/\/news.save.ch\/wp-content\/uploads\/2025\/05\/Depositphotos_759611140_S.jpg\" \/>\n\t<meta property=\"og:image:width\" content=\"1000\" \/>\n\t<meta property=\"og:image:height\" content=\"667\" \/>\n\t<meta property=\"og:image:type\" content=\"image\/jpeg\" \/>\n<meta name=\"author\" content=\"stefanie Zeng\" \/>\n<meta name=\"twitter:card\" content=\"summary_large_image\" \/>\n<meta name=\"twitter:label1\" content=\"\u00c9crit par\" \/>\n\t<meta name=\"twitter:data1\" content=\"stefanie Zeng\" \/>\n\t<meta name=\"twitter:label2\" content=\"Dur\u00e9e de lecture estim\u00e9e\" \/>\n\t<meta name=\"twitter:data2\" content=\"3 minutes\" \/>\n<script type=\"application\/ld+json\" class=\"yoast-schema-graph\">{\"@context\":\"https:\\\/\\\/schema.org\",\"@graph\":[{\"@type\":\"Article\",\"@id\":\"https:\\\/\\\/news.save.ch\\\/erster-umsetzungsbericht-zur-nationalen-cyberstrategie-ncs\\\/#article\",\"isPartOf\":{\"@id\":\"https:\\\/\\\/news.save.ch\\\/erster-umsetzungsbericht-zur-nationalen-cyberstrategie-ncs\\\/\"},\"author\":{\"name\":\"stefanie Zeng\",\"@id\":\"https:\\\/\\\/news.save.ch\\\/de\\\/#\\\/schema\\\/person\\\/10917387362b3961e882740f6cf6f2a2\"},\"headline\":\"Erster Umsetzungsbericht zur Nationalen Cyberstrategie (NCS)\",\"datePublished\":\"2025-05-14T09:15:08+00:00\",\"mainEntityOfPage\":{\"@id\":\"https:\\\/\\\/news.save.ch\\\/erster-umsetzungsbericht-zur-nationalen-cyberstrategie-ncs\\\/\"},\"wordCount\":456,\"publisher\":{\"@id\":\"https:\\\/\\\/news.save.ch\\\/de\\\/#organization\"},\"image\":{\"@id\":\"https:\\\/\\\/news.save.ch\\\/erster-umsetzungsbericht-zur-nationalen-cyberstrategie-ncs\\\/#primaryimage\"},\"thumbnailUrl\":\"https:\\\/\\\/news.save.ch\\\/wp-content\\\/uploads\\\/2025\\\/05\\\/Depositphotos_759611140_S.jpg\",\"keywords\":[\"BACS\",\"Cyberkriminalit\u00e4t\",\"Cybersicherheit\",\"Nationale Zentrum f\u00fcr Cybersicherheit (NCSC)\"],\"articleSection\":[\"ALLGEMEIN\"],\"inLanguage\":\"fr-FR\"},{\"@type\":\"WebPage\",\"@id\":\"https:\\\/\\\/news.save.ch\\\/erster-umsetzungsbericht-zur-nationalen-cyberstrategie-ncs\\\/\",\"url\":\"https:\\\/\\\/news.save.ch\\\/erster-umsetzungsbericht-zur-nationalen-cyberstrategie-ncs\\\/\",\"name\":\"Erster Umsetzungsbericht zur Nationalen Cyberstrategie (NCS) - Save\",\"isPartOf\":{\"@id\":\"https:\\\/\\\/news.save.ch\\\/de\\\/#website\"},\"primaryImageOfPage\":{\"@id\":\"https:\\\/\\\/news.save.ch\\\/erster-umsetzungsbericht-zur-nationalen-cyberstrategie-ncs\\\/#primaryimage\"},\"image\":{\"@id\":\"https:\\\/\\\/news.save.ch\\\/erster-umsetzungsbericht-zur-nationalen-cyberstrategie-ncs\\\/#primaryimage\"},\"thumbnailUrl\":\"https:\\\/\\\/news.save.ch\\\/wp-content\\\/uploads\\\/2025\\\/05\\\/Depositphotos_759611140_S.jpg\",\"datePublished\":\"2025-05-14T09:15:08+00:00\",\"description\":\"Der erste Umsetzungsbericht zur Nationalen Cyberstrategie dokumentiert den Stand der nationalen Arbeiten zur St\u00e4rkung der Cybersicherheit.\",\"breadcrumb\":{\"@id\":\"https:\\\/\\\/news.save.ch\\\/erster-umsetzungsbericht-zur-nationalen-cyberstrategie-ncs\\\/#breadcrumb\"},\"inLanguage\":\"fr-FR\",\"potentialAction\":[{\"@type\":\"ReadAction\",\"target\":[\"https:\\\/\\\/news.save.ch\\\/erster-umsetzungsbericht-zur-nationalen-cyberstrategie-ncs\\\/\"]}]},{\"@type\":\"ImageObject\",\"inLanguage\":\"fr-FR\",\"@id\":\"https:\\\/\\\/news.save.ch\\\/erster-umsetzungsbericht-zur-nationalen-cyberstrategie-ncs\\\/#primaryimage\",\"url\":\"https:\\\/\\\/news.save.ch\\\/wp-content\\\/uploads\\\/2025\\\/05\\\/Depositphotos_759611140_S.jpg\",\"contentUrl\":\"https:\\\/\\\/news.save.ch\\\/wp-content\\\/uploads\\\/2025\\\/05\\\/Depositphotos_759611140_S.jpg\",\"width\":1000,\"height\":667,\"caption\":\"Foto: Depositphotos\\\/toppercussion\"},{\"@type\":\"BreadcrumbList\",\"@id\":\"https:\\\/\\\/news.save.ch\\\/erster-umsetzungsbericht-zur-nationalen-cyberstrategie-ncs\\\/#breadcrumb\",\"itemListElement\":[{\"@type\":\"ListItem\",\"position\":1,\"name\":\"Home\",\"item\":\"https:\\\/\\\/news.save.ch\\\/de\\\/\"},{\"@type\":\"ListItem\",\"position\":2,\"name\":\"Erster Umsetzungsbericht zur Nationalen Cyberstrategie (NCS)\"}]},{\"@type\":\"WebSite\",\"@id\":\"https:\\\/\\\/news.save.ch\\\/de\\\/#website\",\"url\":\"https:\\\/\\\/news.save.ch\\\/de\\\/\",\"name\":\"Save\",\"description\":\"Schweizer Fachzeitschrift f\u00fcr Sicherheit\",\"publisher\":{\"@id\":\"https:\\\/\\\/news.save.ch\\\/de\\\/#organization\"},\"potentialAction\":[{\"@type\":\"SearchAction\",\"target\":{\"@type\":\"EntryPoint\",\"urlTemplate\":\"https:\\\/\\\/news.save.ch\\\/de\\\/?s={search_term_string}\"},\"query-input\":{\"@type\":\"PropertyValueSpecification\",\"valueRequired\":true,\"valueName\":\"search_term_string\"}}],\"inLanguage\":\"fr-FR\"},{\"@type\":\"Organization\",\"@id\":\"https:\\\/\\\/news.save.ch\\\/de\\\/#organization\",\"name\":\"Sicherheitsforum\",\"url\":\"https:\\\/\\\/news.save.ch\\\/de\\\/\",\"logo\":{\"@type\":\"ImageObject\",\"inLanguage\":\"fr-FR\",\"@id\":\"https:\\\/\\\/news.save.ch\\\/de\\\/#\\\/schema\\\/logo\\\/image\\\/\",\"url\":\"https:\\\/\\\/news.save.ch\\\/wp-content\\\/uploads\\\/2022\\\/06\\\/Logo_SF_2012.png\",\"contentUrl\":\"https:\\\/\\\/news.save.ch\\\/wp-content\\\/uploads\\\/2022\\\/06\\\/Logo_SF_2012.png\",\"width\":1100,\"height\":91,\"caption\":\"Sicherheitsforum\"},\"image\":{\"@id\":\"https:\\\/\\\/news.save.ch\\\/de\\\/#\\\/schema\\\/logo\\\/image\\\/\"}},{\"@type\":\"Person\",\"@id\":\"https:\\\/\\\/news.save.ch\\\/de\\\/#\\\/schema\\\/person\\\/10917387362b3961e882740f6cf6f2a2\",\"name\":\"stefanie Zeng\",\"image\":{\"@type\":\"ImageObject\",\"inLanguage\":\"fr-FR\",\"@id\":\"https:\\\/\\\/secure.gravatar.com\\\/avatar\\\/eac43faa6e40bb2c41068c95c9d78bbd94c476d5efdff7abaab80bb3ea681e06?s=96&d=mm&r=g\",\"url\":\"https:\\\/\\\/secure.gravatar.com\\\/avatar\\\/eac43faa6e40bb2c41068c95c9d78bbd94c476d5efdff7abaab80bb3ea681e06?s=96&d=mm&r=g\",\"contentUrl\":\"https:\\\/\\\/secure.gravatar.com\\\/avatar\\\/eac43faa6e40bb2c41068c95c9d78bbd94c476d5efdff7abaab80bb3ea681e06?s=96&d=mm&r=g\",\"caption\":\"stefanie Zeng\"},\"url\":\"https:\\\/\\\/news.save.ch\\\/fr\\\/author\\\/stefanie-zeng\\\/\"}]}<\/script>\n<!-- \/ Yoast SEO plugin. -->","yoast_head_json":{"title":"Premier rapport de mise en \u0153uvre de la cyberstrat\u00e9gie nationale (NCS) - Save","description":"Le premier rapport de mise en \u0153uvre de la cyberstrat\u00e9gie nationale documente l'\u00e9tat d'avancement des travaux nationaux visant \u00e0 renforcer la cybers\u00e9curit\u00e9.","robots":{"index":"index","follow":"follow","max-snippet":"max-snippet:-1","max-image-preview":"max-image-preview:large","max-video-preview":"max-video-preview:-1"},"canonical":"https:\/\/news.save.ch\/fr\/erster-umsetzungsbericht-zur-nationalen-cyberstrategie-ncs\/","og_locale":"fr_FR","og_type":"article","og_title":"Erster Umsetzungsbericht zur Nationalen Cyberstrategie (NCS) - Save","og_description":"Der erste Umsetzungsbericht zur Nationalen Cyberstrategie dokumentiert den Stand der nationalen Arbeiten zur St\u00e4rkung der Cybersicherheit.","og_url":"https:\/\/news.save.ch\/fr\/erster-umsetzungsbericht-zur-nationalen-cyberstrategie-ncs\/","og_site_name":"Save","article_published_time":"2025-05-14T09:15:08+00:00","og_image":[{"width":1000,"height":667,"url":"https:\/\/news.save.ch\/wp-content\/uploads\/2025\/05\/Depositphotos_759611140_S.jpg","type":"image\/jpeg"}],"author":"stefanie Zeng","twitter_card":"summary_large_image","twitter_misc":{"\u00c9crit par":"stefanie Zeng","Dur\u00e9e de lecture estim\u00e9e":"3 minutes"},"schema":{"@context":"https:\/\/schema.org","@graph":[{"@type":"Article","@id":"https:\/\/news.save.ch\/erster-umsetzungsbericht-zur-nationalen-cyberstrategie-ncs\/#article","isPartOf":{"@id":"https:\/\/news.save.ch\/erster-umsetzungsbericht-zur-nationalen-cyberstrategie-ncs\/"},"author":{"name":"stefanie Zeng","@id":"https:\/\/news.save.ch\/de\/#\/schema\/person\/10917387362b3961e882740f6cf6f2a2"},"headline":"Erster Umsetzungsbericht zur Nationalen Cyberstrategie (NCS)","datePublished":"2025-05-14T09:15:08+00:00","mainEntityOfPage":{"@id":"https:\/\/news.save.ch\/erster-umsetzungsbericht-zur-nationalen-cyberstrategie-ncs\/"},"wordCount":456,"publisher":{"@id":"https:\/\/news.save.ch\/de\/#organization"},"image":{"@id":"https:\/\/news.save.ch\/erster-umsetzungsbericht-zur-nationalen-cyberstrategie-ncs\/#primaryimage"},"thumbnailUrl":"https:\/\/news.save.ch\/wp-content\/uploads\/2025\/05\/Depositphotos_759611140_S.jpg","keywords":["BACS","Cyberkriminalit\u00e4t","Cybersicherheit","Nationale Zentrum f\u00fcr Cybersicherheit (NCSC)"],"articleSection":["ALLGEMEIN"],"inLanguage":"fr-FR"},{"@type":"WebPage","@id":"https:\/\/news.save.ch\/erster-umsetzungsbericht-zur-nationalen-cyberstrategie-ncs\/","url":"https:\/\/news.save.ch\/erster-umsetzungsbericht-zur-nationalen-cyberstrategie-ncs\/","name":"Premier rapport de mise en \u0153uvre de la cyberstrat\u00e9gie nationale (NCS) - Save","isPartOf":{"@id":"https:\/\/news.save.ch\/de\/#website"},"primaryImageOfPage":{"@id":"https:\/\/news.save.ch\/erster-umsetzungsbericht-zur-nationalen-cyberstrategie-ncs\/#primaryimage"},"image":{"@id":"https:\/\/news.save.ch\/erster-umsetzungsbericht-zur-nationalen-cyberstrategie-ncs\/#primaryimage"},"thumbnailUrl":"https:\/\/news.save.ch\/wp-content\/uploads\/2025\/05\/Depositphotos_759611140_S.jpg","datePublished":"2025-05-14T09:15:08+00:00","description":"Le premier rapport de mise en \u0153uvre de la cyberstrat\u00e9gie nationale documente l'\u00e9tat d'avancement des travaux nationaux visant \u00e0 renforcer la cybers\u00e9curit\u00e9.","breadcrumb":{"@id":"https:\/\/news.save.ch\/erster-umsetzungsbericht-zur-nationalen-cyberstrategie-ncs\/#breadcrumb"},"inLanguage":"fr-FR","potentialAction":[{"@type":"ReadAction","target":["https:\/\/news.save.ch\/erster-umsetzungsbericht-zur-nationalen-cyberstrategie-ncs\/"]}]},{"@type":"ImageObject","inLanguage":"fr-FR","@id":"https:\/\/news.save.ch\/erster-umsetzungsbericht-zur-nationalen-cyberstrategie-ncs\/#primaryimage","url":"https:\/\/news.save.ch\/wp-content\/uploads\/2025\/05\/Depositphotos_759611140_S.jpg","contentUrl":"https:\/\/news.save.ch\/wp-content\/uploads\/2025\/05\/Depositphotos_759611140_S.jpg","width":1000,"height":667,"caption":"Foto: Depositphotos\/toppercussion"},{"@type":"BreadcrumbList","@id":"https:\/\/news.save.ch\/erster-umsetzungsbericht-zur-nationalen-cyberstrategie-ncs\/#breadcrumb","itemListElement":[{"@type":"ListItem","position":1,"name":"Home","item":"https:\/\/news.save.ch\/de\/"},{"@type":"ListItem","position":2,"name":"Erster Umsetzungsbericht zur Nationalen Cyberstrategie (NCS)"}]},{"@type":"WebSite","@id":"https:\/\/news.save.ch\/de\/#website","url":"https:\/\/news.save.ch\/de\/","name":"Save","description":"Revue suisse sp\u00e9cialis\u00e9e dans la s\u00e9curit\u00e9","publisher":{"@id":"https:\/\/news.save.ch\/de\/#organization"},"potentialAction":[{"@type":"SearchAction","target":{"@type":"EntryPoint","urlTemplate":"https:\/\/news.save.ch\/de\/?s={search_term_string}"},"query-input":{"@type":"PropertyValueSpecification","valueRequired":true,"valueName":"search_term_string"}}],"inLanguage":"fr-FR"},{"@type":"Organization","@id":"https:\/\/news.save.ch\/de\/#organization","name":"Forum sur la s\u00e9curit\u00e9","url":"https:\/\/news.save.ch\/de\/","logo":{"@type":"ImageObject","inLanguage":"fr-FR","@id":"https:\/\/news.save.ch\/de\/#\/schema\/logo\/image\/","url":"https:\/\/news.save.ch\/wp-content\/uploads\/2022\/06\/Logo_SF_2012.png","contentUrl":"https:\/\/news.save.ch\/wp-content\/uploads\/2022\/06\/Logo_SF_2012.png","width":1100,"height":91,"caption":"Sicherheitsforum"},"image":{"@id":"https:\/\/news.save.ch\/de\/#\/schema\/logo\/image\/"}},{"@type":"Person","@id":"https:\/\/news.save.ch\/de\/#\/schema\/person\/10917387362b3961e882740f6cf6f2a2","name":"stefanie Zeng","image":{"@type":"ImageObject","inLanguage":"fr-FR","@id":"https:\/\/secure.gravatar.com\/avatar\/eac43faa6e40bb2c41068c95c9d78bbd94c476d5efdff7abaab80bb3ea681e06?s=96&d=mm&r=g","url":"https:\/\/secure.gravatar.com\/avatar\/eac43faa6e40bb2c41068c95c9d78bbd94c476d5efdff7abaab80bb3ea681e06?s=96&d=mm&r=g","contentUrl":"https:\/\/secure.gravatar.com\/avatar\/eac43faa6e40bb2c41068c95c9d78bbd94c476d5efdff7abaab80bb3ea681e06?s=96&d=mm&r=g","caption":"stefanie Zeng"},"url":"https:\/\/news.save.ch\/fr\/author\/stefanie-zeng\/"}]}},"_links":{"self":[{"href":"https:\/\/news.save.ch\/fr\/wp-json\/wp\/v2\/posts\/24257","targetHints":{"allow":["GET"]}}],"collection":[{"href":"https:\/\/news.save.ch\/fr\/wp-json\/wp\/v2\/posts"}],"about":[{"href":"https:\/\/news.save.ch\/fr\/wp-json\/wp\/v2\/types\/post"}],"author":[{"embeddable":true,"href":"https:\/\/news.save.ch\/fr\/wp-json\/wp\/v2\/users\/31"}],"replies":[{"embeddable":true,"href":"https:\/\/news.save.ch\/fr\/wp-json\/wp\/v2\/comments?post=24257"}],"version-history":[{"count":2,"href":"https:\/\/news.save.ch\/fr\/wp-json\/wp\/v2\/posts\/24257\/revisions"}],"predecessor-version":[{"id":24260,"href":"https:\/\/news.save.ch\/fr\/wp-json\/wp\/v2\/posts\/24257\/revisions\/24260"}],"wp:featuredmedia":[{"embeddable":true,"href":"https:\/\/news.save.ch\/fr\/wp-json\/wp\/v2\/media\/24258"}],"wp:attachment":[{"href":"https:\/\/news.save.ch\/fr\/wp-json\/wp\/v2\/media?parent=24257"}],"wp:term":[{"taxonomy":"category","embeddable":true,"href":"https:\/\/news.save.ch\/fr\/wp-json\/wp\/v2\/categories?post=24257"},{"taxonomy":"post_tag","embeddable":true,"href":"https:\/\/news.save.ch\/fr\/wp-json\/wp\/v2\/tags?post=24257"}],"curies":[{"name":"wp","href":"https:\/\/api.w.org\/{rel}","templated":true}]}}