{"id":24300,"date":"2025-06-02T12:32:06","date_gmt":"2025-06-02T10:32:06","guid":{"rendered":"https:\/\/news.save.ch\/?p=24300"},"modified":"2025-06-02T12:32:11","modified_gmt":"2025-06-02T10:32:11","slug":"axis-communications-erweitert-produktportfolio","status":null,"type":"post","link":"https:\/\/news.save.ch\/fr\/axis-communications-erweitert-produktportfolio\/","title":{"rendered":"Axis Communications \u00e9largit son portefeuille de produits"},"content":{"rendered":"<figure id=\"attachment_24301\" aria-describedby=\"caption-attachment-24301\" style=\"width: 1400px\" class=\"wp-caption alignnone\"><a href=\"https:\/\/news.save.ch\/fr\/axis-communications-erweitert-produktportfolio\/axis-d6210-air-quality-sensor_2_copyright-axis-communications-scaled\/\" rel=\"attachment wp-att-24301\"><img loading=\"lazy\" decoding=\"async\" class=\"size-full wp-image-24301\" src=\"https:\/\/news.save.ch\/wp-content\/uploads\/2025\/06\/AXIS-D6210-Air-Quality-Sensor_2_Copyright-Axis-Communications-scaled-1-scaled.jpg\" alt=\"\" width=\"1400\" height=\"933\" srcset=\"https:\/\/news.save.ch\/wp-content\/uploads\/2025\/06\/AXIS-D6210-Air-Quality-Sensor_2_Copyright-Axis-Communications-scaled-1-scaled.jpg 1200w, https:\/\/news.save.ch\/wp-content\/uploads\/2025\/06\/AXIS-D6210-Air-Quality-Sensor_2_Copyright-Axis-Communications-scaled-1-680x453.jpg 680w, https:\/\/news.save.ch\/wp-content\/uploads\/2025\/06\/AXIS-D6210-Air-Quality-Sensor_2_Copyright-Axis-Communications-scaled-1-1024x682.jpg 1024w, https:\/\/news.save.ch\/wp-content\/uploads\/2025\/06\/AXIS-D6210-Air-Quality-Sensor_2_Copyright-Axis-Communications-scaled-1-768x512.jpg 768w, https:\/\/news.save.ch\/wp-content\/uploads\/2025\/06\/AXIS-D6210-Air-Quality-Sensor_2_Copyright-Axis-Communications-scaled-1-1536x1024.jpg 1536w, https:\/\/news.save.ch\/wp-content\/uploads\/2025\/06\/AXIS-D6210-Air-Quality-Sensor_2_Copyright-Axis-Communications-scaled-1-2048x1365.jpg 2048w, https:\/\/news.save.ch\/wp-content\/uploads\/2025\/06\/AXIS-D6210-Air-Quality-Sensor_2_Copyright-Axis-Communications-scaled-1-18x12.jpg 18w, https:\/\/news.save.ch\/wp-content\/uploads\/2025\/06\/AXIS-D6210-Air-Quality-Sensor_2_Copyright-Axis-Communications-scaled-1-375x250.jpg 375w, https:\/\/news.save.ch\/wp-content\/uploads\/2025\/06\/AXIS-D6210-Air-Quality-Sensor_2_Copyright-Axis-Communications-scaled-1-525x350.jpg 525w, https:\/\/news.save.ch\/wp-content\/uploads\/2025\/06\/AXIS-D6210-Air-Quality-Sensor_2_Copyright-Axis-Communications-scaled-1-1000x666.jpg 1000w\" sizes=\"auto, (max-width: 1400px) 100vw, 1400px\" \/><\/a><figcaption id=\"caption-attachment-24301\" class=\"wp-caption-text\">Photo : Axis Communications<\/figcaption><\/figure>\n<p><span class=\"markb7d6ochzl\" data-markjs=\"true\" data-ogac=\"\" data-ogab=\"\" data-ogsc=\"\" data-ogsb=\"\">Axis<\/span>\u00a0Communications, leader technologique dans le domaine de la vid\u00e9o sur IP, lance une toute nouvelle cat\u00e9gorie de produits : des capteurs environnementaux pour la mesure de diff\u00e9rents param\u00e8tres relatifs \u00e0 la sant\u00e9 et \u00e0 la s\u00e9curit\u00e9. Le premier produit est le\u00a0<span class=\"markb7d6ochzl\" data-markjs=\"true\" data-ogac=\"\" data-ogab=\"\" data-ogsc=\"\" data-ogsb=\"\">AXIS<\/span>\u00a0D6210 Air Quality Sensor, un capteur de qualit\u00e9 de l'air \u00e9conomique pour mesurer la qualit\u00e9 de l'air int\u00e9rieur.<\/p>\n<p>Le site\u00a0<span class=\"markb7d6ochzl\" data-markjs=\"true\" data-ogac=\"\" data-ogab=\"\" data-ogsc=\"\" data-ogsb=\"\">AXIS<\/span> D6210 Air Quality Sensor est un capteur de qualit\u00e9 de l'air qui permet de surveiller diff\u00e9rents param\u00e8tres de la qualit\u00e9 de l'air int\u00e9rieur : Il d\u00e9tecte la vapeur d'a\u00e9rosol g\u00e9n\u00e9r\u00e9e par les cigarettes \u00e9lectroniques (en anglais \"vaping\"), la fum\u00e9e de cigarette et diff\u00e9rents polluants atmosph\u00e9riques, dont le pollen, les particules fines (PM), le dioxyde de carbone (CO<sub>2<\/sub>), les oxydes d'azote (NOx) et les compos\u00e9s organiques volatils (COV). En outre, il peut mesurer l'humidit\u00e9 relative et la temp\u00e9rature de l'air dans une plage de -10 \u00e0 45 degr\u00e9s Celsius et, en combinaison avec d'autres appareils, il peut mesurer la temp\u00e9rature de l'air. <span class=\"markb7d6ochzl\" data-markjs=\"true\" data-ogac=\"\" data-ogab=\"\" data-ogsc=\"\" data-ogsb=\"\">Axis<\/span>-Le syst\u00e8me de gestion de la s\u00e9curit\u00e9 peut d\u00e9clencher des r\u00e9actions automatiques en temps r\u00e9el lorsque certains seuils pr\u00e9d\u00e9finis sont d\u00e9pass\u00e9s.<\/p>\n<h3><span data-olk-copy-source=\"MessageBody\">Flexibilit\u00e9 d'installation et d'utilisation<\/span><\/h3>\n<p>Cela est possible gr\u00e2ce \u00e0 la technologie Portcast de\u00a0<span class=\"markb7d6ochzl\" data-markjs=\"true\" data-ogac=\"\" data-ogab=\"\" data-ogsc=\"\" data-ogsb=\"\">Axis<\/span>. Elle permet d'int\u00e9grer le capteur de mani\u00e8re transparente, selon le principe plug-and-play, dans une s\u00e9lection de solutions r\u00e9seau existantes de\u00a0<span class=\"markb7d6ochzl\" data-markjs=\"true\" data-ogac=\"\" data-ogab=\"\" data-ogsc=\"\" data-ogsb=\"\">Axis<\/span>\u00a0- dont pr\u00e8s de la moiti\u00e9 des fonds actuellement disponibles\u00a0<span class=\"markb7d6ochzl\" data-markjs=\"true\" data-ogac=\"\" data-ogab=\"\" data-ogsc=\"\" data-ogsb=\"\">Axis<\/span>-sans qu'il soit n\u00e9cessaire d'ajouter des adresses IP, des ports de commutation ou des connexions \u00e9lectriques. Il est ainsi possible, par exemple, d'afficher des param\u00e8tres de qualit\u00e9 de l'air en plus dans la section d'image d'une cam\u00e9ra r\u00e9seau connect\u00e9e ou d'\u00e9mettre un message d'avertissement via un haut-parleur pour signaler une mauvaise qualit\u00e9 de l'air.<\/p>\n<figure id=\"attachment_24302\" aria-describedby=\"caption-attachment-24302\" style=\"width: 1400px\" class=\"wp-caption alignnone\"><a href=\"https:\/\/news.save.ch\/fr\/axis-communications-erweitert-produktportfolio\/axis-d6210-air-quality-sensor_7_copyright-axis-communication-scaled\/\" rel=\"attachment wp-att-24302\"><img loading=\"lazy\" decoding=\"async\" class=\"size-full wp-image-24302\" src=\"https:\/\/news.save.ch\/wp-content\/uploads\/2025\/06\/AXIS-D6210-Air-Quality-Sensor_7_Copyright-Axis-Communication-scaled-1-scaled.jpg\" alt=\"\" width=\"1400\" height=\"933\" srcset=\"https:\/\/news.save.ch\/wp-content\/uploads\/2025\/06\/AXIS-D6210-Air-Quality-Sensor_7_Copyright-Axis-Communication-scaled-1-scaled.jpg 1200w, https:\/\/news.save.ch\/wp-content\/uploads\/2025\/06\/AXIS-D6210-Air-Quality-Sensor_7_Copyright-Axis-Communication-scaled-1-680x453.jpg 680w, https:\/\/news.save.ch\/wp-content\/uploads\/2025\/06\/AXIS-D6210-Air-Quality-Sensor_7_Copyright-Axis-Communication-scaled-1-1024x682.jpg 1024w, https:\/\/news.save.ch\/wp-content\/uploads\/2025\/06\/AXIS-D6210-Air-Quality-Sensor_7_Copyright-Axis-Communication-scaled-1-768x512.jpg 768w, https:\/\/news.save.ch\/wp-content\/uploads\/2025\/06\/AXIS-D6210-Air-Quality-Sensor_7_Copyright-Axis-Communication-scaled-1-1536x1024.jpg 1536w, https:\/\/news.save.ch\/wp-content\/uploads\/2025\/06\/AXIS-D6210-Air-Quality-Sensor_7_Copyright-Axis-Communication-scaled-1-2048x1365.jpg 2048w, https:\/\/news.save.ch\/wp-content\/uploads\/2025\/06\/AXIS-D6210-Air-Quality-Sensor_7_Copyright-Axis-Communication-scaled-1-18x12.jpg 18w, https:\/\/news.save.ch\/wp-content\/uploads\/2025\/06\/AXIS-D6210-Air-Quality-Sensor_7_Copyright-Axis-Communication-scaled-1-375x250.jpg 375w, https:\/\/news.save.ch\/wp-content\/uploads\/2025\/06\/AXIS-D6210-Air-Quality-Sensor_7_Copyright-Axis-Communication-scaled-1-525x350.jpg 525w, https:\/\/news.save.ch\/wp-content\/uploads\/2025\/06\/AXIS-D6210-Air-Quality-Sensor_7_Copyright-Axis-Communication-scaled-1-1000x666.jpg 1000w\" sizes=\"auto, (max-width: 1400px) 100vw, 1400px\" \/><\/a><figcaption id=\"caption-attachment-24302\" class=\"wp-caption-text\">Photo : Axis Communications<\/figcaption><\/figure>\n<p>Pour une plus grande flexibilit\u00e9 de placement, le capteur peut \u00eatre plac\u00e9 \u00e0 une distance maximale de 100 m\u00e8tres de l'appareil r\u00e9seau ou de la source d'alimentation. Comme le capteur et l'appareil connect\u00e9 utilisent la m\u00eame adresse IP, ils peuvent \u00eatre facilement configur\u00e9s et g\u00e9r\u00e9s simultan\u00e9ment. De cette mani\u00e8re, la fonctionnalit\u00e9 des capteurs existants peut \u00eatre am\u00e9lior\u00e9e.\u00a0<span class=\"markb7d6ochzl\" data-markjs=\"true\" data-ogac=\"\" data-ogab=\"\" data-ogsc=\"\" data-ogsb=\"\">Axis<\/span>-Les appareils de mesure de la qualit\u00e9 de l'air peuvent \u00eatre \u00e9tendus de mani\u00e8re \u00e9conomique et cr\u00e9er une solution flexible de bout en bout pour mesurer la qualit\u00e9 de l'air int\u00e9rieur.<\/p>\n<h3>Un levier pour des am\u00e9liorations \u00e0 long terme<\/h3>\n<p>En plus de l'am\u00e9lioration de la qualit\u00e9 de l'air int\u00e9rieur, les entreprises peuvent, sur la base des donn\u00e9es fournies par le\u00a0<span class=\"markb7d6ochzl\" data-markjs=\"true\" data-ogac=\"\" data-ogab=\"\" data-ogsc=\"\" data-ogsb=\"\">AXIS<\/span> D6210 Air Quality Sensor, ils peuvent documenter leur conformit\u00e9 aux exigences r\u00e9glementaires. En outre, ils peuvent adapter leur strat\u00e9gie de ventilation et de chauffage afin d'\u00e9conomiser des co\u00fbts \u00e9nerg\u00e9tiques et de r\u00e9duire leur empreinte \u00e9cologique. En combinaison avec d'autres ensembles de donn\u00e9es, ils peuvent ainsi, \u00e0 long terme, faire avancer plus efficacement la planification et la mise en \u0153uvre d'initiatives \"Smart Building\".<\/p>","protected":false},"excerpt":{"rendered":"<p>Axis\u00a0Communications, Technologief\u00fchrer im Bereich Netzwerk-Video, launcht eine komplett neue Produktkategorie: Umgebungssensoren zur Messung verschiedener gesundheits- und sicherheitsrelevanter Parameter. Den Anfang macht der\u00a0AXIS\u00a0D6210 Air Quality Sensor, ein kosteng\u00fcnstiger Luftqualit\u00e4tssensor zur Messung von Luftqualit\u00e4t in Innenr\u00e4umen. Der\u00a0AXIS D6210 Air Quality Sensor kann als Luftqualit\u00e4tssensor verschiedene Parameter der Raumluftqualit\u00e4t \u00fcberwachen: Er erkennt von E-Zigaretten erzeugten Aerosol-Dampf (engl. \u00abVaping\u00bb), [&hellip;]<\/p>\n","protected":false},"author":31,"featured_media":0,"comment_status":"closed","ping_status":"closed","sticky":false,"template":"","format":"standard","meta":{"_acf_changed":false,"pgc_sgb_lightbox_settings":"","footnotes":""},"categories":[3314],"tags":[343],"class_list":["post-24300","post","type-post","status-publish","format-standard","hentry","category-health-safety","tag-axis"],"acf":[],"hkrextid":null,"publication":null,"issue":null,"workflow":null,"startPage":null,"spitzmarke":null,"_posts_by_tag_page_fields":null,"_at_widget":null,"_yoast_wpseo_primary_category":"3314","_yoast_wpseo_focuskw_text_input":null,"_yoast_wpseo_opengraph-image":null,"_yoast_wpseo_opengraph-description":null,"_yoast_wpseo_opengraph-title":null,"enclosure":null,"_yoast_wpseo_twitter-title":null,"_yoast_wpseo_twitter-description":null,"_yoast_wpseo_twitter-image":null,"_wp_old_slug":null,"_yoast_wpseo_title":null,"_yoast_wpseo_canonical":null,"yoast_head":"<!-- This site is optimized with the Yoast SEO plugin v27.4 - https:\/\/yoast.com\/product\/yoast-seo-wordpress\/ -->\n<title>Axis Communications erweitert Produktportfolio - Save<\/title>\n<meta name=\"description\" content=\"Der erste Luftqualit\u00e4tssensor von\u00a0Axis\u00a0Communications erkennt Luftschadstoffe und unterst\u00fctzt Unternehmen bei der Verbesserung der Luftqualit\u00e4t in Innenr\u00e4umen.\" \/>\n<meta name=\"robots\" content=\"index, follow, max-snippet:-1, max-image-preview:large, max-video-preview:-1\" \/>\n<link rel=\"canonical\" href=\"https:\/\/news.save.ch\/fr\/axis-communications-erweitert-produktportfolio\/\" \/>\n<meta property=\"og:locale\" content=\"fr_FR\" \/>\n<meta property=\"og:type\" content=\"article\" \/>\n<meta property=\"og:title\" content=\"Axis Communications erweitert Produktportfolio - Save\" \/>\n<meta property=\"og:description\" content=\"Der erste Luftqualit\u00e4tssensor von\u00a0Axis\u00a0Communications erkennt Luftschadstoffe und unterst\u00fctzt Unternehmen bei der Verbesserung der Luftqualit\u00e4t in Innenr\u00e4umen.\" \/>\n<meta property=\"og:url\" content=\"https:\/\/news.save.ch\/fr\/axis-communications-erweitert-produktportfolio\/\" \/>\n<meta property=\"og:site_name\" content=\"Save\" \/>\n<meta property=\"article:published_time\" content=\"2025-06-02T10:32:06+00:00\" \/>\n<meta property=\"article:modified_time\" content=\"2025-06-02T10:32:11+00:00\" \/>\n<meta property=\"og:image\" content=\"https:\/\/news.save.ch\/wp-content\/uploads\/2025\/06\/AXIS-D6210-Air-Quality-Sensor_2_Copyright-Axis-Communications-scaled-1-scaled.jpg\" \/>\n\t<meta property=\"og:image:width\" content=\"1200\" \/>\n\t<meta property=\"og:image:height\" content=\"800\" \/>\n\t<meta property=\"og:image:type\" content=\"image\/jpeg\" \/>\n<meta name=\"author\" content=\"stefanie Zeng\" \/>\n<meta name=\"twitter:card\" content=\"summary_large_image\" \/>\n<meta name=\"twitter:label1\" content=\"\u00c9crit par\" \/>\n\t<meta name=\"twitter:data1\" content=\"stefanie Zeng\" \/>\n\t<meta name=\"twitter:label2\" content=\"Dur\u00e9e de lecture estim\u00e9e\" \/>\n\t<meta name=\"twitter:data2\" content=\"3 minutes\" \/>\n<script type=\"application\/ld+json\" class=\"yoast-schema-graph\">{\"@context\":\"https:\\\/\\\/schema.org\",\"@graph\":[{\"@type\":\"Article\",\"@id\":\"https:\\\/\\\/news.save.ch\\\/axis-communications-erweitert-produktportfolio\\\/#article\",\"isPartOf\":{\"@id\":\"https:\\\/\\\/news.save.ch\\\/axis-communications-erweitert-produktportfolio\\\/\"},\"author\":{\"name\":\"stefanie Zeng\",\"@id\":\"https:\\\/\\\/news.save.ch\\\/de\\\/#\\\/schema\\\/person\\\/10917387362b3961e882740f6cf6f2a2\"},\"headline\":\"Axis Communications erweitert Produktportfolio\",\"datePublished\":\"2025-06-02T10:32:06+00:00\",\"dateModified\":\"2025-06-02T10:32:11+00:00\",\"mainEntityOfPage\":{\"@id\":\"https:\\\/\\\/news.save.ch\\\/axis-communications-erweitert-produktportfolio\\\/\"},\"wordCount\":377,\"publisher\":{\"@id\":\"https:\\\/\\\/news.save.ch\\\/de\\\/#organization\"},\"image\":{\"@id\":\"https:\\\/\\\/news.save.ch\\\/axis-communications-erweitert-produktportfolio\\\/#primaryimage\"},\"thumbnailUrl\":\"https:\\\/\\\/news.save.ch\\\/wp-content\\\/uploads\\\/2025\\\/06\\\/AXIS-D6210-Air-Quality-Sensor_2_Copyright-Axis-Communications-scaled-1-scaled.jpg\",\"keywords\":[\"Axis\"],\"articleSection\":[\"HEALTH &amp; SAFETY\"],\"inLanguage\":\"fr-FR\"},{\"@type\":\"WebPage\",\"@id\":\"https:\\\/\\\/news.save.ch\\\/axis-communications-erweitert-produktportfolio\\\/\",\"url\":\"https:\\\/\\\/news.save.ch\\\/axis-communications-erweitert-produktportfolio\\\/\",\"name\":\"Axis Communications erweitert Produktportfolio - Save\",\"isPartOf\":{\"@id\":\"https:\\\/\\\/news.save.ch\\\/de\\\/#website\"},\"primaryImageOfPage\":{\"@id\":\"https:\\\/\\\/news.save.ch\\\/axis-communications-erweitert-produktportfolio\\\/#primaryimage\"},\"image\":{\"@id\":\"https:\\\/\\\/news.save.ch\\\/axis-communications-erweitert-produktportfolio\\\/#primaryimage\"},\"thumbnailUrl\":\"https:\\\/\\\/news.save.ch\\\/wp-content\\\/uploads\\\/2025\\\/06\\\/AXIS-D6210-Air-Quality-Sensor_2_Copyright-Axis-Communications-scaled-1-scaled.jpg\",\"datePublished\":\"2025-06-02T10:32:06+00:00\",\"dateModified\":\"2025-06-02T10:32:11+00:00\",\"description\":\"Der erste Luftqualit\u00e4tssensor von\u00a0Axis\u00a0Communications erkennt Luftschadstoffe und unterst\u00fctzt Unternehmen bei der Verbesserung der Luftqualit\u00e4t in Innenr\u00e4umen.\",\"breadcrumb\":{\"@id\":\"https:\\\/\\\/news.save.ch\\\/axis-communications-erweitert-produktportfolio\\\/#breadcrumb\"},\"inLanguage\":\"fr-FR\",\"potentialAction\":[{\"@type\":\"ReadAction\",\"target\":[\"https:\\\/\\\/news.save.ch\\\/axis-communications-erweitert-produktportfolio\\\/\"]}]},{\"@type\":\"ImageObject\",\"inLanguage\":\"fr-FR\",\"@id\":\"https:\\\/\\\/news.save.ch\\\/axis-communications-erweitert-produktportfolio\\\/#primaryimage\",\"url\":\"https:\\\/\\\/news.save.ch\\\/wp-content\\\/uploads\\\/2025\\\/06\\\/AXIS-D6210-Air-Quality-Sensor_2_Copyright-Axis-Communications-scaled-1-scaled.jpg\",\"contentUrl\":\"https:\\\/\\\/news.save.ch\\\/wp-content\\\/uploads\\\/2025\\\/06\\\/AXIS-D6210-Air-Quality-Sensor_2_Copyright-Axis-Communications-scaled-1-scaled.jpg\"},{\"@type\":\"BreadcrumbList\",\"@id\":\"https:\\\/\\\/news.save.ch\\\/axis-communications-erweitert-produktportfolio\\\/#breadcrumb\",\"itemListElement\":[{\"@type\":\"ListItem\",\"position\":1,\"name\":\"Home\",\"item\":\"https:\\\/\\\/news.save.ch\\\/de\\\/\"},{\"@type\":\"ListItem\",\"position\":2,\"name\":\"Axis Communications erweitert Produktportfolio\"}]},{\"@type\":\"WebSite\",\"@id\":\"https:\\\/\\\/news.save.ch\\\/de\\\/#website\",\"url\":\"https:\\\/\\\/news.save.ch\\\/de\\\/\",\"name\":\"Save\",\"description\":\"Schweizer Fachzeitschrift f\u00fcr Sicherheit\",\"publisher\":{\"@id\":\"https:\\\/\\\/news.save.ch\\\/de\\\/#organization\"},\"potentialAction\":[{\"@type\":\"SearchAction\",\"target\":{\"@type\":\"EntryPoint\",\"urlTemplate\":\"https:\\\/\\\/news.save.ch\\\/de\\\/?s={search_term_string}\"},\"query-input\":{\"@type\":\"PropertyValueSpecification\",\"valueRequired\":true,\"valueName\":\"search_term_string\"}}],\"inLanguage\":\"fr-FR\"},{\"@type\":\"Organization\",\"@id\":\"https:\\\/\\\/news.save.ch\\\/de\\\/#organization\",\"name\":\"Sicherheitsforum\",\"url\":\"https:\\\/\\\/news.save.ch\\\/de\\\/\",\"logo\":{\"@type\":\"ImageObject\",\"inLanguage\":\"fr-FR\",\"@id\":\"https:\\\/\\\/news.save.ch\\\/de\\\/#\\\/schema\\\/logo\\\/image\\\/\",\"url\":\"https:\\\/\\\/news.save.ch\\\/wp-content\\\/uploads\\\/2022\\\/06\\\/Logo_SF_2012.png\",\"contentUrl\":\"https:\\\/\\\/news.save.ch\\\/wp-content\\\/uploads\\\/2022\\\/06\\\/Logo_SF_2012.png\",\"width\":1100,\"height\":91,\"caption\":\"Sicherheitsforum\"},\"image\":{\"@id\":\"https:\\\/\\\/news.save.ch\\\/de\\\/#\\\/schema\\\/logo\\\/image\\\/\"}},{\"@type\":\"Person\",\"@id\":\"https:\\\/\\\/news.save.ch\\\/de\\\/#\\\/schema\\\/person\\\/10917387362b3961e882740f6cf6f2a2\",\"name\":\"stefanie Zeng\",\"image\":{\"@type\":\"ImageObject\",\"inLanguage\":\"fr-FR\",\"@id\":\"https:\\\/\\\/secure.gravatar.com\\\/avatar\\\/eac43faa6e40bb2c41068c95c9d78bbd94c476d5efdff7abaab80bb3ea681e06?s=96&d=mm&r=g\",\"url\":\"https:\\\/\\\/secure.gravatar.com\\\/avatar\\\/eac43faa6e40bb2c41068c95c9d78bbd94c476d5efdff7abaab80bb3ea681e06?s=96&d=mm&r=g\",\"contentUrl\":\"https:\\\/\\\/secure.gravatar.com\\\/avatar\\\/eac43faa6e40bb2c41068c95c9d78bbd94c476d5efdff7abaab80bb3ea681e06?s=96&d=mm&r=g\",\"caption\":\"stefanie Zeng\"},\"url\":\"https:\\\/\\\/news.save.ch\\\/fr\\\/author\\\/stefanie-zeng\\\/\"}]}<\/script>\n<!-- \/ Yoast SEO plugin. -->","yoast_head_json":{"title":"Axis Communications \u00e9largit son portefeuille de produits - Save","description":"Le premier capteur de qualit\u00e9 de l'air d'Axis Communications d\u00e9tecte les polluants atmosph\u00e9riques et aide les entreprises \u00e0 am\u00e9liorer la qualit\u00e9 de l'air int\u00e9rieur.","robots":{"index":"index","follow":"follow","max-snippet":"max-snippet:-1","max-image-preview":"max-image-preview:large","max-video-preview":"max-video-preview:-1"},"canonical":"https:\/\/news.save.ch\/fr\/axis-communications-erweitert-produktportfolio\/","og_locale":"fr_FR","og_type":"article","og_title":"Axis Communications erweitert Produktportfolio - Save","og_description":"Der erste Luftqualit\u00e4tssensor von\u00a0Axis\u00a0Communications erkennt Luftschadstoffe und unterst\u00fctzt Unternehmen bei der Verbesserung der Luftqualit\u00e4t in Innenr\u00e4umen.","og_url":"https:\/\/news.save.ch\/fr\/axis-communications-erweitert-produktportfolio\/","og_site_name":"Save","article_published_time":"2025-06-02T10:32:06+00:00","article_modified_time":"2025-06-02T10:32:11+00:00","og_image":[{"width":1200,"height":800,"url":"https:\/\/news.save.ch\/wp-content\/uploads\/2025\/06\/AXIS-D6210-Air-Quality-Sensor_2_Copyright-Axis-Communications-scaled-1-scaled.jpg","type":"image\/jpeg"}],"author":"stefanie Zeng","twitter_card":"summary_large_image","twitter_misc":{"\u00c9crit par":"stefanie Zeng","Dur\u00e9e de lecture estim\u00e9e":"3 minutes"},"schema":{"@context":"https:\/\/schema.org","@graph":[{"@type":"Article","@id":"https:\/\/news.save.ch\/axis-communications-erweitert-produktportfolio\/#article","isPartOf":{"@id":"https:\/\/news.save.ch\/axis-communications-erweitert-produktportfolio\/"},"author":{"name":"stefanie Zeng","@id":"https:\/\/news.save.ch\/de\/#\/schema\/person\/10917387362b3961e882740f6cf6f2a2"},"headline":"Axis Communications erweitert Produktportfolio","datePublished":"2025-06-02T10:32:06+00:00","dateModified":"2025-06-02T10:32:11+00:00","mainEntityOfPage":{"@id":"https:\/\/news.save.ch\/axis-communications-erweitert-produktportfolio\/"},"wordCount":377,"publisher":{"@id":"https:\/\/news.save.ch\/de\/#organization"},"image":{"@id":"https:\/\/news.save.ch\/axis-communications-erweitert-produktportfolio\/#primaryimage"},"thumbnailUrl":"https:\/\/news.save.ch\/wp-content\/uploads\/2025\/06\/AXIS-D6210-Air-Quality-Sensor_2_Copyright-Axis-Communications-scaled-1-scaled.jpg","keywords":["Axis"],"articleSection":["HEALTH &amp; SAFETY"],"inLanguage":"fr-FR"},{"@type":"WebPage","@id":"https:\/\/news.save.ch\/axis-communications-erweitert-produktportfolio\/","url":"https:\/\/news.save.ch\/axis-communications-erweitert-produktportfolio\/","name":"Axis Communications \u00e9largit son portefeuille de produits - Save","isPartOf":{"@id":"https:\/\/news.save.ch\/de\/#website"},"primaryImageOfPage":{"@id":"https:\/\/news.save.ch\/axis-communications-erweitert-produktportfolio\/#primaryimage"},"image":{"@id":"https:\/\/news.save.ch\/axis-communications-erweitert-produktportfolio\/#primaryimage"},"thumbnailUrl":"https:\/\/news.save.ch\/wp-content\/uploads\/2025\/06\/AXIS-D6210-Air-Quality-Sensor_2_Copyright-Axis-Communications-scaled-1-scaled.jpg","datePublished":"2025-06-02T10:32:06+00:00","dateModified":"2025-06-02T10:32:11+00:00","description":"Le premier capteur de qualit\u00e9 de l'air d'Axis Communications d\u00e9tecte les polluants atmosph\u00e9riques et aide les entreprises \u00e0 am\u00e9liorer la qualit\u00e9 de l'air int\u00e9rieur.","breadcrumb":{"@id":"https:\/\/news.save.ch\/axis-communications-erweitert-produktportfolio\/#breadcrumb"},"inLanguage":"fr-FR","potentialAction":[{"@type":"ReadAction","target":["https:\/\/news.save.ch\/axis-communications-erweitert-produktportfolio\/"]}]},{"@type":"ImageObject","inLanguage":"fr-FR","@id":"https:\/\/news.save.ch\/axis-communications-erweitert-produktportfolio\/#primaryimage","url":"https:\/\/news.save.ch\/wp-content\/uploads\/2025\/06\/AXIS-D6210-Air-Quality-Sensor_2_Copyright-Axis-Communications-scaled-1-scaled.jpg","contentUrl":"https:\/\/news.save.ch\/wp-content\/uploads\/2025\/06\/AXIS-D6210-Air-Quality-Sensor_2_Copyright-Axis-Communications-scaled-1-scaled.jpg"},{"@type":"BreadcrumbList","@id":"https:\/\/news.save.ch\/axis-communications-erweitert-produktportfolio\/#breadcrumb","itemListElement":[{"@type":"ListItem","position":1,"name":"Home","item":"https:\/\/news.save.ch\/de\/"},{"@type":"ListItem","position":2,"name":"Axis Communications erweitert Produktportfolio"}]},{"@type":"WebSite","@id":"https:\/\/news.save.ch\/de\/#website","url":"https:\/\/news.save.ch\/de\/","name":"Save","description":"Revue suisse sp\u00e9cialis\u00e9e dans la s\u00e9curit\u00e9","publisher":{"@id":"https:\/\/news.save.ch\/de\/#organization"},"potentialAction":[{"@type":"SearchAction","target":{"@type":"EntryPoint","urlTemplate":"https:\/\/news.save.ch\/de\/?s={search_term_string}"},"query-input":{"@type":"PropertyValueSpecification","valueRequired":true,"valueName":"search_term_string"}}],"inLanguage":"fr-FR"},{"@type":"Organization","@id":"https:\/\/news.save.ch\/de\/#organization","name":"Forum sur la s\u00e9curit\u00e9","url":"https:\/\/news.save.ch\/de\/","logo":{"@type":"ImageObject","inLanguage":"fr-FR","@id":"https:\/\/news.save.ch\/de\/#\/schema\/logo\/image\/","url":"https:\/\/news.save.ch\/wp-content\/uploads\/2022\/06\/Logo_SF_2012.png","contentUrl":"https:\/\/news.save.ch\/wp-content\/uploads\/2022\/06\/Logo_SF_2012.png","width":1100,"height":91,"caption":"Sicherheitsforum"},"image":{"@id":"https:\/\/news.save.ch\/de\/#\/schema\/logo\/image\/"}},{"@type":"Person","@id":"https:\/\/news.save.ch\/de\/#\/schema\/person\/10917387362b3961e882740f6cf6f2a2","name":"stefanie Zeng","image":{"@type":"ImageObject","inLanguage":"fr-FR","@id":"https:\/\/secure.gravatar.com\/avatar\/eac43faa6e40bb2c41068c95c9d78bbd94c476d5efdff7abaab80bb3ea681e06?s=96&d=mm&r=g","url":"https:\/\/secure.gravatar.com\/avatar\/eac43faa6e40bb2c41068c95c9d78bbd94c476d5efdff7abaab80bb3ea681e06?s=96&d=mm&r=g","contentUrl":"https:\/\/secure.gravatar.com\/avatar\/eac43faa6e40bb2c41068c95c9d78bbd94c476d5efdff7abaab80bb3ea681e06?s=96&d=mm&r=g","caption":"stefanie Zeng"},"url":"https:\/\/news.save.ch\/fr\/author\/stefanie-zeng\/"}]}},"_links":{"self":[{"href":"https:\/\/news.save.ch\/fr\/wp-json\/wp\/v2\/posts\/24300","targetHints":{"allow":["GET"]}}],"collection":[{"href":"https:\/\/news.save.ch\/fr\/wp-json\/wp\/v2\/posts"}],"about":[{"href":"https:\/\/news.save.ch\/fr\/wp-json\/wp\/v2\/types\/post"}],"author":[{"embeddable":true,"href":"https:\/\/news.save.ch\/fr\/wp-json\/wp\/v2\/users\/31"}],"replies":[{"embeddable":true,"href":"https:\/\/news.save.ch\/fr\/wp-json\/wp\/v2\/comments?post=24300"}],"version-history":[{"count":2,"href":"https:\/\/news.save.ch\/fr\/wp-json\/wp\/v2\/posts\/24300\/revisions"}],"predecessor-version":[{"id":24304,"href":"https:\/\/news.save.ch\/fr\/wp-json\/wp\/v2\/posts\/24300\/revisions\/24304"}],"wp:attachment":[{"href":"https:\/\/news.save.ch\/fr\/wp-json\/wp\/v2\/media?parent=24300"}],"wp:term":[{"taxonomy":"category","embeddable":true,"href":"https:\/\/news.save.ch\/fr\/wp-json\/wp\/v2\/categories?post=24300"},{"taxonomy":"post_tag","embeddable":true,"href":"https:\/\/news.save.ch\/fr\/wp-json\/wp\/v2\/tags?post=24300"}],"curies":[{"name":"wp","href":"https:\/\/api.w.org\/{rel}","templated":true}]}}