{"id":24345,"date":"2025-06-24T12:11:57","date_gmt":"2025-06-24T10:11:57","guid":{"rendered":"https:\/\/news.save.ch\/?p=24345"},"modified":"2025-06-24T12:12:03","modified_gmt":"2025-06-24T10:12:03","slug":"modernisierung-des-notrufzugangs","status":null,"type":"post","link":"https:\/\/news.save.ch\/fr\/modernisierung-des-notrufzugangs\/","title":{"rendered":"Modernisation de l'acc\u00e8s aux appels d'urgence"},"content":{"rendered":"<figure id=\"attachment_24346\" aria-describedby=\"caption-attachment-24346\" style=\"width: 1000px\" class=\"wp-caption alignnone\"><a href=\"https:\/\/news.save.ch\/fr\/modernisierung-des-notrufzugangs\/depositphotos_59323759_s\/\" rel=\"attachment wp-att-24346\"><img loading=\"lazy\" decoding=\"async\" class=\"size-full wp-image-24346\" src=\"https:\/\/news.save.ch\/wp-content\/uploads\/2025\/06\/Depositphotos_59323759_S.jpg\" alt=\"\" width=\"1000\" height=\"667\" srcset=\"https:\/\/news.save.ch\/wp-content\/uploads\/2025\/06\/Depositphotos_59323759_S.jpg 1000w, https:\/\/news.save.ch\/wp-content\/uploads\/2025\/06\/Depositphotos_59323759_S-680x454.jpg 680w, https:\/\/news.save.ch\/wp-content\/uploads\/2025\/06\/Depositphotos_59323759_S-768x512.jpg 768w, https:\/\/news.save.ch\/wp-content\/uploads\/2025\/06\/Depositphotos_59323759_S-18x12.jpg 18w, https:\/\/news.save.ch\/wp-content\/uploads\/2025\/06\/Depositphotos_59323759_S-375x250.jpg 375w, https:\/\/news.save.ch\/wp-content\/uploads\/2025\/06\/Depositphotos_59323759_S-525x350.jpg 525w\" sizes=\"auto, (max-width: 1000px) 100vw, 1000px\" \/><\/a><figcaption id=\"caption-attachment-24346\" class=\"wp-caption-text\">Photo : Depositphotos\/tatsianama<\/figcaption><\/figure>\n<p id=\"doc-1iu46aepn0\" class=\"font--regular\">Le Conseil f\u00e9d\u00e9ral veut moderniser l'acc\u00e8s aux services d'urgence pour la population et l'adapter \u00e0 l'\u00e9volution technologique. Pour ce faire, trois ordonnances seront adapt\u00e9es : Ordonnance sur les services de t\u00e9l\u00e9communication (OST), Ordonnance sur les installations de t\u00e9l\u00e9communication (OIT) et Ordonnance sur les ressources d'adressage dans le domaine des t\u00e9l\u00e9communications (ORAT).<\/p>\n<h3 id=\"doc-1iu46agj40\" class=\"h2\">Texte en temps r\u00e9el comme possibilit\u00e9 de contact suppl\u00e9mentaire<\/h3>\n<p id=\"doc-1iu46agj60\" class=\"font--regular\">La population doit \u00e9galement pouvoir joindre les organisations \u00e0 gyrophare par texte en temps r\u00e9el (voir encadr\u00e9). Les personnes souffrant d'un handicap auditif en profiteront particuli\u00e8rement, car elles auront ainsi un acc\u00e8s plus facile aux services d'urgence. La possibilit\u00e9 d'une prise de contact par texte peut en outre \u00eatre d\u00e9cisive pour une aide rapide dans les situations o\u00f9 il n'est pas possible de parler (p. ex. en cas de bruit, de blessure ou de situation de danger). L'OST et l'OST r\u00e9vis\u00e9es d\u00e9finissent de nouvelles exigences pour les terminaux (smartphones) qui doivent contenir la fonction texte. En outre, l'introduction de cette fonction exige la num\u00e9risation compl\u00e8te des r\u00e9seaux de t\u00e9l\u00e9communication afin que le texte puisse \u00eatre transmis aux organisations d'urgence. Pour pouvoir recevoir le texte, les centrales d'alarme doivent acqu\u00e9rir l'\u00e9quipement n\u00e9cessaire et former leur personnel.<\/p>\n<h3 id=\"doc-1iu46agj70\" class=\"h2\">Num\u00e9ro court pour l'aide aux victimes<\/h3>\n<p id=\"doc-1iu46agj80\" class=\"font--regular\">L'introduction d'un num\u00e9ro court (142) pour l'aide aux victimes est un \u00e9l\u00e9ment central du pr\u00e9sent projet de r\u00e9vision. Des directives sont d\u00e9sormais fix\u00e9es, auxquelles doivent se conformer les fournisseurs de services de t\u00e9l\u00e9communication ainsi que les fabricants de terminaux. L'adaptation concerne \u00e9galement les centrales des services d'urgence et des services d'aide et de conseil, puisqu'elles doivent prendre en charge les appels et fournir les prestations n\u00e9cessaires.<\/p>\n<p id=\"doc-1iu6dr8qc1\" class=\"font--regular\">Le num\u00e9ro court 142 a d\u00e9j\u00e0 \u00e9t\u00e9 attribu\u00e9 provisoirement \u00e0 la Conf\u00e9rence des directrices et directeurs cantonaux des affaires sociales, qui peut ainsi commencer \u00e0 le mettre en service en collaboration avec Swisscom et les cantons, ce qui prendra beaucoup de temps. Apr\u00e8s l'entr\u00e9e en vigueur des nouvelles dispositions, ce num\u00e9ro court fera partie de la nouvelle cat\u00e9gorie des services d'aide et de conseil qui, comme les services d'urgence, seront gratuits. La consultation durera jusqu'au 14 octobre 2025.<\/p>\n<h3 id=\"doc-1iu6cvqsv0\" class=\"font--regular\">Qu'est-ce que le texte en temps r\u00e9el ?<\/h3>\n<p id=\"doc-1iu46agja0\" class=\"font--regular\">Le texte en temps r\u00e9el est une technologie qui permet de transmettre du texte simultan\u00e9ment pendant un appel. Les messages s'affichent caract\u00e8re par caract\u00e8re au fur et \u00e0 mesure que l'on tape, ce qui rend la communication plus imm\u00e9diate qu'avec les messages texte traditionnels.<\/p>","protected":false},"excerpt":{"rendered":"<p>Der Bundesrat will den Zugang zu den Notdiensten f\u00fcr die Bev\u00f6lkerung modernisieren und an die technologische Entwicklung anpassen. Dazu werden drei Verordnungen angepasst: Verordnung \u00fcber Fernmeldedienste FDV, Verordnung \u00fcber Fernmeldeanlagen FAV und die Verordnung \u00fcber die Adressierungselemente im Fernmeldebereich AEFV. Echtzeittext als zus\u00e4tzliche Kontaktm\u00f6glichkeit Die Bev\u00f6lkerung soll die Blaulichtorganisationen auch \u00fcber Echtzeittext erreichen k\u00f6nnen (siehe [&hellip;]<\/p>\n","protected":false},"author":31,"featured_media":24346,"comment_status":"closed","ping_status":"closed","sticky":false,"template":"","format":"standard","meta":{"_acf_changed":false,"pgc_sgb_lightbox_settings":"","footnotes":""},"categories":[1],"tags":[6590,351,6367,1259],"class_list":["post-24345","post","type-post","status-publish","format-standard","has-post-thumbnail","hentry","category-allgemein","tag-6590","tag-blaulichtorganisation","tag-notruf","tag-smartphone"],"acf":[],"hkrextid":null,"publication":null,"issue":null,"workflow":null,"startPage":null,"spitzmarke":null,"_posts_by_tag_page_fields":null,"_at_widget":null,"_yoast_wpseo_primary_category":"","_yoast_wpseo_focuskw_text_input":null,"_yoast_wpseo_opengraph-image":null,"_yoast_wpseo_opengraph-description":null,"_yoast_wpseo_opengraph-title":null,"enclosure":null,"_yoast_wpseo_twitter-title":null,"_yoast_wpseo_twitter-description":null,"_yoast_wpseo_twitter-image":null,"_wp_old_slug":null,"_yoast_wpseo_title":null,"_yoast_wpseo_canonical":null,"yoast_head":"<!-- This site is optimized with the Yoast SEO plugin v27.4 - https:\/\/yoast.com\/product\/yoast-seo-wordpress\/ -->\n<title>Modernisierung des Notrufzugangs - Save<\/title>\n<meta name=\"description\" content=\"Personen mit H\u00f6rbehinderungen sollen die Notdienste von Polizei, Feuerwehr und Sanit\u00e4t per Textfunktion auf ihrem Smartphone erreichen k\u00f6nnen.\" \/>\n<meta name=\"robots\" content=\"index, follow, max-snippet:-1, max-image-preview:large, max-video-preview:-1\" \/>\n<link rel=\"canonical\" href=\"https:\/\/news.save.ch\/fr\/modernisierung-des-notrufzugangs\/\" \/>\n<meta property=\"og:locale\" content=\"fr_FR\" \/>\n<meta property=\"og:type\" content=\"article\" \/>\n<meta property=\"og:title\" content=\"Modernisierung des Notrufzugangs - Save\" \/>\n<meta property=\"og:description\" content=\"Personen mit H\u00f6rbehinderungen sollen die Notdienste von Polizei, Feuerwehr und Sanit\u00e4t per Textfunktion auf ihrem Smartphone erreichen k\u00f6nnen.\" \/>\n<meta property=\"og:url\" content=\"https:\/\/news.save.ch\/fr\/modernisierung-des-notrufzugangs\/\" \/>\n<meta property=\"og:site_name\" content=\"Save\" \/>\n<meta property=\"article:published_time\" content=\"2025-06-24T10:11:57+00:00\" \/>\n<meta property=\"article:modified_time\" content=\"2025-06-24T10:12:03+00:00\" \/>\n<meta property=\"og:image\" content=\"https:\/\/news.save.ch\/wp-content\/uploads\/2025\/06\/Depositphotos_59323759_S.jpg\" \/>\n\t<meta property=\"og:image:width\" content=\"1000\" \/>\n\t<meta property=\"og:image:height\" content=\"667\" \/>\n\t<meta property=\"og:image:type\" content=\"image\/jpeg\" \/>\n<meta name=\"author\" content=\"stefanie Zeng\" \/>\n<meta name=\"twitter:card\" content=\"summary_large_image\" \/>\n<meta name=\"twitter:label1\" content=\"\u00c9crit par\" \/>\n\t<meta name=\"twitter:data1\" content=\"stefanie Zeng\" \/>\n\t<meta name=\"twitter:label2\" content=\"Dur\u00e9e de lecture estim\u00e9e\" \/>\n\t<meta name=\"twitter:data2\" content=\"3 minutes\" \/>\n<script type=\"application\/ld+json\" class=\"yoast-schema-graph\">{\"@context\":\"https:\\\/\\\/schema.org\",\"@graph\":[{\"@type\":\"Article\",\"@id\":\"https:\\\/\\\/news.save.ch\\\/modernisierung-des-notrufzugangs\\\/#article\",\"isPartOf\":{\"@id\":\"https:\\\/\\\/news.save.ch\\\/modernisierung-des-notrufzugangs\\\/\"},\"author\":{\"name\":\"stefanie Zeng\",\"@id\":\"https:\\\/\\\/news.save.ch\\\/de\\\/#\\\/schema\\\/person\\\/10917387362b3961e882740f6cf6f2a2\"},\"headline\":\"Modernisierung des Notrufzugangs\",\"datePublished\":\"2025-06-24T10:11:57+00:00\",\"dateModified\":\"2025-06-24T10:12:03+00:00\",\"mainEntityOfPage\":{\"@id\":\"https:\\\/\\\/news.save.ch\\\/modernisierung-des-notrufzugangs\\\/\"},\"wordCount\":351,\"publisher\":{\"@id\":\"https:\\\/\\\/news.save.ch\\\/de\\\/#organization\"},\"image\":{\"@id\":\"https:\\\/\\\/news.save.ch\\\/modernisierung-des-notrufzugangs\\\/#primaryimage\"},\"thumbnailUrl\":\"https:\\\/\\\/news.save.ch\\\/wp-content\\\/uploads\\\/2025\\\/06\\\/Depositphotos_59323759_S.jpg\",\"keywords\":[\"142\",\"Blaulichtorganisation\",\"Notruf\",\"Smartphone\"],\"articleSection\":[\"ALLGEMEIN\"],\"inLanguage\":\"fr-FR\"},{\"@type\":\"WebPage\",\"@id\":\"https:\\\/\\\/news.save.ch\\\/modernisierung-des-notrufzugangs\\\/\",\"url\":\"https:\\\/\\\/news.save.ch\\\/modernisierung-des-notrufzugangs\\\/\",\"name\":\"Modernisierung des Notrufzugangs - Save\",\"isPartOf\":{\"@id\":\"https:\\\/\\\/news.save.ch\\\/de\\\/#website\"},\"primaryImageOfPage\":{\"@id\":\"https:\\\/\\\/news.save.ch\\\/modernisierung-des-notrufzugangs\\\/#primaryimage\"},\"image\":{\"@id\":\"https:\\\/\\\/news.save.ch\\\/modernisierung-des-notrufzugangs\\\/#primaryimage\"},\"thumbnailUrl\":\"https:\\\/\\\/news.save.ch\\\/wp-content\\\/uploads\\\/2025\\\/06\\\/Depositphotos_59323759_S.jpg\",\"datePublished\":\"2025-06-24T10:11:57+00:00\",\"dateModified\":\"2025-06-24T10:12:03+00:00\",\"description\":\"Personen mit H\u00f6rbehinderungen sollen die Notdienste von Polizei, Feuerwehr und Sanit\u00e4t per Textfunktion auf ihrem Smartphone erreichen k\u00f6nnen.\",\"breadcrumb\":{\"@id\":\"https:\\\/\\\/news.save.ch\\\/modernisierung-des-notrufzugangs\\\/#breadcrumb\"},\"inLanguage\":\"fr-FR\",\"potentialAction\":[{\"@type\":\"ReadAction\",\"target\":[\"https:\\\/\\\/news.save.ch\\\/modernisierung-des-notrufzugangs\\\/\"]}]},{\"@type\":\"ImageObject\",\"inLanguage\":\"fr-FR\",\"@id\":\"https:\\\/\\\/news.save.ch\\\/modernisierung-des-notrufzugangs\\\/#primaryimage\",\"url\":\"https:\\\/\\\/news.save.ch\\\/wp-content\\\/uploads\\\/2025\\\/06\\\/Depositphotos_59323759_S.jpg\",\"contentUrl\":\"https:\\\/\\\/news.save.ch\\\/wp-content\\\/uploads\\\/2025\\\/06\\\/Depositphotos_59323759_S.jpg\",\"width\":1000,\"height\":667,\"caption\":\"Foto: Depositphotos\\\/tatsianama\"},{\"@type\":\"BreadcrumbList\",\"@id\":\"https:\\\/\\\/news.save.ch\\\/modernisierung-des-notrufzugangs\\\/#breadcrumb\",\"itemListElement\":[{\"@type\":\"ListItem\",\"position\":1,\"name\":\"Home\",\"item\":\"https:\\\/\\\/news.save.ch\\\/de\\\/\"},{\"@type\":\"ListItem\",\"position\":2,\"name\":\"Modernisierung des Notrufzugangs\"}]},{\"@type\":\"WebSite\",\"@id\":\"https:\\\/\\\/news.save.ch\\\/de\\\/#website\",\"url\":\"https:\\\/\\\/news.save.ch\\\/de\\\/\",\"name\":\"Save\",\"description\":\"Schweizer Fachzeitschrift f\u00fcr Sicherheit\",\"publisher\":{\"@id\":\"https:\\\/\\\/news.save.ch\\\/de\\\/#organization\"},\"potentialAction\":[{\"@type\":\"SearchAction\",\"target\":{\"@type\":\"EntryPoint\",\"urlTemplate\":\"https:\\\/\\\/news.save.ch\\\/de\\\/?s={search_term_string}\"},\"query-input\":{\"@type\":\"PropertyValueSpecification\",\"valueRequired\":true,\"valueName\":\"search_term_string\"}}],\"inLanguage\":\"fr-FR\"},{\"@type\":\"Organization\",\"@id\":\"https:\\\/\\\/news.save.ch\\\/de\\\/#organization\",\"name\":\"Sicherheitsforum\",\"url\":\"https:\\\/\\\/news.save.ch\\\/de\\\/\",\"logo\":{\"@type\":\"ImageObject\",\"inLanguage\":\"fr-FR\",\"@id\":\"https:\\\/\\\/news.save.ch\\\/de\\\/#\\\/schema\\\/logo\\\/image\\\/\",\"url\":\"https:\\\/\\\/news.save.ch\\\/wp-content\\\/uploads\\\/2022\\\/06\\\/Logo_SF_2012.png\",\"contentUrl\":\"https:\\\/\\\/news.save.ch\\\/wp-content\\\/uploads\\\/2022\\\/06\\\/Logo_SF_2012.png\",\"width\":1100,\"height\":91,\"caption\":\"Sicherheitsforum\"},\"image\":{\"@id\":\"https:\\\/\\\/news.save.ch\\\/de\\\/#\\\/schema\\\/logo\\\/image\\\/\"}},{\"@type\":\"Person\",\"@id\":\"https:\\\/\\\/news.save.ch\\\/de\\\/#\\\/schema\\\/person\\\/10917387362b3961e882740f6cf6f2a2\",\"name\":\"stefanie Zeng\",\"image\":{\"@type\":\"ImageObject\",\"inLanguage\":\"fr-FR\",\"@id\":\"https:\\\/\\\/secure.gravatar.com\\\/avatar\\\/eac43faa6e40bb2c41068c95c9d78bbd94c476d5efdff7abaab80bb3ea681e06?s=96&d=mm&r=g\",\"url\":\"https:\\\/\\\/secure.gravatar.com\\\/avatar\\\/eac43faa6e40bb2c41068c95c9d78bbd94c476d5efdff7abaab80bb3ea681e06?s=96&d=mm&r=g\",\"contentUrl\":\"https:\\\/\\\/secure.gravatar.com\\\/avatar\\\/eac43faa6e40bb2c41068c95c9d78bbd94c476d5efdff7abaab80bb3ea681e06?s=96&d=mm&r=g\",\"caption\":\"stefanie Zeng\"},\"url\":\"https:\\\/\\\/news.save.ch\\\/fr\\\/author\\\/stefanie-zeng\\\/\"}]}<\/script>\n<!-- \/ Yoast SEO plugin. -->","yoast_head_json":{"title":"Modernisation de l'acc\u00e8s aux appels d'urgence - Save","description":"Les personnes souffrant d'un handicap auditif doivent pouvoir joindre les services d'urgence de la police, des pompiers et du SAMU par une fonction texte sur leur smartphone.","robots":{"index":"index","follow":"follow","max-snippet":"max-snippet:-1","max-image-preview":"max-image-preview:large","max-video-preview":"max-video-preview:-1"},"canonical":"https:\/\/news.save.ch\/fr\/modernisierung-des-notrufzugangs\/","og_locale":"fr_FR","og_type":"article","og_title":"Modernisierung des Notrufzugangs - Save","og_description":"Personen mit H\u00f6rbehinderungen sollen die Notdienste von Polizei, Feuerwehr und Sanit\u00e4t per Textfunktion auf ihrem Smartphone erreichen k\u00f6nnen.","og_url":"https:\/\/news.save.ch\/fr\/modernisierung-des-notrufzugangs\/","og_site_name":"Save","article_published_time":"2025-06-24T10:11:57+00:00","article_modified_time":"2025-06-24T10:12:03+00:00","og_image":[{"width":1000,"height":667,"url":"https:\/\/news.save.ch\/wp-content\/uploads\/2025\/06\/Depositphotos_59323759_S.jpg","type":"image\/jpeg"}],"author":"stefanie Zeng","twitter_card":"summary_large_image","twitter_misc":{"\u00c9crit par":"stefanie Zeng","Dur\u00e9e de lecture estim\u00e9e":"3 minutes"},"schema":{"@context":"https:\/\/schema.org","@graph":[{"@type":"Article","@id":"https:\/\/news.save.ch\/modernisierung-des-notrufzugangs\/#article","isPartOf":{"@id":"https:\/\/news.save.ch\/modernisierung-des-notrufzugangs\/"},"author":{"name":"stefanie Zeng","@id":"https:\/\/news.save.ch\/de\/#\/schema\/person\/10917387362b3961e882740f6cf6f2a2"},"headline":"Modernisierung des Notrufzugangs","datePublished":"2025-06-24T10:11:57+00:00","dateModified":"2025-06-24T10:12:03+00:00","mainEntityOfPage":{"@id":"https:\/\/news.save.ch\/modernisierung-des-notrufzugangs\/"},"wordCount":351,"publisher":{"@id":"https:\/\/news.save.ch\/de\/#organization"},"image":{"@id":"https:\/\/news.save.ch\/modernisierung-des-notrufzugangs\/#primaryimage"},"thumbnailUrl":"https:\/\/news.save.ch\/wp-content\/uploads\/2025\/06\/Depositphotos_59323759_S.jpg","keywords":["142","Blaulichtorganisation","Notruf","Smartphone"],"articleSection":["ALLGEMEIN"],"inLanguage":"fr-FR"},{"@type":"WebPage","@id":"https:\/\/news.save.ch\/modernisierung-des-notrufzugangs\/","url":"https:\/\/news.save.ch\/modernisierung-des-notrufzugangs\/","name":"Modernisation de l'acc\u00e8s aux appels d'urgence - Save","isPartOf":{"@id":"https:\/\/news.save.ch\/de\/#website"},"primaryImageOfPage":{"@id":"https:\/\/news.save.ch\/modernisierung-des-notrufzugangs\/#primaryimage"},"image":{"@id":"https:\/\/news.save.ch\/modernisierung-des-notrufzugangs\/#primaryimage"},"thumbnailUrl":"https:\/\/news.save.ch\/wp-content\/uploads\/2025\/06\/Depositphotos_59323759_S.jpg","datePublished":"2025-06-24T10:11:57+00:00","dateModified":"2025-06-24T10:12:03+00:00","description":"Les personnes souffrant d'un handicap auditif doivent pouvoir joindre les services d'urgence de la police, des pompiers et du SAMU par une fonction texte sur leur smartphone.","breadcrumb":{"@id":"https:\/\/news.save.ch\/modernisierung-des-notrufzugangs\/#breadcrumb"},"inLanguage":"fr-FR","potentialAction":[{"@type":"ReadAction","target":["https:\/\/news.save.ch\/modernisierung-des-notrufzugangs\/"]}]},{"@type":"ImageObject","inLanguage":"fr-FR","@id":"https:\/\/news.save.ch\/modernisierung-des-notrufzugangs\/#primaryimage","url":"https:\/\/news.save.ch\/wp-content\/uploads\/2025\/06\/Depositphotos_59323759_S.jpg","contentUrl":"https:\/\/news.save.ch\/wp-content\/uploads\/2025\/06\/Depositphotos_59323759_S.jpg","width":1000,"height":667,"caption":"Foto: Depositphotos\/tatsianama"},{"@type":"BreadcrumbList","@id":"https:\/\/news.save.ch\/modernisierung-des-notrufzugangs\/#breadcrumb","itemListElement":[{"@type":"ListItem","position":1,"name":"Home","item":"https:\/\/news.save.ch\/de\/"},{"@type":"ListItem","position":2,"name":"Modernisierung des Notrufzugangs"}]},{"@type":"WebSite","@id":"https:\/\/news.save.ch\/de\/#website","url":"https:\/\/news.save.ch\/de\/","name":"Save","description":"Revue suisse sp\u00e9cialis\u00e9e dans la s\u00e9curit\u00e9","publisher":{"@id":"https:\/\/news.save.ch\/de\/#organization"},"potentialAction":[{"@type":"SearchAction","target":{"@type":"EntryPoint","urlTemplate":"https:\/\/news.save.ch\/de\/?s={search_term_string}"},"query-input":{"@type":"PropertyValueSpecification","valueRequired":true,"valueName":"search_term_string"}}],"inLanguage":"fr-FR"},{"@type":"Organization","@id":"https:\/\/news.save.ch\/de\/#organization","name":"Forum sur la s\u00e9curit\u00e9","url":"https:\/\/news.save.ch\/de\/","logo":{"@type":"ImageObject","inLanguage":"fr-FR","@id":"https:\/\/news.save.ch\/de\/#\/schema\/logo\/image\/","url":"https:\/\/news.save.ch\/wp-content\/uploads\/2022\/06\/Logo_SF_2012.png","contentUrl":"https:\/\/news.save.ch\/wp-content\/uploads\/2022\/06\/Logo_SF_2012.png","width":1100,"height":91,"caption":"Sicherheitsforum"},"image":{"@id":"https:\/\/news.save.ch\/de\/#\/schema\/logo\/image\/"}},{"@type":"Person","@id":"https:\/\/news.save.ch\/de\/#\/schema\/person\/10917387362b3961e882740f6cf6f2a2","name":"stefanie Zeng","image":{"@type":"ImageObject","inLanguage":"fr-FR","@id":"https:\/\/secure.gravatar.com\/avatar\/eac43faa6e40bb2c41068c95c9d78bbd94c476d5efdff7abaab80bb3ea681e06?s=96&d=mm&r=g","url":"https:\/\/secure.gravatar.com\/avatar\/eac43faa6e40bb2c41068c95c9d78bbd94c476d5efdff7abaab80bb3ea681e06?s=96&d=mm&r=g","contentUrl":"https:\/\/secure.gravatar.com\/avatar\/eac43faa6e40bb2c41068c95c9d78bbd94c476d5efdff7abaab80bb3ea681e06?s=96&d=mm&r=g","caption":"stefanie Zeng"},"url":"https:\/\/news.save.ch\/fr\/author\/stefanie-zeng\/"}]}},"_links":{"self":[{"href":"https:\/\/news.save.ch\/fr\/wp-json\/wp\/v2\/posts\/24345","targetHints":{"allow":["GET"]}}],"collection":[{"href":"https:\/\/news.save.ch\/fr\/wp-json\/wp\/v2\/posts"}],"about":[{"href":"https:\/\/news.save.ch\/fr\/wp-json\/wp\/v2\/types\/post"}],"author":[{"embeddable":true,"href":"https:\/\/news.save.ch\/fr\/wp-json\/wp\/v2\/users\/31"}],"replies":[{"embeddable":true,"href":"https:\/\/news.save.ch\/fr\/wp-json\/wp\/v2\/comments?post=24345"}],"version-history":[{"count":2,"href":"https:\/\/news.save.ch\/fr\/wp-json\/wp\/v2\/posts\/24345\/revisions"}],"predecessor-version":[{"id":24348,"href":"https:\/\/news.save.ch\/fr\/wp-json\/wp\/v2\/posts\/24345\/revisions\/24348"}],"wp:featuredmedia":[{"embeddable":true,"href":"https:\/\/news.save.ch\/fr\/wp-json\/wp\/v2\/media\/24346"}],"wp:attachment":[{"href":"https:\/\/news.save.ch\/fr\/wp-json\/wp\/v2\/media?parent=24345"}],"wp:term":[{"taxonomy":"category","embeddable":true,"href":"https:\/\/news.save.ch\/fr\/wp-json\/wp\/v2\/categories?post=24345"},{"taxonomy":"post_tag","embeddable":true,"href":"https:\/\/news.save.ch\/fr\/wp-json\/wp\/v2\/tags?post=24345"}],"curies":[{"name":"wp","href":"https:\/\/api.w.org\/{rel}","templated":true}]}}