{"id":24392,"date":"2025-07-09T10:06:47","date_gmt":"2025-07-09T08:06:47","guid":{"rendered":"https:\/\/news.save.ch\/?p=24392"},"modified":"2025-07-09T10:06:57","modified_gmt":"2025-07-09T08:06:57","slug":"entwicklung-der-ersten-biometrischen-schweizer-identitaetskarte","status":null,"type":"post","link":"https:\/\/news.save.ch\/fr\/entwicklung-der-ersten-biometrischen-schweizer-identitaetskarte\/","title":{"rendered":"D\u00e9veloppement de la premi\u00e8re carte d'identit\u00e9 biom\u00e9trique suisse"},"content":{"rendered":"<p><a href=\"https:\/\/news.save.ch\/fr\/entwicklung-der-ersten-biometrischen-schweizer-identitaetskarte\/biometrische-identitaetskarte\/\" rel=\"attachment wp-att-24393\"><img loading=\"lazy\" decoding=\"async\" class=\"alignnone size-full wp-image-24393\" src=\"https:\/\/news.save.ch\/wp-content\/uploads\/2025\/07\/biometrische-identitaetskarte.jpg\" alt=\"\" width=\"1024\" height=\"640\" srcset=\"https:\/\/news.save.ch\/wp-content\/uploads\/2025\/07\/biometrische-identitaetskarte.jpg 1024w, https:\/\/news.save.ch\/wp-content\/uploads\/2025\/07\/biometrische-identitaetskarte-680x425.jpg 680w, https:\/\/news.save.ch\/wp-content\/uploads\/2025\/07\/biometrische-identitaetskarte-768x480.jpg 768w, https:\/\/news.save.ch\/wp-content\/uploads\/2025\/07\/biometrische-identitaetskarte-18x12.jpg 18w, https:\/\/news.save.ch\/wp-content\/uploads\/2025\/07\/biometrische-identitaetskarte-375x234.jpg 375w, https:\/\/news.save.ch\/wp-content\/uploads\/2025\/07\/biometrische-identitaetskarte-560x350.jpg 560w, https:\/\/news.save.ch\/wp-content\/uploads\/2025\/07\/biometrische-identitaetskarte-1000x625.jpg 1000w\" sizes=\"auto, (max-width: 1024px) 100vw, 1024px\" \/><\/a><\/p>\n<p id=\"doc-1iuvscps20\" class=\"font--regular\">Pour pr\u00e9venir l'usurpation d'identit\u00e9, la contrefa\u00e7on et d'autres types d'abus, il est essentiel de disposer de documents d'identit\u00e9 s\u00fbrs et difficilement falsifiables. C'est pourquoi les documents d'identit\u00e9, tout comme les billets de banque, doivent \u00eatre r\u00e9guli\u00e8rement modernis\u00e9s sur le plan technologique. La future carte d'identit\u00e9 biom\u00e9trique sera, comme l'actuel passeport biom\u00e9trique suisse, dot\u00e9e d'une puce sur laquelle seront enregistr\u00e9es deux empreintes digitales et une image faciale.<\/p>\n<p id=\"doc-1iuvsd11s0\" class=\"font--regular\">Les donn\u00e9es biom\u00e9triques sont particuli\u00e8rement prot\u00e9g\u00e9es : Elles ne peuvent \u00eatre lues que si la carte d'identit\u00e9 est pr\u00e9sent\u00e9e physiquement. Une lecture \u00e0 distance n'est pas possible. En outre, la Suisse n'autorisera l'acc\u00e8s aux empreintes digitales qu'aux pays dont les dispositions en mati\u00e8re de protection des donn\u00e9es sont \u00e9quivalentes aux siennes.<\/p>\n<h3 id=\"doc-1iuvsd11u0\" class=\"h2\">Voyager dans l'UE garanti gr\u00e2ce \u00e0 la carte d'identit\u00e9 biom\u00e9trique<\/h3>\n<p id=\"doc-1iuvsd11v0\" class=\"font--regular\">En 2019, le Parlement europ\u00e9en et le Conseil de l'UE ont adopt\u00e9 un r\u00e8glement selon lequel les \u00c9tats membres d\u00e9livreront exclusivement des cartes d'identit\u00e9 biom\u00e9triques \u00e0 partir de 2021. Ce point a \u00e9galement \u00e9t\u00e9 abord\u00e9 dans le paquet Suisse-UE qui a \u00e9t\u00e9 paraph\u00e9 entre-temps.<\/p>\n<p id=\"doc-1iuvsd1200\" class=\"font--regular\">La Suisse devra probablement introduire la carte d'identit\u00e9 biom\u00e9trique fin 2026 et au plus tard un an apr\u00e8s l'entr\u00e9e en vigueur de l'accord r\u00e9vis\u00e9 sur la libre circulation des personnes. Les cartes d'identit\u00e9 non biom\u00e9triques d\u00e9livr\u00e9es avant cette date seront valables pour les voyages dans l'UE jusqu'\u00e0 leur date d'expiration (dix ans maximum pour les adultes). Ainsi, si l'accord r\u00e9vis\u00e9 sur la libre circulation des personnes entre en vigueur en 2027 par exemple, les cartes d'identit\u00e9 d\u00e9livr\u00e9es jusqu'en 2028 resteront valables pour voyager dans l'UE jusqu'en 2038. En revanche, il ne sera plus possible d'entrer dans l'UE avec une carte d'identit\u00e9 non biom\u00e9trique \u00e9mise apr\u00e8s 2028. Toutefois, une carte d'identit\u00e9 sans donn\u00e9es biom\u00e9triques sera toujours disponible et pourra \u00eatre utilis\u00e9e en Suisse.<\/p>\n<p id=\"doc-1iuvsd1201\" class=\"font--regular\">L'introduction de la carte d'identit\u00e9 biom\u00e9trique garantit que les citoyens suisses pourront continuer \u00e0 voyager librement dans l'UE. Comme alternative, ils pourront continuer \u00e0 s'identifier avec le passeport biom\u00e9trique suisse lors de leurs voyages internationaux.<\/p>\n<h3 id=\"doc-1iuvsd1210\" class=\"h2\">Libre choix<\/h3>\n<p id=\"doc-1iuvsd1220\" class=\"font--regular\">Conform\u00e9ment \u00e0 la loi suisse sur les documents d'identit\u00e9, les citoyens suisses peuvent demander \u00e0 tout moment une carte d'identit\u00e9 sans puce. Par cons\u00e9quent, ils peuvent choisir entre les deux cartes d'identit\u00e9, selon leurs besoins :<\/p>\n<ul id=\"doc-1iuvse75v0\" class=\"list list--default\" title=\"\">\n<li>La carte d'identit\u00e9 biom\u00e9trique est recommand\u00e9e aux personnes qui voyagent au sein de l'UE.<\/li>\n<li>Pour les personnes qui ont besoin de la carte uniquement comme pi\u00e8ce d'identit\u00e9 en Suisse, la carte d'identit\u00e9 non biom\u00e9trique est suffisante.<\/li>\n<\/ul>\n<p id=\"doc-1iuvsd1230\" class=\"font--regular\">Une adaptation flexible aux besoins individuels des citoyens est ainsi garantie. Sur le site\u00a0<a class=\"link--external\" href=\"https:\/\/www.fedpol.admin.ch\/fedpol\/de\/home\/pass---identitaetskarte\/pass\/projekte.html\" target=\"_blank\" rel=\"external noopener\" aria-label=\"www.fedpol.admin.ch\/fedpol\/de\/home\/pass---identitaetskarte\/pass\/projekte.html Ouvrir le lien dans un nouvel onglet\">www.schweizerpass.ch<\/a>\u00a0on trouve une vid\u00e9o explicative qui montre les particularit\u00e9s des deux variantes.<\/p>\n<p><em>Source : fedpol.admin.ch<\/em><\/p>","protected":false},"excerpt":{"rendered":"<p>Um Identit\u00e4tsmissbrauch, F\u00e4lschungen und weiteren Arten von Missbrauch vorzubeugen, sind sichere und schwer f\u00e4lschbare Identit\u00e4tsdokumente entscheidend. Aus diesem Grund m\u00fcssen Ausweise, genau wie Banknoten, regelm\u00e4ssig technologisch modernisiert werden. Die k\u00fcnftige biometrische Identit\u00e4tskarte wird, wie bereits der heutige biometrische Schweizer Pass, mit einem Chip versehen sein, auf dem zwei Fingerabdr\u00fccke und ein Gesichtsbild gespeichert sind. Die [&hellip;]<\/p>\n","protected":false},"author":31,"featured_media":0,"comment_status":"closed","ping_status":"closed","sticky":false,"template":"","format":"standard","meta":{"_acf_changed":false,"pgc_sgb_lightbox_settings":"","footnotes":""},"categories":[3312],"tags":[384,4108,6594,1560],"class_list":["post-24392","post","type-post","status-publish","format-standard","hentry","category-sicherheit","tag-biometrie","tag-biometrische-daten","tag-id","tag-identitaetskarte"],"acf":[],"hkrextid":null,"publication":null,"issue":null,"workflow":null,"startPage":null,"spitzmarke":null,"_posts_by_tag_page_fields":null,"_at_widget":null,"_yoast_wpseo_primary_category":"3312","_yoast_wpseo_focuskw_text_input":null,"_yoast_wpseo_opengraph-image":null,"_yoast_wpseo_opengraph-description":null,"_yoast_wpseo_opengraph-title":null,"enclosure":null,"_yoast_wpseo_twitter-title":null,"_yoast_wpseo_twitter-description":null,"_yoast_wpseo_twitter-image":null,"_wp_old_slug":null,"_yoast_wpseo_title":null,"_yoast_wpseo_canonical":null,"yoast_head":"<!-- This site is optimized with the Yoast SEO plugin v27.4 - https:\/\/yoast.com\/product\/yoast-seo-wordpress\/ -->\n<title>Entwicklung der ersten biometrischen Schweizer Identit\u00e4tskarte - Save<\/title>\n<meta name=\"description\" content=\"Zusammen mit seinen Partnern in den Kantonen und beim Bund arbeitet fedpol zurzeit an der Entwicklung der ersten biometrischen Schweizer Identit\u00e4tskarte.\" \/>\n<meta name=\"robots\" content=\"index, follow, max-snippet:-1, max-image-preview:large, max-video-preview:-1\" \/>\n<link rel=\"canonical\" href=\"https:\/\/news.save.ch\/fr\/entwicklung-der-ersten-biometrischen-schweizer-identitaetskarte\/\" \/>\n<meta property=\"og:locale\" content=\"fr_FR\" \/>\n<meta property=\"og:type\" content=\"article\" \/>\n<meta property=\"og:title\" content=\"Entwicklung der ersten biometrischen Schweizer Identit\u00e4tskarte - Save\" \/>\n<meta property=\"og:description\" content=\"Zusammen mit seinen Partnern in den Kantonen und beim Bund arbeitet fedpol zurzeit an der Entwicklung der ersten biometrischen Schweizer Identit\u00e4tskarte.\" \/>\n<meta property=\"og:url\" content=\"https:\/\/news.save.ch\/fr\/entwicklung-der-ersten-biometrischen-schweizer-identitaetskarte\/\" \/>\n<meta property=\"og:site_name\" content=\"Save\" \/>\n<meta property=\"article:published_time\" content=\"2025-07-09T08:06:47+00:00\" \/>\n<meta property=\"article:modified_time\" content=\"2025-07-09T08:06:57+00:00\" \/>\n<meta property=\"og:image\" content=\"https:\/\/news.save.ch\/wp-content\/uploads\/2025\/07\/biometrische-identitaetskarte.jpg\" \/>\n\t<meta property=\"og:image:width\" content=\"1024\" \/>\n\t<meta property=\"og:image:height\" content=\"640\" \/>\n\t<meta property=\"og:image:type\" content=\"image\/jpeg\" \/>\n<meta name=\"author\" content=\"stefanie Zeng\" \/>\n<meta name=\"twitter:card\" content=\"summary_large_image\" \/>\n<meta name=\"twitter:label1\" content=\"\u00c9crit par\" \/>\n\t<meta name=\"twitter:data1\" content=\"stefanie Zeng\" \/>\n\t<meta name=\"twitter:label2\" content=\"Dur\u00e9e de lecture estim\u00e9e\" \/>\n\t<meta name=\"twitter:data2\" content=\"3 minutes\" \/>\n<script type=\"application\/ld+json\" class=\"yoast-schema-graph\">{\"@context\":\"https:\\\/\\\/schema.org\",\"@graph\":[{\"@type\":\"Article\",\"@id\":\"https:\\\/\\\/news.save.ch\\\/entwicklung-der-ersten-biometrischen-schweizer-identitaetskarte\\\/#article\",\"isPartOf\":{\"@id\":\"https:\\\/\\\/news.save.ch\\\/entwicklung-der-ersten-biometrischen-schweizer-identitaetskarte\\\/\"},\"author\":{\"name\":\"stefanie Zeng\",\"@id\":\"https:\\\/\\\/news.save.ch\\\/de\\\/#\\\/schema\\\/person\\\/10917387362b3961e882740f6cf6f2a2\"},\"headline\":\"Entwicklung der ersten biometrischen Schweizer Identit\u00e4tskarte\",\"datePublished\":\"2025-07-09T08:06:47+00:00\",\"dateModified\":\"2025-07-09T08:06:57+00:00\",\"mainEntityOfPage\":{\"@id\":\"https:\\\/\\\/news.save.ch\\\/entwicklung-der-ersten-biometrischen-schweizer-identitaetskarte\\\/\"},\"wordCount\":436,\"publisher\":{\"@id\":\"https:\\\/\\\/news.save.ch\\\/de\\\/#organization\"},\"image\":{\"@id\":\"https:\\\/\\\/news.save.ch\\\/entwicklung-der-ersten-biometrischen-schweizer-identitaetskarte\\\/#primaryimage\"},\"thumbnailUrl\":\"https:\\\/\\\/news.save.ch\\\/wp-content\\\/uploads\\\/2025\\\/07\\\/biometrische-identitaetskarte.jpg\",\"keywords\":[\"Biometrie\",\"Biometrische Daten\",\"ID\",\"Identit\u00e4tskarte\"],\"articleSection\":[\"SICHERHEIT\"],\"inLanguage\":\"fr-FR\"},{\"@type\":\"WebPage\",\"@id\":\"https:\\\/\\\/news.save.ch\\\/entwicklung-der-ersten-biometrischen-schweizer-identitaetskarte\\\/\",\"url\":\"https:\\\/\\\/news.save.ch\\\/entwicklung-der-ersten-biometrischen-schweizer-identitaetskarte\\\/\",\"name\":\"Entwicklung der ersten biometrischen Schweizer Identit\u00e4tskarte - Save\",\"isPartOf\":{\"@id\":\"https:\\\/\\\/news.save.ch\\\/de\\\/#website\"},\"primaryImageOfPage\":{\"@id\":\"https:\\\/\\\/news.save.ch\\\/entwicklung-der-ersten-biometrischen-schweizer-identitaetskarte\\\/#primaryimage\"},\"image\":{\"@id\":\"https:\\\/\\\/news.save.ch\\\/entwicklung-der-ersten-biometrischen-schweizer-identitaetskarte\\\/#primaryimage\"},\"thumbnailUrl\":\"https:\\\/\\\/news.save.ch\\\/wp-content\\\/uploads\\\/2025\\\/07\\\/biometrische-identitaetskarte.jpg\",\"datePublished\":\"2025-07-09T08:06:47+00:00\",\"dateModified\":\"2025-07-09T08:06:57+00:00\",\"description\":\"Zusammen mit seinen Partnern in den Kantonen und beim Bund arbeitet fedpol zurzeit an der Entwicklung der ersten biometrischen Schweizer Identit\u00e4tskarte.\",\"breadcrumb\":{\"@id\":\"https:\\\/\\\/news.save.ch\\\/entwicklung-der-ersten-biometrischen-schweizer-identitaetskarte\\\/#breadcrumb\"},\"inLanguage\":\"fr-FR\",\"potentialAction\":[{\"@type\":\"ReadAction\",\"target\":[\"https:\\\/\\\/news.save.ch\\\/entwicklung-der-ersten-biometrischen-schweizer-identitaetskarte\\\/\"]}]},{\"@type\":\"ImageObject\",\"inLanguage\":\"fr-FR\",\"@id\":\"https:\\\/\\\/news.save.ch\\\/entwicklung-der-ersten-biometrischen-schweizer-identitaetskarte\\\/#primaryimage\",\"url\":\"https:\\\/\\\/news.save.ch\\\/wp-content\\\/uploads\\\/2025\\\/07\\\/biometrische-identitaetskarte.jpg\",\"contentUrl\":\"https:\\\/\\\/news.save.ch\\\/wp-content\\\/uploads\\\/2025\\\/07\\\/biometrische-identitaetskarte.jpg\"},{\"@type\":\"BreadcrumbList\",\"@id\":\"https:\\\/\\\/news.save.ch\\\/entwicklung-der-ersten-biometrischen-schweizer-identitaetskarte\\\/#breadcrumb\",\"itemListElement\":[{\"@type\":\"ListItem\",\"position\":1,\"name\":\"Home\",\"item\":\"https:\\\/\\\/news.save.ch\\\/de\\\/\"},{\"@type\":\"ListItem\",\"position\":2,\"name\":\"Entwicklung der ersten biometrischen Schweizer Identit\u00e4tskarte\"}]},{\"@type\":\"WebSite\",\"@id\":\"https:\\\/\\\/news.save.ch\\\/de\\\/#website\",\"url\":\"https:\\\/\\\/news.save.ch\\\/de\\\/\",\"name\":\"Save\",\"description\":\"Schweizer Fachzeitschrift f\u00fcr Sicherheit\",\"publisher\":{\"@id\":\"https:\\\/\\\/news.save.ch\\\/de\\\/#organization\"},\"potentialAction\":[{\"@type\":\"SearchAction\",\"target\":{\"@type\":\"EntryPoint\",\"urlTemplate\":\"https:\\\/\\\/news.save.ch\\\/de\\\/?s={search_term_string}\"},\"query-input\":{\"@type\":\"PropertyValueSpecification\",\"valueRequired\":true,\"valueName\":\"search_term_string\"}}],\"inLanguage\":\"fr-FR\"},{\"@type\":\"Organization\",\"@id\":\"https:\\\/\\\/news.save.ch\\\/de\\\/#organization\",\"name\":\"Sicherheitsforum\",\"url\":\"https:\\\/\\\/news.save.ch\\\/de\\\/\",\"logo\":{\"@type\":\"ImageObject\",\"inLanguage\":\"fr-FR\",\"@id\":\"https:\\\/\\\/news.save.ch\\\/de\\\/#\\\/schema\\\/logo\\\/image\\\/\",\"url\":\"https:\\\/\\\/news.save.ch\\\/wp-content\\\/uploads\\\/2022\\\/06\\\/Logo_SF_2012.png\",\"contentUrl\":\"https:\\\/\\\/news.save.ch\\\/wp-content\\\/uploads\\\/2022\\\/06\\\/Logo_SF_2012.png\",\"width\":1100,\"height\":91,\"caption\":\"Sicherheitsforum\"},\"image\":{\"@id\":\"https:\\\/\\\/news.save.ch\\\/de\\\/#\\\/schema\\\/logo\\\/image\\\/\"}},{\"@type\":\"Person\",\"@id\":\"https:\\\/\\\/news.save.ch\\\/de\\\/#\\\/schema\\\/person\\\/10917387362b3961e882740f6cf6f2a2\",\"name\":\"stefanie Zeng\",\"image\":{\"@type\":\"ImageObject\",\"inLanguage\":\"fr-FR\",\"@id\":\"https:\\\/\\\/secure.gravatar.com\\\/avatar\\\/eac43faa6e40bb2c41068c95c9d78bbd94c476d5efdff7abaab80bb3ea681e06?s=96&d=mm&r=g\",\"url\":\"https:\\\/\\\/secure.gravatar.com\\\/avatar\\\/eac43faa6e40bb2c41068c95c9d78bbd94c476d5efdff7abaab80bb3ea681e06?s=96&d=mm&r=g\",\"contentUrl\":\"https:\\\/\\\/secure.gravatar.com\\\/avatar\\\/eac43faa6e40bb2c41068c95c9d78bbd94c476d5efdff7abaab80bb3ea681e06?s=96&d=mm&r=g\",\"caption\":\"stefanie Zeng\"},\"url\":\"https:\\\/\\\/news.save.ch\\\/fr\\\/author\\\/stefanie-zeng\\\/\"}]}<\/script>\n<!-- \/ Yoast SEO plugin. -->","yoast_head_json":{"title":"D\u00e9veloppement de la premi\u00e8re carte d'identit\u00e9 suisse biom\u00e9trique - Save","description":"En collaboration avec ses partenaires dans les cantons et \u00e0 la Conf\u00e9d\u00e9ration, fedpol travaille actuellement au d\u00e9veloppement de la premi\u00e8re carte d'identit\u00e9 biom\u00e9trique suisse.","robots":{"index":"index","follow":"follow","max-snippet":"max-snippet:-1","max-image-preview":"max-image-preview:large","max-video-preview":"max-video-preview:-1"},"canonical":"https:\/\/news.save.ch\/fr\/entwicklung-der-ersten-biometrischen-schweizer-identitaetskarte\/","og_locale":"fr_FR","og_type":"article","og_title":"Entwicklung der ersten biometrischen Schweizer Identit\u00e4tskarte - Save","og_description":"Zusammen mit seinen Partnern in den Kantonen und beim Bund arbeitet fedpol zurzeit an der Entwicklung der ersten biometrischen Schweizer Identit\u00e4tskarte.","og_url":"https:\/\/news.save.ch\/fr\/entwicklung-der-ersten-biometrischen-schweizer-identitaetskarte\/","og_site_name":"Save","article_published_time":"2025-07-09T08:06:47+00:00","article_modified_time":"2025-07-09T08:06:57+00:00","og_image":[{"width":1024,"height":640,"url":"https:\/\/news.save.ch\/wp-content\/uploads\/2025\/07\/biometrische-identitaetskarte.jpg","type":"image\/jpeg"}],"author":"stefanie Zeng","twitter_card":"summary_large_image","twitter_misc":{"\u00c9crit par":"stefanie Zeng","Dur\u00e9e de lecture estim\u00e9e":"3 minutes"},"schema":{"@context":"https:\/\/schema.org","@graph":[{"@type":"Article","@id":"https:\/\/news.save.ch\/entwicklung-der-ersten-biometrischen-schweizer-identitaetskarte\/#article","isPartOf":{"@id":"https:\/\/news.save.ch\/entwicklung-der-ersten-biometrischen-schweizer-identitaetskarte\/"},"author":{"name":"stefanie Zeng","@id":"https:\/\/news.save.ch\/de\/#\/schema\/person\/10917387362b3961e882740f6cf6f2a2"},"headline":"Entwicklung der ersten biometrischen Schweizer Identit\u00e4tskarte","datePublished":"2025-07-09T08:06:47+00:00","dateModified":"2025-07-09T08:06:57+00:00","mainEntityOfPage":{"@id":"https:\/\/news.save.ch\/entwicklung-der-ersten-biometrischen-schweizer-identitaetskarte\/"},"wordCount":436,"publisher":{"@id":"https:\/\/news.save.ch\/de\/#organization"},"image":{"@id":"https:\/\/news.save.ch\/entwicklung-der-ersten-biometrischen-schweizer-identitaetskarte\/#primaryimage"},"thumbnailUrl":"https:\/\/news.save.ch\/wp-content\/uploads\/2025\/07\/biometrische-identitaetskarte.jpg","keywords":["Biometrie","Biometrische Daten","ID","Identit\u00e4tskarte"],"articleSection":["SICHERHEIT"],"inLanguage":"fr-FR"},{"@type":"WebPage","@id":"https:\/\/news.save.ch\/entwicklung-der-ersten-biometrischen-schweizer-identitaetskarte\/","url":"https:\/\/news.save.ch\/entwicklung-der-ersten-biometrischen-schweizer-identitaetskarte\/","name":"D\u00e9veloppement de la premi\u00e8re carte d'identit\u00e9 suisse biom\u00e9trique - Save","isPartOf":{"@id":"https:\/\/news.save.ch\/de\/#website"},"primaryImageOfPage":{"@id":"https:\/\/news.save.ch\/entwicklung-der-ersten-biometrischen-schweizer-identitaetskarte\/#primaryimage"},"image":{"@id":"https:\/\/news.save.ch\/entwicklung-der-ersten-biometrischen-schweizer-identitaetskarte\/#primaryimage"},"thumbnailUrl":"https:\/\/news.save.ch\/wp-content\/uploads\/2025\/07\/biometrische-identitaetskarte.jpg","datePublished":"2025-07-09T08:06:47+00:00","dateModified":"2025-07-09T08:06:57+00:00","description":"En collaboration avec ses partenaires dans les cantons et \u00e0 la Conf\u00e9d\u00e9ration, fedpol travaille actuellement au d\u00e9veloppement de la premi\u00e8re carte d'identit\u00e9 biom\u00e9trique suisse.","breadcrumb":{"@id":"https:\/\/news.save.ch\/entwicklung-der-ersten-biometrischen-schweizer-identitaetskarte\/#breadcrumb"},"inLanguage":"fr-FR","potentialAction":[{"@type":"ReadAction","target":["https:\/\/news.save.ch\/entwicklung-der-ersten-biometrischen-schweizer-identitaetskarte\/"]}]},{"@type":"ImageObject","inLanguage":"fr-FR","@id":"https:\/\/news.save.ch\/entwicklung-der-ersten-biometrischen-schweizer-identitaetskarte\/#primaryimage","url":"https:\/\/news.save.ch\/wp-content\/uploads\/2025\/07\/biometrische-identitaetskarte.jpg","contentUrl":"https:\/\/news.save.ch\/wp-content\/uploads\/2025\/07\/biometrische-identitaetskarte.jpg"},{"@type":"BreadcrumbList","@id":"https:\/\/news.save.ch\/entwicklung-der-ersten-biometrischen-schweizer-identitaetskarte\/#breadcrumb","itemListElement":[{"@type":"ListItem","position":1,"name":"Home","item":"https:\/\/news.save.ch\/de\/"},{"@type":"ListItem","position":2,"name":"Entwicklung der ersten biometrischen Schweizer Identit\u00e4tskarte"}]},{"@type":"WebSite","@id":"https:\/\/news.save.ch\/de\/#website","url":"https:\/\/news.save.ch\/de\/","name":"Save","description":"Revue suisse sp\u00e9cialis\u00e9e dans la s\u00e9curit\u00e9","publisher":{"@id":"https:\/\/news.save.ch\/de\/#organization"},"potentialAction":[{"@type":"SearchAction","target":{"@type":"EntryPoint","urlTemplate":"https:\/\/news.save.ch\/de\/?s={search_term_string}"},"query-input":{"@type":"PropertyValueSpecification","valueRequired":true,"valueName":"search_term_string"}}],"inLanguage":"fr-FR"},{"@type":"Organization","@id":"https:\/\/news.save.ch\/de\/#organization","name":"Forum sur la s\u00e9curit\u00e9","url":"https:\/\/news.save.ch\/de\/","logo":{"@type":"ImageObject","inLanguage":"fr-FR","@id":"https:\/\/news.save.ch\/de\/#\/schema\/logo\/image\/","url":"https:\/\/news.save.ch\/wp-content\/uploads\/2022\/06\/Logo_SF_2012.png","contentUrl":"https:\/\/news.save.ch\/wp-content\/uploads\/2022\/06\/Logo_SF_2012.png","width":1100,"height":91,"caption":"Sicherheitsforum"},"image":{"@id":"https:\/\/news.save.ch\/de\/#\/schema\/logo\/image\/"}},{"@type":"Person","@id":"https:\/\/news.save.ch\/de\/#\/schema\/person\/10917387362b3961e882740f6cf6f2a2","name":"stefanie Zeng","image":{"@type":"ImageObject","inLanguage":"fr-FR","@id":"https:\/\/secure.gravatar.com\/avatar\/eac43faa6e40bb2c41068c95c9d78bbd94c476d5efdff7abaab80bb3ea681e06?s=96&d=mm&r=g","url":"https:\/\/secure.gravatar.com\/avatar\/eac43faa6e40bb2c41068c95c9d78bbd94c476d5efdff7abaab80bb3ea681e06?s=96&d=mm&r=g","contentUrl":"https:\/\/secure.gravatar.com\/avatar\/eac43faa6e40bb2c41068c95c9d78bbd94c476d5efdff7abaab80bb3ea681e06?s=96&d=mm&r=g","caption":"stefanie Zeng"},"url":"https:\/\/news.save.ch\/fr\/author\/stefanie-zeng\/"}]}},"_links":{"self":[{"href":"https:\/\/news.save.ch\/fr\/wp-json\/wp\/v2\/posts\/24392","targetHints":{"allow":["GET"]}}],"collection":[{"href":"https:\/\/news.save.ch\/fr\/wp-json\/wp\/v2\/posts"}],"about":[{"href":"https:\/\/news.save.ch\/fr\/wp-json\/wp\/v2\/types\/post"}],"author":[{"embeddable":true,"href":"https:\/\/news.save.ch\/fr\/wp-json\/wp\/v2\/users\/31"}],"replies":[{"embeddable":true,"href":"https:\/\/news.save.ch\/fr\/wp-json\/wp\/v2\/comments?post=24392"}],"version-history":[{"count":2,"href":"https:\/\/news.save.ch\/fr\/wp-json\/wp\/v2\/posts\/24392\/revisions"}],"predecessor-version":[{"id":24395,"href":"https:\/\/news.save.ch\/fr\/wp-json\/wp\/v2\/posts\/24392\/revisions\/24395"}],"wp:attachment":[{"href":"https:\/\/news.save.ch\/fr\/wp-json\/wp\/v2\/media?parent=24392"}],"wp:term":[{"taxonomy":"category","embeddable":true,"href":"https:\/\/news.save.ch\/fr\/wp-json\/wp\/v2\/categories?post=24392"},{"taxonomy":"post_tag","embeddable":true,"href":"https:\/\/news.save.ch\/fr\/wp-json\/wp\/v2\/tags?post=24392"}],"curies":[{"name":"wp","href":"https:\/\/api.w.org\/{rel}","templated":true}]}}