{"id":24418,"date":"2025-07-25T13:20:15","date_gmt":"2025-07-25T11:20:15","guid":{"rendered":"https:\/\/news.save.ch\/?p=24418"},"modified":"2025-08-06T13:23:15","modified_gmt":"2025-08-06T11:23:15","slug":"stadtbaeume-kuehlen-auch-bei-extremer-hitze","status":null,"type":"post","link":"https:\/\/news.save.ch\/fr\/stadtbaeume-kuehlen-auch-bei-extremer-hitze\/","title":{"rendered":"Les arbres urbains rafra\u00eechissent m\u00eame en cas de chaleur extr\u00eame"},"content":{"rendered":"<figure id=\"attachment_24419\" aria-describedby=\"caption-attachment-24419\" style=\"width: 1400px\" class=\"wp-caption alignnone\"><a href=\"https:\/\/news.save.ch\/fr\/stadtbaeume-kuehlen-auch-bei-extremer-hitze\/img_5654\/\" rel=\"attachment wp-att-24419\"><img loading=\"lazy\" decoding=\"async\" class=\"size-full wp-image-24419\" src=\"https:\/\/news.save.ch\/wp-content\/uploads\/2025\/08\/IMG_5654-scaled.jpg\" alt=\"\" width=\"1400\" height=\"1050\" srcset=\"https:\/\/news.save.ch\/wp-content\/uploads\/2025\/08\/IMG_5654-scaled.jpg 1200w, https:\/\/news.save.ch\/wp-content\/uploads\/2025\/08\/IMG_5654-680x510.jpg 680w, https:\/\/news.save.ch\/wp-content\/uploads\/2025\/08\/IMG_5654-1024x768.jpg 1024w, https:\/\/news.save.ch\/wp-content\/uploads\/2025\/08\/IMG_5654-768x576.jpg 768w, https:\/\/news.save.ch\/wp-content\/uploads\/2025\/08\/IMG_5654-1536x1152.jpg 1536w, https:\/\/news.save.ch\/wp-content\/uploads\/2025\/08\/IMG_5654-16x12.jpg 16w, https:\/\/news.save.ch\/wp-content\/uploads\/2025\/08\/IMG_5654-375x281.jpg 375w, https:\/\/news.save.ch\/wp-content\/uploads\/2025\/08\/IMG_5654-467x350.jpg 467w, https:\/\/news.save.ch\/wp-content\/uploads\/2025\/08\/IMG_5654-1000x750.jpg 1000w\" sizes=\"auto, (max-width: 1400px) 100vw, 1400px\" \/><\/a><figcaption id=\"caption-attachment-24419\" class=\"wp-caption-text\">Place de la banlieue genevoise de Lancy : l'essai a eu lieu sur ces huit platanes. (Photo : Christoph Bachofen)<\/figcaption><\/figure>\n<p>Lorsque le soleil tape, les arbres urbains rafra\u00eechissent l'environnement en faisant \u00e9vaporer de l'eau par leurs feuilles. Face \u00e0 l'augmentation attendue des vagues de chaleur, comme le pr\u00e9voient les mod\u00e8les climatiques, ils contribuent de mani\u00e8re d\u00e9cisive \u00e0 maintenir la qualit\u00e9 de vie dans les villes. Mais les arbres atteignent aussi leurs limites \u00e0 un moment donn\u00e9 : si la temp\u00e9rature des feuilles d\u00e9passe 30 \u00e0 35 \u00b0C, la photosynth\u00e8se ne fonctionne plus - les pores des feuilles se ferment pour \u00e9viter la perte d'eau.<\/p>\n<p>Une \u00e9quipe de recherche de l'Institut f\u00e9d\u00e9ral de recherches sur la for\u00eat, la neige et le paysage (WSL) et de l'EPFL a \u00e9tudi\u00e9 de mani\u00e8re cibl\u00e9e le comportement des platanes dans des conditions extr\u00eames - avec un r\u00e9sultat surprenant : les arbres ont continu\u00e9 \u00e0 \u00e9vaporer beaucoup plus d'eau que pr\u00e9vu, m\u00eame \u00e0 des temp\u00e9ratures sup\u00e9rieures \u00e0 39 \u00b0C, et ont ainsi efficacement refroidi l'environnement. Le responsable de l'\u00e9tude, Christoph Bachofen, et son \u00e9quipe ont install\u00e9 au printemps 2023 des appareils de mesure sur huit platanes de la banlieue genevoise de Lancy. Les capteurs ont enregistr\u00e9 le flux de s\u00e8ve dans les troncs, ce qui permet de tirer des conclusions sur la quantit\u00e9 d'eau \u00e9vapor\u00e9e et donc sur la puissance de refroidissement. Cet \u00e9t\u00e9-l\u00e0, Gen\u00e8ve a justement connu deux vagues de chaleur avec des temp\u00e9ratures records, atteignant pr\u00e8s de 40 \u00b0C. Les plants ont \u00e9t\u00e9 arros\u00e9s d'eau chaude, ce qui a permis de r\u00e9duire la consommation d'\u00e9nergie.<\/p>\n<h3>Comment les arbres r\u00e9agissent aux conditions extr\u00eames<\/h3>\n<p>Contrairement \u00e0 ce que l'on attendait, les arbres n'ont pas cess\u00e9 leur flux d'eau - au contraire, il a m\u00eame augment\u00e9 avec la chaleur croissante, bien que l'air soit extr\u00eamement sec au m\u00eame moment. \"Il est \u00e9vident que nous n'avons pas encore compl\u00e8tement compris comment les arbres r\u00e9agissent \u00e0 des conditions extr\u00eames\", explique Bachofen. Les chercheurs supposent que des r\u00e9serves d'eau profondes dans le sol ont notamment aid\u00e9 les platanes.<\/p>\n<p>L'ampleur du flux d'eau a \u00e9t\u00e9 surprenante et soul\u00e8ve des questions importantes : Si les arbres r\u00e9agissent diff\u00e9remment \u00e0 la chaleur que ce que l'on pensait jusqu'\u00e0 pr\u00e9sent, les pr\u00e9visions concernant leur effet de refroidissement sont \u00e9galement impr\u00e9cises - et les mod\u00e8les permettant de pr\u00e9dire la r\u00e9partition future de la chaleur dans les villes ne seraient pas fiables.<\/p>\n<p>Le fait que les arbres \u00e9vaporent beaucoup d'eau, m\u00eame en cas de chaleur extr\u00eame, est une bonne nouvelle pour le climat urbain. \"Les jours o\u00f9 la temp\u00e9rature d\u00e9passe 30 degr\u00e9s Celsius sont de plus en plus fr\u00e9quents\", explique Bachofen. La prochaine \u00e9tape importante pour la recherche est maintenant de d\u00e9couvrir avec quelle efficacit\u00e9 d'autres esp\u00e8ces d'arbres transpirent \u00e9galement sous une chaleur extr\u00eame. Cela permettrait de d\u00e9velopper des recommandations sur les esp\u00e8ces qui peuvent non seulement faire face \u00e0 la pollution atmosph\u00e9rique et au sel de d\u00e9neigement, mais aussi aux fortes chaleurs. Car la capacit\u00e9 de refroidissement n'est qu'une des nombreuses t\u00e2ches que les arbres urbains assument - mais elle deviendra de plus en plus importante \u00e0 l'avenir.<\/p>","protected":false},"excerpt":{"rendered":"<p>Wenn die Sonne brennt, k\u00fchlen Stadtb\u00e4ume die Umgebung, indem sie Wasser \u00fcber ihre Bl\u00e4tter verdunsten. Angesichts der zu erwartenden Zunahme von Hitzewellen, wie Klimamodelle vorhersagen, tragen sie entscheidend dazu bei, St\u00e4dte lebenswert zu halten. B\u00e4ume stossen jedoch irgendwann auch an ihre Grenzen: Steigen die Blatttemperaturen \u00fcber 30 bis 35 \u00b0C, funktioniert die Fotosynthese nicht mehr [&hellip;]<\/p>\n","protected":false},"author":31,"featured_media":24419,"comment_status":"closed","ping_status":"closed","sticky":false,"template":"","format":"standard","meta":{"_acf_changed":false,"pgc_sgb_lightbox_settings":"","footnotes":""},"categories":[3314],"tags":[6600,6601,6599],"class_list":["post-24418","post","type-post","status-publish","format-standard","has-post-thumbnail","hentry","category-health-safety","tag-baeume","tag-beschattung","tag-extremhitze"],"acf":[],"hkrextid":null,"publication":null,"issue":null,"workflow":null,"startPage":null,"spitzmarke":null,"_posts_by_tag_page_fields":null,"_at_widget":null,"_yoast_wpseo_primary_category":"3314","_yoast_wpseo_focuskw_text_input":null,"_yoast_wpseo_opengraph-image":null,"_yoast_wpseo_opengraph-description":null,"_yoast_wpseo_opengraph-title":null,"enclosure":null,"_yoast_wpseo_twitter-title":null,"_yoast_wpseo_twitter-description":null,"_yoast_wpseo_twitter-image":null,"_wp_old_slug":null,"_yoast_wpseo_title":null,"_yoast_wpseo_canonical":null,"yoast_head":"<!-- This site is optimized with the Yoast SEO plugin v27.5 - https:\/\/yoast.com\/product\/yoast-seo-wordpress\/ -->\n<title>Stadtb\u00e4ume k\u00fchlen auch bei extremer Hitze - Save<\/title>\n<meta name=\"description\" content=\"Platanen in St\u00e4dten leisten selbst bei grosser Hitze noch einen wichtigen Beitrag zur Abk\u00fchlung \u2013 das zeigt eine neue Studie.\" \/>\n<meta name=\"robots\" content=\"index, follow, max-snippet:-1, max-image-preview:large, max-video-preview:-1\" \/>\n<link rel=\"canonical\" href=\"https:\/\/news.save.ch\/fr\/stadtbaeume-kuehlen-auch-bei-extremer-hitze\/\" \/>\n<meta property=\"og:locale\" content=\"fr_FR\" \/>\n<meta property=\"og:type\" content=\"article\" \/>\n<meta property=\"og:title\" content=\"Stadtb\u00e4ume k\u00fchlen auch bei extremer Hitze - Save\" \/>\n<meta property=\"og:description\" content=\"Platanen in St\u00e4dten leisten selbst bei grosser Hitze noch einen wichtigen Beitrag zur Abk\u00fchlung \u2013 das zeigt eine neue Studie.\" \/>\n<meta property=\"og:url\" content=\"https:\/\/news.save.ch\/fr\/stadtbaeume-kuehlen-auch-bei-extremer-hitze\/\" \/>\n<meta property=\"og:site_name\" content=\"Save\" \/>\n<meta property=\"article:published_time\" content=\"2025-07-25T11:20:15+00:00\" \/>\n<meta property=\"article:modified_time\" content=\"2025-08-06T11:23:15+00:00\" \/>\n<meta property=\"og:image\" content=\"https:\/\/news.save.ch\/wp-content\/uploads\/2025\/08\/IMG_5654-scaled.jpg\" \/>\n\t<meta property=\"og:image:width\" content=\"1400\" \/>\n\t<meta property=\"og:image:height\" content=\"1050\" \/>\n\t<meta property=\"og:image:type\" content=\"image\/jpeg\" \/>\n<meta name=\"author\" content=\"stefanie Zeng\" \/>\n<meta name=\"twitter:card\" content=\"summary_large_image\" \/>\n<meta name=\"twitter:label1\" content=\"\u00c9crit par\" \/>\n\t<meta name=\"twitter:data1\" content=\"stefanie Zeng\" \/>\n\t<meta name=\"twitter:label2\" content=\"Dur\u00e9e de lecture estim\u00e9e\" \/>\n\t<meta name=\"twitter:data2\" content=\"3 minutes\" \/>\n<script type=\"application\/ld+json\" class=\"yoast-schema-graph\">{\"@context\":\"https:\\\/\\\/schema.org\",\"@graph\":[{\"@type\":\"Article\",\"@id\":\"https:\\\/\\\/news.save.ch\\\/stadtbaeume-kuehlen-auch-bei-extremer-hitze\\\/#article\",\"isPartOf\":{\"@id\":\"https:\\\/\\\/news.save.ch\\\/stadtbaeume-kuehlen-auch-bei-extremer-hitze\\\/\"},\"author\":{\"name\":\"stefanie Zeng\",\"@id\":\"https:\\\/\\\/news.save.ch\\\/de\\\/#\\\/schema\\\/person\\\/10917387362b3961e882740f6cf6f2a2\"},\"headline\":\"Stadtb\u00e4ume k\u00fchlen auch bei extremer Hitze\",\"datePublished\":\"2025-07-25T11:20:15+00:00\",\"dateModified\":\"2025-08-06T11:23:15+00:00\",\"mainEntityOfPage\":{\"@id\":\"https:\\\/\\\/news.save.ch\\\/stadtbaeume-kuehlen-auch-bei-extremer-hitze\\\/\"},\"wordCount\":411,\"publisher\":{\"@id\":\"https:\\\/\\\/news.save.ch\\\/de\\\/#organization\"},\"image\":{\"@id\":\"https:\\\/\\\/news.save.ch\\\/stadtbaeume-kuehlen-auch-bei-extremer-hitze\\\/#primaryimage\"},\"thumbnailUrl\":\"https:\\\/\\\/news.save.ch\\\/wp-content\\\/uploads\\\/2025\\\/08\\\/IMG_5654-scaled.jpg\",\"keywords\":[\"B\u00e4ume\",\"Beschattung\",\"Extremhitze\"],\"articleSection\":[\"HEALTH &amp; SAFETY\"],\"inLanguage\":\"fr-FR\"},{\"@type\":\"WebPage\",\"@id\":\"https:\\\/\\\/news.save.ch\\\/stadtbaeume-kuehlen-auch-bei-extremer-hitze\\\/\",\"url\":\"https:\\\/\\\/news.save.ch\\\/stadtbaeume-kuehlen-auch-bei-extremer-hitze\\\/\",\"name\":\"Stadtb\u00e4ume k\u00fchlen auch bei extremer Hitze - Save\",\"isPartOf\":{\"@id\":\"https:\\\/\\\/news.save.ch\\\/de\\\/#website\"},\"primaryImageOfPage\":{\"@id\":\"https:\\\/\\\/news.save.ch\\\/stadtbaeume-kuehlen-auch-bei-extremer-hitze\\\/#primaryimage\"},\"image\":{\"@id\":\"https:\\\/\\\/news.save.ch\\\/stadtbaeume-kuehlen-auch-bei-extremer-hitze\\\/#primaryimage\"},\"thumbnailUrl\":\"https:\\\/\\\/news.save.ch\\\/wp-content\\\/uploads\\\/2025\\\/08\\\/IMG_5654-scaled.jpg\",\"datePublished\":\"2025-07-25T11:20:15+00:00\",\"dateModified\":\"2025-08-06T11:23:15+00:00\",\"description\":\"Platanen in St\u00e4dten leisten selbst bei grosser Hitze noch einen wichtigen Beitrag zur Abk\u00fchlung \u2013 das zeigt eine neue Studie.\",\"breadcrumb\":{\"@id\":\"https:\\\/\\\/news.save.ch\\\/stadtbaeume-kuehlen-auch-bei-extremer-hitze\\\/#breadcrumb\"},\"inLanguage\":\"fr-FR\",\"potentialAction\":[{\"@type\":\"ReadAction\",\"target\":[\"https:\\\/\\\/news.save.ch\\\/stadtbaeume-kuehlen-auch-bei-extremer-hitze\\\/\"]}]},{\"@type\":\"ImageObject\",\"inLanguage\":\"fr-FR\",\"@id\":\"https:\\\/\\\/news.save.ch\\\/stadtbaeume-kuehlen-auch-bei-extremer-hitze\\\/#primaryimage\",\"url\":\"https:\\\/\\\/news.save.ch\\\/wp-content\\\/uploads\\\/2025\\\/08\\\/IMG_5654-scaled.jpg\",\"contentUrl\":\"https:\\\/\\\/news.save.ch\\\/wp-content\\\/uploads\\\/2025\\\/08\\\/IMG_5654-scaled.jpg\",\"width\":1200,\"height\":900,\"caption\":\"Platz im Genfer Vorort Lancy: An diesen acht Platanen fand der Versuch statt. (Foto: Christoph Bachofen)\"},{\"@type\":\"BreadcrumbList\",\"@id\":\"https:\\\/\\\/news.save.ch\\\/stadtbaeume-kuehlen-auch-bei-extremer-hitze\\\/#breadcrumb\",\"itemListElement\":[{\"@type\":\"ListItem\",\"position\":1,\"name\":\"Home\",\"item\":\"https:\\\/\\\/news.save.ch\\\/de\\\/\"},{\"@type\":\"ListItem\",\"position\":2,\"name\":\"Stadtb\u00e4ume k\u00fchlen auch bei extremer Hitze\"}]},{\"@type\":\"WebSite\",\"@id\":\"https:\\\/\\\/news.save.ch\\\/de\\\/#website\",\"url\":\"https:\\\/\\\/news.save.ch\\\/de\\\/\",\"name\":\"Save\",\"description\":\"Schweizer Fachzeitschrift f\u00fcr Sicherheit\",\"publisher\":{\"@id\":\"https:\\\/\\\/news.save.ch\\\/de\\\/#organization\"},\"potentialAction\":[{\"@type\":\"SearchAction\",\"target\":{\"@type\":\"EntryPoint\",\"urlTemplate\":\"https:\\\/\\\/news.save.ch\\\/de\\\/?s={search_term_string}\"},\"query-input\":{\"@type\":\"PropertyValueSpecification\",\"valueRequired\":true,\"valueName\":\"search_term_string\"}}],\"inLanguage\":\"fr-FR\"},{\"@type\":\"Organization\",\"@id\":\"https:\\\/\\\/news.save.ch\\\/de\\\/#organization\",\"name\":\"Sicherheitsforum\",\"url\":\"https:\\\/\\\/news.save.ch\\\/de\\\/\",\"logo\":{\"@type\":\"ImageObject\",\"inLanguage\":\"fr-FR\",\"@id\":\"https:\\\/\\\/news.save.ch\\\/de\\\/#\\\/schema\\\/logo\\\/image\\\/\",\"url\":\"https:\\\/\\\/news.save.ch\\\/wp-content\\\/uploads\\\/2022\\\/06\\\/Logo_SF_2012.png\",\"contentUrl\":\"https:\\\/\\\/news.save.ch\\\/wp-content\\\/uploads\\\/2022\\\/06\\\/Logo_SF_2012.png\",\"width\":1100,\"height\":91,\"caption\":\"Sicherheitsforum\"},\"image\":{\"@id\":\"https:\\\/\\\/news.save.ch\\\/de\\\/#\\\/schema\\\/logo\\\/image\\\/\"}},{\"@type\":\"Person\",\"@id\":\"https:\\\/\\\/news.save.ch\\\/de\\\/#\\\/schema\\\/person\\\/10917387362b3961e882740f6cf6f2a2\",\"name\":\"stefanie Zeng\",\"image\":{\"@type\":\"ImageObject\",\"inLanguage\":\"fr-FR\",\"@id\":\"https:\\\/\\\/secure.gravatar.com\\\/avatar\\\/eac43faa6e40bb2c41068c95c9d78bbd94c476d5efdff7abaab80bb3ea681e06?s=96&d=mm&r=g\",\"url\":\"https:\\\/\\\/secure.gravatar.com\\\/avatar\\\/eac43faa6e40bb2c41068c95c9d78bbd94c476d5efdff7abaab80bb3ea681e06?s=96&d=mm&r=g\",\"contentUrl\":\"https:\\\/\\\/secure.gravatar.com\\\/avatar\\\/eac43faa6e40bb2c41068c95c9d78bbd94c476d5efdff7abaab80bb3ea681e06?s=96&d=mm&r=g\",\"caption\":\"stefanie Zeng\"},\"url\":\"https:\\\/\\\/news.save.ch\\\/fr\\\/author\\\/stefanie-zeng\\\/\"}]}<\/script>\n<!-- \/ Yoast SEO plugin. -->","yoast_head_json":{"title":"Les arbres urbains refroidissent m\u00eame en cas de chaleur extr\u00eame - Save","description":"Les platanes dans les villes contribuent encore de mani\u00e8re importante au rafra\u00eechissement, m\u00eame en cas de forte chaleur - c'est ce que montre une nouvelle \u00e9tude.","robots":{"index":"index","follow":"follow","max-snippet":"max-snippet:-1","max-image-preview":"max-image-preview:large","max-video-preview":"max-video-preview:-1"},"canonical":"https:\/\/news.save.ch\/fr\/stadtbaeume-kuehlen-auch-bei-extremer-hitze\/","og_locale":"fr_FR","og_type":"article","og_title":"Stadtb\u00e4ume k\u00fchlen auch bei extremer Hitze - Save","og_description":"Platanen in St\u00e4dten leisten selbst bei grosser Hitze noch einen wichtigen Beitrag zur Abk\u00fchlung \u2013 das zeigt eine neue Studie.","og_url":"https:\/\/news.save.ch\/fr\/stadtbaeume-kuehlen-auch-bei-extremer-hitze\/","og_site_name":"Save","article_published_time":"2025-07-25T11:20:15+00:00","article_modified_time":"2025-08-06T11:23:15+00:00","og_image":[{"width":1400,"height":1050,"url":"https:\/\/news.save.ch\/wp-content\/uploads\/2025\/08\/IMG_5654-scaled.jpg","type":"image\/jpeg"}],"author":"stefanie Zeng","twitter_card":"summary_large_image","twitter_misc":{"\u00c9crit par":"stefanie Zeng","Dur\u00e9e de lecture estim\u00e9e":"3 minutes"},"schema":{"@context":"https:\/\/schema.org","@graph":[{"@type":"Article","@id":"https:\/\/news.save.ch\/stadtbaeume-kuehlen-auch-bei-extremer-hitze\/#article","isPartOf":{"@id":"https:\/\/news.save.ch\/stadtbaeume-kuehlen-auch-bei-extremer-hitze\/"},"author":{"name":"stefanie Zeng","@id":"https:\/\/news.save.ch\/de\/#\/schema\/person\/10917387362b3961e882740f6cf6f2a2"},"headline":"Stadtb\u00e4ume k\u00fchlen auch bei extremer Hitze","datePublished":"2025-07-25T11:20:15+00:00","dateModified":"2025-08-06T11:23:15+00:00","mainEntityOfPage":{"@id":"https:\/\/news.save.ch\/stadtbaeume-kuehlen-auch-bei-extremer-hitze\/"},"wordCount":411,"publisher":{"@id":"https:\/\/news.save.ch\/de\/#organization"},"image":{"@id":"https:\/\/news.save.ch\/stadtbaeume-kuehlen-auch-bei-extremer-hitze\/#primaryimage"},"thumbnailUrl":"https:\/\/news.save.ch\/wp-content\/uploads\/2025\/08\/IMG_5654-scaled.jpg","keywords":["B\u00e4ume","Beschattung","Extremhitze"],"articleSection":["HEALTH &amp; SAFETY"],"inLanguage":"fr-FR"},{"@type":"WebPage","@id":"https:\/\/news.save.ch\/stadtbaeume-kuehlen-auch-bei-extremer-hitze\/","url":"https:\/\/news.save.ch\/stadtbaeume-kuehlen-auch-bei-extremer-hitze\/","name":"Les arbres urbains refroidissent m\u00eame en cas de chaleur extr\u00eame - Save","isPartOf":{"@id":"https:\/\/news.save.ch\/de\/#website"},"primaryImageOfPage":{"@id":"https:\/\/news.save.ch\/stadtbaeume-kuehlen-auch-bei-extremer-hitze\/#primaryimage"},"image":{"@id":"https:\/\/news.save.ch\/stadtbaeume-kuehlen-auch-bei-extremer-hitze\/#primaryimage"},"thumbnailUrl":"https:\/\/news.save.ch\/wp-content\/uploads\/2025\/08\/IMG_5654-scaled.jpg","datePublished":"2025-07-25T11:20:15+00:00","dateModified":"2025-08-06T11:23:15+00:00","description":"Les platanes dans les villes contribuent encore de mani\u00e8re importante au rafra\u00eechissement, m\u00eame en cas de forte chaleur - c'est ce que montre une nouvelle \u00e9tude.","breadcrumb":{"@id":"https:\/\/news.save.ch\/stadtbaeume-kuehlen-auch-bei-extremer-hitze\/#breadcrumb"},"inLanguage":"fr-FR","potentialAction":[{"@type":"ReadAction","target":["https:\/\/news.save.ch\/stadtbaeume-kuehlen-auch-bei-extremer-hitze\/"]}]},{"@type":"ImageObject","inLanguage":"fr-FR","@id":"https:\/\/news.save.ch\/stadtbaeume-kuehlen-auch-bei-extremer-hitze\/#primaryimage","url":"https:\/\/news.save.ch\/wp-content\/uploads\/2025\/08\/IMG_5654-scaled.jpg","contentUrl":"https:\/\/news.save.ch\/wp-content\/uploads\/2025\/08\/IMG_5654-scaled.jpg","width":1200,"height":900,"caption":"Platz im Genfer Vorort Lancy: An diesen acht Platanen fand der Versuch statt. (Foto: Christoph Bachofen)"},{"@type":"BreadcrumbList","@id":"https:\/\/news.save.ch\/stadtbaeume-kuehlen-auch-bei-extremer-hitze\/#breadcrumb","itemListElement":[{"@type":"ListItem","position":1,"name":"Home","item":"https:\/\/news.save.ch\/de\/"},{"@type":"ListItem","position":2,"name":"Stadtb\u00e4ume k\u00fchlen auch bei extremer Hitze"}]},{"@type":"WebSite","@id":"https:\/\/news.save.ch\/de\/#website","url":"https:\/\/news.save.ch\/de\/","name":"Save","description":"Revue suisse sp\u00e9cialis\u00e9e dans la s\u00e9curit\u00e9","publisher":{"@id":"https:\/\/news.save.ch\/de\/#organization"},"potentialAction":[{"@type":"SearchAction","target":{"@type":"EntryPoint","urlTemplate":"https:\/\/news.save.ch\/de\/?s={search_term_string}"},"query-input":{"@type":"PropertyValueSpecification","valueRequired":true,"valueName":"search_term_string"}}],"inLanguage":"fr-FR"},{"@type":"Organization","@id":"https:\/\/news.save.ch\/de\/#organization","name":"Forum sur la s\u00e9curit\u00e9","url":"https:\/\/news.save.ch\/de\/","logo":{"@type":"ImageObject","inLanguage":"fr-FR","@id":"https:\/\/news.save.ch\/de\/#\/schema\/logo\/image\/","url":"https:\/\/news.save.ch\/wp-content\/uploads\/2022\/06\/Logo_SF_2012.png","contentUrl":"https:\/\/news.save.ch\/wp-content\/uploads\/2022\/06\/Logo_SF_2012.png","width":1100,"height":91,"caption":"Sicherheitsforum"},"image":{"@id":"https:\/\/news.save.ch\/de\/#\/schema\/logo\/image\/"}},{"@type":"Person","@id":"https:\/\/news.save.ch\/de\/#\/schema\/person\/10917387362b3961e882740f6cf6f2a2","name":"stefanie Zeng","image":{"@type":"ImageObject","inLanguage":"fr-FR","@id":"https:\/\/secure.gravatar.com\/avatar\/eac43faa6e40bb2c41068c95c9d78bbd94c476d5efdff7abaab80bb3ea681e06?s=96&d=mm&r=g","url":"https:\/\/secure.gravatar.com\/avatar\/eac43faa6e40bb2c41068c95c9d78bbd94c476d5efdff7abaab80bb3ea681e06?s=96&d=mm&r=g","contentUrl":"https:\/\/secure.gravatar.com\/avatar\/eac43faa6e40bb2c41068c95c9d78bbd94c476d5efdff7abaab80bb3ea681e06?s=96&d=mm&r=g","caption":"stefanie Zeng"},"url":"https:\/\/news.save.ch\/fr\/author\/stefanie-zeng\/"}]}},"_links":{"self":[{"href":"https:\/\/news.save.ch\/fr\/wp-json\/wp\/v2\/posts\/24418","targetHints":{"allow":["GET"]}}],"collection":[{"href":"https:\/\/news.save.ch\/fr\/wp-json\/wp\/v2\/posts"}],"about":[{"href":"https:\/\/news.save.ch\/fr\/wp-json\/wp\/v2\/types\/post"}],"author":[{"embeddable":true,"href":"https:\/\/news.save.ch\/fr\/wp-json\/wp\/v2\/users\/31"}],"replies":[{"embeddable":true,"href":"https:\/\/news.save.ch\/fr\/wp-json\/wp\/v2\/comments?post=24418"}],"version-history":[{"count":2,"href":"https:\/\/news.save.ch\/fr\/wp-json\/wp\/v2\/posts\/24418\/revisions"}],"predecessor-version":[{"id":24421,"href":"https:\/\/news.save.ch\/fr\/wp-json\/wp\/v2\/posts\/24418\/revisions\/24421"}],"wp:featuredmedia":[{"embeddable":true,"href":"https:\/\/news.save.ch\/fr\/wp-json\/wp\/v2\/media\/24419"}],"wp:attachment":[{"href":"https:\/\/news.save.ch\/fr\/wp-json\/wp\/v2\/media?parent=24418"}],"wp:term":[{"taxonomy":"category","embeddable":true,"href":"https:\/\/news.save.ch\/fr\/wp-json\/wp\/v2\/categories?post=24418"},{"taxonomy":"post_tag","embeddable":true,"href":"https:\/\/news.save.ch\/fr\/wp-json\/wp\/v2\/tags?post=24418"}],"curies":[{"name":"wp","href":"https:\/\/api.w.org\/{rel}","templated":true}]}}