{"id":24490,"date":"2025-08-29T12:33:30","date_gmt":"2025-08-29T10:33:30","guid":{"rendered":"https:\/\/news.save.ch\/?p=24490"},"modified":"2025-08-29T12:33:35","modified_gmt":"2025-08-29T10:33:35","slug":"elektronische-signatur-verlaengerung-der-dauer-des-datenzugangs","status":null,"type":"post","link":"https:\/\/news.save.ch\/fr\/elektronische-signatur-verlaengerung-der-dauer-des-datenzugangs\/","title":{"rendered":"Signature \u00e9lectronique : prolongation de la dur\u00e9e d'acc\u00e8s aux donn\u00e9es"},"content":{"rendered":"<figure id=\"attachment_24491\" aria-describedby=\"caption-attachment-24491\" style=\"width: 1000px\" class=\"wp-caption alignnone\"><a href=\"https:\/\/news.save.ch\/fr\/elektronische-signatur-verlaengerung-der-dauer-des-datenzugangs\/depositphotos_51119737_s\/\" rel=\"attachment wp-att-24491\"><img loading=\"lazy\" decoding=\"async\" class=\"size-full wp-image-24491\" src=\"https:\/\/news.save.ch\/wp-content\/uploads\/2025\/08\/Depositphotos_51119737_S.jpg\" alt=\"\" width=\"1000\" height=\"667\" srcset=\"https:\/\/news.save.ch\/wp-content\/uploads\/2025\/08\/Depositphotos_51119737_S.jpg 1000w, https:\/\/news.save.ch\/wp-content\/uploads\/2025\/08\/Depositphotos_51119737_S-680x454.jpg 680w, https:\/\/news.save.ch\/wp-content\/uploads\/2025\/08\/Depositphotos_51119737_S-768x512.jpg 768w, https:\/\/news.save.ch\/wp-content\/uploads\/2025\/08\/Depositphotos_51119737_S-18x12.jpg 18w, https:\/\/news.save.ch\/wp-content\/uploads\/2025\/08\/Depositphotos_51119737_S-375x250.jpg 375w, https:\/\/news.save.ch\/wp-content\/uploads\/2025\/08\/Depositphotos_51119737_S-525x350.jpg 525w\" sizes=\"auto, (max-width: 1000px) 100vw, 1000px\" \/><\/a><figcaption id=\"caption-attachment-24491\" class=\"wp-caption-text\">Photo : Depositphotos\/Gajus-Images<\/figcaption><\/figure>\n<p>Pour signer \u00e9lectroniquement un document, les personnes ou les entreprises ont besoin d'un certificat qui confirme leur identit\u00e9. La dur\u00e9e de validit\u00e9 du certificat est d\u00e9finie lors de sa d\u00e9livrance. Si le certificat est r\u00e9voqu\u00e9 avant l'expiration de cette dur\u00e9e, les informations relatives \u00e0 son invalidation ne sont plus disponibles en ligne apr\u00e8s la fin de sa validit\u00e9. A l'avenir, les fournisseurs de services de certification devront veiller \u00e0 ce que ces informations soient accessibles en ligne pendant onze ans apr\u00e8s l'expiration de la validit\u00e9 de leur propre certificat.<\/p>\n<p>Le 20 ao\u00fbt 2025, le Conseil f\u00e9d\u00e9ral a d\u00e9cid\u00e9 d'introduire de nouvelles dispositions correspondantes dans l'ordonnance sur les services de certification dans le domaine de la signature \u00e9lectronique et autres applications des certificats num\u00e9riques (ordonnance sur la signature \u00e9lectronique, OSCSE). Ainsi, les services automatis\u00e9s de v\u00e9rification des signatures, comme le Validator (validator.ch) mis \u00e0 disposition par la Conf\u00e9d\u00e9ration, auront acc\u00e8s aux informations sur la r\u00e9vocation des certificats pendant une p\u00e9riode nettement plus longue.<\/p>\n<p>Les nouvelles dispositions pr\u00e9cisent en outre les r\u00e8gles d'accr\u00e9ditation des organismes de reconnaissance en faisant r\u00e9f\u00e9rence aux normes et sp\u00e9cifications applicables. Compte tenu de la complexit\u00e9 de la mise en \u0153uvre, les organismes ont jusqu'au 1er f\u00e9vrier 2026 pour adapter leurs processus ; l'OCSE r\u00e9vis\u00e9e entrera en vigueur le 1er novembre 2025.<\/p>\n<p>Ces mesures rendent l'utilisation des signatures \u00e9lectroniques plus fiable et plus simple pour les entreprises et les particuliers.<\/p>\n<p><em>Source : Office f\u00e9d\u00e9ral de la communication OFCOM<\/em><\/p>","protected":false},"excerpt":{"rendered":"<p>Um ein Dokument elektronisch zu signieren, ben\u00f6tigen Personen oder Unternehmen ein Zertifikat, das ihre Identit\u00e4t best\u00e4tigt. Die G\u00fcltigkeitsdauer des Zertifikats wird bei der Ausstellung festgelegt. Wird das Zertifikat vor Ablauf dieser Dauer widerrufen, sind die Informationen zu dessen Ung\u00fcltigerkl\u00e4rung nach Ende der G\u00fcltigkeit nicht mehr online verf\u00fcgbar. In Zukunft m\u00fcssen die Anbieterinnen von Zertifizierungsdiensten sicherstellen, [&hellip;]<\/p>\n","protected":false},"author":31,"featured_media":24491,"comment_status":"closed","ping_status":"closed","sticky":false,"template":"","format":"standard","meta":{"_acf_changed":false,"pgc_sgb_lightbox_settings":"","footnotes":""},"categories":[3312],"tags":[6608],"class_list":["post-24490","post","type-post","status-publish","format-standard","has-post-thumbnail","hentry","category-sicherheit","tag-elektronische-signatur"],"acf":[],"hkrextid":null,"publication":null,"issue":null,"workflow":null,"startPage":null,"spitzmarke":null,"_posts_by_tag_page_fields":null,"_at_widget":null,"_yoast_wpseo_primary_category":"3312","_yoast_wpseo_focuskw_text_input":null,"_yoast_wpseo_opengraph-image":null,"_yoast_wpseo_opengraph-description":null,"_yoast_wpseo_opengraph-title":null,"enclosure":null,"_yoast_wpseo_twitter-title":null,"_yoast_wpseo_twitter-description":null,"_yoast_wpseo_twitter-image":null,"_wp_old_slug":null,"_yoast_wpseo_title":null,"_yoast_wpseo_canonical":null,"yoast_head":"<!-- This site is optimized with the Yoast SEO plugin v27.5 - https:\/\/yoast.com\/product\/yoast-seo-wordpress\/ -->\n<title>Elektronische Signatur: Verl\u00e4ngerung der Dauer des Datenzugangs - Save<\/title>\n<meta name=\"description\" content=\"Nach Ablauf eines Zertifikats, das die G\u00fcltigkeit einer elektronischen Signatur garantiert, m\u00fcssen die Informationen \u00fcber diese Ung\u00fcltigerkl\u00e4rung k\u00fcnftig mindestens elf Jahre lang online verf\u00fcgbar bleiben.\" \/>\n<meta name=\"robots\" content=\"index, follow, max-snippet:-1, max-image-preview:large, max-video-preview:-1\" \/>\n<link rel=\"canonical\" href=\"https:\/\/news.save.ch\/fr\/elektronische-signatur-verlaengerung-der-dauer-des-datenzugangs\/\" \/>\n<meta property=\"og:locale\" content=\"fr_FR\" \/>\n<meta property=\"og:type\" content=\"article\" \/>\n<meta property=\"og:title\" content=\"Elektronische Signatur: Verl\u00e4ngerung der Dauer des Datenzugangs - Save\" \/>\n<meta property=\"og:description\" content=\"Nach Ablauf eines Zertifikats, das die G\u00fcltigkeit einer elektronischen Signatur garantiert, m\u00fcssen die Informationen \u00fcber diese Ung\u00fcltigerkl\u00e4rung k\u00fcnftig mindestens elf Jahre lang online verf\u00fcgbar bleiben.\" \/>\n<meta property=\"og:url\" content=\"https:\/\/news.save.ch\/fr\/elektronische-signatur-verlaengerung-der-dauer-des-datenzugangs\/\" \/>\n<meta property=\"og:site_name\" content=\"Save\" \/>\n<meta property=\"article:published_time\" content=\"2025-08-29T10:33:30+00:00\" \/>\n<meta property=\"article:modified_time\" content=\"2025-08-29T10:33:35+00:00\" \/>\n<meta property=\"og:image\" content=\"https:\/\/news.save.ch\/wp-content\/uploads\/2025\/08\/Depositphotos_51119737_S.jpg\" \/>\n\t<meta property=\"og:image:width\" content=\"1000\" \/>\n\t<meta property=\"og:image:height\" content=\"667\" \/>\n\t<meta property=\"og:image:type\" content=\"image\/jpeg\" \/>\n<meta name=\"author\" content=\"stefanie Zeng\" \/>\n<meta name=\"twitter:card\" content=\"summary_large_image\" \/>\n<meta name=\"twitter:label1\" content=\"\u00c9crit par\" \/>\n\t<meta name=\"twitter:data1\" content=\"stefanie Zeng\" \/>\n\t<meta name=\"twitter:label2\" content=\"Dur\u00e9e de lecture estim\u00e9e\" \/>\n\t<meta name=\"twitter:data2\" content=\"2 minutes\" \/>\n<script type=\"application\/ld+json\" class=\"yoast-schema-graph\">{\"@context\":\"https:\\\/\\\/schema.org\",\"@graph\":[{\"@type\":\"Article\",\"@id\":\"https:\\\/\\\/news.save.ch\\\/elektronische-signatur-verlaengerung-der-dauer-des-datenzugangs\\\/#article\",\"isPartOf\":{\"@id\":\"https:\\\/\\\/news.save.ch\\\/elektronische-signatur-verlaengerung-der-dauer-des-datenzugangs\\\/\"},\"author\":{\"name\":\"stefanie Zeng\",\"@id\":\"https:\\\/\\\/news.save.ch\\\/de\\\/#\\\/schema\\\/person\\\/10917387362b3961e882740f6cf6f2a2\"},\"headline\":\"Elektronische Signatur: Verl\u00e4ngerung der Dauer des Datenzugangs\",\"datePublished\":\"2025-08-29T10:33:30+00:00\",\"dateModified\":\"2025-08-29T10:33:35+00:00\",\"mainEntityOfPage\":{\"@id\":\"https:\\\/\\\/news.save.ch\\\/elektronische-signatur-verlaengerung-der-dauer-des-datenzugangs\\\/\"},\"wordCount\":231,\"publisher\":{\"@id\":\"https:\\\/\\\/news.save.ch\\\/de\\\/#organization\"},\"image\":{\"@id\":\"https:\\\/\\\/news.save.ch\\\/elektronische-signatur-verlaengerung-der-dauer-des-datenzugangs\\\/#primaryimage\"},\"thumbnailUrl\":\"https:\\\/\\\/news.save.ch\\\/wp-content\\\/uploads\\\/2025\\\/08\\\/Depositphotos_51119737_S.jpg\",\"keywords\":[\"elektronische Signatur\"],\"articleSection\":[\"SICHERHEIT\"],\"inLanguage\":\"fr-FR\"},{\"@type\":\"WebPage\",\"@id\":\"https:\\\/\\\/news.save.ch\\\/elektronische-signatur-verlaengerung-der-dauer-des-datenzugangs\\\/\",\"url\":\"https:\\\/\\\/news.save.ch\\\/elektronische-signatur-verlaengerung-der-dauer-des-datenzugangs\\\/\",\"name\":\"Elektronische Signatur: Verl\u00e4ngerung der Dauer des Datenzugangs - Save\",\"isPartOf\":{\"@id\":\"https:\\\/\\\/news.save.ch\\\/de\\\/#website\"},\"primaryImageOfPage\":{\"@id\":\"https:\\\/\\\/news.save.ch\\\/elektronische-signatur-verlaengerung-der-dauer-des-datenzugangs\\\/#primaryimage\"},\"image\":{\"@id\":\"https:\\\/\\\/news.save.ch\\\/elektronische-signatur-verlaengerung-der-dauer-des-datenzugangs\\\/#primaryimage\"},\"thumbnailUrl\":\"https:\\\/\\\/news.save.ch\\\/wp-content\\\/uploads\\\/2025\\\/08\\\/Depositphotos_51119737_S.jpg\",\"datePublished\":\"2025-08-29T10:33:30+00:00\",\"dateModified\":\"2025-08-29T10:33:35+00:00\",\"description\":\"Nach Ablauf eines Zertifikats, das die G\u00fcltigkeit einer elektronischen Signatur garantiert, m\u00fcssen die Informationen \u00fcber diese Ung\u00fcltigerkl\u00e4rung k\u00fcnftig mindestens elf Jahre lang online verf\u00fcgbar bleiben.\",\"breadcrumb\":{\"@id\":\"https:\\\/\\\/news.save.ch\\\/elektronische-signatur-verlaengerung-der-dauer-des-datenzugangs\\\/#breadcrumb\"},\"inLanguage\":\"fr-FR\",\"potentialAction\":[{\"@type\":\"ReadAction\",\"target\":[\"https:\\\/\\\/news.save.ch\\\/elektronische-signatur-verlaengerung-der-dauer-des-datenzugangs\\\/\"]}]},{\"@type\":\"ImageObject\",\"inLanguage\":\"fr-FR\",\"@id\":\"https:\\\/\\\/news.save.ch\\\/elektronische-signatur-verlaengerung-der-dauer-des-datenzugangs\\\/#primaryimage\",\"url\":\"https:\\\/\\\/news.save.ch\\\/wp-content\\\/uploads\\\/2025\\\/08\\\/Depositphotos_51119737_S.jpg\",\"contentUrl\":\"https:\\\/\\\/news.save.ch\\\/wp-content\\\/uploads\\\/2025\\\/08\\\/Depositphotos_51119737_S.jpg\",\"width\":1000,\"height\":667,\"caption\":\"Foto: Depositphotos\\\/Gajus-Images\"},{\"@type\":\"BreadcrumbList\",\"@id\":\"https:\\\/\\\/news.save.ch\\\/elektronische-signatur-verlaengerung-der-dauer-des-datenzugangs\\\/#breadcrumb\",\"itemListElement\":[{\"@type\":\"ListItem\",\"position\":1,\"name\":\"Home\",\"item\":\"https:\\\/\\\/news.save.ch\\\/de\\\/\"},{\"@type\":\"ListItem\",\"position\":2,\"name\":\"Elektronische Signatur: Verl\u00e4ngerung der Dauer des Datenzugangs\"}]},{\"@type\":\"WebSite\",\"@id\":\"https:\\\/\\\/news.save.ch\\\/de\\\/#website\",\"url\":\"https:\\\/\\\/news.save.ch\\\/de\\\/\",\"name\":\"Save\",\"description\":\"Schweizer Fachzeitschrift f\u00fcr Sicherheit\",\"publisher\":{\"@id\":\"https:\\\/\\\/news.save.ch\\\/de\\\/#organization\"},\"potentialAction\":[{\"@type\":\"SearchAction\",\"target\":{\"@type\":\"EntryPoint\",\"urlTemplate\":\"https:\\\/\\\/news.save.ch\\\/de\\\/?s={search_term_string}\"},\"query-input\":{\"@type\":\"PropertyValueSpecification\",\"valueRequired\":true,\"valueName\":\"search_term_string\"}}],\"inLanguage\":\"fr-FR\"},{\"@type\":\"Organization\",\"@id\":\"https:\\\/\\\/news.save.ch\\\/de\\\/#organization\",\"name\":\"Sicherheitsforum\",\"url\":\"https:\\\/\\\/news.save.ch\\\/de\\\/\",\"logo\":{\"@type\":\"ImageObject\",\"inLanguage\":\"fr-FR\",\"@id\":\"https:\\\/\\\/news.save.ch\\\/de\\\/#\\\/schema\\\/logo\\\/image\\\/\",\"url\":\"https:\\\/\\\/news.save.ch\\\/wp-content\\\/uploads\\\/2022\\\/06\\\/Logo_SF_2012.png\",\"contentUrl\":\"https:\\\/\\\/news.save.ch\\\/wp-content\\\/uploads\\\/2022\\\/06\\\/Logo_SF_2012.png\",\"width\":1100,\"height\":91,\"caption\":\"Sicherheitsforum\"},\"image\":{\"@id\":\"https:\\\/\\\/news.save.ch\\\/de\\\/#\\\/schema\\\/logo\\\/image\\\/\"}},{\"@type\":\"Person\",\"@id\":\"https:\\\/\\\/news.save.ch\\\/de\\\/#\\\/schema\\\/person\\\/10917387362b3961e882740f6cf6f2a2\",\"name\":\"stefanie Zeng\",\"image\":{\"@type\":\"ImageObject\",\"inLanguage\":\"fr-FR\",\"@id\":\"https:\\\/\\\/secure.gravatar.com\\\/avatar\\\/eac43faa6e40bb2c41068c95c9d78bbd94c476d5efdff7abaab80bb3ea681e06?s=96&d=mm&r=g\",\"url\":\"https:\\\/\\\/secure.gravatar.com\\\/avatar\\\/eac43faa6e40bb2c41068c95c9d78bbd94c476d5efdff7abaab80bb3ea681e06?s=96&d=mm&r=g\",\"contentUrl\":\"https:\\\/\\\/secure.gravatar.com\\\/avatar\\\/eac43faa6e40bb2c41068c95c9d78bbd94c476d5efdff7abaab80bb3ea681e06?s=96&d=mm&r=g\",\"caption\":\"stefanie Zeng\"},\"url\":\"https:\\\/\\\/news.save.ch\\\/fr\\\/author\\\/stefanie-zeng\\\/\"}]}<\/script>\n<!-- \/ Yoast SEO plugin. -->","yoast_head_json":{"title":"Signature \u00e9lectronique : prolongation de la dur\u00e9e d'acc\u00e8s aux donn\u00e9es - Save","description":"Apr\u00e8s l'expiration d'un certificat garantissant la validit\u00e9 d'une signature \u00e9lectronique, les informations relatives \u00e0 cette invalidation devront d\u00e9sormais rester disponibles en ligne pendant au moins onze ans.","robots":{"index":"index","follow":"follow","max-snippet":"max-snippet:-1","max-image-preview":"max-image-preview:large","max-video-preview":"max-video-preview:-1"},"canonical":"https:\/\/news.save.ch\/fr\/elektronische-signatur-verlaengerung-der-dauer-des-datenzugangs\/","og_locale":"fr_FR","og_type":"article","og_title":"Elektronische Signatur: Verl\u00e4ngerung der Dauer des Datenzugangs - Save","og_description":"Nach Ablauf eines Zertifikats, das die G\u00fcltigkeit einer elektronischen Signatur garantiert, m\u00fcssen die Informationen \u00fcber diese Ung\u00fcltigerkl\u00e4rung k\u00fcnftig mindestens elf Jahre lang online verf\u00fcgbar bleiben.","og_url":"https:\/\/news.save.ch\/fr\/elektronische-signatur-verlaengerung-der-dauer-des-datenzugangs\/","og_site_name":"Save","article_published_time":"2025-08-29T10:33:30+00:00","article_modified_time":"2025-08-29T10:33:35+00:00","og_image":[{"width":1000,"height":667,"url":"https:\/\/news.save.ch\/wp-content\/uploads\/2025\/08\/Depositphotos_51119737_S.jpg","type":"image\/jpeg"}],"author":"stefanie Zeng","twitter_card":"summary_large_image","twitter_misc":{"\u00c9crit par":"stefanie Zeng","Dur\u00e9e de lecture estim\u00e9e":"2 minutes"},"schema":{"@context":"https:\/\/schema.org","@graph":[{"@type":"Article","@id":"https:\/\/news.save.ch\/elektronische-signatur-verlaengerung-der-dauer-des-datenzugangs\/#article","isPartOf":{"@id":"https:\/\/news.save.ch\/elektronische-signatur-verlaengerung-der-dauer-des-datenzugangs\/"},"author":{"name":"stefanie Zeng","@id":"https:\/\/news.save.ch\/de\/#\/schema\/person\/10917387362b3961e882740f6cf6f2a2"},"headline":"Elektronische Signatur: Verl\u00e4ngerung der Dauer des Datenzugangs","datePublished":"2025-08-29T10:33:30+00:00","dateModified":"2025-08-29T10:33:35+00:00","mainEntityOfPage":{"@id":"https:\/\/news.save.ch\/elektronische-signatur-verlaengerung-der-dauer-des-datenzugangs\/"},"wordCount":231,"publisher":{"@id":"https:\/\/news.save.ch\/de\/#organization"},"image":{"@id":"https:\/\/news.save.ch\/elektronische-signatur-verlaengerung-der-dauer-des-datenzugangs\/#primaryimage"},"thumbnailUrl":"https:\/\/news.save.ch\/wp-content\/uploads\/2025\/08\/Depositphotos_51119737_S.jpg","keywords":["elektronische Signatur"],"articleSection":["SICHERHEIT"],"inLanguage":"fr-FR"},{"@type":"WebPage","@id":"https:\/\/news.save.ch\/elektronische-signatur-verlaengerung-der-dauer-des-datenzugangs\/","url":"https:\/\/news.save.ch\/elektronische-signatur-verlaengerung-der-dauer-des-datenzugangs\/","name":"Signature \u00e9lectronique : prolongation de la dur\u00e9e d'acc\u00e8s aux donn\u00e9es - Save","isPartOf":{"@id":"https:\/\/news.save.ch\/de\/#website"},"primaryImageOfPage":{"@id":"https:\/\/news.save.ch\/elektronische-signatur-verlaengerung-der-dauer-des-datenzugangs\/#primaryimage"},"image":{"@id":"https:\/\/news.save.ch\/elektronische-signatur-verlaengerung-der-dauer-des-datenzugangs\/#primaryimage"},"thumbnailUrl":"https:\/\/news.save.ch\/wp-content\/uploads\/2025\/08\/Depositphotos_51119737_S.jpg","datePublished":"2025-08-29T10:33:30+00:00","dateModified":"2025-08-29T10:33:35+00:00","description":"Apr\u00e8s l'expiration d'un certificat garantissant la validit\u00e9 d'une signature \u00e9lectronique, les informations relatives \u00e0 cette invalidation devront d\u00e9sormais rester disponibles en ligne pendant au moins onze ans.","breadcrumb":{"@id":"https:\/\/news.save.ch\/elektronische-signatur-verlaengerung-der-dauer-des-datenzugangs\/#breadcrumb"},"inLanguage":"fr-FR","potentialAction":[{"@type":"ReadAction","target":["https:\/\/news.save.ch\/elektronische-signatur-verlaengerung-der-dauer-des-datenzugangs\/"]}]},{"@type":"ImageObject","inLanguage":"fr-FR","@id":"https:\/\/news.save.ch\/elektronische-signatur-verlaengerung-der-dauer-des-datenzugangs\/#primaryimage","url":"https:\/\/news.save.ch\/wp-content\/uploads\/2025\/08\/Depositphotos_51119737_S.jpg","contentUrl":"https:\/\/news.save.ch\/wp-content\/uploads\/2025\/08\/Depositphotos_51119737_S.jpg","width":1000,"height":667,"caption":"Foto: Depositphotos\/Gajus-Images"},{"@type":"BreadcrumbList","@id":"https:\/\/news.save.ch\/elektronische-signatur-verlaengerung-der-dauer-des-datenzugangs\/#breadcrumb","itemListElement":[{"@type":"ListItem","position":1,"name":"Home","item":"https:\/\/news.save.ch\/de\/"},{"@type":"ListItem","position":2,"name":"Elektronische Signatur: Verl\u00e4ngerung der Dauer des Datenzugangs"}]},{"@type":"WebSite","@id":"https:\/\/news.save.ch\/de\/#website","url":"https:\/\/news.save.ch\/de\/","name":"Save","description":"Revue suisse sp\u00e9cialis\u00e9e dans la s\u00e9curit\u00e9","publisher":{"@id":"https:\/\/news.save.ch\/de\/#organization"},"potentialAction":[{"@type":"SearchAction","target":{"@type":"EntryPoint","urlTemplate":"https:\/\/news.save.ch\/de\/?s={search_term_string}"},"query-input":{"@type":"PropertyValueSpecification","valueRequired":true,"valueName":"search_term_string"}}],"inLanguage":"fr-FR"},{"@type":"Organization","@id":"https:\/\/news.save.ch\/de\/#organization","name":"Forum sur la s\u00e9curit\u00e9","url":"https:\/\/news.save.ch\/de\/","logo":{"@type":"ImageObject","inLanguage":"fr-FR","@id":"https:\/\/news.save.ch\/de\/#\/schema\/logo\/image\/","url":"https:\/\/news.save.ch\/wp-content\/uploads\/2022\/06\/Logo_SF_2012.png","contentUrl":"https:\/\/news.save.ch\/wp-content\/uploads\/2022\/06\/Logo_SF_2012.png","width":1100,"height":91,"caption":"Sicherheitsforum"},"image":{"@id":"https:\/\/news.save.ch\/de\/#\/schema\/logo\/image\/"}},{"@type":"Person","@id":"https:\/\/news.save.ch\/de\/#\/schema\/person\/10917387362b3961e882740f6cf6f2a2","name":"stefanie Zeng","image":{"@type":"ImageObject","inLanguage":"fr-FR","@id":"https:\/\/secure.gravatar.com\/avatar\/eac43faa6e40bb2c41068c95c9d78bbd94c476d5efdff7abaab80bb3ea681e06?s=96&d=mm&r=g","url":"https:\/\/secure.gravatar.com\/avatar\/eac43faa6e40bb2c41068c95c9d78bbd94c476d5efdff7abaab80bb3ea681e06?s=96&d=mm&r=g","contentUrl":"https:\/\/secure.gravatar.com\/avatar\/eac43faa6e40bb2c41068c95c9d78bbd94c476d5efdff7abaab80bb3ea681e06?s=96&d=mm&r=g","caption":"stefanie Zeng"},"url":"https:\/\/news.save.ch\/fr\/author\/stefanie-zeng\/"}]}},"_links":{"self":[{"href":"https:\/\/news.save.ch\/fr\/wp-json\/wp\/v2\/posts\/24490","targetHints":{"allow":["GET"]}}],"collection":[{"href":"https:\/\/news.save.ch\/fr\/wp-json\/wp\/v2\/posts"}],"about":[{"href":"https:\/\/news.save.ch\/fr\/wp-json\/wp\/v2\/types\/post"}],"author":[{"embeddable":true,"href":"https:\/\/news.save.ch\/fr\/wp-json\/wp\/v2\/users\/31"}],"replies":[{"embeddable":true,"href":"https:\/\/news.save.ch\/fr\/wp-json\/wp\/v2\/comments?post=24490"}],"version-history":[{"count":2,"href":"https:\/\/news.save.ch\/fr\/wp-json\/wp\/v2\/posts\/24490\/revisions"}],"predecessor-version":[{"id":24493,"href":"https:\/\/news.save.ch\/fr\/wp-json\/wp\/v2\/posts\/24490\/revisions\/24493"}],"wp:featuredmedia":[{"embeddable":true,"href":"https:\/\/news.save.ch\/fr\/wp-json\/wp\/v2\/media\/24491"}],"wp:attachment":[{"href":"https:\/\/news.save.ch\/fr\/wp-json\/wp\/v2\/media?parent=24490"}],"wp:term":[{"taxonomy":"category","embeddable":true,"href":"https:\/\/news.save.ch\/fr\/wp-json\/wp\/v2\/categories?post=24490"},{"taxonomy":"post_tag","embeddable":true,"href":"https:\/\/news.save.ch\/fr\/wp-json\/wp\/v2\/tags?post=24490"}],"curies":[{"name":"wp","href":"https:\/\/api.w.org\/{rel}","templated":true}]}}