{"id":24512,"date":"2025-09-03T10:31:02","date_gmt":"2025-09-03T08:31:02","guid":{"rendered":"https:\/\/news.save.ch\/?p=24512"},"modified":"2025-09-03T10:31:04","modified_gmt":"2025-09-03T08:31:04","slug":"forschung-fuer-die-gesundheit-mit-innovativen-materialien-man-muss-das-gesamte-system-mensch-verstehen","status":null,"type":"post","link":"https:\/\/news.save.ch\/fr\/forschung-fuer-die-gesundheit-mit-innovativen-materialien-man-muss-das-gesamte-system-mensch-verstehen\/","title":{"rendered":"Recherche pour la sant\u00e9 avec des mat\u00e9riaux innovants : \"Il faut comprendre le syst\u00e8me 'humain' dans son ensemble\"."},"content":{"rendered":"<p><a href=\"https:\/\/news.save.ch\/fr\/forschung-fuer-die-gesundheit-mit-innovativen-materialien-man-muss-das-gesamte-system-mensch-verstehen\/0d5440d1-00f7-4066-bd73-03d5840dbed9-kopie\/\" rel=\"attachment wp-att-24513\"><img loading=\"lazy\" decoding=\"async\" class=\"alignnone wp-image-24513 size-full\" src=\"https:\/\/news.save.ch\/wp-content\/uploads\/2025\/09\/0d5440d1-00f7-4066-bd73-03d5840dbed9-Kopie-e1756887877519.jpg\" alt=\"\" width=\"1023\" height=\"697\" srcset=\"https:\/\/news.save.ch\/wp-content\/uploads\/2025\/09\/0d5440d1-00f7-4066-bd73-03d5840dbed9-Kopie-e1756887877519.jpg 1023w, https:\/\/news.save.ch\/wp-content\/uploads\/2025\/09\/0d5440d1-00f7-4066-bd73-03d5840dbed9-Kopie-e1756887877519-680x463.jpg 680w, https:\/\/news.save.ch\/wp-content\/uploads\/2025\/09\/0d5440d1-00f7-4066-bd73-03d5840dbed9-Kopie-e1756887877519-768x523.jpg 768w, https:\/\/news.save.ch\/wp-content\/uploads\/2025\/09\/0d5440d1-00f7-4066-bd73-03d5840dbed9-Kopie-e1756887877519-18x12.jpg 18w, https:\/\/news.save.ch\/wp-content\/uploads\/2025\/09\/0d5440d1-00f7-4066-bd73-03d5840dbed9-Kopie-e1756887877519-375x255.jpg 375w, https:\/\/news.save.ch\/wp-content\/uploads\/2025\/09\/0d5440d1-00f7-4066-bd73-03d5840dbed9-Kopie-e1756887877519-514x350.jpg 514w, https:\/\/news.save.ch\/wp-content\/uploads\/2025\/09\/0d5440d1-00f7-4066-bd73-03d5840dbed9-Kopie-e1756887877519-1000x681.jpg 1000w\" sizes=\"auto, (max-width: 1023px) 100vw, 1023px\" \/><\/a><\/p>\n<p id=\"doc-1j30q0hb30\" class=\"font--regular\"><strong>Pourquoi un institut de recherche sur les mat\u00e9riaux comme l'Empa fait-il de la recherche biom\u00e9dicale ?<\/strong><\/p>\n<p id=\"doc-1j30q0s2l0\" class=\"font--regular\">Selon une \u00e9tude de l'UE, environ 70% de l'ensemble des innovations sont induites par des mat\u00e9riaux. Il existe donc de nombreux champs d'application importants pour les nouveaux mat\u00e9riaux, entre autres dans le domaine de la sant\u00e9. Prenons l'exemple d'un implant : il doit durer le plus longtemps possible, on veut \u00e9viter les infections, et la qualit\u00e9 de la surface doit garantir la meilleure int\u00e9gration possible dans le tissu osseux, par exemple dans le cas d'une hanche artificielle - autant de sujets tr\u00e8s complexes qui n\u00e9cessitent un \u00e9norme savoir-faire en science des mat\u00e9riaux.<\/p>\n<p id=\"doc-1j30q13180\" class=\"font--regular\"><strong>Qu'est-ce qui caract\u00e9rise les projets de l'Empa dans le domaine de la sant\u00e9 - qu'est-ce qui les rend si particuliers ?<\/strong><\/p>\n<p id=\"doc-1j30q1aa80\" class=\"font--regular\">Dans la collaboration avec nos partenaires cliniques, nous constatons souvent un processus \"push-pull\", d\u00e9clench\u00e9 par un dialogue intensif. Les projets les plus r\u00e9ussis sont ceux qui naissent directement dans l'environnement clinique, en interaction avec nos partenaires hospitaliers. Nous montrons les possibilit\u00e9s technologiques de nouveaux mat\u00e9riaux, nos partenaires nous disent o\u00f9 le b\u00e2t blesse dans le quotidien clinique. Ils savent exactement o\u00f9 se situent leurs probl\u00e8mes - mais souvent pas qu'il existe d\u00e9j\u00e0 des solutions pour certains d'entre eux. Cet \u00e9change intensif est absolument essentiel - et pour cela, il faut prendre le temps d'instaurer la confiance et la compr\u00e9hension mutuelle. Au d\u00e9but, cela a \u00e9t\u00e9 un processus d'apprentissage pour nous aussi.<\/p>\n<p id=\"doc-1j30q1eh10\" class=\"font--regular\">De plus, beaucoup de nos partenariats, notamment dans le domaine clinique, sont bas\u00e9s sur le long terme. Cela nous permet de d\u00e9velopper des technologies \u00e0 diff\u00e9rents niveaux de maturit\u00e9, on parle de \"Technology Readiness Level\" (TRL), du premier prototype en laboratoire \u00e0 la solution pr\u00eate \u00e0 \u00eatre commercialis\u00e9e que nos partenaires peuvent utiliser et mettre en \u0153uvre. C'est pourquoi nous entretenons des partenariats strat\u00e9giques avec des centres s\u00e9lectionn\u00e9s, comme l'h\u00f4pital cantonal de Saint-Gall et les h\u00f4pitaux universitaires de Zurich et de Berne. Troisi\u00e8mement, nos projets sont hautement interdisciplinaires.<\/p>\n<p id=\"doc-1j30q1qmi0\" class=\"font--regular\"><strong>Qu'entendez-vous par l\u00e0, comment cela est-il v\u00e9cu \u00e0 l'Empa ?<\/strong><\/p>\n<p id=\"doc-1j30q2clu0\" class=\"font--regular\">Pour nous, cela signifie aborder un probl\u00e8me sous des angles tr\u00e8s diff\u00e9rents, c'est la seule fa\u00e7on de reconna\u00eetre le potentiel d'une v\u00e9ritable nouveaut\u00e9. Avec toutes les sciences naturelles et de l'ing\u00e9nieur r\u00e9unies sous un m\u00eame toit - de la nanotechnologie et de l'analyse des surfaces aux technologies des textiles et des fibres, de la biologie mol\u00e9culaire et cellulaire \u00e0 la biom\u00e9canique et \u00e0 la mod\u00e9lisation -, l'Empa est naturellement pr\u00e9destin\u00e9 \u00e0 cela. D'un autre c\u00f4t\u00e9, les technologies modernes de la sant\u00e9 sont, par essence, des sciences syst\u00e9miques qui r\u00e9unissent des dizaines de disciplines. Il faut comprendre l'ensemble du syst\u00e8me \"humain\" pour d\u00e9velopper des solutions efficaces dans le domaine de la sant\u00e9 - du niveau mol\u00e9culaire \u00e0 la physiologie du corps humain, y compris les aspects psychologiques et sociologiques.<\/p>\n<p id=\"doc-1j30q2i930\" class=\"font--regular\"><strong>Comment doit-on s'imaginer un produit Empa typique pour des applications cliniques ?<\/strong><\/p>\n<p id=\"doc-1j30q3orf0\" class=\"font--regular\">Les pansements \"intelligents\" en sont un exemple. Les processus de cicatrisation des plaies sont \u00e9norm\u00e9ment complexes et se d\u00e9roulent en diff\u00e9rentes phases ; le pansement doit - id\u00e9alement - accompagner les diff\u00e9rentes phases de mani\u00e8re optimale, surtout dans la phase d'infection, qu'il faut d\u00e9tecter et traiter \u00e0 temps. Ce faisant, nous devons avant tout \u00e9viter qu'une plaie ne devienne chronique. Et plus tard, le pansement doit soutenir et acc\u00e9l\u00e9rer le processus de gu\u00e9rison.<\/p>\n<p id=\"doc-1j30q3org0\" class=\"font--regular\">Un autre sujet d'actualit\u00e9 est la r\u00e9sistance croissante aux antibiotiques dans le monde entier. Pour ne pas encourager ce ph\u00e9nom\u00e8ne, nous ne devrions utiliser les antibiotiques que lorsqu'ils sont absolument n\u00e9cessaires - nous devons donc d\u00e9tecter les infections le plus rapidement possible, par exemple \u00e0 l'aide de capteurs qui indiquent ensuite une attaque bact\u00e9rienne par un changement de couleur sur le pansement. Parall\u00e8lement, nous travaillons sur de nouvelles approches th\u00e9rapeutiques alternatives, comme les mat\u00e9riaux \"vivants\" tels que les bact\u00e9riophages - des virus qui tuent les bact\u00e9ries et qui sont inoffensifs pour l'homme - ou les probiotiques, de \"bonnes\" bact\u00e9ries. Et nous ne devrions \u00e9galement les \"activer\" que si la plaie est r\u00e9ellement infect\u00e9e, par exemple en les encapsulant dans certains polym\u00e8res qui ne lib\u00e8rent leur contenu que si, par exemple, le pH de la plaie augmente, un indicateur pr\u00e9coce d'infection. Un pansement qui combine toutes ces diff\u00e9rentes \"capacit\u00e9s\" serait ainsi un produit typique de l'Empa.<\/p>\n<p id=\"doc-1j30q3org1\" class=\"font--regular\"><strong>Le th\u00e8me de la sant\u00e9 est toujours associ\u00e9 aux co\u00fbts. O\u00f9 voyez-vous des possibilit\u00e9s de ma\u00eetriser les co\u00fbts de la sant\u00e9 ?<\/strong><\/p>\n<p id=\"doc-1j30q3orh0\" class=\"font--regular\">En premier lieu dans la pr\u00e9vention et le d\u00e9pistage pr\u00e9coce. Les co\u00fbts de la sant\u00e9 augmentent fortement, surtout au cours des derni\u00e8res ann\u00e9es de la vie. Une approche possible serait de pouvoir accompagner et soutenir de mani\u00e8re optimale les patients \u00e2g\u00e9s \u00e0 l'aide de capteurs portables et de leurs jumeaux num\u00e9riques. Le jumeau num\u00e9rique pourrait, si n\u00e9cessaire, proposer des th\u00e9rapies personnalis\u00e9es sur la base des donn\u00e9es transmises par les capteurs. En outre, diff\u00e9rentes \u00e9tudes ont constat\u00e9 que jusqu'\u00e0 50% de toutes les th\u00e9rapies ne sont pas appliqu\u00e9es correctement. Si nous pouvions, gr\u00e2ce \u00e0 un meilleur \"health monitoring\", augmenter la s\u00e9curit\u00e9 des th\u00e9rapies, mais aussi l'observance - et donc, en fin de compte, le succ\u00e8s th\u00e9rapeutique -, nous aurions beaucoup gagn\u00e9.<\/p>\n<p id=\"doc-1j30q3ori0\" class=\"font--regular\"><strong>Un regard vers l'avenir : qu'auriez-vous aim\u00e9 r\u00e9aliser avec votre recherche dans cinq \u00e0 dix ans ?<\/strong><\/p>\n<p id=\"doc-1j30q3ori1\" class=\"font--regular\">Depuis 2023, nous avons lanc\u00e9 trois programmes \"booster\" \u00e0 l'Empa, par exemple pour l'am\u00e9lioration du traitement du cancer, la lutte contre la r\u00e9sistance aux antibiotiques et un sur le th\u00e8me de la cicatrisation des plaies. Un pansement qui permettrait d'\u00e9viter les infections des plaies et surtout les plaies chroniques, par exemple chez les parapl\u00e9giques et les personnes alit\u00e9es, mais aussi chez les nouveau-n\u00e9s qui, pour une raison ou une autre, se trouvent aux soins intensifs - ce serait un succ\u00e8s formidable.<\/p>\n<p id=\"doc-1j30q3orj0\" class=\"font--regular\">Et dans la recherche sur la d\u00e9mence, pour citer un autre exemple, ce serait un \u00e9norme pas en avant si nous pouvions d\u00e9tecter les premiers signes de la maladie \u00e0 l'aide de diagnostics simples, par exemple en analysant les sch\u00e9mas de mouvements, les param\u00e8tres vitaux tels que la fr\u00e9quence cardiaque et respiratoire, la temp\u00e9rature corporelle, les analyses sanguines, etc. d\u00e8s les premiers stades. En effet, plus on intervient t\u00f4t dans les maladies d\u00e9g\u00e9n\u00e9ratives - ce qui n'est malheureusement pas encore possible \u00e0 l'heure actuelle -, plus on a de chances de pouvoir au moins ralentir l'\u00e9volution de la maladie.<\/p>\n<p>Source : Empa<\/p>","protected":false},"excerpt":{"rendered":"<p>Warum betreibt ein Materialforschungsinstitut wie die Empa eigentlich biomedizinische Forschung? Laut einer EU-Studie sind rund 70% aller Innovationen materialgetrieben. Es gibt also zahlreiche wichtige Anwendungsfelder f\u00fcr neue Materialien, unter anderem eben im Gesundheitsbereich. Nehmen wir zum Beispiel ein Implantat: Das soll m\u00f6glichst lange halten, man will Infektionen vermeiden, und die Oberfl\u00e4chenbeschaffenheit soll sicherstellen, dass es [&hellip;]<\/p>\n","protected":false},"author":31,"featured_media":0,"comment_status":"closed","ping_status":"closed","sticky":false,"template":"","format":"standard","meta":{"_acf_changed":false,"pgc_sgb_lightbox_settings":"","footnotes":""},"categories":[1],"tags":[],"class_list":["post-24512","post","type-post","status-publish","format-standard","hentry","category-allgemein"],"acf":[],"hkrextid":null,"publication":null,"issue":null,"workflow":null,"startPage":null,"spitzmarke":null,"_posts_by_tag_page_fields":null,"_at_widget":null,"_yoast_wpseo_primary_category":"","_yoast_wpseo_focuskw_text_input":null,"_yoast_wpseo_opengraph-image":null,"_yoast_wpseo_opengraph-description":null,"_yoast_wpseo_opengraph-title":null,"enclosure":null,"_yoast_wpseo_twitter-title":null,"_yoast_wpseo_twitter-description":null,"_yoast_wpseo_twitter-image":null,"_wp_old_slug":null,"_yoast_wpseo_title":null,"_yoast_wpseo_canonical":null,"yoast_head":"<!-- This site is optimized with the Yoast SEO plugin v27.4 - https:\/\/yoast.com\/product\/yoast-seo-wordpress\/ -->\n<title>Forschung f\u00fcr die Gesundheit mit innovativen Materialien: \u00abMan muss das gesamte System \u2039Mensch\u203a verstehen\u00bb - Save<\/title>\n<meta name=\"description\" content=\"Was das Besondere an der Forschung im Gesundheitsbereich an der Empa ist, was das mit Materialien zu tun hat und auf welche Themen sich die Empa-Forschung konzentriert, erl\u00e4utert Ren\u00e9 Rossi, Co-Leiter des Departements \u00abMaterials meet Life\u00bb und des Forschungsschwerpunkts Gesundheit, im Interview.\" \/>\n<meta name=\"robots\" content=\"index, follow, max-snippet:-1, max-image-preview:large, max-video-preview:-1\" \/>\n<link rel=\"canonical\" href=\"https:\/\/news.save.ch\/fr\/forschung-fuer-die-gesundheit-mit-innovativen-materialien-man-muss-das-gesamte-system-mensch-verstehen\/\" \/>\n<meta property=\"og:locale\" content=\"fr_FR\" \/>\n<meta property=\"og:type\" content=\"article\" \/>\n<meta property=\"og:title\" content=\"Forschung f\u00fcr die Gesundheit mit innovativen Materialien: \u00abMan muss das gesamte System \u2039Mensch\u203a verstehen\u00bb - Save\" \/>\n<meta property=\"og:description\" content=\"Was das Besondere an der Forschung im Gesundheitsbereich an der Empa ist, was das mit Materialien zu tun hat und auf welche Themen sich die Empa-Forschung konzentriert, erl\u00e4utert Ren\u00e9 Rossi, Co-Leiter des Departements \u00abMaterials meet Life\u00bb und des Forschungsschwerpunkts Gesundheit, im Interview.\" \/>\n<meta property=\"og:url\" content=\"https:\/\/news.save.ch\/fr\/forschung-fuer-die-gesundheit-mit-innovativen-materialien-man-muss-das-gesamte-system-mensch-verstehen\/\" \/>\n<meta property=\"og:site_name\" content=\"Save\" \/>\n<meta property=\"article:published_time\" content=\"2025-09-03T08:31:02+00:00\" \/>\n<meta property=\"article:modified_time\" content=\"2025-09-03T08:31:04+00:00\" \/>\n<meta property=\"og:image\" content=\"https:\/\/news.save.ch\/wp-content\/uploads\/2025\/09\/0d5440d1-00f7-4066-bd73-03d5840dbed9-Kopie-e1756887877519.jpg\" \/>\n\t<meta property=\"og:image:width\" content=\"1023\" \/>\n\t<meta property=\"og:image:height\" content=\"697\" \/>\n\t<meta property=\"og:image:type\" content=\"image\/jpeg\" \/>\n<meta name=\"author\" content=\"stefanie Zeng\" \/>\n<meta name=\"twitter:card\" content=\"summary_large_image\" \/>\n<meta name=\"twitter:label1\" content=\"\u00c9crit par\" \/>\n\t<meta name=\"twitter:data1\" content=\"stefanie Zeng\" \/>\n\t<meta name=\"twitter:label2\" content=\"Dur\u00e9e de lecture estim\u00e9e\" \/>\n\t<meta name=\"twitter:data2\" content=\"5 minutes\" \/>\n<script type=\"application\/ld+json\" class=\"yoast-schema-graph\">{\"@context\":\"https:\\\/\\\/schema.org\",\"@graph\":[{\"@type\":\"Article\",\"@id\":\"https:\\\/\\\/news.save.ch\\\/forschung-fuer-die-gesundheit-mit-innovativen-materialien-man-muss-das-gesamte-system-mensch-verstehen\\\/#article\",\"isPartOf\":{\"@id\":\"https:\\\/\\\/news.save.ch\\\/forschung-fuer-die-gesundheit-mit-innovativen-materialien-man-muss-das-gesamte-system-mensch-verstehen\\\/\"},\"author\":{\"name\":\"stefanie Zeng\",\"@id\":\"https:\\\/\\\/news.save.ch\\\/de\\\/#\\\/schema\\\/person\\\/10917387362b3961e882740f6cf6f2a2\"},\"headline\":\"Forschung f\u00fcr die Gesundheit mit innovativen Materialien: \u00abMan muss das gesamte System \u2039Mensch\u203a verstehen\u00bb\",\"datePublished\":\"2025-09-03T08:31:02+00:00\",\"dateModified\":\"2025-09-03T08:31:04+00:00\",\"mainEntityOfPage\":{\"@id\":\"https:\\\/\\\/news.save.ch\\\/forschung-fuer-die-gesundheit-mit-innovativen-materialien-man-muss-das-gesamte-system-mensch-verstehen\\\/\"},\"wordCount\":914,\"publisher\":{\"@id\":\"https:\\\/\\\/news.save.ch\\\/de\\\/#organization\"},\"image\":{\"@id\":\"https:\\\/\\\/news.save.ch\\\/forschung-fuer-die-gesundheit-mit-innovativen-materialien-man-muss-das-gesamte-system-mensch-verstehen\\\/#primaryimage\"},\"thumbnailUrl\":\"https:\\\/\\\/news.save.ch\\\/wp-content\\\/uploads\\\/2025\\\/09\\\/0d5440d1-00f7-4066-bd73-03d5840dbed9-Kopie-e1756887877519.jpg\",\"articleSection\":[\"ALLGEMEIN\"],\"inLanguage\":\"fr-FR\"},{\"@type\":\"WebPage\",\"@id\":\"https:\\\/\\\/news.save.ch\\\/forschung-fuer-die-gesundheit-mit-innovativen-materialien-man-muss-das-gesamte-system-mensch-verstehen\\\/\",\"url\":\"https:\\\/\\\/news.save.ch\\\/forschung-fuer-die-gesundheit-mit-innovativen-materialien-man-muss-das-gesamte-system-mensch-verstehen\\\/\",\"name\":\"Forschung f\u00fcr die Gesundheit mit innovativen Materialien: \u00abMan muss das gesamte System \u2039Mensch\u203a verstehen\u00bb - Save\",\"isPartOf\":{\"@id\":\"https:\\\/\\\/news.save.ch\\\/de\\\/#website\"},\"primaryImageOfPage\":{\"@id\":\"https:\\\/\\\/news.save.ch\\\/forschung-fuer-die-gesundheit-mit-innovativen-materialien-man-muss-das-gesamte-system-mensch-verstehen\\\/#primaryimage\"},\"image\":{\"@id\":\"https:\\\/\\\/news.save.ch\\\/forschung-fuer-die-gesundheit-mit-innovativen-materialien-man-muss-das-gesamte-system-mensch-verstehen\\\/#primaryimage\"},\"thumbnailUrl\":\"https:\\\/\\\/news.save.ch\\\/wp-content\\\/uploads\\\/2025\\\/09\\\/0d5440d1-00f7-4066-bd73-03d5840dbed9-Kopie-e1756887877519.jpg\",\"datePublished\":\"2025-09-03T08:31:02+00:00\",\"dateModified\":\"2025-09-03T08:31:04+00:00\",\"description\":\"Was das Besondere an der Forschung im Gesundheitsbereich an der Empa ist, was das mit Materialien zu tun hat und auf welche Themen sich die Empa-Forschung konzentriert, erl\u00e4utert Ren\u00e9 Rossi, Co-Leiter des Departements \u00abMaterials meet Life\u00bb und des Forschungsschwerpunkts Gesundheit, im Interview.\",\"breadcrumb\":{\"@id\":\"https:\\\/\\\/news.save.ch\\\/forschung-fuer-die-gesundheit-mit-innovativen-materialien-man-muss-das-gesamte-system-mensch-verstehen\\\/#breadcrumb\"},\"inLanguage\":\"fr-FR\",\"potentialAction\":[{\"@type\":\"ReadAction\",\"target\":[\"https:\\\/\\\/news.save.ch\\\/forschung-fuer-die-gesundheit-mit-innovativen-materialien-man-muss-das-gesamte-system-mensch-verstehen\\\/\"]}]},{\"@type\":\"ImageObject\",\"inLanguage\":\"fr-FR\",\"@id\":\"https:\\\/\\\/news.save.ch\\\/forschung-fuer-die-gesundheit-mit-innovativen-materialien-man-muss-das-gesamte-system-mensch-verstehen\\\/#primaryimage\",\"url\":\"https:\\\/\\\/news.save.ch\\\/wp-content\\\/uploads\\\/2025\\\/09\\\/0d5440d1-00f7-4066-bd73-03d5840dbed9-Kopie-e1756887877519.jpg\",\"contentUrl\":\"https:\\\/\\\/news.save.ch\\\/wp-content\\\/uploads\\\/2025\\\/09\\\/0d5440d1-00f7-4066-bd73-03d5840dbed9-Kopie-e1756887877519.jpg\"},{\"@type\":\"BreadcrumbList\",\"@id\":\"https:\\\/\\\/news.save.ch\\\/forschung-fuer-die-gesundheit-mit-innovativen-materialien-man-muss-das-gesamte-system-mensch-verstehen\\\/#breadcrumb\",\"itemListElement\":[{\"@type\":\"ListItem\",\"position\":1,\"name\":\"Home\",\"item\":\"https:\\\/\\\/news.save.ch\\\/de\\\/\"},{\"@type\":\"ListItem\",\"position\":2,\"name\":\"Forschung f\u00fcr die Gesundheit mit innovativen Materialien: \u00abMan muss das gesamte System \u2039Mensch\u203a verstehen\u00bb\"}]},{\"@type\":\"WebSite\",\"@id\":\"https:\\\/\\\/news.save.ch\\\/de\\\/#website\",\"url\":\"https:\\\/\\\/news.save.ch\\\/de\\\/\",\"name\":\"Save\",\"description\":\"Schweizer Fachzeitschrift f\u00fcr Sicherheit\",\"publisher\":{\"@id\":\"https:\\\/\\\/news.save.ch\\\/de\\\/#organization\"},\"potentialAction\":[{\"@type\":\"SearchAction\",\"target\":{\"@type\":\"EntryPoint\",\"urlTemplate\":\"https:\\\/\\\/news.save.ch\\\/de\\\/?s={search_term_string}\"},\"query-input\":{\"@type\":\"PropertyValueSpecification\",\"valueRequired\":true,\"valueName\":\"search_term_string\"}}],\"inLanguage\":\"fr-FR\"},{\"@type\":\"Organization\",\"@id\":\"https:\\\/\\\/news.save.ch\\\/de\\\/#organization\",\"name\":\"Sicherheitsforum\",\"url\":\"https:\\\/\\\/news.save.ch\\\/de\\\/\",\"logo\":{\"@type\":\"ImageObject\",\"inLanguage\":\"fr-FR\",\"@id\":\"https:\\\/\\\/news.save.ch\\\/de\\\/#\\\/schema\\\/logo\\\/image\\\/\",\"url\":\"https:\\\/\\\/news.save.ch\\\/wp-content\\\/uploads\\\/2022\\\/06\\\/Logo_SF_2012.png\",\"contentUrl\":\"https:\\\/\\\/news.save.ch\\\/wp-content\\\/uploads\\\/2022\\\/06\\\/Logo_SF_2012.png\",\"width\":1100,\"height\":91,\"caption\":\"Sicherheitsforum\"},\"image\":{\"@id\":\"https:\\\/\\\/news.save.ch\\\/de\\\/#\\\/schema\\\/logo\\\/image\\\/\"}},{\"@type\":\"Person\",\"@id\":\"https:\\\/\\\/news.save.ch\\\/de\\\/#\\\/schema\\\/person\\\/10917387362b3961e882740f6cf6f2a2\",\"name\":\"stefanie Zeng\",\"image\":{\"@type\":\"ImageObject\",\"inLanguage\":\"fr-FR\",\"@id\":\"https:\\\/\\\/secure.gravatar.com\\\/avatar\\\/eac43faa6e40bb2c41068c95c9d78bbd94c476d5efdff7abaab80bb3ea681e06?s=96&d=mm&r=g\",\"url\":\"https:\\\/\\\/secure.gravatar.com\\\/avatar\\\/eac43faa6e40bb2c41068c95c9d78bbd94c476d5efdff7abaab80bb3ea681e06?s=96&d=mm&r=g\",\"contentUrl\":\"https:\\\/\\\/secure.gravatar.com\\\/avatar\\\/eac43faa6e40bb2c41068c95c9d78bbd94c476d5efdff7abaab80bb3ea681e06?s=96&d=mm&r=g\",\"caption\":\"stefanie Zeng\"},\"url\":\"https:\\\/\\\/news.save.ch\\\/fr\\\/author\\\/stefanie-zeng\\\/\"}]}<\/script>\n<!-- \/ Yoast SEO plugin. -->","yoast_head_json":{"title":"Recherche pour la sant\u00e9 avec des mat\u00e9riaux innovants : \"Il faut comprendre le syst\u00e8me 'humain' dans son ensemble\" - Save","description":"Ren\u00e9 Rossi, co-directeur du d\u00e9partement \"Materials meet Life\" et du p\u00f4le de recherche \"Sant\u00e9\", explique dans cette interview ce qui fait la particularit\u00e9 de la recherche dans le domaine de la sant\u00e9 \u00e0 l'Empa, en quoi cela a un rapport avec les mat\u00e9riaux et sur quels th\u00e8mes se concentre la recherche de l'Empa.","robots":{"index":"index","follow":"follow","max-snippet":"max-snippet:-1","max-image-preview":"max-image-preview:large","max-video-preview":"max-video-preview:-1"},"canonical":"https:\/\/news.save.ch\/fr\/forschung-fuer-die-gesundheit-mit-innovativen-materialien-man-muss-das-gesamte-system-mensch-verstehen\/","og_locale":"fr_FR","og_type":"article","og_title":"Forschung f\u00fcr die Gesundheit mit innovativen Materialien: \u00abMan muss das gesamte System \u2039Mensch\u203a verstehen\u00bb - Save","og_description":"Was das Besondere an der Forschung im Gesundheitsbereich an der Empa ist, was das mit Materialien zu tun hat und auf welche Themen sich die Empa-Forschung konzentriert, erl\u00e4utert Ren\u00e9 Rossi, Co-Leiter des Departements \u00abMaterials meet Life\u00bb und des Forschungsschwerpunkts Gesundheit, im Interview.","og_url":"https:\/\/news.save.ch\/fr\/forschung-fuer-die-gesundheit-mit-innovativen-materialien-man-muss-das-gesamte-system-mensch-verstehen\/","og_site_name":"Save","article_published_time":"2025-09-03T08:31:02+00:00","article_modified_time":"2025-09-03T08:31:04+00:00","og_image":[{"width":1023,"height":697,"url":"https:\/\/news.save.ch\/wp-content\/uploads\/2025\/09\/0d5440d1-00f7-4066-bd73-03d5840dbed9-Kopie-e1756887877519.jpg","type":"image\/jpeg"}],"author":"stefanie Zeng","twitter_card":"summary_large_image","twitter_misc":{"\u00c9crit par":"stefanie Zeng","Dur\u00e9e de lecture estim\u00e9e":"5 minutes"},"schema":{"@context":"https:\/\/schema.org","@graph":[{"@type":"Article","@id":"https:\/\/news.save.ch\/forschung-fuer-die-gesundheit-mit-innovativen-materialien-man-muss-das-gesamte-system-mensch-verstehen\/#article","isPartOf":{"@id":"https:\/\/news.save.ch\/forschung-fuer-die-gesundheit-mit-innovativen-materialien-man-muss-das-gesamte-system-mensch-verstehen\/"},"author":{"name":"stefanie Zeng","@id":"https:\/\/news.save.ch\/de\/#\/schema\/person\/10917387362b3961e882740f6cf6f2a2"},"headline":"Forschung f\u00fcr die Gesundheit mit innovativen Materialien: \u00abMan muss das gesamte System \u2039Mensch\u203a verstehen\u00bb","datePublished":"2025-09-03T08:31:02+00:00","dateModified":"2025-09-03T08:31:04+00:00","mainEntityOfPage":{"@id":"https:\/\/news.save.ch\/forschung-fuer-die-gesundheit-mit-innovativen-materialien-man-muss-das-gesamte-system-mensch-verstehen\/"},"wordCount":914,"publisher":{"@id":"https:\/\/news.save.ch\/de\/#organization"},"image":{"@id":"https:\/\/news.save.ch\/forschung-fuer-die-gesundheit-mit-innovativen-materialien-man-muss-das-gesamte-system-mensch-verstehen\/#primaryimage"},"thumbnailUrl":"https:\/\/news.save.ch\/wp-content\/uploads\/2025\/09\/0d5440d1-00f7-4066-bd73-03d5840dbed9-Kopie-e1756887877519.jpg","articleSection":["ALLGEMEIN"],"inLanguage":"fr-FR"},{"@type":"WebPage","@id":"https:\/\/news.save.ch\/forschung-fuer-die-gesundheit-mit-innovativen-materialien-man-muss-das-gesamte-system-mensch-verstehen\/","url":"https:\/\/news.save.ch\/forschung-fuer-die-gesundheit-mit-innovativen-materialien-man-muss-das-gesamte-system-mensch-verstehen\/","name":"Recherche pour la sant\u00e9 avec des mat\u00e9riaux innovants : \"Il faut comprendre le syst\u00e8me 'humain' dans son ensemble\" - Save","isPartOf":{"@id":"https:\/\/news.save.ch\/de\/#website"},"primaryImageOfPage":{"@id":"https:\/\/news.save.ch\/forschung-fuer-die-gesundheit-mit-innovativen-materialien-man-muss-das-gesamte-system-mensch-verstehen\/#primaryimage"},"image":{"@id":"https:\/\/news.save.ch\/forschung-fuer-die-gesundheit-mit-innovativen-materialien-man-muss-das-gesamte-system-mensch-verstehen\/#primaryimage"},"thumbnailUrl":"https:\/\/news.save.ch\/wp-content\/uploads\/2025\/09\/0d5440d1-00f7-4066-bd73-03d5840dbed9-Kopie-e1756887877519.jpg","datePublished":"2025-09-03T08:31:02+00:00","dateModified":"2025-09-03T08:31:04+00:00","description":"Ren\u00e9 Rossi, co-directeur du d\u00e9partement \"Materials meet Life\" et du p\u00f4le de recherche \"Sant\u00e9\", explique dans cette interview ce qui fait la particularit\u00e9 de la recherche dans le domaine de la sant\u00e9 \u00e0 l'Empa, en quoi cela a un rapport avec les mat\u00e9riaux et sur quels th\u00e8mes se concentre la recherche de l'Empa.","breadcrumb":{"@id":"https:\/\/news.save.ch\/forschung-fuer-die-gesundheit-mit-innovativen-materialien-man-muss-das-gesamte-system-mensch-verstehen\/#breadcrumb"},"inLanguage":"fr-FR","potentialAction":[{"@type":"ReadAction","target":["https:\/\/news.save.ch\/forschung-fuer-die-gesundheit-mit-innovativen-materialien-man-muss-das-gesamte-system-mensch-verstehen\/"]}]},{"@type":"ImageObject","inLanguage":"fr-FR","@id":"https:\/\/news.save.ch\/forschung-fuer-die-gesundheit-mit-innovativen-materialien-man-muss-das-gesamte-system-mensch-verstehen\/#primaryimage","url":"https:\/\/news.save.ch\/wp-content\/uploads\/2025\/09\/0d5440d1-00f7-4066-bd73-03d5840dbed9-Kopie-e1756887877519.jpg","contentUrl":"https:\/\/news.save.ch\/wp-content\/uploads\/2025\/09\/0d5440d1-00f7-4066-bd73-03d5840dbed9-Kopie-e1756887877519.jpg"},{"@type":"BreadcrumbList","@id":"https:\/\/news.save.ch\/forschung-fuer-die-gesundheit-mit-innovativen-materialien-man-muss-das-gesamte-system-mensch-verstehen\/#breadcrumb","itemListElement":[{"@type":"ListItem","position":1,"name":"Home","item":"https:\/\/news.save.ch\/de\/"},{"@type":"ListItem","position":2,"name":"Forschung f\u00fcr die Gesundheit mit innovativen Materialien: \u00abMan muss das gesamte System \u2039Mensch\u203a verstehen\u00bb"}]},{"@type":"WebSite","@id":"https:\/\/news.save.ch\/de\/#website","url":"https:\/\/news.save.ch\/de\/","name":"Save","description":"Revue suisse sp\u00e9cialis\u00e9e dans la s\u00e9curit\u00e9","publisher":{"@id":"https:\/\/news.save.ch\/de\/#organization"},"potentialAction":[{"@type":"SearchAction","target":{"@type":"EntryPoint","urlTemplate":"https:\/\/news.save.ch\/de\/?s={search_term_string}"},"query-input":{"@type":"PropertyValueSpecification","valueRequired":true,"valueName":"search_term_string"}}],"inLanguage":"fr-FR"},{"@type":"Organization","@id":"https:\/\/news.save.ch\/de\/#organization","name":"Forum sur la s\u00e9curit\u00e9","url":"https:\/\/news.save.ch\/de\/","logo":{"@type":"ImageObject","inLanguage":"fr-FR","@id":"https:\/\/news.save.ch\/de\/#\/schema\/logo\/image\/","url":"https:\/\/news.save.ch\/wp-content\/uploads\/2022\/06\/Logo_SF_2012.png","contentUrl":"https:\/\/news.save.ch\/wp-content\/uploads\/2022\/06\/Logo_SF_2012.png","width":1100,"height":91,"caption":"Sicherheitsforum"},"image":{"@id":"https:\/\/news.save.ch\/de\/#\/schema\/logo\/image\/"}},{"@type":"Person","@id":"https:\/\/news.save.ch\/de\/#\/schema\/person\/10917387362b3961e882740f6cf6f2a2","name":"stefanie Zeng","image":{"@type":"ImageObject","inLanguage":"fr-FR","@id":"https:\/\/secure.gravatar.com\/avatar\/eac43faa6e40bb2c41068c95c9d78bbd94c476d5efdff7abaab80bb3ea681e06?s=96&d=mm&r=g","url":"https:\/\/secure.gravatar.com\/avatar\/eac43faa6e40bb2c41068c95c9d78bbd94c476d5efdff7abaab80bb3ea681e06?s=96&d=mm&r=g","contentUrl":"https:\/\/secure.gravatar.com\/avatar\/eac43faa6e40bb2c41068c95c9d78bbd94c476d5efdff7abaab80bb3ea681e06?s=96&d=mm&r=g","caption":"stefanie Zeng"},"url":"https:\/\/news.save.ch\/fr\/author\/stefanie-zeng\/"}]}},"_links":{"self":[{"href":"https:\/\/news.save.ch\/fr\/wp-json\/wp\/v2\/posts\/24512","targetHints":{"allow":["GET"]}}],"collection":[{"href":"https:\/\/news.save.ch\/fr\/wp-json\/wp\/v2\/posts"}],"about":[{"href":"https:\/\/news.save.ch\/fr\/wp-json\/wp\/v2\/types\/post"}],"author":[{"embeddable":true,"href":"https:\/\/news.save.ch\/fr\/wp-json\/wp\/v2\/users\/31"}],"replies":[{"embeddable":true,"href":"https:\/\/news.save.ch\/fr\/wp-json\/wp\/v2\/comments?post=24512"}],"version-history":[{"count":3,"href":"https:\/\/news.save.ch\/fr\/wp-json\/wp\/v2\/posts\/24512\/revisions"}],"predecessor-version":[{"id":24516,"href":"https:\/\/news.save.ch\/fr\/wp-json\/wp\/v2\/posts\/24512\/revisions\/24516"}],"wp:attachment":[{"href":"https:\/\/news.save.ch\/fr\/wp-json\/wp\/v2\/media?parent=24512"}],"wp:term":[{"taxonomy":"category","embeddable":true,"href":"https:\/\/news.save.ch\/fr\/wp-json\/wp\/v2\/categories?post=24512"},{"taxonomy":"post_tag","embeddable":true,"href":"https:\/\/news.save.ch\/fr\/wp-json\/wp\/v2\/tags?post=24512"}],"curies":[{"name":"wp","href":"https:\/\/api.w.org\/{rel}","templated":true}]}}