{"id":24546,"date":"2025-09-15T12:49:18","date_gmt":"2025-09-15T10:49:18","guid":{"rendered":"https:\/\/news.save.ch\/?p=24546"},"modified":"2025-09-17T12:50:50","modified_gmt":"2025-09-17T10:50:50","slug":"sichere-lehrzeit-live-suva-an-den-swissskills-2025","status":null,"type":"post","link":"https:\/\/news.save.ch\/fr\/sichere-lehrzeit-live-suva-an-den-swissskills-2025\/","title":{"rendered":"\"L'apprentissage en toute s\u00e9curit\u00e9\" en direct - Suva aux SwissSkills 2025"},"content":{"rendered":"<figure id=\"attachment_24547\" aria-describedby=\"caption-attachment-24547\" style=\"width: 1400px\" class=\"wp-caption alignnone\"><a href=\"https:\/\/news.save.ch\/fr\/sichere-lehrzeit-live-suva-an-den-swissskills-2025\/swissskills-2025\/\" rel=\"attachment wp-att-24547\"><img loading=\"lazy\" decoding=\"async\" class=\"size-full wp-image-24547\" src=\"https:\/\/news.save.ch\/wp-content\/uploads\/2025\/09\/VA20540-scaled.jpg\" alt=\"\" width=\"1400\" height=\"933\" srcset=\"https:\/\/news.save.ch\/wp-content\/uploads\/2025\/09\/VA20540-scaled.jpg 1200w, https:\/\/news.save.ch\/wp-content\/uploads\/2025\/09\/VA20540-680x453.jpg 680w, https:\/\/news.save.ch\/wp-content\/uploads\/2025\/09\/VA20540-1024x683.jpg 1024w, https:\/\/news.save.ch\/wp-content\/uploads\/2025\/09\/VA20540-768x512.jpg 768w, https:\/\/news.save.ch\/wp-content\/uploads\/2025\/09\/VA20540-1536x1024.jpg 1536w, https:\/\/news.save.ch\/wp-content\/uploads\/2025\/09\/VA20540-2048x1365.jpg 2048w, https:\/\/news.save.ch\/wp-content\/uploads\/2025\/09\/VA20540-18x12.jpg 18w, https:\/\/news.save.ch\/wp-content\/uploads\/2025\/09\/VA20540-375x250.jpg 375w, https:\/\/news.save.ch\/wp-content\/uploads\/2025\/09\/VA20540-525x350.jpg 525w, https:\/\/news.save.ch\/wp-content\/uploads\/2025\/09\/VA20540-1000x667.jpg 1000w\" sizes=\"auto, (max-width: 1400px) 100vw, 1400px\" \/><\/a><figcaption id=\"caption-attachment-24547\" class=\"wp-caption-text\">Constructeur\/trice de bateaux CFC \u00a9 SwissSkills \/ Val\u00e9rie Chetelat<\/figcaption><\/figure>\n<p>Chaque ann\u00e9e, en Suisse, quelque 23 000 apprentis sont victimes d'un accident au travail - trois d'entre eux sont m\u00eame mortels. La Suva s'engage avec la campagne \"<a href=\"https:\/\/www.suva.ch\/de-ch\/praevention\/beratung-kurse-und-angebote\/sichere-lehrzeit\">Un apprentissage en toute s\u00e9curit\u00e9<\/a>L'association \"Jeunes professionnels\" s'engage pour que les jeunes professionnels entrent dans la vie active en toute s\u00e9curit\u00e9.<\/p>\n<p>Aux <a href=\"https:\/\/swiss-skills2025.ch\/de\">SwissSkills<\/a>En tant qu'organisatrice des championnats des m\u00e9tiers pour jeunes talents, qui auront lieu du 17 au 21 septembre 2025 \u00e0 Berne, elle apporte cet engagement directement aux jeunes - avec des exp\u00e9riences impressionnantes, des messages clairs et des conseils pratiques pour le quotidien professionnel.<\/p>\n<h3>Exp\u00e9rimenter le fonctionnement de la s\u00e9curit\u00e9 au quotidien<\/h3>\n<p>Sur le stand de la Suva situ\u00e9 \u00e0 l'ext\u00e9rieur de la halle 11, les visiteurs peuvent d\u00e9couvrir ce que signifie la s\u00e9curit\u00e9 au quotidien. Ainsi, le football oculaire permet de ressentir les cons\u00e9quences de blessures oculaires, le parcours sur un v\u00e9lo VR montre la diff\u00e9rence que peut faire un casque et le parcours de tr\u00e9buchement montre que le multit\u00e2che ne fonctionne pas. En outre, le jeu du buzzer met en comp\u00e9tition deux personnes avec leurs connaissances en mati\u00e8re de s\u00e9curit\u00e9 au travail et pendant les loisirs. Des acteurs pr\u00e9sentant des blessures visibles incitent en outre \u00e0 la r\u00e9flexion. Le samedi, les influenceurs Gabri Oldham aka Gman et Bryan Slade ainsi que le duo d'animateurs Moser &amp; Schelker (Radio Energy) seront sur place. Ils partageront des exp\u00e9riences personnelles et des conseils sur la s\u00e9curit\u00e9 pendant l'apprentissage.<\/p>\n<h3>Pourquoi l'\"apprentissage en toute s\u00e9curit\u00e9\" compte-t-il ?<\/h3>\n<p>Avec cette campagne, la Suva ne sensibilise pas seulement les apprentis, mais aussi les formateurs et les \u00e9coles professionnelles. L'accent est mis sur des r\u00e8gles simples, un langage clair et des outils concrets directement utilisables au quotidien. Les SwissSkills offrent une plateforme id\u00e9ale pour transmettre ces connaissances de mani\u00e8re pratique.<\/p>\n<p><em>Source : Suva<\/em><\/p>","protected":false},"excerpt":{"rendered":"<p>Jedes Jahr verunfallen in der Schweiz rund 23 000 Lernende w\u00e4hrend der Arbeit \u2013 drei dieser Unf\u00e4lle enden gar t\u00f6dlich. Die Suva setzt sich mit der Kampagne \u00abSichere Lehrzeit\u00bb daf\u00fcr ein, dass junge Berufsleute sicher ins Arbeitsleben starten. An den SwissSkills, den Berufsmeisterschaften f\u00fcr junge Talente, die vom 17. bis 21. September 2025 in Bern [&hellip;]<\/p>\n","protected":false},"author":31,"featured_media":24547,"comment_status":"closed","ping_status":"closed","sticky":false,"template":"","format":"standard","meta":{"_acf_changed":false,"pgc_sgb_lightbox_settings":"","footnotes":""},"categories":[3314],"tags":[],"class_list":["post-24546","post","type-post","status-publish","format-standard","has-post-thumbnail","hentry","category-health-safety"],"acf":[],"hkrextid":null,"publication":null,"issue":null,"workflow":null,"startPage":null,"spitzmarke":null,"_posts_by_tag_page_fields":null,"_at_widget":null,"_yoast_wpseo_primary_category":"3314","_yoast_wpseo_focuskw_text_input":null,"_yoast_wpseo_opengraph-image":null,"_yoast_wpseo_opengraph-description":null,"_yoast_wpseo_opengraph-title":null,"enclosure":null,"_yoast_wpseo_twitter-title":null,"_yoast_wpseo_twitter-description":null,"_yoast_wpseo_twitter-image":null,"_wp_old_slug":null,"_yoast_wpseo_title":null,"_yoast_wpseo_canonical":null,"yoast_head":"<!-- This site is optimized with the Yoast SEO plugin v27.5 - https:\/\/yoast.com\/product\/yoast-seo-wordpress\/ -->\n<title>\u00abSichere Lehrzeit\u00bb live \u2013 Suva an den SwissSkills 2025 - Save<\/title>\n<meta name=\"description\" content=\"Jedes Jahr verunfallen in der Schweiz rund 23 000 Lernende w\u00e4hrend der Arbeit \u2013 drei dieser Unf\u00e4lle enden gar t\u00f6dlich. Die Suva setzt sich mit der Kampagne \u00abSichere Lehrzeit\u00bb daf\u00fcr ein, dass junge Berufsleute sicher ins Arbeitsleben starten.\u00a0\" \/>\n<meta name=\"robots\" content=\"index, follow, max-snippet:-1, max-image-preview:large, max-video-preview:-1\" \/>\n<link rel=\"canonical\" href=\"https:\/\/news.save.ch\/fr\/sichere-lehrzeit-live-suva-an-den-swissskills-2025\/\" \/>\n<meta property=\"og:locale\" content=\"fr_FR\" \/>\n<meta property=\"og:type\" content=\"article\" \/>\n<meta property=\"og:title\" content=\"\u00abSichere Lehrzeit\u00bb live \u2013 Suva an den SwissSkills 2025 - Save\" \/>\n<meta property=\"og:description\" content=\"Jedes Jahr verunfallen in der Schweiz rund 23 000 Lernende w\u00e4hrend der Arbeit \u2013 drei dieser Unf\u00e4lle enden gar t\u00f6dlich. Die Suva setzt sich mit der Kampagne \u00abSichere Lehrzeit\u00bb daf\u00fcr ein, dass junge Berufsleute sicher ins Arbeitsleben starten.\u00a0\" \/>\n<meta property=\"og:url\" content=\"https:\/\/news.save.ch\/fr\/sichere-lehrzeit-live-suva-an-den-swissskills-2025\/\" \/>\n<meta property=\"og:site_name\" content=\"Save\" \/>\n<meta property=\"article:published_time\" content=\"2025-09-15T10:49:18+00:00\" \/>\n<meta property=\"article:modified_time\" content=\"2025-09-17T10:50:50+00:00\" \/>\n<meta property=\"og:image\" content=\"https:\/\/news.save.ch\/wp-content\/uploads\/2025\/09\/VA20540-scaled.jpg\" \/>\n\t<meta property=\"og:image:width\" content=\"1200\" \/>\n\t<meta property=\"og:image:height\" content=\"800\" \/>\n\t<meta property=\"og:image:type\" content=\"image\/jpeg\" \/>\n<meta name=\"author\" content=\"stefanie Zeng\" \/>\n<meta name=\"twitter:card\" content=\"summary_large_image\" \/>\n<meta name=\"twitter:label1\" content=\"\u00c9crit par\" \/>\n\t<meta name=\"twitter:data1\" content=\"stefanie Zeng\" \/>\n\t<meta name=\"twitter:label2\" content=\"Dur\u00e9e de lecture estim\u00e9e\" \/>\n\t<meta name=\"twitter:data2\" content=\"2 minutes\" \/>\n<script type=\"application\/ld+json\" class=\"yoast-schema-graph\">{\"@context\":\"https:\\\/\\\/schema.org\",\"@graph\":[{\"@type\":\"Article\",\"@id\":\"https:\\\/\\\/news.save.ch\\\/sichere-lehrzeit-live-suva-an-den-swissskills-2025\\\/#article\",\"isPartOf\":{\"@id\":\"https:\\\/\\\/news.save.ch\\\/sichere-lehrzeit-live-suva-an-den-swissskills-2025\\\/\"},\"author\":{\"name\":\"stefanie Zeng\",\"@id\":\"https:\\\/\\\/news.save.ch\\\/de\\\/#\\\/schema\\\/person\\\/10917387362b3961e882740f6cf6f2a2\"},\"headline\":\"\u00abSichere Lehrzeit\u00bb live \u2013 Suva an den SwissSkills 2025\",\"datePublished\":\"2025-09-15T10:49:18+00:00\",\"dateModified\":\"2025-09-17T10:50:50+00:00\",\"mainEntityOfPage\":{\"@id\":\"https:\\\/\\\/news.save.ch\\\/sichere-lehrzeit-live-suva-an-den-swissskills-2025\\\/\"},\"wordCount\":261,\"publisher\":{\"@id\":\"https:\\\/\\\/news.save.ch\\\/de\\\/#organization\"},\"image\":{\"@id\":\"https:\\\/\\\/news.save.ch\\\/sichere-lehrzeit-live-suva-an-den-swissskills-2025\\\/#primaryimage\"},\"thumbnailUrl\":\"https:\\\/\\\/news.save.ch\\\/wp-content\\\/uploads\\\/2025\\\/09\\\/VA20540-scaled.jpg\",\"articleSection\":[\"HEALTH &amp; SAFETY\"],\"inLanguage\":\"fr-FR\"},{\"@type\":\"WebPage\",\"@id\":\"https:\\\/\\\/news.save.ch\\\/sichere-lehrzeit-live-suva-an-den-swissskills-2025\\\/\",\"url\":\"https:\\\/\\\/news.save.ch\\\/sichere-lehrzeit-live-suva-an-den-swissskills-2025\\\/\",\"name\":\"\u00abSichere Lehrzeit\u00bb live \u2013 Suva an den SwissSkills 2025 - Save\",\"isPartOf\":{\"@id\":\"https:\\\/\\\/news.save.ch\\\/de\\\/#website\"},\"primaryImageOfPage\":{\"@id\":\"https:\\\/\\\/news.save.ch\\\/sichere-lehrzeit-live-suva-an-den-swissskills-2025\\\/#primaryimage\"},\"image\":{\"@id\":\"https:\\\/\\\/news.save.ch\\\/sichere-lehrzeit-live-suva-an-den-swissskills-2025\\\/#primaryimage\"},\"thumbnailUrl\":\"https:\\\/\\\/news.save.ch\\\/wp-content\\\/uploads\\\/2025\\\/09\\\/VA20540-scaled.jpg\",\"datePublished\":\"2025-09-15T10:49:18+00:00\",\"dateModified\":\"2025-09-17T10:50:50+00:00\",\"description\":\"Jedes Jahr verunfallen in der Schweiz rund 23 000 Lernende w\u00e4hrend der Arbeit \u2013 drei dieser Unf\u00e4lle enden gar t\u00f6dlich. Die Suva setzt sich mit der Kampagne \u00abSichere Lehrzeit\u00bb daf\u00fcr ein, dass junge Berufsleute sicher ins Arbeitsleben starten.\u00a0\",\"breadcrumb\":{\"@id\":\"https:\\\/\\\/news.save.ch\\\/sichere-lehrzeit-live-suva-an-den-swissskills-2025\\\/#breadcrumb\"},\"inLanguage\":\"fr-FR\",\"potentialAction\":[{\"@type\":\"ReadAction\",\"target\":[\"https:\\\/\\\/news.save.ch\\\/sichere-lehrzeit-live-suva-an-den-swissskills-2025\\\/\"]}]},{\"@type\":\"ImageObject\",\"inLanguage\":\"fr-FR\",\"@id\":\"https:\\\/\\\/news.save.ch\\\/sichere-lehrzeit-live-suva-an-den-swissskills-2025\\\/#primaryimage\",\"url\":\"https:\\\/\\\/news.save.ch\\\/wp-content\\\/uploads\\\/2025\\\/09\\\/VA20540-scaled.jpg\",\"contentUrl\":\"https:\\\/\\\/news.save.ch\\\/wp-content\\\/uploads\\\/2025\\\/09\\\/VA20540-scaled.jpg\",\"width\":1200,\"height\":800,\"caption\":\"Bootbauer\\\/-in EFZ - 17.09.2025, Bern \u00a9 SwissSkills \\\/ Valerie Chetelat\"},{\"@type\":\"BreadcrumbList\",\"@id\":\"https:\\\/\\\/news.save.ch\\\/sichere-lehrzeit-live-suva-an-den-swissskills-2025\\\/#breadcrumb\",\"itemListElement\":[{\"@type\":\"ListItem\",\"position\":1,\"name\":\"Home\",\"item\":\"https:\\\/\\\/news.save.ch\\\/de\\\/\"},{\"@type\":\"ListItem\",\"position\":2,\"name\":\"\u00abSichere Lehrzeit\u00bb live \u2013 Suva an den SwissSkills 2025\"}]},{\"@type\":\"WebSite\",\"@id\":\"https:\\\/\\\/news.save.ch\\\/de\\\/#website\",\"url\":\"https:\\\/\\\/news.save.ch\\\/de\\\/\",\"name\":\"Save\",\"description\":\"Schweizer Fachzeitschrift f\u00fcr Sicherheit\",\"publisher\":{\"@id\":\"https:\\\/\\\/news.save.ch\\\/de\\\/#organization\"},\"potentialAction\":[{\"@type\":\"SearchAction\",\"target\":{\"@type\":\"EntryPoint\",\"urlTemplate\":\"https:\\\/\\\/news.save.ch\\\/de\\\/?s={search_term_string}\"},\"query-input\":{\"@type\":\"PropertyValueSpecification\",\"valueRequired\":true,\"valueName\":\"search_term_string\"}}],\"inLanguage\":\"fr-FR\"},{\"@type\":\"Organization\",\"@id\":\"https:\\\/\\\/news.save.ch\\\/de\\\/#organization\",\"name\":\"Sicherheitsforum\",\"url\":\"https:\\\/\\\/news.save.ch\\\/de\\\/\",\"logo\":{\"@type\":\"ImageObject\",\"inLanguage\":\"fr-FR\",\"@id\":\"https:\\\/\\\/news.save.ch\\\/de\\\/#\\\/schema\\\/logo\\\/image\\\/\",\"url\":\"https:\\\/\\\/news.save.ch\\\/wp-content\\\/uploads\\\/2022\\\/06\\\/Logo_SF_2012.png\",\"contentUrl\":\"https:\\\/\\\/news.save.ch\\\/wp-content\\\/uploads\\\/2022\\\/06\\\/Logo_SF_2012.png\",\"width\":1100,\"height\":91,\"caption\":\"Sicherheitsforum\"},\"image\":{\"@id\":\"https:\\\/\\\/news.save.ch\\\/de\\\/#\\\/schema\\\/logo\\\/image\\\/\"}},{\"@type\":\"Person\",\"@id\":\"https:\\\/\\\/news.save.ch\\\/de\\\/#\\\/schema\\\/person\\\/10917387362b3961e882740f6cf6f2a2\",\"name\":\"stefanie Zeng\",\"image\":{\"@type\":\"ImageObject\",\"inLanguage\":\"fr-FR\",\"@id\":\"https:\\\/\\\/secure.gravatar.com\\\/avatar\\\/eac43faa6e40bb2c41068c95c9d78bbd94c476d5efdff7abaab80bb3ea681e06?s=96&d=mm&r=g\",\"url\":\"https:\\\/\\\/secure.gravatar.com\\\/avatar\\\/eac43faa6e40bb2c41068c95c9d78bbd94c476d5efdff7abaab80bb3ea681e06?s=96&d=mm&r=g\",\"contentUrl\":\"https:\\\/\\\/secure.gravatar.com\\\/avatar\\\/eac43faa6e40bb2c41068c95c9d78bbd94c476d5efdff7abaab80bb3ea681e06?s=96&d=mm&r=g\",\"caption\":\"stefanie Zeng\"},\"url\":\"https:\\\/\\\/news.save.ch\\\/fr\\\/author\\\/stefanie-zeng\\\/\"}]}<\/script>\n<!-- \/ Yoast SEO plugin. -->","yoast_head_json":{"title":"\"L'apprentissage en toute s\u00e9curit\u00e9\" en direct - Suva aux SwissSkills 2025 - Save","description":"Chaque ann\u00e9e en Suisse, quelque 23 000 apprentis sont victimes d'un accident au travail - trois d'entre eux ont m\u00eame une issue fatale. Avec sa campagne \"Apprentissage en s\u00e9curit\u00e9\", la Suva s'engage pour que les jeunes professionnels commencent leur vie professionnelle en toute s\u00e9curit\u00e9.\u00a0","robots":{"index":"index","follow":"follow","max-snippet":"max-snippet:-1","max-image-preview":"max-image-preview:large","max-video-preview":"max-video-preview:-1"},"canonical":"https:\/\/news.save.ch\/fr\/sichere-lehrzeit-live-suva-an-den-swissskills-2025\/","og_locale":"fr_FR","og_type":"article","og_title":"\u00abSichere Lehrzeit\u00bb live \u2013 Suva an den SwissSkills 2025 - Save","og_description":"Jedes Jahr verunfallen in der Schweiz rund 23 000 Lernende w\u00e4hrend der Arbeit \u2013 drei dieser Unf\u00e4lle enden gar t\u00f6dlich. Die Suva setzt sich mit der Kampagne \u00abSichere Lehrzeit\u00bb daf\u00fcr ein, dass junge Berufsleute sicher ins Arbeitsleben starten.\u00a0","og_url":"https:\/\/news.save.ch\/fr\/sichere-lehrzeit-live-suva-an-den-swissskills-2025\/","og_site_name":"Save","article_published_time":"2025-09-15T10:49:18+00:00","article_modified_time":"2025-09-17T10:50:50+00:00","og_image":[{"width":1200,"height":800,"url":"https:\/\/news.save.ch\/wp-content\/uploads\/2025\/09\/VA20540-scaled.jpg","type":"image\/jpeg"}],"author":"stefanie Zeng","twitter_card":"summary_large_image","twitter_misc":{"\u00c9crit par":"stefanie Zeng","Dur\u00e9e de lecture estim\u00e9e":"2 minutes"},"schema":{"@context":"https:\/\/schema.org","@graph":[{"@type":"Article","@id":"https:\/\/news.save.ch\/sichere-lehrzeit-live-suva-an-den-swissskills-2025\/#article","isPartOf":{"@id":"https:\/\/news.save.ch\/sichere-lehrzeit-live-suva-an-den-swissskills-2025\/"},"author":{"name":"stefanie Zeng","@id":"https:\/\/news.save.ch\/de\/#\/schema\/person\/10917387362b3961e882740f6cf6f2a2"},"headline":"\u00abSichere Lehrzeit\u00bb live \u2013 Suva an den SwissSkills 2025","datePublished":"2025-09-15T10:49:18+00:00","dateModified":"2025-09-17T10:50:50+00:00","mainEntityOfPage":{"@id":"https:\/\/news.save.ch\/sichere-lehrzeit-live-suva-an-den-swissskills-2025\/"},"wordCount":261,"publisher":{"@id":"https:\/\/news.save.ch\/de\/#organization"},"image":{"@id":"https:\/\/news.save.ch\/sichere-lehrzeit-live-suva-an-den-swissskills-2025\/#primaryimage"},"thumbnailUrl":"https:\/\/news.save.ch\/wp-content\/uploads\/2025\/09\/VA20540-scaled.jpg","articleSection":["HEALTH &amp; SAFETY"],"inLanguage":"fr-FR"},{"@type":"WebPage","@id":"https:\/\/news.save.ch\/sichere-lehrzeit-live-suva-an-den-swissskills-2025\/","url":"https:\/\/news.save.ch\/sichere-lehrzeit-live-suva-an-den-swissskills-2025\/","name":"\"L'apprentissage en toute s\u00e9curit\u00e9\" en direct - Suva aux SwissSkills 2025 - Save","isPartOf":{"@id":"https:\/\/news.save.ch\/de\/#website"},"primaryImageOfPage":{"@id":"https:\/\/news.save.ch\/sichere-lehrzeit-live-suva-an-den-swissskills-2025\/#primaryimage"},"image":{"@id":"https:\/\/news.save.ch\/sichere-lehrzeit-live-suva-an-den-swissskills-2025\/#primaryimage"},"thumbnailUrl":"https:\/\/news.save.ch\/wp-content\/uploads\/2025\/09\/VA20540-scaled.jpg","datePublished":"2025-09-15T10:49:18+00:00","dateModified":"2025-09-17T10:50:50+00:00","description":"Chaque ann\u00e9e en Suisse, quelque 23 000 apprentis sont victimes d'un accident au travail - trois d'entre eux ont m\u00eame une issue fatale. Avec sa campagne \"Apprentissage en s\u00e9curit\u00e9\", la Suva s'engage pour que les jeunes professionnels commencent leur vie professionnelle en toute s\u00e9curit\u00e9.\u00a0","breadcrumb":{"@id":"https:\/\/news.save.ch\/sichere-lehrzeit-live-suva-an-den-swissskills-2025\/#breadcrumb"},"inLanguage":"fr-FR","potentialAction":[{"@type":"ReadAction","target":["https:\/\/news.save.ch\/sichere-lehrzeit-live-suva-an-den-swissskills-2025\/"]}]},{"@type":"ImageObject","inLanguage":"fr-FR","@id":"https:\/\/news.save.ch\/sichere-lehrzeit-live-suva-an-den-swissskills-2025\/#primaryimage","url":"https:\/\/news.save.ch\/wp-content\/uploads\/2025\/09\/VA20540-scaled.jpg","contentUrl":"https:\/\/news.save.ch\/wp-content\/uploads\/2025\/09\/VA20540-scaled.jpg","width":1200,"height":800,"caption":"Bootbauer\/-in EFZ - 17.09.2025, Bern \u00a9 SwissSkills \/ Valerie Chetelat"},{"@type":"BreadcrumbList","@id":"https:\/\/news.save.ch\/sichere-lehrzeit-live-suva-an-den-swissskills-2025\/#breadcrumb","itemListElement":[{"@type":"ListItem","position":1,"name":"Home","item":"https:\/\/news.save.ch\/de\/"},{"@type":"ListItem","position":2,"name":"\u00abSichere Lehrzeit\u00bb live \u2013 Suva an den SwissSkills 2025"}]},{"@type":"WebSite","@id":"https:\/\/news.save.ch\/de\/#website","url":"https:\/\/news.save.ch\/de\/","name":"Save","description":"Revue suisse sp\u00e9cialis\u00e9e dans la s\u00e9curit\u00e9","publisher":{"@id":"https:\/\/news.save.ch\/de\/#organization"},"potentialAction":[{"@type":"SearchAction","target":{"@type":"EntryPoint","urlTemplate":"https:\/\/news.save.ch\/de\/?s={search_term_string}"},"query-input":{"@type":"PropertyValueSpecification","valueRequired":true,"valueName":"search_term_string"}}],"inLanguage":"fr-FR"},{"@type":"Organization","@id":"https:\/\/news.save.ch\/de\/#organization","name":"Forum sur la s\u00e9curit\u00e9","url":"https:\/\/news.save.ch\/de\/","logo":{"@type":"ImageObject","inLanguage":"fr-FR","@id":"https:\/\/news.save.ch\/de\/#\/schema\/logo\/image\/","url":"https:\/\/news.save.ch\/wp-content\/uploads\/2022\/06\/Logo_SF_2012.png","contentUrl":"https:\/\/news.save.ch\/wp-content\/uploads\/2022\/06\/Logo_SF_2012.png","width":1100,"height":91,"caption":"Sicherheitsforum"},"image":{"@id":"https:\/\/news.save.ch\/de\/#\/schema\/logo\/image\/"}},{"@type":"Person","@id":"https:\/\/news.save.ch\/de\/#\/schema\/person\/10917387362b3961e882740f6cf6f2a2","name":"stefanie Zeng","image":{"@type":"ImageObject","inLanguage":"fr-FR","@id":"https:\/\/secure.gravatar.com\/avatar\/eac43faa6e40bb2c41068c95c9d78bbd94c476d5efdff7abaab80bb3ea681e06?s=96&d=mm&r=g","url":"https:\/\/secure.gravatar.com\/avatar\/eac43faa6e40bb2c41068c95c9d78bbd94c476d5efdff7abaab80bb3ea681e06?s=96&d=mm&r=g","contentUrl":"https:\/\/secure.gravatar.com\/avatar\/eac43faa6e40bb2c41068c95c9d78bbd94c476d5efdff7abaab80bb3ea681e06?s=96&d=mm&r=g","caption":"stefanie Zeng"},"url":"https:\/\/news.save.ch\/fr\/author\/stefanie-zeng\/"}]}},"_links":{"self":[{"href":"https:\/\/news.save.ch\/fr\/wp-json\/wp\/v2\/posts\/24546","targetHints":{"allow":["GET"]}}],"collection":[{"href":"https:\/\/news.save.ch\/fr\/wp-json\/wp\/v2\/posts"}],"about":[{"href":"https:\/\/news.save.ch\/fr\/wp-json\/wp\/v2\/types\/post"}],"author":[{"embeddable":true,"href":"https:\/\/news.save.ch\/fr\/wp-json\/wp\/v2\/users\/31"}],"replies":[{"embeddable":true,"href":"https:\/\/news.save.ch\/fr\/wp-json\/wp\/v2\/comments?post=24546"}],"version-history":[{"count":3,"href":"https:\/\/news.save.ch\/fr\/wp-json\/wp\/v2\/posts\/24546\/revisions"}],"predecessor-version":[{"id":24550,"href":"https:\/\/news.save.ch\/fr\/wp-json\/wp\/v2\/posts\/24546\/revisions\/24550"}],"wp:featuredmedia":[{"embeddable":true,"href":"https:\/\/news.save.ch\/fr\/wp-json\/wp\/v2\/media\/24547"}],"wp:attachment":[{"href":"https:\/\/news.save.ch\/fr\/wp-json\/wp\/v2\/media?parent=24546"}],"wp:term":[{"taxonomy":"category","embeddable":true,"href":"https:\/\/news.save.ch\/fr\/wp-json\/wp\/v2\/categories?post=24546"},{"taxonomy":"post_tag","embeddable":true,"href":"https:\/\/news.save.ch\/fr\/wp-json\/wp\/v2\/tags?post=24546"}],"curies":[{"name":"wp","href":"https:\/\/api.w.org\/{rel}","templated":true}]}}