{"id":24583,"date":"2025-09-16T13:00:21","date_gmt":"2025-09-16T11:00:21","guid":{"rendered":"https:\/\/news.save.ch\/?p=24583"},"modified":"2025-10-01T13:03:23","modified_gmt":"2025-10-01T11:03:23","slug":"sepsis-eine-unterschaetzte-gefahr-fuer-gesundheit-und-leben-3","status":null,"type":"post","link":"https:\/\/news.save.ch\/fr\/sepsis-eine-unterschaetzte-gefahr-fuer-gesundheit-und-leben-3\/","title":{"rendered":"Septic\u00e9mie - un danger sous-estim\u00e9 pour la sant\u00e9 et la vie"},"content":{"rendered":"<figure id=\"attachment_24567\" aria-describedby=\"caption-attachment-24567\" style=\"width: 1000px\" class=\"wp-caption alignnone\"><a href=\"https:\/\/news.save.ch\/fr\/sepsis-eine-unterschaetzte-gefahr-fuer-gesundheit-und-leben\/depositphotos_33848041_s\/\" rel=\"attachment wp-att-24567\"><img loading=\"lazy\" decoding=\"async\" class=\"size-full wp-image-24567\" src=\"https:\/\/news.save.ch\/wp-content\/uploads\/2025\/09\/Depositphotos_33848041_S.jpg\" alt=\"\" width=\"1000\" height=\"667\" srcset=\"https:\/\/news.save.ch\/wp-content\/uploads\/2025\/09\/Depositphotos_33848041_S.jpg 1000w, https:\/\/news.save.ch\/wp-content\/uploads\/2025\/09\/Depositphotos_33848041_S-680x454.jpg 680w, https:\/\/news.save.ch\/wp-content\/uploads\/2025\/09\/Depositphotos_33848041_S-768x512.jpg 768w, https:\/\/news.save.ch\/wp-content\/uploads\/2025\/09\/Depositphotos_33848041_S-18x12.jpg 18w, https:\/\/news.save.ch\/wp-content\/uploads\/2025\/09\/Depositphotos_33848041_S-375x250.jpg 375w, https:\/\/news.save.ch\/wp-content\/uploads\/2025\/09\/Depositphotos_33848041_S-525x350.jpg 525w\" sizes=\"auto, (max-width: 1000px) 100vw, 1000px\" \/><\/a><figcaption id=\"caption-attachment-24567\" class=\"wp-caption-text\">Photo : Depositphotos\/Londondeposit<\/figcaption><\/figure>\n<p id=\"doc-1j4rpeeaa0\" class=\"font--regular\">Le Programme suisse de septic\u00e9mie (Swiss Sepsis Program SSP) publie, \u00e0 l'occasion de la Journ\u00e9e mondiale de la septic\u00e9mie du 13 septembre 2025, un rapport sur le nombre de cas de septic\u00e9mie en Suisse et sur les co\u00fbts correspondants pour le syst\u00e8me de sant\u00e9 et la soci\u00e9t\u00e9. \u00c0 l'aide des donn\u00e9es de la statistique m\u00e9dicale des h\u00f4pitaux de l'Office f\u00e9d\u00e9ral de la statistique (OFS), le rapport analyse le nombre de cas de septic\u00e9mie et la charge de morbidit\u00e9 qui en r\u00e9sulte ainsi que les co\u00fbts directs de la sant\u00e9 en Suisse. Des sp\u00e9cialistes de l'H\u00f4pital p\u00e9diatrique universitaire de Zurich ont r\u00e9alis\u00e9 cette analyse en collaboration avec des chercheurs d'Unisant\u00e9 Lausanne et de l'Universit\u00e9 de B\u00e2le.<\/p>\n<p id=\"doc-1j4rpf1ij0\" class=\"font--regular\">Les chercheurs ont analys\u00e9 les donn\u00e9es de sant\u00e9 suisses pour les ann\u00e9es 2019 \u00e0 2023. Il en ressort qu'au cours de cette p\u00e9riode, une septic\u00e9mie a \u00e9t\u00e9 cod\u00e9e lors d'un peu plus de 20 000 hospitalisations annuelles. Tous les groupes d'\u00e2ge sont concern\u00e9s, mais surtout les nourrissons et les personnes \u00e2g\u00e9es. La septic\u00e9mie est une r\u00e9action incontr\u00f4l\u00e9e de l'organisme \u00e0 une infection, qui met la vie en danger et peut entra\u00eener une d\u00e9faillance des organes, un choc et m\u00eame la mort. Les chiffres n'ont pas diminu\u00e9 ces derni\u00e8res ann\u00e9es. On peut en outre l\u00e9gitimement supposer que tous les cas de septic\u00e9mie ne sont pas identifi\u00e9s et recens\u00e9s et que toutes les personnes atteintes de septic\u00e9mie ne sont pas trait\u00e9es \u00e0 l'h\u00f4pital. Comme ces cas ne sont pas pris en compte dans les statistiques, les auteurs de l'\u00e9tude supposent que la charge de morbidit\u00e9 est encore nettement plus \u00e9lev\u00e9e en Suisse.<\/p>\n<p id=\"doc-1j4rpf1ik0\" class=\"font--regular\">\"Le danger de la septic\u00e9mie est encore sous-estim\u00e9\", explique le Dr Nora L\u00fcthi, PD, premier auteur du rapport. Avec le professeur Luregn Schlapbach, sp\u00e9cialiste en m\u00e9decine intensive \u00e0 l'H\u00f4pital p\u00e9diatrique universitaire de Zurich, elle dirige le programme Swiss Sepsis.<\/p>\n<h3 id=\"doc-1j4rpf8gg0\" class=\"h2\">Pr\u00e8s de vingt pour cent des patients d\u00e9c\u00e8dent \u00e0 l'h\u00f4pital<\/h3>\n<p id=\"doc-1j4rpfjuo0\" class=\"font--regular\">L'analyse montre que sur les 20 000 cas hospitalis\u00e9s, pr\u00e8s de 20 pour cent - soit environ 4 000 patients - d\u00e9c\u00e8dent \u00e0 l'h\u00f4pital. Toutefois, avec l'\u00e2ge et dans les cas de choc septique, la mortalit\u00e9 est bien plus \u00e9lev\u00e9e. Malgr\u00e9 des soins avanc\u00e9s, le nombre de d\u00e9c\u00e8s reste largement inchang\u00e9 ces derni\u00e8res ann\u00e9es. A titre de comparaison, les infarctus du myocarde entra\u00eenent chaque ann\u00e9e environ 19 000 hospitalisations et les accidents vasculaires c\u00e9r\u00e9braux 22 000 hospitalisations et environ 2 500 d\u00e9c\u00e8s.<\/p>\n<p>&nbsp;<\/p>\n<div class=\"greybox\">\n<h2 id=\"doc-1j4rpjltr0\" class=\"h2\">Qu'est-ce que la septic\u00e9mie ?<\/h2>\n<p id=\"doc-1j4rpk0ck0\" class=\"font--regular\">La septic\u00e9mie est une r\u00e9action de l'organisme \u00e0 une infection qui met la vie en danger. Elle peut entra\u00eener un choc, de graves l\u00e9sions des tissus et des organes, voire la mort. Cela est particuli\u00e8rement vrai si elle n'est pas d\u00e9tect\u00e9e et trait\u00e9e \u00e0 temps. La septic\u00e9mie touche tous les groupes d'\u00e2ge. Plus de deux tiers des cas surviennent chez des personnes \u00e2g\u00e9es. La septic\u00e9mie est nettement moins fr\u00e9quente chez les enfants (environ 600 cas par an), la majorit\u00e9 des cas concernant des enfants de moins de cinq ans et des nouveau-n\u00e9s.<\/p>\n<\/div>\n<p id=\"doc-1j4rpfr1k0\" class=\"font--regular\">M\u00eame apr\u00e8s l'hospitalisation, la mortalit\u00e9 due \u00e0 une septic\u00e9mie reste \u00e9lev\u00e9e. Parmi les patients \u00e2g\u00e9s atteints de septic\u00e9mie, pr\u00e8s d'un tiers des personnes sont d\u00e9c\u00e9d\u00e9es dans l'ann\u00e9e suivant leur admission \u00e0 l'h\u00f4pital.<\/p>\n<h3 id=\"doc-1j4rpfvds0\" class=\"h2\">Co\u00fbts de plus d'un milliard de francs par an<\/h3>\n<p id=\"doc-1j4rpgdst0\" class=\"font--regular\">La septic\u00e9mie pose de grands d\u00e9fis au syst\u00e8me de sant\u00e9 suisse. Environ 40 pour cent des cas hospitaliers avec un diagnostic de septic\u00e9mie sont trait\u00e9s dans une unit\u00e9 de soins intensifs. Selon le rapport, le co\u00fbt moyen d'un cas de septic\u00e9mie est d'environ 50'000 francs suisses. Avec 20 000 cas de septic\u00e9mie par an, les co\u00fbts hospitaliers directs s'\u00e9l\u00e8vent donc \u00e0 1 milliard de francs par an dans toute la Suisse. Si l'on extrapole les co\u00fbts de r\u00e9\u00e9ducation, de suivi et de traitement des complications \u00e0 long terme sur les trois ann\u00e9es suivantes, on estime que les co\u00fbts directs en Suisse devraient doubler, soit 2 milliards de francs par an. De plus, des co\u00fbts indirects sont g\u00e9n\u00e9r\u00e9s par les s\u00e9quelles physiques et psychiques des personnes concern\u00e9es et de leurs proches, qui peuvent durer des ann\u00e9es et entra\u00eener parfois la perte du travail, et qui ne sont pas repr\u00e9sent\u00e9s ici.<\/p>\n<p id=\"doc-1j4rpgmq10\" class=\"font--regular\">\"Les calculs d\u00e9montrent clairement que la septic\u00e9mie constitue une menace majeure et qu'elle entra\u00eene des co\u00fbts \u00e9normes pour notre soci\u00e9t\u00e9\", explique Luregn Schlapbach. \"Dans le syst\u00e8me de sant\u00e9, il est donc urgent d'accorder une plus grande priorit\u00e9 \u00e0 la d\u00e9tection, au traitement et au suivi de la septic\u00e9mie\", ajoute-t-il.<\/p>\n<p id=\"doc-1j4rpgmq30\" class=\"font--regular\">Le programme suisse de septic\u00e9mie doit apporter une contribution importante \u00e0 cet \u00e9gard au cours des prochaines ann\u00e9es. Les \u00e9quipes hospitali\u00e8res responsables veulent am\u00e9liorer la situation par une campagne de sensibilisation, la d\u00e9finition de standards cliniques, des modules de formation, un registre de la septic\u00e9mie et la cr\u00e9ation d'un groupe de personnes concern\u00e9es. Le programme est plac\u00e9 sous la responsabilit\u00e9 des h\u00f4pitaux universitaires CHUV (Lausanne), Insel (Berne) et Kinderspital (Zurich) et financ\u00e9 par la Commission f\u00e9d\u00e9rale de la qualit\u00e9 (CQE) pour le secteur de la sant\u00e9. L'accent est mis sur le d\u00e9pistage pr\u00e9coce, le traitement et le suivi de la septic\u00e9mie. \"Ce qui manque encore en Suisse, c'est une coordination nationale de la recherche sur le sepsis, afin que les r\u00e9sultats de la recherche puissent avoir plus rapidement un impact sur le traitement des patients\", ajoute Schlapbach.<\/p>\n<div class=\"greybox\">\n<h3 id=\"doc-1j4rpke0m0\" class=\"h2\">Le programme suisse de septic\u00e9mie (Swiss Sepsis Program)<\/h3>\n<p id=\"doc-1j4rpl2ci0\" class=\"font--regular\">Le programme suisse de septic\u00e9mie (Swiss Sepsis Program SSP) est plac\u00e9 sous la responsabilit\u00e9 conjointe de l'h\u00f4pital p\u00e9diatrique universitaire de Zurich, de l'h\u00f4pital de l'\u00cele de Berne et du Centre hospitalier universitaire vaudois Lausanne (CHUV). Le programme a \u00e9t\u00e9 lanc\u00e9 dans le cadre du Swiss Sepsis National Action Plan 2023, a d\u00e9but\u00e9 en 2024 et se poursuivra jusqu'en d\u00e9cembre 2028. Il est financ\u00e9 par la Commission f\u00e9d\u00e9rale pour la qualit\u00e9 (CQE).<\/p>\n<p id=\"doc-1j4rpl4eb0\" class=\"font--regular\">informations :\u00a0<a class=\"link--external\" href=\"http:\/\/www.sepsis.ch\/\" target=\"_blank\" rel=\"external noopener\" aria-label=\"www.sepsis.ch Ouvrir le lien dans un nouvel onglet\">www.sepsis.ch<\/a><\/p>\n<\/div>\n<p id=\"doc-1j4rplk2u0\" class=\"font--regular\"><em>Source : OFSP<\/em><\/p>","protected":false},"excerpt":{"rendered":"<p>Das Schweizer Sepsis-Programm (Swiss Sepsis Program SSP) ver\u00f6ffentlicht zum Welt-Sepsis-Tag vom 13. September 2025 einen Bericht \u00fcber die Zahl der Sepsis-F\u00e4lle in der Schweiz und \u00fcber die entsprechenden Kosten f\u00fcr Gesundheitssystem und Gesellschaft. Anhand von Daten der Medizinischen Statistik der Krankenh\u00e4user des Bundesamts f\u00fcr Statistik (BfS) analysiert der Bericht die Zahl der Sepsis-F\u00e4lle und die [&hellip;]<\/p>\n","protected":false},"author":31,"featured_media":0,"comment_status":"closed","ping_status":"closed","sticky":false,"template":"","format":"standard","meta":{"_acf_changed":false,"pgc_sgb_lightbox_settings":"","footnotes":""},"categories":[3314],"tags":[2163,6614,2970,6615],"class_list":["post-24583","post","type-post","status-publish","format-standard","hentry","category-health-safety","tag-gesundheitsdaten","tag-sepsis","tag-spitalinfektionen","tag-swiss-sepsis-program"],"acf":[],"hkrextid":null,"publication":null,"issue":null,"workflow":null,"startPage":null,"spitzmarke":null,"_posts_by_tag_page_fields":null,"_at_widget":null,"_yoast_wpseo_primary_category":"3314","_yoast_wpseo_focuskw_text_input":null,"_yoast_wpseo_opengraph-image":null,"_yoast_wpseo_opengraph-description":null,"_yoast_wpseo_opengraph-title":null,"enclosure":null,"_yoast_wpseo_twitter-title":null,"_yoast_wpseo_twitter-description":null,"_yoast_wpseo_twitter-image":null,"_wp_old_slug":null,"_yoast_wpseo_title":null,"_yoast_wpseo_canonical":null,"yoast_head":"<!-- This site is optimized with the Yoast SEO plugin v27.4 - https:\/\/yoast.com\/product\/yoast-seo-wordpress\/ -->\n<title>Sepsis \u2013 eine untersch\u00e4tzte Gefahr f\u00fcr Gesundheit und Leben - Save<\/title>\n<meta name=\"description\" content=\"In der Schweiz erkranken j\u00e4hrlich \u00fcber 20&#039;000 Menschen im Spital an Sepsis, rund 4&#039;000 sterben daran. Ein neuer Bericht des nationalen Sepsis-Programms zeigt die Dringlichkeit.\" \/>\n<meta name=\"robots\" content=\"index, follow, max-snippet:-1, max-image-preview:large, max-video-preview:-1\" \/>\n<link rel=\"canonical\" href=\"https:\/\/news.save.ch\/fr\/sepsis-eine-unterschaetzte-gefahr-fuer-gesundheit-und-leben-3\/\" \/>\n<meta property=\"og:locale\" content=\"fr_FR\" \/>\n<meta property=\"og:type\" content=\"article\" \/>\n<meta property=\"og:title\" content=\"Sepsis \u2013 eine untersch\u00e4tzte Gefahr f\u00fcr Gesundheit und Leben - Save\" \/>\n<meta property=\"og:description\" content=\"In der Schweiz erkranken j\u00e4hrlich \u00fcber 20&#039;000 Menschen im Spital an Sepsis, rund 4&#039;000 sterben daran. Ein neuer Bericht des nationalen Sepsis-Programms zeigt die Dringlichkeit.\" \/>\n<meta property=\"og:url\" content=\"https:\/\/news.save.ch\/fr\/sepsis-eine-unterschaetzte-gefahr-fuer-gesundheit-und-leben-3\/\" \/>\n<meta property=\"og:site_name\" content=\"Save\" \/>\n<meta property=\"article:published_time\" content=\"2025-09-16T11:00:21+00:00\" \/>\n<meta property=\"article:modified_time\" content=\"2025-10-01T11:03:23+00:00\" \/>\n<meta property=\"og:image\" content=\"https:\/\/news.save.ch\/wp-content\/uploads\/2025\/09\/Depositphotos_33848041_S.jpg\" \/>\n\t<meta property=\"og:image:width\" content=\"1000\" \/>\n\t<meta property=\"og:image:height\" content=\"667\" \/>\n\t<meta property=\"og:image:type\" content=\"image\/jpeg\" \/>\n<meta name=\"author\" content=\"stefanie Zeng\" \/>\n<meta name=\"twitter:card\" content=\"summary_large_image\" \/>\n<meta name=\"twitter:label1\" content=\"\u00c9crit par\" \/>\n\t<meta name=\"twitter:data1\" content=\"stefanie Zeng\" \/>\n\t<meta name=\"twitter:label2\" content=\"Dur\u00e9e de lecture estim\u00e9e\" \/>\n\t<meta name=\"twitter:data2\" content=\"5 minutes\" \/>\n<script type=\"application\/ld+json\" class=\"yoast-schema-graph\">{\"@context\":\"https:\\\/\\\/schema.org\",\"@graph\":[{\"@type\":\"Article\",\"@id\":\"https:\\\/\\\/news.save.ch\\\/sepsis-eine-unterschaetzte-gefahr-fuer-gesundheit-und-leben-3\\\/#article\",\"isPartOf\":{\"@id\":\"https:\\\/\\\/news.save.ch\\\/sepsis-eine-unterschaetzte-gefahr-fuer-gesundheit-und-leben-3\\\/\"},\"author\":{\"name\":\"stefanie Zeng\",\"@id\":\"https:\\\/\\\/news.save.ch\\\/de\\\/#\\\/schema\\\/person\\\/10917387362b3961e882740f6cf6f2a2\"},\"headline\":\"Sepsis \u2013 eine untersch\u00e4tzte Gefahr f\u00fcr Gesundheit und Leben\",\"datePublished\":\"2025-09-16T11:00:21+00:00\",\"dateModified\":\"2025-10-01T11:03:23+00:00\",\"mainEntityOfPage\":{\"@id\":\"https:\\\/\\\/news.save.ch\\\/sepsis-eine-unterschaetzte-gefahr-fuer-gesundheit-und-leben-3\\\/\"},\"wordCount\":832,\"publisher\":{\"@id\":\"https:\\\/\\\/news.save.ch\\\/de\\\/#organization\"},\"image\":{\"@id\":\"https:\\\/\\\/news.save.ch\\\/sepsis-eine-unterschaetzte-gefahr-fuer-gesundheit-und-leben-3\\\/#primaryimage\"},\"thumbnailUrl\":\"https:\\\/\\\/news.save.ch\\\/wp-content\\\/uploads\\\/2025\\\/09\\\/Depositphotos_33848041_S.jpg\",\"keywords\":[\"Gesundheitsdaten\",\"Sepsis\",\"Spitalinfektionen\",\"Swiss Sepsis Program\"],\"articleSection\":[\"HEALTH &amp; SAFETY\"],\"inLanguage\":\"fr-FR\"},{\"@type\":\"WebPage\",\"@id\":\"https:\\\/\\\/news.save.ch\\\/sepsis-eine-unterschaetzte-gefahr-fuer-gesundheit-und-leben-3\\\/\",\"url\":\"https:\\\/\\\/news.save.ch\\\/sepsis-eine-unterschaetzte-gefahr-fuer-gesundheit-und-leben-3\\\/\",\"name\":\"Sepsis \u2013 eine untersch\u00e4tzte Gefahr f\u00fcr Gesundheit und Leben - Save\",\"isPartOf\":{\"@id\":\"https:\\\/\\\/news.save.ch\\\/de\\\/#website\"},\"primaryImageOfPage\":{\"@id\":\"https:\\\/\\\/news.save.ch\\\/sepsis-eine-unterschaetzte-gefahr-fuer-gesundheit-und-leben-3\\\/#primaryimage\"},\"image\":{\"@id\":\"https:\\\/\\\/news.save.ch\\\/sepsis-eine-unterschaetzte-gefahr-fuer-gesundheit-und-leben-3\\\/#primaryimage\"},\"thumbnailUrl\":\"https:\\\/\\\/news.save.ch\\\/wp-content\\\/uploads\\\/2025\\\/09\\\/Depositphotos_33848041_S.jpg\",\"datePublished\":\"2025-09-16T11:00:21+00:00\",\"dateModified\":\"2025-10-01T11:03:23+00:00\",\"description\":\"In der Schweiz erkranken j\u00e4hrlich \u00fcber 20'000 Menschen im Spital an Sepsis, rund 4'000 sterben daran. Ein neuer Bericht des nationalen Sepsis-Programms zeigt die Dringlichkeit.\",\"breadcrumb\":{\"@id\":\"https:\\\/\\\/news.save.ch\\\/sepsis-eine-unterschaetzte-gefahr-fuer-gesundheit-und-leben-3\\\/#breadcrumb\"},\"inLanguage\":\"fr-FR\",\"potentialAction\":[{\"@type\":\"ReadAction\",\"target\":[\"https:\\\/\\\/news.save.ch\\\/sepsis-eine-unterschaetzte-gefahr-fuer-gesundheit-und-leben-3\\\/\"]}]},{\"@type\":\"ImageObject\",\"inLanguage\":\"fr-FR\",\"@id\":\"https:\\\/\\\/news.save.ch\\\/sepsis-eine-unterschaetzte-gefahr-fuer-gesundheit-und-leben-3\\\/#primaryimage\",\"url\":\"https:\\\/\\\/news.save.ch\\\/wp-content\\\/uploads\\\/2025\\\/09\\\/Depositphotos_33848041_S.jpg\",\"contentUrl\":\"https:\\\/\\\/news.save.ch\\\/wp-content\\\/uploads\\\/2025\\\/09\\\/Depositphotos_33848041_S.jpg\"},{\"@type\":\"BreadcrumbList\",\"@id\":\"https:\\\/\\\/news.save.ch\\\/sepsis-eine-unterschaetzte-gefahr-fuer-gesundheit-und-leben-3\\\/#breadcrumb\",\"itemListElement\":[{\"@type\":\"ListItem\",\"position\":1,\"name\":\"Home\",\"item\":\"https:\\\/\\\/news.save.ch\\\/de\\\/\"},{\"@type\":\"ListItem\",\"position\":2,\"name\":\"Sepsis \u2013 eine untersch\u00e4tzte Gefahr f\u00fcr Gesundheit und Leben\"}]},{\"@type\":\"WebSite\",\"@id\":\"https:\\\/\\\/news.save.ch\\\/de\\\/#website\",\"url\":\"https:\\\/\\\/news.save.ch\\\/de\\\/\",\"name\":\"Save\",\"description\":\"Schweizer Fachzeitschrift f\u00fcr Sicherheit\",\"publisher\":{\"@id\":\"https:\\\/\\\/news.save.ch\\\/de\\\/#organization\"},\"potentialAction\":[{\"@type\":\"SearchAction\",\"target\":{\"@type\":\"EntryPoint\",\"urlTemplate\":\"https:\\\/\\\/news.save.ch\\\/de\\\/?s={search_term_string}\"},\"query-input\":{\"@type\":\"PropertyValueSpecification\",\"valueRequired\":true,\"valueName\":\"search_term_string\"}}],\"inLanguage\":\"fr-FR\"},{\"@type\":\"Organization\",\"@id\":\"https:\\\/\\\/news.save.ch\\\/de\\\/#organization\",\"name\":\"Sicherheitsforum\",\"url\":\"https:\\\/\\\/news.save.ch\\\/de\\\/\",\"logo\":{\"@type\":\"ImageObject\",\"inLanguage\":\"fr-FR\",\"@id\":\"https:\\\/\\\/news.save.ch\\\/de\\\/#\\\/schema\\\/logo\\\/image\\\/\",\"url\":\"https:\\\/\\\/news.save.ch\\\/wp-content\\\/uploads\\\/2022\\\/06\\\/Logo_SF_2012.png\",\"contentUrl\":\"https:\\\/\\\/news.save.ch\\\/wp-content\\\/uploads\\\/2022\\\/06\\\/Logo_SF_2012.png\",\"width\":1100,\"height\":91,\"caption\":\"Sicherheitsforum\"},\"image\":{\"@id\":\"https:\\\/\\\/news.save.ch\\\/de\\\/#\\\/schema\\\/logo\\\/image\\\/\"}},{\"@type\":\"Person\",\"@id\":\"https:\\\/\\\/news.save.ch\\\/de\\\/#\\\/schema\\\/person\\\/10917387362b3961e882740f6cf6f2a2\",\"name\":\"stefanie Zeng\",\"image\":{\"@type\":\"ImageObject\",\"inLanguage\":\"fr-FR\",\"@id\":\"https:\\\/\\\/secure.gravatar.com\\\/avatar\\\/eac43faa6e40bb2c41068c95c9d78bbd94c476d5efdff7abaab80bb3ea681e06?s=96&d=mm&r=g\",\"url\":\"https:\\\/\\\/secure.gravatar.com\\\/avatar\\\/eac43faa6e40bb2c41068c95c9d78bbd94c476d5efdff7abaab80bb3ea681e06?s=96&d=mm&r=g\",\"contentUrl\":\"https:\\\/\\\/secure.gravatar.com\\\/avatar\\\/eac43faa6e40bb2c41068c95c9d78bbd94c476d5efdff7abaab80bb3ea681e06?s=96&d=mm&r=g\",\"caption\":\"stefanie Zeng\"},\"url\":\"https:\\\/\\\/news.save.ch\\\/fr\\\/author\\\/stefanie-zeng\\\/\"}]}<\/script>\n<!-- \/ Yoast SEO plugin. -->","yoast_head_json":{"title":"Septic\u00e9mie - un danger sous-estim\u00e9 pour la sant\u00e9 et la vie - Save","description":"En Suisse, plus de 20 000 personnes sont atteintes chaque ann\u00e9e de septic\u00e9mie \u00e0 l'h\u00f4pital et environ 4 000 en meurent. Un nouveau rapport du programme national de lutte contre la septic\u00e9mie montre l'urgence de la situation.","robots":{"index":"index","follow":"follow","max-snippet":"max-snippet:-1","max-image-preview":"max-image-preview:large","max-video-preview":"max-video-preview:-1"},"canonical":"https:\/\/news.save.ch\/fr\/sepsis-eine-unterschaetzte-gefahr-fuer-gesundheit-und-leben-3\/","og_locale":"fr_FR","og_type":"article","og_title":"Sepsis \u2013 eine untersch\u00e4tzte Gefahr f\u00fcr Gesundheit und Leben - Save","og_description":"In der Schweiz erkranken j\u00e4hrlich \u00fcber 20'000 Menschen im Spital an Sepsis, rund 4'000 sterben daran. Ein neuer Bericht des nationalen Sepsis-Programms zeigt die Dringlichkeit.","og_url":"https:\/\/news.save.ch\/fr\/sepsis-eine-unterschaetzte-gefahr-fuer-gesundheit-und-leben-3\/","og_site_name":"Save","article_published_time":"2025-09-16T11:00:21+00:00","article_modified_time":"2025-10-01T11:03:23+00:00","og_image":[{"width":1000,"height":667,"url":"https:\/\/news.save.ch\/wp-content\/uploads\/2025\/09\/Depositphotos_33848041_S.jpg","type":"image\/jpeg"}],"author":"stefanie Zeng","twitter_card":"summary_large_image","twitter_misc":{"\u00c9crit par":"stefanie Zeng","Dur\u00e9e de lecture estim\u00e9e":"5 minutes"},"schema":{"@context":"https:\/\/schema.org","@graph":[{"@type":"Article","@id":"https:\/\/news.save.ch\/sepsis-eine-unterschaetzte-gefahr-fuer-gesundheit-und-leben-3\/#article","isPartOf":{"@id":"https:\/\/news.save.ch\/sepsis-eine-unterschaetzte-gefahr-fuer-gesundheit-und-leben-3\/"},"author":{"name":"stefanie Zeng","@id":"https:\/\/news.save.ch\/de\/#\/schema\/person\/10917387362b3961e882740f6cf6f2a2"},"headline":"Sepsis \u2013 eine untersch\u00e4tzte Gefahr f\u00fcr Gesundheit und Leben","datePublished":"2025-09-16T11:00:21+00:00","dateModified":"2025-10-01T11:03:23+00:00","mainEntityOfPage":{"@id":"https:\/\/news.save.ch\/sepsis-eine-unterschaetzte-gefahr-fuer-gesundheit-und-leben-3\/"},"wordCount":832,"publisher":{"@id":"https:\/\/news.save.ch\/de\/#organization"},"image":{"@id":"https:\/\/news.save.ch\/sepsis-eine-unterschaetzte-gefahr-fuer-gesundheit-und-leben-3\/#primaryimage"},"thumbnailUrl":"https:\/\/news.save.ch\/wp-content\/uploads\/2025\/09\/Depositphotos_33848041_S.jpg","keywords":["Gesundheitsdaten","Sepsis","Spitalinfektionen","Swiss Sepsis Program"],"articleSection":["HEALTH &amp; SAFETY"],"inLanguage":"fr-FR"},{"@type":"WebPage","@id":"https:\/\/news.save.ch\/sepsis-eine-unterschaetzte-gefahr-fuer-gesundheit-und-leben-3\/","url":"https:\/\/news.save.ch\/sepsis-eine-unterschaetzte-gefahr-fuer-gesundheit-und-leben-3\/","name":"Septic\u00e9mie - un danger sous-estim\u00e9 pour la sant\u00e9 et la vie - Save","isPartOf":{"@id":"https:\/\/news.save.ch\/de\/#website"},"primaryImageOfPage":{"@id":"https:\/\/news.save.ch\/sepsis-eine-unterschaetzte-gefahr-fuer-gesundheit-und-leben-3\/#primaryimage"},"image":{"@id":"https:\/\/news.save.ch\/sepsis-eine-unterschaetzte-gefahr-fuer-gesundheit-und-leben-3\/#primaryimage"},"thumbnailUrl":"https:\/\/news.save.ch\/wp-content\/uploads\/2025\/09\/Depositphotos_33848041_S.jpg","datePublished":"2025-09-16T11:00:21+00:00","dateModified":"2025-10-01T11:03:23+00:00","description":"En Suisse, plus de 20 000 personnes sont atteintes chaque ann\u00e9e de septic\u00e9mie \u00e0 l'h\u00f4pital et environ 4 000 en meurent. Un nouveau rapport du programme national de lutte contre la septic\u00e9mie montre l'urgence de la situation.","breadcrumb":{"@id":"https:\/\/news.save.ch\/sepsis-eine-unterschaetzte-gefahr-fuer-gesundheit-und-leben-3\/#breadcrumb"},"inLanguage":"fr-FR","potentialAction":[{"@type":"ReadAction","target":["https:\/\/news.save.ch\/sepsis-eine-unterschaetzte-gefahr-fuer-gesundheit-und-leben-3\/"]}]},{"@type":"ImageObject","inLanguage":"fr-FR","@id":"https:\/\/news.save.ch\/sepsis-eine-unterschaetzte-gefahr-fuer-gesundheit-und-leben-3\/#primaryimage","url":"https:\/\/news.save.ch\/wp-content\/uploads\/2025\/09\/Depositphotos_33848041_S.jpg","contentUrl":"https:\/\/news.save.ch\/wp-content\/uploads\/2025\/09\/Depositphotos_33848041_S.jpg"},{"@type":"BreadcrumbList","@id":"https:\/\/news.save.ch\/sepsis-eine-unterschaetzte-gefahr-fuer-gesundheit-und-leben-3\/#breadcrumb","itemListElement":[{"@type":"ListItem","position":1,"name":"Home","item":"https:\/\/news.save.ch\/de\/"},{"@type":"ListItem","position":2,"name":"Sepsis \u2013 eine untersch\u00e4tzte Gefahr f\u00fcr Gesundheit und Leben"}]},{"@type":"WebSite","@id":"https:\/\/news.save.ch\/de\/#website","url":"https:\/\/news.save.ch\/de\/","name":"Save","description":"Revue suisse sp\u00e9cialis\u00e9e dans la s\u00e9curit\u00e9","publisher":{"@id":"https:\/\/news.save.ch\/de\/#organization"},"potentialAction":[{"@type":"SearchAction","target":{"@type":"EntryPoint","urlTemplate":"https:\/\/news.save.ch\/de\/?s={search_term_string}"},"query-input":{"@type":"PropertyValueSpecification","valueRequired":true,"valueName":"search_term_string"}}],"inLanguage":"fr-FR"},{"@type":"Organization","@id":"https:\/\/news.save.ch\/de\/#organization","name":"Forum sur la s\u00e9curit\u00e9","url":"https:\/\/news.save.ch\/de\/","logo":{"@type":"ImageObject","inLanguage":"fr-FR","@id":"https:\/\/news.save.ch\/de\/#\/schema\/logo\/image\/","url":"https:\/\/news.save.ch\/wp-content\/uploads\/2022\/06\/Logo_SF_2012.png","contentUrl":"https:\/\/news.save.ch\/wp-content\/uploads\/2022\/06\/Logo_SF_2012.png","width":1100,"height":91,"caption":"Sicherheitsforum"},"image":{"@id":"https:\/\/news.save.ch\/de\/#\/schema\/logo\/image\/"}},{"@type":"Person","@id":"https:\/\/news.save.ch\/de\/#\/schema\/person\/10917387362b3961e882740f6cf6f2a2","name":"stefanie Zeng","image":{"@type":"ImageObject","inLanguage":"fr-FR","@id":"https:\/\/secure.gravatar.com\/avatar\/eac43faa6e40bb2c41068c95c9d78bbd94c476d5efdff7abaab80bb3ea681e06?s=96&d=mm&r=g","url":"https:\/\/secure.gravatar.com\/avatar\/eac43faa6e40bb2c41068c95c9d78bbd94c476d5efdff7abaab80bb3ea681e06?s=96&d=mm&r=g","contentUrl":"https:\/\/secure.gravatar.com\/avatar\/eac43faa6e40bb2c41068c95c9d78bbd94c476d5efdff7abaab80bb3ea681e06?s=96&d=mm&r=g","caption":"stefanie Zeng"},"url":"https:\/\/news.save.ch\/fr\/author\/stefanie-zeng\/"}]}},"_links":{"self":[{"href":"https:\/\/news.save.ch\/fr\/wp-json\/wp\/v2\/posts\/24583","targetHints":{"allow":["GET"]}}],"collection":[{"href":"https:\/\/news.save.ch\/fr\/wp-json\/wp\/v2\/posts"}],"about":[{"href":"https:\/\/news.save.ch\/fr\/wp-json\/wp\/v2\/types\/post"}],"author":[{"embeddable":true,"href":"https:\/\/news.save.ch\/fr\/wp-json\/wp\/v2\/users\/31"}],"replies":[{"embeddable":true,"href":"https:\/\/news.save.ch\/fr\/wp-json\/wp\/v2\/comments?post=24583"}],"version-history":[{"count":2,"href":"https:\/\/news.save.ch\/fr\/wp-json\/wp\/v2\/posts\/24583\/revisions"}],"predecessor-version":[{"id":24585,"href":"https:\/\/news.save.ch\/fr\/wp-json\/wp\/v2\/posts\/24583\/revisions\/24585"}],"wp:attachment":[{"href":"https:\/\/news.save.ch\/fr\/wp-json\/wp\/v2\/media?parent=24583"}],"wp:term":[{"taxonomy":"category","embeddable":true,"href":"https:\/\/news.save.ch\/fr\/wp-json\/wp\/v2\/categories?post=24583"},{"taxonomy":"post_tag","embeddable":true,"href":"https:\/\/news.save.ch\/fr\/wp-json\/wp\/v2\/tags?post=24583"}],"curies":[{"name":"wp","href":"https:\/\/api.w.org\/{rel}","templated":true}]}}