{"id":24656,"date":"2025-10-28T10:02:10","date_gmt":"2025-10-28T09:02:10","guid":{"rendered":"https:\/\/news.save.ch\/?p=24656"},"modified":"2025-10-28T10:02:10","modified_gmt":"2025-10-28T09:02:10","slug":"3g-abschaltung-autos-verlieren-den-automatischen-notruf-ecall","status":null,"type":"post","link":"https:\/\/news.save.ch\/fr\/3g-abschaltung-autos-verlieren-den-automatischen-notruf-ecall\/","title":{"rendered":"Coupure de la 3G : les voitures perdent l'appel d'urgence automatique eCall"},"content":{"rendered":"<figure id=\"attachment_24657\" aria-describedby=\"caption-attachment-24657\" style=\"width: 680px\" class=\"wp-caption alignnone\"><img loading=\"lazy\" decoding=\"async\" class=\"size-medium wp-image-24657\" src=\"https:\/\/news.save.ch\/wp-content\/uploads\/2025\/10\/54851980514_c603404b6f_o-680x452.jpg\" alt=\"\" width=\"680\" height=\"452\" srcset=\"https:\/\/news.save.ch\/wp-content\/uploads\/2025\/10\/54851980514_c603404b6f_o-680x452.jpg 680w, https:\/\/news.save.ch\/wp-content\/uploads\/2025\/10\/54851980514_c603404b6f_o-1024x680.jpg 1024w, https:\/\/news.save.ch\/wp-content\/uploads\/2025\/10\/54851980514_c603404b6f_o-768x510.jpg 768w, https:\/\/news.save.ch\/wp-content\/uploads\/2025\/10\/54851980514_c603404b6f_o-1536x1020.jpg 1536w, https:\/\/news.save.ch\/wp-content\/uploads\/2025\/10\/54851980514_c603404b6f_o-2048x1360.jpg 2048w, https:\/\/news.save.ch\/wp-content\/uploads\/2025\/10\/54851980514_c603404b6f_o-18x12.jpg 18w, https:\/\/news.save.ch\/wp-content\/uploads\/2025\/10\/54851980514_c603404b6f_o-375x249.jpg 375w, https:\/\/news.save.ch\/wp-content\/uploads\/2025\/10\/54851980514_c603404b6f_o-527x350.jpg 527w, https:\/\/news.save.ch\/wp-content\/uploads\/2025\/10\/54851980514_c603404b6f_o-1000x664.jpg 1000w, https:\/\/news.save.ch\/wp-content\/uploads\/2025\/10\/54851980514_c603404b6f_o-scaled.jpg 1200w\" sizes=\"auto, (max-width: 680px) 100vw, 680px\" \/><figcaption id=\"caption-attachment-24657\" class=\"wp-caption-text\">Photo : Touring Club Suisse\/Schweiz\/Svizzero TCS<\/figcaption><\/figure>\n<div class=\"elementStandard elementContent elementText elementText_var0 elementTextAlign_var0 elementTextWidth-no\">\n<p>Avec la d\u00e9sactivation du r\u00e9seau 3G en Suisse d'ici la fin de l'ann\u00e9e, il sera n\u00e9cessaire de passer \u00e0 la 4G ou \u00e0 la 5G afin de garantir le bon fonctionnement du syst\u00e8me eCall. L'arr\u00eat des anciens r\u00e9seaux a un impact direct sur la communication d'urgence int\u00e9gr\u00e9e : seuls les v\u00e9hicules r\u00e9cents compatibles avec les technologies actuelles pourront continuer \u00e0 utiliser ce syst\u00e8me.<\/p>\n<\/div>\n<div class=\"elementStandard elementContent elementHeadline elementHeadline_var0 elementHeadlineWidth-no\">\n<h3>eCall - un syst\u00e8me pour sauver des vies<\/h3>\n<\/div>\n<div class=\"elementStandard elementContent elementText elementText_var0 elementTextAlign_var0 elementTextWidth-no\">\n<p>Depuis le 31 mars 2018, le service d'appel d'urgence est obligatoire pour les voitures et les camions immatricul\u00e9s en Europe et en Suisse. En cas d'accident grave, ce syst\u00e8me \u00e9tablit automatiquement une liaison vocale entre les occupants du v\u00e9hicule et une centrale d'appel d'urgence. En 2024, le TCS a trait\u00e9 plus de 2\u2019700 appels de ce type. En cas de collision, notamment lorsque les airbags se d\u00e9clenchent, le v\u00e9hicule transmet automatiquement des informations importantes : l'heure et le lieu de l'accident, le type de propulsion et le nombre d'occupants attach\u00e9s. Gr\u00e2ce \u00e0 la communication vocale, les forces d'intervention peuvent mieux \u00e9valuer la situation et adapter les mesures de sauvetage en cons\u00e9quence. eCall peut \u00e9galement \u00eatre activ\u00e9 manuellement par un(e) passager(e) \u00e0 l'aide d'un bouton SOS, de sorte que la communication d'urgence est assur\u00e9e m\u00eame si l'alarme ne se d\u00e9clenche pas automatiquement.<\/p>\n<\/div>\n<div class=\"elementStandard elementContent elementHeadline elementHeadline_var0 elementHeadlineWidth-no\">\n<h3>L'ann\u00e9e de construction du v\u00e9hicule est d\u00e9terminante<\/h3>\n<\/div>\n<div class=\"elementStandard elementContent elementText elementText_var0 elementTextAlign_var0 elementTextWidth-no\">\n<p>Ce sont surtout les mod\u00e8les fabriqu\u00e9s avant 2018 qui peuvent \u00eatre concern\u00e9s par la d\u00e9sactivation du r\u00e9seau 3G. Certains constructeurs offrent la possibilit\u00e9 de v\u00e9rifier sur leur site web si un v\u00e9hicule est concern\u00e9 et si des mises \u00e0 jour sont disponibles pour continuer \u00e0 utiliser le syst\u00e8me eCall. Les concessionnaires et les garages agr\u00e9\u00e9s peuvent \u00e9galement fournir ces informations. Pour les v\u00e9hicules \u00e9quip\u00e9s exclusivement de modules 3G, le syst\u00e8me eCall ne peut plus \u00eatre utilis\u00e9. Aucune mise \u00e0 jour n'est disponible pour certains mod\u00e8les plus anciens. Cela signifie que les syst\u00e8mes d'urgence install\u00e9s ne sont plus op\u00e9rationnels. Des solutions de seconde monte sont disponibles sur le march\u00e9, par exemple des adaptateurs pour prises 12 V (allume-cigare). Toutefois, pour que les appels puissent \u00eatre transf\u00e9r\u00e9s vers les num\u00e9ros d'urgence enregistr\u00e9s dans le t\u00e9l\u00e9phone, ces appareils doivent g\u00e9n\u00e9ralement \u00eatre connect\u00e9s \u00e0 un t\u00e9l\u00e9phone portable. Toutefois, les v\u00e9hicules r\u00e9cents compatibles avec la 4G ou la 5G peuvent continuer \u00e0 utiliser eCall.<\/p>\n<\/div>\n<div class=\"elementStandard elementContent elementHeadline elementHeadline_var0 elementHeadlineWidth-no\">\n<h3>Ce qu'il faut faire en cas d'urgence<\/h3>\n<\/div>\n<div class=\"elementStandard elementContent elementText elementText_var0 elementTextAlign_var0 elementTextWidth-no\">\n<p>En cas d'accident ou de situation d'urgence, les num\u00e9ros d'urgence suivants permettent d'obtenir de l'aide : Police 117, Pompiers 118, Ambulance 144 et Appel d'urgence g\u00e9n\u00e9ral 112 (valable dans toute l'Union europ\u00e9enne). En outre, les membres du TCS peuvent passer des appels d'urgence g\u00e9olocalis\u00e9s via l'application TCS, qui peuvent \u00eatre utilis\u00e9s de n'importe o\u00f9, par exemple sur les pistes de ski ou lors de randonn\u00e9es. L'application est gratuite et transmet automatiquement la localisation lors d'un appel en Suisse. En cas de panne ou d'accident, une aide rapide est ainsi garantie.<\/p>\n<\/div>\n<p><em>Source : TCS\u00a0<\/em><\/p>\n<div class=\"elementStandard elementNote elementNote_5e9b5a64c71ceb101e603bfeb9358c2b elementNote_pos0 elementNote_bgColor0 elementNote_fontColor1 elementNote_icon10\">\n<div class=\"elementNoteInner\"><\/div>\n<\/div>\n<p>&nbsp;<\/p>","protected":false},"excerpt":{"rendered":"<p>Mit der Abschaltung des 3G-Netzes in der Schweiz bis zum Jahresende ist eine Umstellung auf 4G oder 5G erforderlich, um die Funktionsf\u00e4higkeit des eCall-Systems zu gew\u00e4hrleisten. Das Abschalten der alten Netze hat direkte Auswirkungen auf die integrierte Notfallkommunikation: Nur neuere Fahrzeuge, die mit den aktuellen Technologien kompatibel sind, k\u00f6nnen dieses System auch weiterhin nutzen. eCall [&hellip;]<\/p>\n","protected":false},"author":31,"featured_media":0,"comment_status":"closed","ping_status":"closed","sticky":false,"template":"","format":"standard","meta":{"_acf_changed":false,"pgc_sgb_lightbox_settings":"","footnotes":""},"categories":[1,3314],"tags":[6617,6616,6367],"class_list":["post-24656","post","type-post","status-publish","format-standard","hentry","category-allgemein","category-health-safety","tag-3g-netz","tag-ecall","tag-notruf"],"acf":[],"hkrextid":null,"publication":null,"issue":null,"workflow":null,"startPage":null,"spitzmarke":null,"_posts_by_tag_page_fields":null,"_at_widget":null,"_yoast_wpseo_primary_category":"1","_yoast_wpseo_focuskw_text_input":null,"_yoast_wpseo_opengraph-image":null,"_yoast_wpseo_opengraph-description":null,"_yoast_wpseo_opengraph-title":null,"enclosure":null,"_yoast_wpseo_twitter-title":null,"_yoast_wpseo_twitter-description":null,"_yoast_wpseo_twitter-image":null,"_wp_old_slug":null,"_yoast_wpseo_title":null,"_yoast_wpseo_canonical":null,"yoast_head":"<!-- This site is optimized with the Yoast SEO plugin v27.5 - https:\/\/yoast.com\/product\/yoast-seo-wordpress\/ -->\n<title>3G-Abschaltung: Autos verlieren den automatischen Notruf eCall - Save<\/title>\n<meta name=\"description\" content=\"Die f\u00fcr Ende 2025 geplante Abschaltung des 3G-Netzes wird den automatischen Notrufdienst eCall deaktivieren.\" \/>\n<meta name=\"robots\" content=\"index, follow, max-snippet:-1, max-image-preview:large, max-video-preview:-1\" \/>\n<link rel=\"canonical\" href=\"https:\/\/news.save.ch\/fr\/3g-abschaltung-autos-verlieren-den-automatischen-notruf-ecall\/\" \/>\n<meta property=\"og:locale\" content=\"fr_FR\" \/>\n<meta property=\"og:type\" content=\"article\" \/>\n<meta property=\"og:title\" content=\"3G-Abschaltung: Autos verlieren den automatischen Notruf eCall - Save\" \/>\n<meta property=\"og:description\" content=\"Die f\u00fcr Ende 2025 geplante Abschaltung des 3G-Netzes wird den automatischen Notrufdienst eCall deaktivieren.\" \/>\n<meta property=\"og:url\" content=\"https:\/\/news.save.ch\/fr\/3g-abschaltung-autos-verlieren-den-automatischen-notruf-ecall\/\" \/>\n<meta property=\"og:site_name\" content=\"Save\" \/>\n<meta property=\"article:published_time\" content=\"2025-10-28T09:02:10+00:00\" \/>\n<meta property=\"og:image\" content=\"https:\/\/news.save.ch\/wp-content\/uploads\/2025\/10\/54851980514_c603404b6f_o-scaled.jpg\" \/>\n\t<meta property=\"og:image:width\" content=\"1200\" \/>\n\t<meta property=\"og:image:height\" content=\"797\" \/>\n\t<meta property=\"og:image:type\" content=\"image\/jpeg\" \/>\n<meta name=\"author\" content=\"stefanie Zeng\" \/>\n<meta name=\"twitter:card\" content=\"summary_large_image\" \/>\n<meta name=\"twitter:label1\" content=\"\u00c9crit par\" \/>\n\t<meta name=\"twitter:data1\" content=\"stefanie Zeng\" \/>\n\t<meta name=\"twitter:label2\" content=\"Dur\u00e9e de lecture estim\u00e9e\" \/>\n\t<meta name=\"twitter:data2\" content=\"3 minutes\" \/>\n<script type=\"application\/ld+json\" class=\"yoast-schema-graph\">{\"@context\":\"https:\\\/\\\/schema.org\",\"@graph\":[{\"@type\":\"Article\",\"@id\":\"https:\\\/\\\/news.save.ch\\\/3g-abschaltung-autos-verlieren-den-automatischen-notruf-ecall\\\/#article\",\"isPartOf\":{\"@id\":\"https:\\\/\\\/news.save.ch\\\/3g-abschaltung-autos-verlieren-den-automatischen-notruf-ecall\\\/\"},\"author\":{\"name\":\"stefanie Zeng\",\"@id\":\"https:\\\/\\\/news.save.ch\\\/de\\\/#\\\/schema\\\/person\\\/10917387362b3961e882740f6cf6f2a2\"},\"headline\":\"3G-Abschaltung: Autos verlieren den automatischen Notruf eCall\",\"datePublished\":\"2025-10-28T09:02:10+00:00\",\"mainEntityOfPage\":{\"@id\":\"https:\\\/\\\/news.save.ch\\\/3g-abschaltung-autos-verlieren-den-automatischen-notruf-ecall\\\/\"},\"wordCount\":460,\"publisher\":{\"@id\":\"https:\\\/\\\/news.save.ch\\\/de\\\/#organization\"},\"image\":{\"@id\":\"https:\\\/\\\/news.save.ch\\\/3g-abschaltung-autos-verlieren-den-automatischen-notruf-ecall\\\/#primaryimage\"},\"thumbnailUrl\":\"https:\\\/\\\/news.save.ch\\\/wp-content\\\/uploads\\\/2025\\\/10\\\/54851980514_c603404b6f_o-680x452.jpg\",\"keywords\":[\"3G-Netz\",\"eCall\",\"Notruf\"],\"articleSection\":[\"ALLGEMEIN\",\"HEALTH &amp; SAFETY\"],\"inLanguage\":\"fr-FR\"},{\"@type\":\"WebPage\",\"@id\":\"https:\\\/\\\/news.save.ch\\\/3g-abschaltung-autos-verlieren-den-automatischen-notruf-ecall\\\/\",\"url\":\"https:\\\/\\\/news.save.ch\\\/3g-abschaltung-autos-verlieren-den-automatischen-notruf-ecall\\\/\",\"name\":\"3G-Abschaltung: Autos verlieren den automatischen Notruf eCall - Save\",\"isPartOf\":{\"@id\":\"https:\\\/\\\/news.save.ch\\\/de\\\/#website\"},\"primaryImageOfPage\":{\"@id\":\"https:\\\/\\\/news.save.ch\\\/3g-abschaltung-autos-verlieren-den-automatischen-notruf-ecall\\\/#primaryimage\"},\"image\":{\"@id\":\"https:\\\/\\\/news.save.ch\\\/3g-abschaltung-autos-verlieren-den-automatischen-notruf-ecall\\\/#primaryimage\"},\"thumbnailUrl\":\"https:\\\/\\\/news.save.ch\\\/wp-content\\\/uploads\\\/2025\\\/10\\\/54851980514_c603404b6f_o-680x452.jpg\",\"datePublished\":\"2025-10-28T09:02:10+00:00\",\"description\":\"Die f\u00fcr Ende 2025 geplante Abschaltung des 3G-Netzes wird den automatischen Notrufdienst eCall deaktivieren.\",\"breadcrumb\":{\"@id\":\"https:\\\/\\\/news.save.ch\\\/3g-abschaltung-autos-verlieren-den-automatischen-notruf-ecall\\\/#breadcrumb\"},\"inLanguage\":\"fr-FR\",\"potentialAction\":[{\"@type\":\"ReadAction\",\"target\":[\"https:\\\/\\\/news.save.ch\\\/3g-abschaltung-autos-verlieren-den-automatischen-notruf-ecall\\\/\"]}]},{\"@type\":\"ImageObject\",\"inLanguage\":\"fr-FR\",\"@id\":\"https:\\\/\\\/news.save.ch\\\/3g-abschaltung-autos-verlieren-den-automatischen-notruf-ecall\\\/#primaryimage\",\"url\":\"https:\\\/\\\/news.save.ch\\\/wp-content\\\/uploads\\\/2025\\\/10\\\/54851980514_c603404b6f_o-680x452.jpg\",\"contentUrl\":\"https:\\\/\\\/news.save.ch\\\/wp-content\\\/uploads\\\/2025\\\/10\\\/54851980514_c603404b6f_o-680x452.jpg\"},{\"@type\":\"BreadcrumbList\",\"@id\":\"https:\\\/\\\/news.save.ch\\\/3g-abschaltung-autos-verlieren-den-automatischen-notruf-ecall\\\/#breadcrumb\",\"itemListElement\":[{\"@type\":\"ListItem\",\"position\":1,\"name\":\"Home\",\"item\":\"https:\\\/\\\/news.save.ch\\\/de\\\/\"},{\"@type\":\"ListItem\",\"position\":2,\"name\":\"3G-Abschaltung: Autos verlieren den automatischen Notruf eCall\"}]},{\"@type\":\"WebSite\",\"@id\":\"https:\\\/\\\/news.save.ch\\\/de\\\/#website\",\"url\":\"https:\\\/\\\/news.save.ch\\\/de\\\/\",\"name\":\"Save\",\"description\":\"Schweizer Fachzeitschrift f\u00fcr Sicherheit\",\"publisher\":{\"@id\":\"https:\\\/\\\/news.save.ch\\\/de\\\/#organization\"},\"potentialAction\":[{\"@type\":\"SearchAction\",\"target\":{\"@type\":\"EntryPoint\",\"urlTemplate\":\"https:\\\/\\\/news.save.ch\\\/de\\\/?s={search_term_string}\"},\"query-input\":{\"@type\":\"PropertyValueSpecification\",\"valueRequired\":true,\"valueName\":\"search_term_string\"}}],\"inLanguage\":\"fr-FR\"},{\"@type\":\"Organization\",\"@id\":\"https:\\\/\\\/news.save.ch\\\/de\\\/#organization\",\"name\":\"Sicherheitsforum\",\"url\":\"https:\\\/\\\/news.save.ch\\\/de\\\/\",\"logo\":{\"@type\":\"ImageObject\",\"inLanguage\":\"fr-FR\",\"@id\":\"https:\\\/\\\/news.save.ch\\\/de\\\/#\\\/schema\\\/logo\\\/image\\\/\",\"url\":\"https:\\\/\\\/news.save.ch\\\/wp-content\\\/uploads\\\/2022\\\/06\\\/Logo_SF_2012.png\",\"contentUrl\":\"https:\\\/\\\/news.save.ch\\\/wp-content\\\/uploads\\\/2022\\\/06\\\/Logo_SF_2012.png\",\"width\":1100,\"height\":91,\"caption\":\"Sicherheitsforum\"},\"image\":{\"@id\":\"https:\\\/\\\/news.save.ch\\\/de\\\/#\\\/schema\\\/logo\\\/image\\\/\"}},{\"@type\":\"Person\",\"@id\":\"https:\\\/\\\/news.save.ch\\\/de\\\/#\\\/schema\\\/person\\\/10917387362b3961e882740f6cf6f2a2\",\"name\":\"stefanie Zeng\",\"image\":{\"@type\":\"ImageObject\",\"inLanguage\":\"fr-FR\",\"@id\":\"https:\\\/\\\/secure.gravatar.com\\\/avatar\\\/eac43faa6e40bb2c41068c95c9d78bbd94c476d5efdff7abaab80bb3ea681e06?s=96&d=mm&r=g\",\"url\":\"https:\\\/\\\/secure.gravatar.com\\\/avatar\\\/eac43faa6e40bb2c41068c95c9d78bbd94c476d5efdff7abaab80bb3ea681e06?s=96&d=mm&r=g\",\"contentUrl\":\"https:\\\/\\\/secure.gravatar.com\\\/avatar\\\/eac43faa6e40bb2c41068c95c9d78bbd94c476d5efdff7abaab80bb3ea681e06?s=96&d=mm&r=g\",\"caption\":\"stefanie Zeng\"},\"url\":\"https:\\\/\\\/news.save.ch\\\/fr\\\/author\\\/stefanie-zeng\\\/\"}]}<\/script>\n<!-- \/ Yoast SEO plugin. -->","yoast_head_json":{"title":"Coupure de la 3G : les voitures perdent l'appel d'urgence automatique eCall - Save","description":"L'arr\u00eat du r\u00e9seau 3G, pr\u00e9vu pour fin 2025, d\u00e9sactivera le service d'appel d'urgence automatique eCall.","robots":{"index":"index","follow":"follow","max-snippet":"max-snippet:-1","max-image-preview":"max-image-preview:large","max-video-preview":"max-video-preview:-1"},"canonical":"https:\/\/news.save.ch\/fr\/3g-abschaltung-autos-verlieren-den-automatischen-notruf-ecall\/","og_locale":"fr_FR","og_type":"article","og_title":"3G-Abschaltung: Autos verlieren den automatischen Notruf eCall - Save","og_description":"Die f\u00fcr Ende 2025 geplante Abschaltung des 3G-Netzes wird den automatischen Notrufdienst eCall deaktivieren.","og_url":"https:\/\/news.save.ch\/fr\/3g-abschaltung-autos-verlieren-den-automatischen-notruf-ecall\/","og_site_name":"Save","article_published_time":"2025-10-28T09:02:10+00:00","og_image":[{"width":1200,"height":797,"url":"https:\/\/news.save.ch\/wp-content\/uploads\/2025\/10\/54851980514_c603404b6f_o-scaled.jpg","type":"image\/jpeg"}],"author":"stefanie Zeng","twitter_card":"summary_large_image","twitter_misc":{"\u00c9crit par":"stefanie Zeng","Dur\u00e9e de lecture estim\u00e9e":"3 minutes"},"schema":{"@context":"https:\/\/schema.org","@graph":[{"@type":"Article","@id":"https:\/\/news.save.ch\/3g-abschaltung-autos-verlieren-den-automatischen-notruf-ecall\/#article","isPartOf":{"@id":"https:\/\/news.save.ch\/3g-abschaltung-autos-verlieren-den-automatischen-notruf-ecall\/"},"author":{"name":"stefanie Zeng","@id":"https:\/\/news.save.ch\/de\/#\/schema\/person\/10917387362b3961e882740f6cf6f2a2"},"headline":"3G-Abschaltung: Autos verlieren den automatischen Notruf eCall","datePublished":"2025-10-28T09:02:10+00:00","mainEntityOfPage":{"@id":"https:\/\/news.save.ch\/3g-abschaltung-autos-verlieren-den-automatischen-notruf-ecall\/"},"wordCount":460,"publisher":{"@id":"https:\/\/news.save.ch\/de\/#organization"},"image":{"@id":"https:\/\/news.save.ch\/3g-abschaltung-autos-verlieren-den-automatischen-notruf-ecall\/#primaryimage"},"thumbnailUrl":"https:\/\/news.save.ch\/wp-content\/uploads\/2025\/10\/54851980514_c603404b6f_o-680x452.jpg","keywords":["3G-Netz","eCall","Notruf"],"articleSection":["ALLGEMEIN","HEALTH &amp; SAFETY"],"inLanguage":"fr-FR"},{"@type":"WebPage","@id":"https:\/\/news.save.ch\/3g-abschaltung-autos-verlieren-den-automatischen-notruf-ecall\/","url":"https:\/\/news.save.ch\/3g-abschaltung-autos-verlieren-den-automatischen-notruf-ecall\/","name":"Coupure de la 3G : les voitures perdent l'appel d'urgence automatique eCall - Save","isPartOf":{"@id":"https:\/\/news.save.ch\/de\/#website"},"primaryImageOfPage":{"@id":"https:\/\/news.save.ch\/3g-abschaltung-autos-verlieren-den-automatischen-notruf-ecall\/#primaryimage"},"image":{"@id":"https:\/\/news.save.ch\/3g-abschaltung-autos-verlieren-den-automatischen-notruf-ecall\/#primaryimage"},"thumbnailUrl":"https:\/\/news.save.ch\/wp-content\/uploads\/2025\/10\/54851980514_c603404b6f_o-680x452.jpg","datePublished":"2025-10-28T09:02:10+00:00","description":"L'arr\u00eat du r\u00e9seau 3G, pr\u00e9vu pour fin 2025, d\u00e9sactivera le service d'appel d'urgence automatique eCall.","breadcrumb":{"@id":"https:\/\/news.save.ch\/3g-abschaltung-autos-verlieren-den-automatischen-notruf-ecall\/#breadcrumb"},"inLanguage":"fr-FR","potentialAction":[{"@type":"ReadAction","target":["https:\/\/news.save.ch\/3g-abschaltung-autos-verlieren-den-automatischen-notruf-ecall\/"]}]},{"@type":"ImageObject","inLanguage":"fr-FR","@id":"https:\/\/news.save.ch\/3g-abschaltung-autos-verlieren-den-automatischen-notruf-ecall\/#primaryimage","url":"https:\/\/news.save.ch\/wp-content\/uploads\/2025\/10\/54851980514_c603404b6f_o-680x452.jpg","contentUrl":"https:\/\/news.save.ch\/wp-content\/uploads\/2025\/10\/54851980514_c603404b6f_o-680x452.jpg"},{"@type":"BreadcrumbList","@id":"https:\/\/news.save.ch\/3g-abschaltung-autos-verlieren-den-automatischen-notruf-ecall\/#breadcrumb","itemListElement":[{"@type":"ListItem","position":1,"name":"Home","item":"https:\/\/news.save.ch\/de\/"},{"@type":"ListItem","position":2,"name":"3G-Abschaltung: Autos verlieren den automatischen Notruf eCall"}]},{"@type":"WebSite","@id":"https:\/\/news.save.ch\/de\/#website","url":"https:\/\/news.save.ch\/de\/","name":"Save","description":"Revue suisse sp\u00e9cialis\u00e9e dans la s\u00e9curit\u00e9","publisher":{"@id":"https:\/\/news.save.ch\/de\/#organization"},"potentialAction":[{"@type":"SearchAction","target":{"@type":"EntryPoint","urlTemplate":"https:\/\/news.save.ch\/de\/?s={search_term_string}"},"query-input":{"@type":"PropertyValueSpecification","valueRequired":true,"valueName":"search_term_string"}}],"inLanguage":"fr-FR"},{"@type":"Organization","@id":"https:\/\/news.save.ch\/de\/#organization","name":"Forum sur la s\u00e9curit\u00e9","url":"https:\/\/news.save.ch\/de\/","logo":{"@type":"ImageObject","inLanguage":"fr-FR","@id":"https:\/\/news.save.ch\/de\/#\/schema\/logo\/image\/","url":"https:\/\/news.save.ch\/wp-content\/uploads\/2022\/06\/Logo_SF_2012.png","contentUrl":"https:\/\/news.save.ch\/wp-content\/uploads\/2022\/06\/Logo_SF_2012.png","width":1100,"height":91,"caption":"Sicherheitsforum"},"image":{"@id":"https:\/\/news.save.ch\/de\/#\/schema\/logo\/image\/"}},{"@type":"Person","@id":"https:\/\/news.save.ch\/de\/#\/schema\/person\/10917387362b3961e882740f6cf6f2a2","name":"stefanie Zeng","image":{"@type":"ImageObject","inLanguage":"fr-FR","@id":"https:\/\/secure.gravatar.com\/avatar\/eac43faa6e40bb2c41068c95c9d78bbd94c476d5efdff7abaab80bb3ea681e06?s=96&d=mm&r=g","url":"https:\/\/secure.gravatar.com\/avatar\/eac43faa6e40bb2c41068c95c9d78bbd94c476d5efdff7abaab80bb3ea681e06?s=96&d=mm&r=g","contentUrl":"https:\/\/secure.gravatar.com\/avatar\/eac43faa6e40bb2c41068c95c9d78bbd94c476d5efdff7abaab80bb3ea681e06?s=96&d=mm&r=g","caption":"stefanie Zeng"},"url":"https:\/\/news.save.ch\/fr\/author\/stefanie-zeng\/"}]}},"_links":{"self":[{"href":"https:\/\/news.save.ch\/fr\/wp-json\/wp\/v2\/posts\/24656","targetHints":{"allow":["GET"]}}],"collection":[{"href":"https:\/\/news.save.ch\/fr\/wp-json\/wp\/v2\/posts"}],"about":[{"href":"https:\/\/news.save.ch\/fr\/wp-json\/wp\/v2\/types\/post"}],"author":[{"embeddable":true,"href":"https:\/\/news.save.ch\/fr\/wp-json\/wp\/v2\/users\/31"}],"replies":[{"embeddable":true,"href":"https:\/\/news.save.ch\/fr\/wp-json\/wp\/v2\/comments?post=24656"}],"version-history":[{"count":1,"href":"https:\/\/news.save.ch\/fr\/wp-json\/wp\/v2\/posts\/24656\/revisions"}],"predecessor-version":[{"id":24658,"href":"https:\/\/news.save.ch\/fr\/wp-json\/wp\/v2\/posts\/24656\/revisions\/24658"}],"wp:attachment":[{"href":"https:\/\/news.save.ch\/fr\/wp-json\/wp\/v2\/media?parent=24656"}],"wp:term":[{"taxonomy":"category","embeddable":true,"href":"https:\/\/news.save.ch\/fr\/wp-json\/wp\/v2\/categories?post=24656"},{"taxonomy":"post_tag","embeddable":true,"href":"https:\/\/news.save.ch\/fr\/wp-json\/wp\/v2\/tags?post=24656"}],"curies":[{"name":"wp","href":"https:\/\/api.w.org\/{rel}","templated":true}]}}