{"id":24701,"date":"2025-11-11T14:48:49","date_gmt":"2025-11-11T13:48:49","guid":{"rendered":"https:\/\/news.save.ch\/?p=24701"},"modified":"2025-11-11T14:49:40","modified_gmt":"2025-11-11T13:49:40","slug":"sicherheit-der-bevoelkerung-verbessern-bundesrat-will-luecken-bei-der-planung-von-grossraeumigen-evakuierungen-schliessen","status":null,"type":"post","link":"https:\/\/news.save.ch\/fr\/sicherheit-der-bevoelkerung-verbessern-bundesrat-will-luecken-bei-der-planung-von-grossraeumigen-evakuierungen-schliessen\/","title":{"rendered":"Am\u00e9liorer la s\u00e9curit\u00e9 de la population : Le Conseil f\u00e9d\u00e9ral veut combler les lacunes dans la planification des \u00e9vacuations \u00e0 grande \u00e9chelle"},"content":{"rendered":"<figure id=\"attachment_24702\" aria-describedby=\"caption-attachment-24702\" style=\"width: 680px\" class=\"wp-caption alignnone\"><img loading=\"lazy\" decoding=\"async\" class=\"size-medium wp-image-24702\" src=\"https:\/\/news.save.ch\/wp-content\/uploads\/2025\/11\/Depositphotos_599616798_S-680x454.jpg\" alt=\"\" width=\"680\" height=\"454\" srcset=\"https:\/\/news.save.ch\/wp-content\/uploads\/2025\/11\/Depositphotos_599616798_S-680x454.jpg 680w, https:\/\/news.save.ch\/wp-content\/uploads\/2025\/11\/Depositphotos_599616798_S-768x512.jpg 768w, https:\/\/news.save.ch\/wp-content\/uploads\/2025\/11\/Depositphotos_599616798_S-18x12.jpg 18w, https:\/\/news.save.ch\/wp-content\/uploads\/2025\/11\/Depositphotos_599616798_S-375x250.jpg 375w, https:\/\/news.save.ch\/wp-content\/uploads\/2025\/11\/Depositphotos_599616798_S-525x350.jpg 525w, https:\/\/news.save.ch\/wp-content\/uploads\/2025\/11\/Depositphotos_599616798_S.jpg 1000w\" sizes=\"auto, (max-width: 680px) 100vw, 680px\" \/><figcaption id=\"caption-attachment-24702\" class=\"wp-caption-text\">Photo : Depositphotos\/surachetsh<\/figcaption><\/figure>\n<p id=\"doc-1j981uaqa0\" class=\"font--regular\">L'\u00e9vacuation - en particulier d'une vaste zone - est l'une des mesures les plus importantes mais aussi les plus exigeantes de la protection de la population pour limiter les cons\u00e9quences d'un \u00e9v\u00e9nement. Dans un tel cas, les autorit\u00e9s et les organisations d'intervention sont soumises \u00e0 une pression temporelle particuli\u00e8rement forte, doivent garantir la disponibilit\u00e9 des infrastructures de transport n\u00e9cessaires et assurer la r\u00e9gulation de la situation du trafic dans des conditions difficiles.<\/p>\n<p id=\"doc-1j981ucel0\" class=\"font--regular\">Les bases actuelles \u00e9tablies dans toute la Suisse pour une \u00e9vacuation \u00e0 grande \u00e9chelle se basent sur des planifications initi\u00e9es par les cantons, l'Office f\u00e9d\u00e9ral de la protection de la population (OFPP) et les services comp\u00e9tents dans le domaine des transports (entre autres les CFF et CarPostal) suite \u00e0 l'accident de la centrale nucl\u00e9aire de Fukushima en 2011. Le mod\u00e8le d'\u00e9vacuation qui en r\u00e9sulte est certes principalement ax\u00e9 sur le sc\u00e9nario d'un accident dans une centrale nucl\u00e9aire. Gr\u00e2ce \u00e0 son id\u00e9e centrale simple et \u00e0 sa structure modulaire comprenant trois \u00e9l\u00e9ments, \u00e0 savoir les \u00abpoints de rencontre d'urgence\u00bb, les \u00abpostes d'accueil\u00bb et les \u00abpostes d'assistance\u00bb, le mod\u00e8le peut \u00e9galement \u00eatre utilis\u00e9 pour une multitude d'autres sc\u00e9narios.<\/p>\n<h3 id=\"doc-1j981ucem0\" class=\"h2\">Point de rencontre d'urgence mis en place dans toute la Suisse<\/h3>\n<p id=\"doc-1j981ucem1\" class=\"font--regular\">Les points de rencontre d'urgence, en particulier, sont d\u00e9sormais presque partout en Suisse. Ils servent de points de contact centraux pour la population en cas de catastrophe ou de situation d'urgence, afin d'obtenir des informations, de passer des appels d'urgence et d'obtenir un soutien suppl\u00e9mentaire si n\u00e9cessaire.<\/p>\n<p id=\"doc-1j981ucem2\" class=\"font--regular\">Par ailleurs, il existe une organisation de crise, la Coordination des transports en situation exceptionnelle (COTE), qui intervient \u00e9galement en cas d'\u00e9vacuations pr\u00e9ventives \u00e0 grande \u00e9chelle.<\/p>\n<h3 id=\"doc-1j981ucen0\" class=\"h2\">D\u00e9velopper les concepts d'\u00e9vacuation de mani\u00e8re cibl\u00e9e<\/h3>\n<p id=\"doc-1j981ucen1\" class=\"font--regular\">Ces derni\u00e8res ann\u00e9es, des exercices r\u00e9alis\u00e9s aux niveaux cantonal et f\u00e9d\u00e9ral ont toutefois montr\u00e9 qu'il existait encore des lacunes conceptuelles dans la planification des \u00e9vacuations \u00e0 grande \u00e9chelle, par exemple pour l'\u00e9vacuation d'installations dites sp\u00e9ciales, dont font notamment partie les h\u00f4pitaux. Dans ce contexte et en raison de l'\u00e9volution de l'environnement de la politique de s\u00e9curit\u00e9, diff\u00e9rents projets ont \u00e9t\u00e9 lanc\u00e9s avec la participation de la Conf\u00e9d\u00e9ration, des cantons et de l'arm\u00e9e, qui se consacrent \u00e0 la th\u00e9matique des \u00e9vacuations dans le cadre d'\u00e9v\u00e9nements civils ou en cas de conflit arm\u00e9. Il s'agit par exemple de l\u00ab\u00bbAnalyse des capacit\u00e9s de la protection de la population\", qui se penche entre autres sur les d\u00e9fis que repr\u00e9sentent les \u00e9vacuations en cas de menace militaire directe contre la Suisse.<\/p>\n<p id=\"doc-1j981uceo0\" class=\"font--regular\">Le site <a href=\"https:\/\/cms.news.admin.ch\/dam\/de\/der-schweizerische-bundesrat\/NEknqZNFvBej\/Bericht_Bundesrat_Postulat_Riniker_23.3740.pdf\">Rapport du Conseil f\u00e9d\u00e9ral en r\u00e9ponse au postulat 23.3740 Riniker<\/a> sert de base aux travaux de suivi n\u00e9cessaires pour combler les lacunes dans le domaine de la planification des \u00e9vacuations. Il s'agit notamment aussi d'am\u00e9liorer et de d\u00e9velopper les bases existantes. L'objectif g\u00e9n\u00e9ral est de regrouper et d'utiliser les capacit\u00e9s disponibles en Suisse de mani\u00e8re \u00e0 ce qu'en cas d'\u00e9v\u00e9nement, l'\u00e9vacuation soit une mesure offrant la plus grande protection possible \u00e0 la population.<\/p>\n<p><em>Source : babs.admin.ch<\/em><\/p>","protected":false},"excerpt":{"rendered":"<p>Die Evakuierung \u2013 insbesondere eines umfangreichen Gebiets \u2013 ist eine der wichtigsten und zugleich herausforderndsten Massnahmen des Bev\u00f6lkerungsschutzes, um die Auswirkungen eines Ereignisses zu begrenzen. Beh\u00f6rden und Einsatzorganisationen stehen in einem solchen Fall unter besonders hohem Zeitdruck, m\u00fcssen die Verf\u00fcgbarkeit der notwendigen Transportinfrastruktur gew\u00e4hrleisten und die Regelung der Verkehrslage unter erschwerten Bedingungen sicherstellen. Die aktuellen [&hellip;]<\/p>\n","protected":false},"author":31,"featured_media":0,"comment_status":"closed","ping_status":"closed","sticky":false,"template":"","format":"standard","meta":{"_acf_changed":false,"pgc_sgb_lightbox_settings":"","footnotes":""},"categories":[3312],"tags":[73,302,303,6557],"class_list":["post-24701","post","type-post","status-publish","format-standard","hentry","category-sicherheit","tag-babs","tag-evakuierung","tag-notfall","tag-notfalltreffpunkte"],"acf":[],"hkrextid":null,"publication":null,"issue":null,"workflow":null,"startPage":null,"spitzmarke":null,"_posts_by_tag_page_fields":null,"_at_widget":null,"_yoast_wpseo_primary_category":"3312","_yoast_wpseo_focuskw_text_input":null,"_yoast_wpseo_opengraph-image":null,"_yoast_wpseo_opengraph-description":null,"_yoast_wpseo_opengraph-title":null,"enclosure":null,"_yoast_wpseo_twitter-title":null,"_yoast_wpseo_twitter-description":null,"_yoast_wpseo_twitter-image":null,"_wp_old_slug":null,"_yoast_wpseo_title":null,"_yoast_wpseo_canonical":null,"yoast_head":"<!-- This site is optimized with the Yoast SEO plugin v27.4 - https:\/\/yoast.com\/product\/yoast-seo-wordpress\/ -->\n<title>Sicherheit der Bev\u00f6lkerung verbessern: Bundesrat will L\u00fccken bei der Planung von grossr\u00e4umigen Evakuierungen schliessen - Save<\/title>\n<meta name=\"description\" content=\"In der Planung grossr\u00e4umiger Evakuierungen zeigen sich L\u00fccken, beispielsweise bei der Evakuierung von besonderen Einrichtungen wie Spit\u00e4ler. Der Bundesrat will die Sicherheit der Bev\u00f6lkerung gew\u00e4hrleisten und deshalb die Grundlagen verbessern.\" \/>\n<meta name=\"robots\" content=\"index, follow, max-snippet:-1, max-image-preview:large, max-video-preview:-1\" \/>\n<link rel=\"canonical\" href=\"https:\/\/news.save.ch\/fr\/sicherheit-der-bevoelkerung-verbessern-bundesrat-will-luecken-bei-der-planung-von-grossraeumigen-evakuierungen-schliessen\/\" \/>\n<meta property=\"og:locale\" content=\"fr_FR\" \/>\n<meta property=\"og:type\" content=\"article\" \/>\n<meta property=\"og:title\" content=\"Sicherheit der Bev\u00f6lkerung verbessern: Bundesrat will L\u00fccken bei der Planung von grossr\u00e4umigen Evakuierungen schliessen - Save\" \/>\n<meta property=\"og:description\" content=\"In der Planung grossr\u00e4umiger Evakuierungen zeigen sich L\u00fccken, beispielsweise bei der Evakuierung von besonderen Einrichtungen wie Spit\u00e4ler. Der Bundesrat will die Sicherheit der Bev\u00f6lkerung gew\u00e4hrleisten und deshalb die Grundlagen verbessern.\" \/>\n<meta property=\"og:url\" content=\"https:\/\/news.save.ch\/fr\/sicherheit-der-bevoelkerung-verbessern-bundesrat-will-luecken-bei-der-planung-von-grossraeumigen-evakuierungen-schliessen\/\" \/>\n<meta property=\"og:site_name\" content=\"Save\" \/>\n<meta property=\"article:published_time\" content=\"2025-11-11T13:48:49+00:00\" \/>\n<meta property=\"article:modified_time\" content=\"2025-11-11T13:49:40+00:00\" \/>\n<meta property=\"og:image\" content=\"https:\/\/news.save.ch\/wp-content\/uploads\/2025\/11\/Depositphotos_599616798_S.jpg\" \/>\n\t<meta property=\"og:image:width\" content=\"1000\" \/>\n\t<meta property=\"og:image:height\" content=\"667\" \/>\n\t<meta property=\"og:image:type\" content=\"image\/jpeg\" \/>\n<meta name=\"author\" content=\"stefanie Zeng\" \/>\n<meta name=\"twitter:card\" content=\"summary_large_image\" \/>\n<meta name=\"twitter:label1\" content=\"\u00c9crit par\" \/>\n\t<meta name=\"twitter:data1\" content=\"stefanie Zeng\" \/>\n\t<meta name=\"twitter:label2\" content=\"Dur\u00e9e de lecture estim\u00e9e\" \/>\n\t<meta name=\"twitter:data2\" content=\"3 minutes\" \/>\n<script type=\"application\/ld+json\" class=\"yoast-schema-graph\">{\"@context\":\"https:\\\/\\\/schema.org\",\"@graph\":[{\"@type\":\"Article\",\"@id\":\"https:\\\/\\\/news.save.ch\\\/sicherheit-der-bevoelkerung-verbessern-bundesrat-will-luecken-bei-der-planung-von-grossraeumigen-evakuierungen-schliessen\\\/#article\",\"isPartOf\":{\"@id\":\"https:\\\/\\\/news.save.ch\\\/sicherheit-der-bevoelkerung-verbessern-bundesrat-will-luecken-bei-der-planung-von-grossraeumigen-evakuierungen-schliessen\\\/\"},\"author\":{\"name\":\"stefanie Zeng\",\"@id\":\"https:\\\/\\\/news.save.ch\\\/de\\\/#\\\/schema\\\/person\\\/10917387362b3961e882740f6cf6f2a2\"},\"headline\":\"Sicherheit der Bev\u00f6lkerung verbessern: Bundesrat will L\u00fccken bei der Planung von grossr\u00e4umigen Evakuierungen schliessen\",\"datePublished\":\"2025-11-11T13:48:49+00:00\",\"dateModified\":\"2025-11-11T13:49:40+00:00\",\"mainEntityOfPage\":{\"@id\":\"https:\\\/\\\/news.save.ch\\\/sicherheit-der-bevoelkerung-verbessern-bundesrat-will-luecken-bei-der-planung-von-grossraeumigen-evakuierungen-schliessen\\\/\"},\"wordCount\":441,\"publisher\":{\"@id\":\"https:\\\/\\\/news.save.ch\\\/de\\\/#organization\"},\"image\":{\"@id\":\"https:\\\/\\\/news.save.ch\\\/sicherheit-der-bevoelkerung-verbessern-bundesrat-will-luecken-bei-der-planung-von-grossraeumigen-evakuierungen-schliessen\\\/#primaryimage\"},\"thumbnailUrl\":\"https:\\\/\\\/news.save.ch\\\/wp-content\\\/uploads\\\/2025\\\/11\\\/Depositphotos_599616798_S-680x454.jpg\",\"keywords\":[\"BABS\",\"Evakuierung\",\"Notfall\",\"Notfalltreffpunkte\"],\"articleSection\":[\"SICHERHEIT\"],\"inLanguage\":\"fr-FR\"},{\"@type\":\"WebPage\",\"@id\":\"https:\\\/\\\/news.save.ch\\\/sicherheit-der-bevoelkerung-verbessern-bundesrat-will-luecken-bei-der-planung-von-grossraeumigen-evakuierungen-schliessen\\\/\",\"url\":\"https:\\\/\\\/news.save.ch\\\/sicherheit-der-bevoelkerung-verbessern-bundesrat-will-luecken-bei-der-planung-von-grossraeumigen-evakuierungen-schliessen\\\/\",\"name\":\"Sicherheit der Bev\u00f6lkerung verbessern: Bundesrat will L\u00fccken bei der Planung von grossr\u00e4umigen Evakuierungen schliessen - Save\",\"isPartOf\":{\"@id\":\"https:\\\/\\\/news.save.ch\\\/de\\\/#website\"},\"primaryImageOfPage\":{\"@id\":\"https:\\\/\\\/news.save.ch\\\/sicherheit-der-bevoelkerung-verbessern-bundesrat-will-luecken-bei-der-planung-von-grossraeumigen-evakuierungen-schliessen\\\/#primaryimage\"},\"image\":{\"@id\":\"https:\\\/\\\/news.save.ch\\\/sicherheit-der-bevoelkerung-verbessern-bundesrat-will-luecken-bei-der-planung-von-grossraeumigen-evakuierungen-schliessen\\\/#primaryimage\"},\"thumbnailUrl\":\"https:\\\/\\\/news.save.ch\\\/wp-content\\\/uploads\\\/2025\\\/11\\\/Depositphotos_599616798_S-680x454.jpg\",\"datePublished\":\"2025-11-11T13:48:49+00:00\",\"dateModified\":\"2025-11-11T13:49:40+00:00\",\"description\":\"In der Planung grossr\u00e4umiger Evakuierungen zeigen sich L\u00fccken, beispielsweise bei der Evakuierung von besonderen Einrichtungen wie Spit\u00e4ler. Der Bundesrat will die Sicherheit der Bev\u00f6lkerung gew\u00e4hrleisten und deshalb die Grundlagen verbessern.\",\"breadcrumb\":{\"@id\":\"https:\\\/\\\/news.save.ch\\\/sicherheit-der-bevoelkerung-verbessern-bundesrat-will-luecken-bei-der-planung-von-grossraeumigen-evakuierungen-schliessen\\\/#breadcrumb\"},\"inLanguage\":\"fr-FR\",\"potentialAction\":[{\"@type\":\"ReadAction\",\"target\":[\"https:\\\/\\\/news.save.ch\\\/sicherheit-der-bevoelkerung-verbessern-bundesrat-will-luecken-bei-der-planung-von-grossraeumigen-evakuierungen-schliessen\\\/\"]}]},{\"@type\":\"ImageObject\",\"inLanguage\":\"fr-FR\",\"@id\":\"https:\\\/\\\/news.save.ch\\\/sicherheit-der-bevoelkerung-verbessern-bundesrat-will-luecken-bei-der-planung-von-grossraeumigen-evakuierungen-schliessen\\\/#primaryimage\",\"url\":\"https:\\\/\\\/news.save.ch\\\/wp-content\\\/uploads\\\/2025\\\/11\\\/Depositphotos_599616798_S-680x454.jpg\",\"contentUrl\":\"https:\\\/\\\/news.save.ch\\\/wp-content\\\/uploads\\\/2025\\\/11\\\/Depositphotos_599616798_S-680x454.jpg\"},{\"@type\":\"BreadcrumbList\",\"@id\":\"https:\\\/\\\/news.save.ch\\\/sicherheit-der-bevoelkerung-verbessern-bundesrat-will-luecken-bei-der-planung-von-grossraeumigen-evakuierungen-schliessen\\\/#breadcrumb\",\"itemListElement\":[{\"@type\":\"ListItem\",\"position\":1,\"name\":\"Home\",\"item\":\"https:\\\/\\\/news.save.ch\\\/de\\\/\"},{\"@type\":\"ListItem\",\"position\":2,\"name\":\"Sicherheit der Bev\u00f6lkerung verbessern: Bundesrat will L\u00fccken bei der Planung von grossr\u00e4umigen Evakuierungen schliessen\"}]},{\"@type\":\"WebSite\",\"@id\":\"https:\\\/\\\/news.save.ch\\\/de\\\/#website\",\"url\":\"https:\\\/\\\/news.save.ch\\\/de\\\/\",\"name\":\"Save\",\"description\":\"Schweizer Fachzeitschrift f\u00fcr Sicherheit\",\"publisher\":{\"@id\":\"https:\\\/\\\/news.save.ch\\\/de\\\/#organization\"},\"potentialAction\":[{\"@type\":\"SearchAction\",\"target\":{\"@type\":\"EntryPoint\",\"urlTemplate\":\"https:\\\/\\\/news.save.ch\\\/de\\\/?s={search_term_string}\"},\"query-input\":{\"@type\":\"PropertyValueSpecification\",\"valueRequired\":true,\"valueName\":\"search_term_string\"}}],\"inLanguage\":\"fr-FR\"},{\"@type\":\"Organization\",\"@id\":\"https:\\\/\\\/news.save.ch\\\/de\\\/#organization\",\"name\":\"Sicherheitsforum\",\"url\":\"https:\\\/\\\/news.save.ch\\\/de\\\/\",\"logo\":{\"@type\":\"ImageObject\",\"inLanguage\":\"fr-FR\",\"@id\":\"https:\\\/\\\/news.save.ch\\\/de\\\/#\\\/schema\\\/logo\\\/image\\\/\",\"url\":\"https:\\\/\\\/news.save.ch\\\/wp-content\\\/uploads\\\/2022\\\/06\\\/Logo_SF_2012.png\",\"contentUrl\":\"https:\\\/\\\/news.save.ch\\\/wp-content\\\/uploads\\\/2022\\\/06\\\/Logo_SF_2012.png\",\"width\":1100,\"height\":91,\"caption\":\"Sicherheitsforum\"},\"image\":{\"@id\":\"https:\\\/\\\/news.save.ch\\\/de\\\/#\\\/schema\\\/logo\\\/image\\\/\"}},{\"@type\":\"Person\",\"@id\":\"https:\\\/\\\/news.save.ch\\\/de\\\/#\\\/schema\\\/person\\\/10917387362b3961e882740f6cf6f2a2\",\"name\":\"stefanie Zeng\",\"image\":{\"@type\":\"ImageObject\",\"inLanguage\":\"fr-FR\",\"@id\":\"https:\\\/\\\/secure.gravatar.com\\\/avatar\\\/eac43faa6e40bb2c41068c95c9d78bbd94c476d5efdff7abaab80bb3ea681e06?s=96&d=mm&r=g\",\"url\":\"https:\\\/\\\/secure.gravatar.com\\\/avatar\\\/eac43faa6e40bb2c41068c95c9d78bbd94c476d5efdff7abaab80bb3ea681e06?s=96&d=mm&r=g\",\"contentUrl\":\"https:\\\/\\\/secure.gravatar.com\\\/avatar\\\/eac43faa6e40bb2c41068c95c9d78bbd94c476d5efdff7abaab80bb3ea681e06?s=96&d=mm&r=g\",\"caption\":\"stefanie Zeng\"},\"url\":\"https:\\\/\\\/news.save.ch\\\/fr\\\/author\\\/stefanie-zeng\\\/\"}]}<\/script>\n<!-- \/ Yoast SEO plugin. -->","yoast_head_json":{"title":"Am\u00e9liorer la s\u00e9curit\u00e9 de la population : Le Conseil f\u00e9d\u00e9ral veut combler les lacunes dans la planification des \u00e9vacuations \u00e0 grande \u00e9chelle - Save","description":"Des lacunes apparaissent dans la planification des \u00e9vacuations \u00e0 grande \u00e9chelle, par exemple pour l'\u00e9vacuation d'\u00e9tablissements particuliers comme les h\u00f4pitaux. Le Conseil f\u00e9d\u00e9ral veut garantir la s\u00e9curit\u00e9 de la population et donc am\u00e9liorer les bases.","robots":{"index":"index","follow":"follow","max-snippet":"max-snippet:-1","max-image-preview":"max-image-preview:large","max-video-preview":"max-video-preview:-1"},"canonical":"https:\/\/news.save.ch\/fr\/sicherheit-der-bevoelkerung-verbessern-bundesrat-will-luecken-bei-der-planung-von-grossraeumigen-evakuierungen-schliessen\/","og_locale":"fr_FR","og_type":"article","og_title":"Sicherheit der Bev\u00f6lkerung verbessern: Bundesrat will L\u00fccken bei der Planung von grossr\u00e4umigen Evakuierungen schliessen - Save","og_description":"In der Planung grossr\u00e4umiger Evakuierungen zeigen sich L\u00fccken, beispielsweise bei der Evakuierung von besonderen Einrichtungen wie Spit\u00e4ler. Der Bundesrat will die Sicherheit der Bev\u00f6lkerung gew\u00e4hrleisten und deshalb die Grundlagen verbessern.","og_url":"https:\/\/news.save.ch\/fr\/sicherheit-der-bevoelkerung-verbessern-bundesrat-will-luecken-bei-der-planung-von-grossraeumigen-evakuierungen-schliessen\/","og_site_name":"Save","article_published_time":"2025-11-11T13:48:49+00:00","article_modified_time":"2025-11-11T13:49:40+00:00","og_image":[{"width":1000,"height":667,"url":"https:\/\/news.save.ch\/wp-content\/uploads\/2025\/11\/Depositphotos_599616798_S.jpg","type":"image\/jpeg"}],"author":"stefanie Zeng","twitter_card":"summary_large_image","twitter_misc":{"\u00c9crit par":"stefanie Zeng","Dur\u00e9e de lecture estim\u00e9e":"3 minutes"},"schema":{"@context":"https:\/\/schema.org","@graph":[{"@type":"Article","@id":"https:\/\/news.save.ch\/sicherheit-der-bevoelkerung-verbessern-bundesrat-will-luecken-bei-der-planung-von-grossraeumigen-evakuierungen-schliessen\/#article","isPartOf":{"@id":"https:\/\/news.save.ch\/sicherheit-der-bevoelkerung-verbessern-bundesrat-will-luecken-bei-der-planung-von-grossraeumigen-evakuierungen-schliessen\/"},"author":{"name":"stefanie Zeng","@id":"https:\/\/news.save.ch\/de\/#\/schema\/person\/10917387362b3961e882740f6cf6f2a2"},"headline":"Sicherheit der Bev\u00f6lkerung verbessern: Bundesrat will L\u00fccken bei der Planung von grossr\u00e4umigen Evakuierungen schliessen","datePublished":"2025-11-11T13:48:49+00:00","dateModified":"2025-11-11T13:49:40+00:00","mainEntityOfPage":{"@id":"https:\/\/news.save.ch\/sicherheit-der-bevoelkerung-verbessern-bundesrat-will-luecken-bei-der-planung-von-grossraeumigen-evakuierungen-schliessen\/"},"wordCount":441,"publisher":{"@id":"https:\/\/news.save.ch\/de\/#organization"},"image":{"@id":"https:\/\/news.save.ch\/sicherheit-der-bevoelkerung-verbessern-bundesrat-will-luecken-bei-der-planung-von-grossraeumigen-evakuierungen-schliessen\/#primaryimage"},"thumbnailUrl":"https:\/\/news.save.ch\/wp-content\/uploads\/2025\/11\/Depositphotos_599616798_S-680x454.jpg","keywords":["BABS","Evakuierung","Notfall","Notfalltreffpunkte"],"articleSection":["SICHERHEIT"],"inLanguage":"fr-FR"},{"@type":"WebPage","@id":"https:\/\/news.save.ch\/sicherheit-der-bevoelkerung-verbessern-bundesrat-will-luecken-bei-der-planung-von-grossraeumigen-evakuierungen-schliessen\/","url":"https:\/\/news.save.ch\/sicherheit-der-bevoelkerung-verbessern-bundesrat-will-luecken-bei-der-planung-von-grossraeumigen-evakuierungen-schliessen\/","name":"Am\u00e9liorer la s\u00e9curit\u00e9 de la population : Le Conseil f\u00e9d\u00e9ral veut combler les lacunes dans la planification des \u00e9vacuations \u00e0 grande \u00e9chelle - Save","isPartOf":{"@id":"https:\/\/news.save.ch\/de\/#website"},"primaryImageOfPage":{"@id":"https:\/\/news.save.ch\/sicherheit-der-bevoelkerung-verbessern-bundesrat-will-luecken-bei-der-planung-von-grossraeumigen-evakuierungen-schliessen\/#primaryimage"},"image":{"@id":"https:\/\/news.save.ch\/sicherheit-der-bevoelkerung-verbessern-bundesrat-will-luecken-bei-der-planung-von-grossraeumigen-evakuierungen-schliessen\/#primaryimage"},"thumbnailUrl":"https:\/\/news.save.ch\/wp-content\/uploads\/2025\/11\/Depositphotos_599616798_S-680x454.jpg","datePublished":"2025-11-11T13:48:49+00:00","dateModified":"2025-11-11T13:49:40+00:00","description":"Des lacunes apparaissent dans la planification des \u00e9vacuations \u00e0 grande \u00e9chelle, par exemple pour l'\u00e9vacuation d'\u00e9tablissements particuliers comme les h\u00f4pitaux. Le Conseil f\u00e9d\u00e9ral veut garantir la s\u00e9curit\u00e9 de la population et donc am\u00e9liorer les bases.","breadcrumb":{"@id":"https:\/\/news.save.ch\/sicherheit-der-bevoelkerung-verbessern-bundesrat-will-luecken-bei-der-planung-von-grossraeumigen-evakuierungen-schliessen\/#breadcrumb"},"inLanguage":"fr-FR","potentialAction":[{"@type":"ReadAction","target":["https:\/\/news.save.ch\/sicherheit-der-bevoelkerung-verbessern-bundesrat-will-luecken-bei-der-planung-von-grossraeumigen-evakuierungen-schliessen\/"]}]},{"@type":"ImageObject","inLanguage":"fr-FR","@id":"https:\/\/news.save.ch\/sicherheit-der-bevoelkerung-verbessern-bundesrat-will-luecken-bei-der-planung-von-grossraeumigen-evakuierungen-schliessen\/#primaryimage","url":"https:\/\/news.save.ch\/wp-content\/uploads\/2025\/11\/Depositphotos_599616798_S-680x454.jpg","contentUrl":"https:\/\/news.save.ch\/wp-content\/uploads\/2025\/11\/Depositphotos_599616798_S-680x454.jpg"},{"@type":"BreadcrumbList","@id":"https:\/\/news.save.ch\/sicherheit-der-bevoelkerung-verbessern-bundesrat-will-luecken-bei-der-planung-von-grossraeumigen-evakuierungen-schliessen\/#breadcrumb","itemListElement":[{"@type":"ListItem","position":1,"name":"Home","item":"https:\/\/news.save.ch\/de\/"},{"@type":"ListItem","position":2,"name":"Sicherheit der Bev\u00f6lkerung verbessern: Bundesrat will L\u00fccken bei der Planung von grossr\u00e4umigen Evakuierungen schliessen"}]},{"@type":"WebSite","@id":"https:\/\/news.save.ch\/de\/#website","url":"https:\/\/news.save.ch\/de\/","name":"Save","description":"Revue suisse sp\u00e9cialis\u00e9e dans la s\u00e9curit\u00e9","publisher":{"@id":"https:\/\/news.save.ch\/de\/#organization"},"potentialAction":[{"@type":"SearchAction","target":{"@type":"EntryPoint","urlTemplate":"https:\/\/news.save.ch\/de\/?s={search_term_string}"},"query-input":{"@type":"PropertyValueSpecification","valueRequired":true,"valueName":"search_term_string"}}],"inLanguage":"fr-FR"},{"@type":"Organization","@id":"https:\/\/news.save.ch\/de\/#organization","name":"Forum sur la s\u00e9curit\u00e9","url":"https:\/\/news.save.ch\/de\/","logo":{"@type":"ImageObject","inLanguage":"fr-FR","@id":"https:\/\/news.save.ch\/de\/#\/schema\/logo\/image\/","url":"https:\/\/news.save.ch\/wp-content\/uploads\/2022\/06\/Logo_SF_2012.png","contentUrl":"https:\/\/news.save.ch\/wp-content\/uploads\/2022\/06\/Logo_SF_2012.png","width":1100,"height":91,"caption":"Sicherheitsforum"},"image":{"@id":"https:\/\/news.save.ch\/de\/#\/schema\/logo\/image\/"}},{"@type":"Person","@id":"https:\/\/news.save.ch\/de\/#\/schema\/person\/10917387362b3961e882740f6cf6f2a2","name":"stefanie Zeng","image":{"@type":"ImageObject","inLanguage":"fr-FR","@id":"https:\/\/secure.gravatar.com\/avatar\/eac43faa6e40bb2c41068c95c9d78bbd94c476d5efdff7abaab80bb3ea681e06?s=96&d=mm&r=g","url":"https:\/\/secure.gravatar.com\/avatar\/eac43faa6e40bb2c41068c95c9d78bbd94c476d5efdff7abaab80bb3ea681e06?s=96&d=mm&r=g","contentUrl":"https:\/\/secure.gravatar.com\/avatar\/eac43faa6e40bb2c41068c95c9d78bbd94c476d5efdff7abaab80bb3ea681e06?s=96&d=mm&r=g","caption":"stefanie Zeng"},"url":"https:\/\/news.save.ch\/fr\/author\/stefanie-zeng\/"}]}},"_links":{"self":[{"href":"https:\/\/news.save.ch\/fr\/wp-json\/wp\/v2\/posts\/24701","targetHints":{"allow":["GET"]}}],"collection":[{"href":"https:\/\/news.save.ch\/fr\/wp-json\/wp\/v2\/posts"}],"about":[{"href":"https:\/\/news.save.ch\/fr\/wp-json\/wp\/v2\/types\/post"}],"author":[{"embeddable":true,"href":"https:\/\/news.save.ch\/fr\/wp-json\/wp\/v2\/users\/31"}],"replies":[{"embeddable":true,"href":"https:\/\/news.save.ch\/fr\/wp-json\/wp\/v2\/comments?post=24701"}],"version-history":[{"count":2,"href":"https:\/\/news.save.ch\/fr\/wp-json\/wp\/v2\/posts\/24701\/revisions"}],"predecessor-version":[{"id":24704,"href":"https:\/\/news.save.ch\/fr\/wp-json\/wp\/v2\/posts\/24701\/revisions\/24704"}],"wp:attachment":[{"href":"https:\/\/news.save.ch\/fr\/wp-json\/wp\/v2\/media?parent=24701"}],"wp:term":[{"taxonomy":"category","embeddable":true,"href":"https:\/\/news.save.ch\/fr\/wp-json\/wp\/v2\/categories?post=24701"},{"taxonomy":"post_tag","embeddable":true,"href":"https:\/\/news.save.ch\/fr\/wp-json\/wp\/v2\/tags?post=24701"}],"curies":[{"name":"wp","href":"https:\/\/api.w.org\/{rel}","templated":true}]}}