{"id":2474,"date":"2017-12-13T15:21:47","date_gmt":"2017-12-13T14:21:47","guid":{"rendered":"https:\/\/news.save.ch\/?p=2474"},"modified":"2023-03-14T09:04:18","modified_gmt":"2023-03-14T08:04:18","slug":"erhoehte-brandgefahr-waehrend-der-adventszeit","status":null,"type":"post","link":"https:\/\/news.save.ch\/fr\/erhoehte-brandgefahr-waehrend-der-adventszeit\/","title":{"rendered":"Risque d'incendie accru pendant la p\u00e9riode de l'Avent"},"content":{"rendered":"<figure id=\"attachment_2475\" aria-describedby=\"caption-attachment-2475\" style=\"width: 680px\" class=\"wp-caption alignnone\"><img loading=\"lazy\" decoding=\"async\" class=\"size-medium wp-image-2475\" src=\"http:\/\/develop.safety-plus.ch\/wp-content\/uploads\/2017\/12\/Depositphotos_Patryk_Kosmider.jpg\" alt=\"\" width=\"680\" height=\"453\" \/><figcaption id=\"caption-attachment-2475\" class=\"wp-caption-text\">Les bougies allum\u00e9es sont souvent \u00e0 l'origine d'incendies de maisons et d'appartements. Les guirlandes lumineuses et les bougies \u00e0 LED s'imposent comme une alternative sans risque d'incendie. \u00a9 Depositphotos\/Patryk_Kosmider<\/figcaption><\/figure>\n<p>Les bougies cr\u00e9ent une atmosph\u00e8re agr\u00e9able \u00e0 la maison. Toutefois, elles pr\u00e9sentent \u00e9galement un risque d'incendie accru. Une bougie qui vacille encore doucement peut rapidement r\u00e9duire un salon en cendres. La plupart des incendies provoqu\u00e9s par des bougies sont dus \u00e0 une imprudence. Quitter une pi\u00e8ce avec des bougies allum\u00e9es, c'est toujours risquer un incendie de maison ou d'appartement. Les bougies laiss\u00e9es sans surveillance peuvent \u00eatre renvers\u00e9es par des enfants qui jouent ou des animaux domestiques et enflammer des objets facilement inflammables. En outre, les brindilles s\u00e8ches de la couronne de l'Avent et du sapin de No\u00ebl prennent rapidement feu. Il est donc recommand\u00e9 de ne plus allumer de bougies sur une couronne de l'Avent ou un sapin de No\u00ebl secs.<\/p>\n<p><strong>Alternative : guirlandes lumineuses LED et bougies LED <\/strong><\/p>\n<p>Les guirlandes lumineuses et les bougies \u00e0 LED s'imposent comme une alternative sans risque d'incendie. Il faut veiller \u00e0 ne pas surcharger les prises \u00e9lectriques et \u00e0 ne pas ajouter de prises multiples aux prises multiples. Les sprays pour la neige contiennent souvent comme agent propulseur <a href=\"https:\/\/news.save.ch\/fr\/fluessiggas-gesetzgebung-angepasst\/\" target=\"_blank\" rel=\"noopener\">gaz liqu\u00e9fi\u00e9 explosif<\/a>. C'est pourquoi il ne faut les utiliser qu'en cas de bonne a\u00e9ration et non en pr\u00e9sence de flammes nues, et respecter les instructions figurant sur le spray. En cas d'incendie, il faut d'abord alerter les pompiers. Ensuite, les personnes concern\u00e9es seront sauv\u00e9es et on tentera d'\u00e9teindre le feu. <a href=\"https:\/\/news.save.ch\/fr\/feuergefahr-in-der-adventszeit-kerzenbraende-vermeiden\/\" target=\"_blank\" rel=\"noopener\">\u00e9teindre le feu<\/a>.<\/p>\n<p><strong>Pour une p\u00e9riode de l'Avent et de No\u00ebl sans incendie, le Cipi et le bpa donnent les conseils de s\u00e9curit\u00e9 suivants :<\/strong><\/p>\n<ul>\n<li>Eteindre les bougies si elles ne peuvent pas \u00eatre surveill\u00e9es.<\/li>\n<li>Ne pas laisser les enfants et les animaux domestiques seuls dans une pi\u00e8ce avec des bougies allum\u00e9es.<\/li>\n<li>Placer les bougies de mani\u00e8re stable, sur un support ininflammable et \u00e0 une distance suffisante des textiles, d\u00e9corations et autres mat\u00e9riaux inflammables.<\/li>\n<li>Veiller \u00e0 ce que les bougies tiennent fermement et verticalement sur la couronne de l'Avent et le sapin de No\u00ebl.<\/li>\n<li>Remplacer les bougies avant qu'elles ne soient consum\u00e9es.<\/li>\n<li>Les bouquets de l'Avent secs ne sont jamais en <a href=\"https:\/\/news.save.ch\/fr\/achtung-chemineebraende\/\" target=\"_blank\" rel=\"noopener\">Chemin\u00e9e<\/a> les br\u00fbler, mais les \u00e9liminer.<\/li>\n<li>Pr\u00e9voir un seau d'eau ou une couverture anti-feu en cas d'urgence.<\/li>\n<li>...ou passer directement aux bougies LED au look cire v\u00e9ritable (conseil de la r\u00e9daction) !<\/li>\n<\/ul>\n<p><a href=\"http:\/\/www.bfu.ch\" target=\"_blank\" rel=\"noopener\">bpa - Bureau de pr\u00e9vention des accidents<\/a><\/p>\n<p>&nbsp;<\/p>","protected":false},"excerpt":{"rendered":"<p>Zuhause sorgen Kerzen f\u00fcr eine wohlige Atmosph\u00e4re. Allerdings ist damit auch ein erh\u00f6htes Brandrisiko verbunden. Eine soeben noch sanft flackernde Kerze kann ein Wohnzimmer innert K\u00fcrze in Schutt und Asche legen. Die meisten durch Kerzen verursachten Br\u00e4nde ereignen sich aufgrund von Unachtsamkeit. Wer einen Raum mit brennenden Kerzen verl\u00e4sst, riskiert immer einen Haus- oder Wohnungsbrand. [&hellip;]<\/p>\n","protected":false},"author":1,"featured_media":16242,"comment_status":"open","ping_status":"open","sticky":false,"template":"","format":"standard","meta":{"_acf_changed":false,"pgc_sgb_lightbox_settings":"","footnotes":""},"categories":[1,3314],"tags":[105,907,156,1814,2358,175,141,68],"class_list":["post-2474","post","type-post","status-publish","format-standard","has-post-thumbnail","hentry","category-allgemein","category-health-safety","tag-brandbekaempfung","tag-brandgefahr","tag-brandschutz","tag-brennbaren-materialie","tag-kerzen","tag-nichtberufsunfaelle","tag-praevention","tag-tipps-und-tricks"],"acf":[],"hkrextid":null,"publication":null,"issue":null,"workflow":null,"startPage":null,"spitzmarke":null,"_posts_by_tag_page_fields":{"widget_title":"","widget_tags":""},"_at_widget":"1","_yoast_wpseo_primary_category":"1","_yoast_wpseo_focuskw_text_input":"Erh\u00f6hte Brandgefahr","_yoast_wpseo_opengraph-image":null,"_yoast_wpseo_opengraph-description":null,"_yoast_wpseo_opengraph-title":null,"enclosure":null,"_yoast_wpseo_twitter-title":null,"_yoast_wpseo_twitter-description":null,"_yoast_wpseo_twitter-image":null,"_wp_old_slug":null,"_yoast_wpseo_title":null,"_yoast_wpseo_canonical":null,"yoast_head":"<!-- This site is optimized with the Yoast SEO plugin v27.5 - https:\/\/yoast.com\/product\/yoast-seo-wordpress\/ -->\n<title>Erh\u00f6hte Brandgefahr w\u00e4hrend der Adventszeit - Save<\/title>\n<meta name=\"description\" content=\"Brennende Kerzen sind oft die Ursache f\u00fcr Haus- und Wohnungsbr\u00e4nde. Ungef\u00e4hrliche Alternative sind LED-Lichterketten und LED-Kerzen.\" \/>\n<meta name=\"robots\" content=\"index, follow, max-snippet:-1, max-image-preview:large, max-video-preview:-1\" \/>\n<link rel=\"canonical\" href=\"https:\/\/news.save.ch\/fr\/erhoehte-brandgefahr-waehrend-der-adventszeit\/\" \/>\n<meta property=\"og:locale\" content=\"fr_FR\" \/>\n<meta property=\"og:type\" content=\"article\" \/>\n<meta property=\"og:title\" content=\"Erh\u00f6hte Brandgefahr w\u00e4hrend der Adventszeit - Save\" \/>\n<meta property=\"og:description\" content=\"Brennende Kerzen sind oft die Ursache f\u00fcr Haus- und Wohnungsbr\u00e4nde. Ungef\u00e4hrliche Alternative sind LED-Lichterketten und LED-Kerzen.\" \/>\n<meta property=\"og:url\" content=\"https:\/\/news.save.ch\/fr\/erhoehte-brandgefahr-waehrend-der-adventszeit\/\" \/>\n<meta property=\"og:site_name\" content=\"Save\" \/>\n<meta property=\"article:published_time\" content=\"2017-12-13T14:21:47+00:00\" \/>\n<meta property=\"article:modified_time\" content=\"2023-03-14T08:04:18+00:00\" \/>\n<meta property=\"og:image\" content=\"https:\/\/news.save.ch\/wp-content\/uploads\/2017\/12\/Depositphotos_Patryk_Kosmider-scaled-1.jpg\" \/>\n\t<meta property=\"og:image:width\" content=\"1200\" \/>\n\t<meta property=\"og:image:height\" content=\"800\" \/>\n\t<meta property=\"og:image:type\" content=\"image\/jpeg\" \/>\n<meta name=\"author\" content=\"admin\" \/>\n<meta name=\"twitter:card\" content=\"summary_large_image\" \/>\n<meta name=\"twitter:label1\" content=\"\u00c9crit par\" \/>\n\t<meta name=\"twitter:data1\" content=\"admin\" \/>\n\t<meta name=\"twitter:label2\" content=\"Dur\u00e9e de lecture estim\u00e9e\" \/>\n\t<meta name=\"twitter:data2\" content=\"2 minutes\" \/>\n<script type=\"application\/ld+json\" class=\"yoast-schema-graph\">{\"@context\":\"https:\\\/\\\/schema.org\",\"@graph\":[{\"@type\":\"Article\",\"@id\":\"https:\\\/\\\/news.save.ch\\\/erhoehte-brandgefahr-waehrend-der-adventszeit\\\/#article\",\"isPartOf\":{\"@id\":\"https:\\\/\\\/news.save.ch\\\/erhoehte-brandgefahr-waehrend-der-adventszeit\\\/\"},\"author\":{\"name\":\"admin\",\"@id\":\"https:\\\/\\\/news.save.ch\\\/de\\\/#\\\/schema\\\/person\\\/d49e199490bad7c70d64b9ab51142f2b\"},\"headline\":\"Erh\u00f6hte Brandgefahr w\u00e4hrend der Adventszeit\",\"datePublished\":\"2017-12-13T14:21:47+00:00\",\"dateModified\":\"2023-03-14T08:04:18+00:00\",\"mainEntityOfPage\":{\"@id\":\"https:\\\/\\\/news.save.ch\\\/erhoehte-brandgefahr-waehrend-der-adventszeit\\\/\"},\"wordCount\":350,\"commentCount\":0,\"publisher\":{\"@id\":\"https:\\\/\\\/news.save.ch\\\/de\\\/#organization\"},\"image\":{\"@id\":\"https:\\\/\\\/news.save.ch\\\/erhoehte-brandgefahr-waehrend-der-adventszeit\\\/#primaryimage\"},\"thumbnailUrl\":\"https:\\\/\\\/news.save.ch\\\/wp-content\\\/uploads\\\/2017\\\/12\\\/Depositphotos_Patryk_Kosmider-scaled-1.jpg\",\"keywords\":[\"Brandbek\u00e4mpfung\",\"Brandgefahr\",\"Brandschutz\",\"brennbaren Materialie\",\"Kerzen\",\"Nichtberufsunf\u00e4lle\",\"Pr\u00e4vention\",\"Tipps und Tricks\"],\"articleSection\":[\"ALLGEMEIN\",\"HEALTH &amp; SAFETY\"],\"inLanguage\":\"fr-FR\"},{\"@type\":\"WebPage\",\"@id\":\"https:\\\/\\\/news.save.ch\\\/erhoehte-brandgefahr-waehrend-der-adventszeit\\\/\",\"url\":\"https:\\\/\\\/news.save.ch\\\/erhoehte-brandgefahr-waehrend-der-adventszeit\\\/\",\"name\":\"Erh\u00f6hte Brandgefahr w\u00e4hrend der Adventszeit - Save\",\"isPartOf\":{\"@id\":\"https:\\\/\\\/news.save.ch\\\/de\\\/#website\"},\"primaryImageOfPage\":{\"@id\":\"https:\\\/\\\/news.save.ch\\\/erhoehte-brandgefahr-waehrend-der-adventszeit\\\/#primaryimage\"},\"image\":{\"@id\":\"https:\\\/\\\/news.save.ch\\\/erhoehte-brandgefahr-waehrend-der-adventszeit\\\/#primaryimage\"},\"thumbnailUrl\":\"https:\\\/\\\/news.save.ch\\\/wp-content\\\/uploads\\\/2017\\\/12\\\/Depositphotos_Patryk_Kosmider-scaled-1.jpg\",\"datePublished\":\"2017-12-13T14:21:47+00:00\",\"dateModified\":\"2023-03-14T08:04:18+00:00\",\"description\":\"Brennende Kerzen sind oft die Ursache f\u00fcr Haus- und Wohnungsbr\u00e4nde. Ungef\u00e4hrliche Alternative sind LED-Lichterketten und LED-Kerzen.\",\"breadcrumb\":{\"@id\":\"https:\\\/\\\/news.save.ch\\\/erhoehte-brandgefahr-waehrend-der-adventszeit\\\/#breadcrumb\"},\"inLanguage\":\"fr-FR\",\"potentialAction\":[{\"@type\":\"ReadAction\",\"target\":[\"https:\\\/\\\/news.save.ch\\\/erhoehte-brandgefahr-waehrend-der-adventszeit\\\/\"]}]},{\"@type\":\"ImageObject\",\"inLanguage\":\"fr-FR\",\"@id\":\"https:\\\/\\\/news.save.ch\\\/erhoehte-brandgefahr-waehrend-der-adventszeit\\\/#primaryimage\",\"url\":\"https:\\\/\\\/news.save.ch\\\/wp-content\\\/uploads\\\/2017\\\/12\\\/Depositphotos_Patryk_Kosmider-scaled-1.jpg\",\"contentUrl\":\"https:\\\/\\\/news.save.ch\\\/wp-content\\\/uploads\\\/2017\\\/12\\\/Depositphotos_Patryk_Kosmider-scaled-1.jpg\",\"width\":1200,\"height\":800,\"caption\":\"Brennende Kerzen sind oft die Ursache f\u00fcr Haus- und Wohnungsbr\u00e4nde. Als brandtechnisch ungef\u00e4hrliche Alternative etablieren sich LED-Lichterketten und LED-Kerzen. \u00a9 Depositphotos\\\/Patryk_Kosmider\"},{\"@type\":\"BreadcrumbList\",\"@id\":\"https:\\\/\\\/news.save.ch\\\/erhoehte-brandgefahr-waehrend-der-adventszeit\\\/#breadcrumb\",\"itemListElement\":[{\"@type\":\"ListItem\",\"position\":1,\"name\":\"Home\",\"item\":\"https:\\\/\\\/news.save.ch\\\/de\\\/\"},{\"@type\":\"ListItem\",\"position\":2,\"name\":\"Erh\u00f6hte Brandgefahr w\u00e4hrend der Adventszeit\"}]},{\"@type\":\"WebSite\",\"@id\":\"https:\\\/\\\/news.save.ch\\\/de\\\/#website\",\"url\":\"https:\\\/\\\/news.save.ch\\\/de\\\/\",\"name\":\"Save\",\"description\":\"Schweizer Fachzeitschrift f\u00fcr Sicherheit\",\"publisher\":{\"@id\":\"https:\\\/\\\/news.save.ch\\\/de\\\/#organization\"},\"potentialAction\":[{\"@type\":\"SearchAction\",\"target\":{\"@type\":\"EntryPoint\",\"urlTemplate\":\"https:\\\/\\\/news.save.ch\\\/de\\\/?s={search_term_string}\"},\"query-input\":{\"@type\":\"PropertyValueSpecification\",\"valueRequired\":true,\"valueName\":\"search_term_string\"}}],\"inLanguage\":\"fr-FR\"},{\"@type\":\"Organization\",\"@id\":\"https:\\\/\\\/news.save.ch\\\/de\\\/#organization\",\"name\":\"Sicherheitsforum\",\"url\":\"https:\\\/\\\/news.save.ch\\\/de\\\/\",\"logo\":{\"@type\":\"ImageObject\",\"inLanguage\":\"fr-FR\",\"@id\":\"https:\\\/\\\/news.save.ch\\\/de\\\/#\\\/schema\\\/logo\\\/image\\\/\",\"url\":\"https:\\\/\\\/news.save.ch\\\/wp-content\\\/uploads\\\/2022\\\/06\\\/Logo_SF_2012.png\",\"contentUrl\":\"https:\\\/\\\/news.save.ch\\\/wp-content\\\/uploads\\\/2022\\\/06\\\/Logo_SF_2012.png\",\"width\":1100,\"height\":91,\"caption\":\"Sicherheitsforum\"},\"image\":{\"@id\":\"https:\\\/\\\/news.save.ch\\\/de\\\/#\\\/schema\\\/logo\\\/image\\\/\"}},{\"@type\":\"Person\",\"@id\":\"https:\\\/\\\/news.save.ch\\\/de\\\/#\\\/schema\\\/person\\\/d49e199490bad7c70d64b9ab51142f2b\",\"name\":\"admin\",\"image\":{\"@type\":\"ImageObject\",\"inLanguage\":\"fr-FR\",\"@id\":\"https:\\\/\\\/secure.gravatar.com\\\/avatar\\\/ae2f4d718e6c49043e314ce431e7e645d646302a24a5ef5a8bc8e3f5a032e319?s=96&d=mm&r=g\",\"url\":\"https:\\\/\\\/secure.gravatar.com\\\/avatar\\\/ae2f4d718e6c49043e314ce431e7e645d646302a24a5ef5a8bc8e3f5a032e319?s=96&d=mm&r=g\",\"contentUrl\":\"https:\\\/\\\/secure.gravatar.com\\\/avatar\\\/ae2f4d718e6c49043e314ce431e7e645d646302a24a5ef5a8bc8e3f5a032e319?s=96&d=mm&r=g\",\"caption\":\"admin\"},\"sameAs\":[\"https:\\\/\\\/develop.organisator.galledia.ch\"],\"url\":\"https:\\\/\\\/news.save.ch\\\/fr\\\/author\\\/admin\\\/\"}]}<\/script>\n<!-- \/ Yoast SEO plugin. -->","yoast_head_json":{"title":"Risque d'incendie accru pendant la p\u00e9riode de l'Avent - Save","description":"Les bougies allum\u00e9es sont souvent \u00e0 l'origine d'incendies de maisons et d'appartements. Les guirlandes lumineuses et les bougies \u00e0 LED constituent une alternative non dangereuse.","robots":{"index":"index","follow":"follow","max-snippet":"max-snippet:-1","max-image-preview":"max-image-preview:large","max-video-preview":"max-video-preview:-1"},"canonical":"https:\/\/news.save.ch\/fr\/erhoehte-brandgefahr-waehrend-der-adventszeit\/","og_locale":"fr_FR","og_type":"article","og_title":"Erh\u00f6hte Brandgefahr w\u00e4hrend der Adventszeit - Save","og_description":"Brennende Kerzen sind oft die Ursache f\u00fcr Haus- und Wohnungsbr\u00e4nde. Ungef\u00e4hrliche Alternative sind LED-Lichterketten und LED-Kerzen.","og_url":"https:\/\/news.save.ch\/fr\/erhoehte-brandgefahr-waehrend-der-adventszeit\/","og_site_name":"Save","article_published_time":"2017-12-13T14:21:47+00:00","article_modified_time":"2023-03-14T08:04:18+00:00","og_image":[{"width":1200,"height":800,"url":"https:\/\/news.save.ch\/wp-content\/uploads\/2017\/12\/Depositphotos_Patryk_Kosmider-scaled-1.jpg","type":"image\/jpeg"}],"author":"admin","twitter_card":"summary_large_image","twitter_misc":{"\u00c9crit par":"admin","Dur\u00e9e de lecture estim\u00e9e":"2 minutes"},"schema":{"@context":"https:\/\/schema.org","@graph":[{"@type":"Article","@id":"https:\/\/news.save.ch\/erhoehte-brandgefahr-waehrend-der-adventszeit\/#article","isPartOf":{"@id":"https:\/\/news.save.ch\/erhoehte-brandgefahr-waehrend-der-adventszeit\/"},"author":{"name":"admin","@id":"https:\/\/news.save.ch\/de\/#\/schema\/person\/d49e199490bad7c70d64b9ab51142f2b"},"headline":"Erh\u00f6hte Brandgefahr w\u00e4hrend der Adventszeit","datePublished":"2017-12-13T14:21:47+00:00","dateModified":"2023-03-14T08:04:18+00:00","mainEntityOfPage":{"@id":"https:\/\/news.save.ch\/erhoehte-brandgefahr-waehrend-der-adventszeit\/"},"wordCount":350,"commentCount":0,"publisher":{"@id":"https:\/\/news.save.ch\/de\/#organization"},"image":{"@id":"https:\/\/news.save.ch\/erhoehte-brandgefahr-waehrend-der-adventszeit\/#primaryimage"},"thumbnailUrl":"https:\/\/news.save.ch\/wp-content\/uploads\/2017\/12\/Depositphotos_Patryk_Kosmider-scaled-1.jpg","keywords":["Brandbek\u00e4mpfung","Brandgefahr","Brandschutz","brennbaren Materialie","Kerzen","Nichtberufsunf\u00e4lle","Pr\u00e4vention","Tipps und Tricks"],"articleSection":["ALLGEMEIN","HEALTH &amp; SAFETY"],"inLanguage":"fr-FR"},{"@type":"WebPage","@id":"https:\/\/news.save.ch\/erhoehte-brandgefahr-waehrend-der-adventszeit\/","url":"https:\/\/news.save.ch\/erhoehte-brandgefahr-waehrend-der-adventszeit\/","name":"Risque d'incendie accru pendant la p\u00e9riode de l'Avent - Save","isPartOf":{"@id":"https:\/\/news.save.ch\/de\/#website"},"primaryImageOfPage":{"@id":"https:\/\/news.save.ch\/erhoehte-brandgefahr-waehrend-der-adventszeit\/#primaryimage"},"image":{"@id":"https:\/\/news.save.ch\/erhoehte-brandgefahr-waehrend-der-adventszeit\/#primaryimage"},"thumbnailUrl":"https:\/\/news.save.ch\/wp-content\/uploads\/2017\/12\/Depositphotos_Patryk_Kosmider-scaled-1.jpg","datePublished":"2017-12-13T14:21:47+00:00","dateModified":"2023-03-14T08:04:18+00:00","description":"Les bougies allum\u00e9es sont souvent \u00e0 l'origine d'incendies de maisons et d'appartements. Les guirlandes lumineuses et les bougies \u00e0 LED constituent une alternative non dangereuse.","breadcrumb":{"@id":"https:\/\/news.save.ch\/erhoehte-brandgefahr-waehrend-der-adventszeit\/#breadcrumb"},"inLanguage":"fr-FR","potentialAction":[{"@type":"ReadAction","target":["https:\/\/news.save.ch\/erhoehte-brandgefahr-waehrend-der-adventszeit\/"]}]},{"@type":"ImageObject","inLanguage":"fr-FR","@id":"https:\/\/news.save.ch\/erhoehte-brandgefahr-waehrend-der-adventszeit\/#primaryimage","url":"https:\/\/news.save.ch\/wp-content\/uploads\/2017\/12\/Depositphotos_Patryk_Kosmider-scaled-1.jpg","contentUrl":"https:\/\/news.save.ch\/wp-content\/uploads\/2017\/12\/Depositphotos_Patryk_Kosmider-scaled-1.jpg","width":1200,"height":800,"caption":"Brennende Kerzen sind oft die Ursache f\u00fcr Haus- und Wohnungsbr\u00e4nde. Als brandtechnisch ungef\u00e4hrliche Alternative etablieren sich LED-Lichterketten und LED-Kerzen. \u00a9 Depositphotos\/Patryk_Kosmider"},{"@type":"BreadcrumbList","@id":"https:\/\/news.save.ch\/erhoehte-brandgefahr-waehrend-der-adventszeit\/#breadcrumb","itemListElement":[{"@type":"ListItem","position":1,"name":"Home","item":"https:\/\/news.save.ch\/de\/"},{"@type":"ListItem","position":2,"name":"Erh\u00f6hte Brandgefahr w\u00e4hrend der Adventszeit"}]},{"@type":"WebSite","@id":"https:\/\/news.save.ch\/de\/#website","url":"https:\/\/news.save.ch\/de\/","name":"Save","description":"Revue suisse sp\u00e9cialis\u00e9e dans la s\u00e9curit\u00e9","publisher":{"@id":"https:\/\/news.save.ch\/de\/#organization"},"potentialAction":[{"@type":"SearchAction","target":{"@type":"EntryPoint","urlTemplate":"https:\/\/news.save.ch\/de\/?s={search_term_string}"},"query-input":{"@type":"PropertyValueSpecification","valueRequired":true,"valueName":"search_term_string"}}],"inLanguage":"fr-FR"},{"@type":"Organization","@id":"https:\/\/news.save.ch\/de\/#organization","name":"Forum sur la s\u00e9curit\u00e9","url":"https:\/\/news.save.ch\/de\/","logo":{"@type":"ImageObject","inLanguage":"fr-FR","@id":"https:\/\/news.save.ch\/de\/#\/schema\/logo\/image\/","url":"https:\/\/news.save.ch\/wp-content\/uploads\/2022\/06\/Logo_SF_2012.png","contentUrl":"https:\/\/news.save.ch\/wp-content\/uploads\/2022\/06\/Logo_SF_2012.png","width":1100,"height":91,"caption":"Sicherheitsforum"},"image":{"@id":"https:\/\/news.save.ch\/de\/#\/schema\/logo\/image\/"}},{"@type":"Person","@id":"https:\/\/news.save.ch\/de\/#\/schema\/person\/d49e199490bad7c70d64b9ab51142f2b","name":"admin","image":{"@type":"ImageObject","inLanguage":"fr-FR","@id":"https:\/\/secure.gravatar.com\/avatar\/ae2f4d718e6c49043e314ce431e7e645d646302a24a5ef5a8bc8e3f5a032e319?s=96&d=mm&r=g","url":"https:\/\/secure.gravatar.com\/avatar\/ae2f4d718e6c49043e314ce431e7e645d646302a24a5ef5a8bc8e3f5a032e319?s=96&d=mm&r=g","contentUrl":"https:\/\/secure.gravatar.com\/avatar\/ae2f4d718e6c49043e314ce431e7e645d646302a24a5ef5a8bc8e3f5a032e319?s=96&d=mm&r=g","caption":"admin"},"sameAs":["https:\/\/develop.organisator.galledia.ch"],"url":"https:\/\/news.save.ch\/fr\/author\/admin\/"}]}},"_links":{"self":[{"href":"https:\/\/news.save.ch\/fr\/wp-json\/wp\/v2\/posts\/2474","targetHints":{"allow":["GET"]}}],"collection":[{"href":"https:\/\/news.save.ch\/fr\/wp-json\/wp\/v2\/posts"}],"about":[{"href":"https:\/\/news.save.ch\/fr\/wp-json\/wp\/v2\/types\/post"}],"author":[{"embeddable":true,"href":"https:\/\/news.save.ch\/fr\/wp-json\/wp\/v2\/users\/1"}],"replies":[{"embeddable":true,"href":"https:\/\/news.save.ch\/fr\/wp-json\/wp\/v2\/comments?post=2474"}],"version-history":[{"count":1,"href":"https:\/\/news.save.ch\/fr\/wp-json\/wp\/v2\/posts\/2474\/revisions"}],"predecessor-version":[{"id":18931,"href":"https:\/\/news.save.ch\/fr\/wp-json\/wp\/v2\/posts\/2474\/revisions\/18931"}],"wp:featuredmedia":[{"embeddable":true,"href":"https:\/\/news.save.ch\/fr\/wp-json\/wp\/v2\/media\/16242"}],"wp:attachment":[{"href":"https:\/\/news.save.ch\/fr\/wp-json\/wp\/v2\/media?parent=2474"}],"wp:term":[{"taxonomy":"category","embeddable":true,"href":"https:\/\/news.save.ch\/fr\/wp-json\/wp\/v2\/categories?post=2474"},{"taxonomy":"post_tag","embeddable":true,"href":"https:\/\/news.save.ch\/fr\/wp-json\/wp\/v2\/tags?post=2474"}],"curies":[{"name":"wp","href":"https:\/\/api.w.org\/{rel}","templated":true}]}}