{"id":24781,"date":"2025-12-01T18:15:05","date_gmt":"2025-12-01T17:15:05","guid":{"rendered":"https:\/\/news.save.ch\/?p=24781"},"modified":"2025-12-01T18:20:06","modified_gmt":"2025-12-01T17:20:06","slug":"das-schweizer-tiefenlager-heisst-terradura","status":null,"type":"post","link":"https:\/\/news.save.ch\/fr\/das-schweizer-tiefenlager-heisst-terradura\/","title":{"rendered":"Le d\u00e9p\u00f4t suisse en profondeur s'appelle \u00abTerradura\u00bb"},"content":{"rendered":"<section id=\"\" class=\"hero donthyphenate hyphens-Manual\">\n<div class=\"hero-content\">\n<div class=\"container h-100\">\n<div class=\"row h-100 hero-content-row\">\n<div class=\"col-12 col-md-4 col-lg-5\">\n<div class=\"text-end fw-bold small pt-3\">\n<figure id=\"attachment_24783\" aria-describedby=\"caption-attachment-24783\" style=\"width: 680px\" class=\"wp-caption alignnone\"><img loading=\"lazy\" decoding=\"async\" class=\"size-medium wp-image-24783\" src=\"https:\/\/news.save.ch\/wp-content\/uploads\/2025\/12\/Bildschirmfoto-2025-12-01-um-18.18.03-680x447.png\" alt=\"\" width=\"680\" height=\"447\" srcset=\"https:\/\/news.save.ch\/wp-content\/uploads\/2025\/12\/Bildschirmfoto-2025-12-01-um-18.18.03-680x447.png 680w, https:\/\/news.save.ch\/wp-content\/uploads\/2025\/12\/Bildschirmfoto-2025-12-01-um-18.18.03-1024x673.png 1024w, https:\/\/news.save.ch\/wp-content\/uploads\/2025\/12\/Bildschirmfoto-2025-12-01-um-18.18.03-768x505.png 768w, https:\/\/news.save.ch\/wp-content\/uploads\/2025\/12\/Bildschirmfoto-2025-12-01-um-18.18.03-1536x1010.png 1536w, https:\/\/news.save.ch\/wp-content\/uploads\/2025\/12\/Bildschirmfoto-2025-12-01-um-18.18.03-18x12.png 18w, https:\/\/news.save.ch\/wp-content\/uploads\/2025\/12\/Bildschirmfoto-2025-12-01-um-18.18.03-375x247.png 375w, https:\/\/news.save.ch\/wp-content\/uploads\/2025\/12\/Bildschirmfoto-2025-12-01-um-18.18.03-532x350.png 532w, https:\/\/news.save.ch\/wp-content\/uploads\/2025\/12\/Bildschirmfoto-2025-12-01-um-18.18.03-1000x657.png 1000w, https:\/\/news.save.ch\/wp-content\/uploads\/2025\/12\/Bildschirmfoto-2025-12-01-um-18.18.03-scaled.png 1200w\" sizes=\"auto, (max-width: 680px) 100vw, 680px\" \/><figcaption id=\"caption-attachment-24783\" class=\"wp-caption-text\">ensi.admin.ch<\/figcaption><\/figure>\n<p>\u00abTerradura - D\u00e9p\u00f4t en couches g\u00e9ologiques profondes Suisse\u00bb : c'est le nom que porte depuis aujourd'hui le projet du si\u00e8cle de d\u00e9p\u00f4t en couches profondes. Lors du vote en ligne, le terme s'est impos\u00e9 face \u00e0 quatre autres propositions de nom. A l'origine, plus de 3000 propositions de noms avaient \u00e9t\u00e9 soumises par la population suisse.<\/p>\n<\/div>\n<\/div>\n<\/div>\n<\/div>\n<\/div>\n<\/section>\n<section class=\"text-image-post darker\">\n<div class=\"container\">\n<div class=\"row align-items-center\">\n<div class=\"offset-lg-1 col-md-10 col-lg-7 col-xl-6\">\n<h3><strong>Processus de participation nationale<\/strong><\/h3>\n<p>Au cours des derni\u00e8res semaines, la Suisse a vot\u00e9 sur le nom qui caract\u00e9risera \u00e0 l'avenir la communication sur le d\u00e9p\u00f4t en couches g\u00e9ologiques profondes suisse. Le \u00abForum sur le nom du d\u00e9p\u00f4t en profondeur en Suisse\u00bb a organis\u00e9 ce processus de participation nationale.<\/p>\n<p>Les personnes int\u00e9ress\u00e9es de toutes les r\u00e9gions du pays ont ainsi pu soumettre leurs id\u00e9es en ligne. Le jury du forum des noms a s\u00e9lectionn\u00e9 cinq propositions parmi les plus de 3000 soumises pour le vote final en ligne.<\/p>\n<p>Le choix s'est port\u00e9 sur : ATLASuisse, Peradina, Stadelnova, Soluterra et Terradura.<\/p>\n<\/div>\n<\/div>\n<\/div>\n<\/section>\n<section class=\"highlight Red aos-init aos-animate\" data-aos=\"fade\" data-aos-duration=\"1000\">\n<div class=\"container\">\n<div class=\"row overflow-hidden\">\n<div class=\"highlight-image darken\"><\/div>\n<div class=\"col-lg-9 offset-lg-1 offset-xl-2 col-xxl-7 highlight-content\">\n<div class=\"greybox\">\n<h3 class=\"tagline Light aos-init aos-animate\" data-aos=\"fade-down\">R\u00e9sultats du vote<\/h3>\n<ul>\n<li class=\"tagline Light aos-init aos-animate\" data-aos=\"fade-down\"><strong>Terradura 39,4 %<\/strong><\/li>\n<li class=\"tagline Light aos-init aos-animate\" data-aos=\"fade-down\"><strong>ATLASuisse 23,4 %<\/strong><\/li>\n<li class=\"tagline Light aos-init aos-animate\" data-aos=\"fade-down\"><strong>Soluterra 17,8 %<\/strong><\/li>\n<li class=\"tagline Light aos-init aos-animate\" data-aos=\"fade-down\"><strong>Peradina 12,5 %<\/strong><\/li>\n<li class=\"tagline Light aos-init aos-animate\" data-aos=\"fade-down\"><strong>Nanova de la ville 6,9 %<\/strong><\/li>\n<\/ul>\n<p>Le terme Terradura vient de \u00abterra dura\u00bb, qui signifie \u00abterre solide\u00bb.<\/p>\n<\/div>\n<\/div>\n<div class=\"col-11 offset-sm-1 col-lg-8 offset-lg-2 offset-xl-3 col-xxl-6 highlight-content Light aos-init aos-animate\" data-aos=\"fade-left\">\n<p>Il avait d\u00e9j\u00e0 \u00e9t\u00e9 d\u00e9cid\u00e9 auparavant que le nom choisi porterait la mention descriptive \u00abD\u00e9p\u00f4t en couches g\u00e9ologiques profondes Suisse\u00bb.<\/p>\n<\/div>\n<\/div>\n<\/div>\n<\/section>\n<section class=\"text-image-post darker\">\n<div class=\"container\">\n<div class=\"row align-items-center\">\n<div class=\"offset-lg-1 col-md-10 col-lg-7 col-xl-6\">\n<h3><strong>Un acc\u00e8s facile \u00e0 un projet ambitieux<\/strong><\/h3>\n<p>Le d\u00e9p\u00f4t en profondeur pour les d\u00e9chets radioactifs est un projet du si\u00e8cle qui concerne la r\u00e9gion autour de Stadel dans l'Unterland zurichois, la Suisse dans son ensemble et, \u00e0 long terme, les g\u00e9n\u00e9rations futures.<\/p>\n<p>Dans ce contexte, un nom est un point d'entr\u00e9e intuitif - un acc\u00e8s simple \u00e0 un projet ambitieux, bien avant que les d\u00e9tails techniques ou politiques ne soient au premier plan. \u00abLe processus montre que la participation r\u00e9ussit lorsque l'acc\u00e8s est simple\u00bb, explique Martin K\u00fcnzi, repr\u00e9sentant du forum sur les noms. \u00abUn nom cr\u00e9e un premier point d'acc\u00e8s \u00e0 un sujet qui serait autrement difficile \u00e0 aborder\u00bb.\u00bb<\/p>\n<\/div>\n<\/div>\n<\/div>\n<\/section>\n<section class=\"text-image-post default\">\n<div class=\"container\">\n<div class=\"row align-items-center\">\n<div class=\"offset-lg-1 col-md-10 col-lg-7 col-xl-6\">\n<h3><strong>C'est ainsi que le d\u00e9p\u00f4t en profondeur a re\u00e7u son nom<\/strong><\/h3>\n<p>Entre ao\u00fbt et septembre, 3\u2019395 propositions de noms ont \u00e9t\u00e9 re\u00e7ues. En tant que jury, le forum \u00abTiefenlager Schweiz\u00bb a examin\u00e9 toutes les id\u00e9es sur la base des crit\u00e8res publi\u00e9s au pr\u00e9alable : Intelligibilit\u00e9, concision, profondeur de signification et viabilit\u00e9 dans plusieurs langues nationales. En outre, les membres du jury ont fait part des r\u00e9actions de leurs r\u00e9seaux respectifs. Dans le cadre d'une proc\u00e9dure bas\u00e9e sur le consensus, cinq noms se sont d\u00e9gag\u00e9s, qui ont le plus grand potentiel en Suisse pour accompagner le projet de mani\u00e8re appropri\u00e9e : ATLASuisse, Peradina, Soluterra, Stadelnova et \"Terradura\".<\/p>\n<p>La phase de vote qui a suivi a \u00e9t\u00e9 utilis\u00e9e dans toute la Suisse - avec une participation plus forte de la Suisse al\u00e9manique (85 %), mais des voix perceptibles de la Suisse romande et du Tessin (15 %). La proposition la plus vot\u00e9e, \u00abTerradura\u00bb, sera d\u00e9sormais utilis\u00e9e dans la communication, compl\u00e9t\u00e9e par la mention descriptive \u00abD\u00e9p\u00f4t en couches g\u00e9ologiques profondes Suisse\u00bb.<\/p>\n<p>Le nom Terradura sera progressivement introduit dans la communication au cours des prochaines semaines et des prochains mois. Le processus de d\u00e9nomination est ainsi termin\u00e9 - le d\u00e9bat public, technique et social sur le d\u00e9p\u00f4t en couches g\u00e9ologiques profondes en Suisse se poursuit.<\/p>\n<p><em>Source : nagra.ch<\/em><\/p>\n<\/div>\n<\/div>\n<\/div>\n<\/section>","protected":false},"excerpt":{"rendered":"<p>\u00abTerradura \u2013 Geologisches Tiefenlager Schweiz\u00bb: Diesen Namen tr\u00e4gt das Jahrhundertprojekt Tiefenlager seit heute. Der Begriff setzte sich in der Online-\u200bAbstimmung gegen vier andere Namensvorschl\u00e4ge durch. Urspr\u00fcnglich wurden \u00fcber 3000 Namensvorschl\u00e4ge aus der Schweizer Bev\u00f6lkerung eingereicht. Nationaler Beteiligungsprozess In den vergangenen Wochen hat die Schweiz \u00fcber den Namen abgestimmt, der k\u00fcnftig die Kommunikation zum geologischen Tiefenlager [&hellip;]<\/p>\n","protected":false},"author":31,"featured_media":0,"comment_status":"closed","ping_status":"closed","sticky":false,"template":"","format":"standard","meta":{"_acf_changed":false,"pgc_sgb_lightbox_settings":"","footnotes":""},"categories":[3315,3312],"tags":[1495,6541,6629,4563],"class_list":["post-24781","post","type-post","status-publish","format-standard","hentry","category-infrastruktur","category-sicherheit","tag-atommuell","tag-endlager","tag-terradura","tag-tiefenlagerstandorte"],"acf":[],"hkrextid":null,"publication":null,"issue":null,"workflow":null,"startPage":null,"spitzmarke":null,"_posts_by_tag_page_fields":null,"_at_widget":null,"_yoast_wpseo_primary_category":"3312","_yoast_wpseo_focuskw_text_input":null,"_yoast_wpseo_opengraph-image":null,"_yoast_wpseo_opengraph-description":null,"_yoast_wpseo_opengraph-title":null,"enclosure":null,"_yoast_wpseo_twitter-title":null,"_yoast_wpseo_twitter-description":null,"_yoast_wpseo_twitter-image":null,"_wp_old_slug":null,"_yoast_wpseo_title":null,"_yoast_wpseo_canonical":null,"yoast_head":"<!-- This site is optimized with the Yoast SEO plugin v27.4 - https:\/\/yoast.com\/product\/yoast-seo-wordpress\/ -->\n<title>Das Schweizer Tiefenlager heisst \u00abTerradura\u00bb - Save<\/title>\n<meta name=\"description\" content=\"Im Online-Voting sprachen sich fast 40 Prozent daf\u00fcr aus, das geologische Tiefenlager der Schweiz \u00abTerradura\u00bb zu nennen.\" \/>\n<meta name=\"robots\" content=\"index, follow, max-snippet:-1, max-image-preview:large, max-video-preview:-1\" \/>\n<link rel=\"canonical\" href=\"https:\/\/news.save.ch\/fr\/das-schweizer-tiefenlager-heisst-terradura\/\" \/>\n<meta property=\"og:locale\" content=\"fr_FR\" \/>\n<meta property=\"og:type\" content=\"article\" \/>\n<meta property=\"og:title\" content=\"Das Schweizer Tiefenlager heisst \u00abTerradura\u00bb - Save\" \/>\n<meta property=\"og:description\" content=\"Im Online-Voting sprachen sich fast 40 Prozent daf\u00fcr aus, das geologische Tiefenlager der Schweiz \u00abTerradura\u00bb zu nennen.\" \/>\n<meta property=\"og:url\" content=\"https:\/\/news.save.ch\/fr\/das-schweizer-tiefenlager-heisst-terradura\/\" \/>\n<meta property=\"og:site_name\" content=\"Save\" \/>\n<meta property=\"article:published_time\" content=\"2025-12-01T17:15:05+00:00\" \/>\n<meta property=\"article:modified_time\" content=\"2025-12-01T17:20:06+00:00\" \/>\n<meta property=\"og:image\" content=\"https:\/\/news.save.ch\/wp-content\/uploads\/2025\/12\/Bildschirmfoto-2025-12-01-um-18.18.03-scaled.png\" \/>\n\t<meta property=\"og:image:width\" content=\"1200\" \/>\n\t<meta property=\"og:image:height\" content=\"789\" \/>\n\t<meta property=\"og:image:type\" content=\"image\/png\" \/>\n<meta name=\"author\" content=\"stefanie Zeng\" \/>\n<meta name=\"twitter:card\" content=\"summary_large_image\" \/>\n<meta name=\"twitter:label1\" content=\"\u00c9crit par\" \/>\n\t<meta name=\"twitter:data1\" content=\"stefanie Zeng\" \/>\n\t<meta name=\"twitter:label2\" content=\"Dur\u00e9e de lecture estim\u00e9e\" \/>\n\t<meta name=\"twitter:data2\" content=\"3 minutes\" \/>\n<script type=\"application\/ld+json\" class=\"yoast-schema-graph\">{\"@context\":\"https:\\\/\\\/schema.org\",\"@graph\":[{\"@type\":\"Article\",\"@id\":\"https:\\\/\\\/news.save.ch\\\/das-schweizer-tiefenlager-heisst-terradura\\\/#article\",\"isPartOf\":{\"@id\":\"https:\\\/\\\/news.save.ch\\\/das-schweizer-tiefenlager-heisst-terradura\\\/\"},\"author\":{\"name\":\"stefanie Zeng\",\"@id\":\"https:\\\/\\\/news.save.ch\\\/de\\\/#\\\/schema\\\/person\\\/10917387362b3961e882740f6cf6f2a2\"},\"headline\":\"Das Schweizer Tiefenlager heisst \u00abTerradura\u00bb\",\"datePublished\":\"2025-12-01T17:15:05+00:00\",\"dateModified\":\"2025-12-01T17:20:06+00:00\",\"mainEntityOfPage\":{\"@id\":\"https:\\\/\\\/news.save.ch\\\/das-schweizer-tiefenlager-heisst-terradura\\\/\"},\"wordCount\":421,\"publisher\":{\"@id\":\"https:\\\/\\\/news.save.ch\\\/de\\\/#organization\"},\"image\":{\"@id\":\"https:\\\/\\\/news.save.ch\\\/das-schweizer-tiefenlager-heisst-terradura\\\/#primaryimage\"},\"thumbnailUrl\":\"https:\\\/\\\/news.save.ch\\\/wp-content\\\/uploads\\\/2025\\\/12\\\/Bildschirmfoto-2025-12-01-um-18.18.03-680x447.png\",\"keywords\":[\"Atomm\u00fcll\",\"Endlager\",\"Terradura\",\"Tiefenlagerstandorte\"],\"articleSection\":[\"INFRASTRUKTUREN\",\"SICHERHEIT\"],\"inLanguage\":\"fr-FR\"},{\"@type\":\"WebPage\",\"@id\":\"https:\\\/\\\/news.save.ch\\\/das-schweizer-tiefenlager-heisst-terradura\\\/\",\"url\":\"https:\\\/\\\/news.save.ch\\\/das-schweizer-tiefenlager-heisst-terradura\\\/\",\"name\":\"Das Schweizer Tiefenlager heisst \u00abTerradura\u00bb - Save\",\"isPartOf\":{\"@id\":\"https:\\\/\\\/news.save.ch\\\/de\\\/#website\"},\"primaryImageOfPage\":{\"@id\":\"https:\\\/\\\/news.save.ch\\\/das-schweizer-tiefenlager-heisst-terradura\\\/#primaryimage\"},\"image\":{\"@id\":\"https:\\\/\\\/news.save.ch\\\/das-schweizer-tiefenlager-heisst-terradura\\\/#primaryimage\"},\"thumbnailUrl\":\"https:\\\/\\\/news.save.ch\\\/wp-content\\\/uploads\\\/2025\\\/12\\\/Bildschirmfoto-2025-12-01-um-18.18.03-680x447.png\",\"datePublished\":\"2025-12-01T17:15:05+00:00\",\"dateModified\":\"2025-12-01T17:20:06+00:00\",\"description\":\"Im Online-Voting sprachen sich fast 40 Prozent daf\u00fcr aus, das geologische Tiefenlager der Schweiz \u00abTerradura\u00bb zu nennen.\",\"breadcrumb\":{\"@id\":\"https:\\\/\\\/news.save.ch\\\/das-schweizer-tiefenlager-heisst-terradura\\\/#breadcrumb\"},\"inLanguage\":\"fr-FR\",\"potentialAction\":[{\"@type\":\"ReadAction\",\"target\":[\"https:\\\/\\\/news.save.ch\\\/das-schweizer-tiefenlager-heisst-terradura\\\/\"]}]},{\"@type\":\"ImageObject\",\"inLanguage\":\"fr-FR\",\"@id\":\"https:\\\/\\\/news.save.ch\\\/das-schweizer-tiefenlager-heisst-terradura\\\/#primaryimage\",\"url\":\"https:\\\/\\\/news.save.ch\\\/wp-content\\\/uploads\\\/2025\\\/12\\\/Bildschirmfoto-2025-12-01-um-18.18.03-680x447.png\",\"contentUrl\":\"https:\\\/\\\/news.save.ch\\\/wp-content\\\/uploads\\\/2025\\\/12\\\/Bildschirmfoto-2025-12-01-um-18.18.03-680x447.png\"},{\"@type\":\"BreadcrumbList\",\"@id\":\"https:\\\/\\\/news.save.ch\\\/das-schweizer-tiefenlager-heisst-terradura\\\/#breadcrumb\",\"itemListElement\":[{\"@type\":\"ListItem\",\"position\":1,\"name\":\"Home\",\"item\":\"https:\\\/\\\/news.save.ch\\\/de\\\/\"},{\"@type\":\"ListItem\",\"position\":2,\"name\":\"Das Schweizer Tiefenlager heisst \u00abTerradura\u00bb\"}]},{\"@type\":\"WebSite\",\"@id\":\"https:\\\/\\\/news.save.ch\\\/de\\\/#website\",\"url\":\"https:\\\/\\\/news.save.ch\\\/de\\\/\",\"name\":\"Save\",\"description\":\"Schweizer Fachzeitschrift f\u00fcr Sicherheit\",\"publisher\":{\"@id\":\"https:\\\/\\\/news.save.ch\\\/de\\\/#organization\"},\"potentialAction\":[{\"@type\":\"SearchAction\",\"target\":{\"@type\":\"EntryPoint\",\"urlTemplate\":\"https:\\\/\\\/news.save.ch\\\/de\\\/?s={search_term_string}\"},\"query-input\":{\"@type\":\"PropertyValueSpecification\",\"valueRequired\":true,\"valueName\":\"search_term_string\"}}],\"inLanguage\":\"fr-FR\"},{\"@type\":\"Organization\",\"@id\":\"https:\\\/\\\/news.save.ch\\\/de\\\/#organization\",\"name\":\"Sicherheitsforum\",\"url\":\"https:\\\/\\\/news.save.ch\\\/de\\\/\",\"logo\":{\"@type\":\"ImageObject\",\"inLanguage\":\"fr-FR\",\"@id\":\"https:\\\/\\\/news.save.ch\\\/de\\\/#\\\/schema\\\/logo\\\/image\\\/\",\"url\":\"https:\\\/\\\/news.save.ch\\\/wp-content\\\/uploads\\\/2022\\\/06\\\/Logo_SF_2012.png\",\"contentUrl\":\"https:\\\/\\\/news.save.ch\\\/wp-content\\\/uploads\\\/2022\\\/06\\\/Logo_SF_2012.png\",\"width\":1100,\"height\":91,\"caption\":\"Sicherheitsforum\"},\"image\":{\"@id\":\"https:\\\/\\\/news.save.ch\\\/de\\\/#\\\/schema\\\/logo\\\/image\\\/\"}},{\"@type\":\"Person\",\"@id\":\"https:\\\/\\\/news.save.ch\\\/de\\\/#\\\/schema\\\/person\\\/10917387362b3961e882740f6cf6f2a2\",\"name\":\"stefanie Zeng\",\"image\":{\"@type\":\"ImageObject\",\"inLanguage\":\"fr-FR\",\"@id\":\"https:\\\/\\\/secure.gravatar.com\\\/avatar\\\/eac43faa6e40bb2c41068c95c9d78bbd94c476d5efdff7abaab80bb3ea681e06?s=96&d=mm&r=g\",\"url\":\"https:\\\/\\\/secure.gravatar.com\\\/avatar\\\/eac43faa6e40bb2c41068c95c9d78bbd94c476d5efdff7abaab80bb3ea681e06?s=96&d=mm&r=g\",\"contentUrl\":\"https:\\\/\\\/secure.gravatar.com\\\/avatar\\\/eac43faa6e40bb2c41068c95c9d78bbd94c476d5efdff7abaab80bb3ea681e06?s=96&d=mm&r=g\",\"caption\":\"stefanie Zeng\"},\"url\":\"https:\\\/\\\/news.save.ch\\\/fr\\\/author\\\/stefanie-zeng\\\/\"}]}<\/script>\n<!-- \/ Yoast SEO plugin. -->","yoast_head_json":{"title":"Le d\u00e9p\u00f4t suisse en profondeur s'appelle \u00abTerradura\u00bb - Save","description":"Lors du vote en ligne, pr\u00e8s de 40% des personnes interrog\u00e9es se sont prononc\u00e9es en faveur de l'appellation \u00abTerradura\u00bb pour le d\u00e9p\u00f4t en couches g\u00e9ologiques profondes de la Suisse.","robots":{"index":"index","follow":"follow","max-snippet":"max-snippet:-1","max-image-preview":"max-image-preview:large","max-video-preview":"max-video-preview:-1"},"canonical":"https:\/\/news.save.ch\/fr\/das-schweizer-tiefenlager-heisst-terradura\/","og_locale":"fr_FR","og_type":"article","og_title":"Das Schweizer Tiefenlager heisst \u00abTerradura\u00bb - Save","og_description":"Im Online-Voting sprachen sich fast 40 Prozent daf\u00fcr aus, das geologische Tiefenlager der Schweiz \u00abTerradura\u00bb zu nennen.","og_url":"https:\/\/news.save.ch\/fr\/das-schweizer-tiefenlager-heisst-terradura\/","og_site_name":"Save","article_published_time":"2025-12-01T17:15:05+00:00","article_modified_time":"2025-12-01T17:20:06+00:00","og_image":[{"width":1200,"height":789,"url":"https:\/\/news.save.ch\/wp-content\/uploads\/2025\/12\/Bildschirmfoto-2025-12-01-um-18.18.03-scaled.png","type":"image\/png"}],"author":"stefanie Zeng","twitter_card":"summary_large_image","twitter_misc":{"\u00c9crit par":"stefanie Zeng","Dur\u00e9e de lecture estim\u00e9e":"3 minutes"},"schema":{"@context":"https:\/\/schema.org","@graph":[{"@type":"Article","@id":"https:\/\/news.save.ch\/das-schweizer-tiefenlager-heisst-terradura\/#article","isPartOf":{"@id":"https:\/\/news.save.ch\/das-schweizer-tiefenlager-heisst-terradura\/"},"author":{"name":"stefanie Zeng","@id":"https:\/\/news.save.ch\/de\/#\/schema\/person\/10917387362b3961e882740f6cf6f2a2"},"headline":"Das Schweizer Tiefenlager heisst \u00abTerradura\u00bb","datePublished":"2025-12-01T17:15:05+00:00","dateModified":"2025-12-01T17:20:06+00:00","mainEntityOfPage":{"@id":"https:\/\/news.save.ch\/das-schweizer-tiefenlager-heisst-terradura\/"},"wordCount":421,"publisher":{"@id":"https:\/\/news.save.ch\/de\/#organization"},"image":{"@id":"https:\/\/news.save.ch\/das-schweizer-tiefenlager-heisst-terradura\/#primaryimage"},"thumbnailUrl":"https:\/\/news.save.ch\/wp-content\/uploads\/2025\/12\/Bildschirmfoto-2025-12-01-um-18.18.03-680x447.png","keywords":["Atomm\u00fcll","Endlager","Terradura","Tiefenlagerstandorte"],"articleSection":["INFRASTRUKTUREN","SICHERHEIT"],"inLanguage":"fr-FR"},{"@type":"WebPage","@id":"https:\/\/news.save.ch\/das-schweizer-tiefenlager-heisst-terradura\/","url":"https:\/\/news.save.ch\/das-schweizer-tiefenlager-heisst-terradura\/","name":"Le d\u00e9p\u00f4t suisse en profondeur s'appelle \u00abTerradura\u00bb - Save","isPartOf":{"@id":"https:\/\/news.save.ch\/de\/#website"},"primaryImageOfPage":{"@id":"https:\/\/news.save.ch\/das-schweizer-tiefenlager-heisst-terradura\/#primaryimage"},"image":{"@id":"https:\/\/news.save.ch\/das-schweizer-tiefenlager-heisst-terradura\/#primaryimage"},"thumbnailUrl":"https:\/\/news.save.ch\/wp-content\/uploads\/2025\/12\/Bildschirmfoto-2025-12-01-um-18.18.03-680x447.png","datePublished":"2025-12-01T17:15:05+00:00","dateModified":"2025-12-01T17:20:06+00:00","description":"Lors du vote en ligne, pr\u00e8s de 40% des personnes interrog\u00e9es se sont prononc\u00e9es en faveur de l'appellation \u00abTerradura\u00bb pour le d\u00e9p\u00f4t en couches g\u00e9ologiques profondes de la Suisse.","breadcrumb":{"@id":"https:\/\/news.save.ch\/das-schweizer-tiefenlager-heisst-terradura\/#breadcrumb"},"inLanguage":"fr-FR","potentialAction":[{"@type":"ReadAction","target":["https:\/\/news.save.ch\/das-schweizer-tiefenlager-heisst-terradura\/"]}]},{"@type":"ImageObject","inLanguage":"fr-FR","@id":"https:\/\/news.save.ch\/das-schweizer-tiefenlager-heisst-terradura\/#primaryimage","url":"https:\/\/news.save.ch\/wp-content\/uploads\/2025\/12\/Bildschirmfoto-2025-12-01-um-18.18.03-680x447.png","contentUrl":"https:\/\/news.save.ch\/wp-content\/uploads\/2025\/12\/Bildschirmfoto-2025-12-01-um-18.18.03-680x447.png"},{"@type":"BreadcrumbList","@id":"https:\/\/news.save.ch\/das-schweizer-tiefenlager-heisst-terradura\/#breadcrumb","itemListElement":[{"@type":"ListItem","position":1,"name":"Home","item":"https:\/\/news.save.ch\/de\/"},{"@type":"ListItem","position":2,"name":"Das Schweizer Tiefenlager heisst \u00abTerradura\u00bb"}]},{"@type":"WebSite","@id":"https:\/\/news.save.ch\/de\/#website","url":"https:\/\/news.save.ch\/de\/","name":"Save","description":"Revue suisse sp\u00e9cialis\u00e9e dans la s\u00e9curit\u00e9","publisher":{"@id":"https:\/\/news.save.ch\/de\/#organization"},"potentialAction":[{"@type":"SearchAction","target":{"@type":"EntryPoint","urlTemplate":"https:\/\/news.save.ch\/de\/?s={search_term_string}"},"query-input":{"@type":"PropertyValueSpecification","valueRequired":true,"valueName":"search_term_string"}}],"inLanguage":"fr-FR"},{"@type":"Organization","@id":"https:\/\/news.save.ch\/de\/#organization","name":"Forum sur la s\u00e9curit\u00e9","url":"https:\/\/news.save.ch\/de\/","logo":{"@type":"ImageObject","inLanguage":"fr-FR","@id":"https:\/\/news.save.ch\/de\/#\/schema\/logo\/image\/","url":"https:\/\/news.save.ch\/wp-content\/uploads\/2022\/06\/Logo_SF_2012.png","contentUrl":"https:\/\/news.save.ch\/wp-content\/uploads\/2022\/06\/Logo_SF_2012.png","width":1100,"height":91,"caption":"Sicherheitsforum"},"image":{"@id":"https:\/\/news.save.ch\/de\/#\/schema\/logo\/image\/"}},{"@type":"Person","@id":"https:\/\/news.save.ch\/de\/#\/schema\/person\/10917387362b3961e882740f6cf6f2a2","name":"stefanie Zeng","image":{"@type":"ImageObject","inLanguage":"fr-FR","@id":"https:\/\/secure.gravatar.com\/avatar\/eac43faa6e40bb2c41068c95c9d78bbd94c476d5efdff7abaab80bb3ea681e06?s=96&d=mm&r=g","url":"https:\/\/secure.gravatar.com\/avatar\/eac43faa6e40bb2c41068c95c9d78bbd94c476d5efdff7abaab80bb3ea681e06?s=96&d=mm&r=g","contentUrl":"https:\/\/secure.gravatar.com\/avatar\/eac43faa6e40bb2c41068c95c9d78bbd94c476d5efdff7abaab80bb3ea681e06?s=96&d=mm&r=g","caption":"stefanie Zeng"},"url":"https:\/\/news.save.ch\/fr\/author\/stefanie-zeng\/"}]}},"_links":{"self":[{"href":"https:\/\/news.save.ch\/fr\/wp-json\/wp\/v2\/posts\/24781","targetHints":{"allow":["GET"]}}],"collection":[{"href":"https:\/\/news.save.ch\/fr\/wp-json\/wp\/v2\/posts"}],"about":[{"href":"https:\/\/news.save.ch\/fr\/wp-json\/wp\/v2\/types\/post"}],"author":[{"embeddable":true,"href":"https:\/\/news.save.ch\/fr\/wp-json\/wp\/v2\/users\/31"}],"replies":[{"embeddable":true,"href":"https:\/\/news.save.ch\/fr\/wp-json\/wp\/v2\/comments?post=24781"}],"version-history":[{"count":3,"href":"https:\/\/news.save.ch\/fr\/wp-json\/wp\/v2\/posts\/24781\/revisions"}],"predecessor-version":[{"id":24786,"href":"https:\/\/news.save.ch\/fr\/wp-json\/wp\/v2\/posts\/24781\/revisions\/24786"}],"wp:attachment":[{"href":"https:\/\/news.save.ch\/fr\/wp-json\/wp\/v2\/media?parent=24781"}],"wp:term":[{"taxonomy":"category","embeddable":true,"href":"https:\/\/news.save.ch\/fr\/wp-json\/wp\/v2\/categories?post=24781"},{"taxonomy":"post_tag","embeddable":true,"href":"https:\/\/news.save.ch\/fr\/wp-json\/wp\/v2\/tags?post=24781"}],"curies":[{"name":"wp","href":"https:\/\/api.w.org\/{rel}","templated":true}]}}