{"id":24817,"date":"2025-12-10T12:53:49","date_gmt":"2025-12-10T11:53:49","guid":{"rendered":"https:\/\/news.save.ch\/?p=24817"},"modified":"2025-12-10T12:53:49","modified_gmt":"2025-12-10T11:53:49","slug":"tabak-und-nikotin-ein-weiterer-schritt-zur-einfuehrung-der-vom-volk-gewuenschten-werbeeinschraenkungen","status":null,"type":"post","link":"https:\/\/news.save.ch\/fr\/tabak-und-nikotin-ein-weiterer-schritt-zur-einfuehrung-der-vom-volk-gewuenschten-werbeeinschraenkungen\/","title":{"rendered":"Tabac et nicotine : un pas suppl\u00e9mentaire vers l'introduction des restrictions publicitaires souhait\u00e9es par le peuple"},"content":{"rendered":"<figure id=\"attachment_24818\" aria-describedby=\"caption-attachment-24818\" style=\"width: 680px\" class=\"wp-caption alignnone\"><img loading=\"lazy\" decoding=\"async\" class=\"size-medium wp-image-24818\" src=\"https:\/\/news.save.ch\/wp-content\/uploads\/2025\/12\/Depositphotos_28599665_S-680x454.jpg\" alt=\"\" width=\"680\" height=\"454\" srcset=\"https:\/\/news.save.ch\/wp-content\/uploads\/2025\/12\/Depositphotos_28599665_S-680x454.jpg 680w, https:\/\/news.save.ch\/wp-content\/uploads\/2025\/12\/Depositphotos_28599665_S-768x512.jpg 768w, https:\/\/news.save.ch\/wp-content\/uploads\/2025\/12\/Depositphotos_28599665_S-18x12.jpg 18w, https:\/\/news.save.ch\/wp-content\/uploads\/2025\/12\/Depositphotos_28599665_S-375x250.jpg 375w, https:\/\/news.save.ch\/wp-content\/uploads\/2025\/12\/Depositphotos_28599665_S-525x350.jpg 525w, https:\/\/news.save.ch\/wp-content\/uploads\/2025\/12\/Depositphotos_28599665_S.jpg 1000w\" sizes=\"auto, (max-width: 680px) 100vw, 680px\" \/><figcaption id=\"caption-attachment-24818\" class=\"wp-caption-text\">Photo : Depositphotos\/alptraum<\/figcaption><\/figure>\n<p id=\"doc-1jbmn9avr0\" class=\"font--regular\">La nouvelle loi sur les produits du tabac, entr\u00e9e en vigueur en octobre 2024, a d\u00e9j\u00e0 introduit une interdiction de vente aux mineurs et des restrictions publicitaires pour tous les produits du tabac et les cigarettes \u00e9lectroniques. Cependant, la loi doit \u00eatre modifi\u00e9e afin de mettre en \u0153uvre l'initiative populaire \u00ab Enfants et jeunes sans publicit\u00e9 pour le tabac \u00bb, accept\u00e9e par le peuple et les cantons en 2022.<\/p>\n<p id=\"doc-1jbmn9frk0\" class=\"font--regular\">La loi r\u00e9vis\u00e9e par le Parlement en juin 2025 introduit de nouvelles restrictions dans le domaine de la publicit\u00e9, de la promotion des ventes et du parrainage des produits du tabac et des cigarettes \u00e9lectroniques. \u00c0 l'avenir, la publicit\u00e9 dans la presse sera interdite. Sont exclues de cette interdiction les publications vendues principalement par abonnement et dont le lectorat est compos\u00e9 d'au moins 98 % d'adultes. La publicit\u00e9 dans les points de vente n'est \u00e9galement plus autoris\u00e9e. En outre, la publicit\u00e9 pour les produits du tabac et les cigarettes \u00e9lectroniques sera interdite sur Internet s'il n'existe pas de syst\u00e8me de contr\u00f4le de l'\u00e2ge. Le parrainage d'\u00e9v\u00e9nements auxquels des mineurs peuvent assister sera \u00e9galement interdit, \u00e0 moins que des mesures appropri\u00e9es ne garantissent que la publicit\u00e9 sur place n'est ni visible ni accessible aux mineurs.<\/p>\n<h3 id=\"doc-1jbmn9j640\" class=\"h2\">Principaux \u00e9l\u00e9ments de la r\u00e9vision de l'ordonnance<\/h3>\n<p id=\"doc-1jbmn9qe60\" class=\"font--regular\">La r\u00e9vision de la loi n\u00e9cessite \u00e9galement une r\u00e9vision de l'ordonnance sur les produits du tabac (OPT). Celle-ci r\u00e9git notamment les exigences relatives au syst\u00e8me de contr\u00f4le de l'\u00e2ge, qui est obligatoire pour la publicit\u00e9 en ligne et la vente sur Internet ou dans des distributeurs automatiques. La preuve de la majorit\u00e9 doit \u00eatre fournie au moyen d'une pi\u00e8ce d'identit\u00e9 officielle sous forme physique ou \u00e9lectronique, par exemple une carte d'identit\u00e9, un permis de s\u00e9jour pour \u00e9trangers, une pi\u00e8ce d'identit\u00e9 \u00e9lectronique (e-ID) ou tout autre moyen d'identification \u00e9lectronique s\u00e9curis\u00e9 tel que SwissID. Le projet d\u00e9finit en outre les mesures jug\u00e9es appropri\u00e9es pour rendre la publicit\u00e9 invisible et inaccessible aux mineurs lors d'\u00e9v\u00e9nements sponsoris\u00e9s par l'industrie du tabac et de la nicotine. L'acc\u00e8s au lieu o\u00f9 se trouve la publicit\u00e9 doit \u00eatre interdit aux mineurs et un contr\u00f4le de l'\u00e2ge doit \u00eatre effectu\u00e9 \u00e0 l'entr\u00e9e. Le Conseil f\u00e9d\u00e9ral a ouvert la consultation sur la r\u00e9vision de l'ordonnance : la consultation dure jusqu'au 20 mars 2026.<\/p>\n<h3 id=\"doc-1jbmna3ek0\" class=\"h2\">Plus d'informations :<\/h3>\n<ul id=\"doc-1jbmnaagc0\" class=\"list list--default\" title=\"\">\n<li><a class=\"link--external\" href=\"https:\/\/www.bag.admin.ch\/de\/revision-des-tabakproduktegesetzes\" target=\"_blank\" rel=\"external noopener\" aria-label=\"www.bag.admin.ch\/de\/revision-des-tabakproduktegesetzes Ouvrir le lien dans un nouvel onglet\">R\u00e9vision de la loi sur les produits du tabac<\/a><\/li>\n<li><a class=\"link--external\" href=\"https:\/\/www.bag.admin.ch\/de\/revision-des-tabakproduktegesetzes\" target=\"_blank\" rel=\"external noopener\" aria-label=\"www.bag.admin.ch\/de\/revision-des-tabakproduktegesetzes Ouvrir le lien dans un nouvel onglet\">Fiche d'information : Publicit\u00e9 pour le tabac<\/a><\/li>\n<li><a class=\"link--external\" href=\"https:\/\/www.bag.admin.ch\/de\/faq-zur-umsetzung-des-tabakproduktegesetzes\" target=\"_blank\" rel=\"external noopener\" aria-label=\"www.bag.admin.ch\/de\/faq-zur-umsetzung-des-tabakproduktegesetzes Ouvrir le lien dans un nouvel onglet\">FAQ sur la mise en \u0153uvre de la loi sur les produits du tabac<\/a><\/li>\n<\/ul>\n<p><em>Source : OFSP<\/em><\/p>","protected":false},"excerpt":{"rendered":"<p>Mit dem neuen Tabakproduktgesetz, das im Oktober 2024 in Kraft getreten ist, wurden bereits ein Verbot der Abgabe an Minderj\u00e4hrige und Werbeeinschr\u00e4nkungen f\u00fcr alle Tabakprodukte und E-Zigaretten eingef\u00fchrt. Das Gesetz muss jedoch ge\u00e4ndert werden, um die von Volk und St\u00e4nden im Jahr 2022 angenommenen Volksinitiative \u00abKinder und Jugendliche ohne Tabakwerbung\u00bb umzusetzen. Das vom Parlament im [&hellip;]<\/p>\n","protected":false},"author":31,"featured_media":0,"comment_status":"closed","ping_status":"closed","sticky":false,"template":"","format":"standard","meta":{"_acf_changed":false,"pgc_sgb_lightbox_settings":"","footnotes":""},"categories":[3314],"tags":[168,6636,3068,6637],"class_list":["post-24817","post","type-post","status-publish","format-standard","hentry","category-health-safety","tag-bundesrat","tag-nikotin","tag-tabak","tag-tabakprodukteverordnung-tabpv"],"acf":[],"hkrextid":null,"publication":null,"issue":null,"workflow":null,"startPage":null,"spitzmarke":null,"_posts_by_tag_page_fields":null,"_at_widget":null,"_yoast_wpseo_primary_category":"3314","_yoast_wpseo_focuskw_text_input":null,"_yoast_wpseo_opengraph-image":null,"_yoast_wpseo_opengraph-description":null,"_yoast_wpseo_opengraph-title":null,"enclosure":null,"_yoast_wpseo_twitter-title":null,"_yoast_wpseo_twitter-description":null,"_yoast_wpseo_twitter-image":null,"_wp_old_slug":null,"_yoast_wpseo_title":null,"_yoast_wpseo_canonical":null,"yoast_head":"<!-- This site is optimized with the Yoast SEO plugin v27.4 - https:\/\/yoast.com\/product\/yoast-seo-wordpress\/ -->\n<title>Tabak und Nikotin: Ein weiterer Schritt zur Einf\u00fchrung der vom Volk gew\u00fcnschten Werbeeinschr\u00e4nkungen - Save<\/title>\n<meta name=\"description\" content=\"Der Bundesrat hat die Vernehmlassung zum Revisionsentwurf der Tabakprodukteverordnung (TabPV) er\u00f6ffnet. Mit dieser Vorlage sollen die Werbeeinschr\u00e4nkungen versch\u00e4rft werden.\" \/>\n<meta name=\"robots\" content=\"index, follow, max-snippet:-1, max-image-preview:large, max-video-preview:-1\" \/>\n<link rel=\"canonical\" href=\"https:\/\/news.save.ch\/fr\/tabak-und-nikotin-ein-weiterer-schritt-zur-einfuehrung-der-vom-volk-gewuenschten-werbeeinschraenkungen\/\" \/>\n<meta property=\"og:locale\" content=\"fr_FR\" \/>\n<meta property=\"og:type\" content=\"article\" \/>\n<meta property=\"og:title\" content=\"Tabak und Nikotin: Ein weiterer Schritt zur Einf\u00fchrung der vom Volk gew\u00fcnschten Werbeeinschr\u00e4nkungen - Save\" \/>\n<meta property=\"og:description\" content=\"Der Bundesrat hat die Vernehmlassung zum Revisionsentwurf der Tabakprodukteverordnung (TabPV) er\u00f6ffnet. Mit dieser Vorlage sollen die Werbeeinschr\u00e4nkungen versch\u00e4rft werden.\" \/>\n<meta property=\"og:url\" content=\"https:\/\/news.save.ch\/fr\/tabak-und-nikotin-ein-weiterer-schritt-zur-einfuehrung-der-vom-volk-gewuenschten-werbeeinschraenkungen\/\" \/>\n<meta property=\"og:site_name\" content=\"Save\" \/>\n<meta property=\"article:published_time\" content=\"2025-12-10T11:53:49+00:00\" \/>\n<meta property=\"og:image\" content=\"https:\/\/news.save.ch\/wp-content\/uploads\/2025\/12\/Depositphotos_28599665_S.jpg\" \/>\n\t<meta property=\"og:image:width\" content=\"1000\" \/>\n\t<meta property=\"og:image:height\" content=\"667\" \/>\n\t<meta property=\"og:image:type\" content=\"image\/jpeg\" \/>\n<meta name=\"author\" content=\"stefanie Zeng\" \/>\n<meta name=\"twitter:card\" content=\"summary_large_image\" \/>\n<meta name=\"twitter:label1\" content=\"\u00c9crit par\" \/>\n\t<meta name=\"twitter:data1\" content=\"stefanie Zeng\" \/>\n\t<meta name=\"twitter:label2\" content=\"Dur\u00e9e de lecture estim\u00e9e\" \/>\n\t<meta name=\"twitter:data2\" content=\"2 minutes\" \/>\n<script type=\"application\/ld+json\" class=\"yoast-schema-graph\">{\"@context\":\"https:\\\/\\\/schema.org\",\"@graph\":[{\"@type\":\"Article\",\"@id\":\"https:\\\/\\\/news.save.ch\\\/tabak-und-nikotin-ein-weiterer-schritt-zur-einfuehrung-der-vom-volk-gewuenschten-werbeeinschraenkungen\\\/#article\",\"isPartOf\":{\"@id\":\"https:\\\/\\\/news.save.ch\\\/tabak-und-nikotin-ein-weiterer-schritt-zur-einfuehrung-der-vom-volk-gewuenschten-werbeeinschraenkungen\\\/\"},\"author\":{\"name\":\"stefanie Zeng\",\"@id\":\"https:\\\/\\\/news.save.ch\\\/de\\\/#\\\/schema\\\/person\\\/10917387362b3961e882740f6cf6f2a2\"},\"headline\":\"Tabak und Nikotin: Ein weiterer Schritt zur Einf\u00fchrung der vom Volk gew\u00fcnschten Werbeeinschr\u00e4nkungen\",\"datePublished\":\"2025-12-10T11:53:49+00:00\",\"mainEntityOfPage\":{\"@id\":\"https:\\\/\\\/news.save.ch\\\/tabak-und-nikotin-ein-weiterer-schritt-zur-einfuehrung-der-vom-volk-gewuenschten-werbeeinschraenkungen\\\/\"},\"wordCount\":367,\"publisher\":{\"@id\":\"https:\\\/\\\/news.save.ch\\\/de\\\/#organization\"},\"image\":{\"@id\":\"https:\\\/\\\/news.save.ch\\\/tabak-und-nikotin-ein-weiterer-schritt-zur-einfuehrung-der-vom-volk-gewuenschten-werbeeinschraenkungen\\\/#primaryimage\"},\"thumbnailUrl\":\"https:\\\/\\\/news.save.ch\\\/wp-content\\\/uploads\\\/2025\\\/12\\\/Depositphotos_28599665_S-680x454.jpg\",\"keywords\":[\"Bundesrat\",\"Nikotin\",\"Tabak\",\"Tabakprodukteverordnung (TabPV\"],\"articleSection\":[\"HEALTH &amp; SAFETY\"],\"inLanguage\":\"fr-FR\"},{\"@type\":\"WebPage\",\"@id\":\"https:\\\/\\\/news.save.ch\\\/tabak-und-nikotin-ein-weiterer-schritt-zur-einfuehrung-der-vom-volk-gewuenschten-werbeeinschraenkungen\\\/\",\"url\":\"https:\\\/\\\/news.save.ch\\\/tabak-und-nikotin-ein-weiterer-schritt-zur-einfuehrung-der-vom-volk-gewuenschten-werbeeinschraenkungen\\\/\",\"name\":\"Tabak und Nikotin: Ein weiterer Schritt zur Einf\u00fchrung der vom Volk gew\u00fcnschten Werbeeinschr\u00e4nkungen - Save\",\"isPartOf\":{\"@id\":\"https:\\\/\\\/news.save.ch\\\/de\\\/#website\"},\"primaryImageOfPage\":{\"@id\":\"https:\\\/\\\/news.save.ch\\\/tabak-und-nikotin-ein-weiterer-schritt-zur-einfuehrung-der-vom-volk-gewuenschten-werbeeinschraenkungen\\\/#primaryimage\"},\"image\":{\"@id\":\"https:\\\/\\\/news.save.ch\\\/tabak-und-nikotin-ein-weiterer-schritt-zur-einfuehrung-der-vom-volk-gewuenschten-werbeeinschraenkungen\\\/#primaryimage\"},\"thumbnailUrl\":\"https:\\\/\\\/news.save.ch\\\/wp-content\\\/uploads\\\/2025\\\/12\\\/Depositphotos_28599665_S-680x454.jpg\",\"datePublished\":\"2025-12-10T11:53:49+00:00\",\"description\":\"Der Bundesrat hat die Vernehmlassung zum Revisionsentwurf der Tabakprodukteverordnung (TabPV) er\u00f6ffnet. Mit dieser Vorlage sollen die Werbeeinschr\u00e4nkungen versch\u00e4rft werden.\",\"breadcrumb\":{\"@id\":\"https:\\\/\\\/news.save.ch\\\/tabak-und-nikotin-ein-weiterer-schritt-zur-einfuehrung-der-vom-volk-gewuenschten-werbeeinschraenkungen\\\/#breadcrumb\"},\"inLanguage\":\"fr-FR\",\"potentialAction\":[{\"@type\":\"ReadAction\",\"target\":[\"https:\\\/\\\/news.save.ch\\\/tabak-und-nikotin-ein-weiterer-schritt-zur-einfuehrung-der-vom-volk-gewuenschten-werbeeinschraenkungen\\\/\"]}]},{\"@type\":\"ImageObject\",\"inLanguage\":\"fr-FR\",\"@id\":\"https:\\\/\\\/news.save.ch\\\/tabak-und-nikotin-ein-weiterer-schritt-zur-einfuehrung-der-vom-volk-gewuenschten-werbeeinschraenkungen\\\/#primaryimage\",\"url\":\"https:\\\/\\\/news.save.ch\\\/wp-content\\\/uploads\\\/2025\\\/12\\\/Depositphotos_28599665_S-680x454.jpg\",\"contentUrl\":\"https:\\\/\\\/news.save.ch\\\/wp-content\\\/uploads\\\/2025\\\/12\\\/Depositphotos_28599665_S-680x454.jpg\"},{\"@type\":\"BreadcrumbList\",\"@id\":\"https:\\\/\\\/news.save.ch\\\/tabak-und-nikotin-ein-weiterer-schritt-zur-einfuehrung-der-vom-volk-gewuenschten-werbeeinschraenkungen\\\/#breadcrumb\",\"itemListElement\":[{\"@type\":\"ListItem\",\"position\":1,\"name\":\"Home\",\"item\":\"https:\\\/\\\/news.save.ch\\\/de\\\/\"},{\"@type\":\"ListItem\",\"position\":2,\"name\":\"Tabak und Nikotin: Ein weiterer Schritt zur Einf\u00fchrung der vom Volk gew\u00fcnschten Werbeeinschr\u00e4nkungen\"}]},{\"@type\":\"WebSite\",\"@id\":\"https:\\\/\\\/news.save.ch\\\/de\\\/#website\",\"url\":\"https:\\\/\\\/news.save.ch\\\/de\\\/\",\"name\":\"Save\",\"description\":\"Schweizer Fachzeitschrift f\u00fcr Sicherheit\",\"publisher\":{\"@id\":\"https:\\\/\\\/news.save.ch\\\/de\\\/#organization\"},\"potentialAction\":[{\"@type\":\"SearchAction\",\"target\":{\"@type\":\"EntryPoint\",\"urlTemplate\":\"https:\\\/\\\/news.save.ch\\\/de\\\/?s={search_term_string}\"},\"query-input\":{\"@type\":\"PropertyValueSpecification\",\"valueRequired\":true,\"valueName\":\"search_term_string\"}}],\"inLanguage\":\"fr-FR\"},{\"@type\":\"Organization\",\"@id\":\"https:\\\/\\\/news.save.ch\\\/de\\\/#organization\",\"name\":\"Sicherheitsforum\",\"url\":\"https:\\\/\\\/news.save.ch\\\/de\\\/\",\"logo\":{\"@type\":\"ImageObject\",\"inLanguage\":\"fr-FR\",\"@id\":\"https:\\\/\\\/news.save.ch\\\/de\\\/#\\\/schema\\\/logo\\\/image\\\/\",\"url\":\"https:\\\/\\\/news.save.ch\\\/wp-content\\\/uploads\\\/2022\\\/06\\\/Logo_SF_2012.png\",\"contentUrl\":\"https:\\\/\\\/news.save.ch\\\/wp-content\\\/uploads\\\/2022\\\/06\\\/Logo_SF_2012.png\",\"width\":1100,\"height\":91,\"caption\":\"Sicherheitsforum\"},\"image\":{\"@id\":\"https:\\\/\\\/news.save.ch\\\/de\\\/#\\\/schema\\\/logo\\\/image\\\/\"}},{\"@type\":\"Person\",\"@id\":\"https:\\\/\\\/news.save.ch\\\/de\\\/#\\\/schema\\\/person\\\/10917387362b3961e882740f6cf6f2a2\",\"name\":\"stefanie Zeng\",\"image\":{\"@type\":\"ImageObject\",\"inLanguage\":\"fr-FR\",\"@id\":\"https:\\\/\\\/secure.gravatar.com\\\/avatar\\\/eac43faa6e40bb2c41068c95c9d78bbd94c476d5efdff7abaab80bb3ea681e06?s=96&d=mm&r=g\",\"url\":\"https:\\\/\\\/secure.gravatar.com\\\/avatar\\\/eac43faa6e40bb2c41068c95c9d78bbd94c476d5efdff7abaab80bb3ea681e06?s=96&d=mm&r=g\",\"contentUrl\":\"https:\\\/\\\/secure.gravatar.com\\\/avatar\\\/eac43faa6e40bb2c41068c95c9d78bbd94c476d5efdff7abaab80bb3ea681e06?s=96&d=mm&r=g\",\"caption\":\"stefanie Zeng\"},\"url\":\"https:\\\/\\\/news.save.ch\\\/fr\\\/author\\\/stefanie-zeng\\\/\"}]}<\/script>\n<!-- \/ Yoast SEO plugin. -->","yoast_head_json":{"title":"Tabac et nicotine : un pas de plus vers l'introduction des restrictions publicitaires souhait\u00e9es par le peuple - Save","description":"Le Conseil f\u00e9d\u00e9ral a ouvert la proc\u00e9dure de consultation relative au projet de r\u00e9vision de l'ordonnance sur les produits du tabac (OPT). Ce projet vise \u00e0 renforcer les restrictions en mati\u00e8re de publicit\u00e9.","robots":{"index":"index","follow":"follow","max-snippet":"max-snippet:-1","max-image-preview":"max-image-preview:large","max-video-preview":"max-video-preview:-1"},"canonical":"https:\/\/news.save.ch\/fr\/tabak-und-nikotin-ein-weiterer-schritt-zur-einfuehrung-der-vom-volk-gewuenschten-werbeeinschraenkungen\/","og_locale":"fr_FR","og_type":"article","og_title":"Tabak und Nikotin: Ein weiterer Schritt zur Einf\u00fchrung der vom Volk gew\u00fcnschten Werbeeinschr\u00e4nkungen - Save","og_description":"Der Bundesrat hat die Vernehmlassung zum Revisionsentwurf der Tabakprodukteverordnung (TabPV) er\u00f6ffnet. Mit dieser Vorlage sollen die Werbeeinschr\u00e4nkungen versch\u00e4rft werden.","og_url":"https:\/\/news.save.ch\/fr\/tabak-und-nikotin-ein-weiterer-schritt-zur-einfuehrung-der-vom-volk-gewuenschten-werbeeinschraenkungen\/","og_site_name":"Save","article_published_time":"2025-12-10T11:53:49+00:00","og_image":[{"width":1000,"height":667,"url":"https:\/\/news.save.ch\/wp-content\/uploads\/2025\/12\/Depositphotos_28599665_S.jpg","type":"image\/jpeg"}],"author":"stefanie Zeng","twitter_card":"summary_large_image","twitter_misc":{"\u00c9crit par":"stefanie Zeng","Dur\u00e9e de lecture estim\u00e9e":"2 minutes"},"schema":{"@context":"https:\/\/schema.org","@graph":[{"@type":"Article","@id":"https:\/\/news.save.ch\/tabak-und-nikotin-ein-weiterer-schritt-zur-einfuehrung-der-vom-volk-gewuenschten-werbeeinschraenkungen\/#article","isPartOf":{"@id":"https:\/\/news.save.ch\/tabak-und-nikotin-ein-weiterer-schritt-zur-einfuehrung-der-vom-volk-gewuenschten-werbeeinschraenkungen\/"},"author":{"name":"stefanie Zeng","@id":"https:\/\/news.save.ch\/de\/#\/schema\/person\/10917387362b3961e882740f6cf6f2a2"},"headline":"Tabak und Nikotin: Ein weiterer Schritt zur Einf\u00fchrung der vom Volk gew\u00fcnschten Werbeeinschr\u00e4nkungen","datePublished":"2025-12-10T11:53:49+00:00","mainEntityOfPage":{"@id":"https:\/\/news.save.ch\/tabak-und-nikotin-ein-weiterer-schritt-zur-einfuehrung-der-vom-volk-gewuenschten-werbeeinschraenkungen\/"},"wordCount":367,"publisher":{"@id":"https:\/\/news.save.ch\/de\/#organization"},"image":{"@id":"https:\/\/news.save.ch\/tabak-und-nikotin-ein-weiterer-schritt-zur-einfuehrung-der-vom-volk-gewuenschten-werbeeinschraenkungen\/#primaryimage"},"thumbnailUrl":"https:\/\/news.save.ch\/wp-content\/uploads\/2025\/12\/Depositphotos_28599665_S-680x454.jpg","keywords":["Bundesrat","Nikotin","Tabak","Tabakprodukteverordnung (TabPV"],"articleSection":["HEALTH &amp; SAFETY"],"inLanguage":"fr-FR"},{"@type":"WebPage","@id":"https:\/\/news.save.ch\/tabak-und-nikotin-ein-weiterer-schritt-zur-einfuehrung-der-vom-volk-gewuenschten-werbeeinschraenkungen\/","url":"https:\/\/news.save.ch\/tabak-und-nikotin-ein-weiterer-schritt-zur-einfuehrung-der-vom-volk-gewuenschten-werbeeinschraenkungen\/","name":"Tabac et nicotine : un pas de plus vers l'introduction des restrictions publicitaires souhait\u00e9es par le peuple - Save","isPartOf":{"@id":"https:\/\/news.save.ch\/de\/#website"},"primaryImageOfPage":{"@id":"https:\/\/news.save.ch\/tabak-und-nikotin-ein-weiterer-schritt-zur-einfuehrung-der-vom-volk-gewuenschten-werbeeinschraenkungen\/#primaryimage"},"image":{"@id":"https:\/\/news.save.ch\/tabak-und-nikotin-ein-weiterer-schritt-zur-einfuehrung-der-vom-volk-gewuenschten-werbeeinschraenkungen\/#primaryimage"},"thumbnailUrl":"https:\/\/news.save.ch\/wp-content\/uploads\/2025\/12\/Depositphotos_28599665_S-680x454.jpg","datePublished":"2025-12-10T11:53:49+00:00","description":"Le Conseil f\u00e9d\u00e9ral a ouvert la proc\u00e9dure de consultation relative au projet de r\u00e9vision de l'ordonnance sur les produits du tabac (OPT). Ce projet vise \u00e0 renforcer les restrictions en mati\u00e8re de publicit\u00e9.","breadcrumb":{"@id":"https:\/\/news.save.ch\/tabak-und-nikotin-ein-weiterer-schritt-zur-einfuehrung-der-vom-volk-gewuenschten-werbeeinschraenkungen\/#breadcrumb"},"inLanguage":"fr-FR","potentialAction":[{"@type":"ReadAction","target":["https:\/\/news.save.ch\/tabak-und-nikotin-ein-weiterer-schritt-zur-einfuehrung-der-vom-volk-gewuenschten-werbeeinschraenkungen\/"]}]},{"@type":"ImageObject","inLanguage":"fr-FR","@id":"https:\/\/news.save.ch\/tabak-und-nikotin-ein-weiterer-schritt-zur-einfuehrung-der-vom-volk-gewuenschten-werbeeinschraenkungen\/#primaryimage","url":"https:\/\/news.save.ch\/wp-content\/uploads\/2025\/12\/Depositphotos_28599665_S-680x454.jpg","contentUrl":"https:\/\/news.save.ch\/wp-content\/uploads\/2025\/12\/Depositphotos_28599665_S-680x454.jpg"},{"@type":"BreadcrumbList","@id":"https:\/\/news.save.ch\/tabak-und-nikotin-ein-weiterer-schritt-zur-einfuehrung-der-vom-volk-gewuenschten-werbeeinschraenkungen\/#breadcrumb","itemListElement":[{"@type":"ListItem","position":1,"name":"Home","item":"https:\/\/news.save.ch\/de\/"},{"@type":"ListItem","position":2,"name":"Tabak und Nikotin: Ein weiterer Schritt zur Einf\u00fchrung der vom Volk gew\u00fcnschten Werbeeinschr\u00e4nkungen"}]},{"@type":"WebSite","@id":"https:\/\/news.save.ch\/de\/#website","url":"https:\/\/news.save.ch\/de\/","name":"Save","description":"Revue suisse sp\u00e9cialis\u00e9e dans la s\u00e9curit\u00e9","publisher":{"@id":"https:\/\/news.save.ch\/de\/#organization"},"potentialAction":[{"@type":"SearchAction","target":{"@type":"EntryPoint","urlTemplate":"https:\/\/news.save.ch\/de\/?s={search_term_string}"},"query-input":{"@type":"PropertyValueSpecification","valueRequired":true,"valueName":"search_term_string"}}],"inLanguage":"fr-FR"},{"@type":"Organization","@id":"https:\/\/news.save.ch\/de\/#organization","name":"Forum sur la s\u00e9curit\u00e9","url":"https:\/\/news.save.ch\/de\/","logo":{"@type":"ImageObject","inLanguage":"fr-FR","@id":"https:\/\/news.save.ch\/de\/#\/schema\/logo\/image\/","url":"https:\/\/news.save.ch\/wp-content\/uploads\/2022\/06\/Logo_SF_2012.png","contentUrl":"https:\/\/news.save.ch\/wp-content\/uploads\/2022\/06\/Logo_SF_2012.png","width":1100,"height":91,"caption":"Sicherheitsforum"},"image":{"@id":"https:\/\/news.save.ch\/de\/#\/schema\/logo\/image\/"}},{"@type":"Person","@id":"https:\/\/news.save.ch\/de\/#\/schema\/person\/10917387362b3961e882740f6cf6f2a2","name":"stefanie Zeng","image":{"@type":"ImageObject","inLanguage":"fr-FR","@id":"https:\/\/secure.gravatar.com\/avatar\/eac43faa6e40bb2c41068c95c9d78bbd94c476d5efdff7abaab80bb3ea681e06?s=96&d=mm&r=g","url":"https:\/\/secure.gravatar.com\/avatar\/eac43faa6e40bb2c41068c95c9d78bbd94c476d5efdff7abaab80bb3ea681e06?s=96&d=mm&r=g","contentUrl":"https:\/\/secure.gravatar.com\/avatar\/eac43faa6e40bb2c41068c95c9d78bbd94c476d5efdff7abaab80bb3ea681e06?s=96&d=mm&r=g","caption":"stefanie Zeng"},"url":"https:\/\/news.save.ch\/fr\/author\/stefanie-zeng\/"}]}},"_links":{"self":[{"href":"https:\/\/news.save.ch\/fr\/wp-json\/wp\/v2\/posts\/24817","targetHints":{"allow":["GET"]}}],"collection":[{"href":"https:\/\/news.save.ch\/fr\/wp-json\/wp\/v2\/posts"}],"about":[{"href":"https:\/\/news.save.ch\/fr\/wp-json\/wp\/v2\/types\/post"}],"author":[{"embeddable":true,"href":"https:\/\/news.save.ch\/fr\/wp-json\/wp\/v2\/users\/31"}],"replies":[{"embeddable":true,"href":"https:\/\/news.save.ch\/fr\/wp-json\/wp\/v2\/comments?post=24817"}],"version-history":[{"count":1,"href":"https:\/\/news.save.ch\/fr\/wp-json\/wp\/v2\/posts\/24817\/revisions"}],"predecessor-version":[{"id":24819,"href":"https:\/\/news.save.ch\/fr\/wp-json\/wp\/v2\/posts\/24817\/revisions\/24819"}],"wp:attachment":[{"href":"https:\/\/news.save.ch\/fr\/wp-json\/wp\/v2\/media?parent=24817"}],"wp:term":[{"taxonomy":"category","embeddable":true,"href":"https:\/\/news.save.ch\/fr\/wp-json\/wp\/v2\/categories?post=24817"},{"taxonomy":"post_tag","embeddable":true,"href":"https:\/\/news.save.ch\/fr\/wp-json\/wp\/v2\/tags?post=24817"}],"curies":[{"name":"wp","href":"https:\/\/api.w.org\/{rel}","templated":true}]}}