{"id":24920,"date":"2026-01-26T06:46:11","date_gmt":"2026-01-26T05:46:11","guid":{"rendered":"https:\/\/news.save.ch\/?p=24920"},"modified":"2026-01-26T06:46:11","modified_gmt":"2026-01-26T05:46:11","slug":"revision-der-bsv-neue-vorschriften-erst-ab-2027-pyrotechnik-verbot-geplant","status":null,"type":"post","link":"https:\/\/news.save.ch\/fr\/revision-der-bsv-neue-vorschriften-erst-ab-2027-pyrotechnik-verbot-geplant\/","title":{"rendered":"R\u00e9vision de l'OFAS : nouvelles prescriptions seulement \u00e0 partir de 2027 - interdiction de la pyrotechnie pr\u00e9vue"},"content":{"rendered":"<article class=\"text-token-text-primary w-full focus:outline-none [--shadow-height:45px] has-data-writing-block:pointer-events-none has-data-writing-block:-mt-(--shadow-height) has-data-writing-block:pt-(--shadow-height) [&amp;:has([data-writing-block])&gt;*]:pointer-events-auto scroll-mt-[calc(var(--header-height)+min(200px,max(70px,20svh)))]\" dir=\"auto\" tabindex=\"-1\" data-turn-id=\"request-WEB:270b1176-c793-4bdf-9f0a-f441e0ea2f23-0\" data-testid=\"conversation-turn-2\" data-scroll-anchor=\"false\" data-turn=\"assistant\">\n<div class=\"text-base my-auto mx-auto [--thread-content-margin:--spacing(4)] @w-sm\/main:[--thread-content-margin:--spacing(6)] @w-lg\/main:[--thread-content-margin:--spacing(16)] px-(--thread-content-margin)\">\n<div class=\"[--thread-content-max-width:40rem] @w-lg\/main:[--thread-content-max-width:48rem] mx-auto max-w-(--thread-content-max-width) flex-1 group\/turn-messages focus-visible:outline-hidden relative flex w-full min-w-0 flex-col agent-turn\" tabindex=\"-1\">\n<div class=\"flex max-w-full flex-col grow\">\n<div class=\"min-h-8 text-message relative flex w-full flex-col items-end gap-2 text-start break-words whitespace-normal [.text-message+&amp;]:mt-1\" dir=\"auto\" data-message-author-role=\"assistant\" data-message-id=\"1aaeeb35-4cd9-49d3-85f1-123124cbb114\" data-message-model-slug=\"gpt-5-2\">\n<div class=\"flex w-full flex-col gap-1 empty:hidden first:pt-[1px]\">\n<div class=\"markdown prose dark:prose-invert w-full wrap-break-word light markdown-new-styling\">\n<figure id=\"attachment_24921\" aria-describedby=\"caption-attachment-24921\" style=\"width: 680px\" class=\"wp-caption alignnone\"><img loading=\"lazy\" decoding=\"async\" class=\"size-medium wp-image-24921\" src=\"https:\/\/news.save.ch\/wp-content\/uploads\/2026\/01\/Depositphotos_5665503_S-680x422.jpg\" alt=\"\" width=\"680\" height=\"422\" srcset=\"https:\/\/news.save.ch\/wp-content\/uploads\/2026\/01\/Depositphotos_5665503_S-680x422.jpg 680w, https:\/\/news.save.ch\/wp-content\/uploads\/2026\/01\/Depositphotos_5665503_S-768x477.jpg 768w, https:\/\/news.save.ch\/wp-content\/uploads\/2026\/01\/Depositphotos_5665503_S-18x12.jpg 18w, https:\/\/news.save.ch\/wp-content\/uploads\/2026\/01\/Depositphotos_5665503_S-375x233.jpg 375w, https:\/\/news.save.ch\/wp-content\/uploads\/2026\/01\/Depositphotos_5665503_S-564x350.jpg 564w, https:\/\/news.save.ch\/wp-content\/uploads\/2026\/01\/Depositphotos_5665503_S.jpg 1000w\" sizes=\"auto, (max-width: 680px) 100vw, 680px\" \/><figcaption id=\"caption-attachment-24921\" class=\"wp-caption-text\">Foto: Depositphotos\/czbalazs<\/figcaption><\/figure>\n<p data-start=\"86\" data-end=\"895\">Der Leitende Ausschuss des Interkantonalen Organs Technische Handelshemmnisse IOTH (Konkordat der Baudirektorinnen und Baudirektoren aller 26 Kantone) hat sich mit dem weiteren Vorgehen bei der Totalrevision der schweizerischen Brandschutzvorschriften (BSV 2026) befasst. Dabei wurden sowohl erste Erkenntnisse aus dem verheerenden Brand in Crans-Montana als auch die rund 11000 im Rahmen der technischen Vernehmlassung eingegangenen R\u00fcckmeldungen diskutiert.<\/p>\n<p data-start=\"86\" data-end=\"895\">Beide Aspekte m\u00fcssen sorgf\u00e4ltig ausgewertet und eingearbeitet werden. So verschiebt sich die Inkraftsetzung der totalrevidierten Brandschutzvorschriften auf voraussichtlich Herbst 2027.<\/p>\n<p data-start=\"86\" data-end=\"895\">Als Sofortmassnahme beantragt der Leitende Ausschuss der IOTH-Plenarversammlung vom 6. M\u00e4rz 2026 ein schweizweites Verbot des Abbrennens von Pyrotechnik in \u00f6ffentlich zug\u00e4nglichen R\u00e4umen. Bereits heute bewilligungspflichtige Kategorien von Feuerwerksk\u00f6rpern bleiben davon ausgenommen.<\/p>\n<p data-start=\"897\" data-end=\"1605\">Die Ergebnisse der am 11. Januar 2026 abgeschlossenen technischen Vernehmlassung sowie die vorl\u00e4ufigen Erkenntnisse aus den noch laufenden Untersuchungen zum tragischen Brand in Crans-Montana fliessen umfassend in die Totalrevision der Brandschutzvorschriften ein.<\/p>\n<p data-start=\"897\" data-end=\"1605\">Die grosse Anzahl an R\u00fcckmeldungen best\u00e4tigt, dass die grunds\u00e4tzliche Ausrichtung auf einen risikobasierten Ansatz sowie einen einheitlichen Vollzug richtig ist. Dieser Ansatz stellt sicher, dass Brandschutzmassnahmen dort verst\u00e4rkt umgesetzt und intensiver kontrolliert werden, wo erh\u00f6hte Risiken bestehen. Ziel ist ein schweizweit harmonisierter, fachlich gest\u00e4rkter und konsequenter Vollzug, an dem der Leitende Ausschuss des IOTH festh\u00e4lt.<\/p>\n<\/div>\n<p data-start=\"897\" data-end=\"1605\"><em>Quelle: IOTH<\/em><\/p>\n<\/div>\n<\/div>\n<\/div>\n<\/div>\n<\/div>\n<\/article>\n","protected":false},"excerpt":{"rendered":"<p>Der Leitende Ausschuss des Interkantonalen Organs Technische Handelshemmnisse IOTH (Konkordat der Baudirektorinnen und Baudirektoren aller 26 Kantone) hat sich mit dem weiteren Vorgehen bei der Totalrevision der schweizerischen Brandschutzvorschriften (BSV 2026) befasst. Dabei wurden sowohl erste Erkenntnisse aus dem verheerenden Brand in Crans-Montana als auch die rund 11000 im Rahmen der technischen Vernehmlassung eingegangenen R\u00fcckmeldungen [&hellip;]<\/p>\n","protected":false},"author":31,"featured_media":24921,"comment_status":"closed","ping_status":"closed","sticky":false,"template":"","format":"standard","meta":{"_acf_changed":false,"pgc_sgb_lightbox_settings":"","footnotes":""},"categories":[67],"tags":[156,6387,6640,1083],"class_list":["post-24920","post","type-post","status-publish","format-standard","has-post-thumbnail","hentry","category-brandschutz","tag-brandschutz","tag-bsv-2026","tag-crans-montana","tag-pyrotechnik"],"acf":[],"hkrextid":null,"publication":null,"issue":null,"workflow":null,"startPage":null,"spitzmarke":null,"_posts_by_tag_page_fields":null,"_at_widget":null,"_yoast_wpseo_primary_category":"67","_yoast_wpseo_focuskw_text_input":null,"_yoast_wpseo_opengraph-image":null,"_yoast_wpseo_opengraph-description":null,"_yoast_wpseo_opengraph-title":null,"enclosure":null,"_yoast_wpseo_twitter-title":null,"_yoast_wpseo_twitter-description":null,"_yoast_wpseo_twitter-image":null,"_wp_old_slug":null,"_yoast_wpseo_title":null,"_yoast_wpseo_canonical":null,"yoast_head":"<!-- This site is optimized with the Yoast SEO plugin v27.5 - https:\/\/yoast.com\/product\/yoast-seo-wordpress\/ -->\n<title>Revision der BSV: Neue Vorschriften erst ab 2027 \u2013 Pyrotechnik-Verbot geplant - Save<\/title>\n<meta name=\"description\" content=\"Revision der BSV auf Herbst 2027 verschieben. Sofortiges Pyroverbot in \u00f6ffentlichen R\u00e4umen soll eingef\u00fchrt werden.\" \/>\n<meta name=\"robots\" content=\"index, follow, max-snippet:-1, max-image-preview:large, max-video-preview:-1\" \/>\n<link rel=\"canonical\" href=\"https:\/\/news.save.ch\/fr\/revision-der-bsv-neue-vorschriften-erst-ab-2027-pyrotechnik-verbot-geplant\/\" \/>\n<meta property=\"og:locale\" content=\"fr_FR\" \/>\n<meta property=\"og:type\" content=\"article\" \/>\n<meta property=\"og:title\" content=\"Revision der BSV: Neue Vorschriften erst ab 2027 \u2013 Pyrotechnik-Verbot geplant - Save\" \/>\n<meta property=\"og:description\" content=\"Revision der BSV auf Herbst 2027 verschieben. Sofortiges Pyroverbot in \u00f6ffentlichen R\u00e4umen soll eingef\u00fchrt werden.\" \/>\n<meta property=\"og:url\" content=\"https:\/\/news.save.ch\/fr\/revision-der-bsv-neue-vorschriften-erst-ab-2027-pyrotechnik-verbot-geplant\/\" \/>\n<meta property=\"og:site_name\" content=\"Save\" \/>\n<meta property=\"article:published_time\" content=\"2026-01-26T05:46:11+00:00\" \/>\n<meta property=\"og:image\" content=\"https:\/\/news.save.ch\/wp-content\/uploads\/2026\/01\/Depositphotos_5665503_S.jpg\" \/>\n\t<meta property=\"og:image:width\" content=\"1000\" \/>\n\t<meta property=\"og:image:height\" content=\"621\" \/>\n\t<meta property=\"og:image:type\" content=\"image\/jpeg\" \/>\n<meta name=\"author\" content=\"stefanie Zeng\" \/>\n<meta name=\"twitter:card\" content=\"summary_large_image\" \/>\n<meta name=\"twitter:label1\" content=\"\u00c9crit par\" \/>\n\t<meta name=\"twitter:data1\" content=\"stefanie Zeng\" \/>\n\t<meta name=\"twitter:label2\" content=\"Dur\u00e9e de lecture estim\u00e9e\" \/>\n\t<meta name=\"twitter:data2\" content=\"2 minutes\" \/>\n<script type=\"application\/ld+json\" class=\"yoast-schema-graph\">{\"@context\":\"https:\\\/\\\/schema.org\",\"@graph\":[{\"@type\":\"Article\",\"@id\":\"https:\\\/\\\/news.save.ch\\\/revision-der-bsv-neue-vorschriften-erst-ab-2027-pyrotechnik-verbot-geplant\\\/#article\",\"isPartOf\":{\"@id\":\"https:\\\/\\\/news.save.ch\\\/revision-der-bsv-neue-vorschriften-erst-ab-2027-pyrotechnik-verbot-geplant\\\/\"},\"author\":{\"name\":\"stefanie Zeng\",\"@id\":\"https:\\\/\\\/news.save.ch\\\/de\\\/#\\\/schema\\\/person\\\/10917387362b3961e882740f6cf6f2a2\"},\"headline\":\"Revision der BSV: Neue Vorschriften erst ab 2027 \u2013 Pyrotechnik-Verbot geplant\",\"datePublished\":\"2026-01-26T05:46:11+00:00\",\"mainEntityOfPage\":{\"@id\":\"https:\\\/\\\/news.save.ch\\\/revision-der-bsv-neue-vorschriften-erst-ab-2027-pyrotechnik-verbot-geplant\\\/\"},\"wordCount\":223,\"publisher\":{\"@id\":\"https:\\\/\\\/news.save.ch\\\/de\\\/#organization\"},\"image\":{\"@id\":\"https:\\\/\\\/news.save.ch\\\/revision-der-bsv-neue-vorschriften-erst-ab-2027-pyrotechnik-verbot-geplant\\\/#primaryimage\"},\"thumbnailUrl\":\"https:\\\/\\\/news.save.ch\\\/wp-content\\\/uploads\\\/2026\\\/01\\\/Depositphotos_5665503_S.jpg\",\"keywords\":[\"Brandschutz\",\"BSV 2026\",\"Crans Montana\",\"Pyrotechnik\"],\"articleSection\":[\"BRANDSCHUTZ\"],\"inLanguage\":\"fr-FR\"},{\"@type\":\"WebPage\",\"@id\":\"https:\\\/\\\/news.save.ch\\\/revision-der-bsv-neue-vorschriften-erst-ab-2027-pyrotechnik-verbot-geplant\\\/\",\"url\":\"https:\\\/\\\/news.save.ch\\\/revision-der-bsv-neue-vorschriften-erst-ab-2027-pyrotechnik-verbot-geplant\\\/\",\"name\":\"Revision der BSV: Neue Vorschriften erst ab 2027 \u2013 Pyrotechnik-Verbot geplant - Save\",\"isPartOf\":{\"@id\":\"https:\\\/\\\/news.save.ch\\\/de\\\/#website\"},\"primaryImageOfPage\":{\"@id\":\"https:\\\/\\\/news.save.ch\\\/revision-der-bsv-neue-vorschriften-erst-ab-2027-pyrotechnik-verbot-geplant\\\/#primaryimage\"},\"image\":{\"@id\":\"https:\\\/\\\/news.save.ch\\\/revision-der-bsv-neue-vorschriften-erst-ab-2027-pyrotechnik-verbot-geplant\\\/#primaryimage\"},\"thumbnailUrl\":\"https:\\\/\\\/news.save.ch\\\/wp-content\\\/uploads\\\/2026\\\/01\\\/Depositphotos_5665503_S.jpg\",\"datePublished\":\"2026-01-26T05:46:11+00:00\",\"description\":\"Revision der BSV auf Herbst 2027 verschieben. Sofortiges Pyroverbot in \u00f6ffentlichen R\u00e4umen soll eingef\u00fchrt werden.\",\"breadcrumb\":{\"@id\":\"https:\\\/\\\/news.save.ch\\\/revision-der-bsv-neue-vorschriften-erst-ab-2027-pyrotechnik-verbot-geplant\\\/#breadcrumb\"},\"inLanguage\":\"fr-FR\",\"potentialAction\":[{\"@type\":\"ReadAction\",\"target\":[\"https:\\\/\\\/news.save.ch\\\/revision-der-bsv-neue-vorschriften-erst-ab-2027-pyrotechnik-verbot-geplant\\\/\"]}]},{\"@type\":\"ImageObject\",\"inLanguage\":\"fr-FR\",\"@id\":\"https:\\\/\\\/news.save.ch\\\/revision-der-bsv-neue-vorschriften-erst-ab-2027-pyrotechnik-verbot-geplant\\\/#primaryimage\",\"url\":\"https:\\\/\\\/news.save.ch\\\/wp-content\\\/uploads\\\/2026\\\/01\\\/Depositphotos_5665503_S.jpg\",\"contentUrl\":\"https:\\\/\\\/news.save.ch\\\/wp-content\\\/uploads\\\/2026\\\/01\\\/Depositphotos_5665503_S.jpg\",\"width\":1000,\"height\":621,\"caption\":\"Foto: Depositphotos\\\/czbalazs\"},{\"@type\":\"BreadcrumbList\",\"@id\":\"https:\\\/\\\/news.save.ch\\\/revision-der-bsv-neue-vorschriften-erst-ab-2027-pyrotechnik-verbot-geplant\\\/#breadcrumb\",\"itemListElement\":[{\"@type\":\"ListItem\",\"position\":1,\"name\":\"Home\",\"item\":\"https:\\\/\\\/news.save.ch\\\/de\\\/\"},{\"@type\":\"ListItem\",\"position\":2,\"name\":\"Revision der BSV: Neue Vorschriften erst ab 2027 \u2013 Pyrotechnik-Verbot geplant\"}]},{\"@type\":\"WebSite\",\"@id\":\"https:\\\/\\\/news.save.ch\\\/de\\\/#website\",\"url\":\"https:\\\/\\\/news.save.ch\\\/de\\\/\",\"name\":\"Save\",\"description\":\"Schweizer Fachzeitschrift f\u00fcr Sicherheit\",\"publisher\":{\"@id\":\"https:\\\/\\\/news.save.ch\\\/de\\\/#organization\"},\"potentialAction\":[{\"@type\":\"SearchAction\",\"target\":{\"@type\":\"EntryPoint\",\"urlTemplate\":\"https:\\\/\\\/news.save.ch\\\/de\\\/?s={search_term_string}\"},\"query-input\":{\"@type\":\"PropertyValueSpecification\",\"valueRequired\":true,\"valueName\":\"search_term_string\"}}],\"inLanguage\":\"fr-FR\"},{\"@type\":\"Organization\",\"@id\":\"https:\\\/\\\/news.save.ch\\\/de\\\/#organization\",\"name\":\"Sicherheitsforum\",\"url\":\"https:\\\/\\\/news.save.ch\\\/de\\\/\",\"logo\":{\"@type\":\"ImageObject\",\"inLanguage\":\"fr-FR\",\"@id\":\"https:\\\/\\\/news.save.ch\\\/de\\\/#\\\/schema\\\/logo\\\/image\\\/\",\"url\":\"https:\\\/\\\/news.save.ch\\\/wp-content\\\/uploads\\\/2022\\\/06\\\/Logo_SF_2012.png\",\"contentUrl\":\"https:\\\/\\\/news.save.ch\\\/wp-content\\\/uploads\\\/2022\\\/06\\\/Logo_SF_2012.png\",\"width\":1100,\"height\":91,\"caption\":\"Sicherheitsforum\"},\"image\":{\"@id\":\"https:\\\/\\\/news.save.ch\\\/de\\\/#\\\/schema\\\/logo\\\/image\\\/\"}},{\"@type\":\"Person\",\"@id\":\"https:\\\/\\\/news.save.ch\\\/de\\\/#\\\/schema\\\/person\\\/10917387362b3961e882740f6cf6f2a2\",\"name\":\"stefanie Zeng\",\"image\":{\"@type\":\"ImageObject\",\"inLanguage\":\"fr-FR\",\"@id\":\"https:\\\/\\\/secure.gravatar.com\\\/avatar\\\/eac43faa6e40bb2c41068c95c9d78bbd94c476d5efdff7abaab80bb3ea681e06?s=96&d=mm&r=g\",\"url\":\"https:\\\/\\\/secure.gravatar.com\\\/avatar\\\/eac43faa6e40bb2c41068c95c9d78bbd94c476d5efdff7abaab80bb3ea681e06?s=96&d=mm&r=g\",\"contentUrl\":\"https:\\\/\\\/secure.gravatar.com\\\/avatar\\\/eac43faa6e40bb2c41068c95c9d78bbd94c476d5efdff7abaab80bb3ea681e06?s=96&d=mm&r=g\",\"caption\":\"stefanie Zeng\"},\"url\":\"https:\\\/\\\/news.save.ch\\\/fr\\\/author\\\/stefanie-zeng\\\/\"}]}<\/script>\n<!-- \/ Yoast SEO plugin. -->","yoast_head_json":{"title":"R\u00e9vision de l'OFAS : nouvelles prescriptions seulement \u00e0 partir de 2027 - interdiction de la pyrotechnie pr\u00e9vue - Save","description":"Reporter la r\u00e9vision de l'OPB \u00e0 l'automne 2027. Une interdiction imm\u00e9diate de la pyrotechnie dans les lieux publics doit \u00eatre introduite.","robots":{"index":"index","follow":"follow","max-snippet":"max-snippet:-1","max-image-preview":"max-image-preview:large","max-video-preview":"max-video-preview:-1"},"canonical":"https:\/\/news.save.ch\/fr\/revision-der-bsv-neue-vorschriften-erst-ab-2027-pyrotechnik-verbot-geplant\/","og_locale":"fr_FR","og_type":"article","og_title":"Revision der BSV: Neue Vorschriften erst ab 2027 \u2013 Pyrotechnik-Verbot geplant - Save","og_description":"Revision der BSV auf Herbst 2027 verschieben. Sofortiges Pyroverbot in \u00f6ffentlichen R\u00e4umen soll eingef\u00fchrt werden.","og_url":"https:\/\/news.save.ch\/fr\/revision-der-bsv-neue-vorschriften-erst-ab-2027-pyrotechnik-verbot-geplant\/","og_site_name":"Save","article_published_time":"2026-01-26T05:46:11+00:00","og_image":[{"width":1000,"height":621,"url":"https:\/\/news.save.ch\/wp-content\/uploads\/2026\/01\/Depositphotos_5665503_S.jpg","type":"image\/jpeg"}],"author":"stefanie Zeng","twitter_card":"summary_large_image","twitter_misc":{"\u00c9crit par":"stefanie Zeng","Dur\u00e9e de lecture estim\u00e9e":"2 minutes"},"schema":{"@context":"https:\/\/schema.org","@graph":[{"@type":"Article","@id":"https:\/\/news.save.ch\/revision-der-bsv-neue-vorschriften-erst-ab-2027-pyrotechnik-verbot-geplant\/#article","isPartOf":{"@id":"https:\/\/news.save.ch\/revision-der-bsv-neue-vorschriften-erst-ab-2027-pyrotechnik-verbot-geplant\/"},"author":{"name":"stefanie Zeng","@id":"https:\/\/news.save.ch\/de\/#\/schema\/person\/10917387362b3961e882740f6cf6f2a2"},"headline":"Revision der BSV: Neue Vorschriften erst ab 2027 \u2013 Pyrotechnik-Verbot geplant","datePublished":"2026-01-26T05:46:11+00:00","mainEntityOfPage":{"@id":"https:\/\/news.save.ch\/revision-der-bsv-neue-vorschriften-erst-ab-2027-pyrotechnik-verbot-geplant\/"},"wordCount":223,"publisher":{"@id":"https:\/\/news.save.ch\/de\/#organization"},"image":{"@id":"https:\/\/news.save.ch\/revision-der-bsv-neue-vorschriften-erst-ab-2027-pyrotechnik-verbot-geplant\/#primaryimage"},"thumbnailUrl":"https:\/\/news.save.ch\/wp-content\/uploads\/2026\/01\/Depositphotos_5665503_S.jpg","keywords":["Brandschutz","BSV 2026","Crans Montana","Pyrotechnik"],"articleSection":["BRANDSCHUTZ"],"inLanguage":"fr-FR"},{"@type":"WebPage","@id":"https:\/\/news.save.ch\/revision-der-bsv-neue-vorschriften-erst-ab-2027-pyrotechnik-verbot-geplant\/","url":"https:\/\/news.save.ch\/revision-der-bsv-neue-vorschriften-erst-ab-2027-pyrotechnik-verbot-geplant\/","name":"R\u00e9vision de l'OFAS : nouvelles prescriptions seulement \u00e0 partir de 2027 - interdiction de la pyrotechnie pr\u00e9vue - Save","isPartOf":{"@id":"https:\/\/news.save.ch\/de\/#website"},"primaryImageOfPage":{"@id":"https:\/\/news.save.ch\/revision-der-bsv-neue-vorschriften-erst-ab-2027-pyrotechnik-verbot-geplant\/#primaryimage"},"image":{"@id":"https:\/\/news.save.ch\/revision-der-bsv-neue-vorschriften-erst-ab-2027-pyrotechnik-verbot-geplant\/#primaryimage"},"thumbnailUrl":"https:\/\/news.save.ch\/wp-content\/uploads\/2026\/01\/Depositphotos_5665503_S.jpg","datePublished":"2026-01-26T05:46:11+00:00","description":"Reporter la r\u00e9vision de l'OPB \u00e0 l'automne 2027. Une interdiction imm\u00e9diate de la pyrotechnie dans les lieux publics doit \u00eatre introduite.","breadcrumb":{"@id":"https:\/\/news.save.ch\/revision-der-bsv-neue-vorschriften-erst-ab-2027-pyrotechnik-verbot-geplant\/#breadcrumb"},"inLanguage":"fr-FR","potentialAction":[{"@type":"ReadAction","target":["https:\/\/news.save.ch\/revision-der-bsv-neue-vorschriften-erst-ab-2027-pyrotechnik-verbot-geplant\/"]}]},{"@type":"ImageObject","inLanguage":"fr-FR","@id":"https:\/\/news.save.ch\/revision-der-bsv-neue-vorschriften-erst-ab-2027-pyrotechnik-verbot-geplant\/#primaryimage","url":"https:\/\/news.save.ch\/wp-content\/uploads\/2026\/01\/Depositphotos_5665503_S.jpg","contentUrl":"https:\/\/news.save.ch\/wp-content\/uploads\/2026\/01\/Depositphotos_5665503_S.jpg","width":1000,"height":621,"caption":"Foto: Depositphotos\/czbalazs"},{"@type":"BreadcrumbList","@id":"https:\/\/news.save.ch\/revision-der-bsv-neue-vorschriften-erst-ab-2027-pyrotechnik-verbot-geplant\/#breadcrumb","itemListElement":[{"@type":"ListItem","position":1,"name":"Home","item":"https:\/\/news.save.ch\/de\/"},{"@type":"ListItem","position":2,"name":"Revision der BSV: Neue Vorschriften erst ab 2027 \u2013 Pyrotechnik-Verbot geplant"}]},{"@type":"WebSite","@id":"https:\/\/news.save.ch\/de\/#website","url":"https:\/\/news.save.ch\/de\/","name":"Save","description":"Revue suisse sp\u00e9cialis\u00e9e dans la s\u00e9curit\u00e9","publisher":{"@id":"https:\/\/news.save.ch\/de\/#organization"},"potentialAction":[{"@type":"SearchAction","target":{"@type":"EntryPoint","urlTemplate":"https:\/\/news.save.ch\/de\/?s={search_term_string}"},"query-input":{"@type":"PropertyValueSpecification","valueRequired":true,"valueName":"search_term_string"}}],"inLanguage":"fr-FR"},{"@type":"Organization","@id":"https:\/\/news.save.ch\/de\/#organization","name":"Forum sur la s\u00e9curit\u00e9","url":"https:\/\/news.save.ch\/de\/","logo":{"@type":"ImageObject","inLanguage":"fr-FR","@id":"https:\/\/news.save.ch\/de\/#\/schema\/logo\/image\/","url":"https:\/\/news.save.ch\/wp-content\/uploads\/2022\/06\/Logo_SF_2012.png","contentUrl":"https:\/\/news.save.ch\/wp-content\/uploads\/2022\/06\/Logo_SF_2012.png","width":1100,"height":91,"caption":"Sicherheitsforum"},"image":{"@id":"https:\/\/news.save.ch\/de\/#\/schema\/logo\/image\/"}},{"@type":"Person","@id":"https:\/\/news.save.ch\/de\/#\/schema\/person\/10917387362b3961e882740f6cf6f2a2","name":"stefanie Zeng","image":{"@type":"ImageObject","inLanguage":"fr-FR","@id":"https:\/\/secure.gravatar.com\/avatar\/eac43faa6e40bb2c41068c95c9d78bbd94c476d5efdff7abaab80bb3ea681e06?s=96&d=mm&r=g","url":"https:\/\/secure.gravatar.com\/avatar\/eac43faa6e40bb2c41068c95c9d78bbd94c476d5efdff7abaab80bb3ea681e06?s=96&d=mm&r=g","contentUrl":"https:\/\/secure.gravatar.com\/avatar\/eac43faa6e40bb2c41068c95c9d78bbd94c476d5efdff7abaab80bb3ea681e06?s=96&d=mm&r=g","caption":"stefanie Zeng"},"url":"https:\/\/news.save.ch\/fr\/author\/stefanie-zeng\/"}]}},"_links":{"self":[{"href":"https:\/\/news.save.ch\/fr\/wp-json\/wp\/v2\/posts\/24920","targetHints":{"allow":["GET"]}}],"collection":[{"href":"https:\/\/news.save.ch\/fr\/wp-json\/wp\/v2\/posts"}],"about":[{"href":"https:\/\/news.save.ch\/fr\/wp-json\/wp\/v2\/types\/post"}],"author":[{"embeddable":true,"href":"https:\/\/news.save.ch\/fr\/wp-json\/wp\/v2\/users\/31"}],"replies":[{"embeddable":true,"href":"https:\/\/news.save.ch\/fr\/wp-json\/wp\/v2\/comments?post=24920"}],"version-history":[{"count":1,"href":"https:\/\/news.save.ch\/fr\/wp-json\/wp\/v2\/posts\/24920\/revisions"}],"predecessor-version":[{"id":24922,"href":"https:\/\/news.save.ch\/fr\/wp-json\/wp\/v2\/posts\/24920\/revisions\/24922"}],"wp:featuredmedia":[{"embeddable":true,"href":"https:\/\/news.save.ch\/fr\/wp-json\/wp\/v2\/media\/24921"}],"wp:attachment":[{"href":"https:\/\/news.save.ch\/fr\/wp-json\/wp\/v2\/media?parent=24920"}],"wp:term":[{"taxonomy":"category","embeddable":true,"href":"https:\/\/news.save.ch\/fr\/wp-json\/wp\/v2\/categories?post=24920"},{"taxonomy":"post_tag","embeddable":true,"href":"https:\/\/news.save.ch\/fr\/wp-json\/wp\/v2\/tags?post=24920"}],"curies":[{"name":"wp","href":"https:\/\/api.w.org\/{rel}","templated":true}]}}