{"id":24955,"date":"2026-02-10T10:24:35","date_gmt":"2026-02-10T09:24:35","guid":{"rendered":"https:\/\/news.save.ch\/?p=24955"},"modified":"2026-02-10T10:38:54","modified_gmt":"2026-02-10T09:38:54","slug":"skiunfaelle-verursachen-jedes-jahr-ueber-800-000-absenztage","status":null,"type":"post","link":"https:\/\/news.save.ch\/fr\/skiunfaelle-verursachen-jedes-jahr-ueber-800-000-absenztage\/","title":{"rendered":"Les accidents de ski provoquent chaque ann\u00e9e plus de 800 000 jours d'absence"},"content":{"rendered":"<div class=\"container\">\n<div class=\"row sch-page-intro\">\n<section class=\"col-lg-7 offset-md-1\">\n<figure id=\"attachment_24956\" aria-describedby=\"caption-attachment-24956\" style=\"width: 680px\" class=\"wp-caption alignnone\"><img loading=\"lazy\" decoding=\"async\" class=\"size-medium wp-image-24956\" src=\"https:\/\/news.save.ch\/wp-content\/uploads\/2026\/02\/Depositphotos_327236256_S-680x454.jpg\" alt=\"\" width=\"680\" height=\"454\" srcset=\"https:\/\/news.save.ch\/wp-content\/uploads\/2026\/02\/Depositphotos_327236256_S-680x454.jpg 680w, https:\/\/news.save.ch\/wp-content\/uploads\/2026\/02\/Depositphotos_327236256_S-768x512.jpg 768w, https:\/\/news.save.ch\/wp-content\/uploads\/2026\/02\/Depositphotos_327236256_S-18x12.jpg 18w, https:\/\/news.save.ch\/wp-content\/uploads\/2026\/02\/Depositphotos_327236256_S-375x250.jpg 375w, https:\/\/news.save.ch\/wp-content\/uploads\/2026\/02\/Depositphotos_327236256_S-525x350.jpg 525w, https:\/\/news.save.ch\/wp-content\/uploads\/2026\/02\/Depositphotos_327236256_S.jpg 1000w\" sizes=\"auto, (max-width: 680px) 100vw, 680px\" \/><figcaption id=\"caption-attachment-24956\" class=\"wp-caption-text\">Photo : Depositphotos\/HayDimitri<\/figcaption><\/figure>\n<\/section>\n<\/div>\n<\/div>\n<section class=\"container sux-section-content\">\n<div class=\"row\">\n<div class=\"col-lg-6 offset-lg-3 col-md-8 offset-md-2 col-sm-10 offset-sm-1\">\n<div>\n<p>Le ski et le snowboard font partie des sports d'hiver les plus populaires en Suisse. Parall\u00e8lement, les chiffres des assurances-accidents suisses montrent que les cons\u00e9quences des accidents de sports de neige sont consid\u00e9rables. Non seulement pour les personnes concern\u00e9es, mais aussi pour les entreprises et les \u00e9quipes de travail qui doivent compenser les pertes de pr\u00e8s de 827 000 journ\u00e9es de travail.<\/p>\n<\/div>\n<h3 id=\"anchor-9E3A55C4-C5A0-4188-A20F-2C8E341A7941\" class=\"h3 sch-h3\">Jours d'absence par groupe d'\u00e2ge et par an<\/h3>\n<div>\n<ul>\n<li>15-24 ans : environ 4700 accidents, environ 108 700 jours de travail indemnis\u00e9s<\/li>\n<li>25-34 ans : environ 7600 accidents, environ 171 900 jours de travail indemnis\u00e9s<\/li>\n<li>35-44 ans : environ 7600 accidents, environ 163 100 jours de travail indemnis\u00e9s<\/li>\n<li>45-54 ans : environ 9200 accidents, environ 228 100 jours de travail indemnis\u00e9s<\/li>\n<li>55-64 ans : environ 5300 accidents, environ 147 700 jours de travail indemnis\u00e9s<\/li>\n<li>65 ans et plus : environ 360 accidents, environ 7100 jours de travail indemnis\u00e9s<\/li>\n<\/ul>\n<p>Les accidents de sports de neige touchent donc tous les groupes d'\u00e2ge. Le nombre de jours d'arr\u00eat de travail le plus \u00e9lev\u00e9 concerne les personnes \u00e2g\u00e9es de 45 \u00e0 54 ans. En outre, on constate une nette diff\u00e9rence d'\u00e2ge en ce qui concerne la dur\u00e9e de l'incapacit\u00e9 de travail : alors que les personnes \u00e2g\u00e9es de 15 \u00e0 24 ans enregistrent en moyenne environ 21 jours d'absence indemnis\u00e9s par cas apr\u00e8s un accident de sports de neige, cette valeur s'\u00e9l\u00e8ve \u00e0 environ 27 jours pour les personnes \u00e2g\u00e9es de 55 \u00e0 64 ans.<\/p>\n<\/div>\n<h3 id=\"anchor-BFEFA2C3-72F0-40B1-8C61-A8C45C00076E\" class=\"h3 sch-h3\">Plus de jours d'arr\u00eat de travail malgr\u00e9 un nombre d'accidents stable<\/h3>\n<div>\n<p>Un coup d'\u0153il sur l'\u00e9volution des 15 derni\u00e8res ann\u00e9es le montre : Le nombre d'accidents de sports d'hiver n'a que l\u00e9g\u00e8rement augment\u00e9 depuis le milieu des ann\u00e9es 2000 (+6 %). Cependant, les jours de travail indemnis\u00e9s ont augment\u00e9 de mani\u00e8re disproportionn\u00e9e durant la m\u00eame p\u00e9riode (+16 %). En d'autres termes, les personnes s'absentent aujourd'hui nettement plus longtemps qu'auparavant apr\u00e8s un accident de ski. Cela est principalement d\u00fb \u00e0 l'\u00e9volution d\u00e9mographique : parmi les personnes accident\u00e9es, la part des plus de 44 ans a nettement augment\u00e9 au cours des 15 derni\u00e8res ann\u00e9es.<\/p>\n<\/div>\n<h3 id=\"anchor-580BC9C5-AE52-4D04-ABE5-A100C32EDEDB\" class=\"h3 sch-h3\">\u00c9viter les accidents, r\u00e9duire les temps d'arr\u00eat<\/h3>\n<div>\n<p>De nombreux accidents peuvent \u00eatre \u00e9vit\u00e9s. La Suva recommande aux adeptes de sports de neige de<\/p>\n<ul>\n<li>utiliser un \u00e9quipement bien entretenu et des fixations correctement r\u00e9gl\u00e9es<\/li>\n<li>ne pas surestimer ses propres capacit\u00e9s<\/li>\n<li>s'\u00e9chauffer correctement avant le d\u00e9part<\/li>\n<li>adapter le rythme \u00e0 la situation et \u00e0 ses propres capacit\u00e9s<\/li>\n<li>de faire des pauses r\u00e9guli\u00e8res<\/li>\n<li>skier et faire du snowboard avec l'esprit clair, rester sur les pistes avec ses pens\u00e9es<\/li>\n<\/ul>\n<p>Les personnes qui se d\u00e9placent de mani\u00e8re consciente et respectueuse r\u00e9duisent le risque d'accident et contribuent \u00e0 \u00e9viter les absences au travail.<\/p>\n<p><em>Source : Suva<\/em><\/p>\n<\/div>\n<div class=\"sch-teaser\">\n<div class=\"sch-teaser-click-animation\">\n<div class=\"sch-teaser-content-container sch-teaser-small-image sch-teaser-list-item\"><\/div>\n<\/div>\n<\/div>\n<\/div>\n<\/div>\n<\/section>","protected":false},"excerpt":{"rendered":"<p>Ski- und Snowboardfahren z\u00e4hlt zu den beliebtesten Wintersportarten in der Schweiz. Gleichzeitig zeigen die Zahlen der Schweizer Unfallversicherungen, dass die Auswirkungen von Schneesportunf\u00e4llen erheblich sind. Nicht nur f\u00fcr die Betroffenen, sondern auch f\u00fcr die Unternehmen und Arbeitsteams, die die Ausf\u00e4lle von knapp 827\u202f000 Arbeitstagen auffangen m\u00fcssen. Ausfalltage nach Altersgruppen\u00a0pro Jahr 15\u201324 Jahre: rund 4700 Unf\u00e4lle, [&hellip;]<\/p>\n","protected":false},"author":31,"featured_media":24956,"comment_status":"closed","ping_status":"closed","sticky":false,"template":"","format":"standard","meta":{"_acf_changed":false,"pgc_sgb_lightbox_settings":"","footnotes":""},"categories":[3314],"tags":[2853,2926,2928,2938,167],"class_list":["post-24955","post","type-post","status-publish","format-standard","has-post-thumbnail","hentry","category-health-safety","tag-schneesportunfall","tag-skifahren","tag-skiunfall","tag-snowboard","tag-suva"],"acf":[],"hkrextid":null,"publication":null,"issue":null,"workflow":null,"startPage":null,"spitzmarke":null,"_posts_by_tag_page_fields":null,"_at_widget":null,"_yoast_wpseo_primary_category":"3314","_yoast_wpseo_focuskw_text_input":null,"_yoast_wpseo_opengraph-image":null,"_yoast_wpseo_opengraph-description":null,"_yoast_wpseo_opengraph-title":null,"enclosure":null,"_yoast_wpseo_twitter-title":null,"_yoast_wpseo_twitter-description":null,"_yoast_wpseo_twitter-image":null,"_wp_old_slug":null,"_yoast_wpseo_title":null,"_yoast_wpseo_canonical":null,"yoast_head":"<!-- This site is optimized with the Yoast SEO plugin v27.5 - https:\/\/yoast.com\/product\/yoast-seo-wordpress\/ -->\n<title>Skiunf\u00e4lle verursachen jedes Jahr \u00fcber 800\u202f000 Absenztage - Save<\/title>\n<meta name=\"description\" content=\"Rund 35\u202f000 Ski- und Snowboardunf\u00e4lle verursachen\u00a0jedes Jahr\u00a0einen Ausfall an Arbeitszeit im Umfang von rund 3300\u00a0Arbeitsjahren.\" \/>\n<meta name=\"robots\" content=\"index, follow, max-snippet:-1, max-image-preview:large, max-video-preview:-1\" \/>\n<link rel=\"canonical\" href=\"https:\/\/news.save.ch\/fr\/skiunfaelle-verursachen-jedes-jahr-ueber-800-000-absenztage\/\" \/>\n<meta property=\"og:locale\" content=\"fr_FR\" \/>\n<meta property=\"og:type\" content=\"article\" \/>\n<meta property=\"og:title\" content=\"Skiunf\u00e4lle verursachen jedes Jahr \u00fcber 800\u202f000 Absenztage - Save\" \/>\n<meta property=\"og:description\" content=\"Rund 35\u202f000 Ski- und Snowboardunf\u00e4lle verursachen\u00a0jedes Jahr\u00a0einen Ausfall an Arbeitszeit im Umfang von rund 3300\u00a0Arbeitsjahren.\" \/>\n<meta property=\"og:url\" content=\"https:\/\/news.save.ch\/fr\/skiunfaelle-verursachen-jedes-jahr-ueber-800-000-absenztage\/\" \/>\n<meta property=\"og:site_name\" content=\"Save\" \/>\n<meta property=\"article:published_time\" content=\"2026-02-10T09:24:35+00:00\" \/>\n<meta property=\"article:modified_time\" content=\"2026-02-10T09:38:54+00:00\" \/>\n<meta property=\"og:image\" content=\"https:\/\/news.save.ch\/wp-content\/uploads\/2026\/02\/Depositphotos_327236256_S.jpg\" \/>\n\t<meta property=\"og:image:width\" content=\"1000\" \/>\n\t<meta property=\"og:image:height\" content=\"667\" \/>\n\t<meta property=\"og:image:type\" content=\"image\/jpeg\" \/>\n<meta name=\"author\" content=\"stefanie Zeng\" \/>\n<meta name=\"twitter:card\" content=\"summary_large_image\" \/>\n<meta name=\"twitter:label1\" content=\"\u00c9crit par\" \/>\n\t<meta name=\"twitter:data1\" content=\"stefanie Zeng\" \/>\n\t<meta name=\"twitter:label2\" content=\"Dur\u00e9e de lecture estim\u00e9e\" \/>\n\t<meta name=\"twitter:data2\" content=\"3 minutes\" \/>\n<script type=\"application\/ld+json\" class=\"yoast-schema-graph\">{\"@context\":\"https:\\\/\\\/schema.org\",\"@graph\":[{\"@type\":\"Article\",\"@id\":\"https:\\\/\\\/news.save.ch\\\/skiunfaelle-verursachen-jedes-jahr-ueber-800-000-absenztage\\\/#article\",\"isPartOf\":{\"@id\":\"https:\\\/\\\/news.save.ch\\\/skiunfaelle-verursachen-jedes-jahr-ueber-800-000-absenztage\\\/\"},\"author\":{\"name\":\"stefanie Zeng\",\"@id\":\"https:\\\/\\\/news.save.ch\\\/de\\\/#\\\/schema\\\/person\\\/10917387362b3961e882740f6cf6f2a2\"},\"headline\":\"Skiunf\u00e4lle verursachen jedes Jahr \u00fcber 800\u202f000 Absenztage\",\"datePublished\":\"2026-02-10T09:24:35+00:00\",\"dateModified\":\"2026-02-10T09:38:54+00:00\",\"mainEntityOfPage\":{\"@id\":\"https:\\\/\\\/news.save.ch\\\/skiunfaelle-verursachen-jedes-jahr-ueber-800-000-absenztage\\\/\"},\"wordCount\":358,\"publisher\":{\"@id\":\"https:\\\/\\\/news.save.ch\\\/de\\\/#organization\"},\"image\":{\"@id\":\"https:\\\/\\\/news.save.ch\\\/skiunfaelle-verursachen-jedes-jahr-ueber-800-000-absenztage\\\/#primaryimage\"},\"thumbnailUrl\":\"https:\\\/\\\/news.save.ch\\\/wp-content\\\/uploads\\\/2026\\\/02\\\/Depositphotos_327236256_S.jpg\",\"keywords\":[\"Schneesportunfall\",\"Skifahren\",\"Skiunfall\",\"Snowboard\",\"SUVA\"],\"articleSection\":[\"HEALTH &amp; SAFETY\"],\"inLanguage\":\"fr-FR\"},{\"@type\":\"WebPage\",\"@id\":\"https:\\\/\\\/news.save.ch\\\/skiunfaelle-verursachen-jedes-jahr-ueber-800-000-absenztage\\\/\",\"url\":\"https:\\\/\\\/news.save.ch\\\/skiunfaelle-verursachen-jedes-jahr-ueber-800-000-absenztage\\\/\",\"name\":\"Skiunf\u00e4lle verursachen jedes Jahr \u00fcber 800\u202f000 Absenztage - Save\",\"isPartOf\":{\"@id\":\"https:\\\/\\\/news.save.ch\\\/de\\\/#website\"},\"primaryImageOfPage\":{\"@id\":\"https:\\\/\\\/news.save.ch\\\/skiunfaelle-verursachen-jedes-jahr-ueber-800-000-absenztage\\\/#primaryimage\"},\"image\":{\"@id\":\"https:\\\/\\\/news.save.ch\\\/skiunfaelle-verursachen-jedes-jahr-ueber-800-000-absenztage\\\/#primaryimage\"},\"thumbnailUrl\":\"https:\\\/\\\/news.save.ch\\\/wp-content\\\/uploads\\\/2026\\\/02\\\/Depositphotos_327236256_S.jpg\",\"datePublished\":\"2026-02-10T09:24:35+00:00\",\"dateModified\":\"2026-02-10T09:38:54+00:00\",\"description\":\"Rund 35\u202f000 Ski- und Snowboardunf\u00e4lle verursachen\u00a0jedes Jahr\u00a0einen Ausfall an Arbeitszeit im Umfang von rund 3300\u00a0Arbeitsjahren.\",\"breadcrumb\":{\"@id\":\"https:\\\/\\\/news.save.ch\\\/skiunfaelle-verursachen-jedes-jahr-ueber-800-000-absenztage\\\/#breadcrumb\"},\"inLanguage\":\"fr-FR\",\"potentialAction\":[{\"@type\":\"ReadAction\",\"target\":[\"https:\\\/\\\/news.save.ch\\\/skiunfaelle-verursachen-jedes-jahr-ueber-800-000-absenztage\\\/\"]}]},{\"@type\":\"ImageObject\",\"inLanguage\":\"fr-FR\",\"@id\":\"https:\\\/\\\/news.save.ch\\\/skiunfaelle-verursachen-jedes-jahr-ueber-800-000-absenztage\\\/#primaryimage\",\"url\":\"https:\\\/\\\/news.save.ch\\\/wp-content\\\/uploads\\\/2026\\\/02\\\/Depositphotos_327236256_S.jpg\",\"contentUrl\":\"https:\\\/\\\/news.save.ch\\\/wp-content\\\/uploads\\\/2026\\\/02\\\/Depositphotos_327236256_S.jpg\",\"width\":1000,\"height\":667,\"caption\":\"Foto: Depositphotos\\\/HayDimitri\"},{\"@type\":\"BreadcrumbList\",\"@id\":\"https:\\\/\\\/news.save.ch\\\/skiunfaelle-verursachen-jedes-jahr-ueber-800-000-absenztage\\\/#breadcrumb\",\"itemListElement\":[{\"@type\":\"ListItem\",\"position\":1,\"name\":\"Home\",\"item\":\"https:\\\/\\\/news.save.ch\\\/de\\\/\"},{\"@type\":\"ListItem\",\"position\":2,\"name\":\"Skiunf\u00e4lle verursachen jedes Jahr \u00fcber 800\u202f000 Absenztage\"}]},{\"@type\":\"WebSite\",\"@id\":\"https:\\\/\\\/news.save.ch\\\/de\\\/#website\",\"url\":\"https:\\\/\\\/news.save.ch\\\/de\\\/\",\"name\":\"Save\",\"description\":\"Schweizer Fachzeitschrift f\u00fcr Sicherheit\",\"publisher\":{\"@id\":\"https:\\\/\\\/news.save.ch\\\/de\\\/#organization\"},\"potentialAction\":[{\"@type\":\"SearchAction\",\"target\":{\"@type\":\"EntryPoint\",\"urlTemplate\":\"https:\\\/\\\/news.save.ch\\\/de\\\/?s={search_term_string}\"},\"query-input\":{\"@type\":\"PropertyValueSpecification\",\"valueRequired\":true,\"valueName\":\"search_term_string\"}}],\"inLanguage\":\"fr-FR\"},{\"@type\":\"Organization\",\"@id\":\"https:\\\/\\\/news.save.ch\\\/de\\\/#organization\",\"name\":\"Sicherheitsforum\",\"url\":\"https:\\\/\\\/news.save.ch\\\/de\\\/\",\"logo\":{\"@type\":\"ImageObject\",\"inLanguage\":\"fr-FR\",\"@id\":\"https:\\\/\\\/news.save.ch\\\/de\\\/#\\\/schema\\\/logo\\\/image\\\/\",\"url\":\"https:\\\/\\\/news.save.ch\\\/wp-content\\\/uploads\\\/2022\\\/06\\\/Logo_SF_2012.png\",\"contentUrl\":\"https:\\\/\\\/news.save.ch\\\/wp-content\\\/uploads\\\/2022\\\/06\\\/Logo_SF_2012.png\",\"width\":1100,\"height\":91,\"caption\":\"Sicherheitsforum\"},\"image\":{\"@id\":\"https:\\\/\\\/news.save.ch\\\/de\\\/#\\\/schema\\\/logo\\\/image\\\/\"}},{\"@type\":\"Person\",\"@id\":\"https:\\\/\\\/news.save.ch\\\/de\\\/#\\\/schema\\\/person\\\/10917387362b3961e882740f6cf6f2a2\",\"name\":\"stefanie Zeng\",\"image\":{\"@type\":\"ImageObject\",\"inLanguage\":\"fr-FR\",\"@id\":\"https:\\\/\\\/secure.gravatar.com\\\/avatar\\\/eac43faa6e40bb2c41068c95c9d78bbd94c476d5efdff7abaab80bb3ea681e06?s=96&d=mm&r=g\",\"url\":\"https:\\\/\\\/secure.gravatar.com\\\/avatar\\\/eac43faa6e40bb2c41068c95c9d78bbd94c476d5efdff7abaab80bb3ea681e06?s=96&d=mm&r=g\",\"contentUrl\":\"https:\\\/\\\/secure.gravatar.com\\\/avatar\\\/eac43faa6e40bb2c41068c95c9d78bbd94c476d5efdff7abaab80bb3ea681e06?s=96&d=mm&r=g\",\"caption\":\"stefanie Zeng\"},\"url\":\"https:\\\/\\\/news.save.ch\\\/fr\\\/author\\\/stefanie-zeng\\\/\"}]}<\/script>\n<!-- \/ Yoast SEO plugin. -->","yoast_head_json":{"title":"Les accidents de ski provoquent chaque ann\u00e9e plus de 800 000 jours d'absence - Save","description":"Chaque ann\u00e9e, quelque 35 000 accidents de ski et de snowboard entra\u00eenent une perte de temps de travail \u00e9quivalente \u00e0 environ 3300 ann\u00e9es de travail.","robots":{"index":"index","follow":"follow","max-snippet":"max-snippet:-1","max-image-preview":"max-image-preview:large","max-video-preview":"max-video-preview:-1"},"canonical":"https:\/\/news.save.ch\/fr\/skiunfaelle-verursachen-jedes-jahr-ueber-800-000-absenztage\/","og_locale":"fr_FR","og_type":"article","og_title":"Skiunf\u00e4lle verursachen jedes Jahr \u00fcber 800\u202f000 Absenztage - Save","og_description":"Rund 35\u202f000 Ski- und Snowboardunf\u00e4lle verursachen\u00a0jedes Jahr\u00a0einen Ausfall an Arbeitszeit im Umfang von rund 3300\u00a0Arbeitsjahren.","og_url":"https:\/\/news.save.ch\/fr\/skiunfaelle-verursachen-jedes-jahr-ueber-800-000-absenztage\/","og_site_name":"Save","article_published_time":"2026-02-10T09:24:35+00:00","article_modified_time":"2026-02-10T09:38:54+00:00","og_image":[{"width":1000,"height":667,"url":"https:\/\/news.save.ch\/wp-content\/uploads\/2026\/02\/Depositphotos_327236256_S.jpg","type":"image\/jpeg"}],"author":"stefanie Zeng","twitter_card":"summary_large_image","twitter_misc":{"\u00c9crit par":"stefanie Zeng","Dur\u00e9e de lecture estim\u00e9e":"3 minutes"},"schema":{"@context":"https:\/\/schema.org","@graph":[{"@type":"Article","@id":"https:\/\/news.save.ch\/skiunfaelle-verursachen-jedes-jahr-ueber-800-000-absenztage\/#article","isPartOf":{"@id":"https:\/\/news.save.ch\/skiunfaelle-verursachen-jedes-jahr-ueber-800-000-absenztage\/"},"author":{"name":"stefanie Zeng","@id":"https:\/\/news.save.ch\/de\/#\/schema\/person\/10917387362b3961e882740f6cf6f2a2"},"headline":"Skiunf\u00e4lle verursachen jedes Jahr \u00fcber 800\u202f000 Absenztage","datePublished":"2026-02-10T09:24:35+00:00","dateModified":"2026-02-10T09:38:54+00:00","mainEntityOfPage":{"@id":"https:\/\/news.save.ch\/skiunfaelle-verursachen-jedes-jahr-ueber-800-000-absenztage\/"},"wordCount":358,"publisher":{"@id":"https:\/\/news.save.ch\/de\/#organization"},"image":{"@id":"https:\/\/news.save.ch\/skiunfaelle-verursachen-jedes-jahr-ueber-800-000-absenztage\/#primaryimage"},"thumbnailUrl":"https:\/\/news.save.ch\/wp-content\/uploads\/2026\/02\/Depositphotos_327236256_S.jpg","keywords":["Schneesportunfall","Skifahren","Skiunfall","Snowboard","SUVA"],"articleSection":["HEALTH &amp; SAFETY"],"inLanguage":"fr-FR"},{"@type":"WebPage","@id":"https:\/\/news.save.ch\/skiunfaelle-verursachen-jedes-jahr-ueber-800-000-absenztage\/","url":"https:\/\/news.save.ch\/skiunfaelle-verursachen-jedes-jahr-ueber-800-000-absenztage\/","name":"Les accidents de ski provoquent chaque ann\u00e9e plus de 800 000 jours d'absence - Save","isPartOf":{"@id":"https:\/\/news.save.ch\/de\/#website"},"primaryImageOfPage":{"@id":"https:\/\/news.save.ch\/skiunfaelle-verursachen-jedes-jahr-ueber-800-000-absenztage\/#primaryimage"},"image":{"@id":"https:\/\/news.save.ch\/skiunfaelle-verursachen-jedes-jahr-ueber-800-000-absenztage\/#primaryimage"},"thumbnailUrl":"https:\/\/news.save.ch\/wp-content\/uploads\/2026\/02\/Depositphotos_327236256_S.jpg","datePublished":"2026-02-10T09:24:35+00:00","dateModified":"2026-02-10T09:38:54+00:00","description":"Chaque ann\u00e9e, quelque 35 000 accidents de ski et de snowboard entra\u00eenent une perte de temps de travail \u00e9quivalente \u00e0 environ 3300 ann\u00e9es de travail.","breadcrumb":{"@id":"https:\/\/news.save.ch\/skiunfaelle-verursachen-jedes-jahr-ueber-800-000-absenztage\/#breadcrumb"},"inLanguage":"fr-FR","potentialAction":[{"@type":"ReadAction","target":["https:\/\/news.save.ch\/skiunfaelle-verursachen-jedes-jahr-ueber-800-000-absenztage\/"]}]},{"@type":"ImageObject","inLanguage":"fr-FR","@id":"https:\/\/news.save.ch\/skiunfaelle-verursachen-jedes-jahr-ueber-800-000-absenztage\/#primaryimage","url":"https:\/\/news.save.ch\/wp-content\/uploads\/2026\/02\/Depositphotos_327236256_S.jpg","contentUrl":"https:\/\/news.save.ch\/wp-content\/uploads\/2026\/02\/Depositphotos_327236256_S.jpg","width":1000,"height":667,"caption":"Foto: Depositphotos\/HayDimitri"},{"@type":"BreadcrumbList","@id":"https:\/\/news.save.ch\/skiunfaelle-verursachen-jedes-jahr-ueber-800-000-absenztage\/#breadcrumb","itemListElement":[{"@type":"ListItem","position":1,"name":"Home","item":"https:\/\/news.save.ch\/de\/"},{"@type":"ListItem","position":2,"name":"Skiunf\u00e4lle verursachen jedes Jahr \u00fcber 800\u202f000 Absenztage"}]},{"@type":"WebSite","@id":"https:\/\/news.save.ch\/de\/#website","url":"https:\/\/news.save.ch\/de\/","name":"Save","description":"Revue suisse sp\u00e9cialis\u00e9e dans la s\u00e9curit\u00e9","publisher":{"@id":"https:\/\/news.save.ch\/de\/#organization"},"potentialAction":[{"@type":"SearchAction","target":{"@type":"EntryPoint","urlTemplate":"https:\/\/news.save.ch\/de\/?s={search_term_string}"},"query-input":{"@type":"PropertyValueSpecification","valueRequired":true,"valueName":"search_term_string"}}],"inLanguage":"fr-FR"},{"@type":"Organization","@id":"https:\/\/news.save.ch\/de\/#organization","name":"Forum sur la s\u00e9curit\u00e9","url":"https:\/\/news.save.ch\/de\/","logo":{"@type":"ImageObject","inLanguage":"fr-FR","@id":"https:\/\/news.save.ch\/de\/#\/schema\/logo\/image\/","url":"https:\/\/news.save.ch\/wp-content\/uploads\/2022\/06\/Logo_SF_2012.png","contentUrl":"https:\/\/news.save.ch\/wp-content\/uploads\/2022\/06\/Logo_SF_2012.png","width":1100,"height":91,"caption":"Sicherheitsforum"},"image":{"@id":"https:\/\/news.save.ch\/de\/#\/schema\/logo\/image\/"}},{"@type":"Person","@id":"https:\/\/news.save.ch\/de\/#\/schema\/person\/10917387362b3961e882740f6cf6f2a2","name":"stefanie Zeng","image":{"@type":"ImageObject","inLanguage":"fr-FR","@id":"https:\/\/secure.gravatar.com\/avatar\/eac43faa6e40bb2c41068c95c9d78bbd94c476d5efdff7abaab80bb3ea681e06?s=96&d=mm&r=g","url":"https:\/\/secure.gravatar.com\/avatar\/eac43faa6e40bb2c41068c95c9d78bbd94c476d5efdff7abaab80bb3ea681e06?s=96&d=mm&r=g","contentUrl":"https:\/\/secure.gravatar.com\/avatar\/eac43faa6e40bb2c41068c95c9d78bbd94c476d5efdff7abaab80bb3ea681e06?s=96&d=mm&r=g","caption":"stefanie Zeng"},"url":"https:\/\/news.save.ch\/fr\/author\/stefanie-zeng\/"}]}},"_links":{"self":[{"href":"https:\/\/news.save.ch\/fr\/wp-json\/wp\/v2\/posts\/24955","targetHints":{"allow":["GET"]}}],"collection":[{"href":"https:\/\/news.save.ch\/fr\/wp-json\/wp\/v2\/posts"}],"about":[{"href":"https:\/\/news.save.ch\/fr\/wp-json\/wp\/v2\/types\/post"}],"author":[{"embeddable":true,"href":"https:\/\/news.save.ch\/fr\/wp-json\/wp\/v2\/users\/31"}],"replies":[{"embeddable":true,"href":"https:\/\/news.save.ch\/fr\/wp-json\/wp\/v2\/comments?post=24955"}],"version-history":[{"count":1,"href":"https:\/\/news.save.ch\/fr\/wp-json\/wp\/v2\/posts\/24955\/revisions"}],"predecessor-version":[{"id":24957,"href":"https:\/\/news.save.ch\/fr\/wp-json\/wp\/v2\/posts\/24955\/revisions\/24957"}],"wp:featuredmedia":[{"embeddable":true,"href":"https:\/\/news.save.ch\/fr\/wp-json\/wp\/v2\/media\/24956"}],"wp:attachment":[{"href":"https:\/\/news.save.ch\/fr\/wp-json\/wp\/v2\/media?parent=24955"}],"wp:term":[{"taxonomy":"category","embeddable":true,"href":"https:\/\/news.save.ch\/fr\/wp-json\/wp\/v2\/categories?post=24955"},{"taxonomy":"post_tag","embeddable":true,"href":"https:\/\/news.save.ch\/fr\/wp-json\/wp\/v2\/tags?post=24955"}],"curies":[{"name":"wp","href":"https:\/\/api.w.org\/{rel}","templated":true}]}}