{"id":24982,"date":"2026-02-17T13:51:59","date_gmt":"2026-02-17T12:51:59","guid":{"rendered":"https:\/\/news.save.ch\/?p=24982"},"modified":"2026-02-17T13:55:04","modified_gmt":"2026-02-17T12:55:04","slug":"ein-meilenstein-fuer-die-videosicherheit","status":null,"type":"post","link":"https:\/\/news.save.ch\/fr\/ein-meilenstein-fuer-die-videosicherheit\/","title":{"rendered":"Une \u00e9tape importante pour la s\u00e9curit\u00e9 vid\u00e9o"},"content":{"rendered":"<figure id=\"attachment_24983\" aria-describedby=\"caption-attachment-24983\" style=\"width: 680px\" class=\"wp-caption alignnone\"><img loading=\"lazy\" decoding=\"async\" class=\"size-medium wp-image-24983\" src=\"https:\/\/news.save.ch\/wp-content\/uploads\/2026\/02\/Bildschirmfoto-2026-02-17-um-13.48.54-680x452.png\" alt=\"\" width=\"680\" height=\"452\" srcset=\"https:\/\/news.save.ch\/wp-content\/uploads\/2026\/02\/Bildschirmfoto-2026-02-17-um-13.48.54-680x452.png 680w, https:\/\/news.save.ch\/wp-content\/uploads\/2026\/02\/Bildschirmfoto-2026-02-17-um-13.48.54-1024x680.png 1024w, https:\/\/news.save.ch\/wp-content\/uploads\/2026\/02\/Bildschirmfoto-2026-02-17-um-13.48.54-768x510.png 768w, https:\/\/news.save.ch\/wp-content\/uploads\/2026\/02\/Bildschirmfoto-2026-02-17-um-13.48.54-1536x1020.png 1536w, https:\/\/news.save.ch\/wp-content\/uploads\/2026\/02\/Bildschirmfoto-2026-02-17-um-13.48.54-2048x1360.png 2048w, https:\/\/news.save.ch\/wp-content\/uploads\/2026\/02\/Bildschirmfoto-2026-02-17-um-13.48.54-18x12.png 18w, https:\/\/news.save.ch\/wp-content\/uploads\/2026\/02\/Bildschirmfoto-2026-02-17-um-13.48.54-375x249.png 375w, https:\/\/news.save.ch\/wp-content\/uploads\/2026\/02\/Bildschirmfoto-2026-02-17-um-13.48.54-527x350.png 527w, https:\/\/news.save.ch\/wp-content\/uploads\/2026\/02\/Bildschirmfoto-2026-02-17-um-13.48.54-1000x664.png 1000w, https:\/\/news.save.ch\/wp-content\/uploads\/2026\/02\/Bildschirmfoto-2026-02-17-um-13.48.54-scaled.png 1200w\" sizes=\"auto, (max-width: 680px) 100vw, 680px\" \/><figcaption id=\"caption-attachment-24983\" class=\"wp-caption-text\">La s\u00e9curit\u00e9 devrait faire partie de la strat\u00e9gie des entreprises. \u00a9 depositphotos\/gorgev<\/figcaption><\/figure>\n<p>Le d\u00e9veloppement technique dans le secteur de la vid\u00e9osurveillance a connu des progr\u00e8s fulgurants au cours des 15 derni\u00e8res ann\u00e9es. L'\u00e9dition de 2014 \u00e9tait bas\u00e9e sur les normes techniques du d\u00e9but des ann\u00e9es 2010 et \u00e9tait la premi\u00e8re norme CEI issue de la norme EN 50132-7. Par rapport aux normes \u00e9tablies dans le domaine de la d\u00e9tection d'incendie ou d'intrusion, les normes dans le domaine de la vid\u00e9osurveillance \u00e9taient encore relativement jeunes et moins matures. Cela a entra\u00een\u00e9 une courbe d'apprentissage qui a n\u00e9cessit\u00e9 une r\u00e9vision et une am\u00e9lioration des directives d'application.<\/p>\n<p>Une erreur de contenu importante dans la version pr\u00e9c\u00e9dente concernait l'identification des personnes sur les enregistrements vid\u00e9o. La norme de 2014 partait du principe qu'une personne repr\u00e9sent\u00e9e en taille r\u00e9elle sur un moniteur analogique PAL pouvait \u00eatre identifi\u00e9e sans aucun doute. Cette hypoth\u00e8se s'est toutefois r\u00e9v\u00e9l\u00e9e erron\u00e9e, car m\u00eame les analyses ADN ne peuvent pas fournir une identification absolument indubitable. Cela a eu pour cons\u00e9quence que la norme n'a \u00e9t\u00e9 que rarement appliqu\u00e9e dans toute sa port\u00e9e dans le domaine de la vid\u00e9osurveillance professionnelle.<\/p>\n<h3>Nouveaut\u00e9s de la norme IEC 62676-4:2025<\/h3>\n<p>Afin de corriger, entre autres, l'hypoth\u00e8se erron\u00e9e de la version pr\u00e9c\u00e9dente, toutes les densit\u00e9s de pixels ont \u00e9t\u00e9 enti\u00e8rement red\u00e9finies. Il en r\u00e9sulte de nouvelles planches de test qui permettent de d\u00e9montrer que la qualit\u00e9 des enregistrements vid\u00e9o correspond aux exigences op\u00e9rationnelles pr\u00e9alablement d\u00e9finies. En outre, la nouvelle norme exige l'\u00e9laboration d'un concept de s\u00e9curit\u00e9 comme base de la planification d'un VSS. Ce concept doit suivre la s\u00e9quence analyse des dangers -&gt; \u00e9valuation des risques -&gt; d\u00e9finition des mesures de traitement des risques et sert de base \u00e0 l'attribution de quatre niveaux de s\u00e9curit\u00e9 diff\u00e9rents soit en fonction de la taille du syst\u00e8me (nombre de cam\u00e9ras), des applications, ainsi que pour les syst\u00e8mes dans les infrastructures critiques avec les niveaux de s\u00e9curit\u00e9 les plus \u00e9lev\u00e9s.<\/p>\n<p>Une d\u00e9claration formelle est \u00e9tablie \u00e0 partir du concept de s\u00e9curit\u00e9, qui pr\u00e9cise la n\u00e9cessit\u00e9, la justification et le but du SSV. Les exigences op\u00e9rationnelles (Operational Requirements, OR) d\u00e9finissent clairement les fonctions du syst\u00e8me attendues par le client. S'il existe un accord entre l'installateur et le client, les OR peuvent \u00eatre d\u00e9finis dans le cadre de la conception et de la sp\u00e9cification du syst\u00e8me et clairement indiqu\u00e9s dans le document.<\/p>\n<p>Le processus de planification favorise la clarification de qui utilise le VSS, o\u00f9 et quand il est utilis\u00e9 et \u00e0 quoi il sert. Les CO sont \u00e9tablis par les propri\u00e9taires, les exploitants et toutes les parties prenantes qui ont besoin d'informations provenant du VSS. Dans les phases ult\u00e9rieures, il convient d'impliquer des sp\u00e9cialistes qui peuvent traduire les exigences mentionn\u00e9es en sp\u00e9cifications techniques et en proc\u00e9dures de test.<\/p>\n<p>Des v\u00e9rifications r\u00e9guli\u00e8res permettent de s'assurer que la mise en \u0153uvre respecte le CO. Sans CO et sans tests correspondants, il n'est pas possible d'\u00e9valuer en cours d'exploitation si le VSS atteint son objectif. L'exploitation d'un VSS est \u00e9galement d\u00e9sormais r\u00e9glement\u00e9e et port\u00e9e \u00e0 un niveau comparable \u00e0 celui d'autres disciplines de s\u00e9curit\u00e9. La s\u00e9curit\u00e9 n'est plus depuis longtemps un \u00abnice-to-have\u00bb.<\/p>\n<h3>Qu'est-ce que cela signifie pour les op\u00e9rateurs ?<\/h3>\n<p>La s\u00e9curit\u00e9 ne doit plus \u00eatre consid\u00e9r\u00e9e comme une r\u00e9action - elle doit faire partie int\u00e9grante de la strat\u00e9gie de l'entreprise. Les institutions nationales et europ\u00e9ennes r\u00e9agissent avec de nouvelles r\u00e9glementations qui exigent une action active et compr\u00e9hensible. Aujourd'hui plus que jamais, les responsables de la s\u00e9curit\u00e9 doivent prouver qu'ils sont capables d'anticiper les risques, de les documenter, de les contr\u00f4ler et de les communiquer.<\/p>\n<h3>Qu'est-ce que cela signifie pour les planificateurs et les installateurs de syst\u00e8mes de s\u00e9curit\u00e9 vid\u00e9o ?<\/h3>\n<p>La nouvelle norme exige \u00e0 la fois une approche globale et structur\u00e9e de la planification et de l'exploitation des syst\u00e8mes de s\u00e9curit\u00e9 vid\u00e9o. Tant les planificateurs que les installateurs devront se familiariser avec les nouvelles exigences afin de s'assurer que leurs syst\u00e8mes sont conformes aux nouvelles normes. Cela implique une formation compl\u00e8te et des preuves de comp\u00e9tence pour toutes les parties prenantes impliqu\u00e9es.<\/p>\n<h3>De la th\u00e9orie \u00e0 la pratique : les exigences cl\u00e9s de la norme<\/h3>\n<p>La norme CEI 62676-4 d\u00e9crit le cycle de vie complet d'un syst\u00e8me de s\u00e9curit\u00e9 vid\u00e9o professionnel : de l'analyse des risques et de la planification \u00e0 l'exploitation, la maintenance et la formation, en passant par la mise en \u0153uvre technique. Ce faisant, elle d\u00e9finit \u00e9galement des normes minimales pour la technique, le personnel et les processus - c'est-\u00e0-dire pr\u00e9cis\u00e9ment les facteurs qui sont d\u00e9cisifs dans un environnement de s\u00e9curit\u00e9 en r\u00e9seau.<\/p>\n<h3>Pourquoi la norme est-elle si pertinente ?<\/h3>\n<p>\u00c0 une \u00e9poque o\u00f9 les entreprises sont soumises \u00e0 de plus en plus d'exigences l\u00e9gales - par exemple par KRITIS, NIS2 ou CRA - la norme CEI 62676-4 cr\u00e9e un ensemble de r\u00e8gles obligatoires qui standardise les concepts de s\u00e9curit\u00e9, am\u00e9liore la capacit\u00e9 d'audit, permet l'\u00e9ligibilit\u00e9 et concr\u00e9tise les exigences en mati\u00e8re de s\u00e9curit\u00e9 op\u00e9rationnelle. Les entreprises qui s'y r\u00e9f\u00e8rent documentent activement leur volont\u00e9 de concevoir une s\u00e9curit\u00e9 professionnelle et conforme aux r\u00e8gles - un signal fort vis-\u00e0-vis des autorit\u00e9s, des clients et des partenaires. Pour les exploitants d'infrastructures critiques, les institutions publiques et de nombreuses entreprises, elle devient de plus en plus une obligation ancr\u00e9e dans la loi. Ceux qui ne prot\u00e8gent pas risquent non seulement de perdre des donn\u00e9es ou d'interrompre leur activit\u00e9, mais aussi de se voir infliger de lourdes amendes, de voir leur image ternie, voire d'\u00eatre interdits d'exploitation.<\/p>\n<div class=\"greybox\">\n<h3>Principaux points \u00e0 retenir de la norme CEI 62676-4 : 2025<\/h3>\n<p><strong>Date de publication :<\/strong> La nouvelle \u00e9dition de la norme CEI 62676-4 a \u00e9t\u00e9 publi\u00e9e le 15 septembre 2025. L'\u00e9dition en langue allemande sera disponible dans les prochains mois.<\/p>\n<p><strong>Nouvelles densit\u00e9s de pixels :<\/strong> Les densit\u00e9s de pixels ont \u00e9t\u00e9 enti\u00e8rement red\u00e9finies, ce qui a donn\u00e9 lieu \u00e0 de nouvelles planches de test avec une r\u00e9solution beaucoup plus \u00e9lev\u00e9e.<\/p>\n<p><strong>Concept de s\u00e9curit\u00e9 :<\/strong> La nouvelle norme exige l'\u00e9laboration d'un concept de s\u00e9curit\u00e9 comme base pour la planification d'un syst\u00e8me de s\u00e9curit\u00e9 vid\u00e9o. Tout syst\u00e8me vid\u00e9o doit \u00eatre accompagn\u00e9 d'un concept de s\u00e9curit\u00e9 document\u00e9 par \u00e9crit, comprenant une analyse des risques et des objectifs de protection.<\/p>\n<p><strong>exigences de fonctionnement :<\/strong> Une d\u00e9claration formelle des exigences op\u00e9rationnelles est \u00e9tablie \u00e0 partir du concept de s\u00e9curit\u00e9. Elle pr\u00e9cise la n\u00e9cessit\u00e9, la justification et le but du VSS et d\u00e9finit clairement les fonctions du syst\u00e8me attendues par le client. Un cahier des charges d\u00e9taill\u00e9 doit \u00eatre disponible (Operational Requirements).<\/p>\n<\/div>\n<p>&nbsp;<\/p>\n<div class=\"greybox\">\n<p><strong>Auteur<\/strong><\/p>\n<p>Thomas Adler<\/p>\n<p>Pr\u00e9sident de la section Installations de vid\u00e9o-s\u00e9curit\u00e9 de l'Association suisse des constructeurs de syst\u00e8mes de s\u00e9curit\u00e9 (SES).<\/p>\n<p>&gt; s\u00e9curit\u00e9-ses.ch<\/p>\n<\/div>","protected":false},"excerpt":{"rendered":"<p>Die technische Entwicklung in der Video\u00fcberwachungsbranche hat in den vergangenen 15 Jahren rasante Fortschritte gemacht. Die Ausgabe von 2014 basierte auf den technischen Standards der fr\u00fchen 2010er-Jahre und war die erste IEC-Norm, die aus der EN 50132-7 hervorging. Im Vergleich zu etablierten Normen in der Brand- oder Einbruchmeldetechnik waren die Standards im Bereich der Video\u00fcberwachung [&hellip;]<\/p>\n","protected":false},"author":31,"featured_media":0,"comment_status":"closed","ping_status":"closed","sticky":false,"template":"","format":"standard","meta":{"_acf_changed":false,"pgc_sgb_lightbox_settings":"","footnotes":""},"categories":[1,3312],"tags":[6653,450,78],"class_list":["post-24982","post","type-post","status-publish","format-standard","hentry","category-allgemein","category-sicherheit","tag-iec-62676-4-2025","tag-ses","tag-videoueberwachung"],"acf":[],"hkrextid":null,"publication":null,"issue":null,"workflow":null,"startPage":null,"spitzmarke":null,"_posts_by_tag_page_fields":null,"_at_widget":null,"_yoast_wpseo_primary_category":"1","_yoast_wpseo_focuskw_text_input":null,"_yoast_wpseo_opengraph-image":null,"_yoast_wpseo_opengraph-description":null,"_yoast_wpseo_opengraph-title":null,"enclosure":null,"_yoast_wpseo_twitter-title":null,"_yoast_wpseo_twitter-description":null,"_yoast_wpseo_twitter-image":null,"_wp_old_slug":null,"_yoast_wpseo_title":null,"_yoast_wpseo_canonical":null,"yoast_head":"<!-- This site is optimized with the Yoast SEO plugin v27.5 - https:\/\/yoast.com\/product\/yoast-seo-wordpress\/ -->\n<title>Ein Meilenstein f\u00fcr die Video\u00adsicherheit - Save<\/title>\n<meta name=\"description\" content=\"Eine neue Norm beschreibt die Anwendungsrichtlinien f\u00fcr Videosicherheitssysteme (VSS) im Bereich der Sicherheitstechnik und ersetzt die bisherige Fassung aus dem Jahr 2014.\" \/>\n<meta name=\"robots\" content=\"index, follow, max-snippet:-1, max-image-preview:large, max-video-preview:-1\" \/>\n<link rel=\"canonical\" href=\"https:\/\/news.save.ch\/fr\/ein-meilenstein-fuer-die-videosicherheit\/\" \/>\n<meta property=\"og:locale\" content=\"fr_FR\" \/>\n<meta property=\"og:type\" content=\"article\" \/>\n<meta property=\"og:title\" content=\"Ein Meilenstein f\u00fcr die Video\u00adsicherheit - Save\" \/>\n<meta property=\"og:description\" content=\"Eine neue Norm beschreibt die Anwendungsrichtlinien f\u00fcr Videosicherheitssysteme (VSS) im Bereich der Sicherheitstechnik und ersetzt die bisherige Fassung aus dem Jahr 2014.\" \/>\n<meta property=\"og:url\" content=\"https:\/\/news.save.ch\/fr\/ein-meilenstein-fuer-die-videosicherheit\/\" \/>\n<meta property=\"og:site_name\" content=\"Save\" \/>\n<meta property=\"article:published_time\" content=\"2026-02-17T12:51:59+00:00\" \/>\n<meta property=\"article:modified_time\" content=\"2026-02-17T12:55:04+00:00\" \/>\n<meta property=\"og:image\" content=\"https:\/\/news.save.ch\/wp-content\/uploads\/2026\/02\/Bildschirmfoto-2026-02-17-um-13.48.54-scaled.png\" \/>\n\t<meta property=\"og:image:width\" content=\"1200\" \/>\n\t<meta property=\"og:image:height\" content=\"797\" \/>\n\t<meta property=\"og:image:type\" content=\"image\/png\" \/>\n<meta name=\"author\" content=\"stefanie Zeng\" \/>\n<meta name=\"twitter:card\" content=\"summary_large_image\" \/>\n<meta name=\"twitter:label1\" content=\"\u00c9crit par\" \/>\n\t<meta name=\"twitter:data1\" content=\"stefanie Zeng\" \/>\n\t<meta name=\"twitter:label2\" content=\"Dur\u00e9e de lecture estim\u00e9e\" \/>\n\t<meta name=\"twitter:data2\" content=\"5 minutes\" \/>\n<script type=\"application\/ld+json\" class=\"yoast-schema-graph\">{\"@context\":\"https:\\\/\\\/schema.org\",\"@graph\":[{\"@type\":\"Article\",\"@id\":\"https:\\\/\\\/news.save.ch\\\/ein-meilenstein-fuer-die-videosicherheit\\\/#article\",\"isPartOf\":{\"@id\":\"https:\\\/\\\/news.save.ch\\\/ein-meilenstein-fuer-die-videosicherheit\\\/\"},\"author\":{\"name\":\"stefanie Zeng\",\"@id\":\"https:\\\/\\\/news.save.ch\\\/de\\\/#\\\/schema\\\/person\\\/10917387362b3961e882740f6cf6f2a2\"},\"headline\":\"Ein Meilenstein f\u00fcr die Video\u00adsicherheit\",\"datePublished\":\"2026-02-17T12:51:59+00:00\",\"dateModified\":\"2026-02-17T12:55:04+00:00\",\"mainEntityOfPage\":{\"@id\":\"https:\\\/\\\/news.save.ch\\\/ein-meilenstein-fuer-die-videosicherheit\\\/\"},\"wordCount\":892,\"publisher\":{\"@id\":\"https:\\\/\\\/news.save.ch\\\/de\\\/#organization\"},\"image\":{\"@id\":\"https:\\\/\\\/news.save.ch\\\/ein-meilenstein-fuer-die-videosicherheit\\\/#primaryimage\"},\"thumbnailUrl\":\"https:\\\/\\\/news.save.ch\\\/wp-content\\\/uploads\\\/2026\\\/02\\\/Bildschirmfoto-2026-02-17-um-13.48.54-680x452.png\",\"keywords\":[\"IEC 62676-4: 2025\",\"SES\",\"Video\u00fcberwachung\"],\"articleSection\":[\"ALLGEMEIN\",\"SICHERHEIT\"],\"inLanguage\":\"fr-FR\"},{\"@type\":\"WebPage\",\"@id\":\"https:\\\/\\\/news.save.ch\\\/ein-meilenstein-fuer-die-videosicherheit\\\/\",\"url\":\"https:\\\/\\\/news.save.ch\\\/ein-meilenstein-fuer-die-videosicherheit\\\/\",\"name\":\"Ein Meilenstein f\u00fcr die Video\u00adsicherheit - Save\",\"isPartOf\":{\"@id\":\"https:\\\/\\\/news.save.ch\\\/de\\\/#website\"},\"primaryImageOfPage\":{\"@id\":\"https:\\\/\\\/news.save.ch\\\/ein-meilenstein-fuer-die-videosicherheit\\\/#primaryimage\"},\"image\":{\"@id\":\"https:\\\/\\\/news.save.ch\\\/ein-meilenstein-fuer-die-videosicherheit\\\/#primaryimage\"},\"thumbnailUrl\":\"https:\\\/\\\/news.save.ch\\\/wp-content\\\/uploads\\\/2026\\\/02\\\/Bildschirmfoto-2026-02-17-um-13.48.54-680x452.png\",\"datePublished\":\"2026-02-17T12:51:59+00:00\",\"dateModified\":\"2026-02-17T12:55:04+00:00\",\"description\":\"Eine neue Norm beschreibt die Anwendungsrichtlinien f\u00fcr Videosicherheitssysteme (VSS) im Bereich der Sicherheitstechnik und ersetzt die bisherige Fassung aus dem Jahr 2014.\",\"breadcrumb\":{\"@id\":\"https:\\\/\\\/news.save.ch\\\/ein-meilenstein-fuer-die-videosicherheit\\\/#breadcrumb\"},\"inLanguage\":\"fr-FR\",\"potentialAction\":[{\"@type\":\"ReadAction\",\"target\":[\"https:\\\/\\\/news.save.ch\\\/ein-meilenstein-fuer-die-videosicherheit\\\/\"]}]},{\"@type\":\"ImageObject\",\"inLanguage\":\"fr-FR\",\"@id\":\"https:\\\/\\\/news.save.ch\\\/ein-meilenstein-fuer-die-videosicherheit\\\/#primaryimage\",\"url\":\"https:\\\/\\\/news.save.ch\\\/wp-content\\\/uploads\\\/2026\\\/02\\\/Bildschirmfoto-2026-02-17-um-13.48.54-680x452.png\",\"contentUrl\":\"https:\\\/\\\/news.save.ch\\\/wp-content\\\/uploads\\\/2026\\\/02\\\/Bildschirmfoto-2026-02-17-um-13.48.54-680x452.png\"},{\"@type\":\"BreadcrumbList\",\"@id\":\"https:\\\/\\\/news.save.ch\\\/ein-meilenstein-fuer-die-videosicherheit\\\/#breadcrumb\",\"itemListElement\":[{\"@type\":\"ListItem\",\"position\":1,\"name\":\"Home\",\"item\":\"https:\\\/\\\/news.save.ch\\\/de\\\/\"},{\"@type\":\"ListItem\",\"position\":2,\"name\":\"Ein Meilenstein f\u00fcr die Video\u00adsicherheit\"}]},{\"@type\":\"WebSite\",\"@id\":\"https:\\\/\\\/news.save.ch\\\/de\\\/#website\",\"url\":\"https:\\\/\\\/news.save.ch\\\/de\\\/\",\"name\":\"Save\",\"description\":\"Schweizer Fachzeitschrift f\u00fcr Sicherheit\",\"publisher\":{\"@id\":\"https:\\\/\\\/news.save.ch\\\/de\\\/#organization\"},\"potentialAction\":[{\"@type\":\"SearchAction\",\"target\":{\"@type\":\"EntryPoint\",\"urlTemplate\":\"https:\\\/\\\/news.save.ch\\\/de\\\/?s={search_term_string}\"},\"query-input\":{\"@type\":\"PropertyValueSpecification\",\"valueRequired\":true,\"valueName\":\"search_term_string\"}}],\"inLanguage\":\"fr-FR\"},{\"@type\":\"Organization\",\"@id\":\"https:\\\/\\\/news.save.ch\\\/de\\\/#organization\",\"name\":\"Sicherheitsforum\",\"url\":\"https:\\\/\\\/news.save.ch\\\/de\\\/\",\"logo\":{\"@type\":\"ImageObject\",\"inLanguage\":\"fr-FR\",\"@id\":\"https:\\\/\\\/news.save.ch\\\/de\\\/#\\\/schema\\\/logo\\\/image\\\/\",\"url\":\"https:\\\/\\\/news.save.ch\\\/wp-content\\\/uploads\\\/2022\\\/06\\\/Logo_SF_2012.png\",\"contentUrl\":\"https:\\\/\\\/news.save.ch\\\/wp-content\\\/uploads\\\/2022\\\/06\\\/Logo_SF_2012.png\",\"width\":1100,\"height\":91,\"caption\":\"Sicherheitsforum\"},\"image\":{\"@id\":\"https:\\\/\\\/news.save.ch\\\/de\\\/#\\\/schema\\\/logo\\\/image\\\/\"}},{\"@type\":\"Person\",\"@id\":\"https:\\\/\\\/news.save.ch\\\/de\\\/#\\\/schema\\\/person\\\/10917387362b3961e882740f6cf6f2a2\",\"name\":\"stefanie Zeng\",\"image\":{\"@type\":\"ImageObject\",\"inLanguage\":\"fr-FR\",\"@id\":\"https:\\\/\\\/secure.gravatar.com\\\/avatar\\\/eac43faa6e40bb2c41068c95c9d78bbd94c476d5efdff7abaab80bb3ea681e06?s=96&d=mm&r=g\",\"url\":\"https:\\\/\\\/secure.gravatar.com\\\/avatar\\\/eac43faa6e40bb2c41068c95c9d78bbd94c476d5efdff7abaab80bb3ea681e06?s=96&d=mm&r=g\",\"contentUrl\":\"https:\\\/\\\/secure.gravatar.com\\\/avatar\\\/eac43faa6e40bb2c41068c95c9d78bbd94c476d5efdff7abaab80bb3ea681e06?s=96&d=mm&r=g\",\"caption\":\"stefanie Zeng\"},\"url\":\"https:\\\/\\\/news.save.ch\\\/fr\\\/author\\\/stefanie-zeng\\\/\"}]}<\/script>\n<!-- \/ Yoast SEO plugin. -->","yoast_head_json":{"title":"Une \u00e9tape importante pour la s\u00e9curit\u00e9 vid\u00e9o - Save","description":"Une nouvelle norme d\u00e9crit les directives d'application des syst\u00e8mes de s\u00e9curit\u00e9 vid\u00e9o (VSS) dans le domaine de la s\u00e9curit\u00e9 et remplace la version pr\u00e9c\u00e9dente datant de 2014.","robots":{"index":"index","follow":"follow","max-snippet":"max-snippet:-1","max-image-preview":"max-image-preview:large","max-video-preview":"max-video-preview:-1"},"canonical":"https:\/\/news.save.ch\/fr\/ein-meilenstein-fuer-die-videosicherheit\/","og_locale":"fr_FR","og_type":"article","og_title":"Ein Meilenstein f\u00fcr die Video\u00adsicherheit - Save","og_description":"Eine neue Norm beschreibt die Anwendungsrichtlinien f\u00fcr Videosicherheitssysteme (VSS) im Bereich der Sicherheitstechnik und ersetzt die bisherige Fassung aus dem Jahr 2014.","og_url":"https:\/\/news.save.ch\/fr\/ein-meilenstein-fuer-die-videosicherheit\/","og_site_name":"Save","article_published_time":"2026-02-17T12:51:59+00:00","article_modified_time":"2026-02-17T12:55:04+00:00","og_image":[{"width":1200,"height":797,"url":"https:\/\/news.save.ch\/wp-content\/uploads\/2026\/02\/Bildschirmfoto-2026-02-17-um-13.48.54-scaled.png","type":"image\/png"}],"author":"stefanie Zeng","twitter_card":"summary_large_image","twitter_misc":{"\u00c9crit par":"stefanie Zeng","Dur\u00e9e de lecture estim\u00e9e":"5 minutes"},"schema":{"@context":"https:\/\/schema.org","@graph":[{"@type":"Article","@id":"https:\/\/news.save.ch\/ein-meilenstein-fuer-die-videosicherheit\/#article","isPartOf":{"@id":"https:\/\/news.save.ch\/ein-meilenstein-fuer-die-videosicherheit\/"},"author":{"name":"stefanie Zeng","@id":"https:\/\/news.save.ch\/de\/#\/schema\/person\/10917387362b3961e882740f6cf6f2a2"},"headline":"Ein Meilenstein f\u00fcr die Video\u00adsicherheit","datePublished":"2026-02-17T12:51:59+00:00","dateModified":"2026-02-17T12:55:04+00:00","mainEntityOfPage":{"@id":"https:\/\/news.save.ch\/ein-meilenstein-fuer-die-videosicherheit\/"},"wordCount":892,"publisher":{"@id":"https:\/\/news.save.ch\/de\/#organization"},"image":{"@id":"https:\/\/news.save.ch\/ein-meilenstein-fuer-die-videosicherheit\/#primaryimage"},"thumbnailUrl":"https:\/\/news.save.ch\/wp-content\/uploads\/2026\/02\/Bildschirmfoto-2026-02-17-um-13.48.54-680x452.png","keywords":["IEC 62676-4: 2025","SES","Video\u00fcberwachung"],"articleSection":["ALLGEMEIN","SICHERHEIT"],"inLanguage":"fr-FR"},{"@type":"WebPage","@id":"https:\/\/news.save.ch\/ein-meilenstein-fuer-die-videosicherheit\/","url":"https:\/\/news.save.ch\/ein-meilenstein-fuer-die-videosicherheit\/","name":"Une \u00e9tape importante pour la s\u00e9curit\u00e9 vid\u00e9o - Save","isPartOf":{"@id":"https:\/\/news.save.ch\/de\/#website"},"primaryImageOfPage":{"@id":"https:\/\/news.save.ch\/ein-meilenstein-fuer-die-videosicherheit\/#primaryimage"},"image":{"@id":"https:\/\/news.save.ch\/ein-meilenstein-fuer-die-videosicherheit\/#primaryimage"},"thumbnailUrl":"https:\/\/news.save.ch\/wp-content\/uploads\/2026\/02\/Bildschirmfoto-2026-02-17-um-13.48.54-680x452.png","datePublished":"2026-02-17T12:51:59+00:00","dateModified":"2026-02-17T12:55:04+00:00","description":"Une nouvelle norme d\u00e9crit les directives d'application des syst\u00e8mes de s\u00e9curit\u00e9 vid\u00e9o (VSS) dans le domaine de la s\u00e9curit\u00e9 et remplace la version pr\u00e9c\u00e9dente datant de 2014.","breadcrumb":{"@id":"https:\/\/news.save.ch\/ein-meilenstein-fuer-die-videosicherheit\/#breadcrumb"},"inLanguage":"fr-FR","potentialAction":[{"@type":"ReadAction","target":["https:\/\/news.save.ch\/ein-meilenstein-fuer-die-videosicherheit\/"]}]},{"@type":"ImageObject","inLanguage":"fr-FR","@id":"https:\/\/news.save.ch\/ein-meilenstein-fuer-die-videosicherheit\/#primaryimage","url":"https:\/\/news.save.ch\/wp-content\/uploads\/2026\/02\/Bildschirmfoto-2026-02-17-um-13.48.54-680x452.png","contentUrl":"https:\/\/news.save.ch\/wp-content\/uploads\/2026\/02\/Bildschirmfoto-2026-02-17-um-13.48.54-680x452.png"},{"@type":"BreadcrumbList","@id":"https:\/\/news.save.ch\/ein-meilenstein-fuer-die-videosicherheit\/#breadcrumb","itemListElement":[{"@type":"ListItem","position":1,"name":"Home","item":"https:\/\/news.save.ch\/de\/"},{"@type":"ListItem","position":2,"name":"Ein Meilenstein f\u00fcr die Video\u00adsicherheit"}]},{"@type":"WebSite","@id":"https:\/\/news.save.ch\/de\/#website","url":"https:\/\/news.save.ch\/de\/","name":"Save","description":"Revue suisse sp\u00e9cialis\u00e9e dans la s\u00e9curit\u00e9","publisher":{"@id":"https:\/\/news.save.ch\/de\/#organization"},"potentialAction":[{"@type":"SearchAction","target":{"@type":"EntryPoint","urlTemplate":"https:\/\/news.save.ch\/de\/?s={search_term_string}"},"query-input":{"@type":"PropertyValueSpecification","valueRequired":true,"valueName":"search_term_string"}}],"inLanguage":"fr-FR"},{"@type":"Organization","@id":"https:\/\/news.save.ch\/de\/#organization","name":"Forum sur la s\u00e9curit\u00e9","url":"https:\/\/news.save.ch\/de\/","logo":{"@type":"ImageObject","inLanguage":"fr-FR","@id":"https:\/\/news.save.ch\/de\/#\/schema\/logo\/image\/","url":"https:\/\/news.save.ch\/wp-content\/uploads\/2022\/06\/Logo_SF_2012.png","contentUrl":"https:\/\/news.save.ch\/wp-content\/uploads\/2022\/06\/Logo_SF_2012.png","width":1100,"height":91,"caption":"Sicherheitsforum"},"image":{"@id":"https:\/\/news.save.ch\/de\/#\/schema\/logo\/image\/"}},{"@type":"Person","@id":"https:\/\/news.save.ch\/de\/#\/schema\/person\/10917387362b3961e882740f6cf6f2a2","name":"stefanie Zeng","image":{"@type":"ImageObject","inLanguage":"fr-FR","@id":"https:\/\/secure.gravatar.com\/avatar\/eac43faa6e40bb2c41068c95c9d78bbd94c476d5efdff7abaab80bb3ea681e06?s=96&d=mm&r=g","url":"https:\/\/secure.gravatar.com\/avatar\/eac43faa6e40bb2c41068c95c9d78bbd94c476d5efdff7abaab80bb3ea681e06?s=96&d=mm&r=g","contentUrl":"https:\/\/secure.gravatar.com\/avatar\/eac43faa6e40bb2c41068c95c9d78bbd94c476d5efdff7abaab80bb3ea681e06?s=96&d=mm&r=g","caption":"stefanie Zeng"},"url":"https:\/\/news.save.ch\/fr\/author\/stefanie-zeng\/"}]}},"_links":{"self":[{"href":"https:\/\/news.save.ch\/fr\/wp-json\/wp\/v2\/posts\/24982","targetHints":{"allow":["GET"]}}],"collection":[{"href":"https:\/\/news.save.ch\/fr\/wp-json\/wp\/v2\/posts"}],"about":[{"href":"https:\/\/news.save.ch\/fr\/wp-json\/wp\/v2\/types\/post"}],"author":[{"embeddable":true,"href":"https:\/\/news.save.ch\/fr\/wp-json\/wp\/v2\/users\/31"}],"replies":[{"embeddable":true,"href":"https:\/\/news.save.ch\/fr\/wp-json\/wp\/v2\/comments?post=24982"}],"version-history":[{"count":5,"href":"https:\/\/news.save.ch\/fr\/wp-json\/wp\/v2\/posts\/24982\/revisions"}],"predecessor-version":[{"id":24989,"href":"https:\/\/news.save.ch\/fr\/wp-json\/wp\/v2\/posts\/24982\/revisions\/24989"}],"wp:attachment":[{"href":"https:\/\/news.save.ch\/fr\/wp-json\/wp\/v2\/media?parent=24982"}],"wp:term":[{"taxonomy":"category","embeddable":true,"href":"https:\/\/news.save.ch\/fr\/wp-json\/wp\/v2\/categories?post=24982"},{"taxonomy":"post_tag","embeddable":true,"href":"https:\/\/news.save.ch\/fr\/wp-json\/wp\/v2\/tags?post=24982"}],"curies":[{"name":"wp","href":"https:\/\/api.w.org\/{rel}","templated":true}]}}