{"id":2500,"date":"2016-07-08T12:10:02","date_gmt":"2016-07-08T10:10:02","guid":{"rendered":"https:\/\/dev.sicherheitsforum.ch\/?p=2500"},"modified":"2016-07-08T12:10:02","modified_gmt":"2016-07-08T10:10:02","slug":"dormakaba-mit-neuem-branding","status":null,"type":"post","link":"https:\/\/news.save.ch\/fr\/dormakaba-mit-neuem-branding\/","title":{"rendered":"Dorma+Kaba avec un nouveau branding"},"content":{"rendered":"<figure id=\"attachment_2501\" aria-describedby=\"caption-attachment-2501\" style=\"width: 680px\" class=\"wp-caption alignnone\"><img loading=\"lazy\" decoding=\"async\" class=\"wp-image-2501 size-medium\" src=\"https:\/\/news.save.ch\/wp-content\/uploads\/2016\/12\/DormaKaba-mit-neuem-Branding_sicherheitsforum.jpg\" width=\"680\" height=\"510\" \/><figcaption id=\"caption-attachment-2501\" class=\"wp-caption-text\">Le nouveau branding du groupe Dorma+Kaba.<\/figcaption><\/figure>\n<p>Le 1er juillet 2016, la nouvelle grande entreprise <a href=\"https:\/\/www.dormakaba.com\" target=\"_blank\" data-cke-saved-href=\"https:\/\/www.dormakaba.com\" rel=\"noopener\">Dorma+Kaba<\/a> a entam\u00e9 son premier exercice commun. Et le groupe a ainsi pos\u00e9 un nouveau jalon dans la combinaison des deux entreprises, comme il l'\u00e9crit : Le groupe propose d\u00e9sormais un portefeuille de prestations complet avec des produits, des solutions et des services pour tout ce qui concerne les portes et l'acc\u00e8s s\u00e9curis\u00e9 aux b\u00e2timents et aux pi\u00e8ces, le tout d'un seul tenant.<\/p>\n<p>Parall\u00e8lement, le groupe lance son nouveau branding, comme le montre clairement le logo qui vient d'\u00eatre d\u00e9voil\u00e9 sur le si\u00e8ge principal \u00e0 R\u00fcmlang ZH (voir photo). Le nouveau branding sera \"d\u00e9ploy\u00e9\" dans les mois et ann\u00e9es \u00e0 venir pour le groupe et pour les produits et solutions du domaine Access Solutions, \u00e9crit l'entreprise.<\/p>\n<p>Avec pr\u00e8s de 16'000 collaborateurs, le groupe est actif dans plus de 130 pays, en collaboration avec de nombreux partenaires de coop\u00e9ration.<\/p>","protected":false},"excerpt":{"rendered":"<p>Am 1. Juli 2016 ist das neue Grossunternehmen Dorma+Kaba in ihr erstes gemeinsames Gesch\u00e4ftsjahr gestartet. Und damit hat die Gruppe auch einen weiteren Meilensteine in der Kombination der beiden Firmen gesetzt, wie sie schreibt: Man biete nun ein umfassendes Leistungsportfolio mit Produkten, L\u00f6sungen und Services rund um die T\u00fcre und den sicheren Zutritt zu Geb\u00e4uden [&hellip;]<\/p>\n","protected":false},"author":1,"featured_media":2501,"comment_status":"open","ping_status":"open","sticky":false,"template":"","format":"standard","meta":{"_acf_changed":false,"pgc_sgb_lightbox_settings":"","footnotes":""},"categories":[1],"tags":[65],"class_list":["post-2500","post","type-post","status-publish","format-standard","has-post-thumbnail","hentry","category-allgemein","tag-unternehmen"],"acf":[],"hkrextid":null,"publication":null,"issue":null,"workflow":null,"startPage":null,"spitzmarke":null,"_posts_by_tag_page_fields":{"widget_title":"","widget_tags":""},"_at_widget":"1","_yoast_wpseo_primary_category":"","_yoast_wpseo_focuskw_text_input":"Dorma+Kaba","_yoast_wpseo_opengraph-image":"https:\/\/news.save.ch\/wp-content\/uploads\/2016\/12\/DormaKaba-mit-neuem-Branding_sicherheitsforum.jpg","_yoast_wpseo_opengraph-description":"Das erste gemeinsame Gesch\u00e4ftsjahr der Dorma+Kaba-Gruppe hat begonnen. Grund genug, mit einem neuen Branding aufzutreten.","_yoast_wpseo_opengraph-title":"Dorma+Kaba mit neuem Branding","enclosure":null,"_yoast_wpseo_twitter-title":null,"_yoast_wpseo_twitter-description":null,"_yoast_wpseo_twitter-image":null,"_wp_old_slug":null,"_yoast_wpseo_title":null,"_yoast_wpseo_canonical":null,"yoast_head":"<!-- This site is optimized with the Yoast SEO plugin v27.5 - https:\/\/yoast.com\/product\/yoast-seo-wordpress\/ -->\n<title>Dorma+Kaba mit neuem Branding - Save<\/title>\n<meta name=\"description\" content=\"Das erste gemeinsame Gesch\u00e4ftsjahr der Dorma+Kaba-Gruppe hat begonnen. Grund genug, mit einem neuen Branding aufzutreten.\" \/>\n<meta name=\"robots\" content=\"index, follow, max-snippet:-1, max-image-preview:large, max-video-preview:-1\" \/>\n<link rel=\"canonical\" href=\"https:\/\/news.save.ch\/fr\/dormakaba-mit-neuem-branding\/\" \/>\n<meta property=\"og:locale\" content=\"fr_FR\" \/>\n<meta property=\"og:type\" content=\"article\" \/>\n<meta property=\"og:title\" content=\"Dorma+Kaba mit neuem Branding\" \/>\n<meta property=\"og:description\" content=\"Das erste gemeinsame Gesch\u00e4ftsjahr der Dorma+Kaba-Gruppe hat begonnen. Grund genug, mit einem neuen Branding aufzutreten.\" \/>\n<meta property=\"og:url\" content=\"https:\/\/news.save.ch\/fr\/dormakaba-mit-neuem-branding\/\" \/>\n<meta property=\"og:site_name\" content=\"Save\" \/>\n<meta property=\"article:published_time\" content=\"2016-07-08T10:10:02+00:00\" \/>\n<meta property=\"og:image\" content=\"https:\/\/news.save.ch\/wp-content\/uploads\/2016\/12\/DormaKaba-mit-neuem-Branding_sicherheitsforum.jpg\" \/>\n<meta name=\"author\" content=\"admin\" \/>\n<meta name=\"twitter:card\" content=\"summary_large_image\" \/>\n<meta name=\"twitter:label1\" content=\"\u00c9crit par\" \/>\n\t<meta name=\"twitter:data1\" content=\"admin\" \/>\n\t<meta name=\"twitter:label2\" content=\"Dur\u00e9e de lecture estim\u00e9e\" \/>\n\t<meta name=\"twitter:data2\" content=\"1 minute\" \/>\n<script type=\"application\/ld+json\" class=\"yoast-schema-graph\">{\"@context\":\"https:\\\/\\\/schema.org\",\"@graph\":[{\"@type\":\"Article\",\"@id\":\"https:\\\/\\\/news.save.ch\\\/dormakaba-mit-neuem-branding\\\/#article\",\"isPartOf\":{\"@id\":\"https:\\\/\\\/news.save.ch\\\/dormakaba-mit-neuem-branding\\\/\"},\"author\":{\"name\":\"admin\",\"@id\":\"https:\\\/\\\/news.save.ch\\\/de\\\/#\\\/schema\\\/person\\\/d49e199490bad7c70d64b9ab51142f2b\"},\"headline\":\"Dorma+Kaba mit neuem Branding\",\"datePublished\":\"2016-07-08T10:10:02+00:00\",\"mainEntityOfPage\":{\"@id\":\"https:\\\/\\\/news.save.ch\\\/dormakaba-mit-neuem-branding\\\/\"},\"wordCount\":151,\"commentCount\":0,\"publisher\":{\"@id\":\"https:\\\/\\\/news.save.ch\\\/de\\\/#organization\"},\"image\":{\"@id\":\"https:\\\/\\\/news.save.ch\\\/dormakaba-mit-neuem-branding\\\/#primaryimage\"},\"thumbnailUrl\":\"https:\\\/\\\/news.save.ch\\\/wp-content\\\/uploads\\\/2016\\\/12\\\/DormaKaba-mit-neuem-Branding_sicherheitsforum-scaled.jpg\",\"keywords\":[\"Unternehmen\"],\"articleSection\":[\"ALLGEMEIN\"],\"inLanguage\":\"fr-FR\"},{\"@type\":\"WebPage\",\"@id\":\"https:\\\/\\\/news.save.ch\\\/dormakaba-mit-neuem-branding\\\/\",\"url\":\"https:\\\/\\\/news.save.ch\\\/dormakaba-mit-neuem-branding\\\/\",\"name\":\"Dorma+Kaba mit neuem Branding - Save\",\"isPartOf\":{\"@id\":\"https:\\\/\\\/news.save.ch\\\/de\\\/#website\"},\"primaryImageOfPage\":{\"@id\":\"https:\\\/\\\/news.save.ch\\\/dormakaba-mit-neuem-branding\\\/#primaryimage\"},\"image\":{\"@id\":\"https:\\\/\\\/news.save.ch\\\/dormakaba-mit-neuem-branding\\\/#primaryimage\"},\"thumbnailUrl\":\"https:\\\/\\\/news.save.ch\\\/wp-content\\\/uploads\\\/2016\\\/12\\\/DormaKaba-mit-neuem-Branding_sicherheitsforum-scaled.jpg\",\"datePublished\":\"2016-07-08T10:10:02+00:00\",\"description\":\"Das erste gemeinsame Gesch\u00e4ftsjahr der Dorma+Kaba-Gruppe hat begonnen. Grund genug, mit einem neuen Branding aufzutreten.\",\"breadcrumb\":{\"@id\":\"https:\\\/\\\/news.save.ch\\\/dormakaba-mit-neuem-branding\\\/#breadcrumb\"},\"inLanguage\":\"fr-FR\",\"potentialAction\":[{\"@type\":\"ReadAction\",\"target\":[\"https:\\\/\\\/news.save.ch\\\/dormakaba-mit-neuem-branding\\\/\"]}]},{\"@type\":\"ImageObject\",\"inLanguage\":\"fr-FR\",\"@id\":\"https:\\\/\\\/news.save.ch\\\/dormakaba-mit-neuem-branding\\\/#primaryimage\",\"url\":\"https:\\\/\\\/news.save.ch\\\/wp-content\\\/uploads\\\/2016\\\/12\\\/DormaKaba-mit-neuem-Branding_sicherheitsforum-scaled.jpg\",\"contentUrl\":\"https:\\\/\\\/news.save.ch\\\/wp-content\\\/uploads\\\/2016\\\/12\\\/DormaKaba-mit-neuem-Branding_sicherheitsforum-scaled.jpg\",\"width\":1400,\"height\":1050,\"caption\":\"Das neue Branding des Dorma+Kaba-Konzerns.\"},{\"@type\":\"BreadcrumbList\",\"@id\":\"https:\\\/\\\/news.save.ch\\\/dormakaba-mit-neuem-branding\\\/#breadcrumb\",\"itemListElement\":[{\"@type\":\"ListItem\",\"position\":1,\"name\":\"Home\",\"item\":\"https:\\\/\\\/news.save.ch\\\/de\\\/\"},{\"@type\":\"ListItem\",\"position\":2,\"name\":\"Dorma+Kaba mit neuem Branding\"}]},{\"@type\":\"WebSite\",\"@id\":\"https:\\\/\\\/news.save.ch\\\/de\\\/#website\",\"url\":\"https:\\\/\\\/news.save.ch\\\/de\\\/\",\"name\":\"Save\",\"description\":\"Schweizer Fachzeitschrift f\u00fcr Sicherheit\",\"publisher\":{\"@id\":\"https:\\\/\\\/news.save.ch\\\/de\\\/#organization\"},\"potentialAction\":[{\"@type\":\"SearchAction\",\"target\":{\"@type\":\"EntryPoint\",\"urlTemplate\":\"https:\\\/\\\/news.save.ch\\\/de\\\/?s={search_term_string}\"},\"query-input\":{\"@type\":\"PropertyValueSpecification\",\"valueRequired\":true,\"valueName\":\"search_term_string\"}}],\"inLanguage\":\"fr-FR\"},{\"@type\":\"Organization\",\"@id\":\"https:\\\/\\\/news.save.ch\\\/de\\\/#organization\",\"name\":\"Sicherheitsforum\",\"url\":\"https:\\\/\\\/news.save.ch\\\/de\\\/\",\"logo\":{\"@type\":\"ImageObject\",\"inLanguage\":\"fr-FR\",\"@id\":\"https:\\\/\\\/news.save.ch\\\/de\\\/#\\\/schema\\\/logo\\\/image\\\/\",\"url\":\"https:\\\/\\\/news.save.ch\\\/wp-content\\\/uploads\\\/2022\\\/06\\\/Logo_SF_2012.png\",\"contentUrl\":\"https:\\\/\\\/news.save.ch\\\/wp-content\\\/uploads\\\/2022\\\/06\\\/Logo_SF_2012.png\",\"width\":1100,\"height\":91,\"caption\":\"Sicherheitsforum\"},\"image\":{\"@id\":\"https:\\\/\\\/news.save.ch\\\/de\\\/#\\\/schema\\\/logo\\\/image\\\/\"}},{\"@type\":\"Person\",\"@id\":\"https:\\\/\\\/news.save.ch\\\/de\\\/#\\\/schema\\\/person\\\/d49e199490bad7c70d64b9ab51142f2b\",\"name\":\"admin\",\"image\":{\"@type\":\"ImageObject\",\"inLanguage\":\"fr-FR\",\"@id\":\"https:\\\/\\\/secure.gravatar.com\\\/avatar\\\/ae2f4d718e6c49043e314ce431e7e645d646302a24a5ef5a8bc8e3f5a032e319?s=96&d=mm&r=g\",\"url\":\"https:\\\/\\\/secure.gravatar.com\\\/avatar\\\/ae2f4d718e6c49043e314ce431e7e645d646302a24a5ef5a8bc8e3f5a032e319?s=96&d=mm&r=g\",\"contentUrl\":\"https:\\\/\\\/secure.gravatar.com\\\/avatar\\\/ae2f4d718e6c49043e314ce431e7e645d646302a24a5ef5a8bc8e3f5a032e319?s=96&d=mm&r=g\",\"caption\":\"admin\"},\"sameAs\":[\"https:\\\/\\\/develop.organisator.galledia.ch\"],\"url\":\"https:\\\/\\\/news.save.ch\\\/fr\\\/author\\\/admin\\\/\"}]}<\/script>\n<!-- \/ Yoast SEO plugin. -->","yoast_head_json":{"title":"Dorma+Kaba se dote d'une nouvelle marque - Save","description":"Le premier exercice commun du groupe Dorma+Kaba a commenc\u00e9. Une raison suffisante pour se pr\u00e9senter avec un nouveau branding.","robots":{"index":"index","follow":"follow","max-snippet":"max-snippet:-1","max-image-preview":"max-image-preview:large","max-video-preview":"max-video-preview:-1"},"canonical":"https:\/\/news.save.ch\/fr\/dormakaba-mit-neuem-branding\/","og_locale":"fr_FR","og_type":"article","og_title":"Dorma+Kaba mit neuem Branding","og_description":"Das erste gemeinsame Gesch\u00e4ftsjahr der Dorma+Kaba-Gruppe hat begonnen. Grund genug, mit einem neuen Branding aufzutreten.","og_url":"https:\/\/news.save.ch\/fr\/dormakaba-mit-neuem-branding\/","og_site_name":"Save","article_published_time":"2016-07-08T10:10:02+00:00","og_image":[{"url":"https:\/\/news.save.ch\/wp-content\/uploads\/2016\/12\/DormaKaba-mit-neuem-Branding_sicherheitsforum.jpg","type":"","width":"","height":""}],"author":"admin","twitter_card":"summary_large_image","twitter_misc":{"\u00c9crit par":"admin","Dur\u00e9e de lecture estim\u00e9e":"1 minute"},"schema":{"@context":"https:\/\/schema.org","@graph":[{"@type":"Article","@id":"https:\/\/news.save.ch\/dormakaba-mit-neuem-branding\/#article","isPartOf":{"@id":"https:\/\/news.save.ch\/dormakaba-mit-neuem-branding\/"},"author":{"name":"admin","@id":"https:\/\/news.save.ch\/de\/#\/schema\/person\/d49e199490bad7c70d64b9ab51142f2b"},"headline":"Dorma+Kaba mit neuem Branding","datePublished":"2016-07-08T10:10:02+00:00","mainEntityOfPage":{"@id":"https:\/\/news.save.ch\/dormakaba-mit-neuem-branding\/"},"wordCount":151,"commentCount":0,"publisher":{"@id":"https:\/\/news.save.ch\/de\/#organization"},"image":{"@id":"https:\/\/news.save.ch\/dormakaba-mit-neuem-branding\/#primaryimage"},"thumbnailUrl":"https:\/\/news.save.ch\/wp-content\/uploads\/2016\/12\/DormaKaba-mit-neuem-Branding_sicherheitsforum-scaled.jpg","keywords":["Unternehmen"],"articleSection":["ALLGEMEIN"],"inLanguage":"fr-FR"},{"@type":"WebPage","@id":"https:\/\/news.save.ch\/dormakaba-mit-neuem-branding\/","url":"https:\/\/news.save.ch\/dormakaba-mit-neuem-branding\/","name":"Dorma+Kaba se dote d'une nouvelle marque - Save","isPartOf":{"@id":"https:\/\/news.save.ch\/de\/#website"},"primaryImageOfPage":{"@id":"https:\/\/news.save.ch\/dormakaba-mit-neuem-branding\/#primaryimage"},"image":{"@id":"https:\/\/news.save.ch\/dormakaba-mit-neuem-branding\/#primaryimage"},"thumbnailUrl":"https:\/\/news.save.ch\/wp-content\/uploads\/2016\/12\/DormaKaba-mit-neuem-Branding_sicherheitsforum-scaled.jpg","datePublished":"2016-07-08T10:10:02+00:00","description":"Le premier exercice commun du groupe Dorma+Kaba a commenc\u00e9. Une raison suffisante pour se pr\u00e9senter avec un nouveau branding.","breadcrumb":{"@id":"https:\/\/news.save.ch\/dormakaba-mit-neuem-branding\/#breadcrumb"},"inLanguage":"fr-FR","potentialAction":[{"@type":"ReadAction","target":["https:\/\/news.save.ch\/dormakaba-mit-neuem-branding\/"]}]},{"@type":"ImageObject","inLanguage":"fr-FR","@id":"https:\/\/news.save.ch\/dormakaba-mit-neuem-branding\/#primaryimage","url":"https:\/\/news.save.ch\/wp-content\/uploads\/2016\/12\/DormaKaba-mit-neuem-Branding_sicherheitsforum-scaled.jpg","contentUrl":"https:\/\/news.save.ch\/wp-content\/uploads\/2016\/12\/DormaKaba-mit-neuem-Branding_sicherheitsforum-scaled.jpg","width":1400,"height":1050,"caption":"Das neue Branding des Dorma+Kaba-Konzerns."},{"@type":"BreadcrumbList","@id":"https:\/\/news.save.ch\/dormakaba-mit-neuem-branding\/#breadcrumb","itemListElement":[{"@type":"ListItem","position":1,"name":"Home","item":"https:\/\/news.save.ch\/de\/"},{"@type":"ListItem","position":2,"name":"Dorma+Kaba mit neuem Branding"}]},{"@type":"WebSite","@id":"https:\/\/news.save.ch\/de\/#website","url":"https:\/\/news.save.ch\/de\/","name":"Save","description":"Revue suisse sp\u00e9cialis\u00e9e dans la s\u00e9curit\u00e9","publisher":{"@id":"https:\/\/news.save.ch\/de\/#organization"},"potentialAction":[{"@type":"SearchAction","target":{"@type":"EntryPoint","urlTemplate":"https:\/\/news.save.ch\/de\/?s={search_term_string}"},"query-input":{"@type":"PropertyValueSpecification","valueRequired":true,"valueName":"search_term_string"}}],"inLanguage":"fr-FR"},{"@type":"Organization","@id":"https:\/\/news.save.ch\/de\/#organization","name":"Forum sur la s\u00e9curit\u00e9","url":"https:\/\/news.save.ch\/de\/","logo":{"@type":"ImageObject","inLanguage":"fr-FR","@id":"https:\/\/news.save.ch\/de\/#\/schema\/logo\/image\/","url":"https:\/\/news.save.ch\/wp-content\/uploads\/2022\/06\/Logo_SF_2012.png","contentUrl":"https:\/\/news.save.ch\/wp-content\/uploads\/2022\/06\/Logo_SF_2012.png","width":1100,"height":91,"caption":"Sicherheitsforum"},"image":{"@id":"https:\/\/news.save.ch\/de\/#\/schema\/logo\/image\/"}},{"@type":"Person","@id":"https:\/\/news.save.ch\/de\/#\/schema\/person\/d49e199490bad7c70d64b9ab51142f2b","name":"admin","image":{"@type":"ImageObject","inLanguage":"fr-FR","@id":"https:\/\/secure.gravatar.com\/avatar\/ae2f4d718e6c49043e314ce431e7e645d646302a24a5ef5a8bc8e3f5a032e319?s=96&d=mm&r=g","url":"https:\/\/secure.gravatar.com\/avatar\/ae2f4d718e6c49043e314ce431e7e645d646302a24a5ef5a8bc8e3f5a032e319?s=96&d=mm&r=g","contentUrl":"https:\/\/secure.gravatar.com\/avatar\/ae2f4d718e6c49043e314ce431e7e645d646302a24a5ef5a8bc8e3f5a032e319?s=96&d=mm&r=g","caption":"admin"},"sameAs":["https:\/\/develop.organisator.galledia.ch"],"url":"https:\/\/news.save.ch\/fr\/author\/admin\/"}]}},"_links":{"self":[{"href":"https:\/\/news.save.ch\/fr\/wp-json\/wp\/v2\/posts\/2500","targetHints":{"allow":["GET"]}}],"collection":[{"href":"https:\/\/news.save.ch\/fr\/wp-json\/wp\/v2\/posts"}],"about":[{"href":"https:\/\/news.save.ch\/fr\/wp-json\/wp\/v2\/types\/post"}],"author":[{"embeddable":true,"href":"https:\/\/news.save.ch\/fr\/wp-json\/wp\/v2\/users\/1"}],"replies":[{"embeddable":true,"href":"https:\/\/news.save.ch\/fr\/wp-json\/wp\/v2\/comments?post=2500"}],"version-history":[{"count":0,"href":"https:\/\/news.save.ch\/fr\/wp-json\/wp\/v2\/posts\/2500\/revisions"}],"wp:featuredmedia":[{"embeddable":true,"href":"https:\/\/news.save.ch\/fr\/wp-json\/wp\/v2\/media\/2501"}],"wp:attachment":[{"href":"https:\/\/news.save.ch\/fr\/wp-json\/wp\/v2\/media?parent=2500"}],"wp:term":[{"taxonomy":"category","embeddable":true,"href":"https:\/\/news.save.ch\/fr\/wp-json\/wp\/v2\/categories?post=2500"},{"taxonomy":"post_tag","embeddable":true,"href":"https:\/\/news.save.ch\/fr\/wp-json\/wp\/v2\/tags?post=2500"}],"curies":[{"name":"wp","href":"https:\/\/api.w.org\/{rel}","templated":true}]}}