{"id":2502,"date":"2018-01-08T12:58:36","date_gmt":"2018-01-08T11:58:36","guid":{"rendered":"https:\/\/news.save.ch\/?p=2502"},"modified":"2023-03-14T09:04:18","modified_gmt":"2023-03-14T08:04:18","slug":"kuenftige-pillen-werden-elektronisch-sein","status":null,"type":"post","link":"https:\/\/news.save.ch\/fr\/kuenftige-pillen-werden-elektronisch-sein\/","title":{"rendered":"Les futures pilules seront \u00e9lectroniques"},"content":{"rendered":"<figure id=\"attachment_2503\" aria-describedby=\"caption-attachment-2503\" style=\"width: 680px\" class=\"wp-caption alignnone\"><img loading=\"lazy\" decoding=\"async\" class=\"size-medium wp-image-2503\" src=\"http:\/\/develop.safety-plus.ch\/wp-content\/uploads\/2018\/01\/image.imageformat.fullwidth.172966530.jpg\" alt=\"\" width=\"680\" height=\"340\" srcset=\"https:\/\/news.save.ch\/wp-content\/uploads\/2018\/01\/image.imageformat.fullwidth.172966530.jpg 930w, https:\/\/news.save.ch\/wp-content\/uploads\/2018\/01\/image.imageformat.fullwidth.172966530-680x340.jpg 680w, https:\/\/news.save.ch\/wp-content\/uploads\/2018\/01\/image.imageformat.fullwidth.172966530-768x384.jpg 768w, https:\/\/news.save.ch\/wp-content\/uploads\/2018\/01\/image.imageformat.fullwidth.172966530-18x9.jpg 18w, https:\/\/news.save.ch\/wp-content\/uploads\/2018\/01\/image.imageformat.fullwidth.172966530-375x188.jpg 375w, https:\/\/news.save.ch\/wp-content\/uploads\/2018\/01\/image.imageformat.fullwidth.172966530-700x350.jpg 700w\" sizes=\"auto, (max-width: 680px) 100vw, 680px\" \/><figcaption id=\"caption-attachment-2503\" class=\"wp-caption-text\">Dans un avenir lointain, il existera une alternative \u00e9lectronique aux comprim\u00e9s, affirme Martin Fussenegger. (\u00a9 Image symbolique : Colourbox)<\/figcaption><\/figure>\n<p>La m\u00e9decine utilise le m\u00eame concept th\u00e9rapeutique depuis des si\u00e8cles : si nous nous sentons mal, nous allons chez le m\u00e9decin et celui-ci nous prescrit une pilule que nous devons prendre trois fois par jour. Le m\u00e9decin d\u00e9termine la dose de m\u00e9dicament en fonction de notre poids. Ce concept pr\u00e9sente plusieurs inconv\u00e9nients : Nous allons toujours chez le m\u00e9decin alors que nous sommes d\u00e9j\u00e0 malades. Le dosage des m\u00e9dicaments est impr\u00e9cis. Et avec de nombreuses th\u00e9rapies, nous essayons certes de ma\u00eetriser les sympt\u00f4mes, mais souvent nous ne gu\u00e9rissons pas la maladie elle-m\u00eame.<\/p>\n<p><strong>Implant bio-\u00e9lectronique<\/strong><\/p>\n<p>J'ose donc \u00e9mettre une hypoth\u00e8se : dans un avenir lointain, nous n'avalerons plus de pilules classiques, qui ne sont pas tr\u00e8s efficaces et qui ne nous permettront probablement pas de r\u00e9soudre tous les probl\u00e8mes existants. <a href=\"https:\/\/news.save.ch\/fr\/ernaehrungsstrategie-zur-gesundheitsfoerderung\/\" target=\"_blank\" rel=\"noopener\">Probl\u00e8mes de sant\u00e9<\/a> ne peuvent pas \u00eatre r\u00e9solus. Au contraire, dans 50 ans, les pilules seront \u00e9lectroniques. Elles seront constitu\u00e9es d'une capsule que nous pourrons nous faire implanter sous la peau. La capsule contient d'une part des cellules de designer qui surveillent notre m\u00e9tabolisme et peuvent intervenir de mani\u00e8re corrective via la production de prot\u00e9ines et de produits m\u00e9taboliques.<\/p>\n<p>D'autre part, la capsule contient une \u00e9lectronique qui contr\u00f4le les cellules du designer et permet une connexion avec le monde ext\u00e9rieur. Les m\u00e9decins pourront ajuster le fonctionnement de la pilule \u00e9lectronique via leur smartphone et intervenir si n\u00e9cessaire. De telles pilules \u00e9lectroniques permettront de combiner diagnostic et th\u00e9rapie. La th\u00e9rapie sera imm\u00e9diatement mise en place et se fera \u00e0 la bonne dose individuelle. Nous pourrons ainsi \u00e9touffer dans l'\u0153uf les maladies m\u00e9taboliques.<\/p>\n<p><strong>Des proth\u00e8ses mol\u00e9culaires contr\u00f4lent le m\u00e9tabolisme<\/strong><\/p>\n<p>Les premiers succ\u00e8s de la recherche qui vont dans ce sens existent d\u00e9j\u00e0. Dans notre groupe, nous \u00e9tudions et d\u00e9veloppons depuis des ann\u00e9es ce que nous appelons des proth\u00e8ses mol\u00e9culaires. <a href=\"https:\/\/news.save.ch\/fr\/exoskelette-am-ersten-zuercher-cybathlon\/\" target=\"_blank\" rel=\"noopener\">Proth\u00e8ses<\/a> sont connus pour leurs probl\u00e8mes m\u00e9caniques : Lorsque nous ne pouvons plus marcher, lorsque nous perdons une dent ou des cheveux, nous nous aidons de proth\u00e8ses pour remplacer ce qui nous manque. Il est \u00e9galement possible de d\u00e9velopper des proth\u00e8ses pour les processus biochimiques qui ne fonctionnent pas correctement. Il s'agirait alors de cellules reprogramm\u00e9es qui assumeraient dans le corps la fonction des cellules d\u00e9fectueuses.<\/p>\n<p>Ces cellules de designer pourraient un jour produire suffisamment d'insuline pour les diab\u00e9tiques, r\u00e9guler le m\u00e9tabolisme des graisses d'autres personnes de mani\u00e8re \u00e0 ce qu'elles ne deviennent pas ob\u00e8ses, ou encore emp\u00eacher la croissance de cellules tumorales \u00e0 un stade pr\u00e9coce. Les cellules reconna\u00eetraient les maladies et initieraient imm\u00e9diatement une th\u00e9rapie via la production de produits m\u00e9taboliques. Une fois la th\u00e9rapie termin\u00e9e, les cellules se remettraient en mode veille.<\/p>\n<p>En comparaison, il est d\u00e9j\u00e0 possible d'utiliser un type de th\u00e9rapie cellulaire encore simple : En ao\u00fbt, Novartis a obtenu l'autorisation aux \u00c9tats-Unis pour une nouvelle forme de th\u00e9rapie contre la leuc\u00e9mie, pour laquelle des cellules sp\u00e9cifiques au patient sont g\u00e9n\u00e9tiquement modifi\u00e9es. Ces cellules modifi\u00e9es d\u00e9tectent les cellules tumorales dans le sang et les d\u00e9truisent. Les cellules g\u00e9n\u00e9tiquement modifi\u00e9es de Novartis n'ont pas encore la complexit\u00e9 d'une proth\u00e8se mol\u00e9culaire telle que nous l'envisageons, ni le contr\u00f4le par r\u00e9troaction. N\u00e9anmoins, reprogrammer g\u00e9n\u00e9tiquement une cellule pour obtenir une fonction th\u00e9rapeutique est un pas \u00e9norme.<\/p>\n<p><strong>La biologie et l'\u00e9lectronique communiquent<\/strong><\/p>\n<p>Dans le domaine de l'\u00e9lectronique, les progr\u00e8s sont encore plus rapides et notre corps est d\u00e9j\u00e0 connect\u00e9 au monde num\u00e9rique. Nous portons des capteurs de mouvement qui enregistrent notre sommeil, comptent nos pas et calculent les calories d\u00e9pens\u00e9es. Il existe en outre des projets de recherche dans le cadre desquels le taux de glyc\u00e9mie et d'autres param\u00e8tres de sant\u00e9 sont d\u00e9termin\u00e9s dans le liquide lacrymal et la sueur corporelle. Enfin, pour les diab\u00e9tiques, il existe des pompes \u00e0 insuline \u00e0 commande \u00e9lectronique et des stimulateurs cardiaques qui peuvent \u00eatre ajust\u00e9s de l'ext\u00e9rieur du corps.<\/p>\n<p>On pourra comparer ces \u00e9volutions dans les d\u00e9cennies \u00e0 venir avec celles de la <a href=\"https:\/\/news.save.ch\/fr\/plazentaschranke-medikation-fuers-ungeborene-kind\/\" target=\"_blank\" rel=\"noopener\">niveau mol\u00e9culaire<\/a> et le monde biologique communiquera avec le monde \u00e9lectronique dans les deux sens.<\/p>\n<p>Texte : <a href=\"http:\/\/www.ethz.ch\/\" target=\"_blank\" rel=\"noopener\">EPF<\/a><\/p>","protected":false},"excerpt":{"rendered":"<p>Die Medizin benutzt seit Jahrhunderten dasselbe Therapiekonzept: F\u00fchlen wir uns schlecht, gehen wir zum Arzt, und dieser verschreibt uns eine Pille, die wir dreimal am Tag einnehmen m\u00fcssen. Die Medikamentendosis bestimmt der Arzt aufgrund unseres K\u00f6rpergewichts. Dieses Konzept hat mehrere Nachteile: Wir gehen immer erst dann zum Arzt, wenn wir schon krank sind. Die Dosierung [&hellip;]<\/p>\n","protected":false},"author":1,"featured_media":2503,"comment_status":"open","ping_status":"open","sticky":false,"template":"","format":"standard","meta":{"_acf_changed":false,"pgc_sgb_lightbox_settings":"","footnotes":""},"categories":[3314],"tags":[1775,1963,2165,2504,146,141],"class_list":["post-2502","post","type-post","status-publish","format-standard","has-post-thumbnail","hentry","category-health-safety","tag-betriebliches-gesundheitsmanagement","tag-elektronische-pillen","tag-gesundheitsfoerderung","tag-martin-fussenegger","tag-medikamente","tag-praevention"],"acf":[],"hkrextid":null,"publication":null,"issue":null,"workflow":null,"startPage":null,"spitzmarke":null,"_posts_by_tag_page_fields":{"widget_title":"","widget_tags":""},"_at_widget":"1","_yoast_wpseo_primary_category":"4","_yoast_wpseo_focuskw_text_input":"K\u00fcnftige Pillen werden elektronisch sein","_yoast_wpseo_opengraph-image":null,"_yoast_wpseo_opengraph-description":null,"_yoast_wpseo_opengraph-title":null,"enclosure":null,"_yoast_wpseo_twitter-title":null,"_yoast_wpseo_twitter-description":null,"_yoast_wpseo_twitter-image":null,"_wp_old_slug":null,"_yoast_wpseo_title":null,"_yoast_wpseo_canonical":null,"yoast_head":"<!-- This site is optimized with the Yoast SEO plugin v27.5 - https:\/\/yoast.com\/product\/yoast-seo-wordpress\/ -->\n<title>K\u00fcnftige Pillen werden elektronisch sein - Save<\/title>\n<meta name=\"description\" content=\"Die digitale Welt, in der wir leben, wird sich mit der biologischen Welt verbinden; in 50 Jahren werden uns vielleicht elektronische Pillen heilen.\" \/>\n<meta name=\"robots\" content=\"index, follow, max-snippet:-1, max-image-preview:large, max-video-preview:-1\" \/>\n<link rel=\"canonical\" href=\"https:\/\/news.save.ch\/fr\/kuenftige-pillen-werden-elektronisch-sein\/\" \/>\n<meta property=\"og:locale\" content=\"fr_FR\" \/>\n<meta property=\"og:type\" content=\"article\" \/>\n<meta property=\"og:title\" content=\"K\u00fcnftige Pillen werden elektronisch sein - Save\" \/>\n<meta property=\"og:description\" content=\"Die digitale Welt, in der wir leben, wird sich mit der biologischen Welt verbinden; in 50 Jahren werden uns vielleicht elektronische Pillen heilen.\" \/>\n<meta property=\"og:url\" content=\"https:\/\/news.save.ch\/fr\/kuenftige-pillen-werden-elektronisch-sein\/\" \/>\n<meta property=\"og:site_name\" content=\"Save\" \/>\n<meta property=\"article:published_time\" content=\"2018-01-08T11:58:36+00:00\" \/>\n<meta property=\"article:modified_time\" content=\"2023-03-14T08:04:18+00:00\" \/>\n<meta property=\"og:image\" content=\"https:\/\/news.save.ch\/wp-content\/uploads\/2018\/01\/image.imageformat.fullwidth.172966530.jpg\" \/>\n\t<meta property=\"og:image:width\" content=\"930\" \/>\n\t<meta property=\"og:image:height\" content=\"465\" \/>\n\t<meta property=\"og:image:type\" content=\"image\/jpeg\" \/>\n<meta name=\"author\" content=\"admin\" \/>\n<meta name=\"twitter:card\" content=\"summary_large_image\" \/>\n<meta name=\"twitter:label1\" content=\"\u00c9crit par\" \/>\n\t<meta name=\"twitter:data1\" content=\"admin\" \/>\n\t<meta name=\"twitter:label2\" content=\"Dur\u00e9e de lecture estim\u00e9e\" \/>\n\t<meta name=\"twitter:data2\" content=\"3 minutes\" \/>\n<script type=\"application\/ld+json\" class=\"yoast-schema-graph\">{\"@context\":\"https:\\\/\\\/schema.org\",\"@graph\":[{\"@type\":\"Article\",\"@id\":\"https:\\\/\\\/news.save.ch\\\/kuenftige-pillen-werden-elektronisch-sein\\\/#article\",\"isPartOf\":{\"@id\":\"https:\\\/\\\/news.save.ch\\\/kuenftige-pillen-werden-elektronisch-sein\\\/\"},\"author\":{\"name\":\"admin\",\"@id\":\"https:\\\/\\\/news.save.ch\\\/de\\\/#\\\/schema\\\/person\\\/d49e199490bad7c70d64b9ab51142f2b\"},\"headline\":\"K\u00fcnftige Pillen werden elektronisch sein\",\"datePublished\":\"2018-01-08T11:58:36+00:00\",\"dateModified\":\"2023-03-14T08:04:18+00:00\",\"mainEntityOfPage\":{\"@id\":\"https:\\\/\\\/news.save.ch\\\/kuenftige-pillen-werden-elektronisch-sein\\\/\"},\"wordCount\":626,\"commentCount\":0,\"publisher\":{\"@id\":\"https:\\\/\\\/news.save.ch\\\/de\\\/#organization\"},\"image\":{\"@id\":\"https:\\\/\\\/news.save.ch\\\/kuenftige-pillen-werden-elektronisch-sein\\\/#primaryimage\"},\"thumbnailUrl\":\"https:\\\/\\\/news.save.ch\\\/wp-content\\\/uploads\\\/2018\\\/01\\\/image.imageformat.fullwidth.172966530.jpg\",\"keywords\":[\"Betriebliches Gesundheitsmanagement\",\"elektronische Pillen\",\"Gesundheitsf\u00f6rderung\",\"Martin Fussenegger\",\"Medikamente\",\"Pr\u00e4vention\"],\"articleSection\":[\"HEALTH &amp; SAFETY\"],\"inLanguage\":\"fr-FR\"},{\"@type\":\"WebPage\",\"@id\":\"https:\\\/\\\/news.save.ch\\\/kuenftige-pillen-werden-elektronisch-sein\\\/\",\"url\":\"https:\\\/\\\/news.save.ch\\\/kuenftige-pillen-werden-elektronisch-sein\\\/\",\"name\":\"K\u00fcnftige Pillen werden elektronisch sein - Save\",\"isPartOf\":{\"@id\":\"https:\\\/\\\/news.save.ch\\\/de\\\/#website\"},\"primaryImageOfPage\":{\"@id\":\"https:\\\/\\\/news.save.ch\\\/kuenftige-pillen-werden-elektronisch-sein\\\/#primaryimage\"},\"image\":{\"@id\":\"https:\\\/\\\/news.save.ch\\\/kuenftige-pillen-werden-elektronisch-sein\\\/#primaryimage\"},\"thumbnailUrl\":\"https:\\\/\\\/news.save.ch\\\/wp-content\\\/uploads\\\/2018\\\/01\\\/image.imageformat.fullwidth.172966530.jpg\",\"datePublished\":\"2018-01-08T11:58:36+00:00\",\"dateModified\":\"2023-03-14T08:04:18+00:00\",\"description\":\"Die digitale Welt, in der wir leben, wird sich mit der biologischen Welt verbinden; in 50 Jahren werden uns vielleicht elektronische Pillen heilen.\",\"breadcrumb\":{\"@id\":\"https:\\\/\\\/news.save.ch\\\/kuenftige-pillen-werden-elektronisch-sein\\\/#breadcrumb\"},\"inLanguage\":\"fr-FR\",\"potentialAction\":[{\"@type\":\"ReadAction\",\"target\":[\"https:\\\/\\\/news.save.ch\\\/kuenftige-pillen-werden-elektronisch-sein\\\/\"]}]},{\"@type\":\"ImageObject\",\"inLanguage\":\"fr-FR\",\"@id\":\"https:\\\/\\\/news.save.ch\\\/kuenftige-pillen-werden-elektronisch-sein\\\/#primaryimage\",\"url\":\"https:\\\/\\\/news.save.ch\\\/wp-content\\\/uploads\\\/2018\\\/01\\\/image.imageformat.fullwidth.172966530.jpg\",\"contentUrl\":\"https:\\\/\\\/news.save.ch\\\/wp-content\\\/uploads\\\/2018\\\/01\\\/image.imageformat.fullwidth.172966530.jpg\",\"width\":930,\"height\":465,\"caption\":\"In ferner Zukunft werde es eine elektronische Alternative geben zu Tabletten, sagt Martin Fussenegger. (\u00a9 Symbolbild: Colourbox)\"},{\"@type\":\"BreadcrumbList\",\"@id\":\"https:\\\/\\\/news.save.ch\\\/kuenftige-pillen-werden-elektronisch-sein\\\/#breadcrumb\",\"itemListElement\":[{\"@type\":\"ListItem\",\"position\":1,\"name\":\"Home\",\"item\":\"https:\\\/\\\/news.save.ch\\\/de\\\/\"},{\"@type\":\"ListItem\",\"position\":2,\"name\":\"K\u00fcnftige Pillen werden elektronisch sein\"}]},{\"@type\":\"WebSite\",\"@id\":\"https:\\\/\\\/news.save.ch\\\/de\\\/#website\",\"url\":\"https:\\\/\\\/news.save.ch\\\/de\\\/\",\"name\":\"Save\",\"description\":\"Schweizer Fachzeitschrift f\u00fcr Sicherheit\",\"publisher\":{\"@id\":\"https:\\\/\\\/news.save.ch\\\/de\\\/#organization\"},\"potentialAction\":[{\"@type\":\"SearchAction\",\"target\":{\"@type\":\"EntryPoint\",\"urlTemplate\":\"https:\\\/\\\/news.save.ch\\\/de\\\/?s={search_term_string}\"},\"query-input\":{\"@type\":\"PropertyValueSpecification\",\"valueRequired\":true,\"valueName\":\"search_term_string\"}}],\"inLanguage\":\"fr-FR\"},{\"@type\":\"Organization\",\"@id\":\"https:\\\/\\\/news.save.ch\\\/de\\\/#organization\",\"name\":\"Sicherheitsforum\",\"url\":\"https:\\\/\\\/news.save.ch\\\/de\\\/\",\"logo\":{\"@type\":\"ImageObject\",\"inLanguage\":\"fr-FR\",\"@id\":\"https:\\\/\\\/news.save.ch\\\/de\\\/#\\\/schema\\\/logo\\\/image\\\/\",\"url\":\"https:\\\/\\\/news.save.ch\\\/wp-content\\\/uploads\\\/2022\\\/06\\\/Logo_SF_2012.png\",\"contentUrl\":\"https:\\\/\\\/news.save.ch\\\/wp-content\\\/uploads\\\/2022\\\/06\\\/Logo_SF_2012.png\",\"width\":1100,\"height\":91,\"caption\":\"Sicherheitsforum\"},\"image\":{\"@id\":\"https:\\\/\\\/news.save.ch\\\/de\\\/#\\\/schema\\\/logo\\\/image\\\/\"}},{\"@type\":\"Person\",\"@id\":\"https:\\\/\\\/news.save.ch\\\/de\\\/#\\\/schema\\\/person\\\/d49e199490bad7c70d64b9ab51142f2b\",\"name\":\"admin\",\"image\":{\"@type\":\"ImageObject\",\"inLanguage\":\"fr-FR\",\"@id\":\"https:\\\/\\\/secure.gravatar.com\\\/avatar\\\/ae2f4d718e6c49043e314ce431e7e645d646302a24a5ef5a8bc8e3f5a032e319?s=96&d=mm&r=g\",\"url\":\"https:\\\/\\\/secure.gravatar.com\\\/avatar\\\/ae2f4d718e6c49043e314ce431e7e645d646302a24a5ef5a8bc8e3f5a032e319?s=96&d=mm&r=g\",\"contentUrl\":\"https:\\\/\\\/secure.gravatar.com\\\/avatar\\\/ae2f4d718e6c49043e314ce431e7e645d646302a24a5ef5a8bc8e3f5a032e319?s=96&d=mm&r=g\",\"caption\":\"admin\"},\"sameAs\":[\"https:\\\/\\\/develop.organisator.galledia.ch\"],\"url\":\"https:\\\/\\\/news.save.ch\\\/fr\\\/author\\\/admin\\\/\"}]}<\/script>\n<!-- \/ Yoast SEO plugin. -->","yoast_head_json":{"title":"Les futures pilules seront \u00e9lectroniques - Save","description":"Le monde num\u00e9rique dans lequel nous vivons va se connecter au monde biologique ; dans 50 ans, des pilules \u00e9lectroniques nous soigneront peut-\u00eatre.","robots":{"index":"index","follow":"follow","max-snippet":"max-snippet:-1","max-image-preview":"max-image-preview:large","max-video-preview":"max-video-preview:-1"},"canonical":"https:\/\/news.save.ch\/fr\/kuenftige-pillen-werden-elektronisch-sein\/","og_locale":"fr_FR","og_type":"article","og_title":"K\u00fcnftige Pillen werden elektronisch sein - Save","og_description":"Die digitale Welt, in der wir leben, wird sich mit der biologischen Welt verbinden; in 50 Jahren werden uns vielleicht elektronische Pillen heilen.","og_url":"https:\/\/news.save.ch\/fr\/kuenftige-pillen-werden-elektronisch-sein\/","og_site_name":"Save","article_published_time":"2018-01-08T11:58:36+00:00","article_modified_time":"2023-03-14T08:04:18+00:00","og_image":[{"width":930,"height":465,"url":"https:\/\/news.save.ch\/wp-content\/uploads\/2018\/01\/image.imageformat.fullwidth.172966530.jpg","type":"image\/jpeg"}],"author":"admin","twitter_card":"summary_large_image","twitter_misc":{"\u00c9crit par":"admin","Dur\u00e9e de lecture estim\u00e9e":"3 minutes"},"schema":{"@context":"https:\/\/schema.org","@graph":[{"@type":"Article","@id":"https:\/\/news.save.ch\/kuenftige-pillen-werden-elektronisch-sein\/#article","isPartOf":{"@id":"https:\/\/news.save.ch\/kuenftige-pillen-werden-elektronisch-sein\/"},"author":{"name":"admin","@id":"https:\/\/news.save.ch\/de\/#\/schema\/person\/d49e199490bad7c70d64b9ab51142f2b"},"headline":"K\u00fcnftige Pillen werden elektronisch sein","datePublished":"2018-01-08T11:58:36+00:00","dateModified":"2023-03-14T08:04:18+00:00","mainEntityOfPage":{"@id":"https:\/\/news.save.ch\/kuenftige-pillen-werden-elektronisch-sein\/"},"wordCount":626,"commentCount":0,"publisher":{"@id":"https:\/\/news.save.ch\/de\/#organization"},"image":{"@id":"https:\/\/news.save.ch\/kuenftige-pillen-werden-elektronisch-sein\/#primaryimage"},"thumbnailUrl":"https:\/\/news.save.ch\/wp-content\/uploads\/2018\/01\/image.imageformat.fullwidth.172966530.jpg","keywords":["Betriebliches Gesundheitsmanagement","elektronische Pillen","Gesundheitsf\u00f6rderung","Martin Fussenegger","Medikamente","Pr\u00e4vention"],"articleSection":["HEALTH &amp; SAFETY"],"inLanguage":"fr-FR"},{"@type":"WebPage","@id":"https:\/\/news.save.ch\/kuenftige-pillen-werden-elektronisch-sein\/","url":"https:\/\/news.save.ch\/kuenftige-pillen-werden-elektronisch-sein\/","name":"Les futures pilules seront \u00e9lectroniques - Save","isPartOf":{"@id":"https:\/\/news.save.ch\/de\/#website"},"primaryImageOfPage":{"@id":"https:\/\/news.save.ch\/kuenftige-pillen-werden-elektronisch-sein\/#primaryimage"},"image":{"@id":"https:\/\/news.save.ch\/kuenftige-pillen-werden-elektronisch-sein\/#primaryimage"},"thumbnailUrl":"https:\/\/news.save.ch\/wp-content\/uploads\/2018\/01\/image.imageformat.fullwidth.172966530.jpg","datePublished":"2018-01-08T11:58:36+00:00","dateModified":"2023-03-14T08:04:18+00:00","description":"Le monde num\u00e9rique dans lequel nous vivons va se connecter au monde biologique ; dans 50 ans, des pilules \u00e9lectroniques nous soigneront peut-\u00eatre.","breadcrumb":{"@id":"https:\/\/news.save.ch\/kuenftige-pillen-werden-elektronisch-sein\/#breadcrumb"},"inLanguage":"fr-FR","potentialAction":[{"@type":"ReadAction","target":["https:\/\/news.save.ch\/kuenftige-pillen-werden-elektronisch-sein\/"]}]},{"@type":"ImageObject","inLanguage":"fr-FR","@id":"https:\/\/news.save.ch\/kuenftige-pillen-werden-elektronisch-sein\/#primaryimage","url":"https:\/\/news.save.ch\/wp-content\/uploads\/2018\/01\/image.imageformat.fullwidth.172966530.jpg","contentUrl":"https:\/\/news.save.ch\/wp-content\/uploads\/2018\/01\/image.imageformat.fullwidth.172966530.jpg","width":930,"height":465,"caption":"In ferner Zukunft werde es eine elektronische Alternative geben zu Tabletten, sagt Martin Fussenegger. (\u00a9 Symbolbild: Colourbox)"},{"@type":"BreadcrumbList","@id":"https:\/\/news.save.ch\/kuenftige-pillen-werden-elektronisch-sein\/#breadcrumb","itemListElement":[{"@type":"ListItem","position":1,"name":"Home","item":"https:\/\/news.save.ch\/de\/"},{"@type":"ListItem","position":2,"name":"K\u00fcnftige Pillen werden elektronisch sein"}]},{"@type":"WebSite","@id":"https:\/\/news.save.ch\/de\/#website","url":"https:\/\/news.save.ch\/de\/","name":"Save","description":"Revue suisse sp\u00e9cialis\u00e9e dans la s\u00e9curit\u00e9","publisher":{"@id":"https:\/\/news.save.ch\/de\/#organization"},"potentialAction":[{"@type":"SearchAction","target":{"@type":"EntryPoint","urlTemplate":"https:\/\/news.save.ch\/de\/?s={search_term_string}"},"query-input":{"@type":"PropertyValueSpecification","valueRequired":true,"valueName":"search_term_string"}}],"inLanguage":"fr-FR"},{"@type":"Organization","@id":"https:\/\/news.save.ch\/de\/#organization","name":"Forum sur la s\u00e9curit\u00e9","url":"https:\/\/news.save.ch\/de\/","logo":{"@type":"ImageObject","inLanguage":"fr-FR","@id":"https:\/\/news.save.ch\/de\/#\/schema\/logo\/image\/","url":"https:\/\/news.save.ch\/wp-content\/uploads\/2022\/06\/Logo_SF_2012.png","contentUrl":"https:\/\/news.save.ch\/wp-content\/uploads\/2022\/06\/Logo_SF_2012.png","width":1100,"height":91,"caption":"Sicherheitsforum"},"image":{"@id":"https:\/\/news.save.ch\/de\/#\/schema\/logo\/image\/"}},{"@type":"Person","@id":"https:\/\/news.save.ch\/de\/#\/schema\/person\/d49e199490bad7c70d64b9ab51142f2b","name":"admin","image":{"@type":"ImageObject","inLanguage":"fr-FR","@id":"https:\/\/secure.gravatar.com\/avatar\/ae2f4d718e6c49043e314ce431e7e645d646302a24a5ef5a8bc8e3f5a032e319?s=96&d=mm&r=g","url":"https:\/\/secure.gravatar.com\/avatar\/ae2f4d718e6c49043e314ce431e7e645d646302a24a5ef5a8bc8e3f5a032e319?s=96&d=mm&r=g","contentUrl":"https:\/\/secure.gravatar.com\/avatar\/ae2f4d718e6c49043e314ce431e7e645d646302a24a5ef5a8bc8e3f5a032e319?s=96&d=mm&r=g","caption":"admin"},"sameAs":["https:\/\/develop.organisator.galledia.ch"],"url":"https:\/\/news.save.ch\/fr\/author\/admin\/"}]}},"_links":{"self":[{"href":"https:\/\/news.save.ch\/fr\/wp-json\/wp\/v2\/posts\/2502","targetHints":{"allow":["GET"]}}],"collection":[{"href":"https:\/\/news.save.ch\/fr\/wp-json\/wp\/v2\/posts"}],"about":[{"href":"https:\/\/news.save.ch\/fr\/wp-json\/wp\/v2\/types\/post"}],"author":[{"embeddable":true,"href":"https:\/\/news.save.ch\/fr\/wp-json\/wp\/v2\/users\/1"}],"replies":[{"embeddable":true,"href":"https:\/\/news.save.ch\/fr\/wp-json\/wp\/v2\/comments?post=2502"}],"version-history":[{"count":1,"href":"https:\/\/news.save.ch\/fr\/wp-json\/wp\/v2\/posts\/2502\/revisions"}],"predecessor-version":[{"id":18753,"href":"https:\/\/news.save.ch\/fr\/wp-json\/wp\/v2\/posts\/2502\/revisions\/18753"}],"wp:featuredmedia":[{"embeddable":true,"href":"https:\/\/news.save.ch\/fr\/wp-json\/wp\/v2\/media\/2503"}],"wp:attachment":[{"href":"https:\/\/news.save.ch\/fr\/wp-json\/wp\/v2\/media?parent=2502"}],"wp:term":[{"taxonomy":"category","embeddable":true,"href":"https:\/\/news.save.ch\/fr\/wp-json\/wp\/v2\/categories?post=2502"},{"taxonomy":"post_tag","embeddable":true,"href":"https:\/\/news.save.ch\/fr\/wp-json\/wp\/v2\/tags?post=2502"}],"curies":[{"name":"wp","href":"https:\/\/api.w.org\/{rel}","templated":true}]}}