{"id":25145,"date":"2026-04-22T11:22:04","date_gmt":"2026-04-22T09:22:04","guid":{"rendered":"https:\/\/news.save.ch\/?p=25145"},"modified":"2026-04-28T11:22:23","modified_gmt":"2026-04-28T09:22:23","slug":"elektrizitaet-verursacht-3000-braende-pro-jahr","status":null,"type":"post","link":"https:\/\/news.save.ch\/fr\/elektrizitaet-verursacht-3000-braende-pro-jahr\/","title":{"rendered":"L'\u00e9lectricit\u00e9 provoque 3000 incendies par an"},"content":{"rendered":"<figure id=\"attachment_25146\" aria-describedby=\"caption-attachment-25146\" style=\"width: 680px\" class=\"wp-caption alignnone\"><img loading=\"lazy\" decoding=\"async\" class=\"size-medium wp-image-25146\" src=\"https:\/\/news.save.ch\/wp-content\/uploads\/2026\/04\/Depositphotos_522767376_S-1-680x508.jpg\" alt=\"\" width=\"680\" height=\"508\" srcset=\"https:\/\/news.save.ch\/wp-content\/uploads\/2026\/04\/Depositphotos_522767376_S-1-680x508.jpg 680w, https:\/\/news.save.ch\/wp-content\/uploads\/2026\/04\/Depositphotos_522767376_S-1-768x574.jpg 768w, https:\/\/news.save.ch\/wp-content\/uploads\/2026\/04\/Depositphotos_522767376_S-1-16x12.jpg 16w, https:\/\/news.save.ch\/wp-content\/uploads\/2026\/04\/Depositphotos_522767376_S-1-375x280.jpg 375w, https:\/\/news.save.ch\/wp-content\/uploads\/2026\/04\/Depositphotos_522767376_S-1-469x350.jpg 469w, https:\/\/news.save.ch\/wp-content\/uploads\/2026\/04\/Depositphotos_522767376_S-1.jpg 1000w\" sizes=\"auto, (max-width: 680px) 100vw, 680px\" \/><figcaption id=\"caption-attachment-25146\" class=\"wp-caption-text\">Les appareils et installations obsol\u00e8tes pr\u00e9sentent justement des dangers consid\u00e9rables Photo : depositphotos\/K1tyara<\/figcaption><\/figure>\n<p class=\"x_MsoNormal\">Il est souvent difficile d'\u00e9valuer correctement l'\u00e9tat des installations \u00e9lectriques, car les d\u00e9fauts ne sont pas toujours clairement identifiables. La prudence est donc de mise : Les r\u00e9parations effectu\u00e9es par soi-m\u00eame sont dangereuses et peuvent, dans le pire des cas, avoir une issue fatale. De plus, les d\u00e9fauts des installations \u00e9lectriques provoquent r\u00e9guli\u00e8rement des incendies. C'est pourquoi les travaux sur les installations \u00e9lectriques ne devraient \u00eatre effectu\u00e9s que par des entreprises d'\u00e9lectricit\u00e9 qualifi\u00e9es.<\/p>\n<p class=\"x_MsoNormal\">Dans les b\u00e2timents anciens, les installations \u00e9lectriques v\u00e9tustes sont souvent \u00e0 l'origine d'accidents et d'incendies. Les installations devraient donc \u00eatre contr\u00f4l\u00e9es \u00e0 intervalles r\u00e9guliers par un sp\u00e9cialiste et, si n\u00e9cessaire, \u00eatre remplac\u00e9es. Dans de nombreux b\u00e2timents anciens, il y a en outre trop peu de prises, raison pour laquelle on utilise souvent des fiches multiples et des multiprises. Il faut toutefois veiller \u00e0 ne pas d\u00e9passer la limite de charge. Il est plus s\u00fbr et plus durable d'adapter l'installation \u00e9lectrique aux exigences actuelles.<\/p>\n<div class=\"greybox\">\n<p class=\"x_MsoNormal\"><b>Les conseils de s\u00e9curit\u00e9 de la BFB en un coup d'\u0153il<\/b><\/p>\n<ul>\n<li>Ne jamais r\u00e9parer soi-m\u00eame les installations \u00e9lectriques ; toujours effectuer les travaux correspondants.<br \/>\nfaire ex\u00e9cuter par un sp\u00e9cialiste.<\/li>\n<li>Faire r\u00e9parer imm\u00e9diatement les prises et appareils d\u00e9fectueux.<\/li>\n<li>Faire \u00e9quiper les anciennes installations \u00e9lectriques de disjoncteurs diff\u00e9rentiels.<\/li>\n<li>Respecter les limites de charge des fiches multiples et des blocs multiprises.<br \/>\nNe pas brancher ces appareils l'un sur l'autre.<\/li>\n<li>Ne pas installer et utiliser des constructions de c\u00e2bles provisoires.<\/li>\n<\/ul>\n<\/div>\n<p class=\"x_MsoNormal\">La BFB propose plus d'informations sur la s\u00e9curit\u00e9 sous\u00a0<a title=\"https:\/\/www.bfb-cipi.ch\/brandverhuetungs-tipps\/detail\/elektrische-installationen\" href=\"https:\/\/www.bfb-cipi.ch\/brandverhuetungs-tipps\/detail\/elektrische-installationen\" target=\"_blank\" rel=\"noopener noreferrer\" data-auth=\"NotApplicable\" data-linkindex=\"0\">bfb-cipi.ch\/installations \u00e9lectriques.<\/a><\/p>","protected":false},"excerpt":{"rendered":"<p>Den Zustand elektrischer Installationen richtig zu beurteilen, ist oft schwierig, da M\u00e4ngel nicht immer eindeutig erkennbar sind. Deshalb ist Vorsicht geboten: Eigenst\u00e4ndige Reparaturen sind gef\u00e4hrlich und k\u00f6nnen im schlimmsten Fall t\u00f6dlich enden. Zudem f\u00fchren M\u00e4ngel an elektrischen Installationen immer wieder zu Br\u00e4nden. Aus diesem Grund sollten Arbeiten an elektrischen Installationen ausschliesslich von qualifizierten Elektrounternehmen ausgef\u00fchrt [&hellip;]<\/p>\n","protected":false},"author":31,"featured_media":0,"comment_status":"closed","ping_status":"closed","sticky":false,"template":"","format":"standard","meta":{"_acf_changed":false,"pgc_sgb_lightbox_settings":"","footnotes":""},"categories":[67],"tags":[335,972,1958],"class_list":["post-25145","post","type-post","status-publish","format-standard","hentry","category-brandschutz","tag-bfb","tag-brand","tag-elektrizitaet"],"acf":[],"hkrextid":null,"publication":null,"issue":null,"workflow":null,"startPage":null,"spitzmarke":null,"_posts_by_tag_page_fields":null,"_at_widget":null,"_yoast_wpseo_primary_category":"67","_yoast_wpseo_focuskw_text_input":null,"_yoast_wpseo_opengraph-image":null,"_yoast_wpseo_opengraph-description":null,"_yoast_wpseo_opengraph-title":null,"enclosure":null,"_yoast_wpseo_twitter-title":null,"_yoast_wpseo_twitter-description":null,"_yoast_wpseo_twitter-image":null,"_wp_old_slug":null,"_yoast_wpseo_title":null,"_yoast_wpseo_canonical":null,"yoast_head":"<!-- This site is optimized with the Yoast SEO plugin v27.4 - https:\/\/yoast.com\/product\/yoast-seo-wordpress\/ -->\n<title>Elektrizit\u00e4t verursacht 3000 Br\u00e4nde pro Jahr - Save<\/title>\n<meta name=\"description\" content=\"In den letzten zehn Jahren ereigneten sich in\u00a0der Schweiz j\u00e4hrlich rund\u00a03000\u00a0Geb\u00e4udebr\u00e4nde, die durch Elektrizit\u00e4t verursacht wurden.\" \/>\n<meta name=\"robots\" content=\"index, follow, max-snippet:-1, max-image-preview:large, max-video-preview:-1\" \/>\n<link rel=\"canonical\" href=\"https:\/\/news.save.ch\/fr\/elektrizitaet-verursacht-3000-braende-pro-jahr\/\" \/>\n<meta property=\"og:locale\" content=\"fr_FR\" \/>\n<meta property=\"og:type\" content=\"article\" \/>\n<meta property=\"og:title\" content=\"Elektrizit\u00e4t verursacht 3000 Br\u00e4nde pro Jahr - Save\" \/>\n<meta property=\"og:description\" content=\"In den letzten zehn Jahren ereigneten sich in\u00a0der Schweiz j\u00e4hrlich rund\u00a03000\u00a0Geb\u00e4udebr\u00e4nde, die durch Elektrizit\u00e4t verursacht wurden.\" \/>\n<meta property=\"og:url\" content=\"https:\/\/news.save.ch\/fr\/elektrizitaet-verursacht-3000-braende-pro-jahr\/\" \/>\n<meta property=\"og:site_name\" content=\"Save\" \/>\n<meta property=\"article:published_time\" content=\"2026-04-22T09:22:04+00:00\" \/>\n<meta property=\"article:modified_time\" content=\"2026-04-28T09:22:23+00:00\" \/>\n<meta property=\"og:image\" content=\"https:\/\/news.save.ch\/wp-content\/uploads\/2026\/04\/Depositphotos_522767376_S-1.jpg\" \/>\n\t<meta property=\"og:image:width\" content=\"1000\" \/>\n\t<meta property=\"og:image:height\" content=\"747\" \/>\n\t<meta property=\"og:image:type\" content=\"image\/jpeg\" \/>\n<meta name=\"author\" content=\"stefanie Zeng\" \/>\n<meta name=\"twitter:card\" content=\"summary_large_image\" \/>\n<meta name=\"twitter:label1\" content=\"\u00c9crit par\" \/>\n\t<meta name=\"twitter:data1\" content=\"stefanie Zeng\" \/>\n\t<meta name=\"twitter:label2\" content=\"Dur\u00e9e de lecture estim\u00e9e\" \/>\n\t<meta name=\"twitter:data2\" content=\"2 minutes\" \/>\n<script type=\"application\/ld+json\" class=\"yoast-schema-graph\">{\"@context\":\"https:\\\/\\\/schema.org\",\"@graph\":[{\"@type\":\"Article\",\"@id\":\"https:\\\/\\\/news.save.ch\\\/elektrizitaet-verursacht-3000-braende-pro-jahr\\\/#article\",\"isPartOf\":{\"@id\":\"https:\\\/\\\/news.save.ch\\\/elektrizitaet-verursacht-3000-braende-pro-jahr\\\/\"},\"author\":{\"name\":\"stefanie Zeng\",\"@id\":\"https:\\\/\\\/news.save.ch\\\/de\\\/#\\\/schema\\\/person\\\/10917387362b3961e882740f6cf6f2a2\"},\"headline\":\"Elektrizit\u00e4t verursacht 3000 Br\u00e4nde pro Jahr\",\"datePublished\":\"2026-04-22T09:22:04+00:00\",\"dateModified\":\"2026-04-28T09:22:23+00:00\",\"mainEntityOfPage\":{\"@id\":\"https:\\\/\\\/news.save.ch\\\/elektrizitaet-verursacht-3000-braende-pro-jahr\\\/\"},\"wordCount\":228,\"publisher\":{\"@id\":\"https:\\\/\\\/news.save.ch\\\/de\\\/#organization\"},\"image\":{\"@id\":\"https:\\\/\\\/news.save.ch\\\/elektrizitaet-verursacht-3000-braende-pro-jahr\\\/#primaryimage\"},\"thumbnailUrl\":\"https:\\\/\\\/news.save.ch\\\/wp-content\\\/uploads\\\/2026\\\/04\\\/Depositphotos_522767376_S-1-680x508.jpg\",\"keywords\":[\"BfB\",\"Brand\",\"Elektrizit\u00e4t\"],\"articleSection\":[\"BRANDSCHUTZ\"],\"inLanguage\":\"fr-FR\"},{\"@type\":\"WebPage\",\"@id\":\"https:\\\/\\\/news.save.ch\\\/elektrizitaet-verursacht-3000-braende-pro-jahr\\\/\",\"url\":\"https:\\\/\\\/news.save.ch\\\/elektrizitaet-verursacht-3000-braende-pro-jahr\\\/\",\"name\":\"Elektrizit\u00e4t verursacht 3000 Br\u00e4nde pro Jahr - Save\",\"isPartOf\":{\"@id\":\"https:\\\/\\\/news.save.ch\\\/de\\\/#website\"},\"primaryImageOfPage\":{\"@id\":\"https:\\\/\\\/news.save.ch\\\/elektrizitaet-verursacht-3000-braende-pro-jahr\\\/#primaryimage\"},\"image\":{\"@id\":\"https:\\\/\\\/news.save.ch\\\/elektrizitaet-verursacht-3000-braende-pro-jahr\\\/#primaryimage\"},\"thumbnailUrl\":\"https:\\\/\\\/news.save.ch\\\/wp-content\\\/uploads\\\/2026\\\/04\\\/Depositphotos_522767376_S-1-680x508.jpg\",\"datePublished\":\"2026-04-22T09:22:04+00:00\",\"dateModified\":\"2026-04-28T09:22:23+00:00\",\"description\":\"In den letzten zehn Jahren ereigneten sich in\u00a0der Schweiz j\u00e4hrlich rund\u00a03000\u00a0Geb\u00e4udebr\u00e4nde, die durch Elektrizit\u00e4t verursacht wurden.\",\"breadcrumb\":{\"@id\":\"https:\\\/\\\/news.save.ch\\\/elektrizitaet-verursacht-3000-braende-pro-jahr\\\/#breadcrumb\"},\"inLanguage\":\"fr-FR\",\"potentialAction\":[{\"@type\":\"ReadAction\",\"target\":[\"https:\\\/\\\/news.save.ch\\\/elektrizitaet-verursacht-3000-braende-pro-jahr\\\/\"]}]},{\"@type\":\"ImageObject\",\"inLanguage\":\"fr-FR\",\"@id\":\"https:\\\/\\\/news.save.ch\\\/elektrizitaet-verursacht-3000-braende-pro-jahr\\\/#primaryimage\",\"url\":\"https:\\\/\\\/news.save.ch\\\/wp-content\\\/uploads\\\/2026\\\/04\\\/Depositphotos_522767376_S-1-680x508.jpg\",\"contentUrl\":\"https:\\\/\\\/news.save.ch\\\/wp-content\\\/uploads\\\/2026\\\/04\\\/Depositphotos_522767376_S-1-680x508.jpg\"},{\"@type\":\"BreadcrumbList\",\"@id\":\"https:\\\/\\\/news.save.ch\\\/elektrizitaet-verursacht-3000-braende-pro-jahr\\\/#breadcrumb\",\"itemListElement\":[{\"@type\":\"ListItem\",\"position\":1,\"name\":\"Home\",\"item\":\"https:\\\/\\\/news.save.ch\\\/de\\\/\"},{\"@type\":\"ListItem\",\"position\":2,\"name\":\"Elektrizit\u00e4t verursacht 3000 Br\u00e4nde pro Jahr\"}]},{\"@type\":\"WebSite\",\"@id\":\"https:\\\/\\\/news.save.ch\\\/de\\\/#website\",\"url\":\"https:\\\/\\\/news.save.ch\\\/de\\\/\",\"name\":\"Save\",\"description\":\"Schweizer Fachzeitschrift f\u00fcr Sicherheit\",\"publisher\":{\"@id\":\"https:\\\/\\\/news.save.ch\\\/de\\\/#organization\"},\"potentialAction\":[{\"@type\":\"SearchAction\",\"target\":{\"@type\":\"EntryPoint\",\"urlTemplate\":\"https:\\\/\\\/news.save.ch\\\/de\\\/?s={search_term_string}\"},\"query-input\":{\"@type\":\"PropertyValueSpecification\",\"valueRequired\":true,\"valueName\":\"search_term_string\"}}],\"inLanguage\":\"fr-FR\"},{\"@type\":\"Organization\",\"@id\":\"https:\\\/\\\/news.save.ch\\\/de\\\/#organization\",\"name\":\"Sicherheitsforum\",\"url\":\"https:\\\/\\\/news.save.ch\\\/de\\\/\",\"logo\":{\"@type\":\"ImageObject\",\"inLanguage\":\"fr-FR\",\"@id\":\"https:\\\/\\\/news.save.ch\\\/de\\\/#\\\/schema\\\/logo\\\/image\\\/\",\"url\":\"https:\\\/\\\/news.save.ch\\\/wp-content\\\/uploads\\\/2022\\\/06\\\/Logo_SF_2012.png\",\"contentUrl\":\"https:\\\/\\\/news.save.ch\\\/wp-content\\\/uploads\\\/2022\\\/06\\\/Logo_SF_2012.png\",\"width\":1100,\"height\":91,\"caption\":\"Sicherheitsforum\"},\"image\":{\"@id\":\"https:\\\/\\\/news.save.ch\\\/de\\\/#\\\/schema\\\/logo\\\/image\\\/\"}},{\"@type\":\"Person\",\"@id\":\"https:\\\/\\\/news.save.ch\\\/de\\\/#\\\/schema\\\/person\\\/10917387362b3961e882740f6cf6f2a2\",\"name\":\"stefanie Zeng\",\"image\":{\"@type\":\"ImageObject\",\"inLanguage\":\"fr-FR\",\"@id\":\"https:\\\/\\\/secure.gravatar.com\\\/avatar\\\/eac43faa6e40bb2c41068c95c9d78bbd94c476d5efdff7abaab80bb3ea681e06?s=96&d=mm&r=g\",\"url\":\"https:\\\/\\\/secure.gravatar.com\\\/avatar\\\/eac43faa6e40bb2c41068c95c9d78bbd94c476d5efdff7abaab80bb3ea681e06?s=96&d=mm&r=g\",\"contentUrl\":\"https:\\\/\\\/secure.gravatar.com\\\/avatar\\\/eac43faa6e40bb2c41068c95c9d78bbd94c476d5efdff7abaab80bb3ea681e06?s=96&d=mm&r=g\",\"caption\":\"stefanie Zeng\"},\"url\":\"https:\\\/\\\/news.save.ch\\\/fr\\\/author\\\/stefanie-zeng\\\/\"}]}<\/script>\n<!-- \/ Yoast SEO plugin. -->","yoast_head_json":{"title":"Elektrizit\u00e4t verursacht 3000 Br\u00e4nde pro Jahr - Save","description":"In den letzten zehn Jahren ereigneten sich in\u00a0der Schweiz j\u00e4hrlich rund\u00a03000\u00a0Geb\u00e4udebr\u00e4nde, die durch Elektrizit\u00e4t verursacht wurden.","robots":{"index":"index","follow":"follow","max-snippet":"max-snippet:-1","max-image-preview":"max-image-preview:large","max-video-preview":"max-video-preview:-1"},"canonical":"https:\/\/news.save.ch\/fr\/elektrizitaet-verursacht-3000-braende-pro-jahr\/","og_locale":"fr_FR","og_type":"article","og_title":"Elektrizit\u00e4t verursacht 3000 Br\u00e4nde pro Jahr - Save","og_description":"In den letzten zehn Jahren ereigneten sich in\u00a0der Schweiz j\u00e4hrlich rund\u00a03000\u00a0Geb\u00e4udebr\u00e4nde, die durch Elektrizit\u00e4t verursacht wurden.","og_url":"https:\/\/news.save.ch\/fr\/elektrizitaet-verursacht-3000-braende-pro-jahr\/","og_site_name":"Save","article_published_time":"2026-04-22T09:22:04+00:00","article_modified_time":"2026-04-28T09:22:23+00:00","og_image":[{"width":1000,"height":747,"url":"https:\/\/news.save.ch\/wp-content\/uploads\/2026\/04\/Depositphotos_522767376_S-1.jpg","type":"image\/jpeg"}],"author":"stefanie Zeng","twitter_card":"summary_large_image","twitter_misc":{"\u00c9crit par":"stefanie Zeng","Dur\u00e9e de lecture estim\u00e9e":"2 minutes"},"schema":{"@context":"https:\/\/schema.org","@graph":[{"@type":"Article","@id":"https:\/\/news.save.ch\/elektrizitaet-verursacht-3000-braende-pro-jahr\/#article","isPartOf":{"@id":"https:\/\/news.save.ch\/elektrizitaet-verursacht-3000-braende-pro-jahr\/"},"author":{"name":"stefanie Zeng","@id":"https:\/\/news.save.ch\/de\/#\/schema\/person\/10917387362b3961e882740f6cf6f2a2"},"headline":"Elektrizit\u00e4t verursacht 3000 Br\u00e4nde pro Jahr","datePublished":"2026-04-22T09:22:04+00:00","dateModified":"2026-04-28T09:22:23+00:00","mainEntityOfPage":{"@id":"https:\/\/news.save.ch\/elektrizitaet-verursacht-3000-braende-pro-jahr\/"},"wordCount":228,"publisher":{"@id":"https:\/\/news.save.ch\/de\/#organization"},"image":{"@id":"https:\/\/news.save.ch\/elektrizitaet-verursacht-3000-braende-pro-jahr\/#primaryimage"},"thumbnailUrl":"https:\/\/news.save.ch\/wp-content\/uploads\/2026\/04\/Depositphotos_522767376_S-1-680x508.jpg","keywords":["BfB","Brand","Elektrizit\u00e4t"],"articleSection":["BRANDSCHUTZ"],"inLanguage":"fr-FR"},{"@type":"WebPage","@id":"https:\/\/news.save.ch\/elektrizitaet-verursacht-3000-braende-pro-jahr\/","url":"https:\/\/news.save.ch\/elektrizitaet-verursacht-3000-braende-pro-jahr\/","name":"Elektrizit\u00e4t verursacht 3000 Br\u00e4nde pro Jahr - Save","isPartOf":{"@id":"https:\/\/news.save.ch\/de\/#website"},"primaryImageOfPage":{"@id":"https:\/\/news.save.ch\/elektrizitaet-verursacht-3000-braende-pro-jahr\/#primaryimage"},"image":{"@id":"https:\/\/news.save.ch\/elektrizitaet-verursacht-3000-braende-pro-jahr\/#primaryimage"},"thumbnailUrl":"https:\/\/news.save.ch\/wp-content\/uploads\/2026\/04\/Depositphotos_522767376_S-1-680x508.jpg","datePublished":"2026-04-22T09:22:04+00:00","dateModified":"2026-04-28T09:22:23+00:00","description":"In den letzten zehn Jahren ereigneten sich in\u00a0der Schweiz j\u00e4hrlich rund\u00a03000\u00a0Geb\u00e4udebr\u00e4nde, die durch Elektrizit\u00e4t verursacht wurden.","breadcrumb":{"@id":"https:\/\/news.save.ch\/elektrizitaet-verursacht-3000-braende-pro-jahr\/#breadcrumb"},"inLanguage":"fr-FR","potentialAction":[{"@type":"ReadAction","target":["https:\/\/news.save.ch\/elektrizitaet-verursacht-3000-braende-pro-jahr\/"]}]},{"@type":"ImageObject","inLanguage":"fr-FR","@id":"https:\/\/news.save.ch\/elektrizitaet-verursacht-3000-braende-pro-jahr\/#primaryimage","url":"https:\/\/news.save.ch\/wp-content\/uploads\/2026\/04\/Depositphotos_522767376_S-1-680x508.jpg","contentUrl":"https:\/\/news.save.ch\/wp-content\/uploads\/2026\/04\/Depositphotos_522767376_S-1-680x508.jpg"},{"@type":"BreadcrumbList","@id":"https:\/\/news.save.ch\/elektrizitaet-verursacht-3000-braende-pro-jahr\/#breadcrumb","itemListElement":[{"@type":"ListItem","position":1,"name":"Home","item":"https:\/\/news.save.ch\/de\/"},{"@type":"ListItem","position":2,"name":"Elektrizit\u00e4t verursacht 3000 Br\u00e4nde pro Jahr"}]},{"@type":"WebSite","@id":"https:\/\/news.save.ch\/de\/#website","url":"https:\/\/news.save.ch\/de\/","name":"Save","description":"Revue suisse sp\u00e9cialis\u00e9e dans la s\u00e9curit\u00e9","publisher":{"@id":"https:\/\/news.save.ch\/de\/#organization"},"potentialAction":[{"@type":"SearchAction","target":{"@type":"EntryPoint","urlTemplate":"https:\/\/news.save.ch\/de\/?s={search_term_string}"},"query-input":{"@type":"PropertyValueSpecification","valueRequired":true,"valueName":"search_term_string"}}],"inLanguage":"fr-FR"},{"@type":"Organization","@id":"https:\/\/news.save.ch\/de\/#organization","name":"Forum sur la s\u00e9curit\u00e9","url":"https:\/\/news.save.ch\/de\/","logo":{"@type":"ImageObject","inLanguage":"fr-FR","@id":"https:\/\/news.save.ch\/de\/#\/schema\/logo\/image\/","url":"https:\/\/news.save.ch\/wp-content\/uploads\/2022\/06\/Logo_SF_2012.png","contentUrl":"https:\/\/news.save.ch\/wp-content\/uploads\/2022\/06\/Logo_SF_2012.png","width":1100,"height":91,"caption":"Sicherheitsforum"},"image":{"@id":"https:\/\/news.save.ch\/de\/#\/schema\/logo\/image\/"}},{"@type":"Person","@id":"https:\/\/news.save.ch\/de\/#\/schema\/person\/10917387362b3961e882740f6cf6f2a2","name":"stefanie Zeng","image":{"@type":"ImageObject","inLanguage":"fr-FR","@id":"https:\/\/secure.gravatar.com\/avatar\/eac43faa6e40bb2c41068c95c9d78bbd94c476d5efdff7abaab80bb3ea681e06?s=96&d=mm&r=g","url":"https:\/\/secure.gravatar.com\/avatar\/eac43faa6e40bb2c41068c95c9d78bbd94c476d5efdff7abaab80bb3ea681e06?s=96&d=mm&r=g","contentUrl":"https:\/\/secure.gravatar.com\/avatar\/eac43faa6e40bb2c41068c95c9d78bbd94c476d5efdff7abaab80bb3ea681e06?s=96&d=mm&r=g","caption":"stefanie Zeng"},"url":"https:\/\/news.save.ch\/fr\/author\/stefanie-zeng\/"}]}},"_links":{"self":[{"href":"https:\/\/news.save.ch\/fr\/wp-json\/wp\/v2\/posts\/25145","targetHints":{"allow":["GET"]}}],"collection":[{"href":"https:\/\/news.save.ch\/fr\/wp-json\/wp\/v2\/posts"}],"about":[{"href":"https:\/\/news.save.ch\/fr\/wp-json\/wp\/v2\/types\/post"}],"author":[{"embeddable":true,"href":"https:\/\/news.save.ch\/fr\/wp-json\/wp\/v2\/users\/31"}],"replies":[{"embeddable":true,"href":"https:\/\/news.save.ch\/fr\/wp-json\/wp\/v2\/comments?post=25145"}],"version-history":[{"count":2,"href":"https:\/\/news.save.ch\/fr\/wp-json\/wp\/v2\/posts\/25145\/revisions"}],"predecessor-version":[{"id":25148,"href":"https:\/\/news.save.ch\/fr\/wp-json\/wp\/v2\/posts\/25145\/revisions\/25148"}],"wp:attachment":[{"href":"https:\/\/news.save.ch\/fr\/wp-json\/wp\/v2\/media?parent=25145"}],"wp:term":[{"taxonomy":"category","embeddable":true,"href":"https:\/\/news.save.ch\/fr\/wp-json\/wp\/v2\/categories?post=25145"},{"taxonomy":"post_tag","embeddable":true,"href":"https:\/\/news.save.ch\/fr\/wp-json\/wp\/v2\/tags?post=25145"}],"curies":[{"name":"wp","href":"https:\/\/api.w.org\/{rel}","templated":true}]}}