{"id":25150,"date":"2026-04-27T13:31:11","date_gmt":"2026-04-27T11:31:11","guid":{"rendered":"https:\/\/news.save.ch\/?p=25150"},"modified":"2026-04-27T13:31:11","modified_gmt":"2026-04-27T11:31:11","slug":"jubilaeums-gv-von-swiss-safety-im-kkl-luzern","status":null,"type":"post","link":"https:\/\/news.save.ch\/fr\/jubilaeums-gv-von-swiss-safety-im-kkl-luzern\/","title":{"rendered":"AG anniversaire de swiss safety au KKL Lucerne"},"content":{"rendered":"<figure id=\"attachment_25152\" aria-describedby=\"caption-attachment-25152\" style=\"width: 680px\" class=\"wp-caption alignnone\"><img loading=\"lazy\" decoding=\"async\" class=\"wp-image-25152 size-medium\" src=\"https:\/\/news.save.ch\/wp-content\/uploads\/2026\/04\/Bild_02_DormanLaura_GraberDominique_Ehrenmitglied_MartinClaude-680x510.jpg\" alt=\"\" width=\"680\" height=\"510\" srcset=\"https:\/\/news.save.ch\/wp-content\/uploads\/2026\/04\/Bild_02_DormanLaura_GraberDominique_Ehrenmitglied_MartinClaude-680x510.jpg 680w, https:\/\/news.save.ch\/wp-content\/uploads\/2026\/04\/Bild_02_DormanLaura_GraberDominique_Ehrenmitglied_MartinClaude-1024x768.jpg 1024w, https:\/\/news.save.ch\/wp-content\/uploads\/2026\/04\/Bild_02_DormanLaura_GraberDominique_Ehrenmitglied_MartinClaude-768x576.jpg 768w, https:\/\/news.save.ch\/wp-content\/uploads\/2026\/04\/Bild_02_DormanLaura_GraberDominique_Ehrenmitglied_MartinClaude-1536x1152.jpg 1536w, https:\/\/news.save.ch\/wp-content\/uploads\/2026\/04\/Bild_02_DormanLaura_GraberDominique_Ehrenmitglied_MartinClaude-2048x1536.jpg 2048w, https:\/\/news.save.ch\/wp-content\/uploads\/2026\/04\/Bild_02_DormanLaura_GraberDominique_Ehrenmitglied_MartinClaude-16x12.jpg 16w, https:\/\/news.save.ch\/wp-content\/uploads\/2026\/04\/Bild_02_DormanLaura_GraberDominique_Ehrenmitglied_MartinClaude-375x281.jpg 375w, https:\/\/news.save.ch\/wp-content\/uploads\/2026\/04\/Bild_02_DormanLaura_GraberDominique_Ehrenmitglied_MartinClaude-467x350.jpg 467w, https:\/\/news.save.ch\/wp-content\/uploads\/2026\/04\/Bild_02_DormanLaura_GraberDominique_Ehrenmitglied_MartinClaude-1000x750.jpg 1000w, https:\/\/news.save.ch\/wp-content\/uploads\/2026\/04\/Bild_02_DormanLaura_GraberDominique_Ehrenmitglied_MartinClaude-scaled.jpg 1200w\" sizes=\"auto, (max-width: 680px) 100vw, 680px\" \/><figcaption id=\"caption-attachment-25152\" class=\"wp-caption-text\">Laura Dorman (nouvelle pr\u00e9sidente de swiss safety) en compagnie de Dominique Graber, d\u00e9missionnaire, et de Claude Martin, membre d'honneur (Photo : Markus Good)<\/figcaption><\/figure>\n<p>Les affaires statutaires ont pu \u00eatre trait\u00e9es rapidement. L'association repose sur une base financi\u00e8re solide et peut ais\u00e9ment supporter la perte pr\u00e9vue pour 2026 en raison de d\u00e9penses plus importantes dans le domaine du marketing, de la pr\u00e9sence sur le web et d'activit\u00e9s plus intensives sur les m\u00e9dias sociaux. L'\u00e9volution des membres a \u00e9galement \u00e9t\u00e9 abord\u00e9e. Swiss safety compte actuellement 53 membres actifs, huit membres professionnels, cinq membres passifs et cinq membres d'honneur. En mati\u00e8re de communication et de collaboration avec les organisations partenaires, swiss safety a \u00e9galement pu continuer \u00e0 travailler sur une bonne base et intensifier ses relations.<\/p>\n<h3>Points forts du travail de l'association<\/h3>\n<p>L'ann\u00e9e derni\u00e8re, le travail de l'association a \u00e9galement mis l'accent sur le nouveau concept de formation pour les membres. Un nouvel \u00abatelier de vente d'EPI\u00bb a \u00e9t\u00e9 lanc\u00e9 \u00e0 cet effet. La premi\u00e8re \u00e9dition de cet atelier a suscit\u00e9 un grand int\u00e9r\u00eat. Des manifestations de suivi sont donc pr\u00e9vues. La bo\u00eete \u00e0 outils \u00e9lectronique, un ouvrage de r\u00e9f\u00e9rence en ligne sur l'utilisation des \u00e9quipements de protection individuelle (EPI) lanc\u00e9 par l'association il y a quelques ann\u00e9es et librement accessible \u00e0 toutes les personnes int\u00e9ress\u00e9es, est \u00e9galement tr\u00e8s pris\u00e9e par l'association et propose des mesures de sensibilisation sur le march\u00e9 afin d'attirer l'attention des collaborateurs \u00e0 risque sur l'utilisation efficace des EPI. Les vid\u00e9os d'apprentissage, en particulier, offrent un soutien pr\u00e9cieux pour les formations et la transmission pratique des connaissances techniques.<\/p>\n<figure id=\"attachment_25153\" aria-describedby=\"caption-attachment-25153\" style=\"width: 680px\" class=\"wp-caption alignnone\"><img loading=\"lazy\" decoding=\"async\" class=\"wp-image-25153 size-medium\" src=\"https:\/\/news.save.ch\/wp-content\/uploads\/2026\/04\/Bild_03_GV_swiss_safety_Luzern-680x510.jpg\" alt=\"\" width=\"680\" height=\"510\" srcset=\"https:\/\/news.save.ch\/wp-content\/uploads\/2026\/04\/Bild_03_GV_swiss_safety_Luzern-680x510.jpg 680w, https:\/\/news.save.ch\/wp-content\/uploads\/2026\/04\/Bild_03_GV_swiss_safety_Luzern-1024x768.jpg 1024w, https:\/\/news.save.ch\/wp-content\/uploads\/2026\/04\/Bild_03_GV_swiss_safety_Luzern-768x576.jpg 768w, https:\/\/news.save.ch\/wp-content\/uploads\/2026\/04\/Bild_03_GV_swiss_safety_Luzern-1536x1152.jpg 1536w, https:\/\/news.save.ch\/wp-content\/uploads\/2026\/04\/Bild_03_GV_swiss_safety_Luzern-2048x1536.jpg 2048w, https:\/\/news.save.ch\/wp-content\/uploads\/2026\/04\/Bild_03_GV_swiss_safety_Luzern-16x12.jpg 16w, https:\/\/news.save.ch\/wp-content\/uploads\/2026\/04\/Bild_03_GV_swiss_safety_Luzern-375x281.jpg 375w, https:\/\/news.save.ch\/wp-content\/uploads\/2026\/04\/Bild_03_GV_swiss_safety_Luzern-467x350.jpg 467w, https:\/\/news.save.ch\/wp-content\/uploads\/2026\/04\/Bild_03_GV_swiss_safety_Luzern-1000x750.jpg 1000w, https:\/\/news.save.ch\/wp-content\/uploads\/2026\/04\/Bild_03_GV_swiss_safety_Luzern-scaled.jpg 1200w\" sizes=\"auto, (max-width: 680px) 100vw, 680px\" \/><figcaption id=\"caption-attachment-25153\" class=\"wp-caption-text\">Partie ordinaire de l'assembl\u00e9e g\u00e9n\u00e9rale anniversaire de swiss safety au KKL de Lucerne (photo : Markus Good)<\/figcaption><\/figure>\n<p>&nbsp;<\/p>\n<p>Un moment particulier de l'assembl\u00e9e g\u00e9n\u00e9rale anniversaire a \u00e9t\u00e9 le d\u00e9part de Dominique Graber de la pr\u00e9sidence. Il a \u00e9t\u00e9 actif pendant pr\u00e8s de 15 ans en tant que pr\u00e9sident de l'association et s'\u00e9tait d\u00e9j\u00e0 engag\u00e9 auparavant pendant plusieurs ann\u00e9es au sein du comit\u00e9 directeur. Durant cette p\u00e9riode, il a apport\u00e9 beaucoup d'\u00e9lan au travail de l'association, a lanc\u00e9 de nombreuses activit\u00e9s dans l'esprit de swiss safety et les a mises en \u0153uvre avec succ\u00e8s en collaboration avec le comit\u00e9. Dominique Graber a maintenant d\u00e9missionn\u00e9 de son poste. Son coll\u00e8gue du comit\u00e9 Ralph Jaschek a rendu hommage \u00e0 son grand engagement dans un \u00e9loge \u00e9logieux. Dominique Graber a ensuite \u00e9t\u00e9 nomm\u00e9 nouveau membre d'honneur sous un tonnerre d'applaudissements.<\/p>\n<p>Denis B\u00fcrgi, qui a marqu\u00e9 l'association de son empreinte pendant plus d'une d\u00e9cennie, a \u00e9galement pris cong\u00e9 du comit\u00e9. Son engagement a \u00e9galement \u00e9t\u00e9 salu\u00e9 par son coll\u00e8gue du comit\u00e9 Ralph Jaschek dans un \u00e9loge. L'assembl\u00e9e a remerci\u00e9 chaleureusement ces deux personnalit\u00e9s pour leur engagement de longue date, leurs m\u00e9rites et leur attachement \u00e0 swiss safety.<\/p>\n<h3>\u00c9lection d'une nouvelle pr\u00e9sidente<\/h3>\n<p>En raison de ces deux d\u00e9parts, les \u00e9lections ont \u00e9t\u00e9 au centre de l'attention. Laura Dorman a \u00e9t\u00e9 \u00e9lue nouvelle pr\u00e9sidente de swiss safety. Elle reprend la pr\u00e9sidence de Dominique Graber et conduira l'association dans la prochaine phase. Elle se d\u00e9crit elle-m\u00eame comme une passionn\u00e9e d'EPI. Avec l'association et tous les membres, elle continue \u00e0 s'engager pour que seuls des EPI certifi\u00e9s et de haute qualit\u00e9 soient utilis\u00e9s et vendus en Suisse. Stefan Bissig de Zeder AG et Lisa Weber de W\u00fcrth AG Suisse ont \u00e9t\u00e9 nouvellement \u00e9lus au comit\u00e9 directeur. Les membres actuels du comit\u00e9 directeur, Ralf W. Jaschek, Yves Schwarz, Sandro Natuzzi et Alois Benz, ont \u00e9t\u00e9 r\u00e9\u00e9lus.<\/p>\n<p>Dans le cadre du programme annuel, les prochaines activit\u00e9s et les points forts ont \u00e9t\u00e9 pr\u00e9sent\u00e9s. Un regard particulier a en outre \u00e9t\u00e9 port\u00e9 sur la chronique des 50 derni\u00e8res ann\u00e9es, qui documente le d\u00e9veloppement de l'association et les \u00e9tapes importantes de son histoire.<\/p>\n<p>L'assembl\u00e9e g\u00e9n\u00e9rale anniversaire a \u00e9t\u00e9 enrichie par diff\u00e9rents messages de bienvenue. Simon Schnyder, de l'Union suisse des arts et m\u00e9tiers, a salu\u00e9 l'engagement de swiss safety. Il a soulign\u00e9 combien il \u00e9tait important que la protection ne reste pas purement th\u00e9orique, mais qu'elle soit effectivement appliqu\u00e9e sur le march\u00e9 gr\u00e2ce \u00e0 des solutions pragmatiques. Marcel Knecht, de l'Association suisse de normalisation, a soulign\u00e9 l'importance des normes en tant que base de la qualit\u00e9 et de la s\u00e9curit\u00e9 ainsi que comme pi\u00e8ce unique mais importante du puzzle, \u00e9galement dans le domaine des \u00e9quipements de protection individuelle. Le m\u00e9rite revient en outre \u00e0 swiss safety, dont les activit\u00e9s de sensibilisation et la mise sur le march\u00e9 d'EPI certifi\u00e9s et de haute qualit\u00e9 contribuent \u00e0 accro\u00eetre la s\u00e9curit\u00e9 sur le lieu de travail. Et Henk Vanhoutte de la F\u00e9d\u00e9ration europ\u00e9enne de la s\u00e9curit\u00e9 a soulign\u00e9 l'importance d'un r\u00e9seau fort comme swiss safety. Selon lui, c'est justement dans une branche sp\u00e9cialis\u00e9e que l'\u00e9change entre les membres, les partenaires et les institutions est essentiel pour d\u00e9velopper ensemble des solutions efficaces et renforcer durablement la s\u00e9curit\u00e9.<\/p>\n<figure id=\"attachment_25154\" aria-describedby=\"caption-attachment-25154\" style=\"width: 680px\" class=\"wp-caption alignnone\"><img loading=\"lazy\" decoding=\"async\" class=\"wp-image-25154 size-medium\" src=\"https:\/\/news.save.ch\/wp-content\/uploads\/2026\/04\/Bild_04_Fuehrung_KKL-680x510.jpg\" alt=\"\" width=\"680\" height=\"510\" srcset=\"https:\/\/news.save.ch\/wp-content\/uploads\/2026\/04\/Bild_04_Fuehrung_KKL-680x510.jpg 680w, https:\/\/news.save.ch\/wp-content\/uploads\/2026\/04\/Bild_04_Fuehrung_KKL-1024x768.jpg 1024w, https:\/\/news.save.ch\/wp-content\/uploads\/2026\/04\/Bild_04_Fuehrung_KKL-768x576.jpg 768w, https:\/\/news.save.ch\/wp-content\/uploads\/2026\/04\/Bild_04_Fuehrung_KKL-1536x1152.jpg 1536w, https:\/\/news.save.ch\/wp-content\/uploads\/2026\/04\/Bild_04_Fuehrung_KKL-2048x1536.jpg 2048w, https:\/\/news.save.ch\/wp-content\/uploads\/2026\/04\/Bild_04_Fuehrung_KKL-16x12.jpg 16w, https:\/\/news.save.ch\/wp-content\/uploads\/2026\/04\/Bild_04_Fuehrung_KKL-375x281.jpg 375w, https:\/\/news.save.ch\/wp-content\/uploads\/2026\/04\/Bild_04_Fuehrung_KKL-467x350.jpg 467w, https:\/\/news.save.ch\/wp-content\/uploads\/2026\/04\/Bild_04_Fuehrung_KKL-1000x750.jpg 1000w, https:\/\/news.save.ch\/wp-content\/uploads\/2026\/04\/Bild_04_Fuehrung_KKL-scaled.jpg 1200w\" sizes=\"auto, (max-width: 680px) 100vw, 680px\" \/><figcaption id=\"caption-attachment-25154\" class=\"wp-caption-text\">Visite guid\u00e9e du KKL \u00e0 l'occasion de l'AG de swiss safety (photo : Markus Good)<\/figcaption><\/figure>\n<p>Lors de sa 50e assembl\u00e9e g\u00e9n\u00e9rale, swiss safety a non seulement jet\u00e9 un regard r\u00e9trospectif sur un demi-si\u00e8cle d'histoire de l'association, mais a \u00e9galement pos\u00e9 les jalons pour l'avenir. L'assembl\u00e9e anniversaire au KKL de Lucerne a clairement montr\u00e9 que l'association dispose d'un r\u00e9seau solide, de membres engag\u00e9s et d'une orientation claire vers des solutions pratiques et efficaces dans le domaine des \u00e9quipements de protection individuelle.<\/p>\n<p>Apr\u00e8s la partie officielle, les participants ont eu un aper\u00e7u int\u00e9ressant de l'architecture, de l'histoire et du fonctionnement du c\u00e9l\u00e8bre centre de culture et de congr\u00e8s lors d'une visite guid\u00e9e passionnante du KKL Luzern. La transition s'est ensuite faite vers un ap\u00e9ritif qui a \u00e9t\u00e9 l'occasion d'\u00e9changes et de discussions personnelles. Les festivit\u00e9s se sont ensuite termin\u00e9es de mani\u00e8re m\u00e9morable sur le bateau, avec un d\u00e9jeuner commun et de nombreuses discussions stimulantes. C'est ainsi que le jubil\u00e9 \u00ab50 ans de swiss safety\u00bb a \u00e9t\u00e9 f\u00eat\u00e9 dans un cadre digne et a connu une conclusion impressionnante.<\/p>","protected":false},"excerpt":{"rendered":"<p>Die statutarischen Gesch\u00e4fte konnten speditiv behandelt werden. Der Verband steht auf einem soliden finanziellen Fundament und kann den f\u00fcr 2026 budgetierten Verlust aufgrund gr\u00f6sserer Aufwendungen im Bereich Marketing, Webauftritt und intensiveren Aktivit\u00e4ten auf Social Media locker verkraften. Auch die Mitgliederentwicklung wurde thematisiert. Swiss safety z\u00e4hlt aktuell 53 Aktivmitglieder, acht Fachmitglieder, f\u00fcnf Passivmitglieder sowie f\u00fcnf Ehrenmitglieder. [&hellip;]<\/p>\n","protected":false},"author":31,"featured_media":0,"comment_status":"closed","ping_status":"closed","sticky":false,"template":"","format":"standard","meta":{"_acf_changed":false,"pgc_sgb_lightbox_settings":"","footnotes":""},"categories":[3317],"tags":[2722,3052],"class_list":["post-25150","post","type-post","status-publish","format-standard","hentry","category-friends","tag-psa","tag-swiss-safety"],"acf":[],"hkrextid":null,"publication":null,"issue":null,"workflow":null,"startPage":null,"spitzmarke":null,"_posts_by_tag_page_fields":null,"_at_widget":null,"_yoast_wpseo_primary_category":"3317","_yoast_wpseo_focuskw_text_input":null,"_yoast_wpseo_opengraph-image":null,"_yoast_wpseo_opengraph-description":null,"_yoast_wpseo_opengraph-title":null,"enclosure":null,"_yoast_wpseo_twitter-title":null,"_yoast_wpseo_twitter-description":null,"_yoast_wpseo_twitter-image":null,"_wp_old_slug":null,"_yoast_wpseo_title":null,"_yoast_wpseo_canonical":null,"yoast_head":"<!-- This site is optimized with the Yoast SEO plugin v27.4 - https:\/\/yoast.com\/product\/yoast-seo-wordpress\/ -->\n<title>Jubil\u00e4ums-GV von swiss safety im KKL Luzern - Save<\/title>\n<meta name=\"description\" content=\"Die 50. Generalversammlung des Branchenverbands swiss safety fand am 24. April 2026 im KKL Luzern statt.\" \/>\n<meta name=\"robots\" content=\"index, follow, max-snippet:-1, max-image-preview:large, max-video-preview:-1\" \/>\n<link rel=\"canonical\" href=\"https:\/\/news.save.ch\/fr\/jubilaeums-gv-von-swiss-safety-im-kkl-luzern\/\" \/>\n<meta property=\"og:locale\" content=\"fr_FR\" \/>\n<meta property=\"og:type\" content=\"article\" \/>\n<meta property=\"og:title\" content=\"Jubil\u00e4ums-GV von swiss safety im KKL Luzern - Save\" \/>\n<meta property=\"og:description\" content=\"Die 50. Generalversammlung des Branchenverbands swiss safety fand am 24. April 2026 im KKL Luzern statt.\" \/>\n<meta property=\"og:url\" content=\"https:\/\/news.save.ch\/fr\/jubilaeums-gv-von-swiss-safety-im-kkl-luzern\/\" \/>\n<meta property=\"og:site_name\" content=\"Save\" \/>\n<meta property=\"article:published_time\" content=\"2026-04-27T11:31:11+00:00\" \/>\n<meta property=\"og:image\" content=\"https:\/\/news.save.ch\/wp-content\/uploads\/2026\/04\/Bild_02_DormanLaura_GraberDominique_Ehrenmitglied_MartinClaude-scaled.jpg\" \/>\n\t<meta property=\"og:image:width\" content=\"1200\" \/>\n\t<meta property=\"og:image:height\" content=\"900\" \/>\n\t<meta property=\"og:image:type\" content=\"image\/jpeg\" \/>\n<meta name=\"author\" content=\"stefanie Zeng\" \/>\n<meta name=\"twitter:card\" content=\"summary_large_image\" \/>\n<meta name=\"twitter:label1\" content=\"\u00c9crit par\" \/>\n\t<meta name=\"twitter:data1\" content=\"stefanie Zeng\" \/>\n\t<meta name=\"twitter:label2\" content=\"Dur\u00e9e de lecture estim\u00e9e\" \/>\n\t<meta name=\"twitter:data2\" content=\"6 minutes\" \/>\n<script type=\"application\/ld+json\" class=\"yoast-schema-graph\">{\"@context\":\"https:\\\/\\\/schema.org\",\"@graph\":[{\"@type\":\"Article\",\"@id\":\"https:\\\/\\\/news.save.ch\\\/jubilaeums-gv-von-swiss-safety-im-kkl-luzern\\\/#article\",\"isPartOf\":{\"@id\":\"https:\\\/\\\/news.save.ch\\\/jubilaeums-gv-von-swiss-safety-im-kkl-luzern\\\/\"},\"author\":{\"name\":\"stefanie Zeng\",\"@id\":\"https:\\\/\\\/news.save.ch\\\/de\\\/#\\\/schema\\\/person\\\/10917387362b3961e882740f6cf6f2a2\"},\"headline\":\"Jubil\u00e4ums-GV von swiss safety im KKL Luzern\",\"datePublished\":\"2026-04-27T11:31:11+00:00\",\"mainEntityOfPage\":{\"@id\":\"https:\\\/\\\/news.save.ch\\\/jubilaeums-gv-von-swiss-safety-im-kkl-luzern\\\/\"},\"wordCount\":886,\"publisher\":{\"@id\":\"https:\\\/\\\/news.save.ch\\\/de\\\/#organization\"},\"image\":{\"@id\":\"https:\\\/\\\/news.save.ch\\\/jubilaeums-gv-von-swiss-safety-im-kkl-luzern\\\/#primaryimage\"},\"thumbnailUrl\":\"https:\\\/\\\/news.save.ch\\\/wp-content\\\/uploads\\\/2026\\\/04\\\/Bild_02_DormanLaura_GraberDominique_Ehrenmitglied_MartinClaude-680x510.jpg\",\"keywords\":[\"PSA\",\"Swiss Safety\"],\"articleSection\":[\"FRIENDS\"],\"inLanguage\":\"fr-FR\"},{\"@type\":\"WebPage\",\"@id\":\"https:\\\/\\\/news.save.ch\\\/jubilaeums-gv-von-swiss-safety-im-kkl-luzern\\\/\",\"url\":\"https:\\\/\\\/news.save.ch\\\/jubilaeums-gv-von-swiss-safety-im-kkl-luzern\\\/\",\"name\":\"Jubil\u00e4ums-GV von swiss safety im KKL Luzern - Save\",\"isPartOf\":{\"@id\":\"https:\\\/\\\/news.save.ch\\\/de\\\/#website\"},\"primaryImageOfPage\":{\"@id\":\"https:\\\/\\\/news.save.ch\\\/jubilaeums-gv-von-swiss-safety-im-kkl-luzern\\\/#primaryimage\"},\"image\":{\"@id\":\"https:\\\/\\\/news.save.ch\\\/jubilaeums-gv-von-swiss-safety-im-kkl-luzern\\\/#primaryimage\"},\"thumbnailUrl\":\"https:\\\/\\\/news.save.ch\\\/wp-content\\\/uploads\\\/2026\\\/04\\\/Bild_02_DormanLaura_GraberDominique_Ehrenmitglied_MartinClaude-680x510.jpg\",\"datePublished\":\"2026-04-27T11:31:11+00:00\",\"description\":\"Die 50. Generalversammlung des Branchenverbands swiss safety fand am 24. April 2026 im KKL Luzern statt.\",\"breadcrumb\":{\"@id\":\"https:\\\/\\\/news.save.ch\\\/jubilaeums-gv-von-swiss-safety-im-kkl-luzern\\\/#breadcrumb\"},\"inLanguage\":\"fr-FR\",\"potentialAction\":[{\"@type\":\"ReadAction\",\"target\":[\"https:\\\/\\\/news.save.ch\\\/jubilaeums-gv-von-swiss-safety-im-kkl-luzern\\\/\"]}]},{\"@type\":\"ImageObject\",\"inLanguage\":\"fr-FR\",\"@id\":\"https:\\\/\\\/news.save.ch\\\/jubilaeums-gv-von-swiss-safety-im-kkl-luzern\\\/#primaryimage\",\"url\":\"https:\\\/\\\/news.save.ch\\\/wp-content\\\/uploads\\\/2026\\\/04\\\/Bild_02_DormanLaura_GraberDominique_Ehrenmitglied_MartinClaude-680x510.jpg\",\"contentUrl\":\"https:\\\/\\\/news.save.ch\\\/wp-content\\\/uploads\\\/2026\\\/04\\\/Bild_02_DormanLaura_GraberDominique_Ehrenmitglied_MartinClaude-680x510.jpg\"},{\"@type\":\"BreadcrumbList\",\"@id\":\"https:\\\/\\\/news.save.ch\\\/jubilaeums-gv-von-swiss-safety-im-kkl-luzern\\\/#breadcrumb\",\"itemListElement\":[{\"@type\":\"ListItem\",\"position\":1,\"name\":\"Home\",\"item\":\"https:\\\/\\\/news.save.ch\\\/de\\\/\"},{\"@type\":\"ListItem\",\"position\":2,\"name\":\"Jubil\u00e4ums-GV von swiss safety im KKL Luzern\"}]},{\"@type\":\"WebSite\",\"@id\":\"https:\\\/\\\/news.save.ch\\\/de\\\/#website\",\"url\":\"https:\\\/\\\/news.save.ch\\\/de\\\/\",\"name\":\"Save\",\"description\":\"Schweizer Fachzeitschrift f\u00fcr Sicherheit\",\"publisher\":{\"@id\":\"https:\\\/\\\/news.save.ch\\\/de\\\/#organization\"},\"potentialAction\":[{\"@type\":\"SearchAction\",\"target\":{\"@type\":\"EntryPoint\",\"urlTemplate\":\"https:\\\/\\\/news.save.ch\\\/de\\\/?s={search_term_string}\"},\"query-input\":{\"@type\":\"PropertyValueSpecification\",\"valueRequired\":true,\"valueName\":\"search_term_string\"}}],\"inLanguage\":\"fr-FR\"},{\"@type\":\"Organization\",\"@id\":\"https:\\\/\\\/news.save.ch\\\/de\\\/#organization\",\"name\":\"Sicherheitsforum\",\"url\":\"https:\\\/\\\/news.save.ch\\\/de\\\/\",\"logo\":{\"@type\":\"ImageObject\",\"inLanguage\":\"fr-FR\",\"@id\":\"https:\\\/\\\/news.save.ch\\\/de\\\/#\\\/schema\\\/logo\\\/image\\\/\",\"url\":\"https:\\\/\\\/news.save.ch\\\/wp-content\\\/uploads\\\/2022\\\/06\\\/Logo_SF_2012.png\",\"contentUrl\":\"https:\\\/\\\/news.save.ch\\\/wp-content\\\/uploads\\\/2022\\\/06\\\/Logo_SF_2012.png\",\"width\":1100,\"height\":91,\"caption\":\"Sicherheitsforum\"},\"image\":{\"@id\":\"https:\\\/\\\/news.save.ch\\\/de\\\/#\\\/schema\\\/logo\\\/image\\\/\"}},{\"@type\":\"Person\",\"@id\":\"https:\\\/\\\/news.save.ch\\\/de\\\/#\\\/schema\\\/person\\\/10917387362b3961e882740f6cf6f2a2\",\"name\":\"stefanie Zeng\",\"image\":{\"@type\":\"ImageObject\",\"inLanguage\":\"fr-FR\",\"@id\":\"https:\\\/\\\/secure.gravatar.com\\\/avatar\\\/eac43faa6e40bb2c41068c95c9d78bbd94c476d5efdff7abaab80bb3ea681e06?s=96&d=mm&r=g\",\"url\":\"https:\\\/\\\/secure.gravatar.com\\\/avatar\\\/eac43faa6e40bb2c41068c95c9d78bbd94c476d5efdff7abaab80bb3ea681e06?s=96&d=mm&r=g\",\"contentUrl\":\"https:\\\/\\\/secure.gravatar.com\\\/avatar\\\/eac43faa6e40bb2c41068c95c9d78bbd94c476d5efdff7abaab80bb3ea681e06?s=96&d=mm&r=g\",\"caption\":\"stefanie Zeng\"},\"url\":\"https:\\\/\\\/news.save.ch\\\/fr\\\/author\\\/stefanie-zeng\\\/\"}]}<\/script>\n<!-- \/ Yoast SEO plugin. -->","yoast_head_json":{"title":"AG anniversaire de swiss safety au KKL Lucerne - Save","description":"La 50e assembl\u00e9e g\u00e9n\u00e9rale de l'association sectorielle swiss safety a eu lieu le 24 avril 2026 au KKL Luzern.","robots":{"index":"index","follow":"follow","max-snippet":"max-snippet:-1","max-image-preview":"max-image-preview:large","max-video-preview":"max-video-preview:-1"},"canonical":"https:\/\/news.save.ch\/fr\/jubilaeums-gv-von-swiss-safety-im-kkl-luzern\/","og_locale":"fr_FR","og_type":"article","og_title":"Jubil\u00e4ums-GV von swiss safety im KKL Luzern - Save","og_description":"Die 50. Generalversammlung des Branchenverbands swiss safety fand am 24. April 2026 im KKL Luzern statt.","og_url":"https:\/\/news.save.ch\/fr\/jubilaeums-gv-von-swiss-safety-im-kkl-luzern\/","og_site_name":"Save","article_published_time":"2026-04-27T11:31:11+00:00","og_image":[{"width":1200,"height":900,"url":"https:\/\/news.save.ch\/wp-content\/uploads\/2026\/04\/Bild_02_DormanLaura_GraberDominique_Ehrenmitglied_MartinClaude-scaled.jpg","type":"image\/jpeg"}],"author":"stefanie Zeng","twitter_card":"summary_large_image","twitter_misc":{"\u00c9crit par":"stefanie Zeng","Dur\u00e9e de lecture estim\u00e9e":"6 minutes"},"schema":{"@context":"https:\/\/schema.org","@graph":[{"@type":"Article","@id":"https:\/\/news.save.ch\/jubilaeums-gv-von-swiss-safety-im-kkl-luzern\/#article","isPartOf":{"@id":"https:\/\/news.save.ch\/jubilaeums-gv-von-swiss-safety-im-kkl-luzern\/"},"author":{"name":"stefanie Zeng","@id":"https:\/\/news.save.ch\/de\/#\/schema\/person\/10917387362b3961e882740f6cf6f2a2"},"headline":"Jubil\u00e4ums-GV von swiss safety im KKL Luzern","datePublished":"2026-04-27T11:31:11+00:00","mainEntityOfPage":{"@id":"https:\/\/news.save.ch\/jubilaeums-gv-von-swiss-safety-im-kkl-luzern\/"},"wordCount":886,"publisher":{"@id":"https:\/\/news.save.ch\/de\/#organization"},"image":{"@id":"https:\/\/news.save.ch\/jubilaeums-gv-von-swiss-safety-im-kkl-luzern\/#primaryimage"},"thumbnailUrl":"https:\/\/news.save.ch\/wp-content\/uploads\/2026\/04\/Bild_02_DormanLaura_GraberDominique_Ehrenmitglied_MartinClaude-680x510.jpg","keywords":["PSA","Swiss Safety"],"articleSection":["FRIENDS"],"inLanguage":"fr-FR"},{"@type":"WebPage","@id":"https:\/\/news.save.ch\/jubilaeums-gv-von-swiss-safety-im-kkl-luzern\/","url":"https:\/\/news.save.ch\/jubilaeums-gv-von-swiss-safety-im-kkl-luzern\/","name":"AG anniversaire de swiss safety au KKL Lucerne - Save","isPartOf":{"@id":"https:\/\/news.save.ch\/de\/#website"},"primaryImageOfPage":{"@id":"https:\/\/news.save.ch\/jubilaeums-gv-von-swiss-safety-im-kkl-luzern\/#primaryimage"},"image":{"@id":"https:\/\/news.save.ch\/jubilaeums-gv-von-swiss-safety-im-kkl-luzern\/#primaryimage"},"thumbnailUrl":"https:\/\/news.save.ch\/wp-content\/uploads\/2026\/04\/Bild_02_DormanLaura_GraberDominique_Ehrenmitglied_MartinClaude-680x510.jpg","datePublished":"2026-04-27T11:31:11+00:00","description":"La 50e assembl\u00e9e g\u00e9n\u00e9rale de l'association sectorielle swiss safety a eu lieu le 24 avril 2026 au KKL Luzern.","breadcrumb":{"@id":"https:\/\/news.save.ch\/jubilaeums-gv-von-swiss-safety-im-kkl-luzern\/#breadcrumb"},"inLanguage":"fr-FR","potentialAction":[{"@type":"ReadAction","target":["https:\/\/news.save.ch\/jubilaeums-gv-von-swiss-safety-im-kkl-luzern\/"]}]},{"@type":"ImageObject","inLanguage":"fr-FR","@id":"https:\/\/news.save.ch\/jubilaeums-gv-von-swiss-safety-im-kkl-luzern\/#primaryimage","url":"https:\/\/news.save.ch\/wp-content\/uploads\/2026\/04\/Bild_02_DormanLaura_GraberDominique_Ehrenmitglied_MartinClaude-680x510.jpg","contentUrl":"https:\/\/news.save.ch\/wp-content\/uploads\/2026\/04\/Bild_02_DormanLaura_GraberDominique_Ehrenmitglied_MartinClaude-680x510.jpg"},{"@type":"BreadcrumbList","@id":"https:\/\/news.save.ch\/jubilaeums-gv-von-swiss-safety-im-kkl-luzern\/#breadcrumb","itemListElement":[{"@type":"ListItem","position":1,"name":"Home","item":"https:\/\/news.save.ch\/de\/"},{"@type":"ListItem","position":2,"name":"Jubil\u00e4ums-GV von swiss safety im KKL Luzern"}]},{"@type":"WebSite","@id":"https:\/\/news.save.ch\/de\/#website","url":"https:\/\/news.save.ch\/de\/","name":"Save","description":"Revue suisse sp\u00e9cialis\u00e9e dans la s\u00e9curit\u00e9","publisher":{"@id":"https:\/\/news.save.ch\/de\/#organization"},"potentialAction":[{"@type":"SearchAction","target":{"@type":"EntryPoint","urlTemplate":"https:\/\/news.save.ch\/de\/?s={search_term_string}"},"query-input":{"@type":"PropertyValueSpecification","valueRequired":true,"valueName":"search_term_string"}}],"inLanguage":"fr-FR"},{"@type":"Organization","@id":"https:\/\/news.save.ch\/de\/#organization","name":"Forum sur la s\u00e9curit\u00e9","url":"https:\/\/news.save.ch\/de\/","logo":{"@type":"ImageObject","inLanguage":"fr-FR","@id":"https:\/\/news.save.ch\/de\/#\/schema\/logo\/image\/","url":"https:\/\/news.save.ch\/wp-content\/uploads\/2022\/06\/Logo_SF_2012.png","contentUrl":"https:\/\/news.save.ch\/wp-content\/uploads\/2022\/06\/Logo_SF_2012.png","width":1100,"height":91,"caption":"Sicherheitsforum"},"image":{"@id":"https:\/\/news.save.ch\/de\/#\/schema\/logo\/image\/"}},{"@type":"Person","@id":"https:\/\/news.save.ch\/de\/#\/schema\/person\/10917387362b3961e882740f6cf6f2a2","name":"stefanie Zeng","image":{"@type":"ImageObject","inLanguage":"fr-FR","@id":"https:\/\/secure.gravatar.com\/avatar\/eac43faa6e40bb2c41068c95c9d78bbd94c476d5efdff7abaab80bb3ea681e06?s=96&d=mm&r=g","url":"https:\/\/secure.gravatar.com\/avatar\/eac43faa6e40bb2c41068c95c9d78bbd94c476d5efdff7abaab80bb3ea681e06?s=96&d=mm&r=g","contentUrl":"https:\/\/secure.gravatar.com\/avatar\/eac43faa6e40bb2c41068c95c9d78bbd94c476d5efdff7abaab80bb3ea681e06?s=96&d=mm&r=g","caption":"stefanie Zeng"},"url":"https:\/\/news.save.ch\/fr\/author\/stefanie-zeng\/"}]}},"_links":{"self":[{"href":"https:\/\/news.save.ch\/fr\/wp-json\/wp\/v2\/posts\/25150","targetHints":{"allow":["GET"]}}],"collection":[{"href":"https:\/\/news.save.ch\/fr\/wp-json\/wp\/v2\/posts"}],"about":[{"href":"https:\/\/news.save.ch\/fr\/wp-json\/wp\/v2\/types\/post"}],"author":[{"embeddable":true,"href":"https:\/\/news.save.ch\/fr\/wp-json\/wp\/v2\/users\/31"}],"replies":[{"embeddable":true,"href":"https:\/\/news.save.ch\/fr\/wp-json\/wp\/v2\/comments?post=25150"}],"version-history":[{"count":1,"href":"https:\/\/news.save.ch\/fr\/wp-json\/wp\/v2\/posts\/25150\/revisions"}],"predecessor-version":[{"id":25156,"href":"https:\/\/news.save.ch\/fr\/wp-json\/wp\/v2\/posts\/25150\/revisions\/25156"}],"wp:attachment":[{"href":"https:\/\/news.save.ch\/fr\/wp-json\/wp\/v2\/media?parent=25150"}],"wp:term":[{"taxonomy":"category","embeddable":true,"href":"https:\/\/news.save.ch\/fr\/wp-json\/wp\/v2\/categories?post=25150"},{"taxonomy":"post_tag","embeddable":true,"href":"https:\/\/news.save.ch\/fr\/wp-json\/wp\/v2\/tags?post=25150"}],"curies":[{"name":"wp","href":"https:\/\/api.w.org\/{rel}","templated":true}]}}