{"id":25157,"date":"2026-04-28T10:33:37","date_gmt":"2026-04-28T08:33:37","guid":{"rendered":"https:\/\/news.save.ch\/?p=25157"},"modified":"2026-04-28T10:33:37","modified_gmt":"2026-04-28T08:33:37","slug":"organisierte-kriminalitaet-fedpol-jahresbericht-2025","status":null,"type":"post","link":"https:\/\/news.save.ch\/fr\/organisierte-kriminalitaet-fedpol-jahresbericht-2025\/","title":{"rendered":"Criminalit\u00e9 organis\u00e9e : rapport annuel 2025 de fedpol"},"content":{"rendered":"<section id=\"doc-1jm5dojgg0\" class=\"hero hero--default\">\n<div class=\"container container--grid gap--responsive\">\n<div class=\"hero__content\">\n<figure id=\"attachment_25158\" aria-describedby=\"caption-attachment-25158\" style=\"width: 680px\" class=\"wp-caption alignnone\"><img loading=\"lazy\" decoding=\"async\" class=\"size-medium wp-image-25158\" src=\"https:\/\/news.save.ch\/wp-content\/uploads\/2026\/04\/Depositphotos_593207568_S-680x367.jpg\" alt=\"\" width=\"680\" height=\"367\" srcset=\"https:\/\/news.save.ch\/wp-content\/uploads\/2026\/04\/Depositphotos_593207568_S-680x367.jpg 680w, https:\/\/news.save.ch\/wp-content\/uploads\/2026\/04\/Depositphotos_593207568_S-768x414.jpg 768w, https:\/\/news.save.ch\/wp-content\/uploads\/2026\/04\/Depositphotos_593207568_S-18x10.jpg 18w, https:\/\/news.save.ch\/wp-content\/uploads\/2026\/04\/Depositphotos_593207568_S-375x202.jpg 375w, https:\/\/news.save.ch\/wp-content\/uploads\/2026\/04\/Depositphotos_593207568_S-649x350.jpg 649w, https:\/\/news.save.ch\/wp-content\/uploads\/2026\/04\/Depositphotos_593207568_S.jpg 1000w\" sizes=\"auto, (max-width: 680px) 100vw, 680px\" \/><figcaption id=\"caption-attachment-25158\" class=\"wp-caption-text\">Photo : depositphotos\/4kclips<\/figcaption><\/figure>\n<p>&nbsp;<\/p>\n<p class=\"font--regular hero__description\">\n<\/div>\n<\/div>\n<\/section>\n<section class=\"section section--default\">\n<div class=\"container container--grid gap--responsive\">\n<div class=\"container__center--xs vertical-spacing\">\n<p id=\"doc-1jm5dpf660\" class=\"font--regular\">Les trafiquants d'\u00eatres humains qui exploitent leurs victimes, notamment dans le travail du sexe ; les organisations criminelles qui blanchissent des fonds ill\u00e9gaux en investissant dans l'immobilier et les produits de luxe ; les cybercriminels qui attaquent de mani\u00e8re cibl\u00e9e les sites web suisses et les jeunes qui sont recrut\u00e9s pour commettre des infractions via les m\u00e9dias sociaux. Le crime organis\u00e9 (CO) a de nombreux visages - fedpol agit r\u00e9solument contre lui.<\/p>\n<p id=\"doc-1jm5ds8ub0\" class=\"font--regular\">C'est ce que prouvent les cas que le rapport annuel 2025 pr\u00e9sente de mani\u00e8re approfondie. Il met en lumi\u00e8re la collaboration avec les autorit\u00e9s partenaires, pr\u00e9sente les instruments centraux du travail de la police et donne un aper\u00e7u de l'ann\u00e9e en cours. Il s'agit notamment de l'\u00e9laboration du plan d'action national de lutte contre le crime organis\u00e9 d'ici fin 2026.<\/p>\n<h3 id=\"doc-1jm5e42540\" class=\"h2\">Des recherches internationales aux visites d'\u00c9tat en passant par les colis pi\u00e9g\u00e9s<\/h3>\n<p id=\"doc-1jm5ds8ud0\" class=\"font--regular\">Outre la lutte contre le CO, fedpol est actif dans d'autres domaines de la s\u00e9curit\u00e9 int\u00e9rieure de la Suisse :<\/p>\n<ul id=\"doc-1jm5dsf170\" class=\"list list--default\" title=\"\">\n<li>Un suspect recherch\u00e9 internationalement a v\u00e9cu sous diff\u00e9rents noms d'emprunt dans plusieurs pays europ\u00e9ens - jusqu'\u00e0 ce qu'il soit identifi\u00e9 et arr\u00eat\u00e9 en Suisse gr\u00e2ce \u00e0 des syst\u00e8mes d'information biom\u00e9triques fiables.<\/li>\n<li>Dans un contexte de tensions g\u00e9opolitiques, la Suisse est particuli\u00e8rement sollicit\u00e9e en tant que plaque tournante diplomatique : 1305 personnes prot\u00e9g\u00e9es en vertu du droit international public ont \u00e9t\u00e9 prot\u00e9g\u00e9es par fedpol et ses autorit\u00e9s partenaires en 2025.<\/li>\n<li>Apr\u00e8s des extorsions et des attentats \u00e0 la bombe dans le secteur horloger genevois, fedpol et la police cantonale genevoise ont constitu\u00e9 une task force commune. Dans le cadre de la coop\u00e9ration internationale, il a \u00e9t\u00e9 fait appel, entre autres, \u00e0 des sp\u00e9cialistes d'Europol. Des outils d'analyse modernes permettant de suivre les transactions de cryptomonnaies ont contribu\u00e9 de mani\u00e8re d\u00e9cisive au succ\u00e8s de l'enqu\u00eate.<\/li>\n<\/ul>\n<p id=\"doc-1jm5ds8uf1\" class=\"font--regular\">Ces exemples et d'autres encore le montrent : La coop\u00e9ration nationale et internationale est essentielle pour lutter efficacement contre la criminalit\u00e9. Les chiffres du rapport annuel 2025 le prouvent \u00e9galement : des milliers de recherches abouties dans le Syst\u00e8me d'information Schengen, plusieurs centaines d'interdictions d'entr\u00e9e ainsi que plus de 20 000 communications de soup\u00e7ons en lien avec le blanchiment d'argent, le financement du terrorisme et les fonds d'origine criminelle.<\/p>\n<p id=\"doc-1jm5ds8uf2\" class=\"font--regular\">Vous trouverez le rapport annuel 2025 de fedpol ici : <em><a class=\"link--external\" href=\"https:\/\/fedpol.report\/de\/\" target=\"_blank\" rel=\"external noopener\" aria-label=\"fedpol.report\/fr\/ Ouvrir le lien dans un nouvel onglet\">fedpol.report\/fr<\/a><\/em><\/p>\n<\/div>\n<\/div>\n<\/section>","protected":false},"excerpt":{"rendered":"<p>&nbsp; Menschenh\u00e4ndler, die ihre Opfer unter anderem in der Sexarbeit ausbeuten; kriminelle Organisationen, die illegale Gelder waschen, indem sie in Immobilien und Luxusg\u00fcter investieren; Cyberkriminelle, die gezielt Schweizer Webseiten angreifen und Jugendliche, die \u00fcber soziale Medien f\u00fcr Straftaten rekrutiert werden. Die Organisierte Kriminalit\u00e4t (OK) hat viele Gesichter &#8211; fedpol geht entschieden dagegen vor. Dies belegen [&hellip;]<\/p>\n","protected":false},"author":31,"featured_media":0,"comment_status":"closed","ping_status":"closed","sticky":false,"template":"","format":"standard","meta":{"_acf_changed":false,"pgc_sgb_lightbox_settings":"","footnotes":""},"categories":[3312],"tags":[4107,6529],"class_list":["post-25157","post","type-post","status-publish","format-standard","hentry","category-sicherheit","tag-bundesamt-fuer-polizei-fedpol","tag-organisierte-kriminalitaet"],"acf":[],"hkrextid":null,"publication":null,"issue":null,"workflow":null,"startPage":null,"spitzmarke":null,"_posts_by_tag_page_fields":null,"_at_widget":null,"_yoast_wpseo_primary_category":"3312","_yoast_wpseo_focuskw_text_input":null,"_yoast_wpseo_opengraph-image":null,"_yoast_wpseo_opengraph-description":null,"_yoast_wpseo_opengraph-title":null,"enclosure":null,"_yoast_wpseo_twitter-title":null,"_yoast_wpseo_twitter-description":null,"_yoast_wpseo_twitter-image":null,"_wp_old_slug":null,"_yoast_wpseo_title":null,"_yoast_wpseo_canonical":null,"yoast_head":"<!-- This site is optimized with the Yoast SEO plugin v27.5 - https:\/\/yoast.com\/product\/yoast-seo-wordpress\/ -->\n<title>Organisierte Kriminalit\u00e4t: fedpol Jahresbericht 2025 - Save<\/title>\n<meta name=\"description\" content=\"Der fedpol-Jahresbericht gibt Einblick in F\u00e4lle, Operationen und Zahlen zur Arbeit des Bundesamts f\u00fcr Polizei (fedpol) \u2013 mit besonderem Fokus auf die Bek\u00e4mpfung der Organisierten Kriminalit\u00e4t.\" \/>\n<meta name=\"robots\" content=\"index, follow, max-snippet:-1, max-image-preview:large, max-video-preview:-1\" \/>\n<link rel=\"canonical\" href=\"https:\/\/news.save.ch\/fr\/organisierte-kriminalitaet-fedpol-jahresbericht-2025\/\" \/>\n<meta property=\"og:locale\" content=\"fr_FR\" \/>\n<meta property=\"og:type\" content=\"article\" \/>\n<meta property=\"og:title\" content=\"Organisierte Kriminalit\u00e4t: fedpol Jahresbericht 2025 - Save\" \/>\n<meta property=\"og:description\" content=\"Der fedpol-Jahresbericht gibt Einblick in F\u00e4lle, Operationen und Zahlen zur Arbeit des Bundesamts f\u00fcr Polizei (fedpol) \u2013 mit besonderem Fokus auf die Bek\u00e4mpfung der Organisierten Kriminalit\u00e4t.\" \/>\n<meta property=\"og:url\" content=\"https:\/\/news.save.ch\/fr\/organisierte-kriminalitaet-fedpol-jahresbericht-2025\/\" \/>\n<meta property=\"og:site_name\" content=\"Save\" \/>\n<meta property=\"article:published_time\" content=\"2026-04-28T08:33:37+00:00\" \/>\n<meta property=\"og:image\" content=\"https:\/\/news.save.ch\/wp-content\/uploads\/2026\/04\/Depositphotos_593207568_S.jpg\" \/>\n\t<meta property=\"og:image:width\" content=\"1000\" \/>\n\t<meta property=\"og:image:height\" content=\"539\" \/>\n\t<meta property=\"og:image:type\" content=\"image\/jpeg\" \/>\n<meta name=\"author\" content=\"stefanie Zeng\" \/>\n<meta name=\"twitter:card\" content=\"summary_large_image\" \/>\n<meta name=\"twitter:label1\" content=\"\u00c9crit par\" \/>\n\t<meta name=\"twitter:data1\" content=\"stefanie Zeng\" \/>\n\t<meta name=\"twitter:label2\" content=\"Dur\u00e9e de lecture estim\u00e9e\" \/>\n\t<meta name=\"twitter:data2\" content=\"2 minutes\" \/>\n<script type=\"application\/ld+json\" class=\"yoast-schema-graph\">{\"@context\":\"https:\\\/\\\/schema.org\",\"@graph\":[{\"@type\":\"Article\",\"@id\":\"https:\\\/\\\/news.save.ch\\\/organisierte-kriminalitaet-fedpol-jahresbericht-2025\\\/#article\",\"isPartOf\":{\"@id\":\"https:\\\/\\\/news.save.ch\\\/organisierte-kriminalitaet-fedpol-jahresbericht-2025\\\/\"},\"author\":{\"name\":\"stefanie Zeng\",\"@id\":\"https:\\\/\\\/news.save.ch\\\/de\\\/#\\\/schema\\\/person\\\/10917387362b3961e882740f6cf6f2a2\"},\"headline\":\"Organisierte Kriminalit\u00e4t: fedpol Jahresbericht 2025\",\"datePublished\":\"2026-04-28T08:33:37+00:00\",\"mainEntityOfPage\":{\"@id\":\"https:\\\/\\\/news.save.ch\\\/organisierte-kriminalitaet-fedpol-jahresbericht-2025\\\/\"},\"wordCount\":307,\"publisher\":{\"@id\":\"https:\\\/\\\/news.save.ch\\\/de\\\/#organization\"},\"image\":{\"@id\":\"https:\\\/\\\/news.save.ch\\\/organisierte-kriminalitaet-fedpol-jahresbericht-2025\\\/#primaryimage\"},\"thumbnailUrl\":\"https:\\\/\\\/news.save.ch\\\/wp-content\\\/uploads\\\/2026\\\/04\\\/Depositphotos_593207568_S-680x367.jpg\",\"keywords\":[\"Bundesamt f\u00fcr Polizei (Fedpol)\",\"Organisierte Kriminalit\u00e4t\"],\"articleSection\":[\"SICHERHEIT\"],\"inLanguage\":\"fr-FR\"},{\"@type\":\"WebPage\",\"@id\":\"https:\\\/\\\/news.save.ch\\\/organisierte-kriminalitaet-fedpol-jahresbericht-2025\\\/\",\"url\":\"https:\\\/\\\/news.save.ch\\\/organisierte-kriminalitaet-fedpol-jahresbericht-2025\\\/\",\"name\":\"Organisierte Kriminalit\u00e4t: fedpol Jahresbericht 2025 - Save\",\"isPartOf\":{\"@id\":\"https:\\\/\\\/news.save.ch\\\/de\\\/#website\"},\"primaryImageOfPage\":{\"@id\":\"https:\\\/\\\/news.save.ch\\\/organisierte-kriminalitaet-fedpol-jahresbericht-2025\\\/#primaryimage\"},\"image\":{\"@id\":\"https:\\\/\\\/news.save.ch\\\/organisierte-kriminalitaet-fedpol-jahresbericht-2025\\\/#primaryimage\"},\"thumbnailUrl\":\"https:\\\/\\\/news.save.ch\\\/wp-content\\\/uploads\\\/2026\\\/04\\\/Depositphotos_593207568_S-680x367.jpg\",\"datePublished\":\"2026-04-28T08:33:37+00:00\",\"description\":\"Der fedpol-Jahresbericht gibt Einblick in F\u00e4lle, Operationen und Zahlen zur Arbeit des Bundesamts f\u00fcr Polizei (fedpol) \u2013 mit besonderem Fokus auf die Bek\u00e4mpfung der Organisierten Kriminalit\u00e4t.\",\"breadcrumb\":{\"@id\":\"https:\\\/\\\/news.save.ch\\\/organisierte-kriminalitaet-fedpol-jahresbericht-2025\\\/#breadcrumb\"},\"inLanguage\":\"fr-FR\",\"potentialAction\":[{\"@type\":\"ReadAction\",\"target\":[\"https:\\\/\\\/news.save.ch\\\/organisierte-kriminalitaet-fedpol-jahresbericht-2025\\\/\"]}]},{\"@type\":\"ImageObject\",\"inLanguage\":\"fr-FR\",\"@id\":\"https:\\\/\\\/news.save.ch\\\/organisierte-kriminalitaet-fedpol-jahresbericht-2025\\\/#primaryimage\",\"url\":\"https:\\\/\\\/news.save.ch\\\/wp-content\\\/uploads\\\/2026\\\/04\\\/Depositphotos_593207568_S-680x367.jpg\",\"contentUrl\":\"https:\\\/\\\/news.save.ch\\\/wp-content\\\/uploads\\\/2026\\\/04\\\/Depositphotos_593207568_S-680x367.jpg\"},{\"@type\":\"BreadcrumbList\",\"@id\":\"https:\\\/\\\/news.save.ch\\\/organisierte-kriminalitaet-fedpol-jahresbericht-2025\\\/#breadcrumb\",\"itemListElement\":[{\"@type\":\"ListItem\",\"position\":1,\"name\":\"Home\",\"item\":\"https:\\\/\\\/news.save.ch\\\/de\\\/\"},{\"@type\":\"ListItem\",\"position\":2,\"name\":\"Organisierte Kriminalit\u00e4t: fedpol Jahresbericht 2025\"}]},{\"@type\":\"WebSite\",\"@id\":\"https:\\\/\\\/news.save.ch\\\/de\\\/#website\",\"url\":\"https:\\\/\\\/news.save.ch\\\/de\\\/\",\"name\":\"Save\",\"description\":\"Schweizer Fachzeitschrift f\u00fcr Sicherheit\",\"publisher\":{\"@id\":\"https:\\\/\\\/news.save.ch\\\/de\\\/#organization\"},\"potentialAction\":[{\"@type\":\"SearchAction\",\"target\":{\"@type\":\"EntryPoint\",\"urlTemplate\":\"https:\\\/\\\/news.save.ch\\\/de\\\/?s={search_term_string}\"},\"query-input\":{\"@type\":\"PropertyValueSpecification\",\"valueRequired\":true,\"valueName\":\"search_term_string\"}}],\"inLanguage\":\"fr-FR\"},{\"@type\":\"Organization\",\"@id\":\"https:\\\/\\\/news.save.ch\\\/de\\\/#organization\",\"name\":\"Sicherheitsforum\",\"url\":\"https:\\\/\\\/news.save.ch\\\/de\\\/\",\"logo\":{\"@type\":\"ImageObject\",\"inLanguage\":\"fr-FR\",\"@id\":\"https:\\\/\\\/news.save.ch\\\/de\\\/#\\\/schema\\\/logo\\\/image\\\/\",\"url\":\"https:\\\/\\\/news.save.ch\\\/wp-content\\\/uploads\\\/2022\\\/06\\\/Logo_SF_2012.png\",\"contentUrl\":\"https:\\\/\\\/news.save.ch\\\/wp-content\\\/uploads\\\/2022\\\/06\\\/Logo_SF_2012.png\",\"width\":1100,\"height\":91,\"caption\":\"Sicherheitsforum\"},\"image\":{\"@id\":\"https:\\\/\\\/news.save.ch\\\/de\\\/#\\\/schema\\\/logo\\\/image\\\/\"}},{\"@type\":\"Person\",\"@id\":\"https:\\\/\\\/news.save.ch\\\/de\\\/#\\\/schema\\\/person\\\/10917387362b3961e882740f6cf6f2a2\",\"name\":\"stefanie Zeng\",\"image\":{\"@type\":\"ImageObject\",\"inLanguage\":\"fr-FR\",\"@id\":\"https:\\\/\\\/secure.gravatar.com\\\/avatar\\\/eac43faa6e40bb2c41068c95c9d78bbd94c476d5efdff7abaab80bb3ea681e06?s=96&d=mm&r=g\",\"url\":\"https:\\\/\\\/secure.gravatar.com\\\/avatar\\\/eac43faa6e40bb2c41068c95c9d78bbd94c476d5efdff7abaab80bb3ea681e06?s=96&d=mm&r=g\",\"contentUrl\":\"https:\\\/\\\/secure.gravatar.com\\\/avatar\\\/eac43faa6e40bb2c41068c95c9d78bbd94c476d5efdff7abaab80bb3ea681e06?s=96&d=mm&r=g\",\"caption\":\"stefanie Zeng\"},\"url\":\"https:\\\/\\\/news.save.ch\\\/fr\\\/author\\\/stefanie-zeng\\\/\"}]}<\/script>\n<!-- \/ Yoast SEO plugin. -->","yoast_head_json":{"title":"Criminalit\u00e9 organis\u00e9e : Rapport annuel 2025 de fedpol - Save","description":"Le rapport annuel de fedpol donne un aper\u00e7u des cas, des op\u00e9rations et des chiffres concernant le travail de l'Office f\u00e9d\u00e9ral de la police (fedpol) - avec un accent particulier sur la lutte contre le crime organis\u00e9.","robots":{"index":"index","follow":"follow","max-snippet":"max-snippet:-1","max-image-preview":"max-image-preview:large","max-video-preview":"max-video-preview:-1"},"canonical":"https:\/\/news.save.ch\/fr\/organisierte-kriminalitaet-fedpol-jahresbericht-2025\/","og_locale":"fr_FR","og_type":"article","og_title":"Organisierte Kriminalit\u00e4t: fedpol Jahresbericht 2025 - Save","og_description":"Der fedpol-Jahresbericht gibt Einblick in F\u00e4lle, Operationen und Zahlen zur Arbeit des Bundesamts f\u00fcr Polizei (fedpol) \u2013 mit besonderem Fokus auf die Bek\u00e4mpfung der Organisierten Kriminalit\u00e4t.","og_url":"https:\/\/news.save.ch\/fr\/organisierte-kriminalitaet-fedpol-jahresbericht-2025\/","og_site_name":"Save","article_published_time":"2026-04-28T08:33:37+00:00","og_image":[{"width":1000,"height":539,"url":"https:\/\/news.save.ch\/wp-content\/uploads\/2026\/04\/Depositphotos_593207568_S.jpg","type":"image\/jpeg"}],"author":"stefanie Zeng","twitter_card":"summary_large_image","twitter_misc":{"\u00c9crit par":"stefanie Zeng","Dur\u00e9e de lecture estim\u00e9e":"2 minutes"},"schema":{"@context":"https:\/\/schema.org","@graph":[{"@type":"Article","@id":"https:\/\/news.save.ch\/organisierte-kriminalitaet-fedpol-jahresbericht-2025\/#article","isPartOf":{"@id":"https:\/\/news.save.ch\/organisierte-kriminalitaet-fedpol-jahresbericht-2025\/"},"author":{"name":"stefanie Zeng","@id":"https:\/\/news.save.ch\/de\/#\/schema\/person\/10917387362b3961e882740f6cf6f2a2"},"headline":"Organisierte Kriminalit\u00e4t: fedpol Jahresbericht 2025","datePublished":"2026-04-28T08:33:37+00:00","mainEntityOfPage":{"@id":"https:\/\/news.save.ch\/organisierte-kriminalitaet-fedpol-jahresbericht-2025\/"},"wordCount":307,"publisher":{"@id":"https:\/\/news.save.ch\/de\/#organization"},"image":{"@id":"https:\/\/news.save.ch\/organisierte-kriminalitaet-fedpol-jahresbericht-2025\/#primaryimage"},"thumbnailUrl":"https:\/\/news.save.ch\/wp-content\/uploads\/2026\/04\/Depositphotos_593207568_S-680x367.jpg","keywords":["Bundesamt f\u00fcr Polizei (Fedpol)","Organisierte Kriminalit\u00e4t"],"articleSection":["SICHERHEIT"],"inLanguage":"fr-FR"},{"@type":"WebPage","@id":"https:\/\/news.save.ch\/organisierte-kriminalitaet-fedpol-jahresbericht-2025\/","url":"https:\/\/news.save.ch\/organisierte-kriminalitaet-fedpol-jahresbericht-2025\/","name":"Criminalit\u00e9 organis\u00e9e : Rapport annuel 2025 de fedpol - Save","isPartOf":{"@id":"https:\/\/news.save.ch\/de\/#website"},"primaryImageOfPage":{"@id":"https:\/\/news.save.ch\/organisierte-kriminalitaet-fedpol-jahresbericht-2025\/#primaryimage"},"image":{"@id":"https:\/\/news.save.ch\/organisierte-kriminalitaet-fedpol-jahresbericht-2025\/#primaryimage"},"thumbnailUrl":"https:\/\/news.save.ch\/wp-content\/uploads\/2026\/04\/Depositphotos_593207568_S-680x367.jpg","datePublished":"2026-04-28T08:33:37+00:00","description":"Le rapport annuel de fedpol donne un aper\u00e7u des cas, des op\u00e9rations et des chiffres concernant le travail de l'Office f\u00e9d\u00e9ral de la police (fedpol) - avec un accent particulier sur la lutte contre le crime organis\u00e9.","breadcrumb":{"@id":"https:\/\/news.save.ch\/organisierte-kriminalitaet-fedpol-jahresbericht-2025\/#breadcrumb"},"inLanguage":"fr-FR","potentialAction":[{"@type":"ReadAction","target":["https:\/\/news.save.ch\/organisierte-kriminalitaet-fedpol-jahresbericht-2025\/"]}]},{"@type":"ImageObject","inLanguage":"fr-FR","@id":"https:\/\/news.save.ch\/organisierte-kriminalitaet-fedpol-jahresbericht-2025\/#primaryimage","url":"https:\/\/news.save.ch\/wp-content\/uploads\/2026\/04\/Depositphotos_593207568_S-680x367.jpg","contentUrl":"https:\/\/news.save.ch\/wp-content\/uploads\/2026\/04\/Depositphotos_593207568_S-680x367.jpg"},{"@type":"BreadcrumbList","@id":"https:\/\/news.save.ch\/organisierte-kriminalitaet-fedpol-jahresbericht-2025\/#breadcrumb","itemListElement":[{"@type":"ListItem","position":1,"name":"Home","item":"https:\/\/news.save.ch\/de\/"},{"@type":"ListItem","position":2,"name":"Organisierte Kriminalit\u00e4t: fedpol Jahresbericht 2025"}]},{"@type":"WebSite","@id":"https:\/\/news.save.ch\/de\/#website","url":"https:\/\/news.save.ch\/de\/","name":"Save","description":"Revue suisse sp\u00e9cialis\u00e9e dans la s\u00e9curit\u00e9","publisher":{"@id":"https:\/\/news.save.ch\/de\/#organization"},"potentialAction":[{"@type":"SearchAction","target":{"@type":"EntryPoint","urlTemplate":"https:\/\/news.save.ch\/de\/?s={search_term_string}"},"query-input":{"@type":"PropertyValueSpecification","valueRequired":true,"valueName":"search_term_string"}}],"inLanguage":"fr-FR"},{"@type":"Organization","@id":"https:\/\/news.save.ch\/de\/#organization","name":"Forum sur la s\u00e9curit\u00e9","url":"https:\/\/news.save.ch\/de\/","logo":{"@type":"ImageObject","inLanguage":"fr-FR","@id":"https:\/\/news.save.ch\/de\/#\/schema\/logo\/image\/","url":"https:\/\/news.save.ch\/wp-content\/uploads\/2022\/06\/Logo_SF_2012.png","contentUrl":"https:\/\/news.save.ch\/wp-content\/uploads\/2022\/06\/Logo_SF_2012.png","width":1100,"height":91,"caption":"Sicherheitsforum"},"image":{"@id":"https:\/\/news.save.ch\/de\/#\/schema\/logo\/image\/"}},{"@type":"Person","@id":"https:\/\/news.save.ch\/de\/#\/schema\/person\/10917387362b3961e882740f6cf6f2a2","name":"stefanie Zeng","image":{"@type":"ImageObject","inLanguage":"fr-FR","@id":"https:\/\/secure.gravatar.com\/avatar\/eac43faa6e40bb2c41068c95c9d78bbd94c476d5efdff7abaab80bb3ea681e06?s=96&d=mm&r=g","url":"https:\/\/secure.gravatar.com\/avatar\/eac43faa6e40bb2c41068c95c9d78bbd94c476d5efdff7abaab80bb3ea681e06?s=96&d=mm&r=g","contentUrl":"https:\/\/secure.gravatar.com\/avatar\/eac43faa6e40bb2c41068c95c9d78bbd94c476d5efdff7abaab80bb3ea681e06?s=96&d=mm&r=g","caption":"stefanie Zeng"},"url":"https:\/\/news.save.ch\/fr\/author\/stefanie-zeng\/"}]}},"_links":{"self":[{"href":"https:\/\/news.save.ch\/fr\/wp-json\/wp\/v2\/posts\/25157","targetHints":{"allow":["GET"]}}],"collection":[{"href":"https:\/\/news.save.ch\/fr\/wp-json\/wp\/v2\/posts"}],"about":[{"href":"https:\/\/news.save.ch\/fr\/wp-json\/wp\/v2\/types\/post"}],"author":[{"embeddable":true,"href":"https:\/\/news.save.ch\/fr\/wp-json\/wp\/v2\/users\/31"}],"replies":[{"embeddable":true,"href":"https:\/\/news.save.ch\/fr\/wp-json\/wp\/v2\/comments?post=25157"}],"version-history":[{"count":1,"href":"https:\/\/news.save.ch\/fr\/wp-json\/wp\/v2\/posts\/25157\/revisions"}],"predecessor-version":[{"id":25159,"href":"https:\/\/news.save.ch\/fr\/wp-json\/wp\/v2\/posts\/25157\/revisions\/25159"}],"wp:attachment":[{"href":"https:\/\/news.save.ch\/fr\/wp-json\/wp\/v2\/media?parent=25157"}],"wp:term":[{"taxonomy":"category","embeddable":true,"href":"https:\/\/news.save.ch\/fr\/wp-json\/wp\/v2\/categories?post=25157"},{"taxonomy":"post_tag","embeddable":true,"href":"https:\/\/news.save.ch\/fr\/wp-json\/wp\/v2\/tags?post=25157"}],"curies":[{"name":"wp","href":"https:\/\/api.w.org\/{rel}","templated":true}]}}