{"id":2517,"date":"2016-07-04T12:20:13","date_gmt":"2016-07-04T10:20:13","guid":{"rendered":"https:\/\/dev.sicherheitsforum.ch\/?p=2517"},"modified":"2016-07-04T12:20:13","modified_gmt":"2016-07-04T10:20:13","slug":"svti-festigt-seine-strukturen","status":null,"type":"post","link":"https:\/\/news.save.ch\/fr\/svti-festigt-seine-strukturen\/","title":{"rendered":"L'ASIT consolide ses structures"},"content":{"rendered":"<p><img loading=\"lazy\" decoding=\"async\" class=\"alignnone wp-image-2518 size-medium\" src=\"https:\/\/news.save.ch\/wp-content\/uploads\/2016\/12\/SVTI-festigt-seine-Strukturen_sicherheitsforum.jpg\" width=\"680\" height=\"907\" \/><\/p>\n<p>Pour les <a href=\"https:\/\/www.svti.ch\/de\/\" target=\"_blank\" rel=\"noreferrer noopener\" data-cke-saved-href=\"https:\/\/www.svti.ch\">ASIT<\/a>-2015 a \u00e9t\u00e9 une ann\u00e9e de consolidation pour le groupe. Apr\u00e8s la restructuration des ann\u00e9es pr\u00e9c\u00e9dentes, l'Association suisse d'inspection technique a consolid\u00e9 ses nouvelles structures. L'entreprise a \u00e9galement fait avancer le projet d'extension de son site de Wallisellen (ZH). Le nouveau b\u00e2timent devrait \u00eatre pr\u00eat \u00e0 l'\u00e9t\u00e9 2017, de sorte que le groupe ASIT pourra organiser toutes ses formations sur place d\u00e8s l'automne 2017. Gr\u00e2ce aux nouveaux locaux dot\u00e9s d'une infrastructure ultramoderne, le site de Wallisellen est en train de devenir un centre important pour les formations dans le domaine de la s\u00e9curit\u00e9 des installations techniques et de la gestion des risques, comme le souligne l'association.<\/p>\n<p><strong>R\u00e9sultat positif <\/strong><\/p>\n<p>L'ASIT et ses filiales auraient \u00e9galement ressenti le contexte conjoncturel difficile en 2015. Le chiffre d'affaires de certains services, comme les contr\u00f4les non destructifs classiques, et du secteur des marchandises dangereuses aurait l\u00e9g\u00e8rement recul\u00e9. N\u00e9anmoins, les inspections et la plupart des secteurs du groupe ASIT auraient atteint les objectifs fix\u00e9s en 2015. Le r\u00e9sultat d'exploitation a donc \u00e9t\u00e9 satisfaisant.<\/p>\n<p><strong>Changement au sein du conseil d'administration<\/strong><\/p>\n<p>Lors de la 147e assembl\u00e9e g\u00e9n\u00e9rale de l'association, qui s'est tenue le 23 juin \u00e0 B\u00e2le, les membres de l'ASIT ont reconduit pour trois ans Udo M. B\u00e4ckert (pr\u00e9sident) et Patrice Voumard, membre du comit\u00e9 directeur. Jean-Pierre Passerat, directeur de Leman Bio Energie et pr\u00e9sident du CA de Sappro SA, a \u00e9t\u00e9 nouvellement \u00e9lu au comit\u00e9 directeur. Robert Fasler a d\u00e9missionn\u00e9 du comit\u00e9 directeur en raison de son d\u00e9part \u00e0 la retraite, conclut l'association.<\/p>","protected":false},"excerpt":{"rendered":"<p>F\u00fcr die SVTI-Gruppe sei 2015 ein Jahr der Konsolidierung gewesen. Nach der Restrukturierung in den vergangenen Jahren habe der Schweizerische Verein f\u00fcr technische Inspektionen seine neuen Strukturen gefestigt. Die Unternehmung trieb ausserdem das Projekt f\u00fcr den Erweiterungsbau am Standort in Wallisellen ZH voran. Der Neubau werde voraussichtlich im Sommer 2017 bezugsbereit sein, sodass die SVTI-Gruppe [&hellip;]<\/p>\n","protected":false},"author":1,"featured_media":2518,"comment_status":"open","ping_status":"open","sticky":false,"template":"","format":"standard","meta":{"_acf_changed":false,"pgc_sgb_lightbox_settings":"","footnotes":""},"categories":[1],"tags":[65],"class_list":["post-2517","post","type-post","status-publish","format-standard","has-post-thumbnail","hentry","category-allgemein","tag-unternehmen"],"acf":[],"hkrextid":null,"publication":null,"issue":null,"workflow":null,"startPage":null,"spitzmarke":null,"_posts_by_tag_page_fields":{"widget_title":"","widget_tags":""},"_at_widget":"1","_yoast_wpseo_primary_category":"","_yoast_wpseo_focuskw_text_input":"SVTI","_yoast_wpseo_opengraph-image":"https:\/\/news.save.ch\/wp-content\/uploads\/2016\/12\/SVTI-festigt-seine-Strukturen_sicherheitsforum.jpg","_yoast_wpseo_opengraph-description":"Der SVTI blickt auf ein erfolgreiches Gesch\u00e4ftsjahr 2015 zur\u00fcck. Trotz eines schwierigen konjunkturellen Umfelds erreichten alle Inspektorate des SVTI die gesteckten Ziele, wie die Gruppe schreibt.","_yoast_wpseo_opengraph-title":"SVTI festigt seine Strukturen","enclosure":null,"_yoast_wpseo_twitter-title":null,"_yoast_wpseo_twitter-description":null,"_yoast_wpseo_twitter-image":null,"_wp_old_slug":null,"_yoast_wpseo_title":null,"_yoast_wpseo_canonical":null,"yoast_head":"<!-- This site is optimized with the Yoast SEO plugin v27.5 - https:\/\/yoast.com\/product\/yoast-seo-wordpress\/ -->\n<title>SVTI festigt seine Strukturen - Save<\/title>\n<meta name=\"description\" content=\"Der SVTI blickt auf ein erfolgreiches Gesch\u00e4ftsjahr 2015 zur\u00fcck.\" \/>\n<meta name=\"robots\" content=\"index, follow, max-snippet:-1, max-image-preview:large, max-video-preview:-1\" \/>\n<link rel=\"canonical\" href=\"https:\/\/news.save.ch\/fr\/svti-festigt-seine-strukturen\/\" \/>\n<meta property=\"og:locale\" content=\"fr_FR\" \/>\n<meta property=\"og:type\" content=\"article\" \/>\n<meta property=\"og:title\" content=\"SVTI festigt seine Strukturen\" \/>\n<meta property=\"og:description\" content=\"Der SVTI blickt auf ein erfolgreiches Gesch\u00e4ftsjahr 2015 zur\u00fcck. Trotz eines schwierigen konjunkturellen Umfelds erreichten alle Inspektorate des SVTI die gesteckten Ziele, wie die Gruppe schreibt.\" \/>\n<meta property=\"og:url\" content=\"https:\/\/news.save.ch\/fr\/svti-festigt-seine-strukturen\/\" \/>\n<meta property=\"og:site_name\" content=\"Save\" \/>\n<meta property=\"article:published_time\" content=\"2016-07-04T10:20:13+00:00\" \/>\n<meta property=\"og:image\" content=\"https:\/\/news.save.ch\/wp-content\/uploads\/2016\/12\/SVTI-festigt-seine-Strukturen_sicherheitsforum.jpg\" \/>\n<meta name=\"author\" content=\"admin\" \/>\n<meta name=\"twitter:card\" content=\"summary_large_image\" \/>\n<meta name=\"twitter:label1\" content=\"\u00c9crit par\" \/>\n\t<meta name=\"twitter:data1\" content=\"admin\" \/>\n\t<meta name=\"twitter:label2\" content=\"Dur\u00e9e de lecture estim\u00e9e\" \/>\n\t<meta name=\"twitter:data2\" content=\"1 minute\" \/>\n<script type=\"application\/ld+json\" class=\"yoast-schema-graph\">{\"@context\":\"https:\\\/\\\/schema.org\",\"@graph\":[{\"@type\":\"Article\",\"@id\":\"https:\\\/\\\/news.save.ch\\\/svti-festigt-seine-strukturen\\\/#article\",\"isPartOf\":{\"@id\":\"https:\\\/\\\/news.save.ch\\\/svti-festigt-seine-strukturen\\\/\"},\"author\":{\"name\":\"admin\",\"@id\":\"https:\\\/\\\/news.save.ch\\\/de\\\/#\\\/schema\\\/person\\\/d49e199490bad7c70d64b9ab51142f2b\"},\"headline\":\"SVTI festigt seine Strukturen\",\"datePublished\":\"2016-07-04T10:20:13+00:00\",\"mainEntityOfPage\":{\"@id\":\"https:\\\/\\\/news.save.ch\\\/svti-festigt-seine-strukturen\\\/\"},\"wordCount\":240,\"commentCount\":0,\"publisher\":{\"@id\":\"https:\\\/\\\/news.save.ch\\\/de\\\/#organization\"},\"image\":{\"@id\":\"https:\\\/\\\/news.save.ch\\\/svti-festigt-seine-strukturen\\\/#primaryimage\"},\"thumbnailUrl\":\"https:\\\/\\\/news.save.ch\\\/wp-content\\\/uploads\\\/2016\\\/12\\\/SVTI-festigt-seine-Strukturen_sicherheitsforum-scaled.jpg\",\"keywords\":[\"Unternehmen\"],\"articleSection\":[\"ALLGEMEIN\"],\"inLanguage\":\"fr-FR\"},{\"@type\":\"WebPage\",\"@id\":\"https:\\\/\\\/news.save.ch\\\/svti-festigt-seine-strukturen\\\/\",\"url\":\"https:\\\/\\\/news.save.ch\\\/svti-festigt-seine-strukturen\\\/\",\"name\":\"SVTI festigt seine Strukturen - Save\",\"isPartOf\":{\"@id\":\"https:\\\/\\\/news.save.ch\\\/de\\\/#website\"},\"primaryImageOfPage\":{\"@id\":\"https:\\\/\\\/news.save.ch\\\/svti-festigt-seine-strukturen\\\/#primaryimage\"},\"image\":{\"@id\":\"https:\\\/\\\/news.save.ch\\\/svti-festigt-seine-strukturen\\\/#primaryimage\"},\"thumbnailUrl\":\"https:\\\/\\\/news.save.ch\\\/wp-content\\\/uploads\\\/2016\\\/12\\\/SVTI-festigt-seine-Strukturen_sicherheitsforum-scaled.jpg\",\"datePublished\":\"2016-07-04T10:20:13+00:00\",\"description\":\"Der SVTI blickt auf ein erfolgreiches Gesch\u00e4ftsjahr 2015 zur\u00fcck.\",\"breadcrumb\":{\"@id\":\"https:\\\/\\\/news.save.ch\\\/svti-festigt-seine-strukturen\\\/#breadcrumb\"},\"inLanguage\":\"fr-FR\",\"potentialAction\":[{\"@type\":\"ReadAction\",\"target\":[\"https:\\\/\\\/news.save.ch\\\/svti-festigt-seine-strukturen\\\/\"]}]},{\"@type\":\"ImageObject\",\"inLanguage\":\"fr-FR\",\"@id\":\"https:\\\/\\\/news.save.ch\\\/svti-festigt-seine-strukturen\\\/#primaryimage\",\"url\":\"https:\\\/\\\/news.save.ch\\\/wp-content\\\/uploads\\\/2016\\\/12\\\/SVTI-festigt-seine-Strukturen_sicherheitsforum-scaled.jpg\",\"contentUrl\":\"https:\\\/\\\/news.save.ch\\\/wp-content\\\/uploads\\\/2016\\\/12\\\/SVTI-festigt-seine-Strukturen_sicherheitsforum-scaled.jpg\",\"width\":1050,\"height\":1400},{\"@type\":\"BreadcrumbList\",\"@id\":\"https:\\\/\\\/news.save.ch\\\/svti-festigt-seine-strukturen\\\/#breadcrumb\",\"itemListElement\":[{\"@type\":\"ListItem\",\"position\":1,\"name\":\"Home\",\"item\":\"https:\\\/\\\/news.save.ch\\\/de\\\/\"},{\"@type\":\"ListItem\",\"position\":2,\"name\":\"SVTI festigt seine Strukturen\"}]},{\"@type\":\"WebSite\",\"@id\":\"https:\\\/\\\/news.save.ch\\\/de\\\/#website\",\"url\":\"https:\\\/\\\/news.save.ch\\\/de\\\/\",\"name\":\"Save\",\"description\":\"Schweizer Fachzeitschrift f\u00fcr Sicherheit\",\"publisher\":{\"@id\":\"https:\\\/\\\/news.save.ch\\\/de\\\/#organization\"},\"potentialAction\":[{\"@type\":\"SearchAction\",\"target\":{\"@type\":\"EntryPoint\",\"urlTemplate\":\"https:\\\/\\\/news.save.ch\\\/de\\\/?s={search_term_string}\"},\"query-input\":{\"@type\":\"PropertyValueSpecification\",\"valueRequired\":true,\"valueName\":\"search_term_string\"}}],\"inLanguage\":\"fr-FR\"},{\"@type\":\"Organization\",\"@id\":\"https:\\\/\\\/news.save.ch\\\/de\\\/#organization\",\"name\":\"Sicherheitsforum\",\"url\":\"https:\\\/\\\/news.save.ch\\\/de\\\/\",\"logo\":{\"@type\":\"ImageObject\",\"inLanguage\":\"fr-FR\",\"@id\":\"https:\\\/\\\/news.save.ch\\\/de\\\/#\\\/schema\\\/logo\\\/image\\\/\",\"url\":\"https:\\\/\\\/news.save.ch\\\/wp-content\\\/uploads\\\/2022\\\/06\\\/Logo_SF_2012.png\",\"contentUrl\":\"https:\\\/\\\/news.save.ch\\\/wp-content\\\/uploads\\\/2022\\\/06\\\/Logo_SF_2012.png\",\"width\":1100,\"height\":91,\"caption\":\"Sicherheitsforum\"},\"image\":{\"@id\":\"https:\\\/\\\/news.save.ch\\\/de\\\/#\\\/schema\\\/logo\\\/image\\\/\"}},{\"@type\":\"Person\",\"@id\":\"https:\\\/\\\/news.save.ch\\\/de\\\/#\\\/schema\\\/person\\\/d49e199490bad7c70d64b9ab51142f2b\",\"name\":\"admin\",\"image\":{\"@type\":\"ImageObject\",\"inLanguage\":\"fr-FR\",\"@id\":\"https:\\\/\\\/secure.gravatar.com\\\/avatar\\\/ae2f4d718e6c49043e314ce431e7e645d646302a24a5ef5a8bc8e3f5a032e319?s=96&d=mm&r=g\",\"url\":\"https:\\\/\\\/secure.gravatar.com\\\/avatar\\\/ae2f4d718e6c49043e314ce431e7e645d646302a24a5ef5a8bc8e3f5a032e319?s=96&d=mm&r=g\",\"contentUrl\":\"https:\\\/\\\/secure.gravatar.com\\\/avatar\\\/ae2f4d718e6c49043e314ce431e7e645d646302a24a5ef5a8bc8e3f5a032e319?s=96&d=mm&r=g\",\"caption\":\"admin\"},\"sameAs\":[\"https:\\\/\\\/develop.organisator.galledia.ch\"],\"url\":\"https:\\\/\\\/news.save.ch\\\/fr\\\/author\\\/admin\\\/\"}]}<\/script>\n<!-- \/ Yoast SEO plugin. -->","yoast_head_json":{"title":"L'ASIT consolide ses structures - Save","description":"L'ASIT a connu un exercice 2015 couronn\u00e9 de succ\u00e8s.","robots":{"index":"index","follow":"follow","max-snippet":"max-snippet:-1","max-image-preview":"max-image-preview:large","max-video-preview":"max-video-preview:-1"},"canonical":"https:\/\/news.save.ch\/fr\/svti-festigt-seine-strukturen\/","og_locale":"fr_FR","og_type":"article","og_title":"SVTI festigt seine Strukturen","og_description":"Der SVTI blickt auf ein erfolgreiches Gesch\u00e4ftsjahr 2015 zur\u00fcck. Trotz eines schwierigen konjunkturellen Umfelds erreichten alle Inspektorate des SVTI die gesteckten Ziele, wie die Gruppe schreibt.","og_url":"https:\/\/news.save.ch\/fr\/svti-festigt-seine-strukturen\/","og_site_name":"Save","article_published_time":"2016-07-04T10:20:13+00:00","og_image":[{"url":"https:\/\/news.save.ch\/wp-content\/uploads\/2016\/12\/SVTI-festigt-seine-Strukturen_sicherheitsforum.jpg","type":"","width":"","height":""}],"author":"admin","twitter_card":"summary_large_image","twitter_misc":{"\u00c9crit par":"admin","Dur\u00e9e de lecture estim\u00e9e":"1 minute"},"schema":{"@context":"https:\/\/schema.org","@graph":[{"@type":"Article","@id":"https:\/\/news.save.ch\/svti-festigt-seine-strukturen\/#article","isPartOf":{"@id":"https:\/\/news.save.ch\/svti-festigt-seine-strukturen\/"},"author":{"name":"admin","@id":"https:\/\/news.save.ch\/de\/#\/schema\/person\/d49e199490bad7c70d64b9ab51142f2b"},"headline":"SVTI festigt seine Strukturen","datePublished":"2016-07-04T10:20:13+00:00","mainEntityOfPage":{"@id":"https:\/\/news.save.ch\/svti-festigt-seine-strukturen\/"},"wordCount":240,"commentCount":0,"publisher":{"@id":"https:\/\/news.save.ch\/de\/#organization"},"image":{"@id":"https:\/\/news.save.ch\/svti-festigt-seine-strukturen\/#primaryimage"},"thumbnailUrl":"https:\/\/news.save.ch\/wp-content\/uploads\/2016\/12\/SVTI-festigt-seine-Strukturen_sicherheitsforum-scaled.jpg","keywords":["Unternehmen"],"articleSection":["ALLGEMEIN"],"inLanguage":"fr-FR"},{"@type":"WebPage","@id":"https:\/\/news.save.ch\/svti-festigt-seine-strukturen\/","url":"https:\/\/news.save.ch\/svti-festigt-seine-strukturen\/","name":"L'ASIT consolide ses structures - Save","isPartOf":{"@id":"https:\/\/news.save.ch\/de\/#website"},"primaryImageOfPage":{"@id":"https:\/\/news.save.ch\/svti-festigt-seine-strukturen\/#primaryimage"},"image":{"@id":"https:\/\/news.save.ch\/svti-festigt-seine-strukturen\/#primaryimage"},"thumbnailUrl":"https:\/\/news.save.ch\/wp-content\/uploads\/2016\/12\/SVTI-festigt-seine-Strukturen_sicherheitsforum-scaled.jpg","datePublished":"2016-07-04T10:20:13+00:00","description":"L'ASIT a connu un exercice 2015 couronn\u00e9 de succ\u00e8s.","breadcrumb":{"@id":"https:\/\/news.save.ch\/svti-festigt-seine-strukturen\/#breadcrumb"},"inLanguage":"fr-FR","potentialAction":[{"@type":"ReadAction","target":["https:\/\/news.save.ch\/svti-festigt-seine-strukturen\/"]}]},{"@type":"ImageObject","inLanguage":"fr-FR","@id":"https:\/\/news.save.ch\/svti-festigt-seine-strukturen\/#primaryimage","url":"https:\/\/news.save.ch\/wp-content\/uploads\/2016\/12\/SVTI-festigt-seine-Strukturen_sicherheitsforum-scaled.jpg","contentUrl":"https:\/\/news.save.ch\/wp-content\/uploads\/2016\/12\/SVTI-festigt-seine-Strukturen_sicherheitsforum-scaled.jpg","width":1050,"height":1400},{"@type":"BreadcrumbList","@id":"https:\/\/news.save.ch\/svti-festigt-seine-strukturen\/#breadcrumb","itemListElement":[{"@type":"ListItem","position":1,"name":"Home","item":"https:\/\/news.save.ch\/de\/"},{"@type":"ListItem","position":2,"name":"SVTI festigt seine Strukturen"}]},{"@type":"WebSite","@id":"https:\/\/news.save.ch\/de\/#website","url":"https:\/\/news.save.ch\/de\/","name":"Save","description":"Revue suisse sp\u00e9cialis\u00e9e dans la s\u00e9curit\u00e9","publisher":{"@id":"https:\/\/news.save.ch\/de\/#organization"},"potentialAction":[{"@type":"SearchAction","target":{"@type":"EntryPoint","urlTemplate":"https:\/\/news.save.ch\/de\/?s={search_term_string}"},"query-input":{"@type":"PropertyValueSpecification","valueRequired":true,"valueName":"search_term_string"}}],"inLanguage":"fr-FR"},{"@type":"Organization","@id":"https:\/\/news.save.ch\/de\/#organization","name":"Forum sur la s\u00e9curit\u00e9","url":"https:\/\/news.save.ch\/de\/","logo":{"@type":"ImageObject","inLanguage":"fr-FR","@id":"https:\/\/news.save.ch\/de\/#\/schema\/logo\/image\/","url":"https:\/\/news.save.ch\/wp-content\/uploads\/2022\/06\/Logo_SF_2012.png","contentUrl":"https:\/\/news.save.ch\/wp-content\/uploads\/2022\/06\/Logo_SF_2012.png","width":1100,"height":91,"caption":"Sicherheitsforum"},"image":{"@id":"https:\/\/news.save.ch\/de\/#\/schema\/logo\/image\/"}},{"@type":"Person","@id":"https:\/\/news.save.ch\/de\/#\/schema\/person\/d49e199490bad7c70d64b9ab51142f2b","name":"admin","image":{"@type":"ImageObject","inLanguage":"fr-FR","@id":"https:\/\/secure.gravatar.com\/avatar\/ae2f4d718e6c49043e314ce431e7e645d646302a24a5ef5a8bc8e3f5a032e319?s=96&d=mm&r=g","url":"https:\/\/secure.gravatar.com\/avatar\/ae2f4d718e6c49043e314ce431e7e645d646302a24a5ef5a8bc8e3f5a032e319?s=96&d=mm&r=g","contentUrl":"https:\/\/secure.gravatar.com\/avatar\/ae2f4d718e6c49043e314ce431e7e645d646302a24a5ef5a8bc8e3f5a032e319?s=96&d=mm&r=g","caption":"admin"},"sameAs":["https:\/\/develop.organisator.galledia.ch"],"url":"https:\/\/news.save.ch\/fr\/author\/admin\/"}]}},"_links":{"self":[{"href":"https:\/\/news.save.ch\/fr\/wp-json\/wp\/v2\/posts\/2517","targetHints":{"allow":["GET"]}}],"collection":[{"href":"https:\/\/news.save.ch\/fr\/wp-json\/wp\/v2\/posts"}],"about":[{"href":"https:\/\/news.save.ch\/fr\/wp-json\/wp\/v2\/types\/post"}],"author":[{"embeddable":true,"href":"https:\/\/news.save.ch\/fr\/wp-json\/wp\/v2\/users\/1"}],"replies":[{"embeddable":true,"href":"https:\/\/news.save.ch\/fr\/wp-json\/wp\/v2\/comments?post=2517"}],"version-history":[{"count":0,"href":"https:\/\/news.save.ch\/fr\/wp-json\/wp\/v2\/posts\/2517\/revisions"}],"wp:featuredmedia":[{"embeddable":true,"href":"https:\/\/news.save.ch\/fr\/wp-json\/wp\/v2\/media\/2518"}],"wp:attachment":[{"href":"https:\/\/news.save.ch\/fr\/wp-json\/wp\/v2\/media?parent=2517"}],"wp:term":[{"taxonomy":"category","embeddable":true,"href":"https:\/\/news.save.ch\/fr\/wp-json\/wp\/v2\/categories?post=2517"},{"taxonomy":"post_tag","embeddable":true,"href":"https:\/\/news.save.ch\/fr\/wp-json\/wp\/v2\/tags?post=2517"}],"curies":[{"name":"wp","href":"https:\/\/api.w.org\/{rel}","templated":true}]}}