{"id":25175,"date":"2026-03-29T10:43:44","date_gmt":"2026-03-29T08:43:44","guid":{"rendered":"https:\/\/news.save.ch\/?p=25175"},"modified":"2026-04-29T10:44:38","modified_gmt":"2026-04-29T08:44:38","slug":"bds","status":null,"type":"post","link":"https:\/\/news.save.ch\/fr\/bds\/","title":{"rendered":"50 ans du BDS : 1976 - 2026 \u00abLe BDS au fil du temps\u00bb"},"content":{"rendered":"<figure id=\"attachment_25176\" aria-describedby=\"caption-attachment-25176\" style=\"width: 640px\" class=\"wp-caption alignnone\"><img loading=\"lazy\" decoding=\"async\" class=\"size-full wp-image-25176\" src=\"https:\/\/news.save.ch\/wp-content\/uploads\/2026\/04\/GL-2007-Levi-1-I.O.jpg\" alt=\"\" width=\"640\" height=\"480\" srcset=\"https:\/\/news.save.ch\/wp-content\/uploads\/2026\/04\/GL-2007-Levi-1-I.O.jpg 640w, https:\/\/news.save.ch\/wp-content\/uploads\/2026\/04\/GL-2007-Levi-1-I.O-16x12.jpg 16w, https:\/\/news.save.ch\/wp-content\/uploads\/2026\/04\/GL-2007-Levi-1-I.O-375x281.jpg 375w, https:\/\/news.save.ch\/wp-content\/uploads\/2026\/04\/GL-2007-Levi-1-I.O-467x350.jpg 467w\" sizes=\"auto, (max-width: 640px) 100vw, 640px\" \/><figcaption id=\"caption-attachment-25176\" class=\"wp-caption-text\">Photo : zVg<\/figcaption><\/figure>\n<h3><strong>1976 - Cr\u00e9ation de BDS AG : une vision d'avenir<\/strong><\/h3>\n<p>Lorsque les fondateurs visionnaires Berz - Droux - Scherler d\u00e9cid\u00e8rent de fonder leur soci\u00e9t\u00e9 de planification de s\u00e9curit\u00e9 ind\u00e9pendante en 1976, la guerre froide faisait rage, la guerre du Vietnam battait son plein et l'Europe \u00e9tait prise en otage par le terrorisme de la RAF et les Brigate Rosse. La crise p\u00e9troli\u00e8re de 1973 semblait avoir \u00e9t\u00e9 surmont\u00e9e, mais la foi indomptable des ann\u00e9es 60 dans la croissance technique et \u00e9conomique continue ne devait pas revenir. Les ordinateurs de bureau et les PC n'existaient pas encore \u00e0 l'\u00e9poque et Bill Gates bricolait dans son garage l\u00e9gendaire le premier syst\u00e8me d'exploitation pour petits ordinateurs.<\/p>\n<p>Gr\u00e2ce au bon r\u00e9seau de ses fondateurs, BDS a rapidement trouv\u00e9 des t\u00e2ches vari\u00e9es et stimulantes dans le domaine de la planification de la s\u00e9curit\u00e9 et de la planification de centres de calcul pour les gros ordinateurs IBM alors en service. Les banques, les assurances, les entreprises industrielles ainsi que les pouvoirs publics, y compris l'arm\u00e9e, faisaient partie du cercle des clients. Dans les ann\u00e9es 80, la discipline encore jeune de la planification de la protection contre les incendies est venue s'ajouter \u00e0 la demande croissante de planification de la s\u00e9curit\u00e9 ind\u00e9pendante des produits. \u00c0 la fin des ann\u00e9es 90, le champ d'activit\u00e9 d\u00e9j\u00e0 vaste de BDS a \u00e9t\u00e9 \u00e9largi par le d\u00e9veloppement de logiciels de formation \u00e0 la s\u00e9curit\u00e9 des ordinateurs sur le lieu de travail.<\/p>\n<p>D\u00e8s 1980, BDS a cofond\u00e9 - toujours dans un esprit visionnaire - la SSI \u00abAssociation suisse des ing\u00e9nieurs et conseillers en s\u00e9curit\u00e9 ind\u00e9pendants\u00bb ; une association professionnelle qui, aujourd'hui encore, prouve sa raison d'\u00eatre par ses multiples activit\u00e9s dans le domaine de l'\u00e9change d'informations entre ses membres et l'organisation de congr\u00e8s sp\u00e9cialis\u00e9s.<\/p>\n<h3><strong>2002 - Cr\u00e9ation de BDS Security Design AG : Focalisation et continuit\u00e9 - Planification ind\u00e9pendante de la s\u00e9curit\u00e9 et de la protection incendie<\/strong><\/h3>\n<p>Dans le but de se concentrer sur les activit\u00e9s principales, Robert Droux et Peter Graf ont fond\u00e9 BDS Security Design AG fin 2002, posant ainsi les bases d'un d\u00e9veloppement continu et soutenu. BDS Security Design AG \u00e9tait connue pour ses solutions innovantes et sur mesure, ax\u00e9es sur les risques et r\u00e9pondant aux besoins de ses clients. Des commandes importantes et passionnantes ainsi que des commandes permanentes de l'industrie, des services et, surtout, des pouvoirs publics en ont \u00e9t\u00e9 la cons\u00e9quence et la base d'un d\u00e9veloppement durable et couronn\u00e9 de succ\u00e8s.<\/p>\n<p>Au d\u00e9but des ann\u00e9es 2000, BDS s'est lanc\u00e9 de mani\u00e8re visionnaire dans le d\u00e9veloppement et l'utilisation de la simulation assist\u00e9e par ordinateur des incendies et des fum\u00e9es comme moyen efficace de r\u00e9soudre des probl\u00e8mes complexes de protection contre les incendies. Jug\u00e9e au d\u00e9part avec scepticisme par les assureurs cantonaux des b\u00e2timents, la m\u00e9thode de simulation num\u00e9rique des incendies devait bient\u00f4t s'\u00e9tablir dans toute la Suisse.<\/p>\n<p>Dans un souci de continuit\u00e9 et de succession, Peter Graf, Michael Glenck et Matthias Grimm ont pu reprendre la participation majoritaire de Robert Droux en 2007. L'expertise et la comp\u00e9tence dans les disciplines centrales que sont la planification de la s\u00e9curit\u00e9, la planification de la protection contre les incendies et la planification des centres de calcul ont pu \u00eatre am\u00e9lior\u00e9es et \u00e9largies gr\u00e2ce \u00e0 la mise en place et au compl\u00e9ment cibl\u00e9s de l'\u00e9quipe BDS. Les collaborateurs exp\u00e9riment\u00e9s et de longue date repr\u00e9sentent depuis la cr\u00e9ation de BDS un facteur central de son succ\u00e8s professionnel et \u00e9conomique.<\/p>\n<figure id=\"attachment_25177\" aria-describedby=\"caption-attachment-25177\" style=\"width: 680px\" class=\"wp-caption alignnone\"><img loading=\"lazy\" decoding=\"async\" class=\"size-medium wp-image-25177\" src=\"https:\/\/news.save.ch\/wp-content\/uploads\/2026\/04\/Team-680x463.jpg\" alt=\"\" width=\"680\" height=\"463\" srcset=\"https:\/\/news.save.ch\/wp-content\/uploads\/2026\/04\/Team-680x463.jpg 680w, https:\/\/news.save.ch\/wp-content\/uploads\/2026\/04\/Team-1024x697.jpg 1024w, https:\/\/news.save.ch\/wp-content\/uploads\/2026\/04\/Team-768x523.jpg 768w, https:\/\/news.save.ch\/wp-content\/uploads\/2026\/04\/Team-18x12.jpg 18w, https:\/\/news.save.ch\/wp-content\/uploads\/2026\/04\/Team-375x255.jpg 375w, https:\/\/news.save.ch\/wp-content\/uploads\/2026\/04\/Team-514x350.jpg 514w, https:\/\/news.save.ch\/wp-content\/uploads\/2026\/04\/Team-1000x681.jpg 1000w, https:\/\/news.save.ch\/wp-content\/uploads\/2026\/04\/Team.jpg 1200w\" sizes=\"auto, (max-width: 680px) 100vw, 680px\" \/><figcaption id=\"caption-attachment-25177\" class=\"wp-caption-text\">Photo : zVg<\/figcaption><\/figure>\n<p>La mise en r\u00e9seau nationale et internationale par le biais de diff\u00e9rentes associations professionnelles reconnues telles que SSI, VIB, VBSF, SFPE, FGST, etc. a renforc\u00e9 la position de BDS dans l'environnement professionnel ainsi que l'\u00e9change pr\u00e9cieux de connaissances et d'informations avec des sp\u00e9cialistes externes. La participation active, la tenue d'expos\u00e9s ainsi que l'organisation de congr\u00e8s sp\u00e9cialis\u00e9s ont contribu\u00e9 de mani\u00e8re d\u00e9terminante \u00e0 l'approfondissement des connaissances sp\u00e9cialis\u00e9es et au d\u00e9veloppement de nos relations commerciales.<\/p>\n<p>En vue du d\u00e9part \u00e0 la retraite de Peter Graf, Michael Glenck et Matthias Grimm se sont engag\u00e9s d\u00e8s 2017 en tant que nouveaux actionnaires majoritaires de BDS. En 2020, Andreas Seematter, un autre collaborateur de longue date, a en outre rejoint la direction en tant qu'associ\u00e9.<\/p>\n<h3><strong>2026 - 50 ans du BDS : les exigences \u00e9lev\u00e9es sont notre moteur<\/strong><\/h3>\n<p>Gr\u00e2ce \u00e0 la satisfaction de ses clients, \u00e0 la longue exp\u00e9rience de ses collaborateurs et \u00e0 la compr\u00e9hension et la prise en compte de l'environnement changeant, BDS Security Design AG continuera d'agir avec succ\u00e8s dans les ann\u00e9es \u00e0 venir sur le march\u00e9 de la planification de la s\u00e9curit\u00e9 et de la protection incendie. L'\u00e9volution constante des menaces - drones, cybercriminalit\u00e9, menaces hybrides - ainsi que les nouvelles prescriptions en mati\u00e8re de protection contre les incendies et les adaptations n\u00e9cessaires qui en d\u00e9coulent, constituent un d\u00e9fi permanent et le succ\u00e8s de notre activit\u00e9.<\/p>\n<p>La passion, l'engagement et le d\u00e9vouement envers nos clients restent la base d'une activit\u00e9 constructive et r\u00e9ussie dans le domaine de la planification de la s\u00e9curit\u00e9 et de la protection contre l'incendie, de plus en plus sp\u00e9cialis\u00e9. BDS au fil du temps - Les exigences \u00e9lev\u00e9es sont notre moteur.<\/p>","protected":false},"excerpt":{"rendered":"<p>1976 \u2013 Gr\u00fcndung BDS AG: Vision\u00e4re Voraussicht Als sich die vision\u00e4ren Gr\u00fcnder Berz \u2013 Droux \u2013 Scherler im Jahre 1976 zur Gr\u00fcndung Ihrer Firma f\u00fcr unabh\u00e4ngige Sicherheitsplanung entschlossen, herrschte Kalter Krieg, der Vietnamkrieg war in vollem Gange und Europa befand sich unter der Geisel des RAF-Terrorismus und der Brigate Rosse. Die \u00d6lkrise von 1973 schien [&hellip;]<\/p>\n","protected":false},"author":31,"featured_media":0,"comment_status":"closed","ping_status":"closed","sticky":false,"template":"","format":"standard","meta":{"_acf_changed":false,"pgc_sgb_lightbox_settings":"","footnotes":""},"categories":[67,3312],"tags":[1538,2341],"class_list":["post-25175","post","type-post","status-publish","format-standard","hentry","category-brandschutz","category-sicherheit","tag-bds-security-design-ag","tag-jubilaeum"],"acf":[],"hkrextid":null,"publication":null,"issue":null,"workflow":null,"startPage":null,"spitzmarke":null,"_posts_by_tag_page_fields":null,"_at_widget":null,"_yoast_wpseo_primary_category":"67","_yoast_wpseo_focuskw_text_input":null,"_yoast_wpseo_opengraph-image":null,"_yoast_wpseo_opengraph-description":null,"_yoast_wpseo_opengraph-title":null,"enclosure":null,"_yoast_wpseo_twitter-title":null,"_yoast_wpseo_twitter-description":null,"_yoast_wpseo_twitter-image":null,"_wp_old_slug":null,"_yoast_wpseo_title":null,"_yoast_wpseo_canonical":null,"yoast_head":"<!-- This site is optimized with the Yoast SEO plugin v27.5 - https:\/\/yoast.com\/product\/yoast-seo-wordpress\/ -->\n<title>50 Jahre BDS: 1976 \u2013 2026 \u00abBDS im Wandel der Zeit\u00bb - Save<\/title>\n<meta name=\"description\" content=\"Seit 50 Jahren ist die BDS Security Design AG ein etablierter Name in der Schweizer Sicherheits- und Brandschutzbranche.\" \/>\n<meta name=\"robots\" content=\"index, follow, max-snippet:-1, max-image-preview:large, max-video-preview:-1\" \/>\n<link rel=\"canonical\" href=\"https:\/\/news.save.ch\/fr\/bds\/\" \/>\n<meta property=\"og:locale\" content=\"fr_FR\" \/>\n<meta property=\"og:type\" content=\"article\" \/>\n<meta property=\"og:title\" content=\"50 Jahre BDS: 1976 \u2013 2026 \u00abBDS im Wandel der Zeit\u00bb - Save\" \/>\n<meta property=\"og:description\" content=\"Seit 50 Jahren ist die BDS Security Design AG ein etablierter Name in der Schweizer Sicherheits- und Brandschutzbranche.\" \/>\n<meta property=\"og:url\" content=\"https:\/\/news.save.ch\/fr\/bds\/\" \/>\n<meta property=\"og:site_name\" content=\"Save\" \/>\n<meta property=\"article:published_time\" content=\"2026-03-29T08:43:44+00:00\" \/>\n<meta property=\"article:modified_time\" content=\"2026-04-29T08:44:38+00:00\" \/>\n<meta property=\"og:image\" content=\"https:\/\/news.save.ch\/wp-content\/uploads\/2026\/04\/GL-2007-Levi-1-I.O.jpg\" \/>\n\t<meta property=\"og:image:width\" content=\"640\" \/>\n\t<meta property=\"og:image:height\" content=\"480\" \/>\n\t<meta property=\"og:image:type\" content=\"image\/jpeg\" \/>\n<meta name=\"author\" content=\"stefanie Zeng\" \/>\n<meta name=\"twitter:card\" content=\"summary_large_image\" \/>\n<meta name=\"twitter:label1\" content=\"\u00c9crit par\" \/>\n\t<meta name=\"twitter:data1\" content=\"stefanie Zeng\" \/>\n\t<meta name=\"twitter:label2\" content=\"Dur\u00e9e de lecture estim\u00e9e\" \/>\n\t<meta name=\"twitter:data2\" content=\"5 minutes\" \/>\n<script type=\"application\/ld+json\" class=\"yoast-schema-graph\">{\"@context\":\"https:\\\/\\\/schema.org\",\"@graph\":[{\"@type\":\"Article\",\"@id\":\"https:\\\/\\\/news.save.ch\\\/bds\\\/#article\",\"isPartOf\":{\"@id\":\"https:\\\/\\\/news.save.ch\\\/bds\\\/\"},\"author\":{\"name\":\"stefanie Zeng\",\"@id\":\"https:\\\/\\\/news.save.ch\\\/de\\\/#\\\/schema\\\/person\\\/10917387362b3961e882740f6cf6f2a2\"},\"headline\":\"50 Jahre BDS: 1976 \u2013 2026 \u00abBDS im Wandel der Zeit\u00bb\",\"datePublished\":\"2026-03-29T08:43:44+00:00\",\"dateModified\":\"2026-04-29T08:44:38+00:00\",\"mainEntityOfPage\":{\"@id\":\"https:\\\/\\\/news.save.ch\\\/bds\\\/\"},\"wordCount\":722,\"publisher\":{\"@id\":\"https:\\\/\\\/news.save.ch\\\/de\\\/#organization\"},\"image\":{\"@id\":\"https:\\\/\\\/news.save.ch\\\/bds\\\/#primaryimage\"},\"thumbnailUrl\":\"https:\\\/\\\/news.save.ch\\\/wp-content\\\/uploads\\\/2026\\\/04\\\/GL-2007-Levi-1-I.O.jpg\",\"keywords\":[\"BDS Security Design AG\",\"Jubil\u00e4um\"],\"articleSection\":[\"BRANDSCHUTZ\",\"SICHERHEIT\"],\"inLanguage\":\"fr-FR\"},{\"@type\":\"WebPage\",\"@id\":\"https:\\\/\\\/news.save.ch\\\/bds\\\/\",\"url\":\"https:\\\/\\\/news.save.ch\\\/bds\\\/\",\"name\":\"50 Jahre BDS: 1976 \u2013 2026 \u00abBDS im Wandel der Zeit\u00bb - Save\",\"isPartOf\":{\"@id\":\"https:\\\/\\\/news.save.ch\\\/de\\\/#website\"},\"primaryImageOfPage\":{\"@id\":\"https:\\\/\\\/news.save.ch\\\/bds\\\/#primaryimage\"},\"image\":{\"@id\":\"https:\\\/\\\/news.save.ch\\\/bds\\\/#primaryimage\"},\"thumbnailUrl\":\"https:\\\/\\\/news.save.ch\\\/wp-content\\\/uploads\\\/2026\\\/04\\\/GL-2007-Levi-1-I.O.jpg\",\"datePublished\":\"2026-03-29T08:43:44+00:00\",\"dateModified\":\"2026-04-29T08:44:38+00:00\",\"description\":\"Seit 50 Jahren ist die BDS Security Design AG ein etablierter Name in der Schweizer Sicherheits- und Brandschutzbranche.\",\"breadcrumb\":{\"@id\":\"https:\\\/\\\/news.save.ch\\\/bds\\\/#breadcrumb\"},\"inLanguage\":\"fr-FR\",\"potentialAction\":[{\"@type\":\"ReadAction\",\"target\":[\"https:\\\/\\\/news.save.ch\\\/bds\\\/\"]}]},{\"@type\":\"ImageObject\",\"inLanguage\":\"fr-FR\",\"@id\":\"https:\\\/\\\/news.save.ch\\\/bds\\\/#primaryimage\",\"url\":\"https:\\\/\\\/news.save.ch\\\/wp-content\\\/uploads\\\/2026\\\/04\\\/GL-2007-Levi-1-I.O.jpg\",\"contentUrl\":\"https:\\\/\\\/news.save.ch\\\/wp-content\\\/uploads\\\/2026\\\/04\\\/GL-2007-Levi-1-I.O.jpg\"},{\"@type\":\"BreadcrumbList\",\"@id\":\"https:\\\/\\\/news.save.ch\\\/bds\\\/#breadcrumb\",\"itemListElement\":[{\"@type\":\"ListItem\",\"position\":1,\"name\":\"Home\",\"item\":\"https:\\\/\\\/news.save.ch\\\/de\\\/\"},{\"@type\":\"ListItem\",\"position\":2,\"name\":\"50 Jahre BDS: 1976 \u2013 2026 \u00abBDS im Wandel der Zeit\u00bb\"}]},{\"@type\":\"WebSite\",\"@id\":\"https:\\\/\\\/news.save.ch\\\/de\\\/#website\",\"url\":\"https:\\\/\\\/news.save.ch\\\/de\\\/\",\"name\":\"Save\",\"description\":\"Schweizer Fachzeitschrift f\u00fcr Sicherheit\",\"publisher\":{\"@id\":\"https:\\\/\\\/news.save.ch\\\/de\\\/#organization\"},\"potentialAction\":[{\"@type\":\"SearchAction\",\"target\":{\"@type\":\"EntryPoint\",\"urlTemplate\":\"https:\\\/\\\/news.save.ch\\\/de\\\/?s={search_term_string}\"},\"query-input\":{\"@type\":\"PropertyValueSpecification\",\"valueRequired\":true,\"valueName\":\"search_term_string\"}}],\"inLanguage\":\"fr-FR\"},{\"@type\":\"Organization\",\"@id\":\"https:\\\/\\\/news.save.ch\\\/de\\\/#organization\",\"name\":\"Sicherheitsforum\",\"url\":\"https:\\\/\\\/news.save.ch\\\/de\\\/\",\"logo\":{\"@type\":\"ImageObject\",\"inLanguage\":\"fr-FR\",\"@id\":\"https:\\\/\\\/news.save.ch\\\/de\\\/#\\\/schema\\\/logo\\\/image\\\/\",\"url\":\"https:\\\/\\\/news.save.ch\\\/wp-content\\\/uploads\\\/2022\\\/06\\\/Logo_SF_2012.png\",\"contentUrl\":\"https:\\\/\\\/news.save.ch\\\/wp-content\\\/uploads\\\/2022\\\/06\\\/Logo_SF_2012.png\",\"width\":1100,\"height\":91,\"caption\":\"Sicherheitsforum\"},\"image\":{\"@id\":\"https:\\\/\\\/news.save.ch\\\/de\\\/#\\\/schema\\\/logo\\\/image\\\/\"}},{\"@type\":\"Person\",\"@id\":\"https:\\\/\\\/news.save.ch\\\/de\\\/#\\\/schema\\\/person\\\/10917387362b3961e882740f6cf6f2a2\",\"name\":\"stefanie Zeng\",\"image\":{\"@type\":\"ImageObject\",\"inLanguage\":\"fr-FR\",\"@id\":\"https:\\\/\\\/secure.gravatar.com\\\/avatar\\\/eac43faa6e40bb2c41068c95c9d78bbd94c476d5efdff7abaab80bb3ea681e06?s=96&d=mm&r=g\",\"url\":\"https:\\\/\\\/secure.gravatar.com\\\/avatar\\\/eac43faa6e40bb2c41068c95c9d78bbd94c476d5efdff7abaab80bb3ea681e06?s=96&d=mm&r=g\",\"contentUrl\":\"https:\\\/\\\/secure.gravatar.com\\\/avatar\\\/eac43faa6e40bb2c41068c95c9d78bbd94c476d5efdff7abaab80bb3ea681e06?s=96&d=mm&r=g\",\"caption\":\"stefanie Zeng\"},\"url\":\"https:\\\/\\\/news.save.ch\\\/fr\\\/author\\\/stefanie-zeng\\\/\"}]}<\/script>\n<!-- \/ Yoast SEO plugin. -->","yoast_head_json":{"title":"50 ans du BDS : 1976 - 2026 \u00abLe BDS au fil du temps\u00bb - Save","description":"Depuis 50 ans, BDS Security Design AG est un nom \u00e9tabli dans le secteur suisse de la s\u00e9curit\u00e9 et de la protection incendie.","robots":{"index":"index","follow":"follow","max-snippet":"max-snippet:-1","max-image-preview":"max-image-preview:large","max-video-preview":"max-video-preview:-1"},"canonical":"https:\/\/news.save.ch\/fr\/bds\/","og_locale":"fr_FR","og_type":"article","og_title":"50 Jahre BDS: 1976 \u2013 2026 \u00abBDS im Wandel der Zeit\u00bb - Save","og_description":"Seit 50 Jahren ist die BDS Security Design AG ein etablierter Name in der Schweizer Sicherheits- und Brandschutzbranche.","og_url":"https:\/\/news.save.ch\/fr\/bds\/","og_site_name":"Save","article_published_time":"2026-03-29T08:43:44+00:00","article_modified_time":"2026-04-29T08:44:38+00:00","og_image":[{"width":640,"height":480,"url":"https:\/\/news.save.ch\/wp-content\/uploads\/2026\/04\/GL-2007-Levi-1-I.O.jpg","type":"image\/jpeg"}],"author":"stefanie Zeng","twitter_card":"summary_large_image","twitter_misc":{"\u00c9crit par":"stefanie Zeng","Dur\u00e9e de lecture estim\u00e9e":"5 minutes"},"schema":{"@context":"https:\/\/schema.org","@graph":[{"@type":"Article","@id":"https:\/\/news.save.ch\/bds\/#article","isPartOf":{"@id":"https:\/\/news.save.ch\/bds\/"},"author":{"name":"stefanie Zeng","@id":"https:\/\/news.save.ch\/de\/#\/schema\/person\/10917387362b3961e882740f6cf6f2a2"},"headline":"50 Jahre BDS: 1976 \u2013 2026 \u00abBDS im Wandel der Zeit\u00bb","datePublished":"2026-03-29T08:43:44+00:00","dateModified":"2026-04-29T08:44:38+00:00","mainEntityOfPage":{"@id":"https:\/\/news.save.ch\/bds\/"},"wordCount":722,"publisher":{"@id":"https:\/\/news.save.ch\/de\/#organization"},"image":{"@id":"https:\/\/news.save.ch\/bds\/#primaryimage"},"thumbnailUrl":"https:\/\/news.save.ch\/wp-content\/uploads\/2026\/04\/GL-2007-Levi-1-I.O.jpg","keywords":["BDS Security Design AG","Jubil\u00e4um"],"articleSection":["BRANDSCHUTZ","SICHERHEIT"],"inLanguage":"fr-FR"},{"@type":"WebPage","@id":"https:\/\/news.save.ch\/bds\/","url":"https:\/\/news.save.ch\/bds\/","name":"50 ans du BDS : 1976 - 2026 \u00abLe BDS au fil du temps\u00bb - Save","isPartOf":{"@id":"https:\/\/news.save.ch\/de\/#website"},"primaryImageOfPage":{"@id":"https:\/\/news.save.ch\/bds\/#primaryimage"},"image":{"@id":"https:\/\/news.save.ch\/bds\/#primaryimage"},"thumbnailUrl":"https:\/\/news.save.ch\/wp-content\/uploads\/2026\/04\/GL-2007-Levi-1-I.O.jpg","datePublished":"2026-03-29T08:43:44+00:00","dateModified":"2026-04-29T08:44:38+00:00","description":"Depuis 50 ans, BDS Security Design AG est un nom \u00e9tabli dans le secteur suisse de la s\u00e9curit\u00e9 et de la protection incendie.","breadcrumb":{"@id":"https:\/\/news.save.ch\/bds\/#breadcrumb"},"inLanguage":"fr-FR","potentialAction":[{"@type":"ReadAction","target":["https:\/\/news.save.ch\/bds\/"]}]},{"@type":"ImageObject","inLanguage":"fr-FR","@id":"https:\/\/news.save.ch\/bds\/#primaryimage","url":"https:\/\/news.save.ch\/wp-content\/uploads\/2026\/04\/GL-2007-Levi-1-I.O.jpg","contentUrl":"https:\/\/news.save.ch\/wp-content\/uploads\/2026\/04\/GL-2007-Levi-1-I.O.jpg"},{"@type":"BreadcrumbList","@id":"https:\/\/news.save.ch\/bds\/#breadcrumb","itemListElement":[{"@type":"ListItem","position":1,"name":"Home","item":"https:\/\/news.save.ch\/de\/"},{"@type":"ListItem","position":2,"name":"50 Jahre BDS: 1976 \u2013 2026 \u00abBDS im Wandel der Zeit\u00bb"}]},{"@type":"WebSite","@id":"https:\/\/news.save.ch\/de\/#website","url":"https:\/\/news.save.ch\/de\/","name":"Save","description":"Revue suisse sp\u00e9cialis\u00e9e dans la s\u00e9curit\u00e9","publisher":{"@id":"https:\/\/news.save.ch\/de\/#organization"},"potentialAction":[{"@type":"SearchAction","target":{"@type":"EntryPoint","urlTemplate":"https:\/\/news.save.ch\/de\/?s={search_term_string}"},"query-input":{"@type":"PropertyValueSpecification","valueRequired":true,"valueName":"search_term_string"}}],"inLanguage":"fr-FR"},{"@type":"Organization","@id":"https:\/\/news.save.ch\/de\/#organization","name":"Forum sur la s\u00e9curit\u00e9","url":"https:\/\/news.save.ch\/de\/","logo":{"@type":"ImageObject","inLanguage":"fr-FR","@id":"https:\/\/news.save.ch\/de\/#\/schema\/logo\/image\/","url":"https:\/\/news.save.ch\/wp-content\/uploads\/2022\/06\/Logo_SF_2012.png","contentUrl":"https:\/\/news.save.ch\/wp-content\/uploads\/2022\/06\/Logo_SF_2012.png","width":1100,"height":91,"caption":"Sicherheitsforum"},"image":{"@id":"https:\/\/news.save.ch\/de\/#\/schema\/logo\/image\/"}},{"@type":"Person","@id":"https:\/\/news.save.ch\/de\/#\/schema\/person\/10917387362b3961e882740f6cf6f2a2","name":"stefanie Zeng","image":{"@type":"ImageObject","inLanguage":"fr-FR","@id":"https:\/\/secure.gravatar.com\/avatar\/eac43faa6e40bb2c41068c95c9d78bbd94c476d5efdff7abaab80bb3ea681e06?s=96&d=mm&r=g","url":"https:\/\/secure.gravatar.com\/avatar\/eac43faa6e40bb2c41068c95c9d78bbd94c476d5efdff7abaab80bb3ea681e06?s=96&d=mm&r=g","contentUrl":"https:\/\/secure.gravatar.com\/avatar\/eac43faa6e40bb2c41068c95c9d78bbd94c476d5efdff7abaab80bb3ea681e06?s=96&d=mm&r=g","caption":"stefanie Zeng"},"url":"https:\/\/news.save.ch\/fr\/author\/stefanie-zeng\/"}]}},"_links":{"self":[{"href":"https:\/\/news.save.ch\/fr\/wp-json\/wp\/v2\/posts\/25175","targetHints":{"allow":["GET"]}}],"collection":[{"href":"https:\/\/news.save.ch\/fr\/wp-json\/wp\/v2\/posts"}],"about":[{"href":"https:\/\/news.save.ch\/fr\/wp-json\/wp\/v2\/types\/post"}],"author":[{"embeddable":true,"href":"https:\/\/news.save.ch\/fr\/wp-json\/wp\/v2\/users\/31"}],"replies":[{"embeddable":true,"href":"https:\/\/news.save.ch\/fr\/wp-json\/wp\/v2\/comments?post=25175"}],"version-history":[{"count":1,"href":"https:\/\/news.save.ch\/fr\/wp-json\/wp\/v2\/posts\/25175\/revisions"}],"predecessor-version":[{"id":25178,"href":"https:\/\/news.save.ch\/fr\/wp-json\/wp\/v2\/posts\/25175\/revisions\/25178"}],"wp:attachment":[{"href":"https:\/\/news.save.ch\/fr\/wp-json\/wp\/v2\/media?parent=25175"}],"wp:term":[{"taxonomy":"category","embeddable":true,"href":"https:\/\/news.save.ch\/fr\/wp-json\/wp\/v2\/categories?post=25175"},{"taxonomy":"post_tag","embeddable":true,"href":"https:\/\/news.save.ch\/fr\/wp-json\/wp\/v2\/tags?post=25175"}],"curies":[{"name":"wp","href":"https:\/\/api.w.org\/{rel}","templated":true}]}}