{"id":2522,"date":"2016-07-04T12:26:07","date_gmt":"2016-07-04T10:26:07","guid":{"rendered":"https:\/\/dev.sicherheitsforum.ch\/?p=2522"},"modified":"2023-03-14T09:00:03","modified_gmt":"2023-03-14T08:00:03","slug":"salto-schweiz-baut-aus","status":null,"type":"post","link":"https:\/\/news.save.ch\/fr\/salto-schweiz-baut-aus\/","title":{"rendered":"Salto Suisse s'agrandit"},"content":{"rendered":"<figure id=\"attachment_2528\" aria-describedby=\"caption-attachment-2528\" style=\"width: 667px\" class=\"wp-caption alignnone\"><img loading=\"lazy\" decoding=\"async\" class=\"wp-image-2528 size-medium\" src=\"https:\/\/news.save.ch\/wp-content\/uploads\/2016\/12\/Salto-Schweiz-baut-aus_urs_sicherheitsforum.jpg\" width=\"667\" height=\"1000\" \/><figcaption id=\"caption-attachment-2528\" class=\"wp-caption-text\">Urs Anliker<\/figcaption><\/figure>\n<p>Qui est nouveau et pour quoi chez <a href=\"https:\/\/www.saltosystems.com\/de-ch\/\" target=\"_blank\" data-cke-saved-href=\"https:\/\/www.saltosystems.com\/de-ch\/\" rel=\"noopener\">Salto Suisse<\/a> comp\u00e9tent ?<\/p>\n<ul>\n<li>Urs Anliker (56 ans) occupe depuis le 1er juin 2016 le poste nouvellement cr\u00e9\u00e9 de responsable des partenaires en Suisse al\u00e9manique et au Tessin. Dans cette fonction, il soutient et conseille les partenaires Salto dans l'acquisition, l'extension et la planification de nouveaux projets et de projets existants. Anliker travaille depuis plus de six ans pour l'entreprise dans la vente et dispose en outre de plus de 30 ans d'exp\u00e9rience dans la distribution directe et indirecte.<\/li>\n<li>Martin Graf (36 ans) a repris la distribution des solutions Salto en Suisse orientale depuis le 1er janvier 2016. Il est pass\u00e9 du d\u00e9partement technique \u00e0 la vente et est donc parfaitement familiaris\u00e9 avec les solutions et les processus internes de l'entreprise. L'acquisition de nouveaux projets ainsi que le conseil aux planificateurs et aux clients de la r\u00e9gion font partie de ses t\u00e2ches.<\/li>\n<li>Depuis le 1er f\u00e9vrier 2016, Andreas Neher (36 ans) est responsable du suivi des grands clients en Suisse en tant que Key Account Manager. Il se concentre sur les entreprises et les groupes d'entreprises ayant un champ d'activit\u00e9 national dans les segments cibles de Salto.<\/li>\n<li>Michael Ritter (28 ans) travaille depuis le 1er f\u00e9vrier 2016 en tant que chef de projet. Dans cette fonction, il est responsable de la mise en \u0153uvre des solutions syst\u00e8me de Salto et soutient \u00e9galement les partenaires dans la r\u00e9alisation de leurs projets.<\/li>\n<li>Christian Drack (48 ans) a rejoint l'entreprise et est responsable depuis le 1er juin de la distribution des solutions Salto en Suisse centrale ainsi que dans les cantons de Zurich, d'Argovie, de Schaffhouse et de Glaris. L'acquisition de nouveaux projets ainsi que le conseil aux planificateurs et aux clients dans cette r\u00e9gion font partie de ses t\u00e2ches.<\/li>\n<li>Christian Walder (27 ans) est responsable du support technique et des r\u00e9parations \u00e0 Eschlikon depuis novembre 2015. Les t\u00e2ches de cet informaticien de formation comprennent principalement le soutien technique des clients finaux et des partenaires.<\/li>\n<\/ul>\n<figure id=\"attachment_2527\" aria-describedby=\"caption-attachment-2527\" style=\"width: 425px\" class=\"wp-caption alignnone\"><img loading=\"lazy\" decoding=\"async\" class=\"wp-image-2527 size-full\" src=\"https:\/\/news.save.ch\/wp-content\/uploads\/2016\/12\/Salto-Schweiz-baut-aus_martin_sicherheitsforum.jpg\" width=\"425\" height=\"638\" srcset=\"https:\/\/news.save.ch\/wp-content\/uploads\/2016\/12\/Salto-Schweiz-baut-aus_martin_sicherheitsforum.jpg 425w, https:\/\/news.save.ch\/wp-content\/uploads\/2016\/12\/Salto-Schweiz-baut-aus_martin_sicherheitsforum-200x300.jpg 200w\" sizes=\"auto, (max-width: 425px) 100vw, 425px\" \/><figcaption id=\"caption-attachment-2527\" class=\"wp-caption-text\">Martin Graf<\/figcaption><\/figure>\n<figure id=\"attachment_2526\" aria-describedby=\"caption-attachment-2526\" style=\"width: 425px\" class=\"wp-caption alignnone\"><img loading=\"lazy\" decoding=\"async\" class=\"wp-image-2526 size-full\" src=\"https:\/\/news.save.ch\/wp-content\/uploads\/2016\/12\/Salto-Schweiz-baut-aus_andreas_sicherheitsforum.jpg\" width=\"425\" height=\"638\" srcset=\"https:\/\/news.save.ch\/wp-content\/uploads\/2016\/12\/Salto-Schweiz-baut-aus_andreas_sicherheitsforum.jpg 425w, https:\/\/news.save.ch\/wp-content\/uploads\/2016\/12\/Salto-Schweiz-baut-aus_andreas_sicherheitsforum-200x300.jpg 200w\" sizes=\"auto, (max-width: 425px) 100vw, 425px\" \/><figcaption id=\"caption-attachment-2526\" class=\"wp-caption-text\">Andreas Neher<\/figcaption><\/figure>\n<figure id=\"attachment_2525\" aria-describedby=\"caption-attachment-2525\" style=\"width: 425px\" class=\"wp-caption alignnone\"><img loading=\"lazy\" decoding=\"async\" class=\"wp-image-2525 size-full\" src=\"https:\/\/news.save.ch\/wp-content\/uploads\/2016\/12\/Salto-Schweiz-baut-aus_michael_sicherheitsforum.jpg\" width=\"425\" height=\"638\" srcset=\"https:\/\/news.save.ch\/wp-content\/uploads\/2016\/12\/Salto-Schweiz-baut-aus_michael_sicherheitsforum.jpg 425w, https:\/\/news.save.ch\/wp-content\/uploads\/2016\/12\/Salto-Schweiz-baut-aus_michael_sicherheitsforum-200x300.jpg 200w\" sizes=\"auto, (max-width: 425px) 100vw, 425px\" \/><figcaption id=\"caption-attachment-2525\" class=\"wp-caption-text\">Michael Ritter<\/figcaption><\/figure>\n<figure id=\"attachment_2524\" aria-describedby=\"caption-attachment-2524\" style=\"width: 667px\" class=\"wp-caption alignnone\"><img loading=\"lazy\" decoding=\"async\" class=\"wp-image-2524 size-medium\" src=\"https:\/\/news.save.ch\/wp-content\/uploads\/2016\/12\/Salto-Schweiz-baut-aus_Christian_sicherheitsforum.jpg\" width=\"667\" height=\"1000\" \/><figcaption id=\"caption-attachment-2524\" class=\"wp-caption-text\">Christian Drack<\/figcaption><\/figure>\n<figure id=\"attachment_2523\" aria-describedby=\"caption-attachment-2523\" style=\"width: 425px\" class=\"wp-caption alignnone\"><img loading=\"lazy\" decoding=\"async\" class=\"wp-image-2523 size-full\" src=\"https:\/\/news.save.ch\/wp-content\/uploads\/2016\/12\/Salto-Schweiz-baut-aus_walder_sicherheitsforum.jpg\" width=\"425\" height=\"638\" srcset=\"https:\/\/news.save.ch\/wp-content\/uploads\/2016\/12\/Salto-Schweiz-baut-aus_walder_sicherheitsforum.jpg 425w, https:\/\/news.save.ch\/wp-content\/uploads\/2016\/12\/Salto-Schweiz-baut-aus_walder_sicherheitsforum-200x300.jpg 200w\" sizes=\"auto, (max-width: 425px) 100vw, 425px\" \/><figcaption id=\"caption-attachment-2523\" class=\"wp-caption-text\">Christian Walder<\/figcaption><\/figure>","protected":false},"excerpt":{"rendered":"<p>Wer ist neu f\u00fcr was bei Salto Schweiz zust\u00e4ndig? Urs Anliker (56) besetzt seit 1. Juni 2016 die neu geschaffene Stelle als Partnerbetreuer in der Deutschschweiz und im Tessin. In dieser Funktion unterst\u00fctzt und ber\u00e4t er die Salto-Partner bei der Akquise, Erweiterung und Planung von Neu- und Bestandsprojekten. Anliker arbeitet seit \u00fcber sechs Jahren f\u00fcr [&hellip;]<\/p>\n","protected":false},"author":1,"featured_media":2528,"comment_status":"open","ping_status":"open","sticky":false,"template":"","format":"standard","meta":{"_acf_changed":false,"pgc_sgb_lightbox_settings":"","footnotes":""},"categories":[3312],"tags":[65,157,158,90],"class_list":["post-2522","post","type-post","status-publish","format-standard","has-post-thumbnail","hentry","category-sicherheit","tag-unternehmen","tag-video-security","tag-zutrittskontrolle","tag-zutrittskontrollevideo-security"],"acf":[],"hkrextid":null,"publication":null,"issue":null,"workflow":null,"startPage":null,"spitzmarke":null,"_posts_by_tag_page_fields":{"widget_title":"","widget_tags":""},"_at_widget":"1","_yoast_wpseo_primary_category":"3303","_yoast_wpseo_focuskw_text_input":"Salto Schweiz","_yoast_wpseo_opengraph-image":"https:\/\/news.save.ch\/wp-content\/uploads\/2016\/12\/Salto-Schweiz-baut-aus_urs_sicherheitsforum.jpg","_yoast_wpseo_opengraph-description":"Die Salto Systems AG in Eschlikon hat ihr Team erweitert.","_yoast_wpseo_opengraph-title":"Salto Schweiz baut aus","enclosure":null,"_yoast_wpseo_twitter-title":null,"_yoast_wpseo_twitter-description":null,"_yoast_wpseo_twitter-image":null,"_wp_old_slug":null,"_yoast_wpseo_title":null,"_yoast_wpseo_canonical":null,"yoast_head":"<!-- This site is optimized with the Yoast SEO plugin v27.4 - https:\/\/yoast.com\/product\/yoast-seo-wordpress\/ -->\n<title>Salto Schweiz baut aus - Save<\/title>\n<meta name=\"description\" content=\"Die Salto Systems AG in Eschlikon hat ihr Team erweitert.\" \/>\n<meta name=\"robots\" content=\"index, follow, max-snippet:-1, max-image-preview:large, max-video-preview:-1\" \/>\n<link rel=\"canonical\" href=\"https:\/\/news.save.ch\/fr\/salto-schweiz-baut-aus\/\" \/>\n<meta property=\"og:locale\" content=\"fr_FR\" \/>\n<meta property=\"og:type\" content=\"article\" \/>\n<meta property=\"og:title\" content=\"Salto Schweiz baut aus\" \/>\n<meta property=\"og:description\" content=\"Die Salto Systems AG in Eschlikon hat ihr Team erweitert.\" \/>\n<meta property=\"og:url\" content=\"https:\/\/news.save.ch\/fr\/salto-schweiz-baut-aus\/\" \/>\n<meta property=\"og:site_name\" content=\"Save\" \/>\n<meta property=\"article:published_time\" content=\"2016-07-04T10:26:07+00:00\" \/>\n<meta property=\"article:modified_time\" content=\"2023-03-14T08:00:03+00:00\" \/>\n<meta property=\"og:image\" content=\"https:\/\/news.save.ch\/wp-content\/uploads\/2016\/12\/Salto-Schweiz-baut-aus_urs_sicherheitsforum.jpg\" \/>\n<meta name=\"author\" content=\"admin\" \/>\n<meta name=\"twitter:card\" content=\"summary_large_image\" \/>\n<meta name=\"twitter:label1\" content=\"\u00c9crit par\" \/>\n\t<meta name=\"twitter:data1\" content=\"admin\" \/>\n\t<meta name=\"twitter:label2\" content=\"Dur\u00e9e de lecture estim\u00e9e\" \/>\n\t<meta name=\"twitter:data2\" content=\"2 minutes\" \/>\n<script type=\"application\/ld+json\" class=\"yoast-schema-graph\">{\"@context\":\"https:\\\/\\\/schema.org\",\"@graph\":[{\"@type\":\"Article\",\"@id\":\"https:\\\/\\\/news.save.ch\\\/salto-schweiz-baut-aus\\\/#article\",\"isPartOf\":{\"@id\":\"https:\\\/\\\/news.save.ch\\\/salto-schweiz-baut-aus\\\/\"},\"author\":{\"name\":\"admin\",\"@id\":\"https:\\\/\\\/news.save.ch\\\/de\\\/#\\\/schema\\\/person\\\/d49e199490bad7c70d64b9ab51142f2b\"},\"headline\":\"Salto Schweiz baut aus\",\"datePublished\":\"2016-07-04T10:26:07+00:00\",\"dateModified\":\"2023-03-14T08:00:03+00:00\",\"mainEntityOfPage\":{\"@id\":\"https:\\\/\\\/news.save.ch\\\/salto-schweiz-baut-aus\\\/\"},\"wordCount\":341,\"commentCount\":0,\"publisher\":{\"@id\":\"https:\\\/\\\/news.save.ch\\\/de\\\/#organization\"},\"image\":{\"@id\":\"https:\\\/\\\/news.save.ch\\\/salto-schweiz-baut-aus\\\/#primaryimage\"},\"thumbnailUrl\":\"https:\\\/\\\/news.save.ch\\\/wp-content\\\/uploads\\\/2016\\\/12\\\/Salto-Schweiz-baut-aus_urs_sicherheitsforum-scaled.jpg\",\"keywords\":[\"Unternehmen\",\"Video-Security\",\"Zutrittskontrolle\",\"Zutrittskontrolle\\\/Video-Security\"],\"articleSection\":[\"SICHERHEIT\"],\"inLanguage\":\"fr-FR\"},{\"@type\":\"WebPage\",\"@id\":\"https:\\\/\\\/news.save.ch\\\/salto-schweiz-baut-aus\\\/\",\"url\":\"https:\\\/\\\/news.save.ch\\\/salto-schweiz-baut-aus\\\/\",\"name\":\"Salto Schweiz baut aus - Save\",\"isPartOf\":{\"@id\":\"https:\\\/\\\/news.save.ch\\\/de\\\/#website\"},\"primaryImageOfPage\":{\"@id\":\"https:\\\/\\\/news.save.ch\\\/salto-schweiz-baut-aus\\\/#primaryimage\"},\"image\":{\"@id\":\"https:\\\/\\\/news.save.ch\\\/salto-schweiz-baut-aus\\\/#primaryimage\"},\"thumbnailUrl\":\"https:\\\/\\\/news.save.ch\\\/wp-content\\\/uploads\\\/2016\\\/12\\\/Salto-Schweiz-baut-aus_urs_sicherheitsforum-scaled.jpg\",\"datePublished\":\"2016-07-04T10:26:07+00:00\",\"dateModified\":\"2023-03-14T08:00:03+00:00\",\"description\":\"Die Salto Systems AG in Eschlikon hat ihr Team erweitert.\",\"breadcrumb\":{\"@id\":\"https:\\\/\\\/news.save.ch\\\/salto-schweiz-baut-aus\\\/#breadcrumb\"},\"inLanguage\":\"fr-FR\",\"potentialAction\":[{\"@type\":\"ReadAction\",\"target\":[\"https:\\\/\\\/news.save.ch\\\/salto-schweiz-baut-aus\\\/\"]}]},{\"@type\":\"ImageObject\",\"inLanguage\":\"fr-FR\",\"@id\":\"https:\\\/\\\/news.save.ch\\\/salto-schweiz-baut-aus\\\/#primaryimage\",\"url\":\"https:\\\/\\\/news.save.ch\\\/wp-content\\\/uploads\\\/2016\\\/12\\\/Salto-Schweiz-baut-aus_urs_sicherheitsforum-scaled.jpg\",\"contentUrl\":\"https:\\\/\\\/news.save.ch\\\/wp-content\\\/uploads\\\/2016\\\/12\\\/Salto-Schweiz-baut-aus_urs_sicherheitsforum-scaled.jpg\",\"width\":934,\"height\":1400,\"caption\":\"Urs Anliker\"},{\"@type\":\"BreadcrumbList\",\"@id\":\"https:\\\/\\\/news.save.ch\\\/salto-schweiz-baut-aus\\\/#breadcrumb\",\"itemListElement\":[{\"@type\":\"ListItem\",\"position\":1,\"name\":\"Home\",\"item\":\"https:\\\/\\\/news.save.ch\\\/de\\\/\"},{\"@type\":\"ListItem\",\"position\":2,\"name\":\"Salto Schweiz baut aus\"}]},{\"@type\":\"WebSite\",\"@id\":\"https:\\\/\\\/news.save.ch\\\/de\\\/#website\",\"url\":\"https:\\\/\\\/news.save.ch\\\/de\\\/\",\"name\":\"Save\",\"description\":\"Schweizer Fachzeitschrift f\u00fcr Sicherheit\",\"publisher\":{\"@id\":\"https:\\\/\\\/news.save.ch\\\/de\\\/#organization\"},\"potentialAction\":[{\"@type\":\"SearchAction\",\"target\":{\"@type\":\"EntryPoint\",\"urlTemplate\":\"https:\\\/\\\/news.save.ch\\\/de\\\/?s={search_term_string}\"},\"query-input\":{\"@type\":\"PropertyValueSpecification\",\"valueRequired\":true,\"valueName\":\"search_term_string\"}}],\"inLanguage\":\"fr-FR\"},{\"@type\":\"Organization\",\"@id\":\"https:\\\/\\\/news.save.ch\\\/de\\\/#organization\",\"name\":\"Sicherheitsforum\",\"url\":\"https:\\\/\\\/news.save.ch\\\/de\\\/\",\"logo\":{\"@type\":\"ImageObject\",\"inLanguage\":\"fr-FR\",\"@id\":\"https:\\\/\\\/news.save.ch\\\/de\\\/#\\\/schema\\\/logo\\\/image\\\/\",\"url\":\"https:\\\/\\\/news.save.ch\\\/wp-content\\\/uploads\\\/2022\\\/06\\\/Logo_SF_2012.png\",\"contentUrl\":\"https:\\\/\\\/news.save.ch\\\/wp-content\\\/uploads\\\/2022\\\/06\\\/Logo_SF_2012.png\",\"width\":1100,\"height\":91,\"caption\":\"Sicherheitsforum\"},\"image\":{\"@id\":\"https:\\\/\\\/news.save.ch\\\/de\\\/#\\\/schema\\\/logo\\\/image\\\/\"}},{\"@type\":\"Person\",\"@id\":\"https:\\\/\\\/news.save.ch\\\/de\\\/#\\\/schema\\\/person\\\/d49e199490bad7c70d64b9ab51142f2b\",\"name\":\"admin\",\"image\":{\"@type\":\"ImageObject\",\"inLanguage\":\"fr-FR\",\"@id\":\"https:\\\/\\\/secure.gravatar.com\\\/avatar\\\/ae2f4d718e6c49043e314ce431e7e645d646302a24a5ef5a8bc8e3f5a032e319?s=96&d=mm&r=g\",\"url\":\"https:\\\/\\\/secure.gravatar.com\\\/avatar\\\/ae2f4d718e6c49043e314ce431e7e645d646302a24a5ef5a8bc8e3f5a032e319?s=96&d=mm&r=g\",\"contentUrl\":\"https:\\\/\\\/secure.gravatar.com\\\/avatar\\\/ae2f4d718e6c49043e314ce431e7e645d646302a24a5ef5a8bc8e3f5a032e319?s=96&d=mm&r=g\",\"caption\":\"admin\"},\"sameAs\":[\"https:\\\/\\\/develop.organisator.galledia.ch\"],\"url\":\"https:\\\/\\\/news.save.ch\\\/fr\\\/author\\\/admin\\\/\"}]}<\/script>\n<!-- \/ Yoast SEO plugin. -->","yoast_head_json":{"title":"Salto Suisse s'agrandit - Save","description":"L'entreprise Salto Systems AG \u00e0 Eschlikon a \u00e9largi son \u00e9quipe.","robots":{"index":"index","follow":"follow","max-snippet":"max-snippet:-1","max-image-preview":"max-image-preview:large","max-video-preview":"max-video-preview:-1"},"canonical":"https:\/\/news.save.ch\/fr\/salto-schweiz-baut-aus\/","og_locale":"fr_FR","og_type":"article","og_title":"Salto Schweiz baut aus","og_description":"Die Salto Systems AG in Eschlikon hat ihr Team erweitert.","og_url":"https:\/\/news.save.ch\/fr\/salto-schweiz-baut-aus\/","og_site_name":"Save","article_published_time":"2016-07-04T10:26:07+00:00","article_modified_time":"2023-03-14T08:00:03+00:00","og_image":[{"url":"https:\/\/news.save.ch\/wp-content\/uploads\/2016\/12\/Salto-Schweiz-baut-aus_urs_sicherheitsforum.jpg","type":"","width":"","height":""}],"author":"admin","twitter_card":"summary_large_image","twitter_misc":{"\u00c9crit par":"admin","Dur\u00e9e de lecture estim\u00e9e":"2 minutes"},"schema":{"@context":"https:\/\/schema.org","@graph":[{"@type":"Article","@id":"https:\/\/news.save.ch\/salto-schweiz-baut-aus\/#article","isPartOf":{"@id":"https:\/\/news.save.ch\/salto-schweiz-baut-aus\/"},"author":{"name":"admin","@id":"https:\/\/news.save.ch\/de\/#\/schema\/person\/d49e199490bad7c70d64b9ab51142f2b"},"headline":"Salto Schweiz baut aus","datePublished":"2016-07-04T10:26:07+00:00","dateModified":"2023-03-14T08:00:03+00:00","mainEntityOfPage":{"@id":"https:\/\/news.save.ch\/salto-schweiz-baut-aus\/"},"wordCount":341,"commentCount":0,"publisher":{"@id":"https:\/\/news.save.ch\/de\/#organization"},"image":{"@id":"https:\/\/news.save.ch\/salto-schweiz-baut-aus\/#primaryimage"},"thumbnailUrl":"https:\/\/news.save.ch\/wp-content\/uploads\/2016\/12\/Salto-Schweiz-baut-aus_urs_sicherheitsforum-scaled.jpg","keywords":["Unternehmen","Video-Security","Zutrittskontrolle","Zutrittskontrolle\/Video-Security"],"articleSection":["SICHERHEIT"],"inLanguage":"fr-FR"},{"@type":"WebPage","@id":"https:\/\/news.save.ch\/salto-schweiz-baut-aus\/","url":"https:\/\/news.save.ch\/salto-schweiz-baut-aus\/","name":"Salto Suisse s'agrandit - Save","isPartOf":{"@id":"https:\/\/news.save.ch\/de\/#website"},"primaryImageOfPage":{"@id":"https:\/\/news.save.ch\/salto-schweiz-baut-aus\/#primaryimage"},"image":{"@id":"https:\/\/news.save.ch\/salto-schweiz-baut-aus\/#primaryimage"},"thumbnailUrl":"https:\/\/news.save.ch\/wp-content\/uploads\/2016\/12\/Salto-Schweiz-baut-aus_urs_sicherheitsforum-scaled.jpg","datePublished":"2016-07-04T10:26:07+00:00","dateModified":"2023-03-14T08:00:03+00:00","description":"L'entreprise Salto Systems AG \u00e0 Eschlikon a \u00e9largi son \u00e9quipe.","breadcrumb":{"@id":"https:\/\/news.save.ch\/salto-schweiz-baut-aus\/#breadcrumb"},"inLanguage":"fr-FR","potentialAction":[{"@type":"ReadAction","target":["https:\/\/news.save.ch\/salto-schweiz-baut-aus\/"]}]},{"@type":"ImageObject","inLanguage":"fr-FR","@id":"https:\/\/news.save.ch\/salto-schweiz-baut-aus\/#primaryimage","url":"https:\/\/news.save.ch\/wp-content\/uploads\/2016\/12\/Salto-Schweiz-baut-aus_urs_sicherheitsforum-scaled.jpg","contentUrl":"https:\/\/news.save.ch\/wp-content\/uploads\/2016\/12\/Salto-Schweiz-baut-aus_urs_sicherheitsforum-scaled.jpg","width":934,"height":1400,"caption":"Urs Anliker"},{"@type":"BreadcrumbList","@id":"https:\/\/news.save.ch\/salto-schweiz-baut-aus\/#breadcrumb","itemListElement":[{"@type":"ListItem","position":1,"name":"Home","item":"https:\/\/news.save.ch\/de\/"},{"@type":"ListItem","position":2,"name":"Salto Schweiz baut aus"}]},{"@type":"WebSite","@id":"https:\/\/news.save.ch\/de\/#website","url":"https:\/\/news.save.ch\/de\/","name":"Save","description":"Revue suisse sp\u00e9cialis\u00e9e dans la s\u00e9curit\u00e9","publisher":{"@id":"https:\/\/news.save.ch\/de\/#organization"},"potentialAction":[{"@type":"SearchAction","target":{"@type":"EntryPoint","urlTemplate":"https:\/\/news.save.ch\/de\/?s={search_term_string}"},"query-input":{"@type":"PropertyValueSpecification","valueRequired":true,"valueName":"search_term_string"}}],"inLanguage":"fr-FR"},{"@type":"Organization","@id":"https:\/\/news.save.ch\/de\/#organization","name":"Forum sur la s\u00e9curit\u00e9","url":"https:\/\/news.save.ch\/de\/","logo":{"@type":"ImageObject","inLanguage":"fr-FR","@id":"https:\/\/news.save.ch\/de\/#\/schema\/logo\/image\/","url":"https:\/\/news.save.ch\/wp-content\/uploads\/2022\/06\/Logo_SF_2012.png","contentUrl":"https:\/\/news.save.ch\/wp-content\/uploads\/2022\/06\/Logo_SF_2012.png","width":1100,"height":91,"caption":"Sicherheitsforum"},"image":{"@id":"https:\/\/news.save.ch\/de\/#\/schema\/logo\/image\/"}},{"@type":"Person","@id":"https:\/\/news.save.ch\/de\/#\/schema\/person\/d49e199490bad7c70d64b9ab51142f2b","name":"admin","image":{"@type":"ImageObject","inLanguage":"fr-FR","@id":"https:\/\/secure.gravatar.com\/avatar\/ae2f4d718e6c49043e314ce431e7e645d646302a24a5ef5a8bc8e3f5a032e319?s=96&d=mm&r=g","url":"https:\/\/secure.gravatar.com\/avatar\/ae2f4d718e6c49043e314ce431e7e645d646302a24a5ef5a8bc8e3f5a032e319?s=96&d=mm&r=g","contentUrl":"https:\/\/secure.gravatar.com\/avatar\/ae2f4d718e6c49043e314ce431e7e645d646302a24a5ef5a8bc8e3f5a032e319?s=96&d=mm&r=g","caption":"admin"},"sameAs":["https:\/\/develop.organisator.galledia.ch"],"url":"https:\/\/news.save.ch\/fr\/author\/admin\/"}]}},"_links":{"self":[{"href":"https:\/\/news.save.ch\/fr\/wp-json\/wp\/v2\/posts\/2522","targetHints":{"allow":["GET"]}}],"collection":[{"href":"https:\/\/news.save.ch\/fr\/wp-json\/wp\/v2\/posts"}],"about":[{"href":"https:\/\/news.save.ch\/fr\/wp-json\/wp\/v2\/types\/post"}],"author":[{"embeddable":true,"href":"https:\/\/news.save.ch\/fr\/wp-json\/wp\/v2\/users\/1"}],"replies":[{"embeddable":true,"href":"https:\/\/news.save.ch\/fr\/wp-json\/wp\/v2\/comments?post=2522"}],"version-history":[{"count":1,"href":"https:\/\/news.save.ch\/fr\/wp-json\/wp\/v2\/posts\/2522\/revisions"}],"predecessor-version":[{"id":18004,"href":"https:\/\/news.save.ch\/fr\/wp-json\/wp\/v2\/posts\/2522\/revisions\/18004"}],"wp:featuredmedia":[{"embeddable":true,"href":"https:\/\/news.save.ch\/fr\/wp-json\/wp\/v2\/media\/2528"}],"wp:attachment":[{"href":"https:\/\/news.save.ch\/fr\/wp-json\/wp\/v2\/media?parent=2522"}],"wp:term":[{"taxonomy":"category","embeddable":true,"href":"https:\/\/news.save.ch\/fr\/wp-json\/wp\/v2\/categories?post=2522"},{"taxonomy":"post_tag","embeddable":true,"href":"https:\/\/news.save.ch\/fr\/wp-json\/wp\/v2\/tags?post=2522"}],"curies":[{"name":"wp","href":"https:\/\/api.w.org\/{rel}","templated":true}]}}