{"id":2540,"date":"2018-01-17T09:21:46","date_gmt":"2018-01-17T08:21:46","guid":{"rendered":"https:\/\/news.save.ch\/?p=2540"},"modified":"2023-03-14T09:04:17","modified_gmt":"2023-03-14T08:04:17","slug":"brandgefahr-bei-notebook-akkus","status":null,"type":"post","link":"https:\/\/news.save.ch\/fr\/brandgefahr-bei-notebook-akkus\/","title":{"rendered":"Risque d'incendie pour les batteries d'ordinateurs portables"},"content":{"rendered":"<p>&nbsp;<\/p>\n<figure id=\"attachment_2542\" aria-describedby=\"caption-attachment-2542\" style=\"width: 680px\" class=\"wp-caption alignnone\"><img loading=\"lazy\" decoding=\"async\" class=\"size-medium wp-image-2542\" src=\"http:\/\/develop.safety-plus.ch\/wp-content\/uploads\/2018\/01\/51042.gif\" alt=\"\" width=\"680\" height=\"857\" \/><figcaption id=\"caption-attachment-2542\" class=\"wp-caption-text\">Image d'un produit concern\u00e9 dont la batterie peut surchauffer ou prendre feu. \u00a9 HP<\/figcaption><\/figure>\n<p><b>Quel est le danger des produits concern\u00e9s ?<\/b><\/p>\n<p>Les batteries concern\u00e9es peuvent surchauffer et exposer les utilisateurs \u00e0 des risques de blessures par incendie ou par explosion. <a href=\"https:\/\/news.save.ch\/fr\/fasnachtszeit-vorsicht-brandgefahr\/\" target=\"_blank\" rel=\"noopener\">Incin\u00e9ration<\/a> suspendre.<\/p>\n<p><b>Quels sont les produits concern\u00e9s ?<\/b><\/p>\n<p>Les batteries concern\u00e9es ont \u00e9t\u00e9 livr\u00e9es avec les ordinateurs portables HP suivants, vendus entre d\u00e9cembre 2015 et d\u00e9cembre 2017 :<\/p>\n<ul>\n<li>HP 11, HP x360<\/li>\n<li>HP Pavilion x360<\/li>\n<li>HP ENVY m6<\/li>\n<li>HP ProBook 64x &amp; 65x G2 \/ G3 s\u00e9ries<\/li>\n<li>HP ZBook 17 G3 &amp; 17 G4 &amp; Studio G3<\/li>\n<\/ul>\n<p>Ils peuvent \u00e9galement avoir \u00e9t\u00e9 vendus en tant qu'accessoires ou pi\u00e8ces de rechange, ou mis \u00e0 disposition par le service apr\u00e8s-vente en tant que pi\u00e8ces de rechange.<\/p>\n<p><b>Que doivent faire les consommateurs concern\u00e9s ?<\/b><\/p>\n<p>HP demande aux clients d'aller sur <a href=\"http:\/\/www.hp.com\/go\/batteryprogram2018\" target=\"_blank\" rel=\"noopener\">Site web HP<\/a> de d\u00e9terminer si leur batterie est concern\u00e9e par le rappel du produit et de suivre les instructions sur ce site. Les batteries concern\u00e9es seront remplac\u00e9es gratuitement par HP.<\/p>\n<p><strong>Adresse pour les questions<\/strong><\/p>\n<p>Pour toute question, veuillez consulter la rubrique \"Nous contacter\" sur le site HP consacr\u00e9 au rappel des produits https:\/\/www.hp.com\/go\/batteryprogram2018 ou appeler l'un des num\u00e9ros du service client\u00e8le mondial : https:\/\/www.hp.com\/go\/Recallcontacthp<\/p>\n<p><strong>Texte :<br \/>\n<\/strong><a href=\"http:\/\/www.konsum.admin.ch\/\" target=\"_blank\" rel=\"noopener\">Bureau f\u00e9d\u00e9ral de la consommation <\/a><br \/>\n<a href=\"http:\/\/www.esti.admin.ch\" target=\"_blank\" rel=\"noopener\">Inspection f\u00e9d\u00e9rale des installations \u00e0 courant fort ESTI <\/a><br \/>\nAvertissement : les rappels et les informations sur la s\u00e9curit\u00e9 sont constitu\u00e9s de communiqu\u00e9s de presse des entreprises ou institutions concern\u00e9es, repris en partie ou en totalit\u00e9, et sont publi\u00e9s avec leur accord.<\/p>","protected":false},"excerpt":{"rendered":"<p>&nbsp; Welche Gefahr geht von den betroffenen Produkten aus? Die betroffenen Akkus k\u00f6nnen \u00fcberhitzen und die Benutzer einer Verletzungsgefahr durch Feuer und Verbrennung aussetzen. Welche Produkte sind betroffen? Die betroffenen Akkus wurden mit folgenden HP Notebooks geliefert, die zwischen Dezember 2015 und Dezember 2017 verkauft wurden: HP 11, HP x360 HP Pavilion x360 HP ENVY [&hellip;]<\/p>\n","protected":false},"author":1,"featured_media":16256,"comment_status":"open","ping_status":"open","sticky":false,"template":"","format":"standard","meta":{"_acf_changed":false,"pgc_sgb_lightbox_settings":"","footnotes":""},"categories":[1,3314],"tags":[1607,172,907,156,120,149,175,2623,141,310],"class_list":["post-2540","post","type-post","status-publish","format-standard","has-post-thumbnail","hentry","category-allgemein","category-health-safety","tag-akku","tag-arbeitssicherheit","tag-brandgefahr","tag-brandschutz","tag-bundesamt","tag-gesundheitsschutz","tag-nichtberufsunfaelle","tag-notebook","tag-praevention","tag-sicherheit"],"acf":[],"hkrextid":null,"publication":null,"issue":null,"workflow":null,"startPage":null,"spitzmarke":null,"_posts_by_tag_page_fields":{"widget_title":"","widget_tags":""},"_at_widget":"1","_yoast_wpseo_primary_category":"1","_yoast_wpseo_focuskw_text_input":"Brandgefahr bei Notebook-Akkus","_yoast_wpseo_opengraph-image":null,"_yoast_wpseo_opengraph-description":null,"_yoast_wpseo_opengraph-title":null,"enclosure":null,"_yoast_wpseo_twitter-title":null,"_yoast_wpseo_twitter-description":null,"_yoast_wpseo_twitter-image":null,"_wp_old_slug":null,"_yoast_wpseo_title":null,"_yoast_wpseo_canonical":null,"yoast_head":"<!-- This site is optimized with the Yoast SEO plugin v27.4 - https:\/\/yoast.com\/product\/yoast-seo-wordpress\/ -->\n<title>Brandgefahr bei Notebook-Akkus - Save<\/title>\n<meta name=\"robots\" content=\"index, follow, max-snippet:-1, max-image-preview:large, max-video-preview:-1\" \/>\n<link rel=\"canonical\" href=\"https:\/\/news.save.ch\/fr\/brandgefahr-bei-notebook-akkus\/\" \/>\n<meta property=\"og:locale\" content=\"fr_FR\" \/>\n<meta property=\"og:type\" content=\"article\" \/>\n<meta property=\"og:title\" content=\"Brandgefahr bei Notebook-Akkus - Save\" \/>\n<meta property=\"og:description\" content=\"&nbsp; Welche Gefahr geht von den betroffenen Produkten aus? Die betroffenen Akkus k\u00f6nnen \u00fcberhitzen und die Benutzer einer Verletzungsgefahr durch Feuer und Verbrennung aussetzen. Welche Produkte sind betroffen? Die betroffenen Akkus wurden mit folgenden HP Notebooks geliefert, die zwischen Dezember 2015 und Dezember 2017 verkauft wurden: HP 11, HP x360 HP Pavilion x360 HP ENVY [&hellip;]\" \/>\n<meta property=\"og:url\" content=\"https:\/\/news.save.ch\/fr\/brandgefahr-bei-notebook-akkus\/\" \/>\n<meta property=\"og:site_name\" content=\"Save\" \/>\n<meta property=\"article:published_time\" content=\"2018-01-17T08:21:46+00:00\" \/>\n<meta property=\"article:modified_time\" content=\"2023-03-14T08:04:17+00:00\" \/>\n<meta property=\"og:image\" content=\"https:\/\/news.save.ch\/wp-content\/uploads\/2018\/01\/51042-1.gif\" \/>\n\t<meta property=\"og:image:width\" content=\"800\" \/>\n\t<meta property=\"og:image:height\" content=\"1008\" \/>\n\t<meta property=\"og:image:type\" content=\"image\/gif\" \/>\n<meta name=\"author\" content=\"admin\" \/>\n<meta name=\"twitter:card\" content=\"summary_large_image\" \/>\n<meta name=\"twitter:label1\" content=\"\u00c9crit par\" \/>\n\t<meta name=\"twitter:data1\" content=\"admin\" \/>\n\t<meta name=\"twitter:label2\" content=\"Dur\u00e9e de lecture estim\u00e9e\" \/>\n\t<meta name=\"twitter:data2\" content=\"1 minute\" \/>\n<script type=\"application\/ld+json\" class=\"yoast-schema-graph\">{\"@context\":\"https:\\\/\\\/schema.org\",\"@graph\":[{\"@type\":\"Article\",\"@id\":\"https:\\\/\\\/news.save.ch\\\/brandgefahr-bei-notebook-akkus\\\/#article\",\"isPartOf\":{\"@id\":\"https:\\\/\\\/news.save.ch\\\/brandgefahr-bei-notebook-akkus\\\/\"},\"author\":{\"name\":\"admin\",\"@id\":\"https:\\\/\\\/news.save.ch\\\/de\\\/#\\\/schema\\\/person\\\/d49e199490bad7c70d64b9ab51142f2b\"},\"headline\":\"Brandgefahr bei Notebook-Akkus\",\"datePublished\":\"2018-01-17T08:21:46+00:00\",\"dateModified\":\"2023-03-14T08:04:17+00:00\",\"mainEntityOfPage\":{\"@id\":\"https:\\\/\\\/news.save.ch\\\/brandgefahr-bei-notebook-akkus\\\/\"},\"wordCount\":228,\"commentCount\":0,\"publisher\":{\"@id\":\"https:\\\/\\\/news.save.ch\\\/de\\\/#organization\"},\"image\":{\"@id\":\"https:\\\/\\\/news.save.ch\\\/brandgefahr-bei-notebook-akkus\\\/#primaryimage\"},\"thumbnailUrl\":\"https:\\\/\\\/news.save.ch\\\/wp-content\\\/uploads\\\/2018\\\/01\\\/51042-1.gif\",\"keywords\":[\"Akku\",\"Arbeitssicherheit\",\"Brandgefahr\",\"Brandschutz\",\"Bundesamt\",\"Gesundheitsschutz\",\"Nichtberufsunf\u00e4lle\",\"Notebook\",\"Pr\u00e4vention\",\"Sicherheit\"],\"articleSection\":[\"ALLGEMEIN\",\"HEALTH &amp; SAFETY\"],\"inLanguage\":\"fr-FR\"},{\"@type\":\"WebPage\",\"@id\":\"https:\\\/\\\/news.save.ch\\\/brandgefahr-bei-notebook-akkus\\\/\",\"url\":\"https:\\\/\\\/news.save.ch\\\/brandgefahr-bei-notebook-akkus\\\/\",\"name\":\"Brandgefahr bei Notebook-Akkus - Save\",\"isPartOf\":{\"@id\":\"https:\\\/\\\/news.save.ch\\\/de\\\/#website\"},\"primaryImageOfPage\":{\"@id\":\"https:\\\/\\\/news.save.ch\\\/brandgefahr-bei-notebook-akkus\\\/#primaryimage\"},\"image\":{\"@id\":\"https:\\\/\\\/news.save.ch\\\/brandgefahr-bei-notebook-akkus\\\/#primaryimage\"},\"thumbnailUrl\":\"https:\\\/\\\/news.save.ch\\\/wp-content\\\/uploads\\\/2018\\\/01\\\/51042-1.gif\",\"datePublished\":\"2018-01-17T08:21:46+00:00\",\"dateModified\":\"2023-03-14T08:04:17+00:00\",\"breadcrumb\":{\"@id\":\"https:\\\/\\\/news.save.ch\\\/brandgefahr-bei-notebook-akkus\\\/#breadcrumb\"},\"inLanguage\":\"fr-FR\",\"potentialAction\":[{\"@type\":\"ReadAction\",\"target\":[\"https:\\\/\\\/news.save.ch\\\/brandgefahr-bei-notebook-akkus\\\/\"]}]},{\"@type\":\"ImageObject\",\"inLanguage\":\"fr-FR\",\"@id\":\"https:\\\/\\\/news.save.ch\\\/brandgefahr-bei-notebook-akkus\\\/#primaryimage\",\"url\":\"https:\\\/\\\/news.save.ch\\\/wp-content\\\/uploads\\\/2018\\\/01\\\/51042-1.gif\",\"contentUrl\":\"https:\\\/\\\/news.save.ch\\\/wp-content\\\/uploads\\\/2018\\\/01\\\/51042-1.gif\",\"width\":800,\"height\":1008,\"caption\":\"Bild eines betroffenen Produkts, bei dem der Akku \u00fcberhitzen oder in Brand geraten kann. \u00a9 HP\"},{\"@type\":\"BreadcrumbList\",\"@id\":\"https:\\\/\\\/news.save.ch\\\/brandgefahr-bei-notebook-akkus\\\/#breadcrumb\",\"itemListElement\":[{\"@type\":\"ListItem\",\"position\":1,\"name\":\"Home\",\"item\":\"https:\\\/\\\/news.save.ch\\\/de\\\/\"},{\"@type\":\"ListItem\",\"position\":2,\"name\":\"Brandgefahr bei Notebook-Akkus\"}]},{\"@type\":\"WebSite\",\"@id\":\"https:\\\/\\\/news.save.ch\\\/de\\\/#website\",\"url\":\"https:\\\/\\\/news.save.ch\\\/de\\\/\",\"name\":\"Save\",\"description\":\"Schweizer Fachzeitschrift f\u00fcr Sicherheit\",\"publisher\":{\"@id\":\"https:\\\/\\\/news.save.ch\\\/de\\\/#organization\"},\"potentialAction\":[{\"@type\":\"SearchAction\",\"target\":{\"@type\":\"EntryPoint\",\"urlTemplate\":\"https:\\\/\\\/news.save.ch\\\/de\\\/?s={search_term_string}\"},\"query-input\":{\"@type\":\"PropertyValueSpecification\",\"valueRequired\":true,\"valueName\":\"search_term_string\"}}],\"inLanguage\":\"fr-FR\"},{\"@type\":\"Organization\",\"@id\":\"https:\\\/\\\/news.save.ch\\\/de\\\/#organization\",\"name\":\"Sicherheitsforum\",\"url\":\"https:\\\/\\\/news.save.ch\\\/de\\\/\",\"logo\":{\"@type\":\"ImageObject\",\"inLanguage\":\"fr-FR\",\"@id\":\"https:\\\/\\\/news.save.ch\\\/de\\\/#\\\/schema\\\/logo\\\/image\\\/\",\"url\":\"https:\\\/\\\/news.save.ch\\\/wp-content\\\/uploads\\\/2022\\\/06\\\/Logo_SF_2012.png\",\"contentUrl\":\"https:\\\/\\\/news.save.ch\\\/wp-content\\\/uploads\\\/2022\\\/06\\\/Logo_SF_2012.png\",\"width\":1100,\"height\":91,\"caption\":\"Sicherheitsforum\"},\"image\":{\"@id\":\"https:\\\/\\\/news.save.ch\\\/de\\\/#\\\/schema\\\/logo\\\/image\\\/\"}},{\"@type\":\"Person\",\"@id\":\"https:\\\/\\\/news.save.ch\\\/de\\\/#\\\/schema\\\/person\\\/d49e199490bad7c70d64b9ab51142f2b\",\"name\":\"admin\",\"image\":{\"@type\":\"ImageObject\",\"inLanguage\":\"fr-FR\",\"@id\":\"https:\\\/\\\/secure.gravatar.com\\\/avatar\\\/ae2f4d718e6c49043e314ce431e7e645d646302a24a5ef5a8bc8e3f5a032e319?s=96&d=mm&r=g\",\"url\":\"https:\\\/\\\/secure.gravatar.com\\\/avatar\\\/ae2f4d718e6c49043e314ce431e7e645d646302a24a5ef5a8bc8e3f5a032e319?s=96&d=mm&r=g\",\"contentUrl\":\"https:\\\/\\\/secure.gravatar.com\\\/avatar\\\/ae2f4d718e6c49043e314ce431e7e645d646302a24a5ef5a8bc8e3f5a032e319?s=96&d=mm&r=g\",\"caption\":\"admin\"},\"sameAs\":[\"https:\\\/\\\/develop.organisator.galledia.ch\"],\"url\":\"https:\\\/\\\/news.save.ch\\\/fr\\\/author\\\/admin\\\/\"}]}<\/script>\n<!-- \/ Yoast SEO plugin. -->","yoast_head_json":{"title":"Risque d'incendie des batteries d'ordinateurs portables - Save","robots":{"index":"index","follow":"follow","max-snippet":"max-snippet:-1","max-image-preview":"max-image-preview:large","max-video-preview":"max-video-preview:-1"},"canonical":"https:\/\/news.save.ch\/fr\/brandgefahr-bei-notebook-akkus\/","og_locale":"fr_FR","og_type":"article","og_title":"Brandgefahr bei Notebook-Akkus - Save","og_description":"&nbsp; Welche Gefahr geht von den betroffenen Produkten aus? Die betroffenen Akkus k\u00f6nnen \u00fcberhitzen und die Benutzer einer Verletzungsgefahr durch Feuer und Verbrennung aussetzen. Welche Produkte sind betroffen? Die betroffenen Akkus wurden mit folgenden HP Notebooks geliefert, die zwischen Dezember 2015 und Dezember 2017 verkauft wurden: HP 11, HP x360 HP Pavilion x360 HP ENVY [&hellip;]","og_url":"https:\/\/news.save.ch\/fr\/brandgefahr-bei-notebook-akkus\/","og_site_name":"Save","article_published_time":"2018-01-17T08:21:46+00:00","article_modified_time":"2023-03-14T08:04:17+00:00","og_image":[{"width":800,"height":1008,"url":"https:\/\/news.save.ch\/wp-content\/uploads\/2018\/01\/51042-1.gif","type":"image\/gif"}],"author":"admin","twitter_card":"summary_large_image","twitter_misc":{"\u00c9crit par":"admin","Dur\u00e9e de lecture estim\u00e9e":"1 minute"},"schema":{"@context":"https:\/\/schema.org","@graph":[{"@type":"Article","@id":"https:\/\/news.save.ch\/brandgefahr-bei-notebook-akkus\/#article","isPartOf":{"@id":"https:\/\/news.save.ch\/brandgefahr-bei-notebook-akkus\/"},"author":{"name":"admin","@id":"https:\/\/news.save.ch\/de\/#\/schema\/person\/d49e199490bad7c70d64b9ab51142f2b"},"headline":"Brandgefahr bei Notebook-Akkus","datePublished":"2018-01-17T08:21:46+00:00","dateModified":"2023-03-14T08:04:17+00:00","mainEntityOfPage":{"@id":"https:\/\/news.save.ch\/brandgefahr-bei-notebook-akkus\/"},"wordCount":228,"commentCount":0,"publisher":{"@id":"https:\/\/news.save.ch\/de\/#organization"},"image":{"@id":"https:\/\/news.save.ch\/brandgefahr-bei-notebook-akkus\/#primaryimage"},"thumbnailUrl":"https:\/\/news.save.ch\/wp-content\/uploads\/2018\/01\/51042-1.gif","keywords":["Akku","Arbeitssicherheit","Brandgefahr","Brandschutz","Bundesamt","Gesundheitsschutz","Nichtberufsunf\u00e4lle","Notebook","Pr\u00e4vention","Sicherheit"],"articleSection":["ALLGEMEIN","HEALTH &amp; SAFETY"],"inLanguage":"fr-FR"},{"@type":"WebPage","@id":"https:\/\/news.save.ch\/brandgefahr-bei-notebook-akkus\/","url":"https:\/\/news.save.ch\/brandgefahr-bei-notebook-akkus\/","name":"Risque d'incendie des batteries d'ordinateurs portables - Save","isPartOf":{"@id":"https:\/\/news.save.ch\/de\/#website"},"primaryImageOfPage":{"@id":"https:\/\/news.save.ch\/brandgefahr-bei-notebook-akkus\/#primaryimage"},"image":{"@id":"https:\/\/news.save.ch\/brandgefahr-bei-notebook-akkus\/#primaryimage"},"thumbnailUrl":"https:\/\/news.save.ch\/wp-content\/uploads\/2018\/01\/51042-1.gif","datePublished":"2018-01-17T08:21:46+00:00","dateModified":"2023-03-14T08:04:17+00:00","breadcrumb":{"@id":"https:\/\/news.save.ch\/brandgefahr-bei-notebook-akkus\/#breadcrumb"},"inLanguage":"fr-FR","potentialAction":[{"@type":"ReadAction","target":["https:\/\/news.save.ch\/brandgefahr-bei-notebook-akkus\/"]}]},{"@type":"ImageObject","inLanguage":"fr-FR","@id":"https:\/\/news.save.ch\/brandgefahr-bei-notebook-akkus\/#primaryimage","url":"https:\/\/news.save.ch\/wp-content\/uploads\/2018\/01\/51042-1.gif","contentUrl":"https:\/\/news.save.ch\/wp-content\/uploads\/2018\/01\/51042-1.gif","width":800,"height":1008,"caption":"Bild eines betroffenen Produkts, bei dem der Akku \u00fcberhitzen oder in Brand geraten kann. \u00a9 HP"},{"@type":"BreadcrumbList","@id":"https:\/\/news.save.ch\/brandgefahr-bei-notebook-akkus\/#breadcrumb","itemListElement":[{"@type":"ListItem","position":1,"name":"Home","item":"https:\/\/news.save.ch\/de\/"},{"@type":"ListItem","position":2,"name":"Brandgefahr bei Notebook-Akkus"}]},{"@type":"WebSite","@id":"https:\/\/news.save.ch\/de\/#website","url":"https:\/\/news.save.ch\/de\/","name":"Save","description":"Revue suisse sp\u00e9cialis\u00e9e dans la s\u00e9curit\u00e9","publisher":{"@id":"https:\/\/news.save.ch\/de\/#organization"},"potentialAction":[{"@type":"SearchAction","target":{"@type":"EntryPoint","urlTemplate":"https:\/\/news.save.ch\/de\/?s={search_term_string}"},"query-input":{"@type":"PropertyValueSpecification","valueRequired":true,"valueName":"search_term_string"}}],"inLanguage":"fr-FR"},{"@type":"Organization","@id":"https:\/\/news.save.ch\/de\/#organization","name":"Forum sur la s\u00e9curit\u00e9","url":"https:\/\/news.save.ch\/de\/","logo":{"@type":"ImageObject","inLanguage":"fr-FR","@id":"https:\/\/news.save.ch\/de\/#\/schema\/logo\/image\/","url":"https:\/\/news.save.ch\/wp-content\/uploads\/2022\/06\/Logo_SF_2012.png","contentUrl":"https:\/\/news.save.ch\/wp-content\/uploads\/2022\/06\/Logo_SF_2012.png","width":1100,"height":91,"caption":"Sicherheitsforum"},"image":{"@id":"https:\/\/news.save.ch\/de\/#\/schema\/logo\/image\/"}},{"@type":"Person","@id":"https:\/\/news.save.ch\/de\/#\/schema\/person\/d49e199490bad7c70d64b9ab51142f2b","name":"admin","image":{"@type":"ImageObject","inLanguage":"fr-FR","@id":"https:\/\/secure.gravatar.com\/avatar\/ae2f4d718e6c49043e314ce431e7e645d646302a24a5ef5a8bc8e3f5a032e319?s=96&d=mm&r=g","url":"https:\/\/secure.gravatar.com\/avatar\/ae2f4d718e6c49043e314ce431e7e645d646302a24a5ef5a8bc8e3f5a032e319?s=96&d=mm&r=g","contentUrl":"https:\/\/secure.gravatar.com\/avatar\/ae2f4d718e6c49043e314ce431e7e645d646302a24a5ef5a8bc8e3f5a032e319?s=96&d=mm&r=g","caption":"admin"},"sameAs":["https:\/\/develop.organisator.galledia.ch"],"url":"https:\/\/news.save.ch\/fr\/author\/admin\/"}]}},"_links":{"self":[{"href":"https:\/\/news.save.ch\/fr\/wp-json\/wp\/v2\/posts\/2540","targetHints":{"allow":["GET"]}}],"collection":[{"href":"https:\/\/news.save.ch\/fr\/wp-json\/wp\/v2\/posts"}],"about":[{"href":"https:\/\/news.save.ch\/fr\/wp-json\/wp\/v2\/types\/post"}],"author":[{"embeddable":true,"href":"https:\/\/news.save.ch\/fr\/wp-json\/wp\/v2\/users\/1"}],"replies":[{"embeddable":true,"href":"https:\/\/news.save.ch\/fr\/wp-json\/wp\/v2\/comments?post=2540"}],"version-history":[{"count":1,"href":"https:\/\/news.save.ch\/fr\/wp-json\/wp\/v2\/posts\/2540\/revisions"}],"predecessor-version":[{"id":18324,"href":"https:\/\/news.save.ch\/fr\/wp-json\/wp\/v2\/posts\/2540\/revisions\/18324"}],"wp:featuredmedia":[{"embeddable":true,"href":"https:\/\/news.save.ch\/fr\/wp-json\/wp\/v2\/media\/16256"}],"wp:attachment":[{"href":"https:\/\/news.save.ch\/fr\/wp-json\/wp\/v2\/media?parent=2540"}],"wp:term":[{"taxonomy":"category","embeddable":true,"href":"https:\/\/news.save.ch\/fr\/wp-json\/wp\/v2\/categories?post=2540"},{"taxonomy":"post_tag","embeddable":true,"href":"https:\/\/news.save.ch\/fr\/wp-json\/wp\/v2\/tags?post=2540"}],"curies":[{"name":"wp","href":"https:\/\/api.w.org\/{rel}","templated":true}]}}