{"id":2564,"date":"2016-06-13T13:43:59","date_gmt":"2016-06-13T11:43:59","guid":{"rendered":"https:\/\/dev.sicherheitsforum.ch\/?p=2564"},"modified":"2023-03-14T08:59:00","modified_gmt":"2023-03-14T07:59:00","slug":"starke-gewitter-praeventiver-gebaeudeschutz","status":null,"type":"post","link":"https:\/\/news.save.ch\/fr\/starke-gewitter-praeventiver-gebaeudeschutz\/","title":{"rendered":"Orages violents - protection pr\u00e9ventive des b\u00e2timents"},"content":{"rendered":"<figure id=\"attachment_2565\" aria-describedby=\"caption-attachment-2565\" style=\"width: 680px\" class=\"wp-caption alignnone\"><img loading=\"lazy\" decoding=\"async\" class=\"size-medium wp-image-2565\" src=\"https:\/\/news.save.ch\/wp-content\/uploads\/2016\/12\/Starke-Gewitter-\u2013-praeventiver-Gebaeudeschutz_sicherheitsforum.jpg\" alt=\"\" width=\"680\" height=\"452\" srcset=\"https:\/\/news.save.ch\/wp-content\/uploads\/2016\/12\/Starke-Gewitter-\u2013-praeventiver-Gebaeudeschutz_sicherheitsforum.jpg 999w, https:\/\/news.save.ch\/wp-content\/uploads\/2016\/12\/Starke-Gewitter-\u2013-praeventiver-Gebaeudeschutz_sicherheitsforum-375x249.jpg 375w\" sizes=\"auto, (max-width: 680px) 100vw, 680px\" \/><figcaption id=\"caption-attachment-2565\" class=\"wp-caption-text\">Fr\u00e9quentes en \u00e9t\u00e9 : les pluies torrentielles accompagn\u00e9es de gr\u00eale. Photo : depositphotos<\/figcaption><\/figure>\n<p>\"<a href=\"https:\/\/www.schuetzen-sie-ihr-haus.ch\" target=\"_blank\" data-cke-saved-href=\"https:\/\/www.schuetzen-sie-ihr-haus.ch\" rel=\"noopener\">Prot\u00e9gez votre maison<\/a>\", tel est le message central de la campagne d'information par laquelle l'\u00e9tablissement cantonal d'assurance de Zurich (GVZ) attire l'attention sur les dangers des orages dommageables pour les b\u00e2timents. Le site <a href=\"https:\/\/www.schuetzen-sie-ihr-haus.ch\" target=\"_blank\" data-cke-saved-href=\"https:\/\/www.schuetzen-sie-ihr-haus.ch\" rel=\"noopener\">Campagne<\/a> fournit des instructions et des conseils concrets pour la protection pr\u00e9ventive des b\u00e2timents, mais aussi pour le comportement \u00e0 adopter en cas d'alarme orageuse. Le site Internet schuetzen-sie-ir-haus.ch, mis en ligne et actualis\u00e9 il y a environ un an, sert de plate-forme d'information. Outre des descriptions d\u00e9taill\u00e9es des \u00e9l\u00e9ments de danger et de leurs cons\u00e9quences pour les b\u00e2timents, il contient \u00e9galement des listes de contr\u00f4le pratiques.<\/p>\n<p><strong>Un risque de sinistre impr\u00e9visible <\/strong><\/p>\n<p>En cas de conditions m\u00e9t\u00e9orologiques instables, un orage peut \u00e9clater d'une heure \u00e0 l'autre et d\u00e9ployer une force destructrice consid\u00e9rable. Des pr\u00e9cipitations pouvant atteindre 40 litres d'eau par m\u00e8tre carr\u00e9, des vents et des rafales de vent pouvant atteindre 100 km\/h et des gr\u00ealons de trois centim\u00e8tres de diam\u00e8tre ou plus peuvent mettre \u00e0 mal les b\u00e2timents mal prot\u00e9g\u00e9s. Non seulement les dommages directs caus\u00e9s aux toits et aux fa\u00e7ades co\u00fbtent cher, mais aussi les dommages indirects, comme ceux caus\u00e9s \u00e0 l'int\u00e9rieur des b\u00e2timents par les infiltrations d'eau. Des travaux de nettoyage sont n\u00e9cessaires, des r\u00e9parations co\u00fbteuses doivent \u00eatre effectu\u00e9es et, dans le pire des cas, des parties enti\u00e8res du b\u00e2timent doivent \u00eatre enti\u00e8rement r\u00e9nov\u00e9es ou reconstruites. De tels sinistres entra\u00eenent des d\u00e9penses importantes pour les propri\u00e9taires de b\u00e2timents.<\/p>\n<p><strong>Des mesures efficaces<\/strong><\/p>\n<p>Parmi les mesures les plus efficaces figurent l'entretien de la maison et le contr\u00f4le r\u00e9gulier de la r\u00e9sistance aux intemp\u00e9ries du toit, des fa\u00e7ades, des joints des fen\u00eatres et des portes. Le contr\u00f4le et le nettoyage p\u00e9riodiques des goutti\u00e8res, des \u00e9coulements et des syst\u00e8mes de drainage permettent d'\u00e9viter les inondations. Si un orage s'annonce, les stores devraient \u00eatre imm\u00e9diatement relev\u00e9s ou rentr\u00e9s afin d'\u00e9viter les d\u00e9g\u00e2ts dus \u00e0 la gr\u00eale. Il est en outre recommand\u00e9 de s\u00e9curiser les objets non fix\u00e9s \u00e0 proximit\u00e9 imm\u00e9diate de la maison et de fermer les portes et les fen\u00eatres ext\u00e9rieures. Une pr\u00e9vention efficace des dommages et la prise \u00e0 temps de mesures de protection appropri\u00e9es en cas d'alerte orageuse permettent \u00e9galement de pr\u00e9server la valeur du b\u00e2timent.<\/p>\n<p><em>Source : GVZ<\/em><\/p>","protected":false},"excerpt":{"rendered":"<p>\u00abSch\u00fctzen Sie Ihr Haus\u00bb, lautet die zentrale Botschaft der Informationskampagne, mit der die Geb\u00e4udeversicherung Kanton Z\u00fcrich (GVZ) auf die Gefahren von Schadengewittern f\u00fcr Geb\u00e4ude aufmerksam macht. Die Kampagne vermittelt konkrete Anleitungen und Tipps f\u00fcr den vorbeugenden Geb\u00e4udeschutz, aber auch f\u00fcr das richtige Verhalten bei Gewitteralarm. Als Informationsplattform dient die vor rund einem Jahr aufgeschaltete und [&hellip;]<\/p>\n","protected":false},"author":1,"featured_media":0,"comment_status":"open","ping_status":"open","sticky":false,"template":"","format":"standard","meta":{"_acf_changed":false,"pgc_sgb_lightbox_settings":"","footnotes":""},"categories":[3312],"tags":[136,170],"class_list":["post-2564","post","type-post","status-publish","format-standard","hentry","category-sicherheit","tag-gebaeudesicherheit","tag-naturgefahren"],"acf":[],"hkrextid":null,"publication":null,"issue":null,"workflow":null,"startPage":null,"spitzmarke":null,"_posts_by_tag_page_fields":{"widget_title":"","widget_tags":""},"_at_widget":"1","_yoast_wpseo_primary_category":"5","_yoast_wpseo_focuskw_text_input":"Geb\u00e4udeversicherung","_yoast_wpseo_opengraph-image":null,"_yoast_wpseo_opengraph-description":null,"_yoast_wpseo_opengraph-title":null,"enclosure":null,"_yoast_wpseo_twitter-title":null,"_yoast_wpseo_twitter-description":null,"_yoast_wpseo_twitter-image":null,"_wp_old_slug":null,"_yoast_wpseo_title":null,"_yoast_wpseo_canonical":null,"yoast_head":"<!-- This site is optimized with the Yoast SEO plugin v27.4 - https:\/\/yoast.com\/product\/yoast-seo-wordpress\/ -->\n<title>Starke Gewitter \u2013 pr\u00e4ventiver Geb\u00e4udeschutz - Save<\/title>\n<meta name=\"robots\" content=\"index, follow, max-snippet:-1, max-image-preview:large, max-video-preview:-1\" \/>\n<link rel=\"canonical\" href=\"https:\/\/news.save.ch\/fr\/starke-gewitter-praeventiver-gebaeudeschutz\/\" \/>\n<meta property=\"og:locale\" content=\"fr_FR\" \/>\n<meta property=\"og:type\" content=\"article\" \/>\n<meta property=\"og:title\" content=\"Starke Gewitter \u2013 pr\u00e4ventiver Geb\u00e4udeschutz - Save\" \/>\n<meta property=\"og:description\" content=\"\u00abSch\u00fctzen Sie Ihr Haus\u00bb, lautet die zentrale Botschaft der Informationskampagne, mit der die Geb\u00e4udeversicherung Kanton Z\u00fcrich (GVZ) auf die Gefahren von Schadengewittern f\u00fcr Geb\u00e4ude aufmerksam macht. Die Kampagne vermittelt konkrete Anleitungen und Tipps f\u00fcr den vorbeugenden Geb\u00e4udeschutz, aber auch f\u00fcr das richtige Verhalten bei Gewitteralarm. Als Informationsplattform dient die vor rund einem Jahr aufgeschaltete und [&hellip;]\" \/>\n<meta property=\"og:url\" content=\"https:\/\/news.save.ch\/fr\/starke-gewitter-praeventiver-gebaeudeschutz\/\" \/>\n<meta property=\"og:site_name\" content=\"Save\" \/>\n<meta property=\"article:published_time\" content=\"2016-06-13T11:43:59+00:00\" \/>\n<meta property=\"article:modified_time\" content=\"2023-03-14T07:59:00+00:00\" \/>\n<meta name=\"author\" content=\"admin\" \/>\n<meta name=\"twitter:card\" content=\"summary_large_image\" \/>\n<meta name=\"twitter:label1\" content=\"\u00c9crit par\" \/>\n\t<meta name=\"twitter:data1\" content=\"admin\" \/>\n\t<meta name=\"twitter:label2\" content=\"Dur\u00e9e de lecture estim\u00e9e\" \/>\n\t<meta name=\"twitter:data2\" content=\"2 minutes\" \/>\n<script type=\"application\/ld+json\" class=\"yoast-schema-graph\">{\"@context\":\"https:\\\/\\\/schema.org\",\"@graph\":[{\"@type\":\"Article\",\"@id\":\"https:\\\/\\\/news.save.ch\\\/starke-gewitter-praeventiver-gebaeudeschutz\\\/#article\",\"isPartOf\":{\"@id\":\"https:\\\/\\\/news.save.ch\\\/starke-gewitter-praeventiver-gebaeudeschutz\\\/\"},\"author\":{\"name\":\"admin\",\"@id\":\"https:\\\/\\\/news.save.ch\\\/de\\\/#\\\/schema\\\/person\\\/d49e199490bad7c70d64b9ab51142f2b\"},\"headline\":\"Starke Gewitter \u2013 pr\u00e4ventiver Geb\u00e4udeschutz\",\"datePublished\":\"2016-06-13T11:43:59+00:00\",\"dateModified\":\"2023-03-14T07:59:00+00:00\",\"mainEntityOfPage\":{\"@id\":\"https:\\\/\\\/news.save.ch\\\/starke-gewitter-praeventiver-gebaeudeschutz\\\/\"},\"wordCount\":337,\"commentCount\":0,\"publisher\":{\"@id\":\"https:\\\/\\\/news.save.ch\\\/de\\\/#organization\"},\"keywords\":[\"Geb\u00e4udesicherheit\",\"Naturgefahren\"],\"articleSection\":[\"SICHERHEIT\"],\"inLanguage\":\"fr-FR\"},{\"@type\":\"WebPage\",\"@id\":\"https:\\\/\\\/news.save.ch\\\/starke-gewitter-praeventiver-gebaeudeschutz\\\/\",\"url\":\"https:\\\/\\\/news.save.ch\\\/starke-gewitter-praeventiver-gebaeudeschutz\\\/\",\"name\":\"Starke Gewitter \u2013 pr\u00e4ventiver Geb\u00e4udeschutz - Save\",\"isPartOf\":{\"@id\":\"https:\\\/\\\/news.save.ch\\\/de\\\/#website\"},\"datePublished\":\"2016-06-13T11:43:59+00:00\",\"dateModified\":\"2023-03-14T07:59:00+00:00\",\"breadcrumb\":{\"@id\":\"https:\\\/\\\/news.save.ch\\\/starke-gewitter-praeventiver-gebaeudeschutz\\\/#breadcrumb\"},\"inLanguage\":\"fr-FR\",\"potentialAction\":[{\"@type\":\"ReadAction\",\"target\":[\"https:\\\/\\\/news.save.ch\\\/starke-gewitter-praeventiver-gebaeudeschutz\\\/\"]}]},{\"@type\":\"BreadcrumbList\",\"@id\":\"https:\\\/\\\/news.save.ch\\\/starke-gewitter-praeventiver-gebaeudeschutz\\\/#breadcrumb\",\"itemListElement\":[{\"@type\":\"ListItem\",\"position\":1,\"name\":\"Home\",\"item\":\"https:\\\/\\\/news.save.ch\\\/de\\\/\"},{\"@type\":\"ListItem\",\"position\":2,\"name\":\"Starke Gewitter \u2013 pr\u00e4ventiver Geb\u00e4udeschutz\"}]},{\"@type\":\"WebSite\",\"@id\":\"https:\\\/\\\/news.save.ch\\\/de\\\/#website\",\"url\":\"https:\\\/\\\/news.save.ch\\\/de\\\/\",\"name\":\"Save\",\"description\":\"Schweizer Fachzeitschrift f\u00fcr Sicherheit\",\"publisher\":{\"@id\":\"https:\\\/\\\/news.save.ch\\\/de\\\/#organization\"},\"potentialAction\":[{\"@type\":\"SearchAction\",\"target\":{\"@type\":\"EntryPoint\",\"urlTemplate\":\"https:\\\/\\\/news.save.ch\\\/de\\\/?s={search_term_string}\"},\"query-input\":{\"@type\":\"PropertyValueSpecification\",\"valueRequired\":true,\"valueName\":\"search_term_string\"}}],\"inLanguage\":\"fr-FR\"},{\"@type\":\"Organization\",\"@id\":\"https:\\\/\\\/news.save.ch\\\/de\\\/#organization\",\"name\":\"Sicherheitsforum\",\"url\":\"https:\\\/\\\/news.save.ch\\\/de\\\/\",\"logo\":{\"@type\":\"ImageObject\",\"inLanguage\":\"fr-FR\",\"@id\":\"https:\\\/\\\/news.save.ch\\\/de\\\/#\\\/schema\\\/logo\\\/image\\\/\",\"url\":\"https:\\\/\\\/news.save.ch\\\/wp-content\\\/uploads\\\/2022\\\/06\\\/Logo_SF_2012.png\",\"contentUrl\":\"https:\\\/\\\/news.save.ch\\\/wp-content\\\/uploads\\\/2022\\\/06\\\/Logo_SF_2012.png\",\"width\":1100,\"height\":91,\"caption\":\"Sicherheitsforum\"},\"image\":{\"@id\":\"https:\\\/\\\/news.save.ch\\\/de\\\/#\\\/schema\\\/logo\\\/image\\\/\"}},{\"@type\":\"Person\",\"@id\":\"https:\\\/\\\/news.save.ch\\\/de\\\/#\\\/schema\\\/person\\\/d49e199490bad7c70d64b9ab51142f2b\",\"name\":\"admin\",\"image\":{\"@type\":\"ImageObject\",\"inLanguage\":\"fr-FR\",\"@id\":\"https:\\\/\\\/secure.gravatar.com\\\/avatar\\\/ae2f4d718e6c49043e314ce431e7e645d646302a24a5ef5a8bc8e3f5a032e319?s=96&d=mm&r=g\",\"url\":\"https:\\\/\\\/secure.gravatar.com\\\/avatar\\\/ae2f4d718e6c49043e314ce431e7e645d646302a24a5ef5a8bc8e3f5a032e319?s=96&d=mm&r=g\",\"contentUrl\":\"https:\\\/\\\/secure.gravatar.com\\\/avatar\\\/ae2f4d718e6c49043e314ce431e7e645d646302a24a5ef5a8bc8e3f5a032e319?s=96&d=mm&r=g\",\"caption\":\"admin\"},\"sameAs\":[\"https:\\\/\\\/develop.organisator.galledia.ch\"],\"url\":\"https:\\\/\\\/news.save.ch\\\/fr\\\/author\\\/admin\\\/\"}]}<\/script>\n<!-- \/ Yoast SEO plugin. -->","yoast_head_json":{"title":"Orages violents - protection pr\u00e9ventive des b\u00e2timents - Save","robots":{"index":"index","follow":"follow","max-snippet":"max-snippet:-1","max-image-preview":"max-image-preview:large","max-video-preview":"max-video-preview:-1"},"canonical":"https:\/\/news.save.ch\/fr\/starke-gewitter-praeventiver-gebaeudeschutz\/","og_locale":"fr_FR","og_type":"article","og_title":"Starke Gewitter \u2013 pr\u00e4ventiver Geb\u00e4udeschutz - Save","og_description":"\u00abSch\u00fctzen Sie Ihr Haus\u00bb, lautet die zentrale Botschaft der Informationskampagne, mit der die Geb\u00e4udeversicherung Kanton Z\u00fcrich (GVZ) auf die Gefahren von Schadengewittern f\u00fcr Geb\u00e4ude aufmerksam macht. Die Kampagne vermittelt konkrete Anleitungen und Tipps f\u00fcr den vorbeugenden Geb\u00e4udeschutz, aber auch f\u00fcr das richtige Verhalten bei Gewitteralarm. Als Informationsplattform dient die vor rund einem Jahr aufgeschaltete und [&hellip;]","og_url":"https:\/\/news.save.ch\/fr\/starke-gewitter-praeventiver-gebaeudeschutz\/","og_site_name":"Save","article_published_time":"2016-06-13T11:43:59+00:00","article_modified_time":"2023-03-14T07:59:00+00:00","author":"admin","twitter_card":"summary_large_image","twitter_misc":{"\u00c9crit par":"admin","Dur\u00e9e de lecture estim\u00e9e":"2 minutes"},"schema":{"@context":"https:\/\/schema.org","@graph":[{"@type":"Article","@id":"https:\/\/news.save.ch\/starke-gewitter-praeventiver-gebaeudeschutz\/#article","isPartOf":{"@id":"https:\/\/news.save.ch\/starke-gewitter-praeventiver-gebaeudeschutz\/"},"author":{"name":"admin","@id":"https:\/\/news.save.ch\/de\/#\/schema\/person\/d49e199490bad7c70d64b9ab51142f2b"},"headline":"Starke Gewitter \u2013 pr\u00e4ventiver Geb\u00e4udeschutz","datePublished":"2016-06-13T11:43:59+00:00","dateModified":"2023-03-14T07:59:00+00:00","mainEntityOfPage":{"@id":"https:\/\/news.save.ch\/starke-gewitter-praeventiver-gebaeudeschutz\/"},"wordCount":337,"commentCount":0,"publisher":{"@id":"https:\/\/news.save.ch\/de\/#organization"},"keywords":["Geb\u00e4udesicherheit","Naturgefahren"],"articleSection":["SICHERHEIT"],"inLanguage":"fr-FR"},{"@type":"WebPage","@id":"https:\/\/news.save.ch\/starke-gewitter-praeventiver-gebaeudeschutz\/","url":"https:\/\/news.save.ch\/starke-gewitter-praeventiver-gebaeudeschutz\/","name":"Orages violents - protection pr\u00e9ventive des b\u00e2timents - Save","isPartOf":{"@id":"https:\/\/news.save.ch\/de\/#website"},"datePublished":"2016-06-13T11:43:59+00:00","dateModified":"2023-03-14T07:59:00+00:00","breadcrumb":{"@id":"https:\/\/news.save.ch\/starke-gewitter-praeventiver-gebaeudeschutz\/#breadcrumb"},"inLanguage":"fr-FR","potentialAction":[{"@type":"ReadAction","target":["https:\/\/news.save.ch\/starke-gewitter-praeventiver-gebaeudeschutz\/"]}]},{"@type":"BreadcrumbList","@id":"https:\/\/news.save.ch\/starke-gewitter-praeventiver-gebaeudeschutz\/#breadcrumb","itemListElement":[{"@type":"ListItem","position":1,"name":"Home","item":"https:\/\/news.save.ch\/de\/"},{"@type":"ListItem","position":2,"name":"Starke Gewitter \u2013 pr\u00e4ventiver Geb\u00e4udeschutz"}]},{"@type":"WebSite","@id":"https:\/\/news.save.ch\/de\/#website","url":"https:\/\/news.save.ch\/de\/","name":"Save","description":"Revue suisse sp\u00e9cialis\u00e9e dans la s\u00e9curit\u00e9","publisher":{"@id":"https:\/\/news.save.ch\/de\/#organization"},"potentialAction":[{"@type":"SearchAction","target":{"@type":"EntryPoint","urlTemplate":"https:\/\/news.save.ch\/de\/?s={search_term_string}"},"query-input":{"@type":"PropertyValueSpecification","valueRequired":true,"valueName":"search_term_string"}}],"inLanguage":"fr-FR"},{"@type":"Organization","@id":"https:\/\/news.save.ch\/de\/#organization","name":"Forum sur la s\u00e9curit\u00e9","url":"https:\/\/news.save.ch\/de\/","logo":{"@type":"ImageObject","inLanguage":"fr-FR","@id":"https:\/\/news.save.ch\/de\/#\/schema\/logo\/image\/","url":"https:\/\/news.save.ch\/wp-content\/uploads\/2022\/06\/Logo_SF_2012.png","contentUrl":"https:\/\/news.save.ch\/wp-content\/uploads\/2022\/06\/Logo_SF_2012.png","width":1100,"height":91,"caption":"Sicherheitsforum"},"image":{"@id":"https:\/\/news.save.ch\/de\/#\/schema\/logo\/image\/"}},{"@type":"Person","@id":"https:\/\/news.save.ch\/de\/#\/schema\/person\/d49e199490bad7c70d64b9ab51142f2b","name":"admin","image":{"@type":"ImageObject","inLanguage":"fr-FR","@id":"https:\/\/secure.gravatar.com\/avatar\/ae2f4d718e6c49043e314ce431e7e645d646302a24a5ef5a8bc8e3f5a032e319?s=96&d=mm&r=g","url":"https:\/\/secure.gravatar.com\/avatar\/ae2f4d718e6c49043e314ce431e7e645d646302a24a5ef5a8bc8e3f5a032e319?s=96&d=mm&r=g","contentUrl":"https:\/\/secure.gravatar.com\/avatar\/ae2f4d718e6c49043e314ce431e7e645d646302a24a5ef5a8bc8e3f5a032e319?s=96&d=mm&r=g","caption":"admin"},"sameAs":["https:\/\/develop.organisator.galledia.ch"],"url":"https:\/\/news.save.ch\/fr\/author\/admin\/"}]}},"_links":{"self":[{"href":"https:\/\/news.save.ch\/fr\/wp-json\/wp\/v2\/posts\/2564","targetHints":{"allow":["GET"]}}],"collection":[{"href":"https:\/\/news.save.ch\/fr\/wp-json\/wp\/v2\/posts"}],"about":[{"href":"https:\/\/news.save.ch\/fr\/wp-json\/wp\/v2\/types\/post"}],"author":[{"embeddable":true,"href":"https:\/\/news.save.ch\/fr\/wp-json\/wp\/v2\/users\/1"}],"replies":[{"embeddable":true,"href":"https:\/\/news.save.ch\/fr\/wp-json\/wp\/v2\/comments?post=2564"}],"version-history":[{"count":1,"href":"https:\/\/news.save.ch\/fr\/wp-json\/wp\/v2\/posts\/2564\/revisions"}],"predecessor-version":[{"id":17882,"href":"https:\/\/news.save.ch\/fr\/wp-json\/wp\/v2\/posts\/2564\/revisions\/17882"}],"wp:attachment":[{"href":"https:\/\/news.save.ch\/fr\/wp-json\/wp\/v2\/media?parent=2564"}],"wp:term":[{"taxonomy":"category","embeddable":true,"href":"https:\/\/news.save.ch\/fr\/wp-json\/wp\/v2\/categories?post=2564"},{"taxonomy":"post_tag","embeddable":true,"href":"https:\/\/news.save.ch\/fr\/wp-json\/wp\/v2\/tags?post=2564"}],"curies":[{"name":"wp","href":"https:\/\/api.w.org\/{rel}","templated":true}]}}