{"id":2582,"date":"2016-06-08T13:52:36","date_gmt":"2016-06-08T11:52:36","guid":{"rendered":"https:\/\/dev.sicherheitsforum.ch\/?p=2582"},"modified":"2023-03-14T09:00:03","modified_gmt":"2023-03-14T08:00:03","slug":"ein-referenzprojekt-fuer-die-zutrittskontrolle","status":null,"type":"post","link":"https:\/\/news.save.ch\/fr\/ein-referenzprojekt-fuer-die-zutrittskontrolle\/","title":{"rendered":"Un projet de r\u00e9f\u00e9rence pour le contr\u00f4le d'acc\u00e8s"},"content":{"rendered":"<figure id=\"attachment_2583\" aria-describedby=\"caption-attachment-2583\" style=\"width: 680px\" class=\"wp-caption alignnone\"><img loading=\"lazy\" decoding=\"async\" class=\"wp-image-2583 size-medium\" src=\"https:\/\/news.save.ch\/wp-content\/uploads\/2016\/12\/Ein-Referenzprojekt-f\u00fcr-die-Zutrittskontrolle_sicherheitsforum.jpg\" width=\"680\" height=\"453\" \/><figcaption id=\"caption-attachment-2583\" class=\"wp-caption-text\">Le directeur de Siaxma, Max Keller, explique le projet Zuko \u00e0 Oensingen.<\/figcaption><\/figure>\n<p>\"On ne savait parfois plus qui poss\u00e9dait quelles cl\u00e9s\", explique Andreas Affolter, responsable des constructions \u00e0 la commune d'Oensingen. Le chaos r\u00e9gnait dans la gestion des cl\u00e9s des immeubles. Qu'il s'agisse du b\u00e2timent des pompiers ou de l'\u00e9cole, presque chacun de ces immeubles avait son propre syst\u00e8me de fermeture. Celui qui devait entrer dans diff\u00e9rents b\u00e2timents portait avec lui un lourd trousseau de cl\u00e9s. Mais c'est de l'histoire ancienne, car les responsables communaux sont pass\u00e9s successivement \u00e0 un syst\u00e8me de fermeture \u00e9lectronique uniforme. Un petit badge a remplac\u00e9 les cl\u00e9s m\u00e9caniques. Pour le fournisseur du syst\u00e8me <a href=\"https:\/\/www.siaxma.ch\" target=\"_blank\" data-cke-saved-href=\"https:\/\/www.siaxma.ch\" rel=\"noopener\">Siaxma<\/a> d'Oensingen a commenc\u00e9 le travail par un \u00e9tat des lieux pr\u00e9cis en mars 2013 et, peu de temps apr\u00e8s, elle a livr\u00e9 le concept, le plafond des co\u00fbts et les documents d\u00e9taill\u00e9s aux responsables, comme l'explique le directeur Max Keller dans son expos\u00e9 \u00e0 l'occasion du 10e salon interne du temps et de la s\u00e9curit\u00e9, le SiMu'16, qui dure trois jours. Keller souligne qu'il est extr\u00eamement important de discuter au pr\u00e9alable avec tous les utilisateurs des immeubles afin de conna\u00eetre leurs besoins et leurs exigences concernant le futur contr\u00f4le d'acc\u00e8s (Zuko).<\/p>\n<p><strong>Les droits d'acc\u00e8s sont g\u00e9r\u00e9s de mani\u00e8re centralis\u00e9e<\/strong><\/p>\n<p>Avec la nouvelle solution, les droits d'acc\u00e8s de tous les b\u00e2timents de la commune d'Oensingen sont g\u00e9r\u00e9s de mani\u00e8re centralis\u00e9e. La programmation des supports de donn\u00e9es, c'est-\u00e0-dire qui a acc\u00e8s o\u00f9 et quand avec le badge, est \u00e9galement r\u00e9solue au sein de la commune. \"C'est la seule fa\u00e7on pour l'exploitant d'\u00eatre ind\u00e9pendant\", souligne Keller. Les droits d'acc\u00e8s peuvent \u00eatre attribu\u00e9s individuellement par b\u00e2timent, par jour et par heure. Dans son expos\u00e9, le sp\u00e9cialiste de Zuko Keller aborde en d\u00e9tail le projet phare d'Oensingen, qui comprend \u00e9galement un b\u00e2timent pour les pompiers. Convaincre l'organisation des gyrophares des avantages de la nouvelle application n'a pas \u00e9t\u00e9 une t\u00e2che facile, sourit Affolter. Ce n'est pas \u00e9tonnant, car ici tout doit fonctionner de mani\u00e8re impeccable pour ne pas perdre de temps en cas d'urgence. En cas d'alarme, l'entr\u00e9e principale du b\u00e2timent des pompiers est automatiquement lib\u00e9r\u00e9e et les lumi\u00e8res n\u00e9cessaires s'allument. Ce n'est qu'un petit exemple du nouveau syst\u00e8me Zuko, qui re\u00e7oit aujourd'hui beaucoup d'\u00e9loges de la part des pompiers, comme le dit Affolter.<\/p>\n<p><strong>M\u00eame la domotique est int\u00e9gr\u00e9e au syst\u00e8me Zuko<\/strong><\/p>\n<p>Une visite dans le cadre du SiMu'16 a montr\u00e9 qu'un contr\u00f4le d'acc\u00e8s couvrant plusieurs b\u00e2timents peut \u00eatre utilis\u00e9 de mani\u00e8re polyvalente. A Oensingen, une partie de la technique du b\u00e2timent, par exemple l'installation de ventilation, est \u00e9galement int\u00e9gr\u00e9e dans le contr\u00f4le d'acc\u00e8s. Mais le personnel communal a d\u00e9montr\u00e9 \u00e0 quel point un tel syst\u00e8me peut \u00eatre sophistiqu\u00e9 en prenant l'exemple de la nouvelle salle multifonctionnelle. Ici, il est m\u00eame possible de r\u00e9gler le fait que le club de sport X ne peut utiliser que le vestiaire Y \u00e0 un moment donn\u00e9 ; celui-ci peut d'ailleurs \u00eatre verrouill\u00e9 afin de prot\u00e9ger les objets de valeur personnels des sportifs.<\/p>\n<p>Et Andreas Affolter de conclure : \"Gr\u00e2ce au contrat de service, nous savons que le syst\u00e8me est bien entretenu et qu'il permet en fin de compte de faire des \u00e9conomies\".<\/p>","protected":false},"excerpt":{"rendered":"<p>\u201eWer welche Schl\u00fcssel besass, wusste man teilweise nicht mehr\u201c, sagt Andreas Affolter, Leiter Bau in der Gemeinde Oensingen. Das Chaos bei der Schl\u00fcsselverwaltung der Liegenschaften sei gross gewesen. Ob Feuerwehrgeb\u00e4ude oder Schulhaus \u2013 fast jede\u00a0dieser Liegenschaften\u00a0hatte ein eigenes Schliesssystem. Wer verschiedene Geb\u00e4ude\u00a0betreten musste, trug einen schweren Schl\u00fcsselbund mit sich herum. Doch das ist Geschichte, denn [&hellip;]<\/p>\n","protected":false},"author":1,"featured_media":2583,"comment_status":"open","ping_status":"open","sticky":false,"template":"","format":"standard","meta":{"_acf_changed":false,"pgc_sgb_lightbox_settings":"","footnotes":""},"categories":[3312],"tags":[65,157,158,90],"class_list":["post-2582","post","type-post","status-publish","format-standard","has-post-thumbnail","hentry","category-sicherheit","tag-unternehmen","tag-video-security","tag-zutrittskontrolle","tag-zutrittskontrollevideo-security"],"acf":[],"hkrextid":null,"publication":null,"issue":null,"workflow":null,"startPage":null,"spitzmarke":null,"_posts_by_tag_page_fields":{"widget_title":"","widget_tags":""},"_at_widget":"1","_yoast_wpseo_primary_category":"","_yoast_wpseo_focuskw_text_input":"Referenzprojekt","_yoast_wpseo_opengraph-image":"https:\/\/news.save.ch\/wp-content\/uploads\/2016\/12\/Ein-Referenzprojekt-f\u00fcr-die-Zutrittskontrolle_sicherheitsforum.jpg","_yoast_wpseo_opengraph-description":"In Oensingen werden alle Gemeindeliegenschaften \u00fcber ein einheitliches Zutrittssystem zentral verwaltet.","_yoast_wpseo_opengraph-title":"Ein Referenzprojekt f\u00fcr die Zutrittskontrolle","enclosure":null,"_yoast_wpseo_twitter-title":null,"_yoast_wpseo_twitter-description":null,"_yoast_wpseo_twitter-image":null,"_wp_old_slug":null,"_yoast_wpseo_title":null,"_yoast_wpseo_canonical":null,"yoast_head":"<!-- This site is optimized with the Yoast SEO plugin v27.4 - https:\/\/yoast.com\/product\/yoast-seo-wordpress\/ -->\n<title>Ein Referenzprojekt f\u00fcr die Zutrittskontrolle - Save<\/title>\n<meta name=\"description\" content=\"Referenzprojekt: In Oensingen werden alle Gemeindeliegenschaften \u00fcber ein einheitliches Zutrittssystem zentral verwaltet.\" \/>\n<meta name=\"robots\" content=\"index, follow, max-snippet:-1, max-image-preview:large, max-video-preview:-1\" \/>\n<link rel=\"canonical\" href=\"https:\/\/news.save.ch\/fr\/ein-referenzprojekt-fuer-die-zutrittskontrolle\/\" \/>\n<meta property=\"og:locale\" content=\"fr_FR\" \/>\n<meta property=\"og:type\" content=\"article\" \/>\n<meta property=\"og:title\" content=\"Ein Referenzprojekt f\u00fcr die Zutrittskontrolle\" \/>\n<meta property=\"og:description\" content=\"In Oensingen werden alle Gemeindeliegenschaften \u00fcber ein einheitliches Zutrittssystem zentral verwaltet.\" \/>\n<meta property=\"og:url\" content=\"https:\/\/news.save.ch\/fr\/ein-referenzprojekt-fuer-die-zutrittskontrolle\/\" \/>\n<meta property=\"og:site_name\" content=\"Save\" \/>\n<meta property=\"article:published_time\" content=\"2016-06-08T11:52:36+00:00\" \/>\n<meta property=\"article:modified_time\" content=\"2023-03-14T08:00:03+00:00\" \/>\n<meta property=\"og:image\" content=\"https:\/\/news.save.ch\/wp-content\/uploads\/2016\/12\/Ein-Referenzprojekt-f\u00fcr-die-Zutrittskontrolle_sicherheitsforum.jpg\" \/>\n<meta name=\"author\" content=\"admin\" \/>\n<meta name=\"twitter:card\" content=\"summary_large_image\" \/>\n<meta name=\"twitter:label1\" content=\"\u00c9crit par\" \/>\n\t<meta name=\"twitter:data1\" content=\"admin\" \/>\n\t<meta name=\"twitter:label2\" content=\"Dur\u00e9e de lecture estim\u00e9e\" \/>\n\t<meta name=\"twitter:data2\" content=\"2 minutes\" \/>\n<script type=\"application\/ld+json\" class=\"yoast-schema-graph\">{\"@context\":\"https:\\\/\\\/schema.org\",\"@graph\":[{\"@type\":\"Article\",\"@id\":\"https:\\\/\\\/news.save.ch\\\/ein-referenzprojekt-fuer-die-zutrittskontrolle\\\/#article\",\"isPartOf\":{\"@id\":\"https:\\\/\\\/news.save.ch\\\/ein-referenzprojekt-fuer-die-zutrittskontrolle\\\/\"},\"author\":{\"name\":\"admin\",\"@id\":\"https:\\\/\\\/news.save.ch\\\/de\\\/#\\\/schema\\\/person\\\/d49e199490bad7c70d64b9ab51142f2b\"},\"headline\":\"Ein Referenzprojekt f\u00fcr die Zutrittskontrolle\",\"datePublished\":\"2016-06-08T11:52:36+00:00\",\"dateModified\":\"2023-03-14T08:00:03+00:00\",\"mainEntityOfPage\":{\"@id\":\"https:\\\/\\\/news.save.ch\\\/ein-referenzprojekt-fuer-die-zutrittskontrolle\\\/\"},\"wordCount\":460,\"commentCount\":0,\"publisher\":{\"@id\":\"https:\\\/\\\/news.save.ch\\\/de\\\/#organization\"},\"image\":{\"@id\":\"https:\\\/\\\/news.save.ch\\\/ein-referenzprojekt-fuer-die-zutrittskontrolle\\\/#primaryimage\"},\"thumbnailUrl\":\"https:\\\/\\\/news.save.ch\\\/wp-content\\\/uploads\\\/2016\\\/12\\\/Ein-Referenzprojekt-fuer-die-Zutrittskontrolle_sicherheitsforum-scaled-1-scaled.jpg\",\"keywords\":[\"Unternehmen\",\"Video-Security\",\"Zutrittskontrolle\",\"Zutrittskontrolle\\\/Video-Security\"],\"articleSection\":[\"SICHERHEIT\"],\"inLanguage\":\"fr-FR\"},{\"@type\":\"WebPage\",\"@id\":\"https:\\\/\\\/news.save.ch\\\/ein-referenzprojekt-fuer-die-zutrittskontrolle\\\/\",\"url\":\"https:\\\/\\\/news.save.ch\\\/ein-referenzprojekt-fuer-die-zutrittskontrolle\\\/\",\"name\":\"Ein Referenzprojekt f\u00fcr die Zutrittskontrolle - Save\",\"isPartOf\":{\"@id\":\"https:\\\/\\\/news.save.ch\\\/de\\\/#website\"},\"primaryImageOfPage\":{\"@id\":\"https:\\\/\\\/news.save.ch\\\/ein-referenzprojekt-fuer-die-zutrittskontrolle\\\/#primaryimage\"},\"image\":{\"@id\":\"https:\\\/\\\/news.save.ch\\\/ein-referenzprojekt-fuer-die-zutrittskontrolle\\\/#primaryimage\"},\"thumbnailUrl\":\"https:\\\/\\\/news.save.ch\\\/wp-content\\\/uploads\\\/2016\\\/12\\\/Ein-Referenzprojekt-fuer-die-Zutrittskontrolle_sicherheitsforum-scaled-1-scaled.jpg\",\"datePublished\":\"2016-06-08T11:52:36+00:00\",\"dateModified\":\"2023-03-14T08:00:03+00:00\",\"description\":\"Referenzprojekt: In Oensingen werden alle Gemeindeliegenschaften \u00fcber ein einheitliches Zutrittssystem zentral verwaltet.\",\"breadcrumb\":{\"@id\":\"https:\\\/\\\/news.save.ch\\\/ein-referenzprojekt-fuer-die-zutrittskontrolle\\\/#breadcrumb\"},\"inLanguage\":\"fr-FR\",\"potentialAction\":[{\"@type\":\"ReadAction\",\"target\":[\"https:\\\/\\\/news.save.ch\\\/ein-referenzprojekt-fuer-die-zutrittskontrolle\\\/\"]}]},{\"@type\":\"ImageObject\",\"inLanguage\":\"fr-FR\",\"@id\":\"https:\\\/\\\/news.save.ch\\\/ein-referenzprojekt-fuer-die-zutrittskontrolle\\\/#primaryimage\",\"url\":\"https:\\\/\\\/news.save.ch\\\/wp-content\\\/uploads\\\/2016\\\/12\\\/Ein-Referenzprojekt-fuer-die-Zutrittskontrolle_sicherheitsforum-scaled-1-scaled.jpg\",\"contentUrl\":\"https:\\\/\\\/news.save.ch\\\/wp-content\\\/uploads\\\/2016\\\/12\\\/Ein-Referenzprojekt-fuer-die-Zutrittskontrolle_sicherheitsforum-scaled-1-scaled.jpg\",\"width\":1400,\"height\":934,\"caption\":\"Siaxma-Gesch\u00e4ftsf\u00fchrer Max Keller erkl\u00e4rt das Zuko-Projekt in Oensingen.\"},{\"@type\":\"BreadcrumbList\",\"@id\":\"https:\\\/\\\/news.save.ch\\\/ein-referenzprojekt-fuer-die-zutrittskontrolle\\\/#breadcrumb\",\"itemListElement\":[{\"@type\":\"ListItem\",\"position\":1,\"name\":\"Home\",\"item\":\"https:\\\/\\\/news.save.ch\\\/de\\\/\"},{\"@type\":\"ListItem\",\"position\":2,\"name\":\"Ein Referenzprojekt f\u00fcr die Zutrittskontrolle\"}]},{\"@type\":\"WebSite\",\"@id\":\"https:\\\/\\\/news.save.ch\\\/de\\\/#website\",\"url\":\"https:\\\/\\\/news.save.ch\\\/de\\\/\",\"name\":\"Save\",\"description\":\"Schweizer Fachzeitschrift f\u00fcr Sicherheit\",\"publisher\":{\"@id\":\"https:\\\/\\\/news.save.ch\\\/de\\\/#organization\"},\"potentialAction\":[{\"@type\":\"SearchAction\",\"target\":{\"@type\":\"EntryPoint\",\"urlTemplate\":\"https:\\\/\\\/news.save.ch\\\/de\\\/?s={search_term_string}\"},\"query-input\":{\"@type\":\"PropertyValueSpecification\",\"valueRequired\":true,\"valueName\":\"search_term_string\"}}],\"inLanguage\":\"fr-FR\"},{\"@type\":\"Organization\",\"@id\":\"https:\\\/\\\/news.save.ch\\\/de\\\/#organization\",\"name\":\"Sicherheitsforum\",\"url\":\"https:\\\/\\\/news.save.ch\\\/de\\\/\",\"logo\":{\"@type\":\"ImageObject\",\"inLanguage\":\"fr-FR\",\"@id\":\"https:\\\/\\\/news.save.ch\\\/de\\\/#\\\/schema\\\/logo\\\/image\\\/\",\"url\":\"https:\\\/\\\/news.save.ch\\\/wp-content\\\/uploads\\\/2022\\\/06\\\/Logo_SF_2012.png\",\"contentUrl\":\"https:\\\/\\\/news.save.ch\\\/wp-content\\\/uploads\\\/2022\\\/06\\\/Logo_SF_2012.png\",\"width\":1100,\"height\":91,\"caption\":\"Sicherheitsforum\"},\"image\":{\"@id\":\"https:\\\/\\\/news.save.ch\\\/de\\\/#\\\/schema\\\/logo\\\/image\\\/\"}},{\"@type\":\"Person\",\"@id\":\"https:\\\/\\\/news.save.ch\\\/de\\\/#\\\/schema\\\/person\\\/d49e199490bad7c70d64b9ab51142f2b\",\"name\":\"admin\",\"image\":{\"@type\":\"ImageObject\",\"inLanguage\":\"fr-FR\",\"@id\":\"https:\\\/\\\/secure.gravatar.com\\\/avatar\\\/ae2f4d718e6c49043e314ce431e7e645d646302a24a5ef5a8bc8e3f5a032e319?s=96&d=mm&r=g\",\"url\":\"https:\\\/\\\/secure.gravatar.com\\\/avatar\\\/ae2f4d718e6c49043e314ce431e7e645d646302a24a5ef5a8bc8e3f5a032e319?s=96&d=mm&r=g\",\"contentUrl\":\"https:\\\/\\\/secure.gravatar.com\\\/avatar\\\/ae2f4d718e6c49043e314ce431e7e645d646302a24a5ef5a8bc8e3f5a032e319?s=96&d=mm&r=g\",\"caption\":\"admin\"},\"sameAs\":[\"https:\\\/\\\/develop.organisator.galledia.ch\"],\"url\":\"https:\\\/\\\/news.save.ch\\\/fr\\\/author\\\/admin\\\/\"}]}<\/script>\n<!-- \/ Yoast SEO plugin. -->","yoast_head_json":{"title":"Un projet de r\u00e9f\u00e9rence pour le contr\u00f4le d'acc\u00e8s - Save","description":"Projet de r\u00e9f\u00e9rence : \u00e0 Oensingen, tous les immeubles communaux sont g\u00e9r\u00e9s de mani\u00e8re centralis\u00e9e par un syst\u00e8me d'acc\u00e8s uniforme.","robots":{"index":"index","follow":"follow","max-snippet":"max-snippet:-1","max-image-preview":"max-image-preview:large","max-video-preview":"max-video-preview:-1"},"canonical":"https:\/\/news.save.ch\/fr\/ein-referenzprojekt-fuer-die-zutrittskontrolle\/","og_locale":"fr_FR","og_type":"article","og_title":"Ein Referenzprojekt f\u00fcr die Zutrittskontrolle","og_description":"In Oensingen werden alle Gemeindeliegenschaften \u00fcber ein einheitliches Zutrittssystem zentral verwaltet.","og_url":"https:\/\/news.save.ch\/fr\/ein-referenzprojekt-fuer-die-zutrittskontrolle\/","og_site_name":"Save","article_published_time":"2016-06-08T11:52:36+00:00","article_modified_time":"2023-03-14T08:00:03+00:00","og_image":[{"url":"https:\/\/news.save.ch\/wp-content\/uploads\/2016\/12\/Ein-Referenzprojekt-f\u00fcr-die-Zutrittskontrolle_sicherheitsforum.jpg","type":"","width":"","height":""}],"author":"admin","twitter_card":"summary_large_image","twitter_misc":{"\u00c9crit par":"admin","Dur\u00e9e de lecture estim\u00e9e":"2 minutes"},"schema":{"@context":"https:\/\/schema.org","@graph":[{"@type":"Article","@id":"https:\/\/news.save.ch\/ein-referenzprojekt-fuer-die-zutrittskontrolle\/#article","isPartOf":{"@id":"https:\/\/news.save.ch\/ein-referenzprojekt-fuer-die-zutrittskontrolle\/"},"author":{"name":"admin","@id":"https:\/\/news.save.ch\/de\/#\/schema\/person\/d49e199490bad7c70d64b9ab51142f2b"},"headline":"Ein Referenzprojekt f\u00fcr die Zutrittskontrolle","datePublished":"2016-06-08T11:52:36+00:00","dateModified":"2023-03-14T08:00:03+00:00","mainEntityOfPage":{"@id":"https:\/\/news.save.ch\/ein-referenzprojekt-fuer-die-zutrittskontrolle\/"},"wordCount":460,"commentCount":0,"publisher":{"@id":"https:\/\/news.save.ch\/de\/#organization"},"image":{"@id":"https:\/\/news.save.ch\/ein-referenzprojekt-fuer-die-zutrittskontrolle\/#primaryimage"},"thumbnailUrl":"https:\/\/news.save.ch\/wp-content\/uploads\/2016\/12\/Ein-Referenzprojekt-fuer-die-Zutrittskontrolle_sicherheitsforum-scaled-1-scaled.jpg","keywords":["Unternehmen","Video-Security","Zutrittskontrolle","Zutrittskontrolle\/Video-Security"],"articleSection":["SICHERHEIT"],"inLanguage":"fr-FR"},{"@type":"WebPage","@id":"https:\/\/news.save.ch\/ein-referenzprojekt-fuer-die-zutrittskontrolle\/","url":"https:\/\/news.save.ch\/ein-referenzprojekt-fuer-die-zutrittskontrolle\/","name":"Un projet de r\u00e9f\u00e9rence pour le contr\u00f4le d'acc\u00e8s - Save","isPartOf":{"@id":"https:\/\/news.save.ch\/de\/#website"},"primaryImageOfPage":{"@id":"https:\/\/news.save.ch\/ein-referenzprojekt-fuer-die-zutrittskontrolle\/#primaryimage"},"image":{"@id":"https:\/\/news.save.ch\/ein-referenzprojekt-fuer-die-zutrittskontrolle\/#primaryimage"},"thumbnailUrl":"https:\/\/news.save.ch\/wp-content\/uploads\/2016\/12\/Ein-Referenzprojekt-fuer-die-Zutrittskontrolle_sicherheitsforum-scaled-1-scaled.jpg","datePublished":"2016-06-08T11:52:36+00:00","dateModified":"2023-03-14T08:00:03+00:00","description":"Projet de r\u00e9f\u00e9rence : \u00e0 Oensingen, tous les immeubles communaux sont g\u00e9r\u00e9s de mani\u00e8re centralis\u00e9e par un syst\u00e8me d'acc\u00e8s uniforme.","breadcrumb":{"@id":"https:\/\/news.save.ch\/ein-referenzprojekt-fuer-die-zutrittskontrolle\/#breadcrumb"},"inLanguage":"fr-FR","potentialAction":[{"@type":"ReadAction","target":["https:\/\/news.save.ch\/ein-referenzprojekt-fuer-die-zutrittskontrolle\/"]}]},{"@type":"ImageObject","inLanguage":"fr-FR","@id":"https:\/\/news.save.ch\/ein-referenzprojekt-fuer-die-zutrittskontrolle\/#primaryimage","url":"https:\/\/news.save.ch\/wp-content\/uploads\/2016\/12\/Ein-Referenzprojekt-fuer-die-Zutrittskontrolle_sicherheitsforum-scaled-1-scaled.jpg","contentUrl":"https:\/\/news.save.ch\/wp-content\/uploads\/2016\/12\/Ein-Referenzprojekt-fuer-die-Zutrittskontrolle_sicherheitsforum-scaled-1-scaled.jpg","width":1400,"height":934,"caption":"Siaxma-Gesch\u00e4ftsf\u00fchrer Max Keller erkl\u00e4rt das Zuko-Projekt in Oensingen."},{"@type":"BreadcrumbList","@id":"https:\/\/news.save.ch\/ein-referenzprojekt-fuer-die-zutrittskontrolle\/#breadcrumb","itemListElement":[{"@type":"ListItem","position":1,"name":"Home","item":"https:\/\/news.save.ch\/de\/"},{"@type":"ListItem","position":2,"name":"Ein Referenzprojekt f\u00fcr die Zutrittskontrolle"}]},{"@type":"WebSite","@id":"https:\/\/news.save.ch\/de\/#website","url":"https:\/\/news.save.ch\/de\/","name":"Save","description":"Revue suisse sp\u00e9cialis\u00e9e dans la s\u00e9curit\u00e9","publisher":{"@id":"https:\/\/news.save.ch\/de\/#organization"},"potentialAction":[{"@type":"SearchAction","target":{"@type":"EntryPoint","urlTemplate":"https:\/\/news.save.ch\/de\/?s={search_term_string}"},"query-input":{"@type":"PropertyValueSpecification","valueRequired":true,"valueName":"search_term_string"}}],"inLanguage":"fr-FR"},{"@type":"Organization","@id":"https:\/\/news.save.ch\/de\/#organization","name":"Forum sur la s\u00e9curit\u00e9","url":"https:\/\/news.save.ch\/de\/","logo":{"@type":"ImageObject","inLanguage":"fr-FR","@id":"https:\/\/news.save.ch\/de\/#\/schema\/logo\/image\/","url":"https:\/\/news.save.ch\/wp-content\/uploads\/2022\/06\/Logo_SF_2012.png","contentUrl":"https:\/\/news.save.ch\/wp-content\/uploads\/2022\/06\/Logo_SF_2012.png","width":1100,"height":91,"caption":"Sicherheitsforum"},"image":{"@id":"https:\/\/news.save.ch\/de\/#\/schema\/logo\/image\/"}},{"@type":"Person","@id":"https:\/\/news.save.ch\/de\/#\/schema\/person\/d49e199490bad7c70d64b9ab51142f2b","name":"admin","image":{"@type":"ImageObject","inLanguage":"fr-FR","@id":"https:\/\/secure.gravatar.com\/avatar\/ae2f4d718e6c49043e314ce431e7e645d646302a24a5ef5a8bc8e3f5a032e319?s=96&d=mm&r=g","url":"https:\/\/secure.gravatar.com\/avatar\/ae2f4d718e6c49043e314ce431e7e645d646302a24a5ef5a8bc8e3f5a032e319?s=96&d=mm&r=g","contentUrl":"https:\/\/secure.gravatar.com\/avatar\/ae2f4d718e6c49043e314ce431e7e645d646302a24a5ef5a8bc8e3f5a032e319?s=96&d=mm&r=g","caption":"admin"},"sameAs":["https:\/\/develop.organisator.galledia.ch"],"url":"https:\/\/news.save.ch\/fr\/author\/admin\/"}]}},"_links":{"self":[{"href":"https:\/\/news.save.ch\/fr\/wp-json\/wp\/v2\/posts\/2582","targetHints":{"allow":["GET"]}}],"collection":[{"href":"https:\/\/news.save.ch\/fr\/wp-json\/wp\/v2\/posts"}],"about":[{"href":"https:\/\/news.save.ch\/fr\/wp-json\/wp\/v2\/types\/post"}],"author":[{"embeddable":true,"href":"https:\/\/news.save.ch\/fr\/wp-json\/wp\/v2\/users\/1"}],"replies":[{"embeddable":true,"href":"https:\/\/news.save.ch\/fr\/wp-json\/wp\/v2\/comments?post=2582"}],"version-history":[{"count":1,"href":"https:\/\/news.save.ch\/fr\/wp-json\/wp\/v2\/posts\/2582\/revisions"}],"predecessor-version":[{"id":18005,"href":"https:\/\/news.save.ch\/fr\/wp-json\/wp\/v2\/posts\/2582\/revisions\/18005"}],"wp:featuredmedia":[{"embeddable":true,"href":"https:\/\/news.save.ch\/fr\/wp-json\/wp\/v2\/media\/2583"}],"wp:attachment":[{"href":"https:\/\/news.save.ch\/fr\/wp-json\/wp\/v2\/media?parent=2582"}],"wp:term":[{"taxonomy":"category","embeddable":true,"href":"https:\/\/news.save.ch\/fr\/wp-json\/wp\/v2\/categories?post=2582"},{"taxonomy":"post_tag","embeddable":true,"href":"https:\/\/news.save.ch\/fr\/wp-json\/wp\/v2\/tags?post=2582"}],"curies":[{"name":"wp","href":"https:\/\/api.w.org\/{rel}","templated":true}]}}