{"id":2588,"date":"2018-02-05T09:51:54","date_gmt":"2018-02-05T08:51:54","guid":{"rendered":"https:\/\/news.save.ch\/?p=2588"},"modified":"2023-03-14T09:04:17","modified_gmt":"2023-03-14T08:04:17","slug":"schutzniveau-im-chemikalienbereich-sichergestellt","status":null,"type":"post","link":"https:\/\/news.save.ch\/fr\/schutzniveau-im-chemikalienbereich-sichergestellt\/","title":{"rendered":"Niveau de protection assur\u00e9 dans le domaine des produits chimiques"},"content":{"rendered":"<figure id=\"attachment_2591\" aria-describedby=\"caption-attachment-2591\" style=\"width: 680px\" class=\"wp-caption alignnone\"><img loading=\"lazy\" decoding=\"async\" class=\"size-medium wp-image-2591\" src=\"http:\/\/develop.safety-plus.ch\/wp-content\/uploads\/2018\/02\/Depositphotos_kwanchaidp.jpg\" alt=\"\" width=\"680\" height=\"450\" \/><figcaption id=\"caption-attachment-2591\" class=\"wp-caption-text\">Les adaptations doivent permettre d'\u00e9viter les entraves au commerce et de garantir un niveau \u00e9lev\u00e9 de protection de l'homme et de l'environnement. \u00a9 Depositphotos\/kwanchaidp<\/figcaption><\/figure>\n<p>L'ordonnance sur les produits chimiques pr\u00e9voit d\u00e9sormais une obligation de notification sp\u00e9cifique pour les substances synth\u00e9tiques sous forme de fibres ou de tubes. <a href=\"https:\/\/news.save.ch\/fr\/sicher-arbeiten-mit-nanomaterialien\/\" target=\"_blank\" rel=\"noopener\">Nanomat\u00e9riaux<\/a> qui sont mis sur le march\u00e9. Ces mat\u00e9riaux peuvent \u00eatre utilis\u00e9s lors de <a href=\"https:\/\/news.save.ch\/fr\/nanomaterialien-welche-regulierungen-braucht-es\/\" target=\"_blank\" rel=\"noopener\">Inhalation dans les poumons Dommages<\/a> provoquer. Les nanomat\u00e9riaux sont de minuscules particules utilis\u00e9es dans de nombreux produits et technologies.<\/p>\n<p>En cas de <a href=\"https:\/\/news.save.ch\/fr\/tox-info-suisse-vergiftungen-durch-medikamente-besonders-haeufig\/\" target=\"_blank\" rel=\"noopener\">Intoxication <\/a>la composition exacte d'un produit chimique est d\u00e9terminante pour que les m\u00e9decins de <a href=\"http:\/\/toxinfo.ch\/startseite_de\" target=\"_blank\" rel=\"noopener\">Tox Info Suisse<\/a> (num\u00e9ro d'urgence 145), le centre d'information sur les intoxications <a href=\"https:\/\/news.save.ch\/fr\/vergiftungen-verhindern-erkennen-und-im-notfall-managen\/\" target=\"_blank\" rel=\"noopener\">les bonnes mesures<\/a> pouvoir les conseiller. Pour cette raison et afin de mieux identifier les produits, un \u00e9l\u00e9ment d'identification (UFI) devra d\u00e9sormais figurer sur l'emballage. Cela concerne certains produits dangereux vendus \u00e0 des particuliers. La p\u00e9riode de transition pour cette nouvelle disposition court jusqu'\u00e0 fin 2021. En outre, davantage de produits biocides tels que les insecticides et les <a href=\"https:\/\/news.save.ch\/fr\/neues-pruefverfahren-fuer-die-haendedesinfektion\/\" target=\"_blank\" rel=\"noopener\">D\u00e9sinfectant<\/a> \u00eatre import\u00e9s en parall\u00e8le en Suisse. Cela devrait faire baisser le niveau de prix de ces produits.<\/p>\n<p><a href=\"https:\/\/www.anmeldestelle.admin.ch\/chem\/de\/home\/themen\/recht-wegleitungen\/revisionen-des-chemikalienrechts\/aenderungen-chemikalienverordnung-und-biozidprodukteverordnung-2018.html\" target=\"_blank\" rel=\"noopener\">Vers les r\u00e8glements adapt\u00e9s sur les produits chimiques et les produits biocides 2018<\/a><\/p>\n<p>Texte :<\/p>\n<p><a href=\"https:\/\/www.admin.ch\/gov\/de\/start.html\" target=\"_blank\" rel=\"noopener\">Le Conseil f\u00e9d\u00e9ral <\/a><br \/>\n<a href=\"http:\/\/www.bag.admin.ch\" target=\"_blank\" rel=\"noopener\">Office f\u00e9d\u00e9ral de la sant\u00e9 publique <\/a><\/p>","protected":false},"excerpt":{"rendered":"<p>Neu sieht die Chemikalienverordnung eine spezifische Meldepflicht f\u00fcr synthetische faser- oder r\u00f6hrenf\u00f6rmige Nanomaterialien vor, die in den Verkehr gebracht werden. Diese Materialien k\u00f6nnen beim Einatmen in der Lunge Sch\u00e4den verursachen. Nanomaterialien sind winzige Partikel, welche f\u00fcr viele Produkte und Technologien genutzt werden. Im Falle einer Vergiftung ist die genaue Zusammensetzung eines chemischen Produktes entscheidend, damit [&hellip;]<\/p>\n","protected":false},"author":1,"featured_media":16246,"comment_status":"open","ping_status":"open","sticky":false,"template":"","format":"standard","meta":{"_acf_changed":false,"pgc_sgb_lightbox_settings":"","footnotes":""},"categories":[1,3314],"tags":[172,700,1775,1799,168,1898,295,127,149,128,2308,2590,141],"class_list":["post-2588","post","type-post","status-publish","format-standard","has-post-thumbnail","hentry","category-allgemein","category-health-safety","tag-arbeitssicherheit","tag-bag","tag-betriebliches-gesundheitsmanagement","tag-biozidprodukte","tag-bundesrat","tag-desinfektionsmittel","tag-erste-hilfe","tag-gefaehrliche-stoffe","tag-gesundheitsschutz","tag-gifte","tag-insektizide","tag-nanomaterialien","tag-praevention"],"acf":[],"hkrextid":null,"publication":null,"issue":null,"workflow":null,"startPage":null,"spitzmarke":null,"_posts_by_tag_page_fields":{"widget_title":"","widget_tags":""},"_at_widget":"1","_yoast_wpseo_primary_category":"1","_yoast_wpseo_focuskw_text_input":"Schutzniveau im Chemikalienbereich","_yoast_wpseo_opengraph-image":null,"_yoast_wpseo_opengraph-description":null,"_yoast_wpseo_opengraph-title":null,"enclosure":null,"_yoast_wpseo_twitter-title":null,"_yoast_wpseo_twitter-description":null,"_yoast_wpseo_twitter-image":null,"_wp_old_slug":null,"_yoast_wpseo_title":null,"_yoast_wpseo_canonical":null,"yoast_head":"<!-- This site is optimized with the Yoast SEO plugin v27.5 - https:\/\/yoast.com\/product\/yoast-seo-wordpress\/ -->\n<title>Schutzniveau im Chemikalienbereich sichergestellt - Save<\/title>\n<meta name=\"description\" content=\"Mit den Anpassungen der Chemikalien- und Biozidprodukteverordnung sollen Handelshemmnisse vermieden und das hohe Schutzniveau f\u00fcr Mensch und Umwelt sichergestellt werden.\" \/>\n<meta name=\"robots\" content=\"index, follow, max-snippet:-1, max-image-preview:large, max-video-preview:-1\" \/>\n<link rel=\"canonical\" href=\"https:\/\/news.save.ch\/fr\/schutzniveau-im-chemikalienbereich-sichergestellt\/\" \/>\n<meta property=\"og:locale\" content=\"fr_FR\" \/>\n<meta property=\"og:type\" content=\"article\" \/>\n<meta property=\"og:title\" content=\"Schutzniveau im Chemikalienbereich sichergestellt - Save\" \/>\n<meta property=\"og:description\" content=\"Mit den Anpassungen der Chemikalien- und Biozidprodukteverordnung sollen Handelshemmnisse vermieden und das hohe Schutzniveau f\u00fcr Mensch und Umwelt sichergestellt werden.\" \/>\n<meta property=\"og:url\" content=\"https:\/\/news.save.ch\/fr\/schutzniveau-im-chemikalienbereich-sichergestellt\/\" \/>\n<meta property=\"og:site_name\" content=\"Save\" \/>\n<meta property=\"article:published_time\" content=\"2018-02-05T08:51:54+00:00\" \/>\n<meta property=\"article:modified_time\" content=\"2023-03-14T08:04:17+00:00\" \/>\n<meta property=\"og:image\" content=\"https:\/\/news.save.ch\/wp-content\/uploads\/2018\/02\/Depositphotos_kwanchaidp-scaled-1.jpg\" \/>\n\t<meta property=\"og:image:width\" content=\"1200\" \/>\n\t<meta property=\"og:image:height\" content=\"795\" \/>\n\t<meta property=\"og:image:type\" content=\"image\/jpeg\" \/>\n<meta name=\"author\" content=\"admin\" \/>\n<meta name=\"twitter:card\" content=\"summary_large_image\" \/>\n<meta name=\"twitter:label1\" content=\"\u00c9crit par\" \/>\n\t<meta name=\"twitter:data1\" content=\"admin\" \/>\n\t<meta name=\"twitter:label2\" content=\"Dur\u00e9e de lecture estim\u00e9e\" \/>\n\t<meta name=\"twitter:data2\" content=\"1 minute\" \/>\n<script type=\"application\/ld+json\" class=\"yoast-schema-graph\">{\"@context\":\"https:\\\/\\\/schema.org\",\"@graph\":[{\"@type\":\"Article\",\"@id\":\"https:\\\/\\\/news.save.ch\\\/schutzniveau-im-chemikalienbereich-sichergestellt\\\/#article\",\"isPartOf\":{\"@id\":\"https:\\\/\\\/news.save.ch\\\/schutzniveau-im-chemikalienbereich-sichergestellt\\\/\"},\"author\":{\"name\":\"admin\",\"@id\":\"https:\\\/\\\/news.save.ch\\\/de\\\/#\\\/schema\\\/person\\\/d49e199490bad7c70d64b9ab51142f2b\"},\"headline\":\"Schutzniveau im Chemikalienbereich sichergestellt\",\"datePublished\":\"2018-02-05T08:51:54+00:00\",\"dateModified\":\"2023-03-14T08:04:17+00:00\",\"mainEntityOfPage\":{\"@id\":\"https:\\\/\\\/news.save.ch\\\/schutzniveau-im-chemikalienbereich-sichergestellt\\\/\"},\"wordCount\":195,\"commentCount\":1,\"publisher\":{\"@id\":\"https:\\\/\\\/news.save.ch\\\/de\\\/#organization\"},\"image\":{\"@id\":\"https:\\\/\\\/news.save.ch\\\/schutzniveau-im-chemikalienbereich-sichergestellt\\\/#primaryimage\"},\"thumbnailUrl\":\"https:\\\/\\\/news.save.ch\\\/wp-content\\\/uploads\\\/2018\\\/02\\\/Depositphotos_kwanchaidp-scaled-1.jpg\",\"keywords\":[\"Arbeitssicherheit\",\"BAG\",\"Betriebliches Gesundheitsmanagement\",\"Biozidprodukte\",\"Bundesrat\",\"Desinfektionsmittel\",\"Erste Hilfe\",\"Gef\u00e4hrliche Stoffe\",\"Gesundheitsschutz\",\"Gifte\",\"Insektizide\",\"Nanomaterialien\",\"Pr\u00e4vention\"],\"articleSection\":[\"ALLGEMEIN\",\"HEALTH &amp; SAFETY\"],\"inLanguage\":\"fr-FR\"},{\"@type\":\"WebPage\",\"@id\":\"https:\\\/\\\/news.save.ch\\\/schutzniveau-im-chemikalienbereich-sichergestellt\\\/\",\"url\":\"https:\\\/\\\/news.save.ch\\\/schutzniveau-im-chemikalienbereich-sichergestellt\\\/\",\"name\":\"Schutzniveau im Chemikalienbereich sichergestellt - Save\",\"isPartOf\":{\"@id\":\"https:\\\/\\\/news.save.ch\\\/de\\\/#website\"},\"primaryImageOfPage\":{\"@id\":\"https:\\\/\\\/news.save.ch\\\/schutzniveau-im-chemikalienbereich-sichergestellt\\\/#primaryimage\"},\"image\":{\"@id\":\"https:\\\/\\\/news.save.ch\\\/schutzniveau-im-chemikalienbereich-sichergestellt\\\/#primaryimage\"},\"thumbnailUrl\":\"https:\\\/\\\/news.save.ch\\\/wp-content\\\/uploads\\\/2018\\\/02\\\/Depositphotos_kwanchaidp-scaled-1.jpg\",\"datePublished\":\"2018-02-05T08:51:54+00:00\",\"dateModified\":\"2023-03-14T08:04:17+00:00\",\"description\":\"Mit den Anpassungen der Chemikalien- und Biozidprodukteverordnung sollen Handelshemmnisse vermieden und das hohe Schutzniveau f\u00fcr Mensch und Umwelt sichergestellt werden.\",\"breadcrumb\":{\"@id\":\"https:\\\/\\\/news.save.ch\\\/schutzniveau-im-chemikalienbereich-sichergestellt\\\/#breadcrumb\"},\"inLanguage\":\"fr-FR\",\"potentialAction\":[{\"@type\":\"ReadAction\",\"target\":[\"https:\\\/\\\/news.save.ch\\\/schutzniveau-im-chemikalienbereich-sichergestellt\\\/\"]}]},{\"@type\":\"ImageObject\",\"inLanguage\":\"fr-FR\",\"@id\":\"https:\\\/\\\/news.save.ch\\\/schutzniveau-im-chemikalienbereich-sichergestellt\\\/#primaryimage\",\"url\":\"https:\\\/\\\/news.save.ch\\\/wp-content\\\/uploads\\\/2018\\\/02\\\/Depositphotos_kwanchaidp-scaled-1.jpg\",\"contentUrl\":\"https:\\\/\\\/news.save.ch\\\/wp-content\\\/uploads\\\/2018\\\/02\\\/Depositphotos_kwanchaidp-scaled-1.jpg\",\"width\":1200,\"height\":795,\"caption\":\"Mit den Anpassungen sollen Handelshemmnisse vermieden und das hohe Schutzniveau f\u00fcr Mensch und Umwelt sichergestellt werden. \u00a9 Depositphotos\\\/kwanchaidp\"},{\"@type\":\"BreadcrumbList\",\"@id\":\"https:\\\/\\\/news.save.ch\\\/schutzniveau-im-chemikalienbereich-sichergestellt\\\/#breadcrumb\",\"itemListElement\":[{\"@type\":\"ListItem\",\"position\":1,\"name\":\"Home\",\"item\":\"https:\\\/\\\/news.save.ch\\\/de\\\/\"},{\"@type\":\"ListItem\",\"position\":2,\"name\":\"Schutzniveau im Chemikalienbereich sichergestellt\"}]},{\"@type\":\"WebSite\",\"@id\":\"https:\\\/\\\/news.save.ch\\\/de\\\/#website\",\"url\":\"https:\\\/\\\/news.save.ch\\\/de\\\/\",\"name\":\"Save\",\"description\":\"Schweizer Fachzeitschrift f\u00fcr Sicherheit\",\"publisher\":{\"@id\":\"https:\\\/\\\/news.save.ch\\\/de\\\/#organization\"},\"potentialAction\":[{\"@type\":\"SearchAction\",\"target\":{\"@type\":\"EntryPoint\",\"urlTemplate\":\"https:\\\/\\\/news.save.ch\\\/de\\\/?s={search_term_string}\"},\"query-input\":{\"@type\":\"PropertyValueSpecification\",\"valueRequired\":true,\"valueName\":\"search_term_string\"}}],\"inLanguage\":\"fr-FR\"},{\"@type\":\"Organization\",\"@id\":\"https:\\\/\\\/news.save.ch\\\/de\\\/#organization\",\"name\":\"Sicherheitsforum\",\"url\":\"https:\\\/\\\/news.save.ch\\\/de\\\/\",\"logo\":{\"@type\":\"ImageObject\",\"inLanguage\":\"fr-FR\",\"@id\":\"https:\\\/\\\/news.save.ch\\\/de\\\/#\\\/schema\\\/logo\\\/image\\\/\",\"url\":\"https:\\\/\\\/news.save.ch\\\/wp-content\\\/uploads\\\/2022\\\/06\\\/Logo_SF_2012.png\",\"contentUrl\":\"https:\\\/\\\/news.save.ch\\\/wp-content\\\/uploads\\\/2022\\\/06\\\/Logo_SF_2012.png\",\"width\":1100,\"height\":91,\"caption\":\"Sicherheitsforum\"},\"image\":{\"@id\":\"https:\\\/\\\/news.save.ch\\\/de\\\/#\\\/schema\\\/logo\\\/image\\\/\"}},{\"@type\":\"Person\",\"@id\":\"https:\\\/\\\/news.save.ch\\\/de\\\/#\\\/schema\\\/person\\\/d49e199490bad7c70d64b9ab51142f2b\",\"name\":\"admin\",\"image\":{\"@type\":\"ImageObject\",\"inLanguage\":\"fr-FR\",\"@id\":\"https:\\\/\\\/secure.gravatar.com\\\/avatar\\\/ae2f4d718e6c49043e314ce431e7e645d646302a24a5ef5a8bc8e3f5a032e319?s=96&d=mm&r=g\",\"url\":\"https:\\\/\\\/secure.gravatar.com\\\/avatar\\\/ae2f4d718e6c49043e314ce431e7e645d646302a24a5ef5a8bc8e3f5a032e319?s=96&d=mm&r=g\",\"contentUrl\":\"https:\\\/\\\/secure.gravatar.com\\\/avatar\\\/ae2f4d718e6c49043e314ce431e7e645d646302a24a5ef5a8bc8e3f5a032e319?s=96&d=mm&r=g\",\"caption\":\"admin\"},\"sameAs\":[\"https:\\\/\\\/develop.organisator.galledia.ch\"],\"url\":\"https:\\\/\\\/news.save.ch\\\/fr\\\/author\\\/admin\\\/\"}]}<\/script>\n<!-- \/ Yoast SEO plugin. -->","yoast_head_json":{"title":"Niveau de protection assur\u00e9 dans le domaine des produits chimiques - Save","description":"Les adaptations du r\u00e8glement sur les produits chimiques et biocides visent \u00e0 \u00e9viter les entraves au commerce et \u00e0 garantir un niveau \u00e9lev\u00e9 de protection de l'homme et de l'environnement.","robots":{"index":"index","follow":"follow","max-snippet":"max-snippet:-1","max-image-preview":"max-image-preview:large","max-video-preview":"max-video-preview:-1"},"canonical":"https:\/\/news.save.ch\/fr\/schutzniveau-im-chemikalienbereich-sichergestellt\/","og_locale":"fr_FR","og_type":"article","og_title":"Schutzniveau im Chemikalienbereich sichergestellt - Save","og_description":"Mit den Anpassungen der Chemikalien- und Biozidprodukteverordnung sollen Handelshemmnisse vermieden und das hohe Schutzniveau f\u00fcr Mensch und Umwelt sichergestellt werden.","og_url":"https:\/\/news.save.ch\/fr\/schutzniveau-im-chemikalienbereich-sichergestellt\/","og_site_name":"Save","article_published_time":"2018-02-05T08:51:54+00:00","article_modified_time":"2023-03-14T08:04:17+00:00","og_image":[{"width":1200,"height":795,"url":"https:\/\/news.save.ch\/wp-content\/uploads\/2018\/02\/Depositphotos_kwanchaidp-scaled-1.jpg","type":"image\/jpeg"}],"author":"admin","twitter_card":"summary_large_image","twitter_misc":{"\u00c9crit par":"admin","Dur\u00e9e de lecture estim\u00e9e":"1 minute"},"schema":{"@context":"https:\/\/schema.org","@graph":[{"@type":"Article","@id":"https:\/\/news.save.ch\/schutzniveau-im-chemikalienbereich-sichergestellt\/#article","isPartOf":{"@id":"https:\/\/news.save.ch\/schutzniveau-im-chemikalienbereich-sichergestellt\/"},"author":{"name":"admin","@id":"https:\/\/news.save.ch\/de\/#\/schema\/person\/d49e199490bad7c70d64b9ab51142f2b"},"headline":"Schutzniveau im Chemikalienbereich sichergestellt","datePublished":"2018-02-05T08:51:54+00:00","dateModified":"2023-03-14T08:04:17+00:00","mainEntityOfPage":{"@id":"https:\/\/news.save.ch\/schutzniveau-im-chemikalienbereich-sichergestellt\/"},"wordCount":195,"commentCount":1,"publisher":{"@id":"https:\/\/news.save.ch\/de\/#organization"},"image":{"@id":"https:\/\/news.save.ch\/schutzniveau-im-chemikalienbereich-sichergestellt\/#primaryimage"},"thumbnailUrl":"https:\/\/news.save.ch\/wp-content\/uploads\/2018\/02\/Depositphotos_kwanchaidp-scaled-1.jpg","keywords":["Arbeitssicherheit","BAG","Betriebliches Gesundheitsmanagement","Biozidprodukte","Bundesrat","Desinfektionsmittel","Erste Hilfe","Gef\u00e4hrliche Stoffe","Gesundheitsschutz","Gifte","Insektizide","Nanomaterialien","Pr\u00e4vention"],"articleSection":["ALLGEMEIN","HEALTH &amp; SAFETY"],"inLanguage":"fr-FR"},{"@type":"WebPage","@id":"https:\/\/news.save.ch\/schutzniveau-im-chemikalienbereich-sichergestellt\/","url":"https:\/\/news.save.ch\/schutzniveau-im-chemikalienbereich-sichergestellt\/","name":"Niveau de protection assur\u00e9 dans le domaine des produits chimiques - Save","isPartOf":{"@id":"https:\/\/news.save.ch\/de\/#website"},"primaryImageOfPage":{"@id":"https:\/\/news.save.ch\/schutzniveau-im-chemikalienbereich-sichergestellt\/#primaryimage"},"image":{"@id":"https:\/\/news.save.ch\/schutzniveau-im-chemikalienbereich-sichergestellt\/#primaryimage"},"thumbnailUrl":"https:\/\/news.save.ch\/wp-content\/uploads\/2018\/02\/Depositphotos_kwanchaidp-scaled-1.jpg","datePublished":"2018-02-05T08:51:54+00:00","dateModified":"2023-03-14T08:04:17+00:00","description":"Les adaptations du r\u00e8glement sur les produits chimiques et biocides visent \u00e0 \u00e9viter les entraves au commerce et \u00e0 garantir un niveau \u00e9lev\u00e9 de protection de l'homme et de l'environnement.","breadcrumb":{"@id":"https:\/\/news.save.ch\/schutzniveau-im-chemikalienbereich-sichergestellt\/#breadcrumb"},"inLanguage":"fr-FR","potentialAction":[{"@type":"ReadAction","target":["https:\/\/news.save.ch\/schutzniveau-im-chemikalienbereich-sichergestellt\/"]}]},{"@type":"ImageObject","inLanguage":"fr-FR","@id":"https:\/\/news.save.ch\/schutzniveau-im-chemikalienbereich-sichergestellt\/#primaryimage","url":"https:\/\/news.save.ch\/wp-content\/uploads\/2018\/02\/Depositphotos_kwanchaidp-scaled-1.jpg","contentUrl":"https:\/\/news.save.ch\/wp-content\/uploads\/2018\/02\/Depositphotos_kwanchaidp-scaled-1.jpg","width":1200,"height":795,"caption":"Mit den Anpassungen sollen Handelshemmnisse vermieden und das hohe Schutzniveau f\u00fcr Mensch und Umwelt sichergestellt werden. \u00a9 Depositphotos\/kwanchaidp"},{"@type":"BreadcrumbList","@id":"https:\/\/news.save.ch\/schutzniveau-im-chemikalienbereich-sichergestellt\/#breadcrumb","itemListElement":[{"@type":"ListItem","position":1,"name":"Home","item":"https:\/\/news.save.ch\/de\/"},{"@type":"ListItem","position":2,"name":"Schutzniveau im Chemikalienbereich sichergestellt"}]},{"@type":"WebSite","@id":"https:\/\/news.save.ch\/de\/#website","url":"https:\/\/news.save.ch\/de\/","name":"Save","description":"Revue suisse sp\u00e9cialis\u00e9e dans la s\u00e9curit\u00e9","publisher":{"@id":"https:\/\/news.save.ch\/de\/#organization"},"potentialAction":[{"@type":"SearchAction","target":{"@type":"EntryPoint","urlTemplate":"https:\/\/news.save.ch\/de\/?s={search_term_string}"},"query-input":{"@type":"PropertyValueSpecification","valueRequired":true,"valueName":"search_term_string"}}],"inLanguage":"fr-FR"},{"@type":"Organization","@id":"https:\/\/news.save.ch\/de\/#organization","name":"Forum sur la s\u00e9curit\u00e9","url":"https:\/\/news.save.ch\/de\/","logo":{"@type":"ImageObject","inLanguage":"fr-FR","@id":"https:\/\/news.save.ch\/de\/#\/schema\/logo\/image\/","url":"https:\/\/news.save.ch\/wp-content\/uploads\/2022\/06\/Logo_SF_2012.png","contentUrl":"https:\/\/news.save.ch\/wp-content\/uploads\/2022\/06\/Logo_SF_2012.png","width":1100,"height":91,"caption":"Sicherheitsforum"},"image":{"@id":"https:\/\/news.save.ch\/de\/#\/schema\/logo\/image\/"}},{"@type":"Person","@id":"https:\/\/news.save.ch\/de\/#\/schema\/person\/d49e199490bad7c70d64b9ab51142f2b","name":"admin","image":{"@type":"ImageObject","inLanguage":"fr-FR","@id":"https:\/\/secure.gravatar.com\/avatar\/ae2f4d718e6c49043e314ce431e7e645d646302a24a5ef5a8bc8e3f5a032e319?s=96&d=mm&r=g","url":"https:\/\/secure.gravatar.com\/avatar\/ae2f4d718e6c49043e314ce431e7e645d646302a24a5ef5a8bc8e3f5a032e319?s=96&d=mm&r=g","contentUrl":"https:\/\/secure.gravatar.com\/avatar\/ae2f4d718e6c49043e314ce431e7e645d646302a24a5ef5a8bc8e3f5a032e319?s=96&d=mm&r=g","caption":"admin"},"sameAs":["https:\/\/develop.organisator.galledia.ch"],"url":"https:\/\/news.save.ch\/fr\/author\/admin\/"}]}},"_links":{"self":[{"href":"https:\/\/news.save.ch\/fr\/wp-json\/wp\/v2\/posts\/2588","targetHints":{"allow":["GET"]}}],"collection":[{"href":"https:\/\/news.save.ch\/fr\/wp-json\/wp\/v2\/posts"}],"about":[{"href":"https:\/\/news.save.ch\/fr\/wp-json\/wp\/v2\/types\/post"}],"author":[{"embeddable":true,"href":"https:\/\/news.save.ch\/fr\/wp-json\/wp\/v2\/users\/1"}],"replies":[{"embeddable":true,"href":"https:\/\/news.save.ch\/fr\/wp-json\/wp\/v2\/comments?post=2588"}],"version-history":[{"count":1,"href":"https:\/\/news.save.ch\/fr\/wp-json\/wp\/v2\/posts\/2588\/revisions"}],"predecessor-version":[{"id":18322,"href":"https:\/\/news.save.ch\/fr\/wp-json\/wp\/v2\/posts\/2588\/revisions\/18322"}],"wp:featuredmedia":[{"embeddable":true,"href":"https:\/\/news.save.ch\/fr\/wp-json\/wp\/v2\/media\/16246"}],"wp:attachment":[{"href":"https:\/\/news.save.ch\/fr\/wp-json\/wp\/v2\/media?parent=2588"}],"wp:term":[{"taxonomy":"category","embeddable":true,"href":"https:\/\/news.save.ch\/fr\/wp-json\/wp\/v2\/categories?post=2588"},{"taxonomy":"post_tag","embeddable":true,"href":"https:\/\/news.save.ch\/fr\/wp-json\/wp\/v2\/tags?post=2588"}],"curies":[{"name":"wp","href":"https:\/\/api.w.org\/{rel}","templated":true}]}}