{"id":2638,"date":"2016-05-18T14:32:54","date_gmt":"2016-05-18T12:32:54","guid":{"rendered":"https:\/\/dev.sicherheitsforum.ch\/?p=2638"},"modified":"2016-05-18T14:32:54","modified_gmt":"2016-05-18T12:32:54","slug":"winterthur-schafft-fachstelle-fuer-extremismus-und-gewaltpraevention","status":null,"type":"post","link":"https:\/\/news.save.ch\/fr\/winterthur-schafft-fachstelle-fuer-extremismus-und-gewaltpraevention\/","title":{"rendered":"Winterthur cr\u00e9e un service sp\u00e9cialis\u00e9 dans la pr\u00e9vention de l'extr\u00e9misme et de la violence"},"content":{"rendered":"<figure id=\"attachment_2639\" aria-describedby=\"caption-attachment-2639\" style=\"width: 680px\" class=\"wp-caption alignnone\"><img loading=\"lazy\" decoding=\"async\" class=\"wp-image-2639 size-medium\" src=\"https:\/\/news.save.ch\/wp-content\/uploads\/2016\/12\/Winterthur-schafft-Fachstelle-fuer-Extremismus-und-Gewaltpraevention_sicherheitsforum.jpg\" width=\"680\" height=\"454\" srcset=\"https:\/\/news.save.ch\/wp-content\/uploads\/2016\/12\/Winterthur-schafft-Fachstelle-fuer-Extremismus-und-Gewaltpraevention_sicherheitsforum.jpg 1000w, https:\/\/news.save.ch\/wp-content\/uploads\/2016\/12\/Winterthur-schafft-Fachstelle-fuer-Extremismus-und-Gewaltpraevention_sicherheitsforum-375x251.jpg 375w\" sizes=\"auto, (max-width: 680px) 100vw, 680px\" \/><figcaption id=\"caption-attachment-2639\" class=\"wp-caption-text\">Photo : depositphotos<\/figcaption><\/figure>\n<p>De nombreux pays d'Europe, et dans une moindre mesure la Suisse, sont fortement touch\u00e9s par le nouveau ph\u00e9nom\u00e8ne des voyageurs du djihad. Dans ce pays, la ville de Winterthur s'est retrouv\u00e9e \u00e0 plusieurs reprises sous les feux des m\u00e9dias. Le conseil municipal et les diff\u00e9rents services de l'administration municipale se penchent intensivement sur cette probl\u00e9matique depuis environ un an et demi. Les comp\u00e9tences pour y faire face sont clairement d\u00e9finies : Dans le domaine de la s\u00e9curit\u00e9, la responsabilit\u00e9 principale incombe au canton et \u00e0 la Conf\u00e9d\u00e9ration ; la police municipale apporte son soutien aux organes sup\u00e9rieurs. Dans le domaine de la pr\u00e9vention, la ville dispose en revanche de possibilit\u00e9s d'action beaucoup plus importantes. La ville a donc examin\u00e9 son programme d'encouragement et d'int\u00e9gration d\u00e9j\u00e0 existant et largement diversifi\u00e9 \u00e0 la lumi\u00e8re des nouveaux d\u00e9fis et a proc\u00e9d\u00e9 \u00e0 des adaptations cibl\u00e9es. Il va de soi qu'il n'est pas possible d'apporter des r\u00e9ponses rapides et simples \u00e0 ces questions nouvelles et complexes.<\/p>\n<p><strong>Service sp\u00e9cialis\u00e9 dans la pr\u00e9vention de l'extr\u00e9misme et de la violence<\/strong><\/p>\n<p>Le conseil municipal a d\u00e9cid\u00e9 de cr\u00e9er un service sp\u00e9cialis\u00e9 dans la pr\u00e9vention de l'extr\u00e9misme et de la violence. Ce service sera un point de contact \u00e0 bas seuil pour la population pour toutes les questions relatives aux th\u00e8mes de la radicalisation et de la violence extr\u00e9miste et assumera au sein de l'administration municipale le leadership technique dans cette th\u00e9matique. Le service s'inspire du service de pr\u00e9vention de la violence de la ville de Zurich. Il sera rattach\u00e9 aux services sociaux et sera limit\u00e9 dans un premier temps \u00e0 fin 2018. La direction du service sera mise au concours publiquement demain mercredi.<\/p>\n<p><strong>Initiative de formation continue<\/strong><\/p>\n<p>Au centre des efforts et de la comp\u00e9tence de la ville de Winterthur se trouve le renforcement de ses sp\u00e9cialistes \u00e0 la base pour une gestion professionnelle de la probl\u00e9matique et la mise \u00e0 disposition d'instruments leur permettant de r\u00e9agir de mani\u00e8re ad\u00e9quate en cas de soup\u00e7ons. Quatre ateliers d'une demi-journ\u00e9e ou d'une journ\u00e9e sur le th\u00e8me de la radicalisation djihadiste ont r\u00e9cemment \u00e9t\u00e9 organis\u00e9s \u00e0 cet effet. Ils s'adressaient aux enseignants, aux travailleurs sociaux en milieu scolaire, aux collaborateurs du service psychologique scolaire, aux animateurs de jeunesse, aux collaborateurs des domaines de la pr\u00e9paration professionnelle et de l'int\u00e9gration professionnelle ainsi que de la pr\u00e9vention des d\u00e9pendances.<\/p>\n<p>Environ deux cents personnes ont particip\u00e9 aux ateliers. Parmi elles se trouvaient \u00e9galement des personnes int\u00e9ress\u00e9es des services cantonaux. Les ateliers ont \u00e9t\u00e9 organis\u00e9s par le d\u00e9partement de travail social de la Haute \u00e9cole zurichoise des sciences appliqu\u00e9es (ZHAW). Il avait publi\u00e9 en septembre dernier l'\u00e9tude \"Hintergr\u00fcnde jihadistischer Radikalisierung in der Schweiz\" (Les dessous de la radicalisation djihadiste en Suisse) avec des recommandations pour la pr\u00e9vention et l'intervention.<\/p>\n<p><strong>Autres mesures<\/strong><\/p>\n<p>En septembre dernier d\u00e9j\u00e0, une manifestation d'information et de formation continue sur le th\u00e8me de la \"radicalisation dans le contexte scolaire\" a eu lieu, \u00e0 laquelle ont particip\u00e9 une centaine de personnes du domaine scolaire. Au sein de l'administration, deux groupes de travail sont actifs, qui assurent la mise en r\u00e9seau importante des sp\u00e9cialistes au sein de l'administration et avec d'autres organes sp\u00e9cialis\u00e9s et qui peuvent proposer des mesures au conseil municipal.<\/p>\n<p>En d\u00e9cembre dernier, le maire Michael K\u00fcnzle a rencontr\u00e9 des repr\u00e9sentants de toutes les communaut\u00e9s musulmanes de la ville de Winterthur pour une discussion. Il a \u00e9t\u00e9 convenu de renforcer le dialogue mutuel. Dans les prochains jours, la ville invitera \u00e0 une prochaine rencontre pour mettre en place des mesures concr\u00e8tes.<\/p>\n<p>D'autres mesures visant \u00e0 renforcer la pr\u00e9vention contre la radicalisation djihadiste sont actuellement \u00e0 l'\u00e9tude, mais ne sont pas encore pr\u00eates \u00e0 \u00eatre adopt\u00e9es.<\/p>\n<p><em>Source : Ville de Winterthur<\/em><\/p>","protected":false},"excerpt":{"rendered":"<p>Vom neuen Ph\u00e4nomen der Jihadreisenden sind viele L\u00e4nder in Europa stark betroffen, in geringerem Mass auch die Schweiz. Hierzulande ist auch die Stadt Winterthur einige Male in den medialen Fokus ger\u00fcckt. Der Stadtrat und die verschiedenen Fachstellen der Stadtverwaltung besch\u00e4ftigen sich seit rund anderthalb Jahren intensiv mit der Problematik. Die Zust\u00e4ndigkeiten f\u00fcr ihre Bew\u00e4ltigung sind [&hellip;]<\/p>\n","protected":false},"author":1,"featured_media":2639,"comment_status":"open","ping_status":"open","sticky":false,"template":"","format":"standard","meta":{"_acf_changed":false,"pgc_sgb_lightbox_settings":"","footnotes":""},"categories":[1],"tags":[69,43],"class_list":["post-2638","post","type-post","status-publish","format-standard","has-post-thumbnail","hentry","category-allgemein","tag-justiz-polizei","tag-terrorismus"],"acf":[],"hkrextid":null,"publication":null,"issue":null,"workflow":null,"startPage":null,"spitzmarke":null,"_posts_by_tag_page_fields":{"widget_title":"","widget_tags":""},"_at_widget":"1","_yoast_wpseo_primary_category":"","_yoast_wpseo_focuskw_text_input":"Fachstelle","_yoast_wpseo_opengraph-image":"https:\/\/news.save.ch\/wp-content\/uploads\/2016\/12\/Winterthur-schafft-Fachstelle-f\u00fcr-Extremismus-und-Gewaltpr\u00e4vention_sicherheitsforum.jpg","_yoast_wpseo_opengraph-description":"Die Stadt Winterthur schafft eine Fachstelle f\u00fcr Extremismus und Gewaltpr\u00e4vention als niederschwellige Anlaufstelle f\u00fcr die Bev\u00f6lkerung. Die Fachstelle ist eine der Massnahmen, welche die Stadt im Zusammenhang mit dem Ph\u00e4nomen des \u00abJihadismus\u00bb umsetzt.","_yoast_wpseo_opengraph-title":"Winterthur schafft Fachstelle f\u00fcr Extremismus und Gewaltpr\u00e4vention","enclosure":null,"_yoast_wpseo_twitter-title":null,"_yoast_wpseo_twitter-description":null,"_yoast_wpseo_twitter-image":null,"_wp_old_slug":null,"_yoast_wpseo_title":null,"_yoast_wpseo_canonical":null,"yoast_head":"<!-- This site is optimized with the Yoast SEO plugin v27.5 - https:\/\/yoast.com\/product\/yoast-seo-wordpress\/ -->\n<title>Winterthur schafft Fachstelle f\u00fcr Extremismus und Gewaltpr\u00e4vention - Save<\/title>\n<meta name=\"description\" content=\"Die Stadt Winterthur schafft eine Fachstelle f\u00fcr Extremismus und Gewaltpr\u00e4vention als niederschwellige Anlaufstelle f\u00fcr die Bev\u00f6lkerung.\" \/>\n<meta name=\"robots\" content=\"index, follow, max-snippet:-1, max-image-preview:large, max-video-preview:-1\" \/>\n<link rel=\"canonical\" href=\"https:\/\/news.save.ch\/fr\/winterthur-schafft-fachstelle-fuer-extremismus-und-gewaltpraevention\/\" \/>\n<meta property=\"og:locale\" content=\"fr_FR\" \/>\n<meta property=\"og:type\" content=\"article\" \/>\n<meta property=\"og:title\" content=\"Winterthur schafft Fachstelle f\u00fcr Extremismus und Gewaltpr\u00e4vention\" \/>\n<meta property=\"og:description\" content=\"Die Stadt Winterthur schafft eine Fachstelle f\u00fcr Extremismus und Gewaltpr\u00e4vention als niederschwellige Anlaufstelle f\u00fcr die Bev\u00f6lkerung. Die Fachstelle ist eine der Massnahmen, welche die Stadt im Zusammenhang mit dem Ph\u00e4nomen des \u00abJihadismus\u00bb umsetzt.\" \/>\n<meta property=\"og:url\" content=\"https:\/\/news.save.ch\/fr\/winterthur-schafft-fachstelle-fuer-extremismus-und-gewaltpraevention\/\" \/>\n<meta property=\"og:site_name\" content=\"Save\" \/>\n<meta property=\"article:published_time\" content=\"2016-05-18T12:32:54+00:00\" \/>\n<meta property=\"og:image\" content=\"https:\/\/news.save.ch\/wp-content\/uploads\/2016\/12\/Winterthur-schafft-Fachstelle-f\u00fcr-Extremismus-und-Gewaltpr\u00e4vention_sicherheitsforum.jpg\" \/>\n<meta name=\"author\" content=\"admin\" \/>\n<meta name=\"twitter:card\" content=\"summary_large_image\" \/>\n<meta name=\"twitter:label1\" content=\"\u00c9crit par\" \/>\n\t<meta name=\"twitter:data1\" content=\"admin\" \/>\n\t<meta name=\"twitter:label2\" content=\"Dur\u00e9e de lecture estim\u00e9e\" \/>\n\t<meta name=\"twitter:data2\" content=\"3 minutes\" \/>\n<script type=\"application\/ld+json\" class=\"yoast-schema-graph\">{\"@context\":\"https:\\\/\\\/schema.org\",\"@graph\":[{\"@type\":\"Article\",\"@id\":\"https:\\\/\\\/news.save.ch\\\/winterthur-schafft-fachstelle-fuer-extremismus-und-gewaltpraevention\\\/#article\",\"isPartOf\":{\"@id\":\"https:\\\/\\\/news.save.ch\\\/winterthur-schafft-fachstelle-fuer-extremismus-und-gewaltpraevention\\\/\"},\"author\":{\"name\":\"admin\",\"@id\":\"https:\\\/\\\/news.save.ch\\\/de\\\/#\\\/schema\\\/person\\\/d49e199490bad7c70d64b9ab51142f2b\"},\"headline\":\"Winterthur schafft Fachstelle f\u00fcr Extremismus und Gewaltpr\u00e4vention\",\"datePublished\":\"2016-05-18T12:32:54+00:00\",\"mainEntityOfPage\":{\"@id\":\"https:\\\/\\\/news.save.ch\\\/winterthur-schafft-fachstelle-fuer-extremismus-und-gewaltpraevention\\\/\"},\"wordCount\":528,\"commentCount\":0,\"publisher\":{\"@id\":\"https:\\\/\\\/news.save.ch\\\/de\\\/#organization\"},\"image\":{\"@id\":\"https:\\\/\\\/news.save.ch\\\/winterthur-schafft-fachstelle-fuer-extremismus-und-gewaltpraevention\\\/#primaryimage\"},\"thumbnailUrl\":\"https:\\\/\\\/news.save.ch\\\/wp-content\\\/uploads\\\/2016\\\/12\\\/Winterthur-schafft-Fachstelle-fuer-Extremismus-und-Gewaltpraevention_sicherheitsforum.jpg\",\"keywords\":[\"Justiz &amp; Polizei\",\"Terrorismus\"],\"articleSection\":[\"ALLGEMEIN\"],\"inLanguage\":\"fr-FR\"},{\"@type\":\"WebPage\",\"@id\":\"https:\\\/\\\/news.save.ch\\\/winterthur-schafft-fachstelle-fuer-extremismus-und-gewaltpraevention\\\/\",\"url\":\"https:\\\/\\\/news.save.ch\\\/winterthur-schafft-fachstelle-fuer-extremismus-und-gewaltpraevention\\\/\",\"name\":\"Winterthur schafft Fachstelle f\u00fcr Extremismus und Gewaltpr\u00e4vention - Save\",\"isPartOf\":{\"@id\":\"https:\\\/\\\/news.save.ch\\\/de\\\/#website\"},\"primaryImageOfPage\":{\"@id\":\"https:\\\/\\\/news.save.ch\\\/winterthur-schafft-fachstelle-fuer-extremismus-und-gewaltpraevention\\\/#primaryimage\"},\"image\":{\"@id\":\"https:\\\/\\\/news.save.ch\\\/winterthur-schafft-fachstelle-fuer-extremismus-und-gewaltpraevention\\\/#primaryimage\"},\"thumbnailUrl\":\"https:\\\/\\\/news.save.ch\\\/wp-content\\\/uploads\\\/2016\\\/12\\\/Winterthur-schafft-Fachstelle-fuer-Extremismus-und-Gewaltpraevention_sicherheitsforum.jpg\",\"datePublished\":\"2016-05-18T12:32:54+00:00\",\"description\":\"Die Stadt Winterthur schafft eine Fachstelle f\u00fcr Extremismus und Gewaltpr\u00e4vention als niederschwellige Anlaufstelle f\u00fcr die Bev\u00f6lkerung.\",\"breadcrumb\":{\"@id\":\"https:\\\/\\\/news.save.ch\\\/winterthur-schafft-fachstelle-fuer-extremismus-und-gewaltpraevention\\\/#breadcrumb\"},\"inLanguage\":\"fr-FR\",\"potentialAction\":[{\"@type\":\"ReadAction\",\"target\":[\"https:\\\/\\\/news.save.ch\\\/winterthur-schafft-fachstelle-fuer-extremismus-und-gewaltpraevention\\\/\"]}]},{\"@type\":\"ImageObject\",\"inLanguage\":\"fr-FR\",\"@id\":\"https:\\\/\\\/news.save.ch\\\/winterthur-schafft-fachstelle-fuer-extremismus-und-gewaltpraevention\\\/#primaryimage\",\"url\":\"https:\\\/\\\/news.save.ch\\\/wp-content\\\/uploads\\\/2016\\\/12\\\/Winterthur-schafft-Fachstelle-fuer-Extremismus-und-Gewaltpraevention_sicherheitsforum.jpg\",\"contentUrl\":\"https:\\\/\\\/news.save.ch\\\/wp-content\\\/uploads\\\/2016\\\/12\\\/Winterthur-schafft-Fachstelle-fuer-Extremismus-und-Gewaltpraevention_sicherheitsforum.jpg\",\"width\":1000,\"height\":668,\"caption\":\"Foto: depositphotos\"},{\"@type\":\"BreadcrumbList\",\"@id\":\"https:\\\/\\\/news.save.ch\\\/winterthur-schafft-fachstelle-fuer-extremismus-und-gewaltpraevention\\\/#breadcrumb\",\"itemListElement\":[{\"@type\":\"ListItem\",\"position\":1,\"name\":\"Home\",\"item\":\"https:\\\/\\\/news.save.ch\\\/de\\\/\"},{\"@type\":\"ListItem\",\"position\":2,\"name\":\"Winterthur schafft Fachstelle f\u00fcr Extremismus und Gewaltpr\u00e4vention\"}]},{\"@type\":\"WebSite\",\"@id\":\"https:\\\/\\\/news.save.ch\\\/de\\\/#website\",\"url\":\"https:\\\/\\\/news.save.ch\\\/de\\\/\",\"name\":\"Save\",\"description\":\"Schweizer Fachzeitschrift f\u00fcr Sicherheit\",\"publisher\":{\"@id\":\"https:\\\/\\\/news.save.ch\\\/de\\\/#organization\"},\"potentialAction\":[{\"@type\":\"SearchAction\",\"target\":{\"@type\":\"EntryPoint\",\"urlTemplate\":\"https:\\\/\\\/news.save.ch\\\/de\\\/?s={search_term_string}\"},\"query-input\":{\"@type\":\"PropertyValueSpecification\",\"valueRequired\":true,\"valueName\":\"search_term_string\"}}],\"inLanguage\":\"fr-FR\"},{\"@type\":\"Organization\",\"@id\":\"https:\\\/\\\/news.save.ch\\\/de\\\/#organization\",\"name\":\"Sicherheitsforum\",\"url\":\"https:\\\/\\\/news.save.ch\\\/de\\\/\",\"logo\":{\"@type\":\"ImageObject\",\"inLanguage\":\"fr-FR\",\"@id\":\"https:\\\/\\\/news.save.ch\\\/de\\\/#\\\/schema\\\/logo\\\/image\\\/\",\"url\":\"https:\\\/\\\/news.save.ch\\\/wp-content\\\/uploads\\\/2022\\\/06\\\/Logo_SF_2012.png\",\"contentUrl\":\"https:\\\/\\\/news.save.ch\\\/wp-content\\\/uploads\\\/2022\\\/06\\\/Logo_SF_2012.png\",\"width\":1100,\"height\":91,\"caption\":\"Sicherheitsforum\"},\"image\":{\"@id\":\"https:\\\/\\\/news.save.ch\\\/de\\\/#\\\/schema\\\/logo\\\/image\\\/\"}},{\"@type\":\"Person\",\"@id\":\"https:\\\/\\\/news.save.ch\\\/de\\\/#\\\/schema\\\/person\\\/d49e199490bad7c70d64b9ab51142f2b\",\"name\":\"admin\",\"image\":{\"@type\":\"ImageObject\",\"inLanguage\":\"fr-FR\",\"@id\":\"https:\\\/\\\/secure.gravatar.com\\\/avatar\\\/ae2f4d718e6c49043e314ce431e7e645d646302a24a5ef5a8bc8e3f5a032e319?s=96&d=mm&r=g\",\"url\":\"https:\\\/\\\/secure.gravatar.com\\\/avatar\\\/ae2f4d718e6c49043e314ce431e7e645d646302a24a5ef5a8bc8e3f5a032e319?s=96&d=mm&r=g\",\"contentUrl\":\"https:\\\/\\\/secure.gravatar.com\\\/avatar\\\/ae2f4d718e6c49043e314ce431e7e645d646302a24a5ef5a8bc8e3f5a032e319?s=96&d=mm&r=g\",\"caption\":\"admin\"},\"sameAs\":[\"https:\\\/\\\/develop.organisator.galledia.ch\"],\"url\":\"https:\\\/\\\/news.save.ch\\\/fr\\\/author\\\/admin\\\/\"}]}<\/script>\n<!-- \/ Yoast SEO plugin. -->","yoast_head_json":{"title":"Winterthur cr\u00e9e un service sp\u00e9cialis\u00e9 dans la pr\u00e9vention de l'extr\u00e9misme et de la violence - Save","description":"La ville de Winterthur cr\u00e9e un service sp\u00e9cialis\u00e9 dans l'extr\u00e9misme et la pr\u00e9vention de la violence comme point de contact \u00e0 bas seuil pour la population.","robots":{"index":"index","follow":"follow","max-snippet":"max-snippet:-1","max-image-preview":"max-image-preview:large","max-video-preview":"max-video-preview:-1"},"canonical":"https:\/\/news.save.ch\/fr\/winterthur-schafft-fachstelle-fuer-extremismus-und-gewaltpraevention\/","og_locale":"fr_FR","og_type":"article","og_title":"Winterthur schafft Fachstelle f\u00fcr Extremismus und Gewaltpr\u00e4vention","og_description":"Die Stadt Winterthur schafft eine Fachstelle f\u00fcr Extremismus und Gewaltpr\u00e4vention als niederschwellige Anlaufstelle f\u00fcr die Bev\u00f6lkerung. Die Fachstelle ist eine der Massnahmen, welche die Stadt im Zusammenhang mit dem Ph\u00e4nomen des \u00abJihadismus\u00bb umsetzt.","og_url":"https:\/\/news.save.ch\/fr\/winterthur-schafft-fachstelle-fuer-extremismus-und-gewaltpraevention\/","og_site_name":"Save","article_published_time":"2016-05-18T12:32:54+00:00","og_image":[{"url":"https:\/\/news.save.ch\/wp-content\/uploads\/2016\/12\/Winterthur-schafft-Fachstelle-f\u00fcr-Extremismus-und-Gewaltpr\u00e4vention_sicherheitsforum.jpg","type":"","width":"","height":""}],"author":"admin","twitter_card":"summary_large_image","twitter_misc":{"\u00c9crit par":"admin","Dur\u00e9e de lecture estim\u00e9e":"3 minutes"},"schema":{"@context":"https:\/\/schema.org","@graph":[{"@type":"Article","@id":"https:\/\/news.save.ch\/winterthur-schafft-fachstelle-fuer-extremismus-und-gewaltpraevention\/#article","isPartOf":{"@id":"https:\/\/news.save.ch\/winterthur-schafft-fachstelle-fuer-extremismus-und-gewaltpraevention\/"},"author":{"name":"admin","@id":"https:\/\/news.save.ch\/de\/#\/schema\/person\/d49e199490bad7c70d64b9ab51142f2b"},"headline":"Winterthur schafft Fachstelle f\u00fcr Extremismus und Gewaltpr\u00e4vention","datePublished":"2016-05-18T12:32:54+00:00","mainEntityOfPage":{"@id":"https:\/\/news.save.ch\/winterthur-schafft-fachstelle-fuer-extremismus-und-gewaltpraevention\/"},"wordCount":528,"commentCount":0,"publisher":{"@id":"https:\/\/news.save.ch\/de\/#organization"},"image":{"@id":"https:\/\/news.save.ch\/winterthur-schafft-fachstelle-fuer-extremismus-und-gewaltpraevention\/#primaryimage"},"thumbnailUrl":"https:\/\/news.save.ch\/wp-content\/uploads\/2016\/12\/Winterthur-schafft-Fachstelle-fuer-Extremismus-und-Gewaltpraevention_sicherheitsforum.jpg","keywords":["Justiz &amp; Polizei","Terrorismus"],"articleSection":["ALLGEMEIN"],"inLanguage":"fr-FR"},{"@type":"WebPage","@id":"https:\/\/news.save.ch\/winterthur-schafft-fachstelle-fuer-extremismus-und-gewaltpraevention\/","url":"https:\/\/news.save.ch\/winterthur-schafft-fachstelle-fuer-extremismus-und-gewaltpraevention\/","name":"Winterthur cr\u00e9e un service sp\u00e9cialis\u00e9 dans la pr\u00e9vention de l'extr\u00e9misme et de la violence - Save","isPartOf":{"@id":"https:\/\/news.save.ch\/de\/#website"},"primaryImageOfPage":{"@id":"https:\/\/news.save.ch\/winterthur-schafft-fachstelle-fuer-extremismus-und-gewaltpraevention\/#primaryimage"},"image":{"@id":"https:\/\/news.save.ch\/winterthur-schafft-fachstelle-fuer-extremismus-und-gewaltpraevention\/#primaryimage"},"thumbnailUrl":"https:\/\/news.save.ch\/wp-content\/uploads\/2016\/12\/Winterthur-schafft-Fachstelle-fuer-Extremismus-und-Gewaltpraevention_sicherheitsforum.jpg","datePublished":"2016-05-18T12:32:54+00:00","description":"La ville de Winterthur cr\u00e9e un service sp\u00e9cialis\u00e9 dans l'extr\u00e9misme et la pr\u00e9vention de la violence comme point de contact \u00e0 bas seuil pour la population.","breadcrumb":{"@id":"https:\/\/news.save.ch\/winterthur-schafft-fachstelle-fuer-extremismus-und-gewaltpraevention\/#breadcrumb"},"inLanguage":"fr-FR","potentialAction":[{"@type":"ReadAction","target":["https:\/\/news.save.ch\/winterthur-schafft-fachstelle-fuer-extremismus-und-gewaltpraevention\/"]}]},{"@type":"ImageObject","inLanguage":"fr-FR","@id":"https:\/\/news.save.ch\/winterthur-schafft-fachstelle-fuer-extremismus-und-gewaltpraevention\/#primaryimage","url":"https:\/\/news.save.ch\/wp-content\/uploads\/2016\/12\/Winterthur-schafft-Fachstelle-fuer-Extremismus-und-Gewaltpraevention_sicherheitsforum.jpg","contentUrl":"https:\/\/news.save.ch\/wp-content\/uploads\/2016\/12\/Winterthur-schafft-Fachstelle-fuer-Extremismus-und-Gewaltpraevention_sicherheitsforum.jpg","width":1000,"height":668,"caption":"Foto: depositphotos"},{"@type":"BreadcrumbList","@id":"https:\/\/news.save.ch\/winterthur-schafft-fachstelle-fuer-extremismus-und-gewaltpraevention\/#breadcrumb","itemListElement":[{"@type":"ListItem","position":1,"name":"Home","item":"https:\/\/news.save.ch\/de\/"},{"@type":"ListItem","position":2,"name":"Winterthur schafft Fachstelle f\u00fcr Extremismus und Gewaltpr\u00e4vention"}]},{"@type":"WebSite","@id":"https:\/\/news.save.ch\/de\/#website","url":"https:\/\/news.save.ch\/de\/","name":"Save","description":"Revue suisse sp\u00e9cialis\u00e9e dans la s\u00e9curit\u00e9","publisher":{"@id":"https:\/\/news.save.ch\/de\/#organization"},"potentialAction":[{"@type":"SearchAction","target":{"@type":"EntryPoint","urlTemplate":"https:\/\/news.save.ch\/de\/?s={search_term_string}"},"query-input":{"@type":"PropertyValueSpecification","valueRequired":true,"valueName":"search_term_string"}}],"inLanguage":"fr-FR"},{"@type":"Organization","@id":"https:\/\/news.save.ch\/de\/#organization","name":"Forum sur la s\u00e9curit\u00e9","url":"https:\/\/news.save.ch\/de\/","logo":{"@type":"ImageObject","inLanguage":"fr-FR","@id":"https:\/\/news.save.ch\/de\/#\/schema\/logo\/image\/","url":"https:\/\/news.save.ch\/wp-content\/uploads\/2022\/06\/Logo_SF_2012.png","contentUrl":"https:\/\/news.save.ch\/wp-content\/uploads\/2022\/06\/Logo_SF_2012.png","width":1100,"height":91,"caption":"Sicherheitsforum"},"image":{"@id":"https:\/\/news.save.ch\/de\/#\/schema\/logo\/image\/"}},{"@type":"Person","@id":"https:\/\/news.save.ch\/de\/#\/schema\/person\/d49e199490bad7c70d64b9ab51142f2b","name":"admin","image":{"@type":"ImageObject","inLanguage":"fr-FR","@id":"https:\/\/secure.gravatar.com\/avatar\/ae2f4d718e6c49043e314ce431e7e645d646302a24a5ef5a8bc8e3f5a032e319?s=96&d=mm&r=g","url":"https:\/\/secure.gravatar.com\/avatar\/ae2f4d718e6c49043e314ce431e7e645d646302a24a5ef5a8bc8e3f5a032e319?s=96&d=mm&r=g","contentUrl":"https:\/\/secure.gravatar.com\/avatar\/ae2f4d718e6c49043e314ce431e7e645d646302a24a5ef5a8bc8e3f5a032e319?s=96&d=mm&r=g","caption":"admin"},"sameAs":["https:\/\/develop.organisator.galledia.ch"],"url":"https:\/\/news.save.ch\/fr\/author\/admin\/"}]}},"_links":{"self":[{"href":"https:\/\/news.save.ch\/fr\/wp-json\/wp\/v2\/posts\/2638","targetHints":{"allow":["GET"]}}],"collection":[{"href":"https:\/\/news.save.ch\/fr\/wp-json\/wp\/v2\/posts"}],"about":[{"href":"https:\/\/news.save.ch\/fr\/wp-json\/wp\/v2\/types\/post"}],"author":[{"embeddable":true,"href":"https:\/\/news.save.ch\/fr\/wp-json\/wp\/v2\/users\/1"}],"replies":[{"embeddable":true,"href":"https:\/\/news.save.ch\/fr\/wp-json\/wp\/v2\/comments?post=2638"}],"version-history":[{"count":0,"href":"https:\/\/news.save.ch\/fr\/wp-json\/wp\/v2\/posts\/2638\/revisions"}],"wp:featuredmedia":[{"embeddable":true,"href":"https:\/\/news.save.ch\/fr\/wp-json\/wp\/v2\/media\/2639"}],"wp:attachment":[{"href":"https:\/\/news.save.ch\/fr\/wp-json\/wp\/v2\/media?parent=2638"}],"wp:term":[{"taxonomy":"category","embeddable":true,"href":"https:\/\/news.save.ch\/fr\/wp-json\/wp\/v2\/categories?post=2638"},{"taxonomy":"post_tag","embeddable":true,"href":"https:\/\/news.save.ch\/fr\/wp-json\/wp\/v2\/tags?post=2638"}],"curies":[{"name":"wp","href":"https:\/\/api.w.org\/{rel}","templated":true}]}}