{"id":2653,"date":"2016-05-12T14:43:17","date_gmt":"2016-05-12T12:43:17","guid":{"rendered":"https:\/\/dev.sicherheitsforum.ch\/?p=2653"},"modified":"2016-05-12T14:43:17","modified_gmt":"2016-05-12T12:43:17","slug":"weiterbildung-von-brandschutz-bis-sicherheitsupdate","status":null,"type":"post","link":"https:\/\/news.save.ch\/fr\/weiterbildung-von-brandschutz-bis-sicherheitsupdate\/","title":{"rendered":"Formation continue : de la protection contre l'incendie \u00e0 la mise \u00e0 jour de la s\u00e9curit\u00e9"},"content":{"rendered":"<p><img loading=\"lazy\" decoding=\"async\" class=\"alignnone wp-image-2654 size-medium\" src=\"https:\/\/news.save.ch\/wp-content\/uploads\/2016\/12\/Weiterbildung-Von-Brandschutz-bis-Sicherheitsupdate_sicherheitsforum.jpg\" width=\"680\" height=\"680\" \/><\/p>\n<p>L'agenda Save se pr\u00e9sente comme suit :<\/p>\n<ul>\n<li>14.06. G<strong>Congr\u00e8s VZ \"Protection incendie 2016<\/strong>La responsabilit\u00e9 personnelle du propri\u00e9taire et de l'utilisateur d'un b\u00e2timent, mais aussi celle des ma\u00eetres d'ouvrage, des architectes et des planificateurs sp\u00e9cialis\u00e9s, prend de l'importance depuis l'introduction des nouvelles prescriptions de protection incendie de l'Association des \u00e9tablissements cantonaux d'assurance incendie. (H\u00f4tel Marriott \u00e0 Zurich)<\/li>\n<li>29.6. ou 30.6. <strong>Mise \u00e0 jour de la s\u00e9curit\u00e9 : \"Safety vs Security<\/strong>Protection contre l'incendie contre protection contre l'effraction, voies d'\u00e9vacuation contre contr\u00f4le d'acc\u00e8s, protection contre les attentats contre la panique, esth\u00e9tique contre technique, etc. La liste des conflits d'objectifs possibles est encore bien plus longue et - malheureusement - en constante variation. Les conflits d'objectifs surviennent d\u00e8s qu'il faut atteindre plus d'un seul objectif. (Lieu : Olten ou Winterthur)<\/li>\n<li>01.09.<strong> S\u00e9curit\u00e9 et technique<\/strong>Les changements dynamiques dans l'\u00e9conomie et la technique cr\u00e9ent de nouveaux besoins et exigences en mati\u00e8re de s\u00e9curit\u00e9. On exige des adaptations de la gestion des risques dans l'entreprise, des concepts de s\u00e9curit\u00e9 intelligents ainsi que des solutions techniques modernes en mati\u00e8re de s\u00e9curit\u00e9. (H\u00f4tel Marriott \u00e0 Zurich)<\/li>\n<li>15.09. <strong>Forum des connaissances sur la protection contre l'incendie<\/strong>Des th\u00e8mes passionnants, qui concernent tout le monde, sont par exemple les exigences en mati\u00e8re d'assurance qualit\u00e9 (AEAI) ou de construction adapt\u00e9e aux personnes handicap\u00e9es selon la norme SIA 500. Des \"responsables AQ protection incendie\" certifi\u00e9s ou des niches d'\u00e9vacuation dans les voies d'\u00e9vacuation ? Ces exigences et bien d'autres \u00e9taient fondamentalement nouvelles en mati\u00e8re de protection contre l'incendie et ont de grandes cons\u00e9quences pour tous les b\u00e2timents de grande taille et accessibles au public. (H\u00f4tel Marriott \u00e0 Zurich)<\/li>\n<\/ul>\n<p>Vous obtiendrez des informations plus d\u00e9taill\u00e9es sur les diff\u00e9rentes journ\u00e9es d'\u00e9tude et les cours. <a title=\"vers les diff\u00e9rents colloques et cours\" href=\"https:\/\/www.save.ch\/veranstaltungen\/\" target=\"_blank\" data-cke-saved-href=\"https:\/\/www.save.ch\/veranstaltungen\/\" rel=\"noopener\">ici<\/a>.<\/p>","protected":false},"excerpt":{"rendered":"<p>Der Save-Terminkalender sieht wie folgt aus: 14.06. GVZ-Tagung &#8222;Brandschutz 2016&#8220;: Die Eigenverantwortung des Eigent\u00fcmers und Nutzers eines Geb\u00e4udes, aber auch das eigenverantwortliche Handeln der Bauherren, Architekten und Fachplaner nimmt seit Einf\u00fchrung der neuen Brandschutzvorschriften der Vereinigung Kantonaler Feuerversicherungen einen h\u00f6heren Stellenwert ein. (Hotel Marriott in Z\u00fcrich) 29.6. oder 30.6. Sicherheitsupdate: \u201eSafety vs. Security\u201c: Brandschutz versus [&hellip;]<\/p>\n","protected":false},"author":1,"featured_media":2654,"comment_status":"open","ping_status":"open","sticky":false,"template":"","format":"standard","meta":{"_acf_changed":false,"pgc_sgb_lightbox_settings":"","footnotes":""},"categories":[1],"tags":[109],"class_list":["post-2653","post","type-post","status-publish","format-standard","has-post-thumbnail","hentry","category-allgemein","tag-aus-und-weiterbildung"],"acf":[],"hkrextid":null,"publication":null,"issue":null,"workflow":null,"startPage":null,"spitzmarke":null,"_posts_by_tag_page_fields":{"widget_title":"","widget_tags":""},"_at_widget":"1","_yoast_wpseo_primary_category":"","_yoast_wpseo_focuskw_text_input":"Weiterbildung","_yoast_wpseo_opengraph-image":"https:\/\/news.save.ch\/wp-content\/uploads\/2016\/12\/Weiterbildung-Von-Brandschutz-bis-Sicherheitsupdate_sicherheitsforum.jpg","_yoast_wpseo_opengraph-description":"Die Save AG, eine galledia-Tochter, f\u00fchrt in den kommenden Monaten diverse Fachtagungen und Kurse durch.","_yoast_wpseo_opengraph-title":"Weiterbildung: Von Brandschutz bis Sicherheitsupdate","enclosure":null,"_yoast_wpseo_twitter-title":null,"_yoast_wpseo_twitter-description":null,"_yoast_wpseo_twitter-image":null,"_wp_old_slug":null,"_yoast_wpseo_title":null,"_yoast_wpseo_canonical":null,"yoast_head":"<!-- This site is optimized with the Yoast SEO plugin v27.5 - https:\/\/yoast.com\/product\/yoast-seo-wordpress\/ -->\n<title>Weiterbildung: Von Brandschutz bis Sicherheitsupdate - Save<\/title>\n<meta name=\"description\" content=\"Weiterbildung: Die Save AG, eine galledia-Tochter, f\u00fchrt in den kommenden Monaten diverse Fachtagungen und Kurse durch.\" \/>\n<meta name=\"robots\" content=\"index, follow, max-snippet:-1, max-image-preview:large, max-video-preview:-1\" \/>\n<link rel=\"canonical\" href=\"https:\/\/news.save.ch\/fr\/weiterbildung-von-brandschutz-bis-sicherheitsupdate\/\" \/>\n<meta property=\"og:locale\" content=\"fr_FR\" \/>\n<meta property=\"og:type\" content=\"article\" \/>\n<meta property=\"og:title\" content=\"Weiterbildung: Von Brandschutz bis Sicherheitsupdate\" \/>\n<meta property=\"og:description\" content=\"Die Save AG, eine galledia-Tochter, f\u00fchrt in den kommenden Monaten diverse Fachtagungen und Kurse durch.\" \/>\n<meta property=\"og:url\" content=\"https:\/\/news.save.ch\/fr\/weiterbildung-von-brandschutz-bis-sicherheitsupdate\/\" \/>\n<meta property=\"og:site_name\" content=\"Save\" \/>\n<meta property=\"article:published_time\" content=\"2016-05-12T12:43:17+00:00\" \/>\n<meta property=\"og:image\" content=\"https:\/\/news.save.ch\/wp-content\/uploads\/2016\/12\/Weiterbildung-Von-Brandschutz-bis-Sicherheitsupdate_sicherheitsforum.jpg\" \/>\n<meta name=\"author\" content=\"admin\" \/>\n<meta name=\"twitter:card\" content=\"summary_large_image\" \/>\n<meta name=\"twitter:label1\" content=\"\u00c9crit par\" \/>\n\t<meta name=\"twitter:data1\" content=\"admin\" \/>\n\t<meta name=\"twitter:label2\" content=\"Dur\u00e9e de lecture estim\u00e9e\" \/>\n\t<meta name=\"twitter:data2\" content=\"1 minute\" \/>\n<script type=\"application\/ld+json\" class=\"yoast-schema-graph\">{\"@context\":\"https:\\\/\\\/schema.org\",\"@graph\":[{\"@type\":\"Article\",\"@id\":\"https:\\\/\\\/news.save.ch\\\/weiterbildung-von-brandschutz-bis-sicherheitsupdate\\\/#article\",\"isPartOf\":{\"@id\":\"https:\\\/\\\/news.save.ch\\\/weiterbildung-von-brandschutz-bis-sicherheitsupdate\\\/\"},\"author\":{\"name\":\"admin\",\"@id\":\"https:\\\/\\\/news.save.ch\\\/de\\\/#\\\/schema\\\/person\\\/d49e199490bad7c70d64b9ab51142f2b\"},\"headline\":\"Weiterbildung: Von Brandschutz bis Sicherheitsupdate\",\"datePublished\":\"2016-05-12T12:43:17+00:00\",\"mainEntityOfPage\":{\"@id\":\"https:\\\/\\\/news.save.ch\\\/weiterbildung-von-brandschutz-bis-sicherheitsupdate\\\/\"},\"wordCount\":216,\"commentCount\":0,\"publisher\":{\"@id\":\"https:\\\/\\\/news.save.ch\\\/de\\\/#organization\"},\"image\":{\"@id\":\"https:\\\/\\\/news.save.ch\\\/weiterbildung-von-brandschutz-bis-sicherheitsupdate\\\/#primaryimage\"},\"thumbnailUrl\":\"https:\\\/\\\/news.save.ch\\\/wp-content\\\/uploads\\\/2016\\\/12\\\/Weiterbildung-Von-Brandschutz-bis-Sicherheitsupdate_sicherheitsforum-scaled.jpg\",\"keywords\":[\"Aus- und Weiterbildung\"],\"articleSection\":[\"ALLGEMEIN\"],\"inLanguage\":\"fr-FR\"},{\"@type\":\"WebPage\",\"@id\":\"https:\\\/\\\/news.save.ch\\\/weiterbildung-von-brandschutz-bis-sicherheitsupdate\\\/\",\"url\":\"https:\\\/\\\/news.save.ch\\\/weiterbildung-von-brandschutz-bis-sicherheitsupdate\\\/\",\"name\":\"Weiterbildung: Von Brandschutz bis Sicherheitsupdate - Save\",\"isPartOf\":{\"@id\":\"https:\\\/\\\/news.save.ch\\\/de\\\/#website\"},\"primaryImageOfPage\":{\"@id\":\"https:\\\/\\\/news.save.ch\\\/weiterbildung-von-brandschutz-bis-sicherheitsupdate\\\/#primaryimage\"},\"image\":{\"@id\":\"https:\\\/\\\/news.save.ch\\\/weiterbildung-von-brandschutz-bis-sicherheitsupdate\\\/#primaryimage\"},\"thumbnailUrl\":\"https:\\\/\\\/news.save.ch\\\/wp-content\\\/uploads\\\/2016\\\/12\\\/Weiterbildung-Von-Brandschutz-bis-Sicherheitsupdate_sicherheitsforum-scaled.jpg\",\"datePublished\":\"2016-05-12T12:43:17+00:00\",\"description\":\"Weiterbildung: Die Save AG, eine galledia-Tochter, f\u00fchrt in den kommenden Monaten diverse Fachtagungen und Kurse durch.\",\"breadcrumb\":{\"@id\":\"https:\\\/\\\/news.save.ch\\\/weiterbildung-von-brandschutz-bis-sicherheitsupdate\\\/#breadcrumb\"},\"inLanguage\":\"fr-FR\",\"potentialAction\":[{\"@type\":\"ReadAction\",\"target\":[\"https:\\\/\\\/news.save.ch\\\/weiterbildung-von-brandschutz-bis-sicherheitsupdate\\\/\"]}]},{\"@type\":\"ImageObject\",\"inLanguage\":\"fr-FR\",\"@id\":\"https:\\\/\\\/news.save.ch\\\/weiterbildung-von-brandschutz-bis-sicherheitsupdate\\\/#primaryimage\",\"url\":\"https:\\\/\\\/news.save.ch\\\/wp-content\\\/uploads\\\/2016\\\/12\\\/Weiterbildung-Von-Brandschutz-bis-Sicherheitsupdate_sicherheitsforum-scaled.jpg\",\"contentUrl\":\"https:\\\/\\\/news.save.ch\\\/wp-content\\\/uploads\\\/2016\\\/12\\\/Weiterbildung-Von-Brandschutz-bis-Sicherheitsupdate_sicherheitsforum-scaled.jpg\",\"width\":1400,\"height\":1400},{\"@type\":\"BreadcrumbList\",\"@id\":\"https:\\\/\\\/news.save.ch\\\/weiterbildung-von-brandschutz-bis-sicherheitsupdate\\\/#breadcrumb\",\"itemListElement\":[{\"@type\":\"ListItem\",\"position\":1,\"name\":\"Home\",\"item\":\"https:\\\/\\\/news.save.ch\\\/de\\\/\"},{\"@type\":\"ListItem\",\"position\":2,\"name\":\"Weiterbildung: Von Brandschutz bis Sicherheitsupdate\"}]},{\"@type\":\"WebSite\",\"@id\":\"https:\\\/\\\/news.save.ch\\\/de\\\/#website\",\"url\":\"https:\\\/\\\/news.save.ch\\\/de\\\/\",\"name\":\"Save\",\"description\":\"Schweizer Fachzeitschrift f\u00fcr Sicherheit\",\"publisher\":{\"@id\":\"https:\\\/\\\/news.save.ch\\\/de\\\/#organization\"},\"potentialAction\":[{\"@type\":\"SearchAction\",\"target\":{\"@type\":\"EntryPoint\",\"urlTemplate\":\"https:\\\/\\\/news.save.ch\\\/de\\\/?s={search_term_string}\"},\"query-input\":{\"@type\":\"PropertyValueSpecification\",\"valueRequired\":true,\"valueName\":\"search_term_string\"}}],\"inLanguage\":\"fr-FR\"},{\"@type\":\"Organization\",\"@id\":\"https:\\\/\\\/news.save.ch\\\/de\\\/#organization\",\"name\":\"Sicherheitsforum\",\"url\":\"https:\\\/\\\/news.save.ch\\\/de\\\/\",\"logo\":{\"@type\":\"ImageObject\",\"inLanguage\":\"fr-FR\",\"@id\":\"https:\\\/\\\/news.save.ch\\\/de\\\/#\\\/schema\\\/logo\\\/image\\\/\",\"url\":\"https:\\\/\\\/news.save.ch\\\/wp-content\\\/uploads\\\/2022\\\/06\\\/Logo_SF_2012.png\",\"contentUrl\":\"https:\\\/\\\/news.save.ch\\\/wp-content\\\/uploads\\\/2022\\\/06\\\/Logo_SF_2012.png\",\"width\":1100,\"height\":91,\"caption\":\"Sicherheitsforum\"},\"image\":{\"@id\":\"https:\\\/\\\/news.save.ch\\\/de\\\/#\\\/schema\\\/logo\\\/image\\\/\"}},{\"@type\":\"Person\",\"@id\":\"https:\\\/\\\/news.save.ch\\\/de\\\/#\\\/schema\\\/person\\\/d49e199490bad7c70d64b9ab51142f2b\",\"name\":\"admin\",\"image\":{\"@type\":\"ImageObject\",\"inLanguage\":\"fr-FR\",\"@id\":\"https:\\\/\\\/secure.gravatar.com\\\/avatar\\\/ae2f4d718e6c49043e314ce431e7e645d646302a24a5ef5a8bc8e3f5a032e319?s=96&d=mm&r=g\",\"url\":\"https:\\\/\\\/secure.gravatar.com\\\/avatar\\\/ae2f4d718e6c49043e314ce431e7e645d646302a24a5ef5a8bc8e3f5a032e319?s=96&d=mm&r=g\",\"contentUrl\":\"https:\\\/\\\/secure.gravatar.com\\\/avatar\\\/ae2f4d718e6c49043e314ce431e7e645d646302a24a5ef5a8bc8e3f5a032e319?s=96&d=mm&r=g\",\"caption\":\"admin\"},\"sameAs\":[\"https:\\\/\\\/develop.organisator.galledia.ch\"],\"url\":\"https:\\\/\\\/news.save.ch\\\/fr\\\/author\\\/admin\\\/\"}]}<\/script>\n<!-- \/ Yoast SEO plugin. -->","yoast_head_json":{"title":"Formation continue : de la protection contre l'incendie \u00e0 la mise \u00e0 jour de la s\u00e9curit\u00e9 - Save","description":"Formation continue : Save AG, une filiale de galledia, organisera dans les mois \u00e0 venir diverses conf\u00e9rences et cours sp\u00e9cialis\u00e9s.","robots":{"index":"index","follow":"follow","max-snippet":"max-snippet:-1","max-image-preview":"max-image-preview:large","max-video-preview":"max-video-preview:-1"},"canonical":"https:\/\/news.save.ch\/fr\/weiterbildung-von-brandschutz-bis-sicherheitsupdate\/","og_locale":"fr_FR","og_type":"article","og_title":"Weiterbildung: Von Brandschutz bis Sicherheitsupdate","og_description":"Die Save AG, eine galledia-Tochter, f\u00fchrt in den kommenden Monaten diverse Fachtagungen und Kurse durch.","og_url":"https:\/\/news.save.ch\/fr\/weiterbildung-von-brandschutz-bis-sicherheitsupdate\/","og_site_name":"Save","article_published_time":"2016-05-12T12:43:17+00:00","og_image":[{"url":"https:\/\/news.save.ch\/wp-content\/uploads\/2016\/12\/Weiterbildung-Von-Brandschutz-bis-Sicherheitsupdate_sicherheitsforum.jpg","type":"","width":"","height":""}],"author":"admin","twitter_card":"summary_large_image","twitter_misc":{"\u00c9crit par":"admin","Dur\u00e9e de lecture estim\u00e9e":"1 minute"},"schema":{"@context":"https:\/\/schema.org","@graph":[{"@type":"Article","@id":"https:\/\/news.save.ch\/weiterbildung-von-brandschutz-bis-sicherheitsupdate\/#article","isPartOf":{"@id":"https:\/\/news.save.ch\/weiterbildung-von-brandschutz-bis-sicherheitsupdate\/"},"author":{"name":"admin","@id":"https:\/\/news.save.ch\/de\/#\/schema\/person\/d49e199490bad7c70d64b9ab51142f2b"},"headline":"Weiterbildung: Von Brandschutz bis Sicherheitsupdate","datePublished":"2016-05-12T12:43:17+00:00","mainEntityOfPage":{"@id":"https:\/\/news.save.ch\/weiterbildung-von-brandschutz-bis-sicherheitsupdate\/"},"wordCount":216,"commentCount":0,"publisher":{"@id":"https:\/\/news.save.ch\/de\/#organization"},"image":{"@id":"https:\/\/news.save.ch\/weiterbildung-von-brandschutz-bis-sicherheitsupdate\/#primaryimage"},"thumbnailUrl":"https:\/\/news.save.ch\/wp-content\/uploads\/2016\/12\/Weiterbildung-Von-Brandschutz-bis-Sicherheitsupdate_sicherheitsforum-scaled.jpg","keywords":["Aus- und Weiterbildung"],"articleSection":["ALLGEMEIN"],"inLanguage":"fr-FR"},{"@type":"WebPage","@id":"https:\/\/news.save.ch\/weiterbildung-von-brandschutz-bis-sicherheitsupdate\/","url":"https:\/\/news.save.ch\/weiterbildung-von-brandschutz-bis-sicherheitsupdate\/","name":"Formation continue : de la protection contre l'incendie \u00e0 la mise \u00e0 jour de la s\u00e9curit\u00e9 - Save","isPartOf":{"@id":"https:\/\/news.save.ch\/de\/#website"},"primaryImageOfPage":{"@id":"https:\/\/news.save.ch\/weiterbildung-von-brandschutz-bis-sicherheitsupdate\/#primaryimage"},"image":{"@id":"https:\/\/news.save.ch\/weiterbildung-von-brandschutz-bis-sicherheitsupdate\/#primaryimage"},"thumbnailUrl":"https:\/\/news.save.ch\/wp-content\/uploads\/2016\/12\/Weiterbildung-Von-Brandschutz-bis-Sicherheitsupdate_sicherheitsforum-scaled.jpg","datePublished":"2016-05-12T12:43:17+00:00","description":"Formation continue : Save AG, une filiale de galledia, organisera dans les mois \u00e0 venir diverses conf\u00e9rences et cours sp\u00e9cialis\u00e9s.","breadcrumb":{"@id":"https:\/\/news.save.ch\/weiterbildung-von-brandschutz-bis-sicherheitsupdate\/#breadcrumb"},"inLanguage":"fr-FR","potentialAction":[{"@type":"ReadAction","target":["https:\/\/news.save.ch\/weiterbildung-von-brandschutz-bis-sicherheitsupdate\/"]}]},{"@type":"ImageObject","inLanguage":"fr-FR","@id":"https:\/\/news.save.ch\/weiterbildung-von-brandschutz-bis-sicherheitsupdate\/#primaryimage","url":"https:\/\/news.save.ch\/wp-content\/uploads\/2016\/12\/Weiterbildung-Von-Brandschutz-bis-Sicherheitsupdate_sicherheitsforum-scaled.jpg","contentUrl":"https:\/\/news.save.ch\/wp-content\/uploads\/2016\/12\/Weiterbildung-Von-Brandschutz-bis-Sicherheitsupdate_sicherheitsforum-scaled.jpg","width":1400,"height":1400},{"@type":"BreadcrumbList","@id":"https:\/\/news.save.ch\/weiterbildung-von-brandschutz-bis-sicherheitsupdate\/#breadcrumb","itemListElement":[{"@type":"ListItem","position":1,"name":"Home","item":"https:\/\/news.save.ch\/de\/"},{"@type":"ListItem","position":2,"name":"Weiterbildung: Von Brandschutz bis Sicherheitsupdate"}]},{"@type":"WebSite","@id":"https:\/\/news.save.ch\/de\/#website","url":"https:\/\/news.save.ch\/de\/","name":"Save","description":"Revue suisse sp\u00e9cialis\u00e9e dans la s\u00e9curit\u00e9","publisher":{"@id":"https:\/\/news.save.ch\/de\/#organization"},"potentialAction":[{"@type":"SearchAction","target":{"@type":"EntryPoint","urlTemplate":"https:\/\/news.save.ch\/de\/?s={search_term_string}"},"query-input":{"@type":"PropertyValueSpecification","valueRequired":true,"valueName":"search_term_string"}}],"inLanguage":"fr-FR"},{"@type":"Organization","@id":"https:\/\/news.save.ch\/de\/#organization","name":"Forum sur la s\u00e9curit\u00e9","url":"https:\/\/news.save.ch\/de\/","logo":{"@type":"ImageObject","inLanguage":"fr-FR","@id":"https:\/\/news.save.ch\/de\/#\/schema\/logo\/image\/","url":"https:\/\/news.save.ch\/wp-content\/uploads\/2022\/06\/Logo_SF_2012.png","contentUrl":"https:\/\/news.save.ch\/wp-content\/uploads\/2022\/06\/Logo_SF_2012.png","width":1100,"height":91,"caption":"Sicherheitsforum"},"image":{"@id":"https:\/\/news.save.ch\/de\/#\/schema\/logo\/image\/"}},{"@type":"Person","@id":"https:\/\/news.save.ch\/de\/#\/schema\/person\/d49e199490bad7c70d64b9ab51142f2b","name":"admin","image":{"@type":"ImageObject","inLanguage":"fr-FR","@id":"https:\/\/secure.gravatar.com\/avatar\/ae2f4d718e6c49043e314ce431e7e645d646302a24a5ef5a8bc8e3f5a032e319?s=96&d=mm&r=g","url":"https:\/\/secure.gravatar.com\/avatar\/ae2f4d718e6c49043e314ce431e7e645d646302a24a5ef5a8bc8e3f5a032e319?s=96&d=mm&r=g","contentUrl":"https:\/\/secure.gravatar.com\/avatar\/ae2f4d718e6c49043e314ce431e7e645d646302a24a5ef5a8bc8e3f5a032e319?s=96&d=mm&r=g","caption":"admin"},"sameAs":["https:\/\/develop.organisator.galledia.ch"],"url":"https:\/\/news.save.ch\/fr\/author\/admin\/"}]}},"_links":{"self":[{"href":"https:\/\/news.save.ch\/fr\/wp-json\/wp\/v2\/posts\/2653","targetHints":{"allow":["GET"]}}],"collection":[{"href":"https:\/\/news.save.ch\/fr\/wp-json\/wp\/v2\/posts"}],"about":[{"href":"https:\/\/news.save.ch\/fr\/wp-json\/wp\/v2\/types\/post"}],"author":[{"embeddable":true,"href":"https:\/\/news.save.ch\/fr\/wp-json\/wp\/v2\/users\/1"}],"replies":[{"embeddable":true,"href":"https:\/\/news.save.ch\/fr\/wp-json\/wp\/v2\/comments?post=2653"}],"version-history":[{"count":0,"href":"https:\/\/news.save.ch\/fr\/wp-json\/wp\/v2\/posts\/2653\/revisions"}],"wp:featuredmedia":[{"embeddable":true,"href":"https:\/\/news.save.ch\/fr\/wp-json\/wp\/v2\/media\/2654"}],"wp:attachment":[{"href":"https:\/\/news.save.ch\/fr\/wp-json\/wp\/v2\/media?parent=2653"}],"wp:term":[{"taxonomy":"category","embeddable":true,"href":"https:\/\/news.save.ch\/fr\/wp-json\/wp\/v2\/categories?post=2653"},{"taxonomy":"post_tag","embeddable":true,"href":"https:\/\/news.save.ch\/fr\/wp-json\/wp\/v2\/tags?post=2653"}],"curies":[{"name":"wp","href":"https:\/\/api.w.org\/{rel}","templated":true}]}}