{"id":2656,"date":"2018-03-05T10:39:49","date_gmt":"2018-03-05T09:39:49","guid":{"rendered":"https:\/\/news.save.ch\/?p=2656"},"modified":"2023-03-14T09:05:12","modified_gmt":"2023-03-14T08:05:12","slug":"wer-bezahlt-die-psa","status":null,"type":"post","link":"https:\/\/news.save.ch\/fr\/wer-bezahlt-die-psa\/","title":{"rendered":"Qui paie les EPI ?"},"content":{"rendered":"<figure id=\"attachment_2657\" aria-describedby=\"caption-attachment-2657\" style=\"width: 680px\" class=\"wp-caption alignnone\"><img loading=\"lazy\" decoding=\"async\" class=\"size-medium wp-image-2657\" src=\"http:\/\/develop.safety-plus.ch\/wp-content\/uploads\/2018\/03\/SUVA.jpeg\" alt=\"\" width=\"680\" height=\"510\" \/><figcaption id=\"caption-attachment-2657\" class=\"wp-caption-text\">C'est bien ainsi : les apprentis re\u00e7oivent gratuitement leurs EPI lors de leur premier jour de travail. \u00a9 SUVA<\/figcaption><\/figure>\n<p>Cela donne \u00e0 r\u00e9fl\u00e9chir : beaucoup <a href=\"https:\/\/news.save.ch\/fr\/lernendenbarometer-2016-von-berufslehre-ueberzeugt\/\" target=\"_blank\" rel=\"noopener\">Apprenants<\/a> croient \u00e0 tort qu'ils ont leur\u00a0<a href=\"https:\/\/www.suva.ch\/de-ch\/praevention\/sachthemen\/persoenliche-schutzausruestung\" target=\"_blank\" rel=\"noopener\">\u00c9quipement de protection individuelle\u00a0<\/a>(EPI) doivent payer eux-m\u00eames. Erwin von Moos, responsable de la campagne \"<a href=\"https:\/\/www.suva.ch\/de-ch\/praevention\/sicherheit-mit-system\/sichere-lehrzeit\" target=\"_blank\" rel=\"noopener\">Un apprentissage en toute s\u00e9curit\u00e9<\/a>\"La Suva a r\u00e9cemment constat\u00e9 ce ph\u00e9nom\u00e8ne lors d'enqu\u00eates men\u00e9es dans diff\u00e9rentes \u00e9coles professionnelles. De nombreux apprentis ont indiqu\u00e9 qu'ils n'avaient pas eu de probl\u00e8mes dans leur travail. <a href=\"https:\/\/news.save.ch\/fr\/ratgeber-fuer-die-psychische-gesundheit-von-lernenden\/\" target=\"_blank\" rel=\"noopener\">Entreprise formatrice<\/a> doivent assumer eux-m\u00eames les co\u00fbts des EPI ou du moins payer le remplacement n\u00e9cessaire. \"Sur 600, environ 100 se sont exprim\u00e9s de la sorte\", dit von Moos. \"Je trouve cela effrayant\". Mais le constat n'est pas tout \u00e0 fait surprenant. \"Qui paie les EPI ?\" est une question r\u00e9currente parmi celles qui sont pos\u00e9es aux experts en s\u00e9curit\u00e9 de la Suva. Alors, qu'en est-il r\u00e9ellement ?<\/p>\n<p><strong>L'employeur paie les EPI<\/strong><\/p>\n<p>\"Les <a href=\"https:\/\/www.suva.ch\/de-CH\/material\/Factsheets\/rechtliche-grundlagen-fur-psa\/\" target=\"_blank\" rel=\"noopener\">Bases juridiques\u00a0<\/a>sont en fait tr\u00e8s clairs\", souligne Pius Arnold, avocat au sein du d\u00e9partement S\u00e9curit\u00e9 au travail de la Suva. \"L'employeur doit mettre \u00e0 disposition l'\u00e9quipement n\u00e9cessaire et en supporter les co\u00fbts\", poursuit Arnold. Il cite comme base les articles\u00a0<a href=\"https:\/\/www.admin.ch\/opc\/de\/classified-compilation\/19830377\/index.html#a5\" target=\"_blank\" rel=\"noopener\">5<\/a>\u00a0et\u00a0<a href=\"https:\/\/www.admin.ch\/opc\/de\/classified-compilation\/19830377\/index.html#a90\" target=\"_blank\" rel=\"noopener\">90<\/a>\u00a0 le\u00a0<a href=\"https:\/\/www.admin.ch\/opc\/de\/classified-compilation\/19830377\/index.html\" target=\"_blank\" rel=\"noopener\">Ordonnance sur la pr\u00e9vention des accidents (OPA)<\/a>. Cela vaut bien entendu aussi pour les apprentis ou les collaborateurs temporaires et inclut le remplacement des EPI en cas d'usure.<\/p>\n<p><strong>D\u00e9tails donnent \u00e0 discuter<\/strong><\/p>\n<p>Alors pourquoi cela est-il si mal connu ? Et pourquoi le traitement des <a href=\"https:\/\/www.suva.ch\/de-CH\/material\/Factsheets\/fussschutz\/\" target=\"_blank\" rel=\"noopener\">Chaussures de s\u00e9curit\u00e9<\/a>, <a href=\"https:\/\/www.suva.ch\/de-CH\/material\/Factsheets\/augenschutz\/\" target=\"_blank\" rel=\"noopener\">Lunettes de protection\u00a0<\/a>et <a href=\"https:\/\/www.suva.ch\/de-CH\/material\/Factsheets\/schutzkleidung\/\" target=\"_blank\" rel=\"noopener\">V\u00eatements de protection<\/a>\u00a0de parler encore et encore ? D'une part, Arnold et von Moos supposent que la formulation \"mettre \u00e0 disposition\" laisse croire \u00e0 certains employeurs qu'ils doivent certes se procurer les EPI, mais qu'ils ne doivent pas les payer. D'autre part, les d\u00e9tails concernant l'utilisation des EPI peuvent tout \u00e0 fait \u00eatre r\u00e9gl\u00e9s par le droit priv\u00e9 entre l'employeur et l'employ\u00e9. Par exemple en ce qui concerne l'usure excessive, l'utilisation priv\u00e9e suppl\u00e9mentaire ou les dommages intentionnels. Et l\u00e0, le diable peut se cacher dans les d\u00e9tails.<\/p>\n<p><strong>Que faire si l'employeur ne paie pas les EPI ?<\/strong><\/p>\n<p>Il peut d\u00e9j\u00e0 \u00eatre difficile pour des collaborateurs exp\u00e9riment\u00e9s d'aborder un tel sujet avec leurs sup\u00e9rieurs. C'est d'autant plus vrai pour les apprentis. Vous pouvez le faire en tant que collaborateur\/trice :<\/p>\n<ul>\n<li>Cherchez le dialogue avec votre sup\u00e9rieur ou votre formateur dans l'entreprise.<\/li>\n<li>Montrez-lui par exemple ce site web et et les\u00a0<a href=\"https:\/\/www.suva.ch\/de-CH\/material\/Factsheets\/rechtliche-grundlagen-fur-psa\/\" target=\"_blank\" rel=\"noopener\">Bases l\u00e9gales pour les EPI<\/a>.<\/li>\n<\/ul>\n<p>Le fait est que les entreprises qui ne prennent pas en charge les co\u00fbts des EPI enfreignent le droit en vigueur. D'ailleurs, le Code des obligations est \u00e9galement viol\u00e9 (voir <a href=\"https:\/\/www.admin.ch\/opc\/de\/classified-compilation\/19110009\/index.html#a328\" target=\"_blank\" rel=\"noopener\">Art. 328<\/a>\u00a0et <a href=\"https:\/\/www.admin.ch\/opc\/de\/classified-compilation\/19110009\/index.html#a362\" target=\"_blank\" rel=\"noopener\">362<\/a>).<\/p>\n<p><a href=\"http:\/\/www.suva.ch\/de-ch\/praevention\/sachthemen\/persoenliche-schutzausruestung\/\" target=\"_blank\" rel=\"noopener\">Tout sur les EPI<\/a><\/p>\n<p>Tet : <a href=\"http:\/\/www.suva.ch\" target=\"_blank\" rel=\"noopener\">SUVA<\/a><\/p>","protected":false},"excerpt":{"rendered":"<p>Das gibt zu denken: Viele Lernende glauben f\u00e4lschlicherweise, dass sie ihre\u00a0Pers\u00f6nliche Schutzausr\u00fcstung\u00a0(PSA) selber bezahlen m\u00fcssen. Erwin von Moos, Kampagnenleiter \u00abSichere Lehrzeit\u00bb der Suva hat dies k\u00fcrzlich bei Umfragen an\u00a0 verschiedenen Berufsfachschulen festgestellt. Dabei gaben viele Lernende an, das sie in ihrem Lehrbetrieb f\u00fcr die Kosten der PSA selber aufkommen, oder zumindest den n\u00f6tigen Ersatz selber [&hellip;]<\/p>\n","protected":false},"author":1,"featured_media":16254,"comment_status":"open","ping_status":"open","sticky":false,"template":"","format":"standard","meta":{"_acf_changed":false,"pgc_sgb_lightbox_settings":"","footnotes":""},"categories":[1,3314],"tags":[183,172,540,1775,2349,2669,141,167],"class_list":["post-2656","post","type-post","status-publish","format-standard","has-post-thumbnail","hentry","category-allgemein","category-health-safety","tag-arbeitsplatzgestaltung","tag-arbeitssicherheit","tag-ausbildung","tag-betriebliches-gesundheitsmanagement","tag-kampagnen","tag-persoenliche-schutzausruestung-psa","tag-praevention","tag-suva"],"acf":[],"hkrextid":null,"publication":null,"issue":null,"workflow":null,"startPage":null,"spitzmarke":null,"_posts_by_tag_page_fields":{"widget_title":"","widget_tags":""},"_at_widget":"1","_yoast_wpseo_primary_category":"529","_yoast_wpseo_focuskw_text_input":"PSA","_yoast_wpseo_opengraph-image":null,"_yoast_wpseo_opengraph-description":null,"_yoast_wpseo_opengraph-title":null,"enclosure":null,"_yoast_wpseo_twitter-title":null,"_yoast_wpseo_twitter-description":null,"_yoast_wpseo_twitter-image":null,"_wp_old_slug":null,"_yoast_wpseo_title":null,"_yoast_wpseo_canonical":null,"yoast_head":"<!-- This site is optimized with the Yoast SEO plugin v27.5 - https:\/\/yoast.com\/product\/yoast-seo-wordpress\/ -->\n<title>Wer bezahlt die PSA? - Save<\/title>\n<meta name=\"description\" content=\"\u00abWer bezahlt die PSA?\u00bb ist ein Dauerbrenner unter den Fragen, die den Sicherheitsexperten der Suva immer wieder gestellt werden. Was also gilt hier tats\u00e4chlich?\" \/>\n<meta name=\"robots\" content=\"index, follow, max-snippet:-1, max-image-preview:large, max-video-preview:-1\" \/>\n<link rel=\"canonical\" href=\"https:\/\/news.save.ch\/fr\/wer-bezahlt-die-psa\/\" \/>\n<meta property=\"og:locale\" content=\"fr_FR\" \/>\n<meta property=\"og:type\" content=\"article\" \/>\n<meta property=\"og:title\" content=\"Wer bezahlt die PSA? - Save\" \/>\n<meta property=\"og:description\" content=\"\u00abWer bezahlt die PSA?\u00bb ist ein Dauerbrenner unter den Fragen, die den Sicherheitsexperten der Suva immer wieder gestellt werden. Was also gilt hier tats\u00e4chlich?\" \/>\n<meta property=\"og:url\" content=\"https:\/\/news.save.ch\/fr\/wer-bezahlt-die-psa\/\" \/>\n<meta property=\"og:site_name\" content=\"Save\" \/>\n<meta property=\"article:published_time\" content=\"2018-03-05T09:39:49+00:00\" \/>\n<meta property=\"article:modified_time\" content=\"2023-03-14T08:05:12+00:00\" \/>\n<meta property=\"og:image\" content=\"https:\/\/news.save.ch\/wp-content\/uploads\/2018\/03\/SUVA.jpeg\" \/>\n\t<meta property=\"og:image:width\" content=\"960\" \/>\n\t<meta property=\"og:image:height\" content=\"720\" \/>\n\t<meta property=\"og:image:type\" content=\"image\/jpeg\" \/>\n<meta name=\"author\" content=\"admin\" \/>\n<meta name=\"twitter:card\" content=\"summary_large_image\" \/>\n<meta name=\"twitter:label1\" content=\"\u00c9crit par\" \/>\n\t<meta name=\"twitter:data1\" content=\"admin\" \/>\n\t<meta name=\"twitter:label2\" content=\"Dur\u00e9e de lecture estim\u00e9e\" \/>\n\t<meta name=\"twitter:data2\" content=\"2 minutes\" \/>\n<script type=\"application\/ld+json\" class=\"yoast-schema-graph\">{\"@context\":\"https:\\\/\\\/schema.org\",\"@graph\":[{\"@type\":\"Article\",\"@id\":\"https:\\\/\\\/news.save.ch\\\/wer-bezahlt-die-psa\\\/#article\",\"isPartOf\":{\"@id\":\"https:\\\/\\\/news.save.ch\\\/wer-bezahlt-die-psa\\\/\"},\"author\":{\"name\":\"admin\",\"@id\":\"https:\\\/\\\/news.save.ch\\\/de\\\/#\\\/schema\\\/person\\\/d49e199490bad7c70d64b9ab51142f2b\"},\"headline\":\"Wer bezahlt die PSA?\",\"datePublished\":\"2018-03-05T09:39:49+00:00\",\"dateModified\":\"2023-03-14T08:05:12+00:00\",\"mainEntityOfPage\":{\"@id\":\"https:\\\/\\\/news.save.ch\\\/wer-bezahlt-die-psa\\\/\"},\"wordCount\":410,\"commentCount\":0,\"publisher\":{\"@id\":\"https:\\\/\\\/news.save.ch\\\/de\\\/#organization\"},\"image\":{\"@id\":\"https:\\\/\\\/news.save.ch\\\/wer-bezahlt-die-psa\\\/#primaryimage\"},\"thumbnailUrl\":\"https:\\\/\\\/news.save.ch\\\/wp-content\\\/uploads\\\/2018\\\/03\\\/SUVA.jpeg\",\"keywords\":[\"Arbeitsplatzgestaltung\",\"Arbeitssicherheit\",\"Ausbildung\",\"Betriebliches Gesundheitsmanagement\",\"Kampagnen\",\"Pers\u00f6nliche Schutzausr\u00fcstung (PSA)\",\"Pr\u00e4vention\",\"SUVA\"],\"articleSection\":[\"ALLGEMEIN\",\"HEALTH &amp; SAFETY\"],\"inLanguage\":\"fr-FR\"},{\"@type\":\"WebPage\",\"@id\":\"https:\\\/\\\/news.save.ch\\\/wer-bezahlt-die-psa\\\/\",\"url\":\"https:\\\/\\\/news.save.ch\\\/wer-bezahlt-die-psa\\\/\",\"name\":\"Wer bezahlt die PSA? - Save\",\"isPartOf\":{\"@id\":\"https:\\\/\\\/news.save.ch\\\/de\\\/#website\"},\"primaryImageOfPage\":{\"@id\":\"https:\\\/\\\/news.save.ch\\\/wer-bezahlt-die-psa\\\/#primaryimage\"},\"image\":{\"@id\":\"https:\\\/\\\/news.save.ch\\\/wer-bezahlt-die-psa\\\/#primaryimage\"},\"thumbnailUrl\":\"https:\\\/\\\/news.save.ch\\\/wp-content\\\/uploads\\\/2018\\\/03\\\/SUVA.jpeg\",\"datePublished\":\"2018-03-05T09:39:49+00:00\",\"dateModified\":\"2023-03-14T08:05:12+00:00\",\"description\":\"\u00abWer bezahlt die PSA?\u00bb ist ein Dauerbrenner unter den Fragen, die den Sicherheitsexperten der Suva immer wieder gestellt werden. Was also gilt hier tats\u00e4chlich?\",\"breadcrumb\":{\"@id\":\"https:\\\/\\\/news.save.ch\\\/wer-bezahlt-die-psa\\\/#breadcrumb\"},\"inLanguage\":\"fr-FR\",\"potentialAction\":[{\"@type\":\"ReadAction\",\"target\":[\"https:\\\/\\\/news.save.ch\\\/wer-bezahlt-die-psa\\\/\"]}]},{\"@type\":\"ImageObject\",\"inLanguage\":\"fr-FR\",\"@id\":\"https:\\\/\\\/news.save.ch\\\/wer-bezahlt-die-psa\\\/#primaryimage\",\"url\":\"https:\\\/\\\/news.save.ch\\\/wp-content\\\/uploads\\\/2018\\\/03\\\/SUVA.jpeg\",\"contentUrl\":\"https:\\\/\\\/news.save.ch\\\/wp-content\\\/uploads\\\/2018\\\/03\\\/SUVA.jpeg\",\"width\":960,\"height\":720,\"caption\":\"So ist es richtig: Lernende erhalten an ihrem ersten Arbeitstag kostenlos ihre PSA. \u00a9 SUVA\"},{\"@type\":\"BreadcrumbList\",\"@id\":\"https:\\\/\\\/news.save.ch\\\/wer-bezahlt-die-psa\\\/#breadcrumb\",\"itemListElement\":[{\"@type\":\"ListItem\",\"position\":1,\"name\":\"Home\",\"item\":\"https:\\\/\\\/news.save.ch\\\/de\\\/\"},{\"@type\":\"ListItem\",\"position\":2,\"name\":\"Wer bezahlt die PSA?\"}]},{\"@type\":\"WebSite\",\"@id\":\"https:\\\/\\\/news.save.ch\\\/de\\\/#website\",\"url\":\"https:\\\/\\\/news.save.ch\\\/de\\\/\",\"name\":\"Save\",\"description\":\"Schweizer Fachzeitschrift f\u00fcr Sicherheit\",\"publisher\":{\"@id\":\"https:\\\/\\\/news.save.ch\\\/de\\\/#organization\"},\"potentialAction\":[{\"@type\":\"SearchAction\",\"target\":{\"@type\":\"EntryPoint\",\"urlTemplate\":\"https:\\\/\\\/news.save.ch\\\/de\\\/?s={search_term_string}\"},\"query-input\":{\"@type\":\"PropertyValueSpecification\",\"valueRequired\":true,\"valueName\":\"search_term_string\"}}],\"inLanguage\":\"fr-FR\"},{\"@type\":\"Organization\",\"@id\":\"https:\\\/\\\/news.save.ch\\\/de\\\/#organization\",\"name\":\"Sicherheitsforum\",\"url\":\"https:\\\/\\\/news.save.ch\\\/de\\\/\",\"logo\":{\"@type\":\"ImageObject\",\"inLanguage\":\"fr-FR\",\"@id\":\"https:\\\/\\\/news.save.ch\\\/de\\\/#\\\/schema\\\/logo\\\/image\\\/\",\"url\":\"https:\\\/\\\/news.save.ch\\\/wp-content\\\/uploads\\\/2022\\\/06\\\/Logo_SF_2012.png\",\"contentUrl\":\"https:\\\/\\\/news.save.ch\\\/wp-content\\\/uploads\\\/2022\\\/06\\\/Logo_SF_2012.png\",\"width\":1100,\"height\":91,\"caption\":\"Sicherheitsforum\"},\"image\":{\"@id\":\"https:\\\/\\\/news.save.ch\\\/de\\\/#\\\/schema\\\/logo\\\/image\\\/\"}},{\"@type\":\"Person\",\"@id\":\"https:\\\/\\\/news.save.ch\\\/de\\\/#\\\/schema\\\/person\\\/d49e199490bad7c70d64b9ab51142f2b\",\"name\":\"admin\",\"image\":{\"@type\":\"ImageObject\",\"inLanguage\":\"fr-FR\",\"@id\":\"https:\\\/\\\/secure.gravatar.com\\\/avatar\\\/ae2f4d718e6c49043e314ce431e7e645d646302a24a5ef5a8bc8e3f5a032e319?s=96&d=mm&r=g\",\"url\":\"https:\\\/\\\/secure.gravatar.com\\\/avatar\\\/ae2f4d718e6c49043e314ce431e7e645d646302a24a5ef5a8bc8e3f5a032e319?s=96&d=mm&r=g\",\"contentUrl\":\"https:\\\/\\\/secure.gravatar.com\\\/avatar\\\/ae2f4d718e6c49043e314ce431e7e645d646302a24a5ef5a8bc8e3f5a032e319?s=96&d=mm&r=g\",\"caption\":\"admin\"},\"sameAs\":[\"https:\\\/\\\/develop.organisator.galledia.ch\"],\"url\":\"https:\\\/\\\/news.save.ch\\\/fr\\\/author\\\/admin\\\/\"}]}<\/script>\n<!-- \/ Yoast SEO plugin. -->","yoast_head_json":{"title":"Qui paie les EPI ? - Save","description":"\"Qui paie les EPI ?\" est une question r\u00e9currente parmi celles qui sont pos\u00e9es aux experts en s\u00e9curit\u00e9 de la Suva. Alors, qu'en est-il r\u00e9ellement ?","robots":{"index":"index","follow":"follow","max-snippet":"max-snippet:-1","max-image-preview":"max-image-preview:large","max-video-preview":"max-video-preview:-1"},"canonical":"https:\/\/news.save.ch\/fr\/wer-bezahlt-die-psa\/","og_locale":"fr_FR","og_type":"article","og_title":"Wer bezahlt die PSA? - Save","og_description":"\u00abWer bezahlt die PSA?\u00bb ist ein Dauerbrenner unter den Fragen, die den Sicherheitsexperten der Suva immer wieder gestellt werden. Was also gilt hier tats\u00e4chlich?","og_url":"https:\/\/news.save.ch\/fr\/wer-bezahlt-die-psa\/","og_site_name":"Save","article_published_time":"2018-03-05T09:39:49+00:00","article_modified_time":"2023-03-14T08:05:12+00:00","og_image":[{"width":960,"height":720,"url":"https:\/\/news.save.ch\/wp-content\/uploads\/2018\/03\/SUVA.jpeg","type":"image\/jpeg"}],"author":"admin","twitter_card":"summary_large_image","twitter_misc":{"\u00c9crit par":"admin","Dur\u00e9e de lecture estim\u00e9e":"2 minutes"},"schema":{"@context":"https:\/\/schema.org","@graph":[{"@type":"Article","@id":"https:\/\/news.save.ch\/wer-bezahlt-die-psa\/#article","isPartOf":{"@id":"https:\/\/news.save.ch\/wer-bezahlt-die-psa\/"},"author":{"name":"admin","@id":"https:\/\/news.save.ch\/de\/#\/schema\/person\/d49e199490bad7c70d64b9ab51142f2b"},"headline":"Wer bezahlt die PSA?","datePublished":"2018-03-05T09:39:49+00:00","dateModified":"2023-03-14T08:05:12+00:00","mainEntityOfPage":{"@id":"https:\/\/news.save.ch\/wer-bezahlt-die-psa\/"},"wordCount":410,"commentCount":0,"publisher":{"@id":"https:\/\/news.save.ch\/de\/#organization"},"image":{"@id":"https:\/\/news.save.ch\/wer-bezahlt-die-psa\/#primaryimage"},"thumbnailUrl":"https:\/\/news.save.ch\/wp-content\/uploads\/2018\/03\/SUVA.jpeg","keywords":["Arbeitsplatzgestaltung","Arbeitssicherheit","Ausbildung","Betriebliches Gesundheitsmanagement","Kampagnen","Pers\u00f6nliche Schutzausr\u00fcstung (PSA)","Pr\u00e4vention","SUVA"],"articleSection":["ALLGEMEIN","HEALTH &amp; SAFETY"],"inLanguage":"fr-FR"},{"@type":"WebPage","@id":"https:\/\/news.save.ch\/wer-bezahlt-die-psa\/","url":"https:\/\/news.save.ch\/wer-bezahlt-die-psa\/","name":"Qui paie les EPI ? - Save","isPartOf":{"@id":"https:\/\/news.save.ch\/de\/#website"},"primaryImageOfPage":{"@id":"https:\/\/news.save.ch\/wer-bezahlt-die-psa\/#primaryimage"},"image":{"@id":"https:\/\/news.save.ch\/wer-bezahlt-die-psa\/#primaryimage"},"thumbnailUrl":"https:\/\/news.save.ch\/wp-content\/uploads\/2018\/03\/SUVA.jpeg","datePublished":"2018-03-05T09:39:49+00:00","dateModified":"2023-03-14T08:05:12+00:00","description":"\"Qui paie les EPI ?\" est une question r\u00e9currente parmi celles qui sont pos\u00e9es aux experts en s\u00e9curit\u00e9 de la Suva. Alors, qu'en est-il r\u00e9ellement ?","breadcrumb":{"@id":"https:\/\/news.save.ch\/wer-bezahlt-die-psa\/#breadcrumb"},"inLanguage":"fr-FR","potentialAction":[{"@type":"ReadAction","target":["https:\/\/news.save.ch\/wer-bezahlt-die-psa\/"]}]},{"@type":"ImageObject","inLanguage":"fr-FR","@id":"https:\/\/news.save.ch\/wer-bezahlt-die-psa\/#primaryimage","url":"https:\/\/news.save.ch\/wp-content\/uploads\/2018\/03\/SUVA.jpeg","contentUrl":"https:\/\/news.save.ch\/wp-content\/uploads\/2018\/03\/SUVA.jpeg","width":960,"height":720,"caption":"So ist es richtig: Lernende erhalten an ihrem ersten Arbeitstag kostenlos ihre PSA. \u00a9 SUVA"},{"@type":"BreadcrumbList","@id":"https:\/\/news.save.ch\/wer-bezahlt-die-psa\/#breadcrumb","itemListElement":[{"@type":"ListItem","position":1,"name":"Home","item":"https:\/\/news.save.ch\/de\/"},{"@type":"ListItem","position":2,"name":"Wer bezahlt die PSA?"}]},{"@type":"WebSite","@id":"https:\/\/news.save.ch\/de\/#website","url":"https:\/\/news.save.ch\/de\/","name":"Save","description":"Revue suisse sp\u00e9cialis\u00e9e dans la s\u00e9curit\u00e9","publisher":{"@id":"https:\/\/news.save.ch\/de\/#organization"},"potentialAction":[{"@type":"SearchAction","target":{"@type":"EntryPoint","urlTemplate":"https:\/\/news.save.ch\/de\/?s={search_term_string}"},"query-input":{"@type":"PropertyValueSpecification","valueRequired":true,"valueName":"search_term_string"}}],"inLanguage":"fr-FR"},{"@type":"Organization","@id":"https:\/\/news.save.ch\/de\/#organization","name":"Forum sur la s\u00e9curit\u00e9","url":"https:\/\/news.save.ch\/de\/","logo":{"@type":"ImageObject","inLanguage":"fr-FR","@id":"https:\/\/news.save.ch\/de\/#\/schema\/logo\/image\/","url":"https:\/\/news.save.ch\/wp-content\/uploads\/2022\/06\/Logo_SF_2012.png","contentUrl":"https:\/\/news.save.ch\/wp-content\/uploads\/2022\/06\/Logo_SF_2012.png","width":1100,"height":91,"caption":"Sicherheitsforum"},"image":{"@id":"https:\/\/news.save.ch\/de\/#\/schema\/logo\/image\/"}},{"@type":"Person","@id":"https:\/\/news.save.ch\/de\/#\/schema\/person\/d49e199490bad7c70d64b9ab51142f2b","name":"admin","image":{"@type":"ImageObject","inLanguage":"fr-FR","@id":"https:\/\/secure.gravatar.com\/avatar\/ae2f4d718e6c49043e314ce431e7e645d646302a24a5ef5a8bc8e3f5a032e319?s=96&d=mm&r=g","url":"https:\/\/secure.gravatar.com\/avatar\/ae2f4d718e6c49043e314ce431e7e645d646302a24a5ef5a8bc8e3f5a032e319?s=96&d=mm&r=g","contentUrl":"https:\/\/secure.gravatar.com\/avatar\/ae2f4d718e6c49043e314ce431e7e645d646302a24a5ef5a8bc8e3f5a032e319?s=96&d=mm&r=g","caption":"admin"},"sameAs":["https:\/\/develop.organisator.galledia.ch"],"url":"https:\/\/news.save.ch\/fr\/author\/admin\/"}]}},"_links":{"self":[{"href":"https:\/\/news.save.ch\/fr\/wp-json\/wp\/v2\/posts\/2656","targetHints":{"allow":["GET"]}}],"collection":[{"href":"https:\/\/news.save.ch\/fr\/wp-json\/wp\/v2\/posts"}],"about":[{"href":"https:\/\/news.save.ch\/fr\/wp-json\/wp\/v2\/types\/post"}],"author":[{"embeddable":true,"href":"https:\/\/news.save.ch\/fr\/wp-json\/wp\/v2\/users\/1"}],"replies":[{"embeddable":true,"href":"https:\/\/news.save.ch\/fr\/wp-json\/wp\/v2\/comments?post=2656"}],"version-history":[{"count":1,"href":"https:\/\/news.save.ch\/fr\/wp-json\/wp\/v2\/posts\/2656\/revisions"}],"predecessor-version":[{"id":18318,"href":"https:\/\/news.save.ch\/fr\/wp-json\/wp\/v2\/posts\/2656\/revisions\/18318"}],"wp:featuredmedia":[{"embeddable":true,"href":"https:\/\/news.save.ch\/fr\/wp-json\/wp\/v2\/media\/16254"}],"wp:attachment":[{"href":"https:\/\/news.save.ch\/fr\/wp-json\/wp\/v2\/media?parent=2656"}],"wp:term":[{"taxonomy":"category","embeddable":true,"href":"https:\/\/news.save.ch\/fr\/wp-json\/wp\/v2\/categories?post=2656"},{"taxonomy":"post_tag","embeddable":true,"href":"https:\/\/news.save.ch\/fr\/wp-json\/wp\/v2\/tags?post=2656"}],"curies":[{"name":"wp","href":"https:\/\/api.w.org\/{rel}","templated":true}]}}