{"id":2674,"date":"2016-05-02T14:55:25","date_gmt":"2016-05-02T12:55:25","guid":{"rendered":"https:\/\/dev.sicherheitsforum.ch\/?p=2674"},"modified":"2016-05-02T14:55:25","modified_gmt":"2016-05-02T12:55:25","slug":"securitas-uebernimmt-mehrheit-an-gm-elektronik","status":null,"type":"post","link":"https:\/\/news.save.ch\/fr\/securitas-uebernimmt-mehrheit-an-gm-elektronik\/","title":{"rendered":"Securitas acquiert la majorit\u00e9 de g+m elektronik"},"content":{"rendered":"<p><img loading=\"lazy\" decoding=\"async\" class=\"alignnone wp-image-2676 size-medium\" src=\"https:\/\/news.save.ch\/wp-content\/uploads\/2016\/12\/Securitas-uebernimmt-Mehrheit-an-gm-elektronik_sicherheitsforum.jpg\" width=\"680\" height=\"343\" \/><\/p>\n<figure id=\"attachment_2675\" aria-describedby=\"caption-attachment-2675\" style=\"width: 680px\" class=\"wp-caption alignnone\"><img loading=\"lazy\" decoding=\"async\" class=\"wp-image-2675 size-medium\" src=\"https:\/\/news.save.ch\/wp-content\/uploads\/2016\/12\/Securitas-uebernimmt-Mehrheit-an-gm-elektronik2_sicherheitsforum.jpg\" width=\"680\" height=\"714\" \/><figcaption id=\"caption-attachment-2675\" class=\"wp-caption-text\">Reste directeur g\u00e9n\u00e9ral de g+m elektronik : Remo Gori.<\/figcaption><\/figure>\n<p>Le site <a href=\"https:\/\/gm-elektronik.ch\/de\/\" target=\"_blank\" data-cke-saved-href=\"https:\/\/gm-elektronik.ch\/de\/\" rel=\"noopener\">g+m elektronik AG<\/a> a acquis une position de leader sur le march\u00e9 des syst\u00e8mes d'alarme vocale et a d\u00e9velopp\u00e9 ses activit\u00e9s sur le plan technologique et g\u00e9ographique depuis 1969, \u00e9crit la soci\u00e9t\u00e9. <a href=\"https:\/\/www.securitas.ch\" target=\"_blank\" data-cke-saved-href=\"https:\/\/www.securitas.ch\" rel=\"noopener\">Securitas<\/a>. Aujourd'hui, l'entreprise travaille sur les march\u00e9s de la s\u00e9curit\u00e9 dans toute l'Europe et au Moyen-Orient gr\u00e2ce \u00e0 ses filiales en Allemagne et aux Pays-Bas et \u00e0 ses nombreux partenaires d'exportation.<\/p>\n<p><strong>Demande de solutions combin\u00e9es <\/strong><\/p>\n<p>Les concepts de solutions pour la d\u00e9tection d'incendie et l'alerte \u00e9lectroacoustique d'urgence fusionnent de plus en plus, car chaque seconde compte entre un d\u00e9but d'incendie, sa d\u00e9tection et l'\u00e9vacuation. Selon Securitas, les normes de construction exigent en outre de plus en plus souvent des syst\u00e8mes d'alarme vocale normalis\u00e9s (EN54-16) et coupl\u00e9s \u00e0 la d\u00e9tection d'incendie, ce qui accro\u00eet la demande de solutions combin\u00e9es. Autant de raisons pour lesquelles le Groupe Securitas et g+m elektronik AG ont d\u00e9j\u00e0 collabor\u00e9. Le bon travail d'\u00e9quipe, mais aussi le souhait de Remo Gori, le propri\u00e9taire de g+m elektronik, de r\u00e9gler sa succession \u00e0 temps, ont finalement conduit \u00e0 emprunter des voies communes, comme l'\u00e9crit Securitas. Selon le communiqu\u00e9, Gori reste directeur et pr\u00e9sident du conseil d'administration de l'entreprise de Suisse orientale.<\/p>","protected":false},"excerpt":{"rendered":"<p>Die g+m elektronik AG habe sich im Markt f\u00fcr Sprachalarmanlagen eine f\u00fchrende Position erarbeitet und ihre Aktivit\u00e4ten seit 1969 technologisch und geografisch ausgebaut, schreibt die Securitas. Heute bearbeitet das Unternehmen mit Tochterfirmen in Deutschland, den Niederlanden und mit vielen Exportpartnern Sicherheitsm\u00e4rkte in ganz Europa und Nahost. Nachfrage nach kombinierten L\u00f6sungen L\u00f6sungskonzepte f\u00fcr Branddetektion und elektroakustische [&hellip;]<\/p>\n","protected":false},"author":1,"featured_media":2676,"comment_status":"open","ping_status":"open","sticky":false,"template":"","format":"standard","meta":{"_acf_changed":false,"pgc_sgb_lightbox_settings":"","footnotes":""},"categories":[1],"tags":[151,65],"class_list":["post-2674","post","type-post","status-publish","format-standard","has-post-thumbnail","hentry","category-allgemein","tag-alarmierung","tag-unternehmen"],"acf":[],"hkrextid":null,"publication":null,"issue":null,"workflow":null,"startPage":null,"spitzmarke":null,"_posts_by_tag_page_fields":{"widget_title":"","widget_tags":""},"_at_widget":"1","_yoast_wpseo_primary_category":"","_yoast_wpseo_focuskw_text_input":"Securitas","_yoast_wpseo_opengraph-image":"https:\/\/news.save.ch\/wp-content\/uploads\/2016\/12\/Securitas-\u00fcbernimmt-Mehrheit-an-gm-elektronik_sicherheitsforum.jpg","_yoast_wpseo_opengraph-description":"Die Securitas Gruppe \u00fcbernimmt die Aktienmehrheit der g+m elektronik AG in Oberb\u00fcren (SG). Das Ostschweizer Unternehmen mit 60 Mitarbeitenden ist auf Akustik-Systeme zu Evakuierungszwecken sowie Akustik- und Uhrenanlagen spezialisiert.","_yoast_wpseo_opengraph-title":"Securitas \u00fcbernimmt Mehrheit an g+m elektronik","enclosure":null,"_yoast_wpseo_twitter-title":null,"_yoast_wpseo_twitter-description":null,"_yoast_wpseo_twitter-image":null,"_wp_old_slug":null,"_yoast_wpseo_title":null,"_yoast_wpseo_canonical":null,"yoast_head":"<!-- This site is optimized with the Yoast SEO plugin v27.5 - https:\/\/yoast.com\/product\/yoast-seo-wordpress\/ -->\n<title>Securitas \u00fcbernimmt Mehrheit an g+m elektronik - Save<\/title>\n<meta name=\"description\" content=\"Die Securitas Gruppe \u00fcbernimmt die Aktienmehrheit der g+m elektronik AG in Oberb\u00fcren (SG).\" \/>\n<meta name=\"robots\" content=\"index, follow, max-snippet:-1, max-image-preview:large, max-video-preview:-1\" \/>\n<link rel=\"canonical\" href=\"https:\/\/news.save.ch\/fr\/securitas-uebernimmt-mehrheit-an-gm-elektronik\/\" \/>\n<meta property=\"og:locale\" content=\"fr_FR\" \/>\n<meta property=\"og:type\" content=\"article\" \/>\n<meta property=\"og:title\" content=\"Securitas \u00fcbernimmt Mehrheit an g+m elektronik\" \/>\n<meta property=\"og:description\" content=\"Die Securitas Gruppe \u00fcbernimmt die Aktienmehrheit der g+m elektronik AG in Oberb\u00fcren (SG). Das Ostschweizer Unternehmen mit 60 Mitarbeitenden ist auf Akustik-Systeme zu Evakuierungszwecken sowie Akustik- und Uhrenanlagen spezialisiert.\" \/>\n<meta property=\"og:url\" content=\"https:\/\/news.save.ch\/fr\/securitas-uebernimmt-mehrheit-an-gm-elektronik\/\" \/>\n<meta property=\"og:site_name\" content=\"Save\" \/>\n<meta property=\"article:published_time\" content=\"2016-05-02T12:55:25+00:00\" \/>\n<meta property=\"og:image\" content=\"https:\/\/news.save.ch\/wp-content\/uploads\/2016\/12\/Securitas-\u00fcbernimmt-Mehrheit-an-gm-elektronik_sicherheitsforum.jpg\" \/>\n<meta name=\"author\" content=\"admin\" \/>\n<meta name=\"twitter:card\" content=\"summary_large_image\" \/>\n<meta name=\"twitter:label1\" content=\"\u00c9crit par\" \/>\n\t<meta name=\"twitter:data1\" content=\"admin\" \/>\n\t<meta name=\"twitter:label2\" content=\"Dur\u00e9e de lecture estim\u00e9e\" \/>\n\t<meta name=\"twitter:data2\" content=\"1 minute\" \/>\n<script type=\"application\/ld+json\" class=\"yoast-schema-graph\">{\"@context\":\"https:\\\/\\\/schema.org\",\"@graph\":[{\"@type\":\"Article\",\"@id\":\"https:\\\/\\\/news.save.ch\\\/securitas-uebernimmt-mehrheit-an-gm-elektronik\\\/#article\",\"isPartOf\":{\"@id\":\"https:\\\/\\\/news.save.ch\\\/securitas-uebernimmt-mehrheit-an-gm-elektronik\\\/\"},\"author\":{\"name\":\"admin\",\"@id\":\"https:\\\/\\\/news.save.ch\\\/de\\\/#\\\/schema\\\/person\\\/d49e199490bad7c70d64b9ab51142f2b\"},\"headline\":\"Securitas \u00fcbernimmt Mehrheit an g+m elektronik\",\"datePublished\":\"2016-05-02T12:55:25+00:00\",\"mainEntityOfPage\":{\"@id\":\"https:\\\/\\\/news.save.ch\\\/securitas-uebernimmt-mehrheit-an-gm-elektronik\\\/\"},\"wordCount\":193,\"commentCount\":0,\"publisher\":{\"@id\":\"https:\\\/\\\/news.save.ch\\\/de\\\/#organization\"},\"image\":{\"@id\":\"https:\\\/\\\/news.save.ch\\\/securitas-uebernimmt-mehrheit-an-gm-elektronik\\\/#primaryimage\"},\"thumbnailUrl\":\"https:\\\/\\\/news.save.ch\\\/wp-content\\\/uploads\\\/2016\\\/12\\\/Securitas-uebernimmt-Mehrheit-an-gm-elektronik_sicherheitsforum-scaled.jpg\",\"keywords\":[\"Alarmierung\",\"Unternehmen\"],\"articleSection\":[\"ALLGEMEIN\"],\"inLanguage\":\"fr-FR\"},{\"@type\":\"WebPage\",\"@id\":\"https:\\\/\\\/news.save.ch\\\/securitas-uebernimmt-mehrheit-an-gm-elektronik\\\/\",\"url\":\"https:\\\/\\\/news.save.ch\\\/securitas-uebernimmt-mehrheit-an-gm-elektronik\\\/\",\"name\":\"Securitas \u00fcbernimmt Mehrheit an g+m elektronik - Save\",\"isPartOf\":{\"@id\":\"https:\\\/\\\/news.save.ch\\\/de\\\/#website\"},\"primaryImageOfPage\":{\"@id\":\"https:\\\/\\\/news.save.ch\\\/securitas-uebernimmt-mehrheit-an-gm-elektronik\\\/#primaryimage\"},\"image\":{\"@id\":\"https:\\\/\\\/news.save.ch\\\/securitas-uebernimmt-mehrheit-an-gm-elektronik\\\/#primaryimage\"},\"thumbnailUrl\":\"https:\\\/\\\/news.save.ch\\\/wp-content\\\/uploads\\\/2016\\\/12\\\/Securitas-uebernimmt-Mehrheit-an-gm-elektronik_sicherheitsforum-scaled.jpg\",\"datePublished\":\"2016-05-02T12:55:25+00:00\",\"description\":\"Die Securitas Gruppe \u00fcbernimmt die Aktienmehrheit der g+m elektronik AG in Oberb\u00fcren (SG).\",\"breadcrumb\":{\"@id\":\"https:\\\/\\\/news.save.ch\\\/securitas-uebernimmt-mehrheit-an-gm-elektronik\\\/#breadcrumb\"},\"inLanguage\":\"fr-FR\",\"potentialAction\":[{\"@type\":\"ReadAction\",\"target\":[\"https:\\\/\\\/news.save.ch\\\/securitas-uebernimmt-mehrheit-an-gm-elektronik\\\/\"]}]},{\"@type\":\"ImageObject\",\"inLanguage\":\"fr-FR\",\"@id\":\"https:\\\/\\\/news.save.ch\\\/securitas-uebernimmt-mehrheit-an-gm-elektronik\\\/#primaryimage\",\"url\":\"https:\\\/\\\/news.save.ch\\\/wp-content\\\/uploads\\\/2016\\\/12\\\/Securitas-uebernimmt-Mehrheit-an-gm-elektronik_sicherheitsforum-scaled.jpg\",\"contentUrl\":\"https:\\\/\\\/news.save.ch\\\/wp-content\\\/uploads\\\/2016\\\/12\\\/Securitas-uebernimmt-Mehrheit-an-gm-elektronik_sicherheitsforum-scaled.jpg\",\"width\":1400,\"height\":706},{\"@type\":\"BreadcrumbList\",\"@id\":\"https:\\\/\\\/news.save.ch\\\/securitas-uebernimmt-mehrheit-an-gm-elektronik\\\/#breadcrumb\",\"itemListElement\":[{\"@type\":\"ListItem\",\"position\":1,\"name\":\"Home\",\"item\":\"https:\\\/\\\/news.save.ch\\\/de\\\/\"},{\"@type\":\"ListItem\",\"position\":2,\"name\":\"Securitas \u00fcbernimmt Mehrheit an g+m elektronik\"}]},{\"@type\":\"WebSite\",\"@id\":\"https:\\\/\\\/news.save.ch\\\/de\\\/#website\",\"url\":\"https:\\\/\\\/news.save.ch\\\/de\\\/\",\"name\":\"Save\",\"description\":\"Schweizer Fachzeitschrift f\u00fcr Sicherheit\",\"publisher\":{\"@id\":\"https:\\\/\\\/news.save.ch\\\/de\\\/#organization\"},\"potentialAction\":[{\"@type\":\"SearchAction\",\"target\":{\"@type\":\"EntryPoint\",\"urlTemplate\":\"https:\\\/\\\/news.save.ch\\\/de\\\/?s={search_term_string}\"},\"query-input\":{\"@type\":\"PropertyValueSpecification\",\"valueRequired\":true,\"valueName\":\"search_term_string\"}}],\"inLanguage\":\"fr-FR\"},{\"@type\":\"Organization\",\"@id\":\"https:\\\/\\\/news.save.ch\\\/de\\\/#organization\",\"name\":\"Sicherheitsforum\",\"url\":\"https:\\\/\\\/news.save.ch\\\/de\\\/\",\"logo\":{\"@type\":\"ImageObject\",\"inLanguage\":\"fr-FR\",\"@id\":\"https:\\\/\\\/news.save.ch\\\/de\\\/#\\\/schema\\\/logo\\\/image\\\/\",\"url\":\"https:\\\/\\\/news.save.ch\\\/wp-content\\\/uploads\\\/2022\\\/06\\\/Logo_SF_2012.png\",\"contentUrl\":\"https:\\\/\\\/news.save.ch\\\/wp-content\\\/uploads\\\/2022\\\/06\\\/Logo_SF_2012.png\",\"width\":1100,\"height\":91,\"caption\":\"Sicherheitsforum\"},\"image\":{\"@id\":\"https:\\\/\\\/news.save.ch\\\/de\\\/#\\\/schema\\\/logo\\\/image\\\/\"}},{\"@type\":\"Person\",\"@id\":\"https:\\\/\\\/news.save.ch\\\/de\\\/#\\\/schema\\\/person\\\/d49e199490bad7c70d64b9ab51142f2b\",\"name\":\"admin\",\"image\":{\"@type\":\"ImageObject\",\"inLanguage\":\"fr-FR\",\"@id\":\"https:\\\/\\\/secure.gravatar.com\\\/avatar\\\/ae2f4d718e6c49043e314ce431e7e645d646302a24a5ef5a8bc8e3f5a032e319?s=96&d=mm&r=g\",\"url\":\"https:\\\/\\\/secure.gravatar.com\\\/avatar\\\/ae2f4d718e6c49043e314ce431e7e645d646302a24a5ef5a8bc8e3f5a032e319?s=96&d=mm&r=g\",\"contentUrl\":\"https:\\\/\\\/secure.gravatar.com\\\/avatar\\\/ae2f4d718e6c49043e314ce431e7e645d646302a24a5ef5a8bc8e3f5a032e319?s=96&d=mm&r=g\",\"caption\":\"admin\"},\"sameAs\":[\"https:\\\/\\\/develop.organisator.galledia.ch\"],\"url\":\"https:\\\/\\\/news.save.ch\\\/fr\\\/author\\\/admin\\\/\"}]}<\/script>\n<!-- \/ Yoast SEO plugin. -->","yoast_head_json":{"title":"Securitas acquiert la majorit\u00e9 de g+m elektronik - Save","description":"Le Groupe Securitas acquiert la majorit\u00e9 des actions de g+m elektronik AG \u00e0 Oberb\u00fcren (SG).","robots":{"index":"index","follow":"follow","max-snippet":"max-snippet:-1","max-image-preview":"max-image-preview:large","max-video-preview":"max-video-preview:-1"},"canonical":"https:\/\/news.save.ch\/fr\/securitas-uebernimmt-mehrheit-an-gm-elektronik\/","og_locale":"fr_FR","og_type":"article","og_title":"Securitas \u00fcbernimmt Mehrheit an g+m elektronik","og_description":"Die Securitas Gruppe \u00fcbernimmt die Aktienmehrheit der g+m elektronik AG in Oberb\u00fcren (SG). Das Ostschweizer Unternehmen mit 60 Mitarbeitenden ist auf Akustik-Systeme zu Evakuierungszwecken sowie Akustik- und Uhrenanlagen spezialisiert.","og_url":"https:\/\/news.save.ch\/fr\/securitas-uebernimmt-mehrheit-an-gm-elektronik\/","og_site_name":"Save","article_published_time":"2016-05-02T12:55:25+00:00","og_image":[{"url":"https:\/\/news.save.ch\/wp-content\/uploads\/2016\/12\/Securitas-\u00fcbernimmt-Mehrheit-an-gm-elektronik_sicherheitsforum.jpg","type":"","width":"","height":""}],"author":"admin","twitter_card":"summary_large_image","twitter_misc":{"\u00c9crit par":"admin","Dur\u00e9e de lecture estim\u00e9e":"1 minute"},"schema":{"@context":"https:\/\/schema.org","@graph":[{"@type":"Article","@id":"https:\/\/news.save.ch\/securitas-uebernimmt-mehrheit-an-gm-elektronik\/#article","isPartOf":{"@id":"https:\/\/news.save.ch\/securitas-uebernimmt-mehrheit-an-gm-elektronik\/"},"author":{"name":"admin","@id":"https:\/\/news.save.ch\/de\/#\/schema\/person\/d49e199490bad7c70d64b9ab51142f2b"},"headline":"Securitas \u00fcbernimmt Mehrheit an g+m elektronik","datePublished":"2016-05-02T12:55:25+00:00","mainEntityOfPage":{"@id":"https:\/\/news.save.ch\/securitas-uebernimmt-mehrheit-an-gm-elektronik\/"},"wordCount":193,"commentCount":0,"publisher":{"@id":"https:\/\/news.save.ch\/de\/#organization"},"image":{"@id":"https:\/\/news.save.ch\/securitas-uebernimmt-mehrheit-an-gm-elektronik\/#primaryimage"},"thumbnailUrl":"https:\/\/news.save.ch\/wp-content\/uploads\/2016\/12\/Securitas-uebernimmt-Mehrheit-an-gm-elektronik_sicherheitsforum-scaled.jpg","keywords":["Alarmierung","Unternehmen"],"articleSection":["ALLGEMEIN"],"inLanguage":"fr-FR"},{"@type":"WebPage","@id":"https:\/\/news.save.ch\/securitas-uebernimmt-mehrheit-an-gm-elektronik\/","url":"https:\/\/news.save.ch\/securitas-uebernimmt-mehrheit-an-gm-elektronik\/","name":"Securitas acquiert la majorit\u00e9 de g+m elektronik - Save","isPartOf":{"@id":"https:\/\/news.save.ch\/de\/#website"},"primaryImageOfPage":{"@id":"https:\/\/news.save.ch\/securitas-uebernimmt-mehrheit-an-gm-elektronik\/#primaryimage"},"image":{"@id":"https:\/\/news.save.ch\/securitas-uebernimmt-mehrheit-an-gm-elektronik\/#primaryimage"},"thumbnailUrl":"https:\/\/news.save.ch\/wp-content\/uploads\/2016\/12\/Securitas-uebernimmt-Mehrheit-an-gm-elektronik_sicherheitsforum-scaled.jpg","datePublished":"2016-05-02T12:55:25+00:00","description":"Le Groupe Securitas acquiert la majorit\u00e9 des actions de g+m elektronik AG \u00e0 Oberb\u00fcren (SG).","breadcrumb":{"@id":"https:\/\/news.save.ch\/securitas-uebernimmt-mehrheit-an-gm-elektronik\/#breadcrumb"},"inLanguage":"fr-FR","potentialAction":[{"@type":"ReadAction","target":["https:\/\/news.save.ch\/securitas-uebernimmt-mehrheit-an-gm-elektronik\/"]}]},{"@type":"ImageObject","inLanguage":"fr-FR","@id":"https:\/\/news.save.ch\/securitas-uebernimmt-mehrheit-an-gm-elektronik\/#primaryimage","url":"https:\/\/news.save.ch\/wp-content\/uploads\/2016\/12\/Securitas-uebernimmt-Mehrheit-an-gm-elektronik_sicherheitsforum-scaled.jpg","contentUrl":"https:\/\/news.save.ch\/wp-content\/uploads\/2016\/12\/Securitas-uebernimmt-Mehrheit-an-gm-elektronik_sicherheitsforum-scaled.jpg","width":1400,"height":706},{"@type":"BreadcrumbList","@id":"https:\/\/news.save.ch\/securitas-uebernimmt-mehrheit-an-gm-elektronik\/#breadcrumb","itemListElement":[{"@type":"ListItem","position":1,"name":"Home","item":"https:\/\/news.save.ch\/de\/"},{"@type":"ListItem","position":2,"name":"Securitas \u00fcbernimmt Mehrheit an g+m elektronik"}]},{"@type":"WebSite","@id":"https:\/\/news.save.ch\/de\/#website","url":"https:\/\/news.save.ch\/de\/","name":"Save","description":"Revue suisse sp\u00e9cialis\u00e9e dans la s\u00e9curit\u00e9","publisher":{"@id":"https:\/\/news.save.ch\/de\/#organization"},"potentialAction":[{"@type":"SearchAction","target":{"@type":"EntryPoint","urlTemplate":"https:\/\/news.save.ch\/de\/?s={search_term_string}"},"query-input":{"@type":"PropertyValueSpecification","valueRequired":true,"valueName":"search_term_string"}}],"inLanguage":"fr-FR"},{"@type":"Organization","@id":"https:\/\/news.save.ch\/de\/#organization","name":"Forum sur la s\u00e9curit\u00e9","url":"https:\/\/news.save.ch\/de\/","logo":{"@type":"ImageObject","inLanguage":"fr-FR","@id":"https:\/\/news.save.ch\/de\/#\/schema\/logo\/image\/","url":"https:\/\/news.save.ch\/wp-content\/uploads\/2022\/06\/Logo_SF_2012.png","contentUrl":"https:\/\/news.save.ch\/wp-content\/uploads\/2022\/06\/Logo_SF_2012.png","width":1100,"height":91,"caption":"Sicherheitsforum"},"image":{"@id":"https:\/\/news.save.ch\/de\/#\/schema\/logo\/image\/"}},{"@type":"Person","@id":"https:\/\/news.save.ch\/de\/#\/schema\/person\/d49e199490bad7c70d64b9ab51142f2b","name":"admin","image":{"@type":"ImageObject","inLanguage":"fr-FR","@id":"https:\/\/secure.gravatar.com\/avatar\/ae2f4d718e6c49043e314ce431e7e645d646302a24a5ef5a8bc8e3f5a032e319?s=96&d=mm&r=g","url":"https:\/\/secure.gravatar.com\/avatar\/ae2f4d718e6c49043e314ce431e7e645d646302a24a5ef5a8bc8e3f5a032e319?s=96&d=mm&r=g","contentUrl":"https:\/\/secure.gravatar.com\/avatar\/ae2f4d718e6c49043e314ce431e7e645d646302a24a5ef5a8bc8e3f5a032e319?s=96&d=mm&r=g","caption":"admin"},"sameAs":["https:\/\/develop.organisator.galledia.ch"],"url":"https:\/\/news.save.ch\/fr\/author\/admin\/"}]}},"_links":{"self":[{"href":"https:\/\/news.save.ch\/fr\/wp-json\/wp\/v2\/posts\/2674","targetHints":{"allow":["GET"]}}],"collection":[{"href":"https:\/\/news.save.ch\/fr\/wp-json\/wp\/v2\/posts"}],"about":[{"href":"https:\/\/news.save.ch\/fr\/wp-json\/wp\/v2\/types\/post"}],"author":[{"embeddable":true,"href":"https:\/\/news.save.ch\/fr\/wp-json\/wp\/v2\/users\/1"}],"replies":[{"embeddable":true,"href":"https:\/\/news.save.ch\/fr\/wp-json\/wp\/v2\/comments?post=2674"}],"version-history":[{"count":0,"href":"https:\/\/news.save.ch\/fr\/wp-json\/wp\/v2\/posts\/2674\/revisions"}],"wp:featuredmedia":[{"embeddable":true,"href":"https:\/\/news.save.ch\/fr\/wp-json\/wp\/v2\/media\/2676"}],"wp:attachment":[{"href":"https:\/\/news.save.ch\/fr\/wp-json\/wp\/v2\/media?parent=2674"}],"wp:term":[{"taxonomy":"category","embeddable":true,"href":"https:\/\/news.save.ch\/fr\/wp-json\/wp\/v2\/categories?post=2674"},{"taxonomy":"post_tag","embeddable":true,"href":"https:\/\/news.save.ch\/fr\/wp-json\/wp\/v2\/tags?post=2674"}],"curies":[{"name":"wp","href":"https:\/\/api.w.org\/{rel}","templated":true}]}}