{"id":2682,"date":"2016-04-29T15:45:32","date_gmt":"2016-04-29T13:45:32","guid":{"rendered":"https:\/\/dev.sicherheitsforum.ch\/?p=2682"},"modified":"2016-04-29T15:45:32","modified_gmt":"2016-04-29T13:45:32","slug":"jugendgewalt-geht-erneut-zurueck","status":null,"type":"post","link":"https:\/\/news.save.ch\/fr\/jugendgewalt-geht-erneut-zurueck\/","title":{"rendered":"La violence des jeunes recule \u00e0 nouveau"},"content":{"rendered":"<figure id=\"attachment_2683\" aria-describedby=\"caption-attachment-2683\" style=\"width: 529px\" class=\"wp-caption alignnone\"><img loading=\"lazy\" decoding=\"async\" class=\"wp-image-2683 size-full\" src=\"https:\/\/news.save.ch\/wp-content\/uploads\/2016\/12\/Jugendgewalt-geht-erneut-zurueck_sicherheitsforum.jpg\" width=\"529\" height=\"343\" srcset=\"https:\/\/news.save.ch\/wp-content\/uploads\/2016\/12\/Jugendgewalt-geht-erneut-zurueck_sicherheitsforum.jpg 529w, https:\/\/news.save.ch\/wp-content\/uploads\/2016\/12\/Jugendgewalt-geht-erneut-zurueck_sicherheitsforum-375x243.jpg 375w\" sizes=\"auto, (max-width: 529px) 100vw, 529px\" \/><figcaption id=\"caption-attachment-2683\" class=\"wp-caption-text\">Les statistiques montrent une tendance \u00e0 la baisse des infractions violentes commises par les jeunes.<\/figcaption><\/figure>\n<p>En 2015, les tribunaux des mineurs du canton de Zurich ont ouvert une proc\u00e9dure p\u00e9nale contre 4'674 jeunes. Le nombre total de cas enregistr\u00e9s \u00e9tait donc sup\u00e9rieur de 3,2% \u00e0 celui de l'ann\u00e9e pr\u00e9c\u00e9dente, o\u00f9 4'530 jeunes avaient \u00e9t\u00e9 d\u00e9nonc\u00e9s. En revanche, on constate un recul massif de la violence juv\u00e9nile. Alors qu'en 2009, 1'151 jeunes au total \u00e9taient accus\u00e9s d'avoir commis un acte de violence, ils n'\u00e9taient plus que 499 en 2015 \u00e0 devoir r\u00e9pondre de leurs actes devant un tribunal des mineurs. Par rapport \u00e0 l'ann\u00e9e pr\u00e9c\u00e9dente, le nombre de jeunes d\u00e9nonc\u00e9s pour un d\u00e9lit de violence a donc de nouveau diminu\u00e9 de 13,8%.<\/p>\n<p><strong>Moins de condamnations pour des d\u00e9lits contre la vie et l'int\u00e9grit\u00e9 corporelle<\/strong><br \/>\nEn 2015, les juges des mineurs ont rendu 3'697 ordonnances p\u00e9nales (4'108 l'ann\u00e9e pr\u00e9c\u00e9dente) et dans 41 (44) cas, une mise en accusation a \u00e9t\u00e9 d\u00e9pos\u00e9e aupr\u00e8s des tribunaux des mineurs. 3'665 (4'185) peines ont \u00e9t\u00e9 prononc\u00e9es, dont 1'994 (2'361) r\u00e9primandes, 937 (1'002) prestations personnelles, 546 (575) amendes et 118 (112) privations de libert\u00e9. Dans 40 (25) cas, aucune peine n'a \u00e9t\u00e9 prononc\u00e9e et pour 21 (13) condamn\u00e9s, les parquets des mineurs et les tribunaux ont ordonn\u00e9 30 (21) peines pour adultes. R\u00e9parties par groupes d'infractions, les infractions contre le patrimoine ont repr\u00e9sent\u00e9 la plus grande part avec 35,4% (32,3%). Les infractions \u00e0 la loi sur les stup\u00e9fiants ont l\u00e9g\u00e8rement augment\u00e9, passant de 17,6 \u00e0 19,2%, tandis que les d\u00e9lits contre la vie et l'int\u00e9grit\u00e9 corporelle, tels que les l\u00e9sions corporelles, les voies de fait et les rixes, ont diminu\u00e9 de 3,7 \u00e0 2,3%. 8,6% (7,5%) de toutes les infractions \u00e9taient dirig\u00e9es contre la libert\u00e9 (menaces, contrainte, violation de domicile), 3,3% (1,1%) contre l'int\u00e9grit\u00e9 sexuelle. En ce qui concerne les condamnations, la part des jeunes filles \u00e9tait de 23,8% en 2015, soit un peu moins que l'ann\u00e9e pr\u00e9c\u00e9dente (25,5%). La proportion d'\u00e9trangers \u00e9tait de 33,9% (30,5%).<\/p>\n<p><strong>Recul des mesures de protection<\/strong><br \/>\nLe recul de la violence juv\u00e9nile s'est \u00e9galement r\u00e9percut\u00e9 sur les mesures de protection. Un net recul est \u00e0 signaler tant pour les mesures stationnaires (placement dans des maisons d'\u00e9ducation) 16 (18) que pour les mesures ambulatoires (surveillance, assistance personnelle ou traitement ambulatoire) 91 (97). A la date de r\u00e9f\u00e9rence du 31 d\u00e9cembre 2015, 50 (47) jeunes se trouvaient dans une mesure stationnaire et 213 (253) dans une mesure ambulatoire. Le recul des interventions s'est \u00e9galement refl\u00e9t\u00e9 dans les charges financi\u00e8res pour les mesures de protection, qui ont \u00e0 nouveau diminu\u00e9 de pr\u00e8s de 7% et s'\u00e9levaient encore \u00e0 19,2 millions (20,6) en 2015. Les co\u00fbts des mesures de protection sont donc inf\u00e9rieurs de 36% \u00e0 ceux de l'ann\u00e9e record 2009, o\u00f9 un total de 30,0 millions avait d\u00fb \u00eatre d\u00e9pens\u00e9 pour des mesures de protection.<\/p>\n<p><em>Source : Canton de Zurich, Direction de la justice et de l'int\u00e9rieur, Oberjugendanwaltschaft<\/em><\/p>\n<figure id=\"attachment_2685\" aria-describedby=\"caption-attachment-2685\" style=\"width: 597px\" class=\"wp-caption alignnone\"><img loading=\"lazy\" decoding=\"async\" class=\"wp-image-2685 size-full\" src=\"https:\/\/news.save.ch\/wp-content\/uploads\/2016\/12\/Jugendgewalt-geht-erneut-zurueck2_Sicherheitsforum.jpg\" width=\"597\" height=\"391\" srcset=\"https:\/\/news.save.ch\/wp-content\/uploads\/2016\/12\/Jugendgewalt-geht-erneut-zurueck2_Sicherheitsforum.jpg 597w, https:\/\/news.save.ch\/wp-content\/uploads\/2016\/12\/Jugendgewalt-geht-erneut-zurueck2_Sicherheitsforum-375x246.jpg 375w\" sizes=\"auto, (max-width: 597px) 100vw, 597px\" \/><figcaption id=\"caption-attachment-2685\" class=\"wp-caption-text\">En ce qui concerne le nombre total de d\u00e9nonciations, une l\u00e9g\u00e8re augmentation de 3% est \u00e0 signaler.<\/figcaption><\/figure>","protected":false},"excerpt":{"rendered":"<p>2015 er\u00f6ffneten die Jugendanwaltschaften des Kanton Z\u00fcrichs gegen 4\u2018674 Jugendliche ein Strafverfahren. Damit lag die Anzahl an gesamthaft eingegangenen F\u00e4llen um 3,2% h\u00f6her als im Vorjahr, als 4\u2018530 Jugendliche verzeigt wurden. Bei der Jugendgewalt l\u00e4sst sich hingegen ein massiver R\u00fcckgang konstatieren. Wurden 2009 insgesamt 1\u2018151 Jugendliche einer Gewaltstraftat bezichtigt, mussten sich im Jahr 2015 noch [&hellip;]<\/p>\n","protected":false},"author":1,"featured_media":2684,"comment_status":"open","ping_status":"open","sticky":false,"template":"","format":"standard","meta":{"_acf_changed":false,"pgc_sgb_lightbox_settings":"","footnotes":""},"categories":[1],"tags":[69],"class_list":["post-2682","post","type-post","status-publish","format-standard","has-post-thumbnail","hentry","category-allgemein","tag-justiz-polizei"],"acf":[],"hkrextid":null,"publication":null,"issue":null,"workflow":null,"startPage":null,"spitzmarke":null,"_posts_by_tag_page_fields":{"widget_title":"","widget_tags":""},"_at_widget":"1","_yoast_wpseo_primary_category":"","_yoast_wpseo_focuskw_text_input":"Jugendgewalt","_yoast_wpseo_opengraph-image":"https:\/\/news.save.ch\/wp-content\/uploads\/2016\/12\/Jugendgewalt-geht-erneut-zur\u00fcck_sicherheitsforum-1.jpg","_yoast_wpseo_opengraph-description":"Im Jahr 2015 ging die Zahl der wegen einer Gewaltstraftat bei den Jugendanwaltschaften des Kantons Z\u00fcrich verzeigten Jugendlichen um 14% zur\u00fcck. Bei der Gesamtzahl aller Verzeigungen ist ein leichter Anstieg von 3% zu vermelden.","_yoast_wpseo_opengraph-title":"Jugendgewalt geht erneut zur\u00fcck","enclosure":null,"_yoast_wpseo_twitter-title":null,"_yoast_wpseo_twitter-description":null,"_yoast_wpseo_twitter-image":null,"_wp_old_slug":null,"_yoast_wpseo_title":null,"_yoast_wpseo_canonical":null,"yoast_head":"<!-- This site is optimized with the Yoast SEO plugin v27.5 - https:\/\/yoast.com\/product\/yoast-seo-wordpress\/ -->\n<title>Jugendgewalt geht erneut zur\u00fcck - Save<\/title>\n<meta name=\"description\" content=\"Jugendgewalt: 2015 ging die Zahl der wegen einer Gewaltstraftat bei den Jugendanwaltschaften des Kantons Z\u00fcrich verzeigten Jugendlichen um 14% zur\u00fcck.\" \/>\n<meta name=\"robots\" content=\"index, follow, max-snippet:-1, max-image-preview:large, max-video-preview:-1\" \/>\n<link rel=\"canonical\" href=\"https:\/\/news.save.ch\/fr\/jugendgewalt-geht-erneut-zurueck\/\" \/>\n<meta property=\"og:locale\" content=\"fr_FR\" \/>\n<meta property=\"og:type\" content=\"article\" \/>\n<meta property=\"og:title\" content=\"Jugendgewalt geht erneut zur\u00fcck\" \/>\n<meta property=\"og:description\" content=\"Im Jahr 2015 ging die Zahl der wegen einer Gewaltstraftat bei den Jugendanwaltschaften des Kantons Z\u00fcrich verzeigten Jugendlichen um 14% zur\u00fcck. Bei der Gesamtzahl aller Verzeigungen ist ein leichter Anstieg von 3% zu vermelden.\" \/>\n<meta property=\"og:url\" content=\"https:\/\/news.save.ch\/fr\/jugendgewalt-geht-erneut-zurueck\/\" \/>\n<meta property=\"og:site_name\" content=\"Save\" \/>\n<meta property=\"article:published_time\" content=\"2016-04-29T13:45:32+00:00\" \/>\n<meta property=\"og:image\" content=\"https:\/\/news.save.ch\/wp-content\/uploads\/2016\/12\/Jugendgewalt-geht-erneut-zur\u00fcck_sicherheitsforum-1.jpg\" \/>\n<meta name=\"author\" content=\"admin\" \/>\n<meta name=\"twitter:card\" content=\"summary_large_image\" \/>\n<meta name=\"twitter:label1\" content=\"\u00c9crit par\" \/>\n\t<meta name=\"twitter:data1\" content=\"admin\" \/>\n\t<meta name=\"twitter:label2\" content=\"Dur\u00e9e de lecture estim\u00e9e\" \/>\n\t<meta name=\"twitter:data2\" content=\"2 minutes\" \/>\n<script type=\"application\/ld+json\" class=\"yoast-schema-graph\">{\"@context\":\"https:\\\/\\\/schema.org\",\"@graph\":[{\"@type\":\"Article\",\"@id\":\"https:\\\/\\\/news.save.ch\\\/jugendgewalt-geht-erneut-zurueck\\\/#article\",\"isPartOf\":{\"@id\":\"https:\\\/\\\/news.save.ch\\\/jugendgewalt-geht-erneut-zurueck\\\/\"},\"author\":{\"name\":\"admin\",\"@id\":\"https:\\\/\\\/news.save.ch\\\/de\\\/#\\\/schema\\\/person\\\/d49e199490bad7c70d64b9ab51142f2b\"},\"headline\":\"Jugendgewalt geht erneut zur\u00fcck\",\"datePublished\":\"2016-04-29T13:45:32+00:00\",\"mainEntityOfPage\":{\"@id\":\"https:\\\/\\\/news.save.ch\\\/jugendgewalt-geht-erneut-zurueck\\\/\"},\"wordCount\":378,\"commentCount\":0,\"publisher\":{\"@id\":\"https:\\\/\\\/news.save.ch\\\/de\\\/#organization\"},\"image\":{\"@id\":\"https:\\\/\\\/news.save.ch\\\/jugendgewalt-geht-erneut-zurueck\\\/#primaryimage\"},\"thumbnailUrl\":\"https:\\\/\\\/news.save.ch\\\/wp-content\\\/uploads\\\/2016\\\/12\\\/Jugendgewalt-geht-erneut-zurueck_sicherheitsforum-1.jpg\",\"keywords\":[\"Justiz &amp; Polizei\"],\"articleSection\":[\"ALLGEMEIN\"],\"inLanguage\":\"fr-FR\"},{\"@type\":\"WebPage\",\"@id\":\"https:\\\/\\\/news.save.ch\\\/jugendgewalt-geht-erneut-zurueck\\\/\",\"url\":\"https:\\\/\\\/news.save.ch\\\/jugendgewalt-geht-erneut-zurueck\\\/\",\"name\":\"Jugendgewalt geht erneut zur\u00fcck - Save\",\"isPartOf\":{\"@id\":\"https:\\\/\\\/news.save.ch\\\/de\\\/#website\"},\"primaryImageOfPage\":{\"@id\":\"https:\\\/\\\/news.save.ch\\\/jugendgewalt-geht-erneut-zurueck\\\/#primaryimage\"},\"image\":{\"@id\":\"https:\\\/\\\/news.save.ch\\\/jugendgewalt-geht-erneut-zurueck\\\/#primaryimage\"},\"thumbnailUrl\":\"https:\\\/\\\/news.save.ch\\\/wp-content\\\/uploads\\\/2016\\\/12\\\/Jugendgewalt-geht-erneut-zurueck_sicherheitsforum-1.jpg\",\"datePublished\":\"2016-04-29T13:45:32+00:00\",\"description\":\"Jugendgewalt: 2015 ging die Zahl der wegen einer Gewaltstraftat bei den Jugendanwaltschaften des Kantons Z\u00fcrich verzeigten Jugendlichen um 14% zur\u00fcck.\",\"breadcrumb\":{\"@id\":\"https:\\\/\\\/news.save.ch\\\/jugendgewalt-geht-erneut-zurueck\\\/#breadcrumb\"},\"inLanguage\":\"fr-FR\",\"potentialAction\":[{\"@type\":\"ReadAction\",\"target\":[\"https:\\\/\\\/news.save.ch\\\/jugendgewalt-geht-erneut-zurueck\\\/\"]}]},{\"@type\":\"ImageObject\",\"inLanguage\":\"fr-FR\",\"@id\":\"https:\\\/\\\/news.save.ch\\\/jugendgewalt-geht-erneut-zurueck\\\/#primaryimage\",\"url\":\"https:\\\/\\\/news.save.ch\\\/wp-content\\\/uploads\\\/2016\\\/12\\\/Jugendgewalt-geht-erneut-zurueck_sicherheitsforum-1.jpg\",\"contentUrl\":\"https:\\\/\\\/news.save.ch\\\/wp-content\\\/uploads\\\/2016\\\/12\\\/Jugendgewalt-geht-erneut-zurueck_sicherheitsforum-1.jpg\",\"width\":529,\"height\":343,\"caption\":\"Bei der Gesamtzahl aller Verzeigungen ist ein leichter Anstieg von 3% zu vermelden.\"},{\"@type\":\"BreadcrumbList\",\"@id\":\"https:\\\/\\\/news.save.ch\\\/jugendgewalt-geht-erneut-zurueck\\\/#breadcrumb\",\"itemListElement\":[{\"@type\":\"ListItem\",\"position\":1,\"name\":\"Home\",\"item\":\"https:\\\/\\\/news.save.ch\\\/de\\\/\"},{\"@type\":\"ListItem\",\"position\":2,\"name\":\"Jugendgewalt geht erneut zur\u00fcck\"}]},{\"@type\":\"WebSite\",\"@id\":\"https:\\\/\\\/news.save.ch\\\/de\\\/#website\",\"url\":\"https:\\\/\\\/news.save.ch\\\/de\\\/\",\"name\":\"Save\",\"description\":\"Schweizer Fachzeitschrift f\u00fcr Sicherheit\",\"publisher\":{\"@id\":\"https:\\\/\\\/news.save.ch\\\/de\\\/#organization\"},\"potentialAction\":[{\"@type\":\"SearchAction\",\"target\":{\"@type\":\"EntryPoint\",\"urlTemplate\":\"https:\\\/\\\/news.save.ch\\\/de\\\/?s={search_term_string}\"},\"query-input\":{\"@type\":\"PropertyValueSpecification\",\"valueRequired\":true,\"valueName\":\"search_term_string\"}}],\"inLanguage\":\"fr-FR\"},{\"@type\":\"Organization\",\"@id\":\"https:\\\/\\\/news.save.ch\\\/de\\\/#organization\",\"name\":\"Sicherheitsforum\",\"url\":\"https:\\\/\\\/news.save.ch\\\/de\\\/\",\"logo\":{\"@type\":\"ImageObject\",\"inLanguage\":\"fr-FR\",\"@id\":\"https:\\\/\\\/news.save.ch\\\/de\\\/#\\\/schema\\\/logo\\\/image\\\/\",\"url\":\"https:\\\/\\\/news.save.ch\\\/wp-content\\\/uploads\\\/2022\\\/06\\\/Logo_SF_2012.png\",\"contentUrl\":\"https:\\\/\\\/news.save.ch\\\/wp-content\\\/uploads\\\/2022\\\/06\\\/Logo_SF_2012.png\",\"width\":1100,\"height\":91,\"caption\":\"Sicherheitsforum\"},\"image\":{\"@id\":\"https:\\\/\\\/news.save.ch\\\/de\\\/#\\\/schema\\\/logo\\\/image\\\/\"}},{\"@type\":\"Person\",\"@id\":\"https:\\\/\\\/news.save.ch\\\/de\\\/#\\\/schema\\\/person\\\/d49e199490bad7c70d64b9ab51142f2b\",\"name\":\"admin\",\"image\":{\"@type\":\"ImageObject\",\"inLanguage\":\"fr-FR\",\"@id\":\"https:\\\/\\\/secure.gravatar.com\\\/avatar\\\/ae2f4d718e6c49043e314ce431e7e645d646302a24a5ef5a8bc8e3f5a032e319?s=96&d=mm&r=g\",\"url\":\"https:\\\/\\\/secure.gravatar.com\\\/avatar\\\/ae2f4d718e6c49043e314ce431e7e645d646302a24a5ef5a8bc8e3f5a032e319?s=96&d=mm&r=g\",\"contentUrl\":\"https:\\\/\\\/secure.gravatar.com\\\/avatar\\\/ae2f4d718e6c49043e314ce431e7e645d646302a24a5ef5a8bc8e3f5a032e319?s=96&d=mm&r=g\",\"caption\":\"admin\"},\"sameAs\":[\"https:\\\/\\\/develop.organisator.galledia.ch\"],\"url\":\"https:\\\/\\\/news.save.ch\\\/fr\\\/author\\\/admin\\\/\"}]}<\/script>\n<!-- \/ Yoast SEO plugin. -->","yoast_head_json":{"title":"La violence des jeunes recule \u00e0 nouveau - Save","description":"Violence des jeunes : en 2015, le nombre de jeunes d\u00e9nonc\u00e9s pour une infraction violente aupr\u00e8s des tribunaux des mineurs du canton de Zurich a diminu\u00e9 de 14%.","robots":{"index":"index","follow":"follow","max-snippet":"max-snippet:-1","max-image-preview":"max-image-preview:large","max-video-preview":"max-video-preview:-1"},"canonical":"https:\/\/news.save.ch\/fr\/jugendgewalt-geht-erneut-zurueck\/","og_locale":"fr_FR","og_type":"article","og_title":"Jugendgewalt geht erneut zur\u00fcck","og_description":"Im Jahr 2015 ging die Zahl der wegen einer Gewaltstraftat bei den Jugendanwaltschaften des Kantons Z\u00fcrich verzeigten Jugendlichen um 14% zur\u00fcck. Bei der Gesamtzahl aller Verzeigungen ist ein leichter Anstieg von 3% zu vermelden.","og_url":"https:\/\/news.save.ch\/fr\/jugendgewalt-geht-erneut-zurueck\/","og_site_name":"Save","article_published_time":"2016-04-29T13:45:32+00:00","og_image":[{"url":"https:\/\/news.save.ch\/wp-content\/uploads\/2016\/12\/Jugendgewalt-geht-erneut-zur\u00fcck_sicherheitsforum-1.jpg","type":"","width":"","height":""}],"author":"admin","twitter_card":"summary_large_image","twitter_misc":{"\u00c9crit par":"admin","Dur\u00e9e de lecture estim\u00e9e":"2 minutes"},"schema":{"@context":"https:\/\/schema.org","@graph":[{"@type":"Article","@id":"https:\/\/news.save.ch\/jugendgewalt-geht-erneut-zurueck\/#article","isPartOf":{"@id":"https:\/\/news.save.ch\/jugendgewalt-geht-erneut-zurueck\/"},"author":{"name":"admin","@id":"https:\/\/news.save.ch\/de\/#\/schema\/person\/d49e199490bad7c70d64b9ab51142f2b"},"headline":"Jugendgewalt geht erneut zur\u00fcck","datePublished":"2016-04-29T13:45:32+00:00","mainEntityOfPage":{"@id":"https:\/\/news.save.ch\/jugendgewalt-geht-erneut-zurueck\/"},"wordCount":378,"commentCount":0,"publisher":{"@id":"https:\/\/news.save.ch\/de\/#organization"},"image":{"@id":"https:\/\/news.save.ch\/jugendgewalt-geht-erneut-zurueck\/#primaryimage"},"thumbnailUrl":"https:\/\/news.save.ch\/wp-content\/uploads\/2016\/12\/Jugendgewalt-geht-erneut-zurueck_sicherheitsforum-1.jpg","keywords":["Justiz &amp; Polizei"],"articleSection":["ALLGEMEIN"],"inLanguage":"fr-FR"},{"@type":"WebPage","@id":"https:\/\/news.save.ch\/jugendgewalt-geht-erneut-zurueck\/","url":"https:\/\/news.save.ch\/jugendgewalt-geht-erneut-zurueck\/","name":"La violence des jeunes recule \u00e0 nouveau - Save","isPartOf":{"@id":"https:\/\/news.save.ch\/de\/#website"},"primaryImageOfPage":{"@id":"https:\/\/news.save.ch\/jugendgewalt-geht-erneut-zurueck\/#primaryimage"},"image":{"@id":"https:\/\/news.save.ch\/jugendgewalt-geht-erneut-zurueck\/#primaryimage"},"thumbnailUrl":"https:\/\/news.save.ch\/wp-content\/uploads\/2016\/12\/Jugendgewalt-geht-erneut-zurueck_sicherheitsforum-1.jpg","datePublished":"2016-04-29T13:45:32+00:00","description":"Violence des jeunes : en 2015, le nombre de jeunes d\u00e9nonc\u00e9s pour une infraction violente aupr\u00e8s des tribunaux des mineurs du canton de Zurich a diminu\u00e9 de 14%.","breadcrumb":{"@id":"https:\/\/news.save.ch\/jugendgewalt-geht-erneut-zurueck\/#breadcrumb"},"inLanguage":"fr-FR","potentialAction":[{"@type":"ReadAction","target":["https:\/\/news.save.ch\/jugendgewalt-geht-erneut-zurueck\/"]}]},{"@type":"ImageObject","inLanguage":"fr-FR","@id":"https:\/\/news.save.ch\/jugendgewalt-geht-erneut-zurueck\/#primaryimage","url":"https:\/\/news.save.ch\/wp-content\/uploads\/2016\/12\/Jugendgewalt-geht-erneut-zurueck_sicherheitsforum-1.jpg","contentUrl":"https:\/\/news.save.ch\/wp-content\/uploads\/2016\/12\/Jugendgewalt-geht-erneut-zurueck_sicherheitsforum-1.jpg","width":529,"height":343,"caption":"Bei der Gesamtzahl aller Verzeigungen ist ein leichter Anstieg von 3% zu vermelden."},{"@type":"BreadcrumbList","@id":"https:\/\/news.save.ch\/jugendgewalt-geht-erneut-zurueck\/#breadcrumb","itemListElement":[{"@type":"ListItem","position":1,"name":"Home","item":"https:\/\/news.save.ch\/de\/"},{"@type":"ListItem","position":2,"name":"Jugendgewalt geht erneut zur\u00fcck"}]},{"@type":"WebSite","@id":"https:\/\/news.save.ch\/de\/#website","url":"https:\/\/news.save.ch\/de\/","name":"Save","description":"Revue suisse sp\u00e9cialis\u00e9e dans la s\u00e9curit\u00e9","publisher":{"@id":"https:\/\/news.save.ch\/de\/#organization"},"potentialAction":[{"@type":"SearchAction","target":{"@type":"EntryPoint","urlTemplate":"https:\/\/news.save.ch\/de\/?s={search_term_string}"},"query-input":{"@type":"PropertyValueSpecification","valueRequired":true,"valueName":"search_term_string"}}],"inLanguage":"fr-FR"},{"@type":"Organization","@id":"https:\/\/news.save.ch\/de\/#organization","name":"Forum sur la s\u00e9curit\u00e9","url":"https:\/\/news.save.ch\/de\/","logo":{"@type":"ImageObject","inLanguage":"fr-FR","@id":"https:\/\/news.save.ch\/de\/#\/schema\/logo\/image\/","url":"https:\/\/news.save.ch\/wp-content\/uploads\/2022\/06\/Logo_SF_2012.png","contentUrl":"https:\/\/news.save.ch\/wp-content\/uploads\/2022\/06\/Logo_SF_2012.png","width":1100,"height":91,"caption":"Sicherheitsforum"},"image":{"@id":"https:\/\/news.save.ch\/de\/#\/schema\/logo\/image\/"}},{"@type":"Person","@id":"https:\/\/news.save.ch\/de\/#\/schema\/person\/d49e199490bad7c70d64b9ab51142f2b","name":"admin","image":{"@type":"ImageObject","inLanguage":"fr-FR","@id":"https:\/\/secure.gravatar.com\/avatar\/ae2f4d718e6c49043e314ce431e7e645d646302a24a5ef5a8bc8e3f5a032e319?s=96&d=mm&r=g","url":"https:\/\/secure.gravatar.com\/avatar\/ae2f4d718e6c49043e314ce431e7e645d646302a24a5ef5a8bc8e3f5a032e319?s=96&d=mm&r=g","contentUrl":"https:\/\/secure.gravatar.com\/avatar\/ae2f4d718e6c49043e314ce431e7e645d646302a24a5ef5a8bc8e3f5a032e319?s=96&d=mm&r=g","caption":"admin"},"sameAs":["https:\/\/develop.organisator.galledia.ch"],"url":"https:\/\/news.save.ch\/fr\/author\/admin\/"}]}},"_links":{"self":[{"href":"https:\/\/news.save.ch\/fr\/wp-json\/wp\/v2\/posts\/2682","targetHints":{"allow":["GET"]}}],"collection":[{"href":"https:\/\/news.save.ch\/fr\/wp-json\/wp\/v2\/posts"}],"about":[{"href":"https:\/\/news.save.ch\/fr\/wp-json\/wp\/v2\/types\/post"}],"author":[{"embeddable":true,"href":"https:\/\/news.save.ch\/fr\/wp-json\/wp\/v2\/users\/1"}],"replies":[{"embeddable":true,"href":"https:\/\/news.save.ch\/fr\/wp-json\/wp\/v2\/comments?post=2682"}],"version-history":[{"count":0,"href":"https:\/\/news.save.ch\/fr\/wp-json\/wp\/v2\/posts\/2682\/revisions"}],"wp:featuredmedia":[{"embeddable":true,"href":"https:\/\/news.save.ch\/fr\/wp-json\/wp\/v2\/media\/2684"}],"wp:attachment":[{"href":"https:\/\/news.save.ch\/fr\/wp-json\/wp\/v2\/media?parent=2682"}],"wp:term":[{"taxonomy":"category","embeddable":true,"href":"https:\/\/news.save.ch\/fr\/wp-json\/wp\/v2\/categories?post=2682"},{"taxonomy":"post_tag","embeddable":true,"href":"https:\/\/news.save.ch\/fr\/wp-json\/wp\/v2\/tags?post=2682"}],"curies":[{"name":"wp","href":"https:\/\/api.w.org\/{rel}","templated":true}]}}