{"id":2687,"date":"2016-04-28T15:47:43","date_gmt":"2016-04-28T13:47:43","guid":{"rendered":"https:\/\/dev.sicherheitsforum.ch\/?p=2687"},"modified":"2016-04-28T15:47:43","modified_gmt":"2016-04-28T13:47:43","slug":"bosch-mit-rekordjahr","status":null,"type":"post","link":"https:\/\/news.save.ch\/fr\/bosch-mit-rekordjahr\/","title":{"rendered":"Une ann\u00e9e record pour Bosch"},"content":{"rendered":"<figure id=\"attachment_2688\" aria-describedby=\"caption-attachment-2688\" style=\"width: 680px\" class=\"wp-caption alignnone\"><img loading=\"lazy\" decoding=\"async\" class=\"wp-image-2688 size-medium\" src=\"https:\/\/news.save.ch\/wp-content\/uploads\/2016\/12\/Bosch-mit-Rekordjahr_sicherheitsforum.jpg\" width=\"680\" height=\"491\" \/><figcaption id=\"caption-attachment-2688\" class=\"wp-caption-text\">La maison doit \u00e9galement \u00eatre de plus en plus connect\u00e9e dans le cadre de la maison intelligente.<\/figcaption><\/figure>\n<p>Le chiffre d'affaires de la <a href=\"https:\/\/www.bosch.com\" target=\"_blank\" data-cke-saved-href=\"https:\/\/www.bosch.com\" rel=\"noopener\">Bosch<\/a>-Le chiffre d'affaires du groupe a atteint un record historique de 70,6 milliards d'euros au cours de l'exercice 2015. Le groupe a \u00e9galement connu une forte croissance op\u00e9rationnelle et a r\u00e9alis\u00e9 une augmentation du chiffre d'affaires de 10% en termes comparables. Corrig\u00e9e des effets de change, la croissance du chiffre d'affaires a \u00e9t\u00e9 de 3,81 TP2T. A l'exception de la division Industrial Technology, toutes les divisions ont enregistr\u00e9 une croissance \u00e0 deux chiffres en 2015 et sont parvenues \u00e0 am\u00e9liorer leurs r\u00e9sultats, selon les informations communiqu\u00e9es. En cons\u00e9quence, la situation des r\u00e9sultats de l'ensemble du Groupe Bosch s'est \u00e0 nouveau am\u00e9lior\u00e9e en 2015. L'entreprise de technologie et de services a r\u00e9alis\u00e9 en 2015 un r\u00e9sultat avant r\u00e9sultat financier et imp\u00f4ts (EBIT) de 4,6 milliards d'euros, soit un rendement de l'EBIT de 6,5%. En comparaison annuelle, l'EBIT op\u00e9rationnel a ainsi augment\u00e9 d'environ 0,9 milliard d'euros, soit 24%.<\/p>\n<p>Malgr\u00e9 des perspectives conjoncturelles mod\u00e9r\u00e9es et des incertitudes g\u00e9opolitiques, l'entreprise de technologie et de services pr\u00e9voit une croissance de son chiffre d'affaires comprise entre 3 et 5% pour l'ann\u00e9e en cours.<\/p>\n<p><strong>Syst\u00e8me smart home : le d\u00e9tecteur d'espace s'ajoute \u00e0 la liste<\/strong><\/p>\n<p>Dans la maison intelligente \u00e9galement, une mise en r\u00e9seau croissante apportera plus de confort de vie et de soulagement, comme l'\u00e9crit Bosch. Depuis le d\u00e9but de l'ann\u00e9e, l'entreprise propose d\u00e9j\u00e0 une solution simple et s\u00fbre pour la maison intelligente avec son syst\u00e8me Smart Home. D'autres produits pour ce syst\u00e8me suivront dans le courant de l'ann\u00e9e : Entre autres, un d\u00e9tecteur de fum\u00e9e qui, au-del\u00e0 de sa fonction premi\u00e8re, assure \u00e9galement une plus grande s\u00e9curit\u00e9, par exemple pendant les vacances, comme le fait savoir le fournisseur. Pour la maison intelligente, Bosch pr\u00e9voit d\u00e8s 2017 un potentiel de march\u00e9 mondial de dix milliards d'euros. D'ici 2020, environ 230 millions de foyers, soit 15% de tous les foyers, seront \u00e9quip\u00e9s de solutions Smart Home, selon Bosch.<\/p>","protected":false},"excerpt":{"rendered":"<p>Der Umsatz der Bosch-Gruppe erreichte im Gesch\u00e4ftsjahr 2015 mit 70,6 Milliarden Euro einen historischen H\u00f6chstwert. Auch operativ ist der Konzern stark gewachsen und hat vergleichbar gerechnet ein Umsatzplus von 10% erzielt. Bereinigt um Wechselkurseffekte lag das Umsatzwachstum bei 3,8%. Bis auf den Unternehmensbereich Industrial Technology sind 2015 alle Unternehmensbereiche zweistellig gewachsen und konnten ihr Ergebnis [&hellip;]<\/p>\n","protected":false},"author":1,"featured_media":2688,"comment_status":"open","ping_status":"open","sticky":false,"template":"","format":"standard","meta":{"_acf_changed":false,"pgc_sgb_lightbox_settings":"","footnotes":""},"categories":[1],"tags":[65],"class_list":["post-2687","post","type-post","status-publish","format-standard","has-post-thumbnail","hentry","category-allgemein","tag-unternehmen"],"acf":[],"hkrextid":null,"publication":null,"issue":null,"workflow":null,"startPage":null,"spitzmarke":null,"_posts_by_tag_page_fields":{"widget_title":"","widget_tags":""},"_at_widget":"1","_yoast_wpseo_primary_category":"","_yoast_wpseo_focuskw_text_input":"Bosch","_yoast_wpseo_opengraph-image":"https:\/\/news.save.ch\/wp-content\/uploads\/2016\/12\/Bosch-mit-Rekordjahr_sicherheitsforum.jpg","_yoast_wpseo_opengraph-description":"Die Bosch-Gruppe pr\u00e4sentierte diese Woche ein Rekordergebnis f\u00fcr das Gesch\u00e4ftsjahr 2015.","_yoast_wpseo_opengraph-title":"Bosch mit Rekordjahr","enclosure":null,"_yoast_wpseo_twitter-title":null,"_yoast_wpseo_twitter-description":null,"_yoast_wpseo_twitter-image":null,"_wp_old_slug":null,"_yoast_wpseo_title":null,"_yoast_wpseo_canonical":null,"yoast_head":"<!-- This site is optimized with the Yoast SEO plugin v27.5 - https:\/\/yoast.com\/product\/yoast-seo-wordpress\/ -->\n<title>Bosch mit Rekordjahr - Save<\/title>\n<meta name=\"description\" content=\"Die Bosch-Gruppe pr\u00e4sentierte diese Woche ein Rekordergebnis f\u00fcr das Gesch\u00e4ftsjahr 2015.\" \/>\n<meta name=\"robots\" content=\"index, follow, max-snippet:-1, max-image-preview:large, max-video-preview:-1\" \/>\n<link rel=\"canonical\" href=\"https:\/\/news.save.ch\/fr\/bosch-mit-rekordjahr\/\" \/>\n<meta property=\"og:locale\" content=\"fr_FR\" \/>\n<meta property=\"og:type\" content=\"article\" \/>\n<meta property=\"og:title\" content=\"Bosch mit Rekordjahr\" \/>\n<meta property=\"og:description\" content=\"Die Bosch-Gruppe pr\u00e4sentierte diese Woche ein Rekordergebnis f\u00fcr das Gesch\u00e4ftsjahr 2015.\" \/>\n<meta property=\"og:url\" content=\"https:\/\/news.save.ch\/fr\/bosch-mit-rekordjahr\/\" \/>\n<meta property=\"og:site_name\" content=\"Save\" \/>\n<meta property=\"article:published_time\" content=\"2016-04-28T13:47:43+00:00\" \/>\n<meta property=\"og:image\" content=\"https:\/\/news.save.ch\/wp-content\/uploads\/2016\/12\/Bosch-mit-Rekordjahr_sicherheitsforum.jpg\" \/>\n<meta name=\"author\" content=\"admin\" \/>\n<meta name=\"twitter:card\" content=\"summary_large_image\" \/>\n<meta name=\"twitter:label1\" content=\"\u00c9crit par\" \/>\n\t<meta name=\"twitter:data1\" content=\"admin\" \/>\n\t<meta name=\"twitter:label2\" content=\"Dur\u00e9e de lecture estim\u00e9e\" \/>\n\t<meta name=\"twitter:data2\" content=\"1 minute\" \/>\n<script type=\"application\/ld+json\" class=\"yoast-schema-graph\">{\"@context\":\"https:\\\/\\\/schema.org\",\"@graph\":[{\"@type\":\"Article\",\"@id\":\"https:\\\/\\\/news.save.ch\\\/bosch-mit-rekordjahr\\\/#article\",\"isPartOf\":{\"@id\":\"https:\\\/\\\/news.save.ch\\\/bosch-mit-rekordjahr\\\/\"},\"author\":{\"name\":\"admin\",\"@id\":\"https:\\\/\\\/news.save.ch\\\/de\\\/#\\\/schema\\\/person\\\/d49e199490bad7c70d64b9ab51142f2b\"},\"headline\":\"Bosch mit Rekordjahr\",\"datePublished\":\"2016-04-28T13:47:43+00:00\",\"mainEntityOfPage\":{\"@id\":\"https:\\\/\\\/news.save.ch\\\/bosch-mit-rekordjahr\\\/\"},\"wordCount\":264,\"commentCount\":0,\"publisher\":{\"@id\":\"https:\\\/\\\/news.save.ch\\\/de\\\/#organization\"},\"image\":{\"@id\":\"https:\\\/\\\/news.save.ch\\\/bosch-mit-rekordjahr\\\/#primaryimage\"},\"thumbnailUrl\":\"https:\\\/\\\/news.save.ch\\\/wp-content\\\/uploads\\\/2016\\\/12\\\/Bosch-mit-Rekordjahr_sicherheitsforum-scaled.jpg\",\"keywords\":[\"Unternehmen\"],\"articleSection\":[\"ALLGEMEIN\"],\"inLanguage\":\"fr-FR\"},{\"@type\":\"WebPage\",\"@id\":\"https:\\\/\\\/news.save.ch\\\/bosch-mit-rekordjahr\\\/\",\"url\":\"https:\\\/\\\/news.save.ch\\\/bosch-mit-rekordjahr\\\/\",\"name\":\"Bosch mit Rekordjahr - Save\",\"isPartOf\":{\"@id\":\"https:\\\/\\\/news.save.ch\\\/de\\\/#website\"},\"primaryImageOfPage\":{\"@id\":\"https:\\\/\\\/news.save.ch\\\/bosch-mit-rekordjahr\\\/#primaryimage\"},\"image\":{\"@id\":\"https:\\\/\\\/news.save.ch\\\/bosch-mit-rekordjahr\\\/#primaryimage\"},\"thumbnailUrl\":\"https:\\\/\\\/news.save.ch\\\/wp-content\\\/uploads\\\/2016\\\/12\\\/Bosch-mit-Rekordjahr_sicherheitsforum-scaled.jpg\",\"datePublished\":\"2016-04-28T13:47:43+00:00\",\"description\":\"Die Bosch-Gruppe pr\u00e4sentierte diese Woche ein Rekordergebnis f\u00fcr das Gesch\u00e4ftsjahr 2015.\",\"breadcrumb\":{\"@id\":\"https:\\\/\\\/news.save.ch\\\/bosch-mit-rekordjahr\\\/#breadcrumb\"},\"inLanguage\":\"fr-FR\",\"potentialAction\":[{\"@type\":\"ReadAction\",\"target\":[\"https:\\\/\\\/news.save.ch\\\/bosch-mit-rekordjahr\\\/\"]}]},{\"@type\":\"ImageObject\",\"inLanguage\":\"fr-FR\",\"@id\":\"https:\\\/\\\/news.save.ch\\\/bosch-mit-rekordjahr\\\/#primaryimage\",\"url\":\"https:\\\/\\\/news.save.ch\\\/wp-content\\\/uploads\\\/2016\\\/12\\\/Bosch-mit-Rekordjahr_sicherheitsforum-scaled.jpg\",\"contentUrl\":\"https:\\\/\\\/news.save.ch\\\/wp-content\\\/uploads\\\/2016\\\/12\\\/Bosch-mit-Rekordjahr_sicherheitsforum-scaled.jpg\",\"width\":1400,\"height\":1011,\"caption\":\"Auch das Zuhause soll im Rahmen von Smart Home zunehmend vernetzt werden.\"},{\"@type\":\"BreadcrumbList\",\"@id\":\"https:\\\/\\\/news.save.ch\\\/bosch-mit-rekordjahr\\\/#breadcrumb\",\"itemListElement\":[{\"@type\":\"ListItem\",\"position\":1,\"name\":\"Home\",\"item\":\"https:\\\/\\\/news.save.ch\\\/de\\\/\"},{\"@type\":\"ListItem\",\"position\":2,\"name\":\"Bosch mit Rekordjahr\"}]},{\"@type\":\"WebSite\",\"@id\":\"https:\\\/\\\/news.save.ch\\\/de\\\/#website\",\"url\":\"https:\\\/\\\/news.save.ch\\\/de\\\/\",\"name\":\"Save\",\"description\":\"Schweizer Fachzeitschrift f\u00fcr Sicherheit\",\"publisher\":{\"@id\":\"https:\\\/\\\/news.save.ch\\\/de\\\/#organization\"},\"potentialAction\":[{\"@type\":\"SearchAction\",\"target\":{\"@type\":\"EntryPoint\",\"urlTemplate\":\"https:\\\/\\\/news.save.ch\\\/de\\\/?s={search_term_string}\"},\"query-input\":{\"@type\":\"PropertyValueSpecification\",\"valueRequired\":true,\"valueName\":\"search_term_string\"}}],\"inLanguage\":\"fr-FR\"},{\"@type\":\"Organization\",\"@id\":\"https:\\\/\\\/news.save.ch\\\/de\\\/#organization\",\"name\":\"Sicherheitsforum\",\"url\":\"https:\\\/\\\/news.save.ch\\\/de\\\/\",\"logo\":{\"@type\":\"ImageObject\",\"inLanguage\":\"fr-FR\",\"@id\":\"https:\\\/\\\/news.save.ch\\\/de\\\/#\\\/schema\\\/logo\\\/image\\\/\",\"url\":\"https:\\\/\\\/news.save.ch\\\/wp-content\\\/uploads\\\/2022\\\/06\\\/Logo_SF_2012.png\",\"contentUrl\":\"https:\\\/\\\/news.save.ch\\\/wp-content\\\/uploads\\\/2022\\\/06\\\/Logo_SF_2012.png\",\"width\":1100,\"height\":91,\"caption\":\"Sicherheitsforum\"},\"image\":{\"@id\":\"https:\\\/\\\/news.save.ch\\\/de\\\/#\\\/schema\\\/logo\\\/image\\\/\"}},{\"@type\":\"Person\",\"@id\":\"https:\\\/\\\/news.save.ch\\\/de\\\/#\\\/schema\\\/person\\\/d49e199490bad7c70d64b9ab51142f2b\",\"name\":\"admin\",\"image\":{\"@type\":\"ImageObject\",\"inLanguage\":\"fr-FR\",\"@id\":\"https:\\\/\\\/secure.gravatar.com\\\/avatar\\\/ae2f4d718e6c49043e314ce431e7e645d646302a24a5ef5a8bc8e3f5a032e319?s=96&d=mm&r=g\",\"url\":\"https:\\\/\\\/secure.gravatar.com\\\/avatar\\\/ae2f4d718e6c49043e314ce431e7e645d646302a24a5ef5a8bc8e3f5a032e319?s=96&d=mm&r=g\",\"contentUrl\":\"https:\\\/\\\/secure.gravatar.com\\\/avatar\\\/ae2f4d718e6c49043e314ce431e7e645d646302a24a5ef5a8bc8e3f5a032e319?s=96&d=mm&r=g\",\"caption\":\"admin\"},\"sameAs\":[\"https:\\\/\\\/develop.organisator.galledia.ch\"],\"url\":\"https:\\\/\\\/news.save.ch\\\/fr\\\/author\\\/admin\\\/\"}]}<\/script>\n<!-- \/ Yoast SEO plugin. -->","yoast_head_json":{"title":"Une ann\u00e9e record pour Bosch - Save","description":"Le groupe Bosch a pr\u00e9sent\u00e9 cette semaine des r\u00e9sultats records pour l'exercice 2015.","robots":{"index":"index","follow":"follow","max-snippet":"max-snippet:-1","max-image-preview":"max-image-preview:large","max-video-preview":"max-video-preview:-1"},"canonical":"https:\/\/news.save.ch\/fr\/bosch-mit-rekordjahr\/","og_locale":"fr_FR","og_type":"article","og_title":"Bosch mit Rekordjahr","og_description":"Die Bosch-Gruppe pr\u00e4sentierte diese Woche ein Rekordergebnis f\u00fcr das Gesch\u00e4ftsjahr 2015.","og_url":"https:\/\/news.save.ch\/fr\/bosch-mit-rekordjahr\/","og_site_name":"Save","article_published_time":"2016-04-28T13:47:43+00:00","og_image":[{"url":"https:\/\/news.save.ch\/wp-content\/uploads\/2016\/12\/Bosch-mit-Rekordjahr_sicherheitsforum.jpg","type":"","width":"","height":""}],"author":"admin","twitter_card":"summary_large_image","twitter_misc":{"\u00c9crit par":"admin","Dur\u00e9e de lecture estim\u00e9e":"1 minute"},"schema":{"@context":"https:\/\/schema.org","@graph":[{"@type":"Article","@id":"https:\/\/news.save.ch\/bosch-mit-rekordjahr\/#article","isPartOf":{"@id":"https:\/\/news.save.ch\/bosch-mit-rekordjahr\/"},"author":{"name":"admin","@id":"https:\/\/news.save.ch\/de\/#\/schema\/person\/d49e199490bad7c70d64b9ab51142f2b"},"headline":"Bosch mit Rekordjahr","datePublished":"2016-04-28T13:47:43+00:00","mainEntityOfPage":{"@id":"https:\/\/news.save.ch\/bosch-mit-rekordjahr\/"},"wordCount":264,"commentCount":0,"publisher":{"@id":"https:\/\/news.save.ch\/de\/#organization"},"image":{"@id":"https:\/\/news.save.ch\/bosch-mit-rekordjahr\/#primaryimage"},"thumbnailUrl":"https:\/\/news.save.ch\/wp-content\/uploads\/2016\/12\/Bosch-mit-Rekordjahr_sicherheitsforum-scaled.jpg","keywords":["Unternehmen"],"articleSection":["ALLGEMEIN"],"inLanguage":"fr-FR"},{"@type":"WebPage","@id":"https:\/\/news.save.ch\/bosch-mit-rekordjahr\/","url":"https:\/\/news.save.ch\/bosch-mit-rekordjahr\/","name":"Une ann\u00e9e record pour Bosch - Save","isPartOf":{"@id":"https:\/\/news.save.ch\/de\/#website"},"primaryImageOfPage":{"@id":"https:\/\/news.save.ch\/bosch-mit-rekordjahr\/#primaryimage"},"image":{"@id":"https:\/\/news.save.ch\/bosch-mit-rekordjahr\/#primaryimage"},"thumbnailUrl":"https:\/\/news.save.ch\/wp-content\/uploads\/2016\/12\/Bosch-mit-Rekordjahr_sicherheitsforum-scaled.jpg","datePublished":"2016-04-28T13:47:43+00:00","description":"Le groupe Bosch a pr\u00e9sent\u00e9 cette semaine des r\u00e9sultats records pour l'exercice 2015.","breadcrumb":{"@id":"https:\/\/news.save.ch\/bosch-mit-rekordjahr\/#breadcrumb"},"inLanguage":"fr-FR","potentialAction":[{"@type":"ReadAction","target":["https:\/\/news.save.ch\/bosch-mit-rekordjahr\/"]}]},{"@type":"ImageObject","inLanguage":"fr-FR","@id":"https:\/\/news.save.ch\/bosch-mit-rekordjahr\/#primaryimage","url":"https:\/\/news.save.ch\/wp-content\/uploads\/2016\/12\/Bosch-mit-Rekordjahr_sicherheitsforum-scaled.jpg","contentUrl":"https:\/\/news.save.ch\/wp-content\/uploads\/2016\/12\/Bosch-mit-Rekordjahr_sicherheitsforum-scaled.jpg","width":1400,"height":1011,"caption":"Auch das Zuhause soll im Rahmen von Smart Home zunehmend vernetzt werden."},{"@type":"BreadcrumbList","@id":"https:\/\/news.save.ch\/bosch-mit-rekordjahr\/#breadcrumb","itemListElement":[{"@type":"ListItem","position":1,"name":"Home","item":"https:\/\/news.save.ch\/de\/"},{"@type":"ListItem","position":2,"name":"Bosch mit Rekordjahr"}]},{"@type":"WebSite","@id":"https:\/\/news.save.ch\/de\/#website","url":"https:\/\/news.save.ch\/de\/","name":"Save","description":"Revue suisse sp\u00e9cialis\u00e9e dans la s\u00e9curit\u00e9","publisher":{"@id":"https:\/\/news.save.ch\/de\/#organization"},"potentialAction":[{"@type":"SearchAction","target":{"@type":"EntryPoint","urlTemplate":"https:\/\/news.save.ch\/de\/?s={search_term_string}"},"query-input":{"@type":"PropertyValueSpecification","valueRequired":true,"valueName":"search_term_string"}}],"inLanguage":"fr-FR"},{"@type":"Organization","@id":"https:\/\/news.save.ch\/de\/#organization","name":"Forum sur la s\u00e9curit\u00e9","url":"https:\/\/news.save.ch\/de\/","logo":{"@type":"ImageObject","inLanguage":"fr-FR","@id":"https:\/\/news.save.ch\/de\/#\/schema\/logo\/image\/","url":"https:\/\/news.save.ch\/wp-content\/uploads\/2022\/06\/Logo_SF_2012.png","contentUrl":"https:\/\/news.save.ch\/wp-content\/uploads\/2022\/06\/Logo_SF_2012.png","width":1100,"height":91,"caption":"Sicherheitsforum"},"image":{"@id":"https:\/\/news.save.ch\/de\/#\/schema\/logo\/image\/"}},{"@type":"Person","@id":"https:\/\/news.save.ch\/de\/#\/schema\/person\/d49e199490bad7c70d64b9ab51142f2b","name":"admin","image":{"@type":"ImageObject","inLanguage":"fr-FR","@id":"https:\/\/secure.gravatar.com\/avatar\/ae2f4d718e6c49043e314ce431e7e645d646302a24a5ef5a8bc8e3f5a032e319?s=96&d=mm&r=g","url":"https:\/\/secure.gravatar.com\/avatar\/ae2f4d718e6c49043e314ce431e7e645d646302a24a5ef5a8bc8e3f5a032e319?s=96&d=mm&r=g","contentUrl":"https:\/\/secure.gravatar.com\/avatar\/ae2f4d718e6c49043e314ce431e7e645d646302a24a5ef5a8bc8e3f5a032e319?s=96&d=mm&r=g","caption":"admin"},"sameAs":["https:\/\/develop.organisator.galledia.ch"],"url":"https:\/\/news.save.ch\/fr\/author\/admin\/"}]}},"_links":{"self":[{"href":"https:\/\/news.save.ch\/fr\/wp-json\/wp\/v2\/posts\/2687","targetHints":{"allow":["GET"]}}],"collection":[{"href":"https:\/\/news.save.ch\/fr\/wp-json\/wp\/v2\/posts"}],"about":[{"href":"https:\/\/news.save.ch\/fr\/wp-json\/wp\/v2\/types\/post"}],"author":[{"embeddable":true,"href":"https:\/\/news.save.ch\/fr\/wp-json\/wp\/v2\/users\/1"}],"replies":[{"embeddable":true,"href":"https:\/\/news.save.ch\/fr\/wp-json\/wp\/v2\/comments?post=2687"}],"version-history":[{"count":0,"href":"https:\/\/news.save.ch\/fr\/wp-json\/wp\/v2\/posts\/2687\/revisions"}],"wp:featuredmedia":[{"embeddable":true,"href":"https:\/\/news.save.ch\/fr\/wp-json\/wp\/v2\/media\/2688"}],"wp:attachment":[{"href":"https:\/\/news.save.ch\/fr\/wp-json\/wp\/v2\/media?parent=2687"}],"wp:term":[{"taxonomy":"category","embeddable":true,"href":"https:\/\/news.save.ch\/fr\/wp-json\/wp\/v2\/categories?post=2687"},{"taxonomy":"post_tag","embeddable":true,"href":"https:\/\/news.save.ch\/fr\/wp-json\/wp\/v2\/tags?post=2687"}],"curies":[{"name":"wp","href":"https:\/\/api.w.org\/{rel}","templated":true}]}}