{"id":271,"date":"2015-03-23T08:29:44","date_gmt":"2015-03-23T07:29:44","guid":{"rendered":"https:\/\/dev.sicherheitsforum.ch\/?p=271"},"modified":"2023-03-14T08:57:43","modified_gmt":"2023-03-14T07:57:43","slug":"ueberwachung-und-sicherheit-von-immobilien","status":null,"type":"post","link":"https:\/\/news.save.ch\/fr\/ueberwachung-und-sicherheit-von-immobilien\/","title":{"rendered":"Surveillance et s\u00e9curit\u00e9 des biens immobiliers"},"content":{"rendered":"<figure id=\"attachment_272\" aria-describedby=\"caption-attachment-272\" style=\"width: 680px\" class=\"wp-caption alignnone\"><img loading=\"lazy\" decoding=\"async\" class=\"size-medium wp-image-272\" src=\"https:\/\/sicherheitsforum.ch\/wp-content\/uploads\/2016\/12\/\u00dcberwachung-und-Sicherheit-von-Immobilien-it-security.jpg\" alt=\"Les nouvelles menaces proviennent \u00e9galement d&#039;Internet.\" width=\"680\" height=\"680\" \/><figcaption id=\"caption-attachment-272\" class=\"wp-caption-text\">Les nouvelles menaces proviennent \u00e9galement d'Internet.<\/figcaption><\/figure>\n<p>La s\u00e9curit\u00e9 est un th\u00e8me de plus en plus important dans le secteur immobilier. D'une part, les contr\u00f4les d'acc\u00e8s et la surveillance des installations physiques sont importants. D'autre part, la s\u00e9curit\u00e9 des utilisateurs (par exemple en cas d'incendie ou de tremblement de terre) prend de plus en plus d'importance. Mais de nouvelles menaces proviennent \u00e9galement d'Internet : Des pirates informatiques chevronn\u00e9s peuvent prendre le contr\u00f4le des syst\u00e8mes de commande et obtenir ainsi un acc\u00e8s non autoris\u00e9.<\/p>\n<p>Pour toutes ces raisons, les organisateurs de la <a title=\"Lien vers Entretiens immobiliers\" href=\"https:\/\/www.immobiliengespraeche.ch\" target=\"_blank\" data-cke-saved-href=\"https:\/\/www.immobiliengespraeche.ch\" rel=\"noopener\">\"Entretiens sur l'immobilier\"<\/a> abordera cette fois le th\u00e8me \"Surveillance et s\u00e9curit\u00e9 des biens immobiliers\". L'\u00e9v\u00e9nement aura lieu le 23 avril 2015 (\u00e0 partir de 17h30) au restaurant Metropol \u00e0 Zurich. L'\u00e9v\u00e9nement est organis\u00e9 par l'\u00e9quipe de la revue sp\u00e9cialis\u00e9e \"IMMOBILIEN Business\" en collaboration avec celle du \"SicherheitsForum\".<\/p>","protected":false},"excerpt":{"rendered":"<p>Das Thema Sicherheit wird auch im Immobilienbereich immer wichtiger. Relevant sind dabei einerseits Zutrittskontrollen und \u00dcberwachung der physischen Einrichtungen. Andererseits gewinnt auch die Sicherheit der Nutzer (z.B. im Brand- oder Erdbebenfall) vermehrt an Bedeutung. Neue Bedrohungen kommen aber auch aus dem Internet: Gewiefte Hacker k\u00f6nnen die Kontrolle \u00fcber Steuerungssysteme \u00fcbernehmen und sich auf diese Weise [&hellip;]<\/p>\n","protected":false},"author":1,"featured_media":272,"comment_status":"open","ping_status":"open","sticky":false,"template":"","format":"standard","meta":{"_acf_changed":false,"pgc_sgb_lightbox_settings":"","footnotes":""},"categories":[3313],"tags":[96,63,90],"class_list":["post-271","post","type-post","status-publish","format-standard","has-post-thumbnail","hentry","category-digitalisierung","tag-cyber-crime","tag-it-security","tag-zutrittskontrollevideo-security"],"acf":[],"hkrextid":null,"publication":null,"issue":null,"workflow":null,"startPage":null,"spitzmarke":null,"_posts_by_tag_page_fields":{"widget_title":"","widget_tags":""},"_at_widget":"1","_yoast_wpseo_primary_category":"2","_yoast_wpseo_focuskw_text_input":"Immobiliengespr\u00e4ch","_yoast_wpseo_opengraph-image":"https:\/\/sicherheitsforum.ch\/wp-content\/uploads\/2016\/12\/\u00dcberwachung-und-Sicherheit-von-Immobilien-it-security.jpg","_yoast_wpseo_opengraph-description":"Das \u00ab59. Immobiliengespr\u00e4ch\u00bb greift das Thema \u00ab\u00dcberwachung und Sicherheit von Immobilien\u00bb auf.","_yoast_wpseo_opengraph-title":"\u00dcberwachung und Sicherheit von Immobilien","enclosure":null,"_yoast_wpseo_twitter-title":null,"_yoast_wpseo_twitter-description":null,"_yoast_wpseo_twitter-image":null,"_wp_old_slug":null,"_yoast_wpseo_title":null,"_yoast_wpseo_canonical":null,"yoast_head":"<!-- This site is optimized with the Yoast SEO plugin v27.5 - https:\/\/yoast.com\/product\/yoast-seo-wordpress\/ -->\n<title>\u00dcberwachung und Sicherheit von Immobilien - Save<\/title>\n<meta name=\"description\" content=\"Das \u00ab59. Immobiliengespr\u00e4ch\u00bb greift das Thema \u00ab\u00dcberwachung und Sicherheit von Immobilien\u00bb auf.\" \/>\n<meta name=\"robots\" content=\"index, follow, max-snippet:-1, max-image-preview:large, max-video-preview:-1\" \/>\n<link rel=\"canonical\" href=\"https:\/\/news.save.ch\/fr\/ueberwachung-und-sicherheit-von-immobilien\/\" \/>\n<meta property=\"og:locale\" content=\"fr_FR\" \/>\n<meta property=\"og:type\" content=\"article\" \/>\n<meta property=\"og:title\" content=\"\u00dcberwachung und Sicherheit von Immobilien\" \/>\n<meta property=\"og:description\" content=\"Das \u00ab59. Immobiliengespr\u00e4ch\u00bb greift das Thema \u00ab\u00dcberwachung und Sicherheit von Immobilien\u00bb auf.\" \/>\n<meta property=\"og:url\" content=\"https:\/\/news.save.ch\/fr\/ueberwachung-und-sicherheit-von-immobilien\/\" \/>\n<meta property=\"og:site_name\" content=\"Save\" \/>\n<meta property=\"article:published_time\" content=\"2015-03-23T07:29:44+00:00\" \/>\n<meta property=\"article:modified_time\" content=\"2023-03-14T07:57:43+00:00\" \/>\n<meta property=\"og:image\" content=\"https:\/\/sicherheitsforum.ch\/wp-content\/uploads\/2016\/12\/\u00dcberwachung-und-Sicherheit-von-Immobilien-it-security.jpg\" \/>\n<meta name=\"author\" content=\"admin\" \/>\n<meta name=\"twitter:card\" content=\"summary_large_image\" \/>\n<meta name=\"twitter:label1\" content=\"\u00c9crit par\" \/>\n\t<meta name=\"twitter:data1\" content=\"admin\" \/>\n\t<meta name=\"twitter:label2\" content=\"Dur\u00e9e de lecture estim\u00e9e\" \/>\n\t<meta name=\"twitter:data2\" content=\"1 minute\" \/>\n<script type=\"application\/ld+json\" class=\"yoast-schema-graph\">{\"@context\":\"https:\\\/\\\/schema.org\",\"@graph\":[{\"@type\":\"Article\",\"@id\":\"https:\\\/\\\/news.save.ch\\\/ueberwachung-und-sicherheit-von-immobilien\\\/#article\",\"isPartOf\":{\"@id\":\"https:\\\/\\\/news.save.ch\\\/ueberwachung-und-sicherheit-von-immobilien\\\/\"},\"author\":{\"name\":\"admin\",\"@id\":\"https:\\\/\\\/news.save.ch\\\/de\\\/#\\\/schema\\\/person\\\/d49e199490bad7c70d64b9ab51142f2b\"},\"headline\":\"\u00dcberwachung und Sicherheit von Immobilien\",\"datePublished\":\"2015-03-23T07:29:44+00:00\",\"dateModified\":\"2023-03-14T07:57:43+00:00\",\"mainEntityOfPage\":{\"@id\":\"https:\\\/\\\/news.save.ch\\\/ueberwachung-und-sicherheit-von-immobilien\\\/\"},\"wordCount\":129,\"commentCount\":0,\"publisher\":{\"@id\":\"https:\\\/\\\/news.save.ch\\\/de\\\/#organization\"},\"image\":{\"@id\":\"https:\\\/\\\/news.save.ch\\\/ueberwachung-und-sicherheit-von-immobilien\\\/#primaryimage\"},\"thumbnailUrl\":\"https:\\\/\\\/news.save.ch\\\/wp-content\\\/uploads\\\/2016\\\/12\\\/Ueberwachung-und-Sicherheit-von-Immobilien-it-security-scaled.jpg\",\"keywords\":[\"Cyber-Crime\",\"IT-SECURITY\",\"Zutrittskontrolle\\\/Video-Security\"],\"articleSection\":[\"DIGITALISIERUNG\"],\"inLanguage\":\"fr-FR\"},{\"@type\":\"WebPage\",\"@id\":\"https:\\\/\\\/news.save.ch\\\/ueberwachung-und-sicherheit-von-immobilien\\\/\",\"url\":\"https:\\\/\\\/news.save.ch\\\/ueberwachung-und-sicherheit-von-immobilien\\\/\",\"name\":\"\u00dcberwachung und Sicherheit von Immobilien - Save\",\"isPartOf\":{\"@id\":\"https:\\\/\\\/news.save.ch\\\/de\\\/#website\"},\"primaryImageOfPage\":{\"@id\":\"https:\\\/\\\/news.save.ch\\\/ueberwachung-und-sicherheit-von-immobilien\\\/#primaryimage\"},\"image\":{\"@id\":\"https:\\\/\\\/news.save.ch\\\/ueberwachung-und-sicherheit-von-immobilien\\\/#primaryimage\"},\"thumbnailUrl\":\"https:\\\/\\\/news.save.ch\\\/wp-content\\\/uploads\\\/2016\\\/12\\\/Ueberwachung-und-Sicherheit-von-Immobilien-it-security-scaled.jpg\",\"datePublished\":\"2015-03-23T07:29:44+00:00\",\"dateModified\":\"2023-03-14T07:57:43+00:00\",\"description\":\"Das \u00ab59. Immobiliengespr\u00e4ch\u00bb greift das Thema \u00ab\u00dcberwachung und Sicherheit von Immobilien\u00bb auf.\",\"breadcrumb\":{\"@id\":\"https:\\\/\\\/news.save.ch\\\/ueberwachung-und-sicherheit-von-immobilien\\\/#breadcrumb\"},\"inLanguage\":\"fr-FR\",\"potentialAction\":[{\"@type\":\"ReadAction\",\"target\":[\"https:\\\/\\\/news.save.ch\\\/ueberwachung-und-sicherheit-von-immobilien\\\/\"]}]},{\"@type\":\"ImageObject\",\"inLanguage\":\"fr-FR\",\"@id\":\"https:\\\/\\\/news.save.ch\\\/ueberwachung-und-sicherheit-von-immobilien\\\/#primaryimage\",\"url\":\"https:\\\/\\\/news.save.ch\\\/wp-content\\\/uploads\\\/2016\\\/12\\\/Ueberwachung-und-Sicherheit-von-Immobilien-it-security-scaled.jpg\",\"contentUrl\":\"https:\\\/\\\/news.save.ch\\\/wp-content\\\/uploads\\\/2016\\\/12\\\/Ueberwachung-und-Sicherheit-von-Immobilien-it-security-scaled.jpg\",\"width\":1400,\"height\":1400,\"caption\":\"Neue Bedrohungen kommen auch aus dem Internet.\"},{\"@type\":\"BreadcrumbList\",\"@id\":\"https:\\\/\\\/news.save.ch\\\/ueberwachung-und-sicherheit-von-immobilien\\\/#breadcrumb\",\"itemListElement\":[{\"@type\":\"ListItem\",\"position\":1,\"name\":\"Home\",\"item\":\"https:\\\/\\\/news.save.ch\\\/de\\\/\"},{\"@type\":\"ListItem\",\"position\":2,\"name\":\"\u00dcberwachung und Sicherheit von Immobilien\"}]},{\"@type\":\"WebSite\",\"@id\":\"https:\\\/\\\/news.save.ch\\\/de\\\/#website\",\"url\":\"https:\\\/\\\/news.save.ch\\\/de\\\/\",\"name\":\"Save\",\"description\":\"Schweizer Fachzeitschrift f\u00fcr Sicherheit\",\"publisher\":{\"@id\":\"https:\\\/\\\/news.save.ch\\\/de\\\/#organization\"},\"potentialAction\":[{\"@type\":\"SearchAction\",\"target\":{\"@type\":\"EntryPoint\",\"urlTemplate\":\"https:\\\/\\\/news.save.ch\\\/de\\\/?s={search_term_string}\"},\"query-input\":{\"@type\":\"PropertyValueSpecification\",\"valueRequired\":true,\"valueName\":\"search_term_string\"}}],\"inLanguage\":\"fr-FR\"},{\"@type\":\"Organization\",\"@id\":\"https:\\\/\\\/news.save.ch\\\/de\\\/#organization\",\"name\":\"Sicherheitsforum\",\"url\":\"https:\\\/\\\/news.save.ch\\\/de\\\/\",\"logo\":{\"@type\":\"ImageObject\",\"inLanguage\":\"fr-FR\",\"@id\":\"https:\\\/\\\/news.save.ch\\\/de\\\/#\\\/schema\\\/logo\\\/image\\\/\",\"url\":\"https:\\\/\\\/news.save.ch\\\/wp-content\\\/uploads\\\/2022\\\/06\\\/Logo_SF_2012.png\",\"contentUrl\":\"https:\\\/\\\/news.save.ch\\\/wp-content\\\/uploads\\\/2022\\\/06\\\/Logo_SF_2012.png\",\"width\":1100,\"height\":91,\"caption\":\"Sicherheitsforum\"},\"image\":{\"@id\":\"https:\\\/\\\/news.save.ch\\\/de\\\/#\\\/schema\\\/logo\\\/image\\\/\"}},{\"@type\":\"Person\",\"@id\":\"https:\\\/\\\/news.save.ch\\\/de\\\/#\\\/schema\\\/person\\\/d49e199490bad7c70d64b9ab51142f2b\",\"name\":\"admin\",\"image\":{\"@type\":\"ImageObject\",\"inLanguage\":\"fr-FR\",\"@id\":\"https:\\\/\\\/secure.gravatar.com\\\/avatar\\\/ae2f4d718e6c49043e314ce431e7e645d646302a24a5ef5a8bc8e3f5a032e319?s=96&d=mm&r=g\",\"url\":\"https:\\\/\\\/secure.gravatar.com\\\/avatar\\\/ae2f4d718e6c49043e314ce431e7e645d646302a24a5ef5a8bc8e3f5a032e319?s=96&d=mm&r=g\",\"contentUrl\":\"https:\\\/\\\/secure.gravatar.com\\\/avatar\\\/ae2f4d718e6c49043e314ce431e7e645d646302a24a5ef5a8bc8e3f5a032e319?s=96&d=mm&r=g\",\"caption\":\"admin\"},\"sameAs\":[\"https:\\\/\\\/develop.organisator.galledia.ch\"],\"url\":\"https:\\\/\\\/news.save.ch\\\/fr\\\/author\\\/admin\\\/\"}]}<\/script>\n<!-- \/ Yoast SEO plugin. -->","yoast_head_json":{"title":"Surveillance et s\u00e9curit\u00e9 des biens immobiliers - Save","description":"Le \"59e entretien immobilier\" aborde le th\u00e8me de la \"surveillance et de la s\u00e9curit\u00e9 des biens immobiliers\".","robots":{"index":"index","follow":"follow","max-snippet":"max-snippet:-1","max-image-preview":"max-image-preview:large","max-video-preview":"max-video-preview:-1"},"canonical":"https:\/\/news.save.ch\/fr\/ueberwachung-und-sicherheit-von-immobilien\/","og_locale":"fr_FR","og_type":"article","og_title":"\u00dcberwachung und Sicherheit von Immobilien","og_description":"Das \u00ab59. Immobiliengespr\u00e4ch\u00bb greift das Thema \u00ab\u00dcberwachung und Sicherheit von Immobilien\u00bb auf.","og_url":"https:\/\/news.save.ch\/fr\/ueberwachung-und-sicherheit-von-immobilien\/","og_site_name":"Save","article_published_time":"2015-03-23T07:29:44+00:00","article_modified_time":"2023-03-14T07:57:43+00:00","og_image":[{"url":"https:\/\/sicherheitsforum.ch\/wp-content\/uploads\/2016\/12\/\u00dcberwachung-und-Sicherheit-von-Immobilien-it-security.jpg","type":"","width":"","height":""}],"author":"admin","twitter_card":"summary_large_image","twitter_misc":{"\u00c9crit par":"admin","Dur\u00e9e de lecture estim\u00e9e":"1 minute"},"schema":{"@context":"https:\/\/schema.org","@graph":[{"@type":"Article","@id":"https:\/\/news.save.ch\/ueberwachung-und-sicherheit-von-immobilien\/#article","isPartOf":{"@id":"https:\/\/news.save.ch\/ueberwachung-und-sicherheit-von-immobilien\/"},"author":{"name":"admin","@id":"https:\/\/news.save.ch\/de\/#\/schema\/person\/d49e199490bad7c70d64b9ab51142f2b"},"headline":"\u00dcberwachung und Sicherheit von Immobilien","datePublished":"2015-03-23T07:29:44+00:00","dateModified":"2023-03-14T07:57:43+00:00","mainEntityOfPage":{"@id":"https:\/\/news.save.ch\/ueberwachung-und-sicherheit-von-immobilien\/"},"wordCount":129,"commentCount":0,"publisher":{"@id":"https:\/\/news.save.ch\/de\/#organization"},"image":{"@id":"https:\/\/news.save.ch\/ueberwachung-und-sicherheit-von-immobilien\/#primaryimage"},"thumbnailUrl":"https:\/\/news.save.ch\/wp-content\/uploads\/2016\/12\/Ueberwachung-und-Sicherheit-von-Immobilien-it-security-scaled.jpg","keywords":["Cyber-Crime","IT-SECURITY","Zutrittskontrolle\/Video-Security"],"articleSection":["DIGITALISIERUNG"],"inLanguage":"fr-FR"},{"@type":"WebPage","@id":"https:\/\/news.save.ch\/ueberwachung-und-sicherheit-von-immobilien\/","url":"https:\/\/news.save.ch\/ueberwachung-und-sicherheit-von-immobilien\/","name":"Surveillance et s\u00e9curit\u00e9 des biens immobiliers - Save","isPartOf":{"@id":"https:\/\/news.save.ch\/de\/#website"},"primaryImageOfPage":{"@id":"https:\/\/news.save.ch\/ueberwachung-und-sicherheit-von-immobilien\/#primaryimage"},"image":{"@id":"https:\/\/news.save.ch\/ueberwachung-und-sicherheit-von-immobilien\/#primaryimage"},"thumbnailUrl":"https:\/\/news.save.ch\/wp-content\/uploads\/2016\/12\/Ueberwachung-und-Sicherheit-von-Immobilien-it-security-scaled.jpg","datePublished":"2015-03-23T07:29:44+00:00","dateModified":"2023-03-14T07:57:43+00:00","description":"Le \"59e entretien immobilier\" aborde le th\u00e8me de la \"surveillance et de la s\u00e9curit\u00e9 des biens immobiliers\".","breadcrumb":{"@id":"https:\/\/news.save.ch\/ueberwachung-und-sicherheit-von-immobilien\/#breadcrumb"},"inLanguage":"fr-FR","potentialAction":[{"@type":"ReadAction","target":["https:\/\/news.save.ch\/ueberwachung-und-sicherheit-von-immobilien\/"]}]},{"@type":"ImageObject","inLanguage":"fr-FR","@id":"https:\/\/news.save.ch\/ueberwachung-und-sicherheit-von-immobilien\/#primaryimage","url":"https:\/\/news.save.ch\/wp-content\/uploads\/2016\/12\/Ueberwachung-und-Sicherheit-von-Immobilien-it-security-scaled.jpg","contentUrl":"https:\/\/news.save.ch\/wp-content\/uploads\/2016\/12\/Ueberwachung-und-Sicherheit-von-Immobilien-it-security-scaled.jpg","width":1400,"height":1400,"caption":"Neue Bedrohungen kommen auch aus dem Internet."},{"@type":"BreadcrumbList","@id":"https:\/\/news.save.ch\/ueberwachung-und-sicherheit-von-immobilien\/#breadcrumb","itemListElement":[{"@type":"ListItem","position":1,"name":"Home","item":"https:\/\/news.save.ch\/de\/"},{"@type":"ListItem","position":2,"name":"\u00dcberwachung und Sicherheit von Immobilien"}]},{"@type":"WebSite","@id":"https:\/\/news.save.ch\/de\/#website","url":"https:\/\/news.save.ch\/de\/","name":"Save","description":"Revue suisse sp\u00e9cialis\u00e9e dans la s\u00e9curit\u00e9","publisher":{"@id":"https:\/\/news.save.ch\/de\/#organization"},"potentialAction":[{"@type":"SearchAction","target":{"@type":"EntryPoint","urlTemplate":"https:\/\/news.save.ch\/de\/?s={search_term_string}"},"query-input":{"@type":"PropertyValueSpecification","valueRequired":true,"valueName":"search_term_string"}}],"inLanguage":"fr-FR"},{"@type":"Organization","@id":"https:\/\/news.save.ch\/de\/#organization","name":"Forum sur la s\u00e9curit\u00e9","url":"https:\/\/news.save.ch\/de\/","logo":{"@type":"ImageObject","inLanguage":"fr-FR","@id":"https:\/\/news.save.ch\/de\/#\/schema\/logo\/image\/","url":"https:\/\/news.save.ch\/wp-content\/uploads\/2022\/06\/Logo_SF_2012.png","contentUrl":"https:\/\/news.save.ch\/wp-content\/uploads\/2022\/06\/Logo_SF_2012.png","width":1100,"height":91,"caption":"Sicherheitsforum"},"image":{"@id":"https:\/\/news.save.ch\/de\/#\/schema\/logo\/image\/"}},{"@type":"Person","@id":"https:\/\/news.save.ch\/de\/#\/schema\/person\/d49e199490bad7c70d64b9ab51142f2b","name":"admin","image":{"@type":"ImageObject","inLanguage":"fr-FR","@id":"https:\/\/secure.gravatar.com\/avatar\/ae2f4d718e6c49043e314ce431e7e645d646302a24a5ef5a8bc8e3f5a032e319?s=96&d=mm&r=g","url":"https:\/\/secure.gravatar.com\/avatar\/ae2f4d718e6c49043e314ce431e7e645d646302a24a5ef5a8bc8e3f5a032e319?s=96&d=mm&r=g","contentUrl":"https:\/\/secure.gravatar.com\/avatar\/ae2f4d718e6c49043e314ce431e7e645d646302a24a5ef5a8bc8e3f5a032e319?s=96&d=mm&r=g","caption":"admin"},"sameAs":["https:\/\/develop.organisator.galledia.ch"],"url":"https:\/\/news.save.ch\/fr\/author\/admin\/"}]}},"_links":{"self":[{"href":"https:\/\/news.save.ch\/fr\/wp-json\/wp\/v2\/posts\/271","targetHints":{"allow":["GET"]}}],"collection":[{"href":"https:\/\/news.save.ch\/fr\/wp-json\/wp\/v2\/posts"}],"about":[{"href":"https:\/\/news.save.ch\/fr\/wp-json\/wp\/v2\/types\/post"}],"author":[{"embeddable":true,"href":"https:\/\/news.save.ch\/fr\/wp-json\/wp\/v2\/users\/1"}],"replies":[{"embeddable":true,"href":"https:\/\/news.save.ch\/fr\/wp-json\/wp\/v2\/comments?post=271"}],"version-history":[{"count":1,"href":"https:\/\/news.save.ch\/fr\/wp-json\/wp\/v2\/posts\/271\/revisions"}],"predecessor-version":[{"id":17817,"href":"https:\/\/news.save.ch\/fr\/wp-json\/wp\/v2\/posts\/271\/revisions\/17817"}],"wp:featuredmedia":[{"embeddable":true,"href":"https:\/\/news.save.ch\/fr\/wp-json\/wp\/v2\/media\/272"}],"wp:attachment":[{"href":"https:\/\/news.save.ch\/fr\/wp-json\/wp\/v2\/media?parent=271"}],"wp:term":[{"taxonomy":"category","embeddable":true,"href":"https:\/\/news.save.ch\/fr\/wp-json\/wp\/v2\/categories?post=271"},{"taxonomy":"post_tag","embeddable":true,"href":"https:\/\/news.save.ch\/fr\/wp-json\/wp\/v2\/tags?post=271"}],"curies":[{"name":"wp","href":"https:\/\/api.w.org\/{rel}","templated":true}]}}