{"id":282,"date":"2015-03-26T08:47:40","date_gmt":"2015-03-26T07:47:40","guid":{"rendered":"https:\/\/dev.sicherheitsforum.ch\/?p=282"},"modified":"2023-03-14T08:57:43","modified_gmt":"2023-03-14T07:57:43","slug":"gemeinsam-gegen-cyber-attacken","status":null,"type":"post","link":"https:\/\/news.save.ch\/fr\/gemeinsam-gegen-cyber-attacken\/","title":{"rendered":"Ensemble contre les cyber-attaques"},"content":{"rendered":"<figure id=\"attachment_283\" aria-describedby=\"caption-attachment-283\" style=\"width: 680px\" class=\"wp-caption alignnone\"><img loading=\"lazy\" decoding=\"async\" class=\"size-medium wp-image-283\" src=\"https:\/\/sicherheitsforum.ch\/wp-content\/uploads\/2016\/12\/Gemeinsam-gegen-Cyber-Attacken-it-security.jpg\" alt=\"Les cybermenaces font partie des plus grands d\u00e9fis dans tous les secteurs.\" width=\"680\" height=\"453\" \/><figcaption id=\"caption-attachment-283\" class=\"wp-caption-text\">Les cybermenaces font partie des plus grands d\u00e9fis dans tous les secteurs.<\/figcaption><\/figure>\n<p>Le Conseil f\u00e9d\u00e9ral a adopt\u00e9 il y a deux ans une \"<a title=\"Lien vers la strat\u00e9gie\" href=\"https:\/\/www.isb.admin.ch\/themen\/strategien\/01583\/index.html?lang=de\" target=\"_blank\" data-cke-saved-href=\"https:\/\/www.isb.admin.ch\/themen\/strategien\/01583\/index.html?lang=de\" rel=\"noopener\">Strat\u00e9gie nationale pour la protection de la Suisse contre les cyber-risques<\/a> (NCS)\" a \u00e9t\u00e9 adopt\u00e9e : Les cyber-risques doivent \u00eatre minimis\u00e9s en collaboration avec les autorit\u00e9s, l'\u00e9conomie et les exploitants d'infrastructures critiques. Parmi les 16 mesures de mise en \u0153uvre de la NCS, il est notamment pr\u00e9vu de d\u00e9velopper des comp\u00e9tences et des capacit\u00e9s suppl\u00e9mentaires par le biais d'une collaboration syst\u00e9matique avec les fournisseurs de prestations et de syst\u00e8mes TIC concern\u00e9s.<\/p>\n<p>Pour mettre en \u0153uvre cette mesure, la Centrale d'enregistrement et d'analyse pour la s\u00fbret\u00e9 de l'information de la Conf\u00e9d\u00e9ration (<a title=\"Lien vers MELANI\" href=\"https:\/\/www.melani.admin.ch\" target=\"_blank\" data-cke-saved-href=\"https:\/\/www.melani.admin.ch\" rel=\"noopener\">MELANI<\/a>) et l'association \"<a title=\"Lien vers l&#039;association SCE\" href=\"https:\/\/www.swiss-cyber-experts.ch\" target=\"_blank\" data-cke-saved-href=\"https:\/\/www.swiss-cyber-experts.ch\" rel=\"noopener\">Experts suisses en cybers\u00e9curit\u00e9<\/a> (SCE)\" a cr\u00e9\u00e9 en 2014 un partenariat public-priv\u00e9 (PPP). Son objectif est de fournir efficacement un diagnostic aux victimes en cas de cyber-attaques graves, gr\u00e2ce \u00e0 une mise en commun des connaissances des experts. Le PPP est op\u00e9rationnel depuis peu.<\/p>\n<p>L'organisation \u00e9conomique fa\u00eeti\u00e8re Economiesuisse a d\u00e9sormais d\u00e9cid\u00e9 de soutenir l'initiative. Kurt Lanz d'Economiesuisse : \"Les cybermenaces font partie des plus grands d\u00e9fis d'aujourd'hui et de demain, toutes branches confondues\".<\/p>\n<p>Pour le pr\u00e9sident de la SCE, Alain Gut, le transfert de connaissances est au c\u0153ur de cette collaboration : \"Les menaces qui p\u00e8sent sur les infrastructures TIC sont aujourd'hui de plus en plus sophistiqu\u00e9es et \u00e9voluent tr\u00e8s rapidement. Il est donc d'autant plus important d'\u00e9changer les connaissances actuelles des experts afin d'augmenter ensemble la s\u00e9curit\u00e9\".<\/p>","protected":false},"excerpt":{"rendered":"<p>Der Bundesrat hat vor zwei Jahren eine \u00abNationale Strategie zum Schutz der Schweiz vor Cyber-Risiken (NCS)\u00bb verabschiedet: In Zusammenarbeit mit Beh\u00f6rden, Wirtschaft und den Betreibern kritischer Infrastrukturen sollen die Cyber-Risiken minimiert werden. Unter den 16 Massnahmen zur NCS-Umsetzung ist unter anderem enthalten, dass mittels systematischer Zusammenarbeit mit relevanten IKT-Leistungserbringern und Systemlieferanten zus\u00e4tzliche F\u00e4higkeiten und Kapazit\u00e4ten [&hellip;]<\/p>\n","protected":false},"author":1,"featured_media":283,"comment_status":"open","ping_status":"open","sticky":false,"template":"","format":"standard","meta":{"_acf_changed":false,"pgc_sgb_lightbox_settings":"","footnotes":""},"categories":[3313],"tags":[96,62,63],"class_list":["post-282","post","type-post","status-publish","format-standard","has-post-thumbnail","hentry","category-digitalisierung","tag-cyber-crime","tag-ict-sicherheit","tag-it-security"],"acf":[],"hkrextid":null,"publication":null,"issue":null,"workflow":null,"startPage":null,"spitzmarke":null,"_posts_by_tag_page_fields":{"widget_title":"","widget_tags":""},"_at_widget":"1","_yoast_wpseo_primary_category":"2","_yoast_wpseo_focuskw_text_input":"Cyber-Attacken","_yoast_wpseo_opengraph-image":"https:\/\/sicherheitsforum.ch\/wp-content\/uploads\/2016\/12\/Gemeinsam-gegen-Cyber-Attacken-it-security.jpg","_yoast_wpseo_opengraph-description":"Bundesbern und die Wirtschaft wappnen sich gemeinsam gegen Cyber-Risiken.","_yoast_wpseo_opengraph-title":"Gemeinsam gegen Cyber-Attacken","enclosure":null,"_yoast_wpseo_twitter-title":null,"_yoast_wpseo_twitter-description":null,"_yoast_wpseo_twitter-image":null,"_wp_old_slug":null,"_yoast_wpseo_title":null,"_yoast_wpseo_canonical":null,"yoast_head":"<!-- This site is optimized with the Yoast SEO plugin v27.4 - https:\/\/yoast.com\/product\/yoast-seo-wordpress\/ -->\n<title>Gemeinsam gegen Cyber-Attacken - Save<\/title>\n<meta name=\"description\" content=\"Bundesbern und die Wirtschaft wappnen sich gemeinsam gegen Cyber-Risiken.\" \/>\n<meta name=\"robots\" content=\"index, follow, max-snippet:-1, max-image-preview:large, max-video-preview:-1\" \/>\n<link rel=\"canonical\" href=\"https:\/\/news.save.ch\/fr\/gemeinsam-gegen-cyber-attacken\/\" \/>\n<meta property=\"og:locale\" content=\"fr_FR\" \/>\n<meta property=\"og:type\" content=\"article\" \/>\n<meta property=\"og:title\" content=\"Gemeinsam gegen Cyber-Attacken\" \/>\n<meta property=\"og:description\" content=\"Bundesbern und die Wirtschaft wappnen sich gemeinsam gegen Cyber-Risiken.\" \/>\n<meta property=\"og:url\" content=\"https:\/\/news.save.ch\/fr\/gemeinsam-gegen-cyber-attacken\/\" \/>\n<meta property=\"og:site_name\" content=\"Save\" \/>\n<meta property=\"article:published_time\" content=\"2015-03-26T07:47:40+00:00\" \/>\n<meta property=\"article:modified_time\" content=\"2023-03-14T07:57:43+00:00\" \/>\n<meta property=\"og:image\" content=\"https:\/\/sicherheitsforum.ch\/wp-content\/uploads\/2016\/12\/Gemeinsam-gegen-Cyber-Attacken-it-security.jpg\" \/>\n<meta name=\"author\" content=\"admin\" \/>\n<meta name=\"twitter:card\" content=\"summary_large_image\" \/>\n<meta name=\"twitter:label1\" content=\"\u00c9crit par\" \/>\n\t<meta name=\"twitter:data1\" content=\"admin\" \/>\n\t<meta name=\"twitter:label2\" content=\"Dur\u00e9e de lecture estim\u00e9e\" \/>\n\t<meta name=\"twitter:data2\" content=\"1 minute\" \/>\n<script type=\"application\/ld+json\" class=\"yoast-schema-graph\">{\"@context\":\"https:\\\/\\\/schema.org\",\"@graph\":[{\"@type\":\"Article\",\"@id\":\"https:\\\/\\\/news.save.ch\\\/gemeinsam-gegen-cyber-attacken\\\/#article\",\"isPartOf\":{\"@id\":\"https:\\\/\\\/news.save.ch\\\/gemeinsam-gegen-cyber-attacken\\\/\"},\"author\":{\"name\":\"admin\",\"@id\":\"https:\\\/\\\/news.save.ch\\\/de\\\/#\\\/schema\\\/person\\\/d49e199490bad7c70d64b9ab51142f2b\"},\"headline\":\"Gemeinsam gegen Cyber-Attacken\",\"datePublished\":\"2015-03-26T07:47:40+00:00\",\"dateModified\":\"2023-03-14T07:57:43+00:00\",\"mainEntityOfPage\":{\"@id\":\"https:\\\/\\\/news.save.ch\\\/gemeinsam-gegen-cyber-attacken\\\/\"},\"wordCount\":214,\"commentCount\":0,\"publisher\":{\"@id\":\"https:\\\/\\\/news.save.ch\\\/de\\\/#organization\"},\"image\":{\"@id\":\"https:\\\/\\\/news.save.ch\\\/gemeinsam-gegen-cyber-attacken\\\/#primaryimage\"},\"thumbnailUrl\":\"https:\\\/\\\/news.save.ch\\\/wp-content\\\/uploads\\\/2016\\\/12\\\/Gemeinsam-gegen-Cyber-Attacken-it-security-scaled-1-scaled.jpg\",\"keywords\":[\"Cyber-Crime\",\"ICT-Sicherheit\",\"IT-SECURITY\"],\"articleSection\":[\"DIGITALISIERUNG\"],\"inLanguage\":\"fr-FR\"},{\"@type\":\"WebPage\",\"@id\":\"https:\\\/\\\/news.save.ch\\\/gemeinsam-gegen-cyber-attacken\\\/\",\"url\":\"https:\\\/\\\/news.save.ch\\\/gemeinsam-gegen-cyber-attacken\\\/\",\"name\":\"Gemeinsam gegen Cyber-Attacken - Save\",\"isPartOf\":{\"@id\":\"https:\\\/\\\/news.save.ch\\\/de\\\/#website\"},\"primaryImageOfPage\":{\"@id\":\"https:\\\/\\\/news.save.ch\\\/gemeinsam-gegen-cyber-attacken\\\/#primaryimage\"},\"image\":{\"@id\":\"https:\\\/\\\/news.save.ch\\\/gemeinsam-gegen-cyber-attacken\\\/#primaryimage\"},\"thumbnailUrl\":\"https:\\\/\\\/news.save.ch\\\/wp-content\\\/uploads\\\/2016\\\/12\\\/Gemeinsam-gegen-Cyber-Attacken-it-security-scaled-1-scaled.jpg\",\"datePublished\":\"2015-03-26T07:47:40+00:00\",\"dateModified\":\"2023-03-14T07:57:43+00:00\",\"description\":\"Bundesbern und die Wirtschaft wappnen sich gemeinsam gegen Cyber-Risiken.\",\"breadcrumb\":{\"@id\":\"https:\\\/\\\/news.save.ch\\\/gemeinsam-gegen-cyber-attacken\\\/#breadcrumb\"},\"inLanguage\":\"fr-FR\",\"potentialAction\":[{\"@type\":\"ReadAction\",\"target\":[\"https:\\\/\\\/news.save.ch\\\/gemeinsam-gegen-cyber-attacken\\\/\"]}]},{\"@type\":\"ImageObject\",\"inLanguage\":\"fr-FR\",\"@id\":\"https:\\\/\\\/news.save.ch\\\/gemeinsam-gegen-cyber-attacken\\\/#primaryimage\",\"url\":\"https:\\\/\\\/news.save.ch\\\/wp-content\\\/uploads\\\/2016\\\/12\\\/Gemeinsam-gegen-Cyber-Attacken-it-security-scaled-1-scaled.jpg\",\"contentUrl\":\"https:\\\/\\\/news.save.ch\\\/wp-content\\\/uploads\\\/2016\\\/12\\\/Gemeinsam-gegen-Cyber-Attacken-it-security-scaled-1-scaled.jpg\",\"width\":1400,\"height\":933,\"caption\":\"Cyber-Bedrohungen geh\u00f6ren branchen\u00fcbergreifend zu den gr\u00f6ssten Herausforderungen.\"},{\"@type\":\"BreadcrumbList\",\"@id\":\"https:\\\/\\\/news.save.ch\\\/gemeinsam-gegen-cyber-attacken\\\/#breadcrumb\",\"itemListElement\":[{\"@type\":\"ListItem\",\"position\":1,\"name\":\"Home\",\"item\":\"https:\\\/\\\/news.save.ch\\\/de\\\/\"},{\"@type\":\"ListItem\",\"position\":2,\"name\":\"Gemeinsam gegen Cyber-Attacken\"}]},{\"@type\":\"WebSite\",\"@id\":\"https:\\\/\\\/news.save.ch\\\/de\\\/#website\",\"url\":\"https:\\\/\\\/news.save.ch\\\/de\\\/\",\"name\":\"Save\",\"description\":\"Schweizer Fachzeitschrift f\u00fcr Sicherheit\",\"publisher\":{\"@id\":\"https:\\\/\\\/news.save.ch\\\/de\\\/#organization\"},\"potentialAction\":[{\"@type\":\"SearchAction\",\"target\":{\"@type\":\"EntryPoint\",\"urlTemplate\":\"https:\\\/\\\/news.save.ch\\\/de\\\/?s={search_term_string}\"},\"query-input\":{\"@type\":\"PropertyValueSpecification\",\"valueRequired\":true,\"valueName\":\"search_term_string\"}}],\"inLanguage\":\"fr-FR\"},{\"@type\":\"Organization\",\"@id\":\"https:\\\/\\\/news.save.ch\\\/de\\\/#organization\",\"name\":\"Sicherheitsforum\",\"url\":\"https:\\\/\\\/news.save.ch\\\/de\\\/\",\"logo\":{\"@type\":\"ImageObject\",\"inLanguage\":\"fr-FR\",\"@id\":\"https:\\\/\\\/news.save.ch\\\/de\\\/#\\\/schema\\\/logo\\\/image\\\/\",\"url\":\"https:\\\/\\\/news.save.ch\\\/wp-content\\\/uploads\\\/2022\\\/06\\\/Logo_SF_2012.png\",\"contentUrl\":\"https:\\\/\\\/news.save.ch\\\/wp-content\\\/uploads\\\/2022\\\/06\\\/Logo_SF_2012.png\",\"width\":1100,\"height\":91,\"caption\":\"Sicherheitsforum\"},\"image\":{\"@id\":\"https:\\\/\\\/news.save.ch\\\/de\\\/#\\\/schema\\\/logo\\\/image\\\/\"}},{\"@type\":\"Person\",\"@id\":\"https:\\\/\\\/news.save.ch\\\/de\\\/#\\\/schema\\\/person\\\/d49e199490bad7c70d64b9ab51142f2b\",\"name\":\"admin\",\"image\":{\"@type\":\"ImageObject\",\"inLanguage\":\"fr-FR\",\"@id\":\"https:\\\/\\\/secure.gravatar.com\\\/avatar\\\/ae2f4d718e6c49043e314ce431e7e645d646302a24a5ef5a8bc8e3f5a032e319?s=96&d=mm&r=g\",\"url\":\"https:\\\/\\\/secure.gravatar.com\\\/avatar\\\/ae2f4d718e6c49043e314ce431e7e645d646302a24a5ef5a8bc8e3f5a032e319?s=96&d=mm&r=g\",\"contentUrl\":\"https:\\\/\\\/secure.gravatar.com\\\/avatar\\\/ae2f4d718e6c49043e314ce431e7e645d646302a24a5ef5a8bc8e3f5a032e319?s=96&d=mm&r=g\",\"caption\":\"admin\"},\"sameAs\":[\"https:\\\/\\\/develop.organisator.galledia.ch\"],\"url\":\"https:\\\/\\\/news.save.ch\\\/fr\\\/author\\\/admin\\\/\"}]}<\/script>\n<!-- \/ Yoast SEO plugin. -->","yoast_head_json":{"title":"Ensemble contre les cyber-attaques - Save","description":"La Berne f\u00e9d\u00e9rale et l'\u00e9conomie s'arment ensemble contre les cyber-risques.","robots":{"index":"index","follow":"follow","max-snippet":"max-snippet:-1","max-image-preview":"max-image-preview:large","max-video-preview":"max-video-preview:-1"},"canonical":"https:\/\/news.save.ch\/fr\/gemeinsam-gegen-cyber-attacken\/","og_locale":"fr_FR","og_type":"article","og_title":"Gemeinsam gegen Cyber-Attacken","og_description":"Bundesbern und die Wirtschaft wappnen sich gemeinsam gegen Cyber-Risiken.","og_url":"https:\/\/news.save.ch\/fr\/gemeinsam-gegen-cyber-attacken\/","og_site_name":"Save","article_published_time":"2015-03-26T07:47:40+00:00","article_modified_time":"2023-03-14T07:57:43+00:00","og_image":[{"url":"https:\/\/sicherheitsforum.ch\/wp-content\/uploads\/2016\/12\/Gemeinsam-gegen-Cyber-Attacken-it-security.jpg","type":"","width":"","height":""}],"author":"admin","twitter_card":"summary_large_image","twitter_misc":{"\u00c9crit par":"admin","Dur\u00e9e de lecture estim\u00e9e":"1 minute"},"schema":{"@context":"https:\/\/schema.org","@graph":[{"@type":"Article","@id":"https:\/\/news.save.ch\/gemeinsam-gegen-cyber-attacken\/#article","isPartOf":{"@id":"https:\/\/news.save.ch\/gemeinsam-gegen-cyber-attacken\/"},"author":{"name":"admin","@id":"https:\/\/news.save.ch\/de\/#\/schema\/person\/d49e199490bad7c70d64b9ab51142f2b"},"headline":"Gemeinsam gegen Cyber-Attacken","datePublished":"2015-03-26T07:47:40+00:00","dateModified":"2023-03-14T07:57:43+00:00","mainEntityOfPage":{"@id":"https:\/\/news.save.ch\/gemeinsam-gegen-cyber-attacken\/"},"wordCount":214,"commentCount":0,"publisher":{"@id":"https:\/\/news.save.ch\/de\/#organization"},"image":{"@id":"https:\/\/news.save.ch\/gemeinsam-gegen-cyber-attacken\/#primaryimage"},"thumbnailUrl":"https:\/\/news.save.ch\/wp-content\/uploads\/2016\/12\/Gemeinsam-gegen-Cyber-Attacken-it-security-scaled-1-scaled.jpg","keywords":["Cyber-Crime","ICT-Sicherheit","IT-SECURITY"],"articleSection":["DIGITALISIERUNG"],"inLanguage":"fr-FR"},{"@type":"WebPage","@id":"https:\/\/news.save.ch\/gemeinsam-gegen-cyber-attacken\/","url":"https:\/\/news.save.ch\/gemeinsam-gegen-cyber-attacken\/","name":"Ensemble contre les cyber-attaques - Save","isPartOf":{"@id":"https:\/\/news.save.ch\/de\/#website"},"primaryImageOfPage":{"@id":"https:\/\/news.save.ch\/gemeinsam-gegen-cyber-attacken\/#primaryimage"},"image":{"@id":"https:\/\/news.save.ch\/gemeinsam-gegen-cyber-attacken\/#primaryimage"},"thumbnailUrl":"https:\/\/news.save.ch\/wp-content\/uploads\/2016\/12\/Gemeinsam-gegen-Cyber-Attacken-it-security-scaled-1-scaled.jpg","datePublished":"2015-03-26T07:47:40+00:00","dateModified":"2023-03-14T07:57:43+00:00","description":"La Berne f\u00e9d\u00e9rale et l'\u00e9conomie s'arment ensemble contre les cyber-risques.","breadcrumb":{"@id":"https:\/\/news.save.ch\/gemeinsam-gegen-cyber-attacken\/#breadcrumb"},"inLanguage":"fr-FR","potentialAction":[{"@type":"ReadAction","target":["https:\/\/news.save.ch\/gemeinsam-gegen-cyber-attacken\/"]}]},{"@type":"ImageObject","inLanguage":"fr-FR","@id":"https:\/\/news.save.ch\/gemeinsam-gegen-cyber-attacken\/#primaryimage","url":"https:\/\/news.save.ch\/wp-content\/uploads\/2016\/12\/Gemeinsam-gegen-Cyber-Attacken-it-security-scaled-1-scaled.jpg","contentUrl":"https:\/\/news.save.ch\/wp-content\/uploads\/2016\/12\/Gemeinsam-gegen-Cyber-Attacken-it-security-scaled-1-scaled.jpg","width":1400,"height":933,"caption":"Cyber-Bedrohungen geh\u00f6ren branchen\u00fcbergreifend zu den gr\u00f6ssten Herausforderungen."},{"@type":"BreadcrumbList","@id":"https:\/\/news.save.ch\/gemeinsam-gegen-cyber-attacken\/#breadcrumb","itemListElement":[{"@type":"ListItem","position":1,"name":"Home","item":"https:\/\/news.save.ch\/de\/"},{"@type":"ListItem","position":2,"name":"Gemeinsam gegen Cyber-Attacken"}]},{"@type":"WebSite","@id":"https:\/\/news.save.ch\/de\/#website","url":"https:\/\/news.save.ch\/de\/","name":"Save","description":"Revue suisse sp\u00e9cialis\u00e9e dans la s\u00e9curit\u00e9","publisher":{"@id":"https:\/\/news.save.ch\/de\/#organization"},"potentialAction":[{"@type":"SearchAction","target":{"@type":"EntryPoint","urlTemplate":"https:\/\/news.save.ch\/de\/?s={search_term_string}"},"query-input":{"@type":"PropertyValueSpecification","valueRequired":true,"valueName":"search_term_string"}}],"inLanguage":"fr-FR"},{"@type":"Organization","@id":"https:\/\/news.save.ch\/de\/#organization","name":"Forum sur la s\u00e9curit\u00e9","url":"https:\/\/news.save.ch\/de\/","logo":{"@type":"ImageObject","inLanguage":"fr-FR","@id":"https:\/\/news.save.ch\/de\/#\/schema\/logo\/image\/","url":"https:\/\/news.save.ch\/wp-content\/uploads\/2022\/06\/Logo_SF_2012.png","contentUrl":"https:\/\/news.save.ch\/wp-content\/uploads\/2022\/06\/Logo_SF_2012.png","width":1100,"height":91,"caption":"Sicherheitsforum"},"image":{"@id":"https:\/\/news.save.ch\/de\/#\/schema\/logo\/image\/"}},{"@type":"Person","@id":"https:\/\/news.save.ch\/de\/#\/schema\/person\/d49e199490bad7c70d64b9ab51142f2b","name":"admin","image":{"@type":"ImageObject","inLanguage":"fr-FR","@id":"https:\/\/secure.gravatar.com\/avatar\/ae2f4d718e6c49043e314ce431e7e645d646302a24a5ef5a8bc8e3f5a032e319?s=96&d=mm&r=g","url":"https:\/\/secure.gravatar.com\/avatar\/ae2f4d718e6c49043e314ce431e7e645d646302a24a5ef5a8bc8e3f5a032e319?s=96&d=mm&r=g","contentUrl":"https:\/\/secure.gravatar.com\/avatar\/ae2f4d718e6c49043e314ce431e7e645d646302a24a5ef5a8bc8e3f5a032e319?s=96&d=mm&r=g","caption":"admin"},"sameAs":["https:\/\/develop.organisator.galledia.ch"],"url":"https:\/\/news.save.ch\/fr\/author\/admin\/"}]}},"_links":{"self":[{"href":"https:\/\/news.save.ch\/fr\/wp-json\/wp\/v2\/posts\/282","targetHints":{"allow":["GET"]}}],"collection":[{"href":"https:\/\/news.save.ch\/fr\/wp-json\/wp\/v2\/posts"}],"about":[{"href":"https:\/\/news.save.ch\/fr\/wp-json\/wp\/v2\/types\/post"}],"author":[{"embeddable":true,"href":"https:\/\/news.save.ch\/fr\/wp-json\/wp\/v2\/users\/1"}],"replies":[{"embeddable":true,"href":"https:\/\/news.save.ch\/fr\/wp-json\/wp\/v2\/comments?post=282"}],"version-history":[{"count":1,"href":"https:\/\/news.save.ch\/fr\/wp-json\/wp\/v2\/posts\/282\/revisions"}],"predecessor-version":[{"id":17815,"href":"https:\/\/news.save.ch\/fr\/wp-json\/wp\/v2\/posts\/282\/revisions\/17815"}],"wp:featuredmedia":[{"embeddable":true,"href":"https:\/\/news.save.ch\/fr\/wp-json\/wp\/v2\/media\/283"}],"wp:attachment":[{"href":"https:\/\/news.save.ch\/fr\/wp-json\/wp\/v2\/media?parent=282"}],"wp:term":[{"taxonomy":"category","embeddable":true,"href":"https:\/\/news.save.ch\/fr\/wp-json\/wp\/v2\/categories?post=282"},{"taxonomy":"post_tag","embeddable":true,"href":"https:\/\/news.save.ch\/fr\/wp-json\/wp\/v2\/tags?post=282"}],"curies":[{"name":"wp","href":"https:\/\/api.w.org\/{rel}","templated":true}]}}