{"id":2824,"date":"2016-04-12T08:12:12","date_gmt":"2016-04-12T06:12:12","guid":{"rendered":"https:\/\/dev.sicherheitsforum.ch\/?p=2824"},"modified":"2016-04-12T08:12:12","modified_gmt":"2016-04-12T06:12:12","slug":"securitas-in-zahlen","status":null,"type":"post","link":"https:\/\/news.save.ch\/fr\/securitas-in-zahlen\/","title":{"rendered":"Securitas en chiffres"},"content":{"rendered":"<p><img loading=\"lazy\" decoding=\"async\" class=\"alignnone size-medium wp-image-2825\" src=\"https:\/\/news.save.ch\/wp-content\/uploads\/2016\/12\/Securitas-in-Zahlen_sicherheitsforum.jpg\" alt=\"\" width=\"680\" height=\"457\" srcset=\"https:\/\/news.save.ch\/wp-content\/uploads\/2016\/12\/Securitas-in-Zahlen_sicherheitsforum.jpg 1007w, https:\/\/news.save.ch\/wp-content\/uploads\/2016\/12\/Securitas-in-Zahlen_sicherheitsforum-375x252.jpg 375w\" sizes=\"auto, (max-width: 680px) 100vw, 680px\" \/><\/p>\n<p>Gr\u00e2ce \u00e0 son savoir-faire technologique en mati\u00e8re de syst\u00e8mes d'alarme et de s\u00e9curit\u00e9, le Groupe Securitas est en mesure d'offrir une s\u00e9curit\u00e9 d'un seul tenant 365 jours et nuits par an, \u00e9crit l'entreprise. Quelques chiffres de la <a href=\"https:\/\/www.securitas.ch\/fileadmin\/user_upload\/pdf\/aktuell\/Statistikbulletin\/Statistikbulletin15_dt.pdf\" target=\"_blank\" data-cke-saved-href=\"https:\/\/www.securitas.ch\/fileadmin\/user_upload\/pdf\/aktuell\/Statistikbulletin\/Statistikbulletin15_dt.pdf\" rel=\"noopener\">Statistiques 2015<\/a> ont pour but d'illustrer la vaste gamme de services de s\u00e9curit\u00e9 :<\/p>\n<ul>\n<li>Alarme imm\u00e9diate (Police : 1916), (Pompiers : 280), (Sanitaire : 719), (Clients : 1797)<\/li>\n<li>Observer et intervenir : 302 796 messages t\u00e9l\u00e9phoniques transmis<\/li>\n<li>Incendie et d\u00e9g\u00e2ts des eaux : 486 189 appareils et moteurs \u00e9teints<\/li>\n<li>Protection contre le vol : 26 054 cl\u00f4tures ouvertes ferm\u00e9es, 12 108 garages ferm\u00e9s, 1668 cl\u00e9s rest\u00e9es coinc\u00e9es saisies<\/li>\n<li>7197 D\u00e9fauts constat\u00e9s sur les portes et les fen\u00eatres<\/li>\n<li>1,69 million d'\u00e9clairages \u00e9teints<\/li>\n<li>25 008 Syst\u00e8mes d'alarme arm\u00e9s<\/li>\n<li>74 190 Pannes signal\u00e9es sur les installations techniques<\/li>\n<li>126 890 personnes contr\u00f4l\u00e9es<\/li>\n<li>1609 personnes remises \u00e0 la police<\/li>\n<li>126 890 personnes contr\u00f4l\u00e9es<\/li>\n<\/ul>","protected":false},"excerpt":{"rendered":"<p>Mit dem technologischen Know-how rund um Alarm- und Sicherheitssysteme sei die Securitas Gruppe\u00a0365 Tage und N\u00e4chte im Jahr in der Lage, Sicherheit aus einer Hand anzubieten, schreibt das Unternehmen. Ein paar Zahlen aus der Statistik 2015 sollen die umfassende Palette an Sicherheitsdienstleistungen verdeutlichen: Sofort-Alarmierung (Polizei: 1916), (Feuerwehr: 280), (Sanit\u00e4t: 719), (Kunden: 1797) Beobachten und intervenieren: [&hellip;]<\/p>\n","protected":false},"author":1,"featured_media":2825,"comment_status":"open","ping_status":"open","sticky":false,"template":"","format":"standard","meta":{"_acf_changed":false,"pgc_sgb_lightbox_settings":"","footnotes":""},"categories":[1],"tags":[205,65],"class_list":["post-2824","post","type-post","status-publish","format-standard","has-post-thumbnail","hentry","category-allgemein","tag-sicherheits-konzept","tag-unternehmen"],"acf":[],"hkrextid":null,"publication":null,"issue":null,"workflow":null,"startPage":null,"spitzmarke":null,"_posts_by_tag_page_fields":{"widget_title":"","widget_tags":""},"_at_widget":"1","_yoast_wpseo_primary_category":"","_yoast_wpseo_focuskw_text_input":"Securitas in Zahlen","_yoast_wpseo_opengraph-image":"https:\/\/news.save.ch\/wp-content\/uploads\/2016\/12\/Securitas-in-Zahlen_sicherheitsforum.jpg","_yoast_wpseo_opengraph-description":"Die Securitas hat soeben ihre neueste Einsatzstatistik pr\u00e4sentiert. Die Mitarbeitenden des Sicherheitsunternehmens haben demnach im Jahr 2015 schweizweit 5,21 Millionen Mal sicherheitsrelevante Massnahmen rapportiert, wie der Anbieter schreibt.","_yoast_wpseo_opengraph-title":"Securitas in Zahlen","enclosure":null,"_yoast_wpseo_twitter-title":null,"_yoast_wpseo_twitter-description":null,"_yoast_wpseo_twitter-image":null,"_wp_old_slug":null,"_yoast_wpseo_title":null,"_yoast_wpseo_canonical":null,"yoast_head":"<!-- This site is optimized with the Yoast SEO plugin v27.5 - https:\/\/yoast.com\/product\/yoast-seo-wordpress\/ -->\n<title>Securitas in Zahlen - Save<\/title>\n<meta name=\"description\" content=\"Securitas in Zahlen: Die Mitarbeitenden des Sicherheitsunternehmens haben im Jahr 2015 schweizweit 5,21 Mio. Mal sicherheitsrelevante Massnahmen rapportiert\" \/>\n<meta name=\"robots\" content=\"index, follow, max-snippet:-1, max-image-preview:large, max-video-preview:-1\" \/>\n<link rel=\"canonical\" href=\"https:\/\/news.save.ch\/fr\/securitas-in-zahlen\/\" \/>\n<meta property=\"og:locale\" content=\"fr_FR\" \/>\n<meta property=\"og:type\" content=\"article\" \/>\n<meta property=\"og:title\" content=\"Securitas in Zahlen\" \/>\n<meta property=\"og:description\" content=\"Die Securitas hat soeben ihre neueste Einsatzstatistik pr\u00e4sentiert. Die Mitarbeitenden des Sicherheitsunternehmens haben demnach im Jahr 2015 schweizweit 5,21 Millionen Mal sicherheitsrelevante Massnahmen rapportiert, wie der Anbieter schreibt.\" \/>\n<meta property=\"og:url\" content=\"https:\/\/news.save.ch\/fr\/securitas-in-zahlen\/\" \/>\n<meta property=\"og:site_name\" content=\"Save\" \/>\n<meta property=\"article:published_time\" content=\"2016-04-12T06:12:12+00:00\" \/>\n<meta property=\"og:image\" content=\"https:\/\/news.save.ch\/wp-content\/uploads\/2016\/12\/Securitas-in-Zahlen_sicherheitsforum.jpg\" \/>\n<meta name=\"author\" content=\"admin\" \/>\n<meta name=\"twitter:card\" content=\"summary_large_image\" \/>\n<meta name=\"twitter:label1\" content=\"\u00c9crit par\" \/>\n\t<meta name=\"twitter:data1\" content=\"admin\" \/>\n\t<meta name=\"twitter:label2\" content=\"Dur\u00e9e de lecture estim\u00e9e\" \/>\n\t<meta name=\"twitter:data2\" content=\"1 minute\" \/>\n<script type=\"application\/ld+json\" class=\"yoast-schema-graph\">{\"@context\":\"https:\\\/\\\/schema.org\",\"@graph\":[{\"@type\":\"Article\",\"@id\":\"https:\\\/\\\/news.save.ch\\\/securitas-in-zahlen\\\/#article\",\"isPartOf\":{\"@id\":\"https:\\\/\\\/news.save.ch\\\/securitas-in-zahlen\\\/\"},\"author\":{\"name\":\"admin\",\"@id\":\"https:\\\/\\\/news.save.ch\\\/de\\\/#\\\/schema\\\/person\\\/d49e199490bad7c70d64b9ab51142f2b\"},\"headline\":\"Securitas in Zahlen\",\"datePublished\":\"2016-04-12T06:12:12+00:00\",\"mainEntityOfPage\":{\"@id\":\"https:\\\/\\\/news.save.ch\\\/securitas-in-zahlen\\\/\"},\"wordCount\":106,\"commentCount\":0,\"publisher\":{\"@id\":\"https:\\\/\\\/news.save.ch\\\/de\\\/#organization\"},\"image\":{\"@id\":\"https:\\\/\\\/news.save.ch\\\/securitas-in-zahlen\\\/#primaryimage\"},\"thumbnailUrl\":\"https:\\\/\\\/news.save.ch\\\/wp-content\\\/uploads\\\/2016\\\/12\\\/Securitas-in-Zahlen_sicherheitsforum.jpg\",\"keywords\":[\"Sicherheits-Konzept\",\"Unternehmen\"],\"articleSection\":[\"ALLGEMEIN\"],\"inLanguage\":\"fr-FR\"},{\"@type\":\"WebPage\",\"@id\":\"https:\\\/\\\/news.save.ch\\\/securitas-in-zahlen\\\/\",\"url\":\"https:\\\/\\\/news.save.ch\\\/securitas-in-zahlen\\\/\",\"name\":\"Securitas in Zahlen - Save\",\"isPartOf\":{\"@id\":\"https:\\\/\\\/news.save.ch\\\/de\\\/#website\"},\"primaryImageOfPage\":{\"@id\":\"https:\\\/\\\/news.save.ch\\\/securitas-in-zahlen\\\/#primaryimage\"},\"image\":{\"@id\":\"https:\\\/\\\/news.save.ch\\\/securitas-in-zahlen\\\/#primaryimage\"},\"thumbnailUrl\":\"https:\\\/\\\/news.save.ch\\\/wp-content\\\/uploads\\\/2016\\\/12\\\/Securitas-in-Zahlen_sicherheitsforum.jpg\",\"datePublished\":\"2016-04-12T06:12:12+00:00\",\"description\":\"Securitas in Zahlen: Die Mitarbeitenden des Sicherheitsunternehmens haben im Jahr 2015 schweizweit 5,21 Mio. Mal sicherheitsrelevante Massnahmen rapportiert\",\"breadcrumb\":{\"@id\":\"https:\\\/\\\/news.save.ch\\\/securitas-in-zahlen\\\/#breadcrumb\"},\"inLanguage\":\"fr-FR\",\"potentialAction\":[{\"@type\":\"ReadAction\",\"target\":[\"https:\\\/\\\/news.save.ch\\\/securitas-in-zahlen\\\/\"]}]},{\"@type\":\"ImageObject\",\"inLanguage\":\"fr-FR\",\"@id\":\"https:\\\/\\\/news.save.ch\\\/securitas-in-zahlen\\\/#primaryimage\",\"url\":\"https:\\\/\\\/news.save.ch\\\/wp-content\\\/uploads\\\/2016\\\/12\\\/Securitas-in-Zahlen_sicherheitsforum.jpg\",\"contentUrl\":\"https:\\\/\\\/news.save.ch\\\/wp-content\\\/uploads\\\/2016\\\/12\\\/Securitas-in-Zahlen_sicherheitsforum.jpg\",\"width\":1007,\"height\":677},{\"@type\":\"BreadcrumbList\",\"@id\":\"https:\\\/\\\/news.save.ch\\\/securitas-in-zahlen\\\/#breadcrumb\",\"itemListElement\":[{\"@type\":\"ListItem\",\"position\":1,\"name\":\"Home\",\"item\":\"https:\\\/\\\/news.save.ch\\\/de\\\/\"},{\"@type\":\"ListItem\",\"position\":2,\"name\":\"Securitas in Zahlen\"}]},{\"@type\":\"WebSite\",\"@id\":\"https:\\\/\\\/news.save.ch\\\/de\\\/#website\",\"url\":\"https:\\\/\\\/news.save.ch\\\/de\\\/\",\"name\":\"Save\",\"description\":\"Schweizer Fachzeitschrift f\u00fcr Sicherheit\",\"publisher\":{\"@id\":\"https:\\\/\\\/news.save.ch\\\/de\\\/#organization\"},\"potentialAction\":[{\"@type\":\"SearchAction\",\"target\":{\"@type\":\"EntryPoint\",\"urlTemplate\":\"https:\\\/\\\/news.save.ch\\\/de\\\/?s={search_term_string}\"},\"query-input\":{\"@type\":\"PropertyValueSpecification\",\"valueRequired\":true,\"valueName\":\"search_term_string\"}}],\"inLanguage\":\"fr-FR\"},{\"@type\":\"Organization\",\"@id\":\"https:\\\/\\\/news.save.ch\\\/de\\\/#organization\",\"name\":\"Sicherheitsforum\",\"url\":\"https:\\\/\\\/news.save.ch\\\/de\\\/\",\"logo\":{\"@type\":\"ImageObject\",\"inLanguage\":\"fr-FR\",\"@id\":\"https:\\\/\\\/news.save.ch\\\/de\\\/#\\\/schema\\\/logo\\\/image\\\/\",\"url\":\"https:\\\/\\\/news.save.ch\\\/wp-content\\\/uploads\\\/2022\\\/06\\\/Logo_SF_2012.png\",\"contentUrl\":\"https:\\\/\\\/news.save.ch\\\/wp-content\\\/uploads\\\/2022\\\/06\\\/Logo_SF_2012.png\",\"width\":1100,\"height\":91,\"caption\":\"Sicherheitsforum\"},\"image\":{\"@id\":\"https:\\\/\\\/news.save.ch\\\/de\\\/#\\\/schema\\\/logo\\\/image\\\/\"}},{\"@type\":\"Person\",\"@id\":\"https:\\\/\\\/news.save.ch\\\/de\\\/#\\\/schema\\\/person\\\/d49e199490bad7c70d64b9ab51142f2b\",\"name\":\"admin\",\"image\":{\"@type\":\"ImageObject\",\"inLanguage\":\"fr-FR\",\"@id\":\"https:\\\/\\\/secure.gravatar.com\\\/avatar\\\/ae2f4d718e6c49043e314ce431e7e645d646302a24a5ef5a8bc8e3f5a032e319?s=96&d=mm&r=g\",\"url\":\"https:\\\/\\\/secure.gravatar.com\\\/avatar\\\/ae2f4d718e6c49043e314ce431e7e645d646302a24a5ef5a8bc8e3f5a032e319?s=96&d=mm&r=g\",\"contentUrl\":\"https:\\\/\\\/secure.gravatar.com\\\/avatar\\\/ae2f4d718e6c49043e314ce431e7e645d646302a24a5ef5a8bc8e3f5a032e319?s=96&d=mm&r=g\",\"caption\":\"admin\"},\"sameAs\":[\"https:\\\/\\\/develop.organisator.galledia.ch\"],\"url\":\"https:\\\/\\\/news.save.ch\\\/fr\\\/author\\\/admin\\\/\"}]}<\/script>\n<!-- \/ Yoast SEO plugin. -->","yoast_head_json":{"title":"Securitas en chiffres - Save","description":"Securitas en chiffres : En 2015, les collaborateurs de l'entreprise de s\u00e9curit\u00e9 ont signal\u00e9 5,21 millions de fois des mesures li\u00e9es \u00e0 la s\u00e9curit\u00e9 dans toute la Suisse.","robots":{"index":"index","follow":"follow","max-snippet":"max-snippet:-1","max-image-preview":"max-image-preview:large","max-video-preview":"max-video-preview:-1"},"canonical":"https:\/\/news.save.ch\/fr\/securitas-in-zahlen\/","og_locale":"fr_FR","og_type":"article","og_title":"Securitas in Zahlen","og_description":"Die Securitas hat soeben ihre neueste Einsatzstatistik pr\u00e4sentiert. Die Mitarbeitenden des Sicherheitsunternehmens haben demnach im Jahr 2015 schweizweit 5,21 Millionen Mal sicherheitsrelevante Massnahmen rapportiert, wie der Anbieter schreibt.","og_url":"https:\/\/news.save.ch\/fr\/securitas-in-zahlen\/","og_site_name":"Save","article_published_time":"2016-04-12T06:12:12+00:00","og_image":[{"url":"https:\/\/news.save.ch\/wp-content\/uploads\/2016\/12\/Securitas-in-Zahlen_sicherheitsforum.jpg","type":"","width":"","height":""}],"author":"admin","twitter_card":"summary_large_image","twitter_misc":{"\u00c9crit par":"admin","Dur\u00e9e de lecture estim\u00e9e":"1 minute"},"schema":{"@context":"https:\/\/schema.org","@graph":[{"@type":"Article","@id":"https:\/\/news.save.ch\/securitas-in-zahlen\/#article","isPartOf":{"@id":"https:\/\/news.save.ch\/securitas-in-zahlen\/"},"author":{"name":"admin","@id":"https:\/\/news.save.ch\/de\/#\/schema\/person\/d49e199490bad7c70d64b9ab51142f2b"},"headline":"Securitas in Zahlen","datePublished":"2016-04-12T06:12:12+00:00","mainEntityOfPage":{"@id":"https:\/\/news.save.ch\/securitas-in-zahlen\/"},"wordCount":106,"commentCount":0,"publisher":{"@id":"https:\/\/news.save.ch\/de\/#organization"},"image":{"@id":"https:\/\/news.save.ch\/securitas-in-zahlen\/#primaryimage"},"thumbnailUrl":"https:\/\/news.save.ch\/wp-content\/uploads\/2016\/12\/Securitas-in-Zahlen_sicherheitsforum.jpg","keywords":["Sicherheits-Konzept","Unternehmen"],"articleSection":["ALLGEMEIN"],"inLanguage":"fr-FR"},{"@type":"WebPage","@id":"https:\/\/news.save.ch\/securitas-in-zahlen\/","url":"https:\/\/news.save.ch\/securitas-in-zahlen\/","name":"Securitas en chiffres - Save","isPartOf":{"@id":"https:\/\/news.save.ch\/de\/#website"},"primaryImageOfPage":{"@id":"https:\/\/news.save.ch\/securitas-in-zahlen\/#primaryimage"},"image":{"@id":"https:\/\/news.save.ch\/securitas-in-zahlen\/#primaryimage"},"thumbnailUrl":"https:\/\/news.save.ch\/wp-content\/uploads\/2016\/12\/Securitas-in-Zahlen_sicherheitsforum.jpg","datePublished":"2016-04-12T06:12:12+00:00","description":"Securitas en chiffres : En 2015, les collaborateurs de l'entreprise de s\u00e9curit\u00e9 ont signal\u00e9 5,21 millions de fois des mesures li\u00e9es \u00e0 la s\u00e9curit\u00e9 dans toute la Suisse.","breadcrumb":{"@id":"https:\/\/news.save.ch\/securitas-in-zahlen\/#breadcrumb"},"inLanguage":"fr-FR","potentialAction":[{"@type":"ReadAction","target":["https:\/\/news.save.ch\/securitas-in-zahlen\/"]}]},{"@type":"ImageObject","inLanguage":"fr-FR","@id":"https:\/\/news.save.ch\/securitas-in-zahlen\/#primaryimage","url":"https:\/\/news.save.ch\/wp-content\/uploads\/2016\/12\/Securitas-in-Zahlen_sicherheitsforum.jpg","contentUrl":"https:\/\/news.save.ch\/wp-content\/uploads\/2016\/12\/Securitas-in-Zahlen_sicherheitsforum.jpg","width":1007,"height":677},{"@type":"BreadcrumbList","@id":"https:\/\/news.save.ch\/securitas-in-zahlen\/#breadcrumb","itemListElement":[{"@type":"ListItem","position":1,"name":"Home","item":"https:\/\/news.save.ch\/de\/"},{"@type":"ListItem","position":2,"name":"Securitas in Zahlen"}]},{"@type":"WebSite","@id":"https:\/\/news.save.ch\/de\/#website","url":"https:\/\/news.save.ch\/de\/","name":"Save","description":"Revue suisse sp\u00e9cialis\u00e9e dans la s\u00e9curit\u00e9","publisher":{"@id":"https:\/\/news.save.ch\/de\/#organization"},"potentialAction":[{"@type":"SearchAction","target":{"@type":"EntryPoint","urlTemplate":"https:\/\/news.save.ch\/de\/?s={search_term_string}"},"query-input":{"@type":"PropertyValueSpecification","valueRequired":true,"valueName":"search_term_string"}}],"inLanguage":"fr-FR"},{"@type":"Organization","@id":"https:\/\/news.save.ch\/de\/#organization","name":"Forum sur la s\u00e9curit\u00e9","url":"https:\/\/news.save.ch\/de\/","logo":{"@type":"ImageObject","inLanguage":"fr-FR","@id":"https:\/\/news.save.ch\/de\/#\/schema\/logo\/image\/","url":"https:\/\/news.save.ch\/wp-content\/uploads\/2022\/06\/Logo_SF_2012.png","contentUrl":"https:\/\/news.save.ch\/wp-content\/uploads\/2022\/06\/Logo_SF_2012.png","width":1100,"height":91,"caption":"Sicherheitsforum"},"image":{"@id":"https:\/\/news.save.ch\/de\/#\/schema\/logo\/image\/"}},{"@type":"Person","@id":"https:\/\/news.save.ch\/de\/#\/schema\/person\/d49e199490bad7c70d64b9ab51142f2b","name":"admin","image":{"@type":"ImageObject","inLanguage":"fr-FR","@id":"https:\/\/secure.gravatar.com\/avatar\/ae2f4d718e6c49043e314ce431e7e645d646302a24a5ef5a8bc8e3f5a032e319?s=96&d=mm&r=g","url":"https:\/\/secure.gravatar.com\/avatar\/ae2f4d718e6c49043e314ce431e7e645d646302a24a5ef5a8bc8e3f5a032e319?s=96&d=mm&r=g","contentUrl":"https:\/\/secure.gravatar.com\/avatar\/ae2f4d718e6c49043e314ce431e7e645d646302a24a5ef5a8bc8e3f5a032e319?s=96&d=mm&r=g","caption":"admin"},"sameAs":["https:\/\/develop.organisator.galledia.ch"],"url":"https:\/\/news.save.ch\/fr\/author\/admin\/"}]}},"_links":{"self":[{"href":"https:\/\/news.save.ch\/fr\/wp-json\/wp\/v2\/posts\/2824","targetHints":{"allow":["GET"]}}],"collection":[{"href":"https:\/\/news.save.ch\/fr\/wp-json\/wp\/v2\/posts"}],"about":[{"href":"https:\/\/news.save.ch\/fr\/wp-json\/wp\/v2\/types\/post"}],"author":[{"embeddable":true,"href":"https:\/\/news.save.ch\/fr\/wp-json\/wp\/v2\/users\/1"}],"replies":[{"embeddable":true,"href":"https:\/\/news.save.ch\/fr\/wp-json\/wp\/v2\/comments?post=2824"}],"version-history":[{"count":0,"href":"https:\/\/news.save.ch\/fr\/wp-json\/wp\/v2\/posts\/2824\/revisions"}],"wp:featuredmedia":[{"embeddable":true,"href":"https:\/\/news.save.ch\/fr\/wp-json\/wp\/v2\/media\/2825"}],"wp:attachment":[{"href":"https:\/\/news.save.ch\/fr\/wp-json\/wp\/v2\/media?parent=2824"}],"wp:term":[{"taxonomy":"category","embeddable":true,"href":"https:\/\/news.save.ch\/fr\/wp-json\/wp\/v2\/categories?post=2824"},{"taxonomy":"post_tag","embeddable":true,"href":"https:\/\/news.save.ch\/fr\/wp-json\/wp\/v2\/tags?post=2824"}],"curies":[{"name":"wp","href":"https:\/\/api.w.org\/{rel}","templated":true}]}}