{"id":285,"date":"2015-04-15T10:56:40","date_gmt":"2015-04-15T08:56:40","guid":{"rendered":"http:\/\/dev.safety-plus.ch\/?p=285"},"modified":"2023-03-14T09:03:07","modified_gmt":"2023-03-14T08:03:07","slug":"gesundheitsfoerderung-schweiz-mit-erfolgreichem-jahr","status":null,"type":"post","link":"https:\/\/news.save.ch\/fr\/gesundheitsfoerderung-schweiz-mit-erfolgreichem-jahr\/","title":{"rendered":"Promotion Sant\u00e9 Suisse : une ann\u00e9e r\u00e9ussie"},"content":{"rendered":"<figure id=\"attachment_290\" aria-describedby=\"caption-attachment-290\" style=\"width: 680px\" class=\"wp-caption alignnone\"><img loading=\"lazy\" decoding=\"async\" class=\"wp-image-290 size-medium\" src=\"http:\/\/develop.safety-plus.ch\/wp-content\/uploads\/2016\/12\/Gesundheitsfoerderung-Schweiz-mit-erfolgreichem-Jahr_safety-plus.jpg\" alt=\"O\u00f9 en est votre gestion de la sant\u00e9 en entreprise ? Le contr\u00f4le en ligne de Promotion Sant\u00e9 Suisse le montre.\" width=\"680\" height=\"453\" \/><figcaption id=\"caption-attachment-290\" class=\"wp-caption-text\">O\u00f9 en est votre gestion de la sant\u00e9 en entreprise ? Le contr\u00f4le en ligne de Promotion Sant\u00e9 Suisse le montre.<\/figcaption><\/figure>\n<p>Promotion Sant\u00e9 Suisse a fait \u00e9tat d'une ann\u00e9e 2014 r\u00e9ussie dans son rapport annuel. La fondation a lanc\u00e9, coordonn\u00e9 et \u00e9valu\u00e9 environ 60 programmes l'ann\u00e9e derni\u00e8re.<\/p>\n<p>Avec le <a href=\"http:\/\/gesundheitsfoerderung.ch\/index.php?id=580\" target=\"_blank\" data-cke-saved-href=\"http:\/\/gesundheitsfoerderung.ch\/index.php?id=580\" rel=\"noopener\">Job-Stress-Index<\/a> elle a publi\u00e9 pour la premi\u00e8re fois une \u00e9tude scientifique sur le stress li\u00e9 au travail en Suisse, qui a suscit\u00e9 un grand int\u00e9r\u00eat. Elle a \u00e9valu\u00e9 des chiffres cl\u00e9s sur le stress au travail, l'\u00e9puisement des personnes actives ainsi que les co\u00fbts des pertes de productivit\u00e9 qui en d\u00e9coulent.<\/p>\n<p>Un deuxi\u00e8me grand projet \u00e9tait le <a href=\"http:\/\/gesundheitsfoerderung.ch\/wirtschaft\/produkte-und-dienstleistungen\/bgm-check.html\" target=\"_blank\" data-cke-saved-href=\"http:\/\/gesundheitsfoerderung.ch\/wirtschaft\/produkte-und-dienstleistungen\/bgm-check.html\" rel=\"noopener\">Bilan de sant\u00e9 en ligne<\/a>Il s'agit d'un outil qui permet aux entreprises de v\u00e9rifier l'\u00e9tat d'avancement de leur gestion de la sant\u00e9 en entreprise.<\/p>\n<p>De plus, l'ann\u00e9e derni\u00e8re, la fondation a f\u00eat\u00e9 son 25e anniversaire.<\/p>\n<p>Le rapport annuel 2014 est disponible en ligne <a href=\"http:\/\/gesundheitsfoerderung.ch\/assets\/public\/documents\/1_de\/d-ueber-uns\/1-stiftung\/3-geschaeftsberichte\/Geschaeftsbericht_Gesundheitsfoerderung_Schweiz_2014.pdf\" target=\"_blank\" data-cke-saved-href=\"http:\/\/gesundheitsfoerderung.ch\/assets\/public\/documents\/1_de\/d-ueber-uns\/1-stiftung\/3-geschaeftsberichte\/Geschaeftsbericht_Gesundheitsfoerderung_Schweiz_2014.pdf\" rel=\"noopener\">T\u00e9l\u00e9chargement <\/a>pr\u00eat.<\/p>","protected":false},"excerpt":{"rendered":"<p>Ein erfolgreiches 2014 meldete \u00a0Gesundheitsf\u00f6rderung Schweiz in ihrem Gesch\u00e4ftsbericht. Rund 60 Programme initiierte, koordinierte und evaluierte die Stiftung im vergangenen Jahr. Mit\u00a0dem Job-Stress-Index hat sie erstmals eine\u00a0wissenschaftliche Studie zu arbeitsbedingtem Stress in der Schweiz ver\u00f6ffentlicht, die grosse Beachtung fand.\u00a0Dabei wurden Kennzahlen zur Stressbelastung am Arbeitsplatz, zur Ersch\u00f6pfung der Erwerbst\u00e4tigen sowie zu den Kosten der dadurch [&hellip;]<\/p>\n","protected":false},"author":1,"featured_media":290,"comment_status":"open","ping_status":"open","sticky":false,"template":"","format":"standard","meta":{"_acf_changed":false,"pgc_sgb_lightbox_settings":"","footnotes":""},"categories":[1,3314],"tags":[1775,149],"class_list":["post-285","post","type-post","status-publish","format-standard","has-post-thumbnail","hentry","category-allgemein","category-health-safety","tag-betriebliches-gesundheitsmanagement","tag-gesundheitsschutz"],"acf":[],"hkrextid":null,"publication":null,"issue":null,"workflow":null,"startPage":null,"spitzmarke":null,"_posts_by_tag_page_fields":{"widget_title":"","widget_tags":""},"_at_widget":"1","_yoast_wpseo_primary_category":"4","_yoast_wpseo_focuskw_text_input":"Gesundheitsf\u00f6rderung","_yoast_wpseo_opengraph-image":null,"_yoast_wpseo_opengraph-description":null,"_yoast_wpseo_opengraph-title":null,"enclosure":null,"_yoast_wpseo_twitter-title":null,"_yoast_wpseo_twitter-description":null,"_yoast_wpseo_twitter-image":null,"_wp_old_slug":null,"_yoast_wpseo_title":null,"_yoast_wpseo_canonical":null,"yoast_head":"<!-- This site is optimized with the Yoast SEO plugin v27.5 - https:\/\/yoast.com\/product\/yoast-seo-wordpress\/ -->\n<title>Gesundheitsf\u00f6rderung Schweiz mit erfolgreichem Jahr - Save<\/title>\n<meta name=\"description\" content=\"Die Stiftung Gesundheitsf\u00f6rderung Schweiz hat 2014 knapp 20. Mio Franken in gesundheitsf\u00f6rderne Projekte und Programme investiert.\" \/>\n<meta name=\"robots\" content=\"index, follow, max-snippet:-1, max-image-preview:large, max-video-preview:-1\" \/>\n<link rel=\"canonical\" href=\"https:\/\/news.save.ch\/fr\/gesundheitsfoerderung-schweiz-mit-erfolgreichem-jahr\/\" \/>\n<meta property=\"og:locale\" content=\"fr_FR\" \/>\n<meta property=\"og:type\" content=\"article\" \/>\n<meta property=\"og:title\" content=\"Gesundheitsf\u00f6rderung Schweiz mit erfolgreichem Jahr - Save\" \/>\n<meta property=\"og:description\" content=\"Die Stiftung Gesundheitsf\u00f6rderung Schweiz hat 2014 knapp 20. Mio Franken in gesundheitsf\u00f6rderne Projekte und Programme investiert.\" \/>\n<meta property=\"og:url\" content=\"https:\/\/news.save.ch\/fr\/gesundheitsfoerderung-schweiz-mit-erfolgreichem-jahr\/\" \/>\n<meta property=\"og:site_name\" content=\"Save\" \/>\n<meta property=\"article:published_time\" content=\"2015-04-15T08:56:40+00:00\" \/>\n<meta property=\"article:modified_time\" content=\"2023-03-14T08:03:07+00:00\" \/>\n<meta property=\"og:image\" content=\"https:\/\/news.save.ch\/wp-content\/uploads\/2016\/12\/Gesundheitsfoerderung-Schweiz-mit-erfolgreichem-Jahr_safety-plus-scaled-1.jpg\" \/>\n\t<meta property=\"og:image:width\" content=\"1200\" \/>\n\t<meta property=\"og:image:height\" content=\"801\" \/>\n\t<meta property=\"og:image:type\" content=\"image\/jpeg\" \/>\n<meta name=\"author\" content=\"admin\" \/>\n<meta name=\"twitter:card\" content=\"summary_large_image\" \/>\n<meta name=\"twitter:label1\" content=\"\u00c9crit par\" \/>\n\t<meta name=\"twitter:data1\" content=\"admin\" \/>\n\t<meta name=\"twitter:label2\" content=\"Dur\u00e9e de lecture estim\u00e9e\" \/>\n\t<meta name=\"twitter:data2\" content=\"1 minute\" \/>\n<script type=\"application\/ld+json\" class=\"yoast-schema-graph\">{\"@context\":\"https:\\\/\\\/schema.org\",\"@graph\":[{\"@type\":\"Article\",\"@id\":\"https:\\\/\\\/news.save.ch\\\/gesundheitsfoerderung-schweiz-mit-erfolgreichem-jahr\\\/#article\",\"isPartOf\":{\"@id\":\"https:\\\/\\\/news.save.ch\\\/gesundheitsfoerderung-schweiz-mit-erfolgreichem-jahr\\\/\"},\"author\":{\"name\":\"admin\",\"@id\":\"https:\\\/\\\/news.save.ch\\\/de\\\/#\\\/schema\\\/person\\\/d49e199490bad7c70d64b9ab51142f2b\"},\"headline\":\"Gesundheitsf\u00f6rderung Schweiz mit erfolgreichem Jahr\",\"datePublished\":\"2015-04-15T08:56:40+00:00\",\"dateModified\":\"2023-03-14T08:03:07+00:00\",\"mainEntityOfPage\":{\"@id\":\"https:\\\/\\\/news.save.ch\\\/gesundheitsfoerderung-schweiz-mit-erfolgreichem-jahr\\\/\"},\"wordCount\":133,\"commentCount\":0,\"publisher\":{\"@id\":\"https:\\\/\\\/news.save.ch\\\/de\\\/#organization\"},\"image\":{\"@id\":\"https:\\\/\\\/news.save.ch\\\/gesundheitsfoerderung-schweiz-mit-erfolgreichem-jahr\\\/#primaryimage\"},\"thumbnailUrl\":\"https:\\\/\\\/news.save.ch\\\/wp-content\\\/uploads\\\/2016\\\/12\\\/Gesundheitsfoerderung-Schweiz-mit-erfolgreichem-Jahr_safety-plus-scaled-1.jpg\",\"keywords\":[\"Betriebliches Gesundheitsmanagement\",\"Gesundheitsschutz\"],\"articleSection\":[\"ALLGEMEIN\",\"HEALTH &amp; SAFETY\"],\"inLanguage\":\"fr-FR\"},{\"@type\":\"WebPage\",\"@id\":\"https:\\\/\\\/news.save.ch\\\/gesundheitsfoerderung-schweiz-mit-erfolgreichem-jahr\\\/\",\"url\":\"https:\\\/\\\/news.save.ch\\\/gesundheitsfoerderung-schweiz-mit-erfolgreichem-jahr\\\/\",\"name\":\"Gesundheitsf\u00f6rderung Schweiz mit erfolgreichem Jahr - Save\",\"isPartOf\":{\"@id\":\"https:\\\/\\\/news.save.ch\\\/de\\\/#website\"},\"primaryImageOfPage\":{\"@id\":\"https:\\\/\\\/news.save.ch\\\/gesundheitsfoerderung-schweiz-mit-erfolgreichem-jahr\\\/#primaryimage\"},\"image\":{\"@id\":\"https:\\\/\\\/news.save.ch\\\/gesundheitsfoerderung-schweiz-mit-erfolgreichem-jahr\\\/#primaryimage\"},\"thumbnailUrl\":\"https:\\\/\\\/news.save.ch\\\/wp-content\\\/uploads\\\/2016\\\/12\\\/Gesundheitsfoerderung-Schweiz-mit-erfolgreichem-Jahr_safety-plus-scaled-1.jpg\",\"datePublished\":\"2015-04-15T08:56:40+00:00\",\"dateModified\":\"2023-03-14T08:03:07+00:00\",\"description\":\"Die Stiftung Gesundheitsf\u00f6rderung Schweiz hat 2014 knapp 20. Mio Franken in gesundheitsf\u00f6rderne Projekte und Programme investiert.\",\"breadcrumb\":{\"@id\":\"https:\\\/\\\/news.save.ch\\\/gesundheitsfoerderung-schweiz-mit-erfolgreichem-jahr\\\/#breadcrumb\"},\"inLanguage\":\"fr-FR\",\"potentialAction\":[{\"@type\":\"ReadAction\",\"target\":[\"https:\\\/\\\/news.save.ch\\\/gesundheitsfoerderung-schweiz-mit-erfolgreichem-jahr\\\/\"]}]},{\"@type\":\"ImageObject\",\"inLanguage\":\"fr-FR\",\"@id\":\"https:\\\/\\\/news.save.ch\\\/gesundheitsfoerderung-schweiz-mit-erfolgreichem-jahr\\\/#primaryimage\",\"url\":\"https:\\\/\\\/news.save.ch\\\/wp-content\\\/uploads\\\/2016\\\/12\\\/Gesundheitsfoerderung-Schweiz-mit-erfolgreichem-Jahr_safety-plus-scaled-1.jpg\",\"contentUrl\":\"https:\\\/\\\/news.save.ch\\\/wp-content\\\/uploads\\\/2016\\\/12\\\/Gesundheitsfoerderung-Schweiz-mit-erfolgreichem-Jahr_safety-plus-scaled-1.jpg\",\"width\":1200,\"height\":801,\"caption\":\"Wie weit ist ihr betriebliche Gesundheitsmanagement? Der Online-Checkvon Gesundheitsf\u00f6rderung Schweiz zeigt es auf.\"},{\"@type\":\"BreadcrumbList\",\"@id\":\"https:\\\/\\\/news.save.ch\\\/gesundheitsfoerderung-schweiz-mit-erfolgreichem-jahr\\\/#breadcrumb\",\"itemListElement\":[{\"@type\":\"ListItem\",\"position\":1,\"name\":\"Home\",\"item\":\"https:\\\/\\\/news.save.ch\\\/de\\\/\"},{\"@type\":\"ListItem\",\"position\":2,\"name\":\"Gesundheitsf\u00f6rderung Schweiz mit erfolgreichem Jahr\"}]},{\"@type\":\"WebSite\",\"@id\":\"https:\\\/\\\/news.save.ch\\\/de\\\/#website\",\"url\":\"https:\\\/\\\/news.save.ch\\\/de\\\/\",\"name\":\"Save\",\"description\":\"Schweizer Fachzeitschrift f\u00fcr Sicherheit\",\"publisher\":{\"@id\":\"https:\\\/\\\/news.save.ch\\\/de\\\/#organization\"},\"potentialAction\":[{\"@type\":\"SearchAction\",\"target\":{\"@type\":\"EntryPoint\",\"urlTemplate\":\"https:\\\/\\\/news.save.ch\\\/de\\\/?s={search_term_string}\"},\"query-input\":{\"@type\":\"PropertyValueSpecification\",\"valueRequired\":true,\"valueName\":\"search_term_string\"}}],\"inLanguage\":\"fr-FR\"},{\"@type\":\"Organization\",\"@id\":\"https:\\\/\\\/news.save.ch\\\/de\\\/#organization\",\"name\":\"Sicherheitsforum\",\"url\":\"https:\\\/\\\/news.save.ch\\\/de\\\/\",\"logo\":{\"@type\":\"ImageObject\",\"inLanguage\":\"fr-FR\",\"@id\":\"https:\\\/\\\/news.save.ch\\\/de\\\/#\\\/schema\\\/logo\\\/image\\\/\",\"url\":\"https:\\\/\\\/news.save.ch\\\/wp-content\\\/uploads\\\/2022\\\/06\\\/Logo_SF_2012.png\",\"contentUrl\":\"https:\\\/\\\/news.save.ch\\\/wp-content\\\/uploads\\\/2022\\\/06\\\/Logo_SF_2012.png\",\"width\":1100,\"height\":91,\"caption\":\"Sicherheitsforum\"},\"image\":{\"@id\":\"https:\\\/\\\/news.save.ch\\\/de\\\/#\\\/schema\\\/logo\\\/image\\\/\"}},{\"@type\":\"Person\",\"@id\":\"https:\\\/\\\/news.save.ch\\\/de\\\/#\\\/schema\\\/person\\\/d49e199490bad7c70d64b9ab51142f2b\",\"name\":\"admin\",\"image\":{\"@type\":\"ImageObject\",\"inLanguage\":\"fr-FR\",\"@id\":\"https:\\\/\\\/secure.gravatar.com\\\/avatar\\\/ae2f4d718e6c49043e314ce431e7e645d646302a24a5ef5a8bc8e3f5a032e319?s=96&d=mm&r=g\",\"url\":\"https:\\\/\\\/secure.gravatar.com\\\/avatar\\\/ae2f4d718e6c49043e314ce431e7e645d646302a24a5ef5a8bc8e3f5a032e319?s=96&d=mm&r=g\",\"contentUrl\":\"https:\\\/\\\/secure.gravatar.com\\\/avatar\\\/ae2f4d718e6c49043e314ce431e7e645d646302a24a5ef5a8bc8e3f5a032e319?s=96&d=mm&r=g\",\"caption\":\"admin\"},\"sameAs\":[\"https:\\\/\\\/develop.organisator.galledia.ch\"],\"url\":\"https:\\\/\\\/news.save.ch\\\/fr\\\/author\\\/admin\\\/\"}]}<\/script>\n<!-- \/ Yoast SEO plugin. -->","yoast_head_json":{"title":"Promotion Sant\u00e9 Suisse : une ann\u00e9e r\u00e9ussie - Save","description":"En 2014, la fondation Promotion Sant\u00e9 Suisse a investi pr\u00e8s de 20 millions de francs dans des projets et programmes de promotion de la sant\u00e9.","robots":{"index":"index","follow":"follow","max-snippet":"max-snippet:-1","max-image-preview":"max-image-preview:large","max-video-preview":"max-video-preview:-1"},"canonical":"https:\/\/news.save.ch\/fr\/gesundheitsfoerderung-schweiz-mit-erfolgreichem-jahr\/","og_locale":"fr_FR","og_type":"article","og_title":"Gesundheitsf\u00f6rderung Schweiz mit erfolgreichem Jahr - Save","og_description":"Die Stiftung Gesundheitsf\u00f6rderung Schweiz hat 2014 knapp 20. Mio Franken in gesundheitsf\u00f6rderne Projekte und Programme investiert.","og_url":"https:\/\/news.save.ch\/fr\/gesundheitsfoerderung-schweiz-mit-erfolgreichem-jahr\/","og_site_name":"Save","article_published_time":"2015-04-15T08:56:40+00:00","article_modified_time":"2023-03-14T08:03:07+00:00","og_image":[{"width":1200,"height":801,"url":"https:\/\/news.save.ch\/wp-content\/uploads\/2016\/12\/Gesundheitsfoerderung-Schweiz-mit-erfolgreichem-Jahr_safety-plus-scaled-1.jpg","type":"image\/jpeg"}],"author":"admin","twitter_card":"summary_large_image","twitter_misc":{"\u00c9crit par":"admin","Dur\u00e9e de lecture estim\u00e9e":"1 minute"},"schema":{"@context":"https:\/\/schema.org","@graph":[{"@type":"Article","@id":"https:\/\/news.save.ch\/gesundheitsfoerderung-schweiz-mit-erfolgreichem-jahr\/#article","isPartOf":{"@id":"https:\/\/news.save.ch\/gesundheitsfoerderung-schweiz-mit-erfolgreichem-jahr\/"},"author":{"name":"admin","@id":"https:\/\/news.save.ch\/de\/#\/schema\/person\/d49e199490bad7c70d64b9ab51142f2b"},"headline":"Gesundheitsf\u00f6rderung Schweiz mit erfolgreichem Jahr","datePublished":"2015-04-15T08:56:40+00:00","dateModified":"2023-03-14T08:03:07+00:00","mainEntityOfPage":{"@id":"https:\/\/news.save.ch\/gesundheitsfoerderung-schweiz-mit-erfolgreichem-jahr\/"},"wordCount":133,"commentCount":0,"publisher":{"@id":"https:\/\/news.save.ch\/de\/#organization"},"image":{"@id":"https:\/\/news.save.ch\/gesundheitsfoerderung-schweiz-mit-erfolgreichem-jahr\/#primaryimage"},"thumbnailUrl":"https:\/\/news.save.ch\/wp-content\/uploads\/2016\/12\/Gesundheitsfoerderung-Schweiz-mit-erfolgreichem-Jahr_safety-plus-scaled-1.jpg","keywords":["Betriebliches Gesundheitsmanagement","Gesundheitsschutz"],"articleSection":["ALLGEMEIN","HEALTH &amp; SAFETY"],"inLanguage":"fr-FR"},{"@type":"WebPage","@id":"https:\/\/news.save.ch\/gesundheitsfoerderung-schweiz-mit-erfolgreichem-jahr\/","url":"https:\/\/news.save.ch\/gesundheitsfoerderung-schweiz-mit-erfolgreichem-jahr\/","name":"Promotion Sant\u00e9 Suisse : une ann\u00e9e r\u00e9ussie - Save","isPartOf":{"@id":"https:\/\/news.save.ch\/de\/#website"},"primaryImageOfPage":{"@id":"https:\/\/news.save.ch\/gesundheitsfoerderung-schweiz-mit-erfolgreichem-jahr\/#primaryimage"},"image":{"@id":"https:\/\/news.save.ch\/gesundheitsfoerderung-schweiz-mit-erfolgreichem-jahr\/#primaryimage"},"thumbnailUrl":"https:\/\/news.save.ch\/wp-content\/uploads\/2016\/12\/Gesundheitsfoerderung-Schweiz-mit-erfolgreichem-Jahr_safety-plus-scaled-1.jpg","datePublished":"2015-04-15T08:56:40+00:00","dateModified":"2023-03-14T08:03:07+00:00","description":"En 2014, la fondation Promotion Sant\u00e9 Suisse a investi pr\u00e8s de 20 millions de francs dans des projets et programmes de promotion de la sant\u00e9.","breadcrumb":{"@id":"https:\/\/news.save.ch\/gesundheitsfoerderung-schweiz-mit-erfolgreichem-jahr\/#breadcrumb"},"inLanguage":"fr-FR","potentialAction":[{"@type":"ReadAction","target":["https:\/\/news.save.ch\/gesundheitsfoerderung-schweiz-mit-erfolgreichem-jahr\/"]}]},{"@type":"ImageObject","inLanguage":"fr-FR","@id":"https:\/\/news.save.ch\/gesundheitsfoerderung-schweiz-mit-erfolgreichem-jahr\/#primaryimage","url":"https:\/\/news.save.ch\/wp-content\/uploads\/2016\/12\/Gesundheitsfoerderung-Schweiz-mit-erfolgreichem-Jahr_safety-plus-scaled-1.jpg","contentUrl":"https:\/\/news.save.ch\/wp-content\/uploads\/2016\/12\/Gesundheitsfoerderung-Schweiz-mit-erfolgreichem-Jahr_safety-plus-scaled-1.jpg","width":1200,"height":801,"caption":"Wie weit ist ihr betriebliche Gesundheitsmanagement? Der Online-Checkvon Gesundheitsf\u00f6rderung Schweiz zeigt es auf."},{"@type":"BreadcrumbList","@id":"https:\/\/news.save.ch\/gesundheitsfoerderung-schweiz-mit-erfolgreichem-jahr\/#breadcrumb","itemListElement":[{"@type":"ListItem","position":1,"name":"Home","item":"https:\/\/news.save.ch\/de\/"},{"@type":"ListItem","position":2,"name":"Gesundheitsf\u00f6rderung Schweiz mit erfolgreichem Jahr"}]},{"@type":"WebSite","@id":"https:\/\/news.save.ch\/de\/#website","url":"https:\/\/news.save.ch\/de\/","name":"Save","description":"Revue suisse sp\u00e9cialis\u00e9e dans la s\u00e9curit\u00e9","publisher":{"@id":"https:\/\/news.save.ch\/de\/#organization"},"potentialAction":[{"@type":"SearchAction","target":{"@type":"EntryPoint","urlTemplate":"https:\/\/news.save.ch\/de\/?s={search_term_string}"},"query-input":{"@type":"PropertyValueSpecification","valueRequired":true,"valueName":"search_term_string"}}],"inLanguage":"fr-FR"},{"@type":"Organization","@id":"https:\/\/news.save.ch\/de\/#organization","name":"Forum sur la s\u00e9curit\u00e9","url":"https:\/\/news.save.ch\/de\/","logo":{"@type":"ImageObject","inLanguage":"fr-FR","@id":"https:\/\/news.save.ch\/de\/#\/schema\/logo\/image\/","url":"https:\/\/news.save.ch\/wp-content\/uploads\/2022\/06\/Logo_SF_2012.png","contentUrl":"https:\/\/news.save.ch\/wp-content\/uploads\/2022\/06\/Logo_SF_2012.png","width":1100,"height":91,"caption":"Sicherheitsforum"},"image":{"@id":"https:\/\/news.save.ch\/de\/#\/schema\/logo\/image\/"}},{"@type":"Person","@id":"https:\/\/news.save.ch\/de\/#\/schema\/person\/d49e199490bad7c70d64b9ab51142f2b","name":"admin","image":{"@type":"ImageObject","inLanguage":"fr-FR","@id":"https:\/\/secure.gravatar.com\/avatar\/ae2f4d718e6c49043e314ce431e7e645d646302a24a5ef5a8bc8e3f5a032e319?s=96&d=mm&r=g","url":"https:\/\/secure.gravatar.com\/avatar\/ae2f4d718e6c49043e314ce431e7e645d646302a24a5ef5a8bc8e3f5a032e319?s=96&d=mm&r=g","contentUrl":"https:\/\/secure.gravatar.com\/avatar\/ae2f4d718e6c49043e314ce431e7e645d646302a24a5ef5a8bc8e3f5a032e319?s=96&d=mm&r=g","caption":"admin"},"sameAs":["https:\/\/develop.organisator.galledia.ch"],"url":"https:\/\/news.save.ch\/fr\/author\/admin\/"}]}},"_links":{"self":[{"href":"https:\/\/news.save.ch\/fr\/wp-json\/wp\/v2\/posts\/285","targetHints":{"allow":["GET"]}}],"collection":[{"href":"https:\/\/news.save.ch\/fr\/wp-json\/wp\/v2\/posts"}],"about":[{"href":"https:\/\/news.save.ch\/fr\/wp-json\/wp\/v2\/types\/post"}],"author":[{"embeddable":true,"href":"https:\/\/news.save.ch\/fr\/wp-json\/wp\/v2\/users\/1"}],"replies":[{"embeddable":true,"href":"https:\/\/news.save.ch\/fr\/wp-json\/wp\/v2\/comments?post=285"}],"version-history":[{"count":1,"href":"https:\/\/news.save.ch\/fr\/wp-json\/wp\/v2\/posts\/285\/revisions"}],"predecessor-version":[{"id":18864,"href":"https:\/\/news.save.ch\/fr\/wp-json\/wp\/v2\/posts\/285\/revisions\/18864"}],"wp:featuredmedia":[{"embeddable":true,"href":"https:\/\/news.save.ch\/fr\/wp-json\/wp\/v2\/media\/290"}],"wp:attachment":[{"href":"https:\/\/news.save.ch\/fr\/wp-json\/wp\/v2\/media?parent=285"}],"wp:term":[{"taxonomy":"category","embeddable":true,"href":"https:\/\/news.save.ch\/fr\/wp-json\/wp\/v2\/categories?post=285"},{"taxonomy":"post_tag","embeddable":true,"href":"https:\/\/news.save.ch\/fr\/wp-json\/wp\/v2\/tags?post=285"}],"curies":[{"name":"wp","href":"https:\/\/api.w.org\/{rel}","templated":true}]}}