{"id":287,"date":"2015-04-01T08:51:27","date_gmt":"2015-04-01T06:51:27","guid":{"rendered":"https:\/\/dev.sicherheitsforum.ch\/?p=287"},"modified":"2023-03-14T08:57:43","modified_gmt":"2023-03-14T07:57:43","slug":"bundesrat-will-datenschutz-staerken","status":null,"type":"post","link":"https:\/\/news.save.ch\/fr\/bundesrat-will-datenschutz-staerken\/","title":{"rendered":"Le Conseil f\u00e9d\u00e9ral veut renforcer la protection des donn\u00e9es"},"content":{"rendered":"<p><img loading=\"lazy\" decoding=\"async\" class=\"alignnone size-medium wp-image-288\" src=\"https:\/\/sicherheitsforum.ch\/wp-content\/uploads\/2016\/12\/Bundesrat-will-Datenschutz-st\u00e4rken-it-security.jpg\" alt=\"Probl\u00e8mes de confidentialit\u00e9 sur Facebook\" width=\"680\" height=\"936\" \/><\/p>\n<p>&nbsp;<\/p>\n<p>Apr\u00e8s l'\u00e9valuation de la LPD en 2010 et 2011, le Conseil f\u00e9d\u00e9ral avait charg\u00e9 le D\u00e9partement de justice et police (DFJP) d'examiner des mesures l\u00e9gislatives visant \u00e0 renforcer la protection des donn\u00e9es. A cette fin, le DFJP a mis en place un groupe de travail largement repr\u00e9sentatif, compos\u00e9 de repr\u00e9sentants de l'administration f\u00e9d\u00e9rale, des cantons, des milieux scientifiques ainsi que des organisations \u00e9conomiques et de consommateurs. Dans son rapport, dont le Conseil f\u00e9d\u00e9ral a pris connaissance mercredi, ce groupe pr\u00e9sente diff\u00e9rentes variantes permettant d'adapter les dispositions de protection des donn\u00e9es aux \u00e9volutions technologiques et sociales et de rem\u00e9dier aux probl\u00e8mes d'application de la LPD.<\/p>\n<p><strong>Prendre en compte les r\u00e9formes au niveau europ\u00e9en<\/strong><\/p>\n<p>Actuellement, les dispositions relatives \u00e0 la protection des donn\u00e9es sont r\u00e9vis\u00e9es tant au sein de l'UE que du Conseil de l'Europe. Le Conseil de l'Europe r\u00e9vise fondamentalement la \"Convention pour la protection des personnes \u00e0 l'\u00e9gard du traitement automatis\u00e9 des donn\u00e9es \u00e0 caract\u00e8re personnel\", ratifi\u00e9e par la Suisse. Le projet de modernisation de la convention, entr\u00e9e en vigueur en 1985, devrait \u00eatre adopt\u00e9 dans le courant de 2015 ou 2016 et soumis \u00e0 la signature des parties contractantes. Le Conseil f\u00e9d\u00e9ral estime que le fait de renoncer \u00e0 ratifier la convention modernis\u00e9e du Conseil de l'Europe aurait pour la Suisse des cons\u00e9quences n\u00e9gatives consid\u00e9rables sur les flux de donn\u00e9es transfrontaliers.<\/p>\n<p>L'UE travaille \u00e9galement actuellement \u00e0 la r\u00e9vision de ses actes l\u00e9gislatifs en mati\u00e8re de protection des donn\u00e9es. La r\u00e9forme de la protection des donn\u00e9es de l'UE ne sera probablement pas achev\u00e9e avant fin 2015. Certes, la Suisse n'est li\u00e9e par les actes l\u00e9gislatifs de l'UE en mati\u00e8re de protection des donn\u00e9es que dans la mesure o\u00f9 ceux-ci constituent un d\u00e9veloppement de l'acquis de Schengen\/Dublin. Toutefois, la circulation des donn\u00e9es avec l'UE est en principe soumise \u00e0 la condition que l'UE reconnaisse le niveau de protection des donn\u00e9es de la Suisse comme ad\u00e9quat. La Suisse a donc int\u00e9r\u00eat \u00e0 renforcer sa l\u00e9gislation en mati\u00e8re de protection des donn\u00e9es.<\/p>\n<p>Avec la r\u00e9vision de la LPD, le Conseil f\u00e9d\u00e9ral entend cr\u00e9er les conditions permettant \u00e0 la Suisse de ratifier la Convention modernis\u00e9e du Conseil de l'Europe pour la protection des personnes \u00e0 l'\u00e9gard du traitement automatis\u00e9 des donn\u00e9es \u00e0 caract\u00e8re personnel et, dans la mesure o\u00f9 cela est n\u00e9cessaire dans le cadre du d\u00e9veloppement de l'acquis de Schengen\/Dublin, de reprendre les actes l\u00e9gislatifs de l'UE en mati\u00e8re de protection des donn\u00e9es.<\/p>\n<p>Le Conseil f\u00e9d\u00e9ral entend toutefois faire avancer rapidement la suite des travaux. En fixant un d\u00e9lai pour l'\u00e9laboration d'un avant-projet jusqu'\u00e0 fin ao\u00fbt 2016 au plus tard, l'issue de ces r\u00e9formes au niveau europ\u00e9en pourra \u00eatre prise en compte de mani\u00e8re ad\u00e9quate lors de l'\u00e9laboration du projet mis en consultation.<\/p>\n<p><strong>Renforcer les droits des personnes concern\u00e9es<\/strong><\/p>\n<p>L'\u00e9valuation de la LPD avait montr\u00e9 que les personnes concern\u00e9es ne faisaient que rarement valoir leurs droits vis-\u00e0-vis des responsables du traitement des donn\u00e9es. Afin que la loi puisse \u00eatre mieux appliqu\u00e9e \u00e0 l'avenir, on examinera, lors de l'\u00e9laboration du projet mis en consultation, s'il convient de renforcer ponctuellement, outre les comp\u00e9tences et les pouvoirs du PFPDT, les diff\u00e9rents droits juridiques des personnes concern\u00e9es ainsi que les proc\u00e9dures de mise en \u0153uvre des droits. Cela vaut notamment pour les domaines dans lesquels il existe encore des lacunes par rapport aux r\u00e9formes du Conseil de l'Europe.<\/p>\n<p>Avec la r\u00e9vision de la LPD, le Conseil f\u00e9d\u00e9ral veut en outre am\u00e9liorer le contr\u00f4le et la ma\u00eetrise des donn\u00e9es ainsi que la protection des mineurs. Enfin, la promotion de r\u00e8gles de bonnes pratiques doit permettre une intervention plus pr\u00e9coce de la protection des donn\u00e9es.<\/p>","protected":false},"excerpt":{"rendered":"<p>&nbsp; Nach der Evaluation des DSG in den Jahren 2010 und 2011 hatte der Bundesrat das Justiz- und Polizeidepartement (EJPD) beauftragt, gesetzgeberische Massnahmen zur St\u00e4rkung des Datenschutzes zu pr\u00fcfen. Zu diesem Zweck hat das EJPD eine breit abgest\u00fctzte Arbeitsgruppe aus Vertretern der Bundesverwaltung, der Kantone, der Wissenschaft sowie der Wirtschafts- und Konsumentenorganisationen eingesetzt. In ihrem [&hellip;]<\/p>\n","protected":false},"author":1,"featured_media":288,"comment_status":"open","ping_status":"open","sticky":false,"template":"","format":"standard","meta":{"_acf_changed":false,"pgc_sgb_lightbox_settings":"","footnotes":""},"categories":[3313],"tags":[62,63],"class_list":["post-287","post","type-post","status-publish","format-standard","has-post-thumbnail","hentry","category-digitalisierung","tag-ict-sicherheit","tag-it-security"],"acf":[],"hkrextid":null,"publication":null,"issue":null,"workflow":null,"startPage":null,"spitzmarke":null,"_posts_by_tag_page_fields":{"widget_title":"","widget_tags":""},"_at_widget":"1","_yoast_wpseo_primary_category":"2","_yoast_wpseo_focuskw_text_input":"Datenschutz","_yoast_wpseo_opengraph-image":"https:\/\/news.save.ch\/wp-content\/uploads\/2016\/12\/Bundesrat-will-Datenschutz-st\u00e4rken-it-security.jpg","_yoast_wpseo_opengraph-description":"Der Bundesrat will das Datenschutzgesetz (DSG) revidieren. Er hat das Eidgen\u00f6ssische Justiz- und Polizeidepartement (EJPD) beauftragt, ihm unter Ber\u00fccksichtigung der derzeit laufenden Datenschutzreformen in der EU und beim Europarat bis sp\u00e4testens Ende August 2016 einen Vorentwurf f\u00fcr eine Revision des DSG zu unterbreiten.","_yoast_wpseo_opengraph-title":"Datenschutz","enclosure":null,"_yoast_wpseo_twitter-title":null,"_yoast_wpseo_twitter-description":null,"_yoast_wpseo_twitter-image":null,"_wp_old_slug":null,"_yoast_wpseo_title":null,"_yoast_wpseo_canonical":null,"yoast_head":"<!-- This site is optimized with the Yoast SEO plugin v27.4 - https:\/\/yoast.com\/product\/yoast-seo-wordpress\/ -->\n<title>Bundesrat will Datenschutz st\u00e4rken - Save<\/title>\n<meta name=\"description\" content=\"Der Bundesrat will das Datenschutz-Gesetz (DSG) revidieren.\" \/>\n<meta name=\"robots\" content=\"index, follow, max-snippet:-1, max-image-preview:large, max-video-preview:-1\" \/>\n<link rel=\"canonical\" href=\"https:\/\/news.save.ch\/fr\/bundesrat-will-datenschutz-staerken\/\" \/>\n<meta property=\"og:locale\" content=\"fr_FR\" \/>\n<meta property=\"og:type\" content=\"article\" \/>\n<meta property=\"og:title\" content=\"Datenschutz\" \/>\n<meta property=\"og:description\" content=\"Der Bundesrat will das Datenschutzgesetz (DSG) revidieren. Er hat das Eidgen\u00f6ssische Justiz- und Polizeidepartement (EJPD) beauftragt, ihm unter Ber\u00fccksichtigung der derzeit laufenden Datenschutzreformen in der EU und beim Europarat bis sp\u00e4testens Ende August 2016 einen Vorentwurf f\u00fcr eine Revision des DSG zu unterbreiten.\" \/>\n<meta property=\"og:url\" content=\"https:\/\/news.save.ch\/fr\/bundesrat-will-datenschutz-staerken\/\" \/>\n<meta property=\"og:site_name\" content=\"Save\" \/>\n<meta property=\"article:published_time\" content=\"2015-04-01T06:51:27+00:00\" \/>\n<meta property=\"article:modified_time\" content=\"2023-03-14T07:57:43+00:00\" \/>\n<meta property=\"og:image\" content=\"https:\/\/news.save.ch\/wp-content\/uploads\/2016\/12\/Bundesrat-will-Datenschutz-st\u00e4rken-it-security.jpg\" \/>\n<meta name=\"author\" content=\"admin\" \/>\n<meta name=\"twitter:card\" content=\"summary_large_image\" \/>\n<meta name=\"twitter:label1\" content=\"\u00c9crit par\" \/>\n\t<meta name=\"twitter:data1\" content=\"admin\" \/>\n\t<meta name=\"twitter:label2\" content=\"Dur\u00e9e de lecture estim\u00e9e\" \/>\n\t<meta name=\"twitter:data2\" content=\"2 minutes\" \/>\n<script type=\"application\/ld+json\" class=\"yoast-schema-graph\">{\"@context\":\"https:\\\/\\\/schema.org\",\"@graph\":[{\"@type\":\"Article\",\"@id\":\"https:\\\/\\\/news.save.ch\\\/bundesrat-will-datenschutz-staerken\\\/#article\",\"isPartOf\":{\"@id\":\"https:\\\/\\\/news.save.ch\\\/bundesrat-will-datenschutz-staerken\\\/\"},\"author\":{\"name\":\"admin\",\"@id\":\"https:\\\/\\\/news.save.ch\\\/de\\\/#\\\/schema\\\/person\\\/d49e199490bad7c70d64b9ab51142f2b\"},\"headline\":\"Bundesrat will Datenschutz st\u00e4rken\",\"datePublished\":\"2015-04-01T06:51:27+00:00\",\"dateModified\":\"2023-03-14T07:57:43+00:00\",\"mainEntityOfPage\":{\"@id\":\"https:\\\/\\\/news.save.ch\\\/bundesrat-will-datenschutz-staerken\\\/\"},\"wordCount\":471,\"commentCount\":0,\"publisher\":{\"@id\":\"https:\\\/\\\/news.save.ch\\\/de\\\/#organization\"},\"image\":{\"@id\":\"https:\\\/\\\/news.save.ch\\\/bundesrat-will-datenschutz-staerken\\\/#primaryimage\"},\"thumbnailUrl\":\"https:\\\/\\\/news.save.ch\\\/wp-content\\\/uploads\\\/2016\\\/12\\\/Bundesrat-will-Datenschutz-staerken-it-security-scaled.jpg\",\"keywords\":[\"ICT-Sicherheit\",\"IT-SECURITY\"],\"articleSection\":[\"DIGITALISIERUNG\"],\"inLanguage\":\"fr-FR\"},{\"@type\":\"WebPage\",\"@id\":\"https:\\\/\\\/news.save.ch\\\/bundesrat-will-datenschutz-staerken\\\/\",\"url\":\"https:\\\/\\\/news.save.ch\\\/bundesrat-will-datenschutz-staerken\\\/\",\"name\":\"Bundesrat will Datenschutz st\u00e4rken - Save\",\"isPartOf\":{\"@id\":\"https:\\\/\\\/news.save.ch\\\/de\\\/#website\"},\"primaryImageOfPage\":{\"@id\":\"https:\\\/\\\/news.save.ch\\\/bundesrat-will-datenschutz-staerken\\\/#primaryimage\"},\"image\":{\"@id\":\"https:\\\/\\\/news.save.ch\\\/bundesrat-will-datenschutz-staerken\\\/#primaryimage\"},\"thumbnailUrl\":\"https:\\\/\\\/news.save.ch\\\/wp-content\\\/uploads\\\/2016\\\/12\\\/Bundesrat-will-Datenschutz-staerken-it-security-scaled.jpg\",\"datePublished\":\"2015-04-01T06:51:27+00:00\",\"dateModified\":\"2023-03-14T07:57:43+00:00\",\"description\":\"Der Bundesrat will das Datenschutz-Gesetz (DSG) revidieren.\",\"breadcrumb\":{\"@id\":\"https:\\\/\\\/news.save.ch\\\/bundesrat-will-datenschutz-staerken\\\/#breadcrumb\"},\"inLanguage\":\"fr-FR\",\"potentialAction\":[{\"@type\":\"ReadAction\",\"target\":[\"https:\\\/\\\/news.save.ch\\\/bundesrat-will-datenschutz-staerken\\\/\"]}]},{\"@type\":\"ImageObject\",\"inLanguage\":\"fr-FR\",\"@id\":\"https:\\\/\\\/news.save.ch\\\/bundesrat-will-datenschutz-staerken\\\/#primaryimage\",\"url\":\"https:\\\/\\\/news.save.ch\\\/wp-content\\\/uploads\\\/2016\\\/12\\\/Bundesrat-will-Datenschutz-staerken-it-security-scaled.jpg\",\"contentUrl\":\"https:\\\/\\\/news.save.ch\\\/wp-content\\\/uploads\\\/2016\\\/12\\\/Bundesrat-will-Datenschutz-staerken-it-security-scaled.jpg\",\"width\":1017,\"height\":1400},{\"@type\":\"BreadcrumbList\",\"@id\":\"https:\\\/\\\/news.save.ch\\\/bundesrat-will-datenschutz-staerken\\\/#breadcrumb\",\"itemListElement\":[{\"@type\":\"ListItem\",\"position\":1,\"name\":\"Home\",\"item\":\"https:\\\/\\\/news.save.ch\\\/de\\\/\"},{\"@type\":\"ListItem\",\"position\":2,\"name\":\"Bundesrat will Datenschutz st\u00e4rken\"}]},{\"@type\":\"WebSite\",\"@id\":\"https:\\\/\\\/news.save.ch\\\/de\\\/#website\",\"url\":\"https:\\\/\\\/news.save.ch\\\/de\\\/\",\"name\":\"Save\",\"description\":\"Schweizer Fachzeitschrift f\u00fcr Sicherheit\",\"publisher\":{\"@id\":\"https:\\\/\\\/news.save.ch\\\/de\\\/#organization\"},\"potentialAction\":[{\"@type\":\"SearchAction\",\"target\":{\"@type\":\"EntryPoint\",\"urlTemplate\":\"https:\\\/\\\/news.save.ch\\\/de\\\/?s={search_term_string}\"},\"query-input\":{\"@type\":\"PropertyValueSpecification\",\"valueRequired\":true,\"valueName\":\"search_term_string\"}}],\"inLanguage\":\"fr-FR\"},{\"@type\":\"Organization\",\"@id\":\"https:\\\/\\\/news.save.ch\\\/de\\\/#organization\",\"name\":\"Sicherheitsforum\",\"url\":\"https:\\\/\\\/news.save.ch\\\/de\\\/\",\"logo\":{\"@type\":\"ImageObject\",\"inLanguage\":\"fr-FR\",\"@id\":\"https:\\\/\\\/news.save.ch\\\/de\\\/#\\\/schema\\\/logo\\\/image\\\/\",\"url\":\"https:\\\/\\\/news.save.ch\\\/wp-content\\\/uploads\\\/2022\\\/06\\\/Logo_SF_2012.png\",\"contentUrl\":\"https:\\\/\\\/news.save.ch\\\/wp-content\\\/uploads\\\/2022\\\/06\\\/Logo_SF_2012.png\",\"width\":1100,\"height\":91,\"caption\":\"Sicherheitsforum\"},\"image\":{\"@id\":\"https:\\\/\\\/news.save.ch\\\/de\\\/#\\\/schema\\\/logo\\\/image\\\/\"}},{\"@type\":\"Person\",\"@id\":\"https:\\\/\\\/news.save.ch\\\/de\\\/#\\\/schema\\\/person\\\/d49e199490bad7c70d64b9ab51142f2b\",\"name\":\"admin\",\"image\":{\"@type\":\"ImageObject\",\"inLanguage\":\"fr-FR\",\"@id\":\"https:\\\/\\\/secure.gravatar.com\\\/avatar\\\/ae2f4d718e6c49043e314ce431e7e645d646302a24a5ef5a8bc8e3f5a032e319?s=96&d=mm&r=g\",\"url\":\"https:\\\/\\\/secure.gravatar.com\\\/avatar\\\/ae2f4d718e6c49043e314ce431e7e645d646302a24a5ef5a8bc8e3f5a032e319?s=96&d=mm&r=g\",\"contentUrl\":\"https:\\\/\\\/secure.gravatar.com\\\/avatar\\\/ae2f4d718e6c49043e314ce431e7e645d646302a24a5ef5a8bc8e3f5a032e319?s=96&d=mm&r=g\",\"caption\":\"admin\"},\"sameAs\":[\"https:\\\/\\\/develop.organisator.galledia.ch\"],\"url\":\"https:\\\/\\\/news.save.ch\\\/fr\\\/author\\\/admin\\\/\"}]}<\/script>\n<!-- \/ Yoast SEO plugin. -->","yoast_head_json":{"title":"Le Conseil f\u00e9d\u00e9ral veut renforcer la protection des donn\u00e9es - Save","description":"Le Conseil f\u00e9d\u00e9ral veut r\u00e9viser la loi sur la protection des donn\u00e9es (LPD).","robots":{"index":"index","follow":"follow","max-snippet":"max-snippet:-1","max-image-preview":"max-image-preview:large","max-video-preview":"max-video-preview:-1"},"canonical":"https:\/\/news.save.ch\/fr\/bundesrat-will-datenschutz-staerken\/","og_locale":"fr_FR","og_type":"article","og_title":"Datenschutz","og_description":"Der Bundesrat will das Datenschutzgesetz (DSG) revidieren. Er hat das Eidgen\u00f6ssische Justiz- und Polizeidepartement (EJPD) beauftragt, ihm unter Ber\u00fccksichtigung der derzeit laufenden Datenschutzreformen in der EU und beim Europarat bis sp\u00e4testens Ende August 2016 einen Vorentwurf f\u00fcr eine Revision des DSG zu unterbreiten.","og_url":"https:\/\/news.save.ch\/fr\/bundesrat-will-datenschutz-staerken\/","og_site_name":"Save","article_published_time":"2015-04-01T06:51:27+00:00","article_modified_time":"2023-03-14T07:57:43+00:00","og_image":[{"url":"https:\/\/news.save.ch\/wp-content\/uploads\/2016\/12\/Bundesrat-will-Datenschutz-st\u00e4rken-it-security.jpg","type":"","width":"","height":""}],"author":"admin","twitter_card":"summary_large_image","twitter_misc":{"\u00c9crit par":"admin","Dur\u00e9e de lecture estim\u00e9e":"2 minutes"},"schema":{"@context":"https:\/\/schema.org","@graph":[{"@type":"Article","@id":"https:\/\/news.save.ch\/bundesrat-will-datenschutz-staerken\/#article","isPartOf":{"@id":"https:\/\/news.save.ch\/bundesrat-will-datenschutz-staerken\/"},"author":{"name":"admin","@id":"https:\/\/news.save.ch\/de\/#\/schema\/person\/d49e199490bad7c70d64b9ab51142f2b"},"headline":"Bundesrat will Datenschutz st\u00e4rken","datePublished":"2015-04-01T06:51:27+00:00","dateModified":"2023-03-14T07:57:43+00:00","mainEntityOfPage":{"@id":"https:\/\/news.save.ch\/bundesrat-will-datenschutz-staerken\/"},"wordCount":471,"commentCount":0,"publisher":{"@id":"https:\/\/news.save.ch\/de\/#organization"},"image":{"@id":"https:\/\/news.save.ch\/bundesrat-will-datenschutz-staerken\/#primaryimage"},"thumbnailUrl":"https:\/\/news.save.ch\/wp-content\/uploads\/2016\/12\/Bundesrat-will-Datenschutz-staerken-it-security-scaled.jpg","keywords":["ICT-Sicherheit","IT-SECURITY"],"articleSection":["DIGITALISIERUNG"],"inLanguage":"fr-FR"},{"@type":"WebPage","@id":"https:\/\/news.save.ch\/bundesrat-will-datenschutz-staerken\/","url":"https:\/\/news.save.ch\/bundesrat-will-datenschutz-staerken\/","name":"Le Conseil f\u00e9d\u00e9ral veut renforcer la protection des donn\u00e9es - Save","isPartOf":{"@id":"https:\/\/news.save.ch\/de\/#website"},"primaryImageOfPage":{"@id":"https:\/\/news.save.ch\/bundesrat-will-datenschutz-staerken\/#primaryimage"},"image":{"@id":"https:\/\/news.save.ch\/bundesrat-will-datenschutz-staerken\/#primaryimage"},"thumbnailUrl":"https:\/\/news.save.ch\/wp-content\/uploads\/2016\/12\/Bundesrat-will-Datenschutz-staerken-it-security-scaled.jpg","datePublished":"2015-04-01T06:51:27+00:00","dateModified":"2023-03-14T07:57:43+00:00","description":"Le Conseil f\u00e9d\u00e9ral veut r\u00e9viser la loi sur la protection des donn\u00e9es (LPD).","breadcrumb":{"@id":"https:\/\/news.save.ch\/bundesrat-will-datenschutz-staerken\/#breadcrumb"},"inLanguage":"fr-FR","potentialAction":[{"@type":"ReadAction","target":["https:\/\/news.save.ch\/bundesrat-will-datenschutz-staerken\/"]}]},{"@type":"ImageObject","inLanguage":"fr-FR","@id":"https:\/\/news.save.ch\/bundesrat-will-datenschutz-staerken\/#primaryimage","url":"https:\/\/news.save.ch\/wp-content\/uploads\/2016\/12\/Bundesrat-will-Datenschutz-staerken-it-security-scaled.jpg","contentUrl":"https:\/\/news.save.ch\/wp-content\/uploads\/2016\/12\/Bundesrat-will-Datenschutz-staerken-it-security-scaled.jpg","width":1017,"height":1400},{"@type":"BreadcrumbList","@id":"https:\/\/news.save.ch\/bundesrat-will-datenschutz-staerken\/#breadcrumb","itemListElement":[{"@type":"ListItem","position":1,"name":"Home","item":"https:\/\/news.save.ch\/de\/"},{"@type":"ListItem","position":2,"name":"Bundesrat will Datenschutz st\u00e4rken"}]},{"@type":"WebSite","@id":"https:\/\/news.save.ch\/de\/#website","url":"https:\/\/news.save.ch\/de\/","name":"Save","description":"Revue suisse sp\u00e9cialis\u00e9e dans la s\u00e9curit\u00e9","publisher":{"@id":"https:\/\/news.save.ch\/de\/#organization"},"potentialAction":[{"@type":"SearchAction","target":{"@type":"EntryPoint","urlTemplate":"https:\/\/news.save.ch\/de\/?s={search_term_string}"},"query-input":{"@type":"PropertyValueSpecification","valueRequired":true,"valueName":"search_term_string"}}],"inLanguage":"fr-FR"},{"@type":"Organization","@id":"https:\/\/news.save.ch\/de\/#organization","name":"Forum sur la s\u00e9curit\u00e9","url":"https:\/\/news.save.ch\/de\/","logo":{"@type":"ImageObject","inLanguage":"fr-FR","@id":"https:\/\/news.save.ch\/de\/#\/schema\/logo\/image\/","url":"https:\/\/news.save.ch\/wp-content\/uploads\/2022\/06\/Logo_SF_2012.png","contentUrl":"https:\/\/news.save.ch\/wp-content\/uploads\/2022\/06\/Logo_SF_2012.png","width":1100,"height":91,"caption":"Sicherheitsforum"},"image":{"@id":"https:\/\/news.save.ch\/de\/#\/schema\/logo\/image\/"}},{"@type":"Person","@id":"https:\/\/news.save.ch\/de\/#\/schema\/person\/d49e199490bad7c70d64b9ab51142f2b","name":"admin","image":{"@type":"ImageObject","inLanguage":"fr-FR","@id":"https:\/\/secure.gravatar.com\/avatar\/ae2f4d718e6c49043e314ce431e7e645d646302a24a5ef5a8bc8e3f5a032e319?s=96&d=mm&r=g","url":"https:\/\/secure.gravatar.com\/avatar\/ae2f4d718e6c49043e314ce431e7e645d646302a24a5ef5a8bc8e3f5a032e319?s=96&d=mm&r=g","contentUrl":"https:\/\/secure.gravatar.com\/avatar\/ae2f4d718e6c49043e314ce431e7e645d646302a24a5ef5a8bc8e3f5a032e319?s=96&d=mm&r=g","caption":"admin"},"sameAs":["https:\/\/develop.organisator.galledia.ch"],"url":"https:\/\/news.save.ch\/fr\/author\/admin\/"}]}},"_links":{"self":[{"href":"https:\/\/news.save.ch\/fr\/wp-json\/wp\/v2\/posts\/287","targetHints":{"allow":["GET"]}}],"collection":[{"href":"https:\/\/news.save.ch\/fr\/wp-json\/wp\/v2\/posts"}],"about":[{"href":"https:\/\/news.save.ch\/fr\/wp-json\/wp\/v2\/types\/post"}],"author":[{"embeddable":true,"href":"https:\/\/news.save.ch\/fr\/wp-json\/wp\/v2\/users\/1"}],"replies":[{"embeddable":true,"href":"https:\/\/news.save.ch\/fr\/wp-json\/wp\/v2\/comments?post=287"}],"version-history":[{"count":1,"href":"https:\/\/news.save.ch\/fr\/wp-json\/wp\/v2\/posts\/287\/revisions"}],"predecessor-version":[{"id":17814,"href":"https:\/\/news.save.ch\/fr\/wp-json\/wp\/v2\/posts\/287\/revisions\/17814"}],"wp:featuredmedia":[{"embeddable":true,"href":"https:\/\/news.save.ch\/fr\/wp-json\/wp\/v2\/media\/288"}],"wp:attachment":[{"href":"https:\/\/news.save.ch\/fr\/wp-json\/wp\/v2\/media?parent=287"}],"wp:term":[{"taxonomy":"category","embeddable":true,"href":"https:\/\/news.save.ch\/fr\/wp-json\/wp\/v2\/categories?post=287"},{"taxonomy":"post_tag","embeddable":true,"href":"https:\/\/news.save.ch\/fr\/wp-json\/wp\/v2\/tags?post=287"}],"curies":[{"name":"wp","href":"https:\/\/api.w.org\/{rel}","templated":true}]}}