{"id":2895,"date":"2015-07-27T09:13:41","date_gmt":"2015-07-27T07:13:41","guid":{"rendered":"https:\/\/dev.sicherheitsforum.ch\/?p=2895"},"modified":"2023-03-14T09:00:04","modified_gmt":"2023-03-14T08:00:04","slug":"geze-mehr-fertigungskapazitaet","status":null,"type":"post","link":"https:\/\/news.save.ch\/fr\/geze-mehr-fertigungskapazitaet\/","title":{"rendered":"GEZE : Plus de capacit\u00e9 de production"},"content":{"rendered":"<figure id=\"attachment_2896\" aria-describedby=\"caption-attachment-2896\" style=\"width: 680px\" class=\"wp-caption alignnone\"><img loading=\"lazy\" decoding=\"async\" class=\"size-medium wp-image-2896\" src=\"https:\/\/news.save.ch\/wp-content\/uploads\/2016\/12\/GEZE-Mehr-Fertigungskapazitaet_sicherheitsforum.jpg\" alt=\"\" width=\"680\" height=\"457\" \/><figcaption id=\"caption-attachment-2896\" class=\"wp-caption-text\">Au centre : Marc Alber, chef de projet du nouveau b\u00e2timent, en compagnie de Lutfi Bozkurt (\u00e0 gauche) et Markus Lang (\u00e0 droite).<\/figcaption><\/figure>\n<p>Avec le nouveau b\u00e2timent, l'h\u00f4pital s'agrandit <a href=\"https:\/\/www.geze.com\" target=\"_blank\" data-cke-saved-href=\"https:\/\/www.geze.com\" rel=\"noopener\">GEZE<\/a> la surface de production sur le site de l'entreprise de 5000 m2. Des bureaux et des locaux sociaux suppl\u00e9mentaires sont disponibles sur 1500 m2 suppl\u00e9mentaires. \"Le nouveau hall de production nous permet d'optimiser davantage nos processus de fabrication, d'augmenter encore nettement notre efficacit\u00e9 et d'accro\u00eetre notre comp\u00e9titivit\u00e9 internationale. Le hall comprend une manufacture pour la fabrication de solutions sp\u00e9ciales, une ligne de fabrication propre pour les portes coulissantes carrousel et cintr\u00e9es et un secteur pour la fabrication sur commande de syst\u00e8mes de portes coulissantes automatiques. Ainsi, nous pourrons \u00e0 l'avenir r\u00e9pondre de mani\u00e8re plus individuelle et plus flexible aux souhaits de nos clients\", a d\u00e9clar\u00e9 Marc Alber.<\/p>\n<p>Outre la capacit\u00e9 de fabrication pour les grandes s\u00e9ries, l'extension des installations de fabrication pour les solutions de produits individuelles fait partie de la strat\u00e9gie de croissance de l'entreprise, selon le communiqu\u00e9. De plus en plus de pays en Europe et dans le monde entier sont approvisionn\u00e9s en solutions pour portes et fen\u00eatres \u00e0 partir de Leonberg.<\/p>\n<p><strong>Stockage enti\u00e8rement automatis\u00e9<\/strong><\/p>\n<p>Pour l'approvisionnement en mat\u00e9riaux, le nouveau hall dispose d'un entrep\u00f4t en nid d'abeilles enti\u00e8rement automatis\u00e9 pour le stockage des mati\u00e8res premi\u00e8res. Il approvisionne la fabrication de portes coulissantes automatiques en profil\u00e9s n\u00e9cessaires et se charge en outre de leur exp\u00e9dition dans le monde entier. Avec le centre de distribution et l'entrep\u00f4t pour petites pi\u00e8ces, l'entrep\u00f4t pour produits longs est ainsi le troisi\u00e8me entrep\u00f4t principal automatis\u00e9 qui est enti\u00e8rement pilot\u00e9 et g\u00e9r\u00e9 par le logiciel de l'entreprise.<\/p>\n<p><strong>Site de production num\u00e9ro un<\/strong><\/p>\n<p>Au cours des cinq derni\u00e8res ann\u00e9es, GEZE a investi environ quatorze millions d'euros dans l'extension de b\u00e2timents et d'installations modernes de fabrication et de logistique en Allemagne. Environ 60% des produits fabriqu\u00e9s ici sont livr\u00e9s \u00e0 l'\u00e9tranger. Pour poursuivre sa croissance naturelle et r\u00e9pondre \u00e0 la demande mondiale croissante de produits GEZE, l'entreprise mise \u00e9galement sur l'extension de son r\u00e9seau international de vente et de service, avec 27 filiales \u00e0 l'\u00e9tranger et une fabrication sur site. Une filiale avec une usine de fabrication affili\u00e9e en Chine, employant pr\u00e8s de 400 personnes, et une autre usine de fabrication en Serbie, employant 125 personnes, r\u00e9pondent \u00e0 la demande croissante sur les march\u00e9s asiatiques et d'Europe de l'Est. En outre, une \u00e9quipe de sp\u00e9cialistes pour les solutions sp\u00e9ciales \u00e0 Sant Feliu de Llobregat pr\u00e8s de Barcelone compl\u00e8te les capacit\u00e9s de fabrication dans la filiale espagnole GEZE Iberia, comme l'\u00e9crit l'entreprise.<\/p>","protected":false},"excerpt":{"rendered":"<p>Mit dem Neubau vergr\u00f6ssert GEZE die Produktionsfl\u00e4che auf dem Firmengel\u00e4nde um 5000 m2. Auf weiteren 1500 m2 stehen zus\u00e4tzliche B\u00fcro- und Sozialr\u00e4ume zur Verf\u00fcgung. \u201eMit der neuen Produktionshalle k\u00f6nnen wir unsere Fertigungsprozesse weiter optimieren, steigern noch einmal deutlich unsere Effizienz und erh\u00f6hen unsere internationale Wettbewerbsf\u00e4higkeit. Die Halle umfasst eine Manufaktur f\u00fcr die Fertigung von Sonderl\u00f6sungen, [&hellip;]<\/p>\n","protected":false},"author":1,"featured_media":2896,"comment_status":"open","ping_status":"open","sticky":false,"template":"","format":"standard","meta":{"_acf_changed":false,"pgc_sgb_lightbox_settings":"","footnotes":""},"categories":[3312],"tags":[65,157,158,90],"class_list":["post-2895","post","type-post","status-publish","format-standard","has-post-thumbnail","hentry","category-sicherheit","tag-unternehmen","tag-video-security","tag-zutrittskontrolle","tag-zutrittskontrollevideo-security"],"acf":[],"hkrextid":null,"publication":null,"issue":null,"workflow":null,"startPage":null,"spitzmarke":null,"_posts_by_tag_page_fields":{"widget_title":"","widget_tags":""},"_at_widget":"1","_yoast_wpseo_primary_category":"3303","_yoast_wpseo_focuskw_text_input":"GEZE: Mehr Fertigungskapazit\u00e4t","_yoast_wpseo_opengraph-image":"https:\/\/sicherheitsforum.ch\/wp-content\/uploads\/2016\/12\/GEZE-Mehr-Fertigungskapazit\u00e4t_sicherheitsforum.jpg","_yoast_wpseo_opengraph-description":"Vor wenigen Tagen hat GEZE am Firmensitz in Leonberg, Deutschland, eine neue Produktionshalle eingeweiht. Die 6500 m2 grosse Werkserweiterung, die rund sechs Millionen Euro gekostet hat, vergr\u00f6ssert die Bedeutung des Firmensitzes als internationale Produktionsst\u00e4tte, wie das Unternehmen schreibt.","_yoast_wpseo_opengraph-title":"GEZE: Mehr Fertigungskapazit\u00e4t","enclosure":null,"_yoast_wpseo_twitter-title":null,"_yoast_wpseo_twitter-description":null,"_yoast_wpseo_twitter-image":null,"_wp_old_slug":null,"_yoast_wpseo_title":null,"_yoast_wpseo_canonical":null,"yoast_head":"<!-- This site is optimized with the Yoast SEO plugin v27.4 - https:\/\/yoast.com\/product\/yoast-seo-wordpress\/ -->\n<title>GEZE: Mehr Fertigungskapazit\u00e4t - Save<\/title>\n<meta name=\"description\" content=\"Vor wenigen Tagen hat GEZE am Firmensitz in Leonberg, Deutschland, eine neue Produktionshalle eingeweiht.\" \/>\n<meta name=\"robots\" content=\"index, follow, max-snippet:-1, max-image-preview:large, max-video-preview:-1\" \/>\n<link rel=\"canonical\" href=\"https:\/\/news.save.ch\/fr\/geze-mehr-fertigungskapazitaet\/\" \/>\n<meta property=\"og:locale\" content=\"fr_FR\" \/>\n<meta property=\"og:type\" content=\"article\" \/>\n<meta property=\"og:title\" content=\"GEZE: Mehr Fertigungskapazit\u00e4t\" \/>\n<meta property=\"og:description\" content=\"Vor wenigen Tagen hat GEZE am Firmensitz in Leonberg, Deutschland, eine neue Produktionshalle eingeweiht. Die 6500 m2 grosse Werkserweiterung, die rund sechs Millionen Euro gekostet hat, vergr\u00f6ssert die Bedeutung des Firmensitzes als internationale Produktionsst\u00e4tte, wie das Unternehmen schreibt.\" \/>\n<meta property=\"og:url\" content=\"https:\/\/news.save.ch\/fr\/geze-mehr-fertigungskapazitaet\/\" \/>\n<meta property=\"og:site_name\" content=\"Save\" \/>\n<meta property=\"article:published_time\" content=\"2015-07-27T07:13:41+00:00\" \/>\n<meta property=\"article:modified_time\" content=\"2023-03-14T08:00:04+00:00\" \/>\n<meta property=\"og:image\" content=\"https:\/\/sicherheitsforum.ch\/wp-content\/uploads\/2016\/12\/GEZE-Mehr-Fertigungskapazit\u00e4t_sicherheitsforum.jpg\" \/>\n<meta name=\"author\" content=\"admin\" \/>\n<meta name=\"twitter:card\" content=\"summary_large_image\" \/>\n<meta name=\"twitter:label1\" content=\"\u00c9crit par\" \/>\n\t<meta name=\"twitter:data1\" content=\"admin\" \/>\n\t<meta name=\"twitter:label2\" content=\"Dur\u00e9e de lecture estim\u00e9e\" \/>\n\t<meta name=\"twitter:data2\" content=\"2 minutes\" \/>\n<script type=\"application\/ld+json\" class=\"yoast-schema-graph\">{\"@context\":\"https:\\\/\\\/schema.org\",\"@graph\":[{\"@type\":\"Article\",\"@id\":\"https:\\\/\\\/news.save.ch\\\/geze-mehr-fertigungskapazitaet\\\/#article\",\"isPartOf\":{\"@id\":\"https:\\\/\\\/news.save.ch\\\/geze-mehr-fertigungskapazitaet\\\/\"},\"author\":{\"name\":\"admin\",\"@id\":\"https:\\\/\\\/news.save.ch\\\/de\\\/#\\\/schema\\\/person\\\/d49e199490bad7c70d64b9ab51142f2b\"},\"headline\":\"GEZE: Mehr Fertigungskapazit\u00e4t\",\"datePublished\":\"2015-07-27T07:13:41+00:00\",\"dateModified\":\"2023-03-14T08:00:04+00:00\",\"mainEntityOfPage\":{\"@id\":\"https:\\\/\\\/news.save.ch\\\/geze-mehr-fertigungskapazitaet\\\/\"},\"wordCount\":384,\"commentCount\":0,\"publisher\":{\"@id\":\"https:\\\/\\\/news.save.ch\\\/de\\\/#organization\"},\"image\":{\"@id\":\"https:\\\/\\\/news.save.ch\\\/geze-mehr-fertigungskapazitaet\\\/#primaryimage\"},\"thumbnailUrl\":\"https:\\\/\\\/news.save.ch\\\/wp-content\\\/uploads\\\/2016\\\/12\\\/GEZE-Mehr-Fertigungskapazitaet_sicherheitsforum-scaled.jpg\",\"keywords\":[\"Unternehmen\",\"Video-Security\",\"Zutrittskontrolle\",\"Zutrittskontrolle\\\/Video-Security\"],\"articleSection\":[\"SICHERHEIT\"],\"inLanguage\":\"fr-FR\"},{\"@type\":\"WebPage\",\"@id\":\"https:\\\/\\\/news.save.ch\\\/geze-mehr-fertigungskapazitaet\\\/\",\"url\":\"https:\\\/\\\/news.save.ch\\\/geze-mehr-fertigungskapazitaet\\\/\",\"name\":\"GEZE: Mehr Fertigungskapazit\u00e4t - Save\",\"isPartOf\":{\"@id\":\"https:\\\/\\\/news.save.ch\\\/de\\\/#website\"},\"primaryImageOfPage\":{\"@id\":\"https:\\\/\\\/news.save.ch\\\/geze-mehr-fertigungskapazitaet\\\/#primaryimage\"},\"image\":{\"@id\":\"https:\\\/\\\/news.save.ch\\\/geze-mehr-fertigungskapazitaet\\\/#primaryimage\"},\"thumbnailUrl\":\"https:\\\/\\\/news.save.ch\\\/wp-content\\\/uploads\\\/2016\\\/12\\\/GEZE-Mehr-Fertigungskapazitaet_sicherheitsforum-scaled.jpg\",\"datePublished\":\"2015-07-27T07:13:41+00:00\",\"dateModified\":\"2023-03-14T08:00:04+00:00\",\"description\":\"Vor wenigen Tagen hat GEZE am Firmensitz in Leonberg, Deutschland, eine neue Produktionshalle eingeweiht.\",\"breadcrumb\":{\"@id\":\"https:\\\/\\\/news.save.ch\\\/geze-mehr-fertigungskapazitaet\\\/#breadcrumb\"},\"inLanguage\":\"fr-FR\",\"potentialAction\":[{\"@type\":\"ReadAction\",\"target\":[\"https:\\\/\\\/news.save.ch\\\/geze-mehr-fertigungskapazitaet\\\/\"]}]},{\"@type\":\"ImageObject\",\"inLanguage\":\"fr-FR\",\"@id\":\"https:\\\/\\\/news.save.ch\\\/geze-mehr-fertigungskapazitaet\\\/#primaryimage\",\"url\":\"https:\\\/\\\/news.save.ch\\\/wp-content\\\/uploads\\\/2016\\\/12\\\/GEZE-Mehr-Fertigungskapazitaet_sicherheitsforum-scaled.jpg\",\"contentUrl\":\"https:\\\/\\\/news.save.ch\\\/wp-content\\\/uploads\\\/2016\\\/12\\\/GEZE-Mehr-Fertigungskapazitaet_sicherheitsforum-scaled.jpg\",\"width\":1400,\"height\":940,\"caption\":\"Mitte: Marc Alber, Projektleiter des Neubaus, zusammen mit Lutfi Bozkurt (links) und Markus Lang (rechts).\"},{\"@type\":\"BreadcrumbList\",\"@id\":\"https:\\\/\\\/news.save.ch\\\/geze-mehr-fertigungskapazitaet\\\/#breadcrumb\",\"itemListElement\":[{\"@type\":\"ListItem\",\"position\":1,\"name\":\"Home\",\"item\":\"https:\\\/\\\/news.save.ch\\\/de\\\/\"},{\"@type\":\"ListItem\",\"position\":2,\"name\":\"GEZE: Mehr Fertigungskapazit\u00e4t\"}]},{\"@type\":\"WebSite\",\"@id\":\"https:\\\/\\\/news.save.ch\\\/de\\\/#website\",\"url\":\"https:\\\/\\\/news.save.ch\\\/de\\\/\",\"name\":\"Save\",\"description\":\"Schweizer Fachzeitschrift f\u00fcr Sicherheit\",\"publisher\":{\"@id\":\"https:\\\/\\\/news.save.ch\\\/de\\\/#organization\"},\"potentialAction\":[{\"@type\":\"SearchAction\",\"target\":{\"@type\":\"EntryPoint\",\"urlTemplate\":\"https:\\\/\\\/news.save.ch\\\/de\\\/?s={search_term_string}\"},\"query-input\":{\"@type\":\"PropertyValueSpecification\",\"valueRequired\":true,\"valueName\":\"search_term_string\"}}],\"inLanguage\":\"fr-FR\"},{\"@type\":\"Organization\",\"@id\":\"https:\\\/\\\/news.save.ch\\\/de\\\/#organization\",\"name\":\"Sicherheitsforum\",\"url\":\"https:\\\/\\\/news.save.ch\\\/de\\\/\",\"logo\":{\"@type\":\"ImageObject\",\"inLanguage\":\"fr-FR\",\"@id\":\"https:\\\/\\\/news.save.ch\\\/de\\\/#\\\/schema\\\/logo\\\/image\\\/\",\"url\":\"https:\\\/\\\/news.save.ch\\\/wp-content\\\/uploads\\\/2022\\\/06\\\/Logo_SF_2012.png\",\"contentUrl\":\"https:\\\/\\\/news.save.ch\\\/wp-content\\\/uploads\\\/2022\\\/06\\\/Logo_SF_2012.png\",\"width\":1100,\"height\":91,\"caption\":\"Sicherheitsforum\"},\"image\":{\"@id\":\"https:\\\/\\\/news.save.ch\\\/de\\\/#\\\/schema\\\/logo\\\/image\\\/\"}},{\"@type\":\"Person\",\"@id\":\"https:\\\/\\\/news.save.ch\\\/de\\\/#\\\/schema\\\/person\\\/d49e199490bad7c70d64b9ab51142f2b\",\"name\":\"admin\",\"image\":{\"@type\":\"ImageObject\",\"inLanguage\":\"fr-FR\",\"@id\":\"https:\\\/\\\/secure.gravatar.com\\\/avatar\\\/ae2f4d718e6c49043e314ce431e7e645d646302a24a5ef5a8bc8e3f5a032e319?s=96&d=mm&r=g\",\"url\":\"https:\\\/\\\/secure.gravatar.com\\\/avatar\\\/ae2f4d718e6c49043e314ce431e7e645d646302a24a5ef5a8bc8e3f5a032e319?s=96&d=mm&r=g\",\"contentUrl\":\"https:\\\/\\\/secure.gravatar.com\\\/avatar\\\/ae2f4d718e6c49043e314ce431e7e645d646302a24a5ef5a8bc8e3f5a032e319?s=96&d=mm&r=g\",\"caption\":\"admin\"},\"sameAs\":[\"https:\\\/\\\/develop.organisator.galledia.ch\"],\"url\":\"https:\\\/\\\/news.save.ch\\\/fr\\\/author\\\/admin\\\/\"}]}<\/script>\n<!-- \/ Yoast SEO plugin. -->","yoast_head_json":{"title":"GEZE : Plus de capacit\u00e9 de production - Save","description":"Il y a quelques jours, GEZE a inaugur\u00e9 un nouveau hall de production au si\u00e8ge de l'entreprise \u00e0 Leonberg, en Allemagne.","robots":{"index":"index","follow":"follow","max-snippet":"max-snippet:-1","max-image-preview":"max-image-preview:large","max-video-preview":"max-video-preview:-1"},"canonical":"https:\/\/news.save.ch\/fr\/geze-mehr-fertigungskapazitaet\/","og_locale":"fr_FR","og_type":"article","og_title":"GEZE: Mehr Fertigungskapazit\u00e4t","og_description":"Vor wenigen Tagen hat GEZE am Firmensitz in Leonberg, Deutschland, eine neue Produktionshalle eingeweiht. Die 6500 m2 grosse Werkserweiterung, die rund sechs Millionen Euro gekostet hat, vergr\u00f6ssert die Bedeutung des Firmensitzes als internationale Produktionsst\u00e4tte, wie das Unternehmen schreibt.","og_url":"https:\/\/news.save.ch\/fr\/geze-mehr-fertigungskapazitaet\/","og_site_name":"Save","article_published_time":"2015-07-27T07:13:41+00:00","article_modified_time":"2023-03-14T08:00:04+00:00","og_image":[{"url":"https:\/\/sicherheitsforum.ch\/wp-content\/uploads\/2016\/12\/GEZE-Mehr-Fertigungskapazit\u00e4t_sicherheitsforum.jpg","type":"","width":"","height":""}],"author":"admin","twitter_card":"summary_large_image","twitter_misc":{"\u00c9crit par":"admin","Dur\u00e9e de lecture estim\u00e9e":"2 minutes"},"schema":{"@context":"https:\/\/schema.org","@graph":[{"@type":"Article","@id":"https:\/\/news.save.ch\/geze-mehr-fertigungskapazitaet\/#article","isPartOf":{"@id":"https:\/\/news.save.ch\/geze-mehr-fertigungskapazitaet\/"},"author":{"name":"admin","@id":"https:\/\/news.save.ch\/de\/#\/schema\/person\/d49e199490bad7c70d64b9ab51142f2b"},"headline":"GEZE: Mehr Fertigungskapazit\u00e4t","datePublished":"2015-07-27T07:13:41+00:00","dateModified":"2023-03-14T08:00:04+00:00","mainEntityOfPage":{"@id":"https:\/\/news.save.ch\/geze-mehr-fertigungskapazitaet\/"},"wordCount":384,"commentCount":0,"publisher":{"@id":"https:\/\/news.save.ch\/de\/#organization"},"image":{"@id":"https:\/\/news.save.ch\/geze-mehr-fertigungskapazitaet\/#primaryimage"},"thumbnailUrl":"https:\/\/news.save.ch\/wp-content\/uploads\/2016\/12\/GEZE-Mehr-Fertigungskapazitaet_sicherheitsforum-scaled.jpg","keywords":["Unternehmen","Video-Security","Zutrittskontrolle","Zutrittskontrolle\/Video-Security"],"articleSection":["SICHERHEIT"],"inLanguage":"fr-FR"},{"@type":"WebPage","@id":"https:\/\/news.save.ch\/geze-mehr-fertigungskapazitaet\/","url":"https:\/\/news.save.ch\/geze-mehr-fertigungskapazitaet\/","name":"GEZE : Plus de capacit\u00e9 de production - Save","isPartOf":{"@id":"https:\/\/news.save.ch\/de\/#website"},"primaryImageOfPage":{"@id":"https:\/\/news.save.ch\/geze-mehr-fertigungskapazitaet\/#primaryimage"},"image":{"@id":"https:\/\/news.save.ch\/geze-mehr-fertigungskapazitaet\/#primaryimage"},"thumbnailUrl":"https:\/\/news.save.ch\/wp-content\/uploads\/2016\/12\/GEZE-Mehr-Fertigungskapazitaet_sicherheitsforum-scaled.jpg","datePublished":"2015-07-27T07:13:41+00:00","dateModified":"2023-03-14T08:00:04+00:00","description":"Il y a quelques jours, GEZE a inaugur\u00e9 un nouveau hall de production au si\u00e8ge de l'entreprise \u00e0 Leonberg, en Allemagne.","breadcrumb":{"@id":"https:\/\/news.save.ch\/geze-mehr-fertigungskapazitaet\/#breadcrumb"},"inLanguage":"fr-FR","potentialAction":[{"@type":"ReadAction","target":["https:\/\/news.save.ch\/geze-mehr-fertigungskapazitaet\/"]}]},{"@type":"ImageObject","inLanguage":"fr-FR","@id":"https:\/\/news.save.ch\/geze-mehr-fertigungskapazitaet\/#primaryimage","url":"https:\/\/news.save.ch\/wp-content\/uploads\/2016\/12\/GEZE-Mehr-Fertigungskapazitaet_sicherheitsforum-scaled.jpg","contentUrl":"https:\/\/news.save.ch\/wp-content\/uploads\/2016\/12\/GEZE-Mehr-Fertigungskapazitaet_sicherheitsforum-scaled.jpg","width":1400,"height":940,"caption":"Mitte: Marc Alber, Projektleiter des Neubaus, zusammen mit Lutfi Bozkurt (links) und Markus Lang (rechts)."},{"@type":"BreadcrumbList","@id":"https:\/\/news.save.ch\/geze-mehr-fertigungskapazitaet\/#breadcrumb","itemListElement":[{"@type":"ListItem","position":1,"name":"Home","item":"https:\/\/news.save.ch\/de\/"},{"@type":"ListItem","position":2,"name":"GEZE: Mehr Fertigungskapazit\u00e4t"}]},{"@type":"WebSite","@id":"https:\/\/news.save.ch\/de\/#website","url":"https:\/\/news.save.ch\/de\/","name":"Save","description":"Revue suisse sp\u00e9cialis\u00e9e dans la s\u00e9curit\u00e9","publisher":{"@id":"https:\/\/news.save.ch\/de\/#organization"},"potentialAction":[{"@type":"SearchAction","target":{"@type":"EntryPoint","urlTemplate":"https:\/\/news.save.ch\/de\/?s={search_term_string}"},"query-input":{"@type":"PropertyValueSpecification","valueRequired":true,"valueName":"search_term_string"}}],"inLanguage":"fr-FR"},{"@type":"Organization","@id":"https:\/\/news.save.ch\/de\/#organization","name":"Forum sur la s\u00e9curit\u00e9","url":"https:\/\/news.save.ch\/de\/","logo":{"@type":"ImageObject","inLanguage":"fr-FR","@id":"https:\/\/news.save.ch\/de\/#\/schema\/logo\/image\/","url":"https:\/\/news.save.ch\/wp-content\/uploads\/2022\/06\/Logo_SF_2012.png","contentUrl":"https:\/\/news.save.ch\/wp-content\/uploads\/2022\/06\/Logo_SF_2012.png","width":1100,"height":91,"caption":"Sicherheitsforum"},"image":{"@id":"https:\/\/news.save.ch\/de\/#\/schema\/logo\/image\/"}},{"@type":"Person","@id":"https:\/\/news.save.ch\/de\/#\/schema\/person\/d49e199490bad7c70d64b9ab51142f2b","name":"admin","image":{"@type":"ImageObject","inLanguage":"fr-FR","@id":"https:\/\/secure.gravatar.com\/avatar\/ae2f4d718e6c49043e314ce431e7e645d646302a24a5ef5a8bc8e3f5a032e319?s=96&d=mm&r=g","url":"https:\/\/secure.gravatar.com\/avatar\/ae2f4d718e6c49043e314ce431e7e645d646302a24a5ef5a8bc8e3f5a032e319?s=96&d=mm&r=g","contentUrl":"https:\/\/secure.gravatar.com\/avatar\/ae2f4d718e6c49043e314ce431e7e645d646302a24a5ef5a8bc8e3f5a032e319?s=96&d=mm&r=g","caption":"admin"},"sameAs":["https:\/\/develop.organisator.galledia.ch"],"url":"https:\/\/news.save.ch\/fr\/author\/admin\/"}]}},"_links":{"self":[{"href":"https:\/\/news.save.ch\/fr\/wp-json\/wp\/v2\/posts\/2895","targetHints":{"allow":["GET"]}}],"collection":[{"href":"https:\/\/news.save.ch\/fr\/wp-json\/wp\/v2\/posts"}],"about":[{"href":"https:\/\/news.save.ch\/fr\/wp-json\/wp\/v2\/types\/post"}],"author":[{"embeddable":true,"href":"https:\/\/news.save.ch\/fr\/wp-json\/wp\/v2\/users\/1"}],"replies":[{"embeddable":true,"href":"https:\/\/news.save.ch\/fr\/wp-json\/wp\/v2\/comments?post=2895"}],"version-history":[{"count":1,"href":"https:\/\/news.save.ch\/fr\/wp-json\/wp\/v2\/posts\/2895\/revisions"}],"predecessor-version":[{"id":18012,"href":"https:\/\/news.save.ch\/fr\/wp-json\/wp\/v2\/posts\/2895\/revisions\/18012"}],"wp:featuredmedia":[{"embeddable":true,"href":"https:\/\/news.save.ch\/fr\/wp-json\/wp\/v2\/media\/2896"}],"wp:attachment":[{"href":"https:\/\/news.save.ch\/fr\/wp-json\/wp\/v2\/media?parent=2895"}],"wp:term":[{"taxonomy":"category","embeddable":true,"href":"https:\/\/news.save.ch\/fr\/wp-json\/wp\/v2\/categories?post=2895"},{"taxonomy":"post_tag","embeddable":true,"href":"https:\/\/news.save.ch\/fr\/wp-json\/wp\/v2\/tags?post=2895"}],"curies":[{"name":"wp","href":"https:\/\/api.w.org\/{rel}","templated":true}]}}