{"id":2955,"date":"2015-07-13T09:32:00","date_gmt":"2015-07-13T07:32:00","guid":{"rendered":"https:\/\/dev.sicherheitsforum.ch\/?p=2955"},"modified":"2015-07-13T09:32:00","modified_gmt":"2015-07-13T07:32:00","slug":"brandschutz-bei-lueftungsleitungen","status":null,"type":"post","link":"https:\/\/news.save.ch\/fr\/brandschutz-bei-lueftungsleitungen\/","title":{"rendered":"Protection contre l'incendie des conduits de ventilation"},"content":{"rendered":"<p><img loading=\"lazy\" decoding=\"async\" class=\"alignnone wp-image-2958 size-medium\" src=\"https:\/\/news.save.ch\/wp-content\/uploads\/2016\/12\/Brandschutz-bei-Lueftungsleitungen_sicherheitsforum.jpg\" width=\"680\" height=\"453\" \/><\/p>\n<p>\"<a title=\"vers le s\u00e9minaire\" href=\"https:\/\/www.feuertrutz.de\/feuertrutz-im-dialog-brandschutz-bei-lueftungsleitungen\/150\/32389\/5978\/\" target=\"_blank\" data-cke-saved-href=\"https:\/\/www.feuertrutz.de\/feuertrutz-im-dialog-brandschutz-bei-lueftungsleitungen\/150\/32389\/5978\/\" rel=\"noopener\">Protection contre l'incendie des conduits de ventilation<\/a>: exigences, concepts et rev\u00eatements\" est le th\u00e8me du s\u00e9minaire de la s\u00e9rie \"FeuerTRUTZ im Dialog\", qui aura lieu le 8 octobre 2015 \u00e0 Bad Grund, en Basse-Saxe. Le s\u00e9minaire fournit des informations de premi\u00e8re main sur les modifications importantes telles que le projet de directive type sur les installations de ventilation et propose des solutions pour la planification et la r\u00e9alisation. L'accent est mis en particulier sur la manipulation des conduits de ventilation dans la pratique.<\/p>\n<p>Les conf\u00e9rences traitent entre autres des exigences et des solutions pour les fixations et de l'utilisation correcte des certificats d'aptitude \u00e0 l'emploi. Les participants apprendront \u00e9galement comment mettre en place une protection incendie s\u00fbre gr\u00e2ce \u00e0 la protection de l'existant, aux d\u00e9rogations et aux all\u00e8gements. Les experts pr\u00e9sents \u00e9valueront la protection incendie des constructions historiques et fourniront en outre de nombreux conseils pour la pratique quotidienne.<\/p>\n<p>Cette manifestation s'adresse aux architectes, aux planificateurs sp\u00e9cialis\u00e9s et aux experts qui souhaitent s'informer sur les exigences, les concepts et les rev\u00eatements des installations de ventilation.<\/p>","protected":false},"excerpt":{"rendered":"<p>\u201eBrandschutz bei L\u00fcftungsleitungen: Anforderungen, Konzepte und Bekleidungen&#8220; lautet das Thema des Seminars aus der Reihe \u201eFeuerTRUTZ im Dialog\u201c, das am 8. Oktober 2015 in Bad Grund, Niedersachsen, durchgef\u00fchrt wird.\u00a0Das Seminar informiert aus erster Hand \u00fcber wichtige \u00c4nderungen wie den Entwurf zur Muster-L\u00fcftungsanlagenrichtlinie und bietet L\u00f6sungen f\u00fcr Planung und Ausf\u00fchrung. Im Fokus steht insbesondere der Umgang [&hellip;]<\/p>\n","protected":false},"author":1,"featured_media":2958,"comment_status":"open","ping_status":"open","sticky":false,"template":"","format":"standard","meta":{"_acf_changed":false,"pgc_sgb_lightbox_settings":"","footnotes":""},"categories":[67],"tags":[105,156,84,108],"class_list":["post-2955","post","type-post","status-publish","format-standard","has-post-thumbnail","hentry","category-brandschutz","tag-brandbekaempfung","tag-brandschutz","tag-fachkongressfachmesse","tag-vkf"],"acf":[],"hkrextid":null,"publication":null,"issue":null,"workflow":null,"startPage":null,"spitzmarke":null,"_posts_by_tag_page_fields":{"widget_title":"","widget_tags":""},"_at_widget":"1","_yoast_wpseo_primary_category":"4","_yoast_wpseo_focuskw_text_input":"Brandschutz","_yoast_wpseo_opengraph-image":"https:\/\/news.save.ch\/wp-content\/uploads\/2016\/12\/Brandschutz-bei-L\u00fcftungsleitungen_sicherheitsforum.jpg","_yoast_wpseo_opengraph-description":"Brandschutz bei L\u00fcftungsanlagen stellt besondere Anforderungen an die Brandschutzplanung und Ausf\u00fchrung. Ein Seminar informiert aus erster Hand.","_yoast_wpseo_opengraph-title":"Brandschutz bei L\u00fcftungsleitungen","enclosure":null,"_yoast_wpseo_twitter-title":null,"_yoast_wpseo_twitter-description":null,"_yoast_wpseo_twitter-image":null,"_wp_old_slug":null,"_yoast_wpseo_title":null,"_yoast_wpseo_canonical":null,"yoast_head":"<!-- This site is optimized with the Yoast SEO plugin v27.4 - https:\/\/yoast.com\/product\/yoast-seo-wordpress\/ -->\n<title>Brandschutz bei L\u00fcftungsleitungen - Save<\/title>\n<meta name=\"description\" content=\"Brandschutz bei L\u00fcftungsanlagen stellt besondere Anforderungen an die Brandschutzplanung und Ausf\u00fchrung. Ein Seminar informiert aus erster Hand.\" \/>\n<meta name=\"robots\" content=\"index, follow, max-snippet:-1, max-image-preview:large, max-video-preview:-1\" \/>\n<link rel=\"canonical\" href=\"https:\/\/news.save.ch\/fr\/brandschutz-bei-lueftungsleitungen\/\" \/>\n<meta property=\"og:locale\" content=\"fr_FR\" \/>\n<meta property=\"og:type\" content=\"article\" \/>\n<meta property=\"og:title\" content=\"Brandschutz bei L\u00fcftungsleitungen\" \/>\n<meta property=\"og:description\" content=\"Brandschutz bei L\u00fcftungsanlagen stellt besondere Anforderungen an die Brandschutzplanung und Ausf\u00fchrung. Ein Seminar informiert aus erster Hand.\" \/>\n<meta property=\"og:url\" content=\"https:\/\/news.save.ch\/fr\/brandschutz-bei-lueftungsleitungen\/\" \/>\n<meta property=\"og:site_name\" content=\"Save\" \/>\n<meta property=\"article:published_time\" content=\"2015-07-13T07:32:00+00:00\" \/>\n<meta property=\"og:image\" content=\"https:\/\/news.save.ch\/wp-content\/uploads\/2016\/12\/Brandschutz-bei-L\u00fcftungsleitungen_sicherheitsforum.jpg\" \/>\n<meta name=\"author\" content=\"admin\" \/>\n<meta name=\"twitter:card\" content=\"summary_large_image\" \/>\n<meta name=\"twitter:label1\" content=\"\u00c9crit par\" \/>\n\t<meta name=\"twitter:data1\" content=\"admin\" \/>\n\t<meta name=\"twitter:label2\" content=\"Dur\u00e9e de lecture estim\u00e9e\" \/>\n\t<meta name=\"twitter:data2\" content=\"1 minute\" \/>\n<script type=\"application\/ld+json\" class=\"yoast-schema-graph\">{\"@context\":\"https:\\\/\\\/schema.org\",\"@graph\":[{\"@type\":\"Article\",\"@id\":\"https:\\\/\\\/news.save.ch\\\/brandschutz-bei-lueftungsleitungen\\\/#article\",\"isPartOf\":{\"@id\":\"https:\\\/\\\/news.save.ch\\\/brandschutz-bei-lueftungsleitungen\\\/\"},\"author\":{\"name\":\"admin\",\"@id\":\"https:\\\/\\\/news.save.ch\\\/de\\\/#\\\/schema\\\/person\\\/d49e199490bad7c70d64b9ab51142f2b\"},\"headline\":\"Brandschutz bei L\u00fcftungsleitungen\",\"datePublished\":\"2015-07-13T07:32:00+00:00\",\"mainEntityOfPage\":{\"@id\":\"https:\\\/\\\/news.save.ch\\\/brandschutz-bei-lueftungsleitungen\\\/\"},\"wordCount\":148,\"commentCount\":0,\"publisher\":{\"@id\":\"https:\\\/\\\/news.save.ch\\\/de\\\/#organization\"},\"image\":{\"@id\":\"https:\\\/\\\/news.save.ch\\\/brandschutz-bei-lueftungsleitungen\\\/#primaryimage\"},\"thumbnailUrl\":\"https:\\\/\\\/news.save.ch\\\/wp-content\\\/uploads\\\/2016\\\/12\\\/Brandschutz-bei-Lueftungsleitungen_sicherheitsforum-scaled.jpg\",\"keywords\":[\"Brandbek\u00e4mpfung\",\"Brandschutz\",\"Fachkongress\\\/Fachmesse\",\"VKF\"],\"articleSection\":[\"BRANDSCHUTZ\"],\"inLanguage\":\"fr-FR\"},{\"@type\":\"WebPage\",\"@id\":\"https:\\\/\\\/news.save.ch\\\/brandschutz-bei-lueftungsleitungen\\\/\",\"url\":\"https:\\\/\\\/news.save.ch\\\/brandschutz-bei-lueftungsleitungen\\\/\",\"name\":\"Brandschutz bei L\u00fcftungsleitungen - Save\",\"isPartOf\":{\"@id\":\"https:\\\/\\\/news.save.ch\\\/de\\\/#website\"},\"primaryImageOfPage\":{\"@id\":\"https:\\\/\\\/news.save.ch\\\/brandschutz-bei-lueftungsleitungen\\\/#primaryimage\"},\"image\":{\"@id\":\"https:\\\/\\\/news.save.ch\\\/brandschutz-bei-lueftungsleitungen\\\/#primaryimage\"},\"thumbnailUrl\":\"https:\\\/\\\/news.save.ch\\\/wp-content\\\/uploads\\\/2016\\\/12\\\/Brandschutz-bei-Lueftungsleitungen_sicherheitsforum-scaled.jpg\",\"datePublished\":\"2015-07-13T07:32:00+00:00\",\"description\":\"Brandschutz bei L\u00fcftungsanlagen stellt besondere Anforderungen an die Brandschutzplanung und Ausf\u00fchrung. Ein Seminar informiert aus erster Hand.\",\"breadcrumb\":{\"@id\":\"https:\\\/\\\/news.save.ch\\\/brandschutz-bei-lueftungsleitungen\\\/#breadcrumb\"},\"inLanguage\":\"fr-FR\",\"potentialAction\":[{\"@type\":\"ReadAction\",\"target\":[\"https:\\\/\\\/news.save.ch\\\/brandschutz-bei-lueftungsleitungen\\\/\"]}]},{\"@type\":\"ImageObject\",\"inLanguage\":\"fr-FR\",\"@id\":\"https:\\\/\\\/news.save.ch\\\/brandschutz-bei-lueftungsleitungen\\\/#primaryimage\",\"url\":\"https:\\\/\\\/news.save.ch\\\/wp-content\\\/uploads\\\/2016\\\/12\\\/Brandschutz-bei-Lueftungsleitungen_sicherheitsforum-scaled.jpg\",\"contentUrl\":\"https:\\\/\\\/news.save.ch\\\/wp-content\\\/uploads\\\/2016\\\/12\\\/Brandschutz-bei-Lueftungsleitungen_sicherheitsforum-scaled.jpg\",\"width\":1400,\"height\":934},{\"@type\":\"BreadcrumbList\",\"@id\":\"https:\\\/\\\/news.save.ch\\\/brandschutz-bei-lueftungsleitungen\\\/#breadcrumb\",\"itemListElement\":[{\"@type\":\"ListItem\",\"position\":1,\"name\":\"Home\",\"item\":\"https:\\\/\\\/news.save.ch\\\/de\\\/\"},{\"@type\":\"ListItem\",\"position\":2,\"name\":\"Brandschutz bei L\u00fcftungsleitungen\"}]},{\"@type\":\"WebSite\",\"@id\":\"https:\\\/\\\/news.save.ch\\\/de\\\/#website\",\"url\":\"https:\\\/\\\/news.save.ch\\\/de\\\/\",\"name\":\"Save\",\"description\":\"Schweizer Fachzeitschrift f\u00fcr Sicherheit\",\"publisher\":{\"@id\":\"https:\\\/\\\/news.save.ch\\\/de\\\/#organization\"},\"potentialAction\":[{\"@type\":\"SearchAction\",\"target\":{\"@type\":\"EntryPoint\",\"urlTemplate\":\"https:\\\/\\\/news.save.ch\\\/de\\\/?s={search_term_string}\"},\"query-input\":{\"@type\":\"PropertyValueSpecification\",\"valueRequired\":true,\"valueName\":\"search_term_string\"}}],\"inLanguage\":\"fr-FR\"},{\"@type\":\"Organization\",\"@id\":\"https:\\\/\\\/news.save.ch\\\/de\\\/#organization\",\"name\":\"Sicherheitsforum\",\"url\":\"https:\\\/\\\/news.save.ch\\\/de\\\/\",\"logo\":{\"@type\":\"ImageObject\",\"inLanguage\":\"fr-FR\",\"@id\":\"https:\\\/\\\/news.save.ch\\\/de\\\/#\\\/schema\\\/logo\\\/image\\\/\",\"url\":\"https:\\\/\\\/news.save.ch\\\/wp-content\\\/uploads\\\/2022\\\/06\\\/Logo_SF_2012.png\",\"contentUrl\":\"https:\\\/\\\/news.save.ch\\\/wp-content\\\/uploads\\\/2022\\\/06\\\/Logo_SF_2012.png\",\"width\":1100,\"height\":91,\"caption\":\"Sicherheitsforum\"},\"image\":{\"@id\":\"https:\\\/\\\/news.save.ch\\\/de\\\/#\\\/schema\\\/logo\\\/image\\\/\"}},{\"@type\":\"Person\",\"@id\":\"https:\\\/\\\/news.save.ch\\\/de\\\/#\\\/schema\\\/person\\\/d49e199490bad7c70d64b9ab51142f2b\",\"name\":\"admin\",\"image\":{\"@type\":\"ImageObject\",\"inLanguage\":\"fr-FR\",\"@id\":\"https:\\\/\\\/secure.gravatar.com\\\/avatar\\\/ae2f4d718e6c49043e314ce431e7e645d646302a24a5ef5a8bc8e3f5a032e319?s=96&d=mm&r=g\",\"url\":\"https:\\\/\\\/secure.gravatar.com\\\/avatar\\\/ae2f4d718e6c49043e314ce431e7e645d646302a24a5ef5a8bc8e3f5a032e319?s=96&d=mm&r=g\",\"contentUrl\":\"https:\\\/\\\/secure.gravatar.com\\\/avatar\\\/ae2f4d718e6c49043e314ce431e7e645d646302a24a5ef5a8bc8e3f5a032e319?s=96&d=mm&r=g\",\"caption\":\"admin\"},\"sameAs\":[\"https:\\\/\\\/develop.organisator.galledia.ch\"],\"url\":\"https:\\\/\\\/news.save.ch\\\/fr\\\/author\\\/admin\\\/\"}]}<\/script>\n<!-- \/ Yoast SEO plugin. -->","yoast_head_json":{"title":"Protection incendie des conduits de ventilation - Save","description":"La protection incendie des installations de ventilation pose des exigences particuli\u00e8res en mati\u00e8re de planification et de r\u00e9alisation de la protection incendie. Un s\u00e9minaire fournit des informations de premi\u00e8re main.","robots":{"index":"index","follow":"follow","max-snippet":"max-snippet:-1","max-image-preview":"max-image-preview:large","max-video-preview":"max-video-preview:-1"},"canonical":"https:\/\/news.save.ch\/fr\/brandschutz-bei-lueftungsleitungen\/","og_locale":"fr_FR","og_type":"article","og_title":"Brandschutz bei L\u00fcftungsleitungen","og_description":"Brandschutz bei L\u00fcftungsanlagen stellt besondere Anforderungen an die Brandschutzplanung und Ausf\u00fchrung. Ein Seminar informiert aus erster Hand.","og_url":"https:\/\/news.save.ch\/fr\/brandschutz-bei-lueftungsleitungen\/","og_site_name":"Save","article_published_time":"2015-07-13T07:32:00+00:00","og_image":[{"url":"https:\/\/news.save.ch\/wp-content\/uploads\/2016\/12\/Brandschutz-bei-L\u00fcftungsleitungen_sicherheitsforum.jpg","type":"","width":"","height":""}],"author":"admin","twitter_card":"summary_large_image","twitter_misc":{"\u00c9crit par":"admin","Dur\u00e9e de lecture estim\u00e9e":"1 minute"},"schema":{"@context":"https:\/\/schema.org","@graph":[{"@type":"Article","@id":"https:\/\/news.save.ch\/brandschutz-bei-lueftungsleitungen\/#article","isPartOf":{"@id":"https:\/\/news.save.ch\/brandschutz-bei-lueftungsleitungen\/"},"author":{"name":"admin","@id":"https:\/\/news.save.ch\/de\/#\/schema\/person\/d49e199490bad7c70d64b9ab51142f2b"},"headline":"Brandschutz bei L\u00fcftungsleitungen","datePublished":"2015-07-13T07:32:00+00:00","mainEntityOfPage":{"@id":"https:\/\/news.save.ch\/brandschutz-bei-lueftungsleitungen\/"},"wordCount":148,"commentCount":0,"publisher":{"@id":"https:\/\/news.save.ch\/de\/#organization"},"image":{"@id":"https:\/\/news.save.ch\/brandschutz-bei-lueftungsleitungen\/#primaryimage"},"thumbnailUrl":"https:\/\/news.save.ch\/wp-content\/uploads\/2016\/12\/Brandschutz-bei-Lueftungsleitungen_sicherheitsforum-scaled.jpg","keywords":["Brandbek\u00e4mpfung","Brandschutz","Fachkongress\/Fachmesse","VKF"],"articleSection":["BRANDSCHUTZ"],"inLanguage":"fr-FR"},{"@type":"WebPage","@id":"https:\/\/news.save.ch\/brandschutz-bei-lueftungsleitungen\/","url":"https:\/\/news.save.ch\/brandschutz-bei-lueftungsleitungen\/","name":"Protection incendie des conduits de ventilation - Save","isPartOf":{"@id":"https:\/\/news.save.ch\/de\/#website"},"primaryImageOfPage":{"@id":"https:\/\/news.save.ch\/brandschutz-bei-lueftungsleitungen\/#primaryimage"},"image":{"@id":"https:\/\/news.save.ch\/brandschutz-bei-lueftungsleitungen\/#primaryimage"},"thumbnailUrl":"https:\/\/news.save.ch\/wp-content\/uploads\/2016\/12\/Brandschutz-bei-Lueftungsleitungen_sicherheitsforum-scaled.jpg","datePublished":"2015-07-13T07:32:00+00:00","description":"La protection incendie des installations de ventilation pose des exigences particuli\u00e8res en mati\u00e8re de planification et de r\u00e9alisation de la protection incendie. Un s\u00e9minaire fournit des informations de premi\u00e8re main.","breadcrumb":{"@id":"https:\/\/news.save.ch\/brandschutz-bei-lueftungsleitungen\/#breadcrumb"},"inLanguage":"fr-FR","potentialAction":[{"@type":"ReadAction","target":["https:\/\/news.save.ch\/brandschutz-bei-lueftungsleitungen\/"]}]},{"@type":"ImageObject","inLanguage":"fr-FR","@id":"https:\/\/news.save.ch\/brandschutz-bei-lueftungsleitungen\/#primaryimage","url":"https:\/\/news.save.ch\/wp-content\/uploads\/2016\/12\/Brandschutz-bei-Lueftungsleitungen_sicherheitsforum-scaled.jpg","contentUrl":"https:\/\/news.save.ch\/wp-content\/uploads\/2016\/12\/Brandschutz-bei-Lueftungsleitungen_sicherheitsforum-scaled.jpg","width":1400,"height":934},{"@type":"BreadcrumbList","@id":"https:\/\/news.save.ch\/brandschutz-bei-lueftungsleitungen\/#breadcrumb","itemListElement":[{"@type":"ListItem","position":1,"name":"Home","item":"https:\/\/news.save.ch\/de\/"},{"@type":"ListItem","position":2,"name":"Brandschutz bei L\u00fcftungsleitungen"}]},{"@type":"WebSite","@id":"https:\/\/news.save.ch\/de\/#website","url":"https:\/\/news.save.ch\/de\/","name":"Save","description":"Revue suisse sp\u00e9cialis\u00e9e dans la s\u00e9curit\u00e9","publisher":{"@id":"https:\/\/news.save.ch\/de\/#organization"},"potentialAction":[{"@type":"SearchAction","target":{"@type":"EntryPoint","urlTemplate":"https:\/\/news.save.ch\/de\/?s={search_term_string}"},"query-input":{"@type":"PropertyValueSpecification","valueRequired":true,"valueName":"search_term_string"}}],"inLanguage":"fr-FR"},{"@type":"Organization","@id":"https:\/\/news.save.ch\/de\/#organization","name":"Forum sur la s\u00e9curit\u00e9","url":"https:\/\/news.save.ch\/de\/","logo":{"@type":"ImageObject","inLanguage":"fr-FR","@id":"https:\/\/news.save.ch\/de\/#\/schema\/logo\/image\/","url":"https:\/\/news.save.ch\/wp-content\/uploads\/2022\/06\/Logo_SF_2012.png","contentUrl":"https:\/\/news.save.ch\/wp-content\/uploads\/2022\/06\/Logo_SF_2012.png","width":1100,"height":91,"caption":"Sicherheitsforum"},"image":{"@id":"https:\/\/news.save.ch\/de\/#\/schema\/logo\/image\/"}},{"@type":"Person","@id":"https:\/\/news.save.ch\/de\/#\/schema\/person\/d49e199490bad7c70d64b9ab51142f2b","name":"admin","image":{"@type":"ImageObject","inLanguage":"fr-FR","@id":"https:\/\/secure.gravatar.com\/avatar\/ae2f4d718e6c49043e314ce431e7e645d646302a24a5ef5a8bc8e3f5a032e319?s=96&d=mm&r=g","url":"https:\/\/secure.gravatar.com\/avatar\/ae2f4d718e6c49043e314ce431e7e645d646302a24a5ef5a8bc8e3f5a032e319?s=96&d=mm&r=g","contentUrl":"https:\/\/secure.gravatar.com\/avatar\/ae2f4d718e6c49043e314ce431e7e645d646302a24a5ef5a8bc8e3f5a032e319?s=96&d=mm&r=g","caption":"admin"},"sameAs":["https:\/\/develop.organisator.galledia.ch"],"url":"https:\/\/news.save.ch\/fr\/author\/admin\/"}]}},"_links":{"self":[{"href":"https:\/\/news.save.ch\/fr\/wp-json\/wp\/v2\/posts\/2955","targetHints":{"allow":["GET"]}}],"collection":[{"href":"https:\/\/news.save.ch\/fr\/wp-json\/wp\/v2\/posts"}],"about":[{"href":"https:\/\/news.save.ch\/fr\/wp-json\/wp\/v2\/types\/post"}],"author":[{"embeddable":true,"href":"https:\/\/news.save.ch\/fr\/wp-json\/wp\/v2\/users\/1"}],"replies":[{"embeddable":true,"href":"https:\/\/news.save.ch\/fr\/wp-json\/wp\/v2\/comments?post=2955"}],"version-history":[{"count":0,"href":"https:\/\/news.save.ch\/fr\/wp-json\/wp\/v2\/posts\/2955\/revisions"}],"wp:featuredmedia":[{"embeddable":true,"href":"https:\/\/news.save.ch\/fr\/wp-json\/wp\/v2\/media\/2958"}],"wp:attachment":[{"href":"https:\/\/news.save.ch\/fr\/wp-json\/wp\/v2\/media?parent=2955"}],"wp:term":[{"taxonomy":"category","embeddable":true,"href":"https:\/\/news.save.ch\/fr\/wp-json\/wp\/v2\/categories?post=2955"},{"taxonomy":"post_tag","embeddable":true,"href":"https:\/\/news.save.ch\/fr\/wp-json\/wp\/v2\/tags?post=2955"}],"curies":[{"name":"wp","href":"https:\/\/api.w.org\/{rel}","templated":true}]}}