{"id":296,"date":"2015-04-07T08:59:36","date_gmt":"2015-04-07T06:59:36","guid":{"rendered":"https:\/\/dev.sicherheitsforum.ch\/?p=296"},"modified":"2023-03-14T08:57:43","modified_gmt":"2023-03-14T07:57:43","slug":"rechenzentrum-top-bezueglich-klima-und-sicherheit","status":null,"type":"post","link":"https:\/\/news.save.ch\/fr\/rechenzentrum-top-bezueglich-klima-und-sicherheit\/","title":{"rendered":"Centre de calcul : au top en mati\u00e8re de climat et de s\u00e9curit\u00e9"},"content":{"rendered":"<figure id=\"attachment_297\" aria-describedby=\"caption-attachment-297\" style=\"width: 680px\" class=\"wp-caption alignnone\"><img loading=\"lazy\" decoding=\"async\" class=\"size-medium wp-image-297\" src=\"https:\/\/sicherheitsforum.ch\/wp-content\/uploads\/2016\/12\/Rechenzentrum-top-bez\u00fcglich-Klima-und-Sicherheit-it-security.jpg\" alt=\"Le premier des trois b\u00e2timents du centre de donn\u00e9es devrait \u00eatre construit d\u00e9but 2016.\" width=\"680\" height=\"391\" \/><figcaption id=\"caption-attachment-297\" class=\"wp-caption-text\">Le premier des trois b\u00e2timents du centre de donn\u00e9es devrait \u00eatre construit d\u00e9but 2016.<\/figcaption><\/figure>\n<p>Le volume de donn\u00e9es double tous les deux ans dans le monde entier, ce qui explique la croissance drastique des besoins en capacit\u00e9 des centres de donn\u00e9es et donc en \u00e9nergie. Le nouveau <a href=\"https:\/\/ecodatacenter.se\/en\/\" target=\"_blank\" data-cke-saved-href=\"https:\/\/ecodatacenter.se\/en\/\" rel=\"noopener\">EcoDataCenter<\/a> \u00e0 Falun, en Su\u00e8de, est pour cette raison reli\u00e9 au r\u00e9seau de chauffage urbain local. Ainsi, la chaleur des serveurs n'est pas gaspill\u00e9e. Au contraire, elle chauffe de nombreux b\u00e2timents de la ville. En \u00e9t\u00e9, la vapeur exc\u00e9dentaire de la centrale \u00e9lectrique voisine fournit l'\u00e9nergie n\u00e9cessaire pour alimenter les machines de refroidissement du centre de donn\u00e9es. En outre, 100% de l'\u00e9lectricit\u00e9 de l'EcoDataCenter provient d'\u00e9nergies renouvelables. Gr\u00e2ce \u00e0 l'interaction optimale entre le centre de donn\u00e9es et le r\u00e9seau de chauffage urbain, ce dernier pr\u00e9sente un bilan CO2 n\u00e9gatif sur une ann\u00e9e, souligne le directeur. <a title=\"Lien vers l&#039;entreprise\" href=\"https:\/\/www.schneider-electric.ch\" target=\"_blank\" data-cke-saved-href=\"https:\/\/www.schneider-electric.ch\" rel=\"noopener\">Schneider Electric<\/a>.<\/p>\n<p>Selon le communiqu\u00e9, l'EcoDataCenter atteindra une disponibilit\u00e9 de 100%. Seuls douze centres de calcul dans le monde atteignent un tel niveau de disponibilit\u00e9. En outre, le centre de calcul a le plus haut niveau de s\u00e9curit\u00e9 possible (<a title=\"Lien vers la certification\" href=\"https:\/\/uptimeinstitute.com\/TierCertification\/\" target=\"_blank\" data-cke-saved-href=\"https:\/\/uptimeinstitute.com\/TierCertification\/\" rel=\"noopener\">Animal IV<\/a>). Pour rappel, le premier centre de calcul en Suisse \u00e0 avoir obtenu la certification de conception \"Tier IV\" est celui de Swisscom \u00e0 Berne-Wankdorf.<\/p>\n<p>Le premier des trois b\u00e2timents du centre de donn\u00e9es de Falun devrait \u00eatre construit d\u00e9but 2016. Une fois enti\u00e8rement construit, sa superficie sera de 23 250 m2, soit l'\u00e9quivalent de plus de trois terrains de football.<\/p>","protected":false},"excerpt":{"rendered":"<p>Das Datenvolumen verdoppelt sich weltweit alle zwei Jahre, weshalb der Bedarf an Rechenzentrumkapazit\u00e4t und somit an Energie drastisch w\u00e4chst. Das neue EcoDataCenter im schwedischen Falun h\u00e4ngt aus diesem Grund am lokalen Fernw\u00e4rmenetz. Dadurch verpufft die W\u00e4rme der Server nicht ungenutzt. Vielmehr heizt sie zahlreiche Geb\u00e4ude der Stadt. Im Sommer liefert \u00fcbersch\u00fcssiger Dampf aus dem nahegelegenen [&hellip;]<\/p>\n","protected":false},"author":1,"featured_media":297,"comment_status":"open","ping_status":"open","sticky":false,"template":"","format":"standard","meta":{"_acf_changed":false,"pgc_sgb_lightbox_settings":"","footnotes":""},"categories":[3313],"tags":[62,63],"class_list":["post-296","post","type-post","status-publish","format-standard","has-post-thumbnail","hentry","category-digitalisierung","tag-ict-sicherheit","tag-it-security"],"acf":[],"hkrextid":null,"publication":null,"issue":null,"workflow":null,"startPage":null,"spitzmarke":null,"_posts_by_tag_page_fields":{"widget_title":"","widget_tags":""},"_at_widget":"1","_yoast_wpseo_primary_category":"2","_yoast_wpseo_focuskw_text_input":"Rechenzentrum","_yoast_wpseo_opengraph-image":"https:\/\/news.save.ch\/wp-content\/uploads\/2016\/12\/Rechenzentrum-top-bez\u00fcglich-Klima-und-Sicherheit-it-security.jpg","_yoast_wpseo_opengraph-description":"Im schwedischen Falun entsteht derzeit das erste Rechenzentrum mit einer positiven Klimabilanz. Zudem geh\u00f6rt es zu den 13 sichersten der Welt, wie Schneider Electric schreibt. Das Unternehmen ist Infrastrukturpartner des EcoDataCenter-Projekts, das Falu Energi & Vatten und EcoDC AB initiiert haben.","_yoast_wpseo_opengraph-title":"Rechenzentrum","enclosure":null,"_yoast_wpseo_twitter-title":null,"_yoast_wpseo_twitter-description":null,"_yoast_wpseo_twitter-image":null,"_wp_old_slug":null,"_yoast_wpseo_title":null,"_yoast_wpseo_canonical":null,"yoast_head":"<!-- This site is optimized with the Yoast SEO plugin v27.5 - https:\/\/yoast.com\/product\/yoast-seo-wordpress\/ -->\n<title>Rechenzentrum: top bez\u00fcglich Klima und Sicherheit - Save<\/title>\n<meta name=\"description\" content=\"Im schwedischen Falun entsteht derzeit das erste Rechenzentrum mit einer positiven Klimabilanz. Es geh\u00f6rt zu den 13 sichersten der Welt.\" \/>\n<meta name=\"robots\" content=\"index, follow, max-snippet:-1, max-image-preview:large, max-video-preview:-1\" \/>\n<link rel=\"canonical\" href=\"https:\/\/news.save.ch\/fr\/rechenzentrum-top-bezueglich-klima-und-sicherheit\/\" \/>\n<meta property=\"og:locale\" content=\"fr_FR\" \/>\n<meta property=\"og:type\" content=\"article\" \/>\n<meta property=\"og:title\" content=\"Rechenzentrum\" \/>\n<meta property=\"og:description\" content=\"Im schwedischen Falun entsteht derzeit das erste Rechenzentrum mit einer positiven Klimabilanz. Zudem geh\u00f6rt es zu den 13 sichersten der Welt, wie Schneider Electric schreibt. Das Unternehmen ist Infrastrukturpartner des EcoDataCenter-Projekts, das Falu Energi &amp; Vatten und EcoDC AB initiiert haben.\" \/>\n<meta property=\"og:url\" content=\"https:\/\/news.save.ch\/fr\/rechenzentrum-top-bezueglich-klima-und-sicherheit\/\" \/>\n<meta property=\"og:site_name\" content=\"Save\" \/>\n<meta property=\"article:published_time\" content=\"2015-04-07T06:59:36+00:00\" \/>\n<meta property=\"article:modified_time\" content=\"2023-03-14T07:57:43+00:00\" \/>\n<meta property=\"og:image\" content=\"https:\/\/news.save.ch\/wp-content\/uploads\/2016\/12\/Rechenzentrum-top-bez\u00fcglich-Klima-und-Sicherheit-it-security.jpg\" \/>\n<meta name=\"author\" content=\"admin\" \/>\n<meta name=\"twitter:card\" content=\"summary_large_image\" \/>\n<meta name=\"twitter:label1\" content=\"\u00c9crit par\" \/>\n\t<meta name=\"twitter:data1\" content=\"admin\" \/>\n\t<meta name=\"twitter:label2\" content=\"Dur\u00e9e de lecture estim\u00e9e\" \/>\n\t<meta name=\"twitter:data2\" content=\"1 minute\" \/>\n<script type=\"application\/ld+json\" class=\"yoast-schema-graph\">{\"@context\":\"https:\\\/\\\/schema.org\",\"@graph\":[{\"@type\":\"Article\",\"@id\":\"https:\\\/\\\/news.save.ch\\\/rechenzentrum-top-bezueglich-klima-und-sicherheit\\\/#article\",\"isPartOf\":{\"@id\":\"https:\\\/\\\/news.save.ch\\\/rechenzentrum-top-bezueglich-klima-und-sicherheit\\\/\"},\"author\":{\"name\":\"admin\",\"@id\":\"https:\\\/\\\/news.save.ch\\\/de\\\/#\\\/schema\\\/person\\\/d49e199490bad7c70d64b9ab51142f2b\"},\"headline\":\"Rechenzentrum: top bez\u00fcglich Klima und Sicherheit\",\"datePublished\":\"2015-04-07T06:59:36+00:00\",\"dateModified\":\"2023-03-14T07:57:43+00:00\",\"mainEntityOfPage\":{\"@id\":\"https:\\\/\\\/news.save.ch\\\/rechenzentrum-top-bezueglich-klima-und-sicherheit\\\/\"},\"wordCount\":218,\"commentCount\":0,\"publisher\":{\"@id\":\"https:\\\/\\\/news.save.ch\\\/de\\\/#organization\"},\"image\":{\"@id\":\"https:\\\/\\\/news.save.ch\\\/rechenzentrum-top-bezueglich-klima-und-sicherheit\\\/#primaryimage\"},\"thumbnailUrl\":\"https:\\\/\\\/news.save.ch\\\/wp-content\\\/uploads\\\/2016\\\/12\\\/Rechenzentrum-top-bezueglich-Klima-und-Sicherheit-it-security-scaled-1-scaled.jpg\",\"keywords\":[\"ICT-Sicherheit\",\"IT-SECURITY\"],\"articleSection\":[\"DIGITALISIERUNG\"],\"inLanguage\":\"fr-FR\"},{\"@type\":\"WebPage\",\"@id\":\"https:\\\/\\\/news.save.ch\\\/rechenzentrum-top-bezueglich-klima-und-sicherheit\\\/\",\"url\":\"https:\\\/\\\/news.save.ch\\\/rechenzentrum-top-bezueglich-klima-und-sicherheit\\\/\",\"name\":\"Rechenzentrum: top bez\u00fcglich Klima und Sicherheit - Save\",\"isPartOf\":{\"@id\":\"https:\\\/\\\/news.save.ch\\\/de\\\/#website\"},\"primaryImageOfPage\":{\"@id\":\"https:\\\/\\\/news.save.ch\\\/rechenzentrum-top-bezueglich-klima-und-sicherheit\\\/#primaryimage\"},\"image\":{\"@id\":\"https:\\\/\\\/news.save.ch\\\/rechenzentrum-top-bezueglich-klima-und-sicherheit\\\/#primaryimage\"},\"thumbnailUrl\":\"https:\\\/\\\/news.save.ch\\\/wp-content\\\/uploads\\\/2016\\\/12\\\/Rechenzentrum-top-bezueglich-Klima-und-Sicherheit-it-security-scaled-1-scaled.jpg\",\"datePublished\":\"2015-04-07T06:59:36+00:00\",\"dateModified\":\"2023-03-14T07:57:43+00:00\",\"description\":\"Im schwedischen Falun entsteht derzeit das erste Rechenzentrum mit einer positiven Klimabilanz. Es geh\u00f6rt zu den 13 sichersten der Welt.\",\"breadcrumb\":{\"@id\":\"https:\\\/\\\/news.save.ch\\\/rechenzentrum-top-bezueglich-klima-und-sicherheit\\\/#breadcrumb\"},\"inLanguage\":\"fr-FR\",\"potentialAction\":[{\"@type\":\"ReadAction\",\"target\":[\"https:\\\/\\\/news.save.ch\\\/rechenzentrum-top-bezueglich-klima-und-sicherheit\\\/\"]}]},{\"@type\":\"ImageObject\",\"inLanguage\":\"fr-FR\",\"@id\":\"https:\\\/\\\/news.save.ch\\\/rechenzentrum-top-bezueglich-klima-und-sicherheit\\\/#primaryimage\",\"url\":\"https:\\\/\\\/news.save.ch\\\/wp-content\\\/uploads\\\/2016\\\/12\\\/Rechenzentrum-top-bezueglich-Klima-und-Sicherheit-it-security-scaled-1-scaled.jpg\",\"contentUrl\":\"https:\\\/\\\/news.save.ch\\\/wp-content\\\/uploads\\\/2016\\\/12\\\/Rechenzentrum-top-bezueglich-Klima-und-Sicherheit-it-security-scaled-1-scaled.jpg\",\"width\":1400,\"height\":805,\"caption\":\"Das erste von drei Geb\u00e4uden des Rechenzentrums soll Anfang 2016 stehen.\"},{\"@type\":\"BreadcrumbList\",\"@id\":\"https:\\\/\\\/news.save.ch\\\/rechenzentrum-top-bezueglich-klima-und-sicherheit\\\/#breadcrumb\",\"itemListElement\":[{\"@type\":\"ListItem\",\"position\":1,\"name\":\"Home\",\"item\":\"https:\\\/\\\/news.save.ch\\\/de\\\/\"},{\"@type\":\"ListItem\",\"position\":2,\"name\":\"Rechenzentrum: top bez\u00fcglich Klima und Sicherheit\"}]},{\"@type\":\"WebSite\",\"@id\":\"https:\\\/\\\/news.save.ch\\\/de\\\/#website\",\"url\":\"https:\\\/\\\/news.save.ch\\\/de\\\/\",\"name\":\"Save\",\"description\":\"Schweizer Fachzeitschrift f\u00fcr Sicherheit\",\"publisher\":{\"@id\":\"https:\\\/\\\/news.save.ch\\\/de\\\/#organization\"},\"potentialAction\":[{\"@type\":\"SearchAction\",\"target\":{\"@type\":\"EntryPoint\",\"urlTemplate\":\"https:\\\/\\\/news.save.ch\\\/de\\\/?s={search_term_string}\"},\"query-input\":{\"@type\":\"PropertyValueSpecification\",\"valueRequired\":true,\"valueName\":\"search_term_string\"}}],\"inLanguage\":\"fr-FR\"},{\"@type\":\"Organization\",\"@id\":\"https:\\\/\\\/news.save.ch\\\/de\\\/#organization\",\"name\":\"Sicherheitsforum\",\"url\":\"https:\\\/\\\/news.save.ch\\\/de\\\/\",\"logo\":{\"@type\":\"ImageObject\",\"inLanguage\":\"fr-FR\",\"@id\":\"https:\\\/\\\/news.save.ch\\\/de\\\/#\\\/schema\\\/logo\\\/image\\\/\",\"url\":\"https:\\\/\\\/news.save.ch\\\/wp-content\\\/uploads\\\/2022\\\/06\\\/Logo_SF_2012.png\",\"contentUrl\":\"https:\\\/\\\/news.save.ch\\\/wp-content\\\/uploads\\\/2022\\\/06\\\/Logo_SF_2012.png\",\"width\":1100,\"height\":91,\"caption\":\"Sicherheitsforum\"},\"image\":{\"@id\":\"https:\\\/\\\/news.save.ch\\\/de\\\/#\\\/schema\\\/logo\\\/image\\\/\"}},{\"@type\":\"Person\",\"@id\":\"https:\\\/\\\/news.save.ch\\\/de\\\/#\\\/schema\\\/person\\\/d49e199490bad7c70d64b9ab51142f2b\",\"name\":\"admin\",\"image\":{\"@type\":\"ImageObject\",\"inLanguage\":\"fr-FR\",\"@id\":\"https:\\\/\\\/secure.gravatar.com\\\/avatar\\\/ae2f4d718e6c49043e314ce431e7e645d646302a24a5ef5a8bc8e3f5a032e319?s=96&d=mm&r=g\",\"url\":\"https:\\\/\\\/secure.gravatar.com\\\/avatar\\\/ae2f4d718e6c49043e314ce431e7e645d646302a24a5ef5a8bc8e3f5a032e319?s=96&d=mm&r=g\",\"contentUrl\":\"https:\\\/\\\/secure.gravatar.com\\\/avatar\\\/ae2f4d718e6c49043e314ce431e7e645d646302a24a5ef5a8bc8e3f5a032e319?s=96&d=mm&r=g\",\"caption\":\"admin\"},\"sameAs\":[\"https:\\\/\\\/develop.organisator.galledia.ch\"],\"url\":\"https:\\\/\\\/news.save.ch\\\/fr\\\/author\\\/admin\\\/\"}]}<\/script>\n<!-- \/ Yoast SEO plugin. -->","yoast_head_json":{"title":"Centre de calcul : top en mati\u00e8re de climat et de s\u00e9curit\u00e9 - Save","description":"Le premier centre informatique au bilan climatique positif est actuellement en construction \u00e0 Falun, en Su\u00e8de. Il fait partie des 13 centres les plus s\u00fbrs au monde.","robots":{"index":"index","follow":"follow","max-snippet":"max-snippet:-1","max-image-preview":"max-image-preview:large","max-video-preview":"max-video-preview:-1"},"canonical":"https:\/\/news.save.ch\/fr\/rechenzentrum-top-bezueglich-klima-und-sicherheit\/","og_locale":"fr_FR","og_type":"article","og_title":"Rechenzentrum","og_description":"Im schwedischen Falun entsteht derzeit das erste Rechenzentrum mit einer positiven Klimabilanz. Zudem geh\u00f6rt es zu den 13 sichersten der Welt, wie Schneider Electric schreibt. Das Unternehmen ist Infrastrukturpartner des EcoDataCenter-Projekts, das Falu Energi & Vatten und EcoDC AB initiiert haben.","og_url":"https:\/\/news.save.ch\/fr\/rechenzentrum-top-bezueglich-klima-und-sicherheit\/","og_site_name":"Save","article_published_time":"2015-04-07T06:59:36+00:00","article_modified_time":"2023-03-14T07:57:43+00:00","og_image":[{"url":"https:\/\/news.save.ch\/wp-content\/uploads\/2016\/12\/Rechenzentrum-top-bez\u00fcglich-Klima-und-Sicherheit-it-security.jpg","type":"","width":"","height":""}],"author":"admin","twitter_card":"summary_large_image","twitter_misc":{"\u00c9crit par":"admin","Dur\u00e9e de lecture estim\u00e9e":"1 minute"},"schema":{"@context":"https:\/\/schema.org","@graph":[{"@type":"Article","@id":"https:\/\/news.save.ch\/rechenzentrum-top-bezueglich-klima-und-sicherheit\/#article","isPartOf":{"@id":"https:\/\/news.save.ch\/rechenzentrum-top-bezueglich-klima-und-sicherheit\/"},"author":{"name":"admin","@id":"https:\/\/news.save.ch\/de\/#\/schema\/person\/d49e199490bad7c70d64b9ab51142f2b"},"headline":"Rechenzentrum: top bez\u00fcglich Klima und Sicherheit","datePublished":"2015-04-07T06:59:36+00:00","dateModified":"2023-03-14T07:57:43+00:00","mainEntityOfPage":{"@id":"https:\/\/news.save.ch\/rechenzentrum-top-bezueglich-klima-und-sicherheit\/"},"wordCount":218,"commentCount":0,"publisher":{"@id":"https:\/\/news.save.ch\/de\/#organization"},"image":{"@id":"https:\/\/news.save.ch\/rechenzentrum-top-bezueglich-klima-und-sicherheit\/#primaryimage"},"thumbnailUrl":"https:\/\/news.save.ch\/wp-content\/uploads\/2016\/12\/Rechenzentrum-top-bezueglich-Klima-und-Sicherheit-it-security-scaled-1-scaled.jpg","keywords":["ICT-Sicherheit","IT-SECURITY"],"articleSection":["DIGITALISIERUNG"],"inLanguage":"fr-FR"},{"@type":"WebPage","@id":"https:\/\/news.save.ch\/rechenzentrum-top-bezueglich-klima-und-sicherheit\/","url":"https:\/\/news.save.ch\/rechenzentrum-top-bezueglich-klima-und-sicherheit\/","name":"Centre de calcul : top en mati\u00e8re de climat et de s\u00e9curit\u00e9 - Save","isPartOf":{"@id":"https:\/\/news.save.ch\/de\/#website"},"primaryImageOfPage":{"@id":"https:\/\/news.save.ch\/rechenzentrum-top-bezueglich-klima-und-sicherheit\/#primaryimage"},"image":{"@id":"https:\/\/news.save.ch\/rechenzentrum-top-bezueglich-klima-und-sicherheit\/#primaryimage"},"thumbnailUrl":"https:\/\/news.save.ch\/wp-content\/uploads\/2016\/12\/Rechenzentrum-top-bezueglich-Klima-und-Sicherheit-it-security-scaled-1-scaled.jpg","datePublished":"2015-04-07T06:59:36+00:00","dateModified":"2023-03-14T07:57:43+00:00","description":"Le premier centre informatique au bilan climatique positif est actuellement en construction \u00e0 Falun, en Su\u00e8de. Il fait partie des 13 centres les plus s\u00fbrs au monde.","breadcrumb":{"@id":"https:\/\/news.save.ch\/rechenzentrum-top-bezueglich-klima-und-sicherheit\/#breadcrumb"},"inLanguage":"fr-FR","potentialAction":[{"@type":"ReadAction","target":["https:\/\/news.save.ch\/rechenzentrum-top-bezueglich-klima-und-sicherheit\/"]}]},{"@type":"ImageObject","inLanguage":"fr-FR","@id":"https:\/\/news.save.ch\/rechenzentrum-top-bezueglich-klima-und-sicherheit\/#primaryimage","url":"https:\/\/news.save.ch\/wp-content\/uploads\/2016\/12\/Rechenzentrum-top-bezueglich-Klima-und-Sicherheit-it-security-scaled-1-scaled.jpg","contentUrl":"https:\/\/news.save.ch\/wp-content\/uploads\/2016\/12\/Rechenzentrum-top-bezueglich-Klima-und-Sicherheit-it-security-scaled-1-scaled.jpg","width":1400,"height":805,"caption":"Das erste von drei Geb\u00e4uden des Rechenzentrums soll Anfang 2016 stehen."},{"@type":"BreadcrumbList","@id":"https:\/\/news.save.ch\/rechenzentrum-top-bezueglich-klima-und-sicherheit\/#breadcrumb","itemListElement":[{"@type":"ListItem","position":1,"name":"Home","item":"https:\/\/news.save.ch\/de\/"},{"@type":"ListItem","position":2,"name":"Rechenzentrum: top bez\u00fcglich Klima und Sicherheit"}]},{"@type":"WebSite","@id":"https:\/\/news.save.ch\/de\/#website","url":"https:\/\/news.save.ch\/de\/","name":"Save","description":"Revue suisse sp\u00e9cialis\u00e9e dans la s\u00e9curit\u00e9","publisher":{"@id":"https:\/\/news.save.ch\/de\/#organization"},"potentialAction":[{"@type":"SearchAction","target":{"@type":"EntryPoint","urlTemplate":"https:\/\/news.save.ch\/de\/?s={search_term_string}"},"query-input":{"@type":"PropertyValueSpecification","valueRequired":true,"valueName":"search_term_string"}}],"inLanguage":"fr-FR"},{"@type":"Organization","@id":"https:\/\/news.save.ch\/de\/#organization","name":"Forum sur la s\u00e9curit\u00e9","url":"https:\/\/news.save.ch\/de\/","logo":{"@type":"ImageObject","inLanguage":"fr-FR","@id":"https:\/\/news.save.ch\/de\/#\/schema\/logo\/image\/","url":"https:\/\/news.save.ch\/wp-content\/uploads\/2022\/06\/Logo_SF_2012.png","contentUrl":"https:\/\/news.save.ch\/wp-content\/uploads\/2022\/06\/Logo_SF_2012.png","width":1100,"height":91,"caption":"Sicherheitsforum"},"image":{"@id":"https:\/\/news.save.ch\/de\/#\/schema\/logo\/image\/"}},{"@type":"Person","@id":"https:\/\/news.save.ch\/de\/#\/schema\/person\/d49e199490bad7c70d64b9ab51142f2b","name":"admin","image":{"@type":"ImageObject","inLanguage":"fr-FR","@id":"https:\/\/secure.gravatar.com\/avatar\/ae2f4d718e6c49043e314ce431e7e645d646302a24a5ef5a8bc8e3f5a032e319?s=96&d=mm&r=g","url":"https:\/\/secure.gravatar.com\/avatar\/ae2f4d718e6c49043e314ce431e7e645d646302a24a5ef5a8bc8e3f5a032e319?s=96&d=mm&r=g","contentUrl":"https:\/\/secure.gravatar.com\/avatar\/ae2f4d718e6c49043e314ce431e7e645d646302a24a5ef5a8bc8e3f5a032e319?s=96&d=mm&r=g","caption":"admin"},"sameAs":["https:\/\/develop.organisator.galledia.ch"],"url":"https:\/\/news.save.ch\/fr\/author\/admin\/"}]}},"_links":{"self":[{"href":"https:\/\/news.save.ch\/fr\/wp-json\/wp\/v2\/posts\/296","targetHints":{"allow":["GET"]}}],"collection":[{"href":"https:\/\/news.save.ch\/fr\/wp-json\/wp\/v2\/posts"}],"about":[{"href":"https:\/\/news.save.ch\/fr\/wp-json\/wp\/v2\/types\/post"}],"author":[{"embeddable":true,"href":"https:\/\/news.save.ch\/fr\/wp-json\/wp\/v2\/users\/1"}],"replies":[{"embeddable":true,"href":"https:\/\/news.save.ch\/fr\/wp-json\/wp\/v2\/comments?post=296"}],"version-history":[{"count":1,"href":"https:\/\/news.save.ch\/fr\/wp-json\/wp\/v2\/posts\/296\/revisions"}],"predecessor-version":[{"id":17812,"href":"https:\/\/news.save.ch\/fr\/wp-json\/wp\/v2\/posts\/296\/revisions\/17812"}],"wp:featuredmedia":[{"embeddable":true,"href":"https:\/\/news.save.ch\/fr\/wp-json\/wp\/v2\/media\/297"}],"wp:attachment":[{"href":"https:\/\/news.save.ch\/fr\/wp-json\/wp\/v2\/media?parent=296"}],"wp:term":[{"taxonomy":"category","embeddable":true,"href":"https:\/\/news.save.ch\/fr\/wp-json\/wp\/v2\/categories?post=296"},{"taxonomy":"post_tag","embeddable":true,"href":"https:\/\/news.save.ch\/fr\/wp-json\/wp\/v2\/tags?post=296"}],"curies":[{"name":"wp","href":"https:\/\/api.w.org\/{rel}","templated":true}]}}