{"id":2984,"date":"2015-07-03T09:51:23","date_gmt":"2015-07-03T07:51:23","guid":{"rendered":"https:\/\/dev.sicherheitsforum.ch\/?p=2984"},"modified":"2023-03-14T08:59:01","modified_gmt":"2023-03-14T07:59:01","slug":"hitzewelle-unter-den-top-3-risiken-der-schweiz","status":null,"type":"post","link":"https:\/\/news.save.ch\/fr\/hitzewelle-unter-den-top-3-risiken-der-schweiz\/","title":{"rendered":"La canicule dans le top 3 des risques en Suisse"},"content":{"rendered":"<figure id=\"attachment_2985\" aria-describedby=\"caption-attachment-2985\" style=\"width: 680px\" class=\"wp-caption alignnone\"><img loading=\"lazy\" decoding=\"async\" class=\"wp-image-2985 size-medium\" src=\"https:\/\/news.save.ch\/wp-content\/uploads\/2016\/12\/Hitzewelle-unter-den-Top-3-Risiken-der-Schweiz_sicherheitsforum.jpg\" width=\"680\" height=\"506\" srcset=\"https:\/\/news.save.ch\/wp-content\/uploads\/2016\/12\/Hitzewelle-unter-den-Top-3-Risiken-der-Schweiz_sicherheitsforum.jpg 800w, https:\/\/news.save.ch\/wp-content\/uploads\/2016\/12\/Hitzewelle-unter-den-Top-3-Risiken-der-Schweiz_sicherheitsforum-375x279.jpg 375w\" sizes=\"auto, (max-width: 680px) 100vw, 680px\" \/><figcaption id=\"caption-attachment-2985\" class=\"wp-caption-text\">La canicule fait \u00e9galement partie des risques majeurs. Photo : Archives f\u00e9d\u00e9rales<\/figcaption><\/figure>\n<blockquote>\n<p>L'analyse nationale des risques \"Catastrophes et situations d'urgence en Suisse\" examine \u00e9galement des dangers qui ne se sont que rarement ou pas encore produits en Suisse.<\/p>\n<\/blockquote>\n<p>Dans le rapport \"<a title=\"vers le rapport sur les risques\" href=\"https:\/\/www.news.admin.ch\/NSBSubscriber\/message\/attachments\/40201.pdf\" target=\"_blank\" data-cke-saved-href=\"https:\/\/www.news.admin.ch\/NSBSubscriber\/message\/attachments\/40201.pdf\" rel=\"noopener\">Catastrophes et situations d'urgence en Suisse - Rapport technique sur les risques 2015<\/a>\"La probabilit\u00e9 d'occurrence et l'ampleur des dommages potentiels de 33 dangers importants pour la protection de la population sont syst\u00e9matiquement analys\u00e9s dans le cadre de l'\u00e9valuation des risques.<\/p>\n<p>Le risque le plus important identifi\u00e9 est une \u00e9ventuelle p\u00e9nurie d'\u00e9lectricit\u00e9 grave et de longue dur\u00e9e. On entend par l\u00e0 une p\u00e9nurie d'\u00e9lectricit\u00e9 de 30 % pendant plusieurs mois en hiver. Un tel sc\u00e9nario entra\u00eenerait d'importants dommages corporels et, en outre, d'immenses dommages \u00e9conomiques et immat\u00e9riels pour l'\u00e9conomie et la soci\u00e9t\u00e9. Au total, on peut s'attendre \u00e0 des dommages de plus de 100 milliards de francs. La fr\u00e9quence de survenue d'un tel \u00e9v\u00e9nement est estim\u00e9e \u00e0 une fois tous les 30 \u00e0 100 ans. Le risque est tout aussi \u00e9lev\u00e9 en ce qui concerne une \u00e9ventuelle pand\u00e9mie : avec une fr\u00e9quence estim\u00e9e \u00e0 peu pr\u00e8s identique, on s'attend ici \u00e0 une ampleur des dommages de 70 \u00e0 80 milliards de francs.<\/p>\n<p>En outre, il existe toute une s\u00e9rie d'autres catastrophes et situations d'urgence possibles qui repr\u00e9sentent \u00e9galement un risque relativement important. Les dix risques les plus importants sont<\/p>\n<ol>\n<li>P\u00e9nurie d'\u00e9lectricit\u00e9<\/li>\n<li>Pand\u00e9mie<\/li>\n<li>Vague de chaleur<\/li>\n<li>Tremblement de terre<\/li>\n<li>Panne d'\u00e9lectricit\u00e9 r\u00e9gionale<\/li>\n<li>Temp\u00eate<\/li>\n<li>Panne TIC<\/li>\n<li>Vague de r\u00e9fugi\u00e9s<\/li>\n<li>Crash d'un objet volant<\/li>\n<li>Epizootie<\/li>\n<\/ol>\n<p>L'analyse nationale des risques \"Catastrophes et situations d'urgence en Suisse\" constitue une base importante pour la planification syst\u00e9matique \u00e0 un niveau sup\u00e9rieur des mesures de pr\u00e9paration \u00e0 d'\u00e9ventuelles catastrophes et situations d'urgence. Les cantons peuvent \u00e9galement utiliser les conclusions et les produits de l'analyse nationale pour d\u00e9velopper leur propre pr\u00e9paration cantonale aux catastrophes. Le principal r\u00e9sultat du rapport sur les risques 2015 r\u00e9side dans le fait qu'il permet une comparaison transparente du potentiel de danger d'\u00e9v\u00e9nements tr\u00e8s diff\u00e9rents. Le rapport sur les risques 2015 constitue ainsi une base importante pour le d\u00e9veloppement de la protection contre les catastrophes dans le cadre de la politique de s\u00e9curit\u00e9 suisse dans son ensemble.<\/p>\n<p>Vers <a title=\"vers la brochure\" href=\"https:\/\/www.news.admin.ch\/NSBSubscriber\/message\/attachments\/40200.pdf\" target=\"_blank\" data-cke-saved-href=\"https:\/\/www.news.admin.ch\/NSBSubscriber\/message\/attachments\/40200.pdf\" rel=\"noopener\">Brochure \"Catastrophes et situations d'urgence en Suisse<\/a><\/p>","protected":false},"excerpt":{"rendered":"<p>Die nationale Risikoanalyse \u00abKatastrophen und Notlagen Schweiz\u00bb untersucht auch Gef\u00e4hrdungen, die in der Schweiz bisher selten oder noch gar nicht eingetreten sind. Im Bericht \u201eKatastrophen und Notlagen Schweiz &#8211; Technischer Risikobericht 2015&#8220; werden insgesamt 33 bev\u00f6lkerungsschutzrelevante Gef\u00e4hrdungen systematisch auf ihre Eintrittswahrscheinlichkeit und auf das m\u00f6gliche Schadensausmass hin analysiert, um das jeweilige Risiko zu bestimmen. Als [&hellip;]<\/p>\n","protected":false},"author":1,"featured_media":2985,"comment_status":"open","ping_status":"open","sticky":false,"template":"","format":"standard","meta":{"_acf_changed":false,"pgc_sgb_lightbox_settings":"","footnotes":""},"categories":[3312],"tags":[120,170],"class_list":["post-2984","post","type-post","status-publish","format-standard","has-post-thumbnail","hentry","category-sicherheit","tag-bundesamt","tag-naturgefahren"],"acf":[],"hkrextid":null,"publication":null,"issue":null,"workflow":null,"startPage":null,"spitzmarke":null,"_posts_by_tag_page_fields":{"widget_title":"","widget_tags":""},"_at_widget":"1","_yoast_wpseo_primary_category":"5","_yoast_wpseo_focuskw_text_input":"Top-3-Risiken","_yoast_wpseo_opengraph-image":"https:\/\/news.save.ch\/wp-content\/uploads\/2016\/12\/Hitzewelle-unter-den-Top-3-Risiken-der-Schweiz_sicherheitsforum.jpg","_yoast_wpseo_opengraph-description":"Das Bundesamt f\u00fcr Bev\u00f6lkerungsschutz f\u00fchrt eine umfassende nationale Risikoanalyse \u201eKatastrophen und Notlagen Schweiz\u201c durch. Als Resultat werden im Risikobericht 2015 nicht nur 33 relevante Ereignisse genannt, sondern auch die zehn Top-Risiken aufgelistet. Das Risiko \"Hitzewelle\" figuriert auf Platz 3 und wird gem\u00e4ss Bericht wie folgt definiert: \"Hitzeperiode mit Durchschnittstemperaturen von mehr als 35 \u00b0C sowie h\u00e4ufigen Tropenn\u00e4chten w\u00e4hrend mehrerer Wochen\".","_yoast_wpseo_opengraph-title":"Hitzewelle unter den Top-3-Risiken der Schweiz","enclosure":null,"_yoast_wpseo_twitter-title":null,"_yoast_wpseo_twitter-description":null,"_yoast_wpseo_twitter-image":null,"_wp_old_slug":null,"_yoast_wpseo_title":null,"_yoast_wpseo_canonical":null,"yoast_head":"<!-- This site is optimized with the Yoast SEO plugin v27.4 - https:\/\/yoast.com\/product\/yoast-seo-wordpress\/ -->\n<title>Hitzewelle unter den Top-3-Risiken der Schweiz - Save<\/title>\n<meta name=\"description\" content=\"Top-3-Risiken: Das Bundesamt f\u00fcr Bev\u00f6lkerungsschutz f\u00fchrt eine umfassende nationale Risikoanalyse \u201eKatastrophen und Notlagen Schweiz\u201c durch.\" \/>\n<meta name=\"robots\" content=\"index, follow, max-snippet:-1, max-image-preview:large, max-video-preview:-1\" \/>\n<link rel=\"canonical\" href=\"https:\/\/news.save.ch\/fr\/hitzewelle-unter-den-top-3-risiken-der-schweiz\/\" \/>\n<meta property=\"og:locale\" content=\"fr_FR\" \/>\n<meta property=\"og:type\" content=\"article\" \/>\n<meta property=\"og:title\" content=\"Hitzewelle unter den Top-3-Risiken der Schweiz\" \/>\n<meta property=\"og:description\" content=\"Das Bundesamt f\u00fcr Bev\u00f6lkerungsschutz f\u00fchrt eine umfassende nationale Risikoanalyse \u201eKatastrophen und Notlagen Schweiz\u201c durch. Als Resultat werden im Risikobericht 2015 nicht nur 33 relevante Ereignisse genannt, sondern auch die zehn Top-Risiken aufgelistet. Das Risiko &quot;Hitzewelle&quot; figuriert auf Platz 3 und wird gem\u00e4ss Bericht wie folgt definiert: &quot;Hitzeperiode mit Durchschnittstemperaturen von mehr als 35 \u00b0C sowie h\u00e4ufigen Tropenn\u00e4chten w\u00e4hrend mehrerer Wochen&quot;.\" \/>\n<meta property=\"og:url\" content=\"https:\/\/news.save.ch\/fr\/hitzewelle-unter-den-top-3-risiken-der-schweiz\/\" \/>\n<meta property=\"og:site_name\" content=\"Save\" \/>\n<meta property=\"article:published_time\" content=\"2015-07-03T07:51:23+00:00\" \/>\n<meta property=\"article:modified_time\" content=\"2023-03-14T07:59:01+00:00\" \/>\n<meta property=\"og:image\" content=\"https:\/\/news.save.ch\/wp-content\/uploads\/2016\/12\/Hitzewelle-unter-den-Top-3-Risiken-der-Schweiz_sicherheitsforum.jpg\" \/>\n<meta name=\"author\" content=\"admin\" \/>\n<meta name=\"twitter:card\" content=\"summary_large_image\" \/>\n<meta name=\"twitter:label1\" content=\"\u00c9crit par\" \/>\n\t<meta name=\"twitter:data1\" content=\"admin\" \/>\n\t<meta name=\"twitter:label2\" content=\"Dur\u00e9e de lecture estim\u00e9e\" \/>\n\t<meta name=\"twitter:data2\" content=\"2 minutes\" \/>\n<script type=\"application\/ld+json\" class=\"yoast-schema-graph\">{\"@context\":\"https:\\\/\\\/schema.org\",\"@graph\":[{\"@type\":\"Article\",\"@id\":\"https:\\\/\\\/news.save.ch\\\/hitzewelle-unter-den-top-3-risiken-der-schweiz\\\/#article\",\"isPartOf\":{\"@id\":\"https:\\\/\\\/news.save.ch\\\/hitzewelle-unter-den-top-3-risiken-der-schweiz\\\/\"},\"author\":{\"name\":\"admin\",\"@id\":\"https:\\\/\\\/news.save.ch\\\/de\\\/#\\\/schema\\\/person\\\/d49e199490bad7c70d64b9ab51142f2b\"},\"headline\":\"Hitzewelle unter den Top-3-Risiken der Schweiz\",\"datePublished\":\"2015-07-03T07:51:23+00:00\",\"dateModified\":\"2023-03-14T07:59:01+00:00\",\"mainEntityOfPage\":{\"@id\":\"https:\\\/\\\/news.save.ch\\\/hitzewelle-unter-den-top-3-risiken-der-schweiz\\\/\"},\"wordCount\":328,\"commentCount\":0,\"publisher\":{\"@id\":\"https:\\\/\\\/news.save.ch\\\/de\\\/#organization\"},\"image\":{\"@id\":\"https:\\\/\\\/news.save.ch\\\/hitzewelle-unter-den-top-3-risiken-der-schweiz\\\/#primaryimage\"},\"thumbnailUrl\":\"https:\\\/\\\/news.save.ch\\\/wp-content\\\/uploads\\\/2016\\\/12\\\/Hitzewelle-unter-den-Top-3-Risiken-der-Schweiz_sicherheitsforum.jpg\",\"keywords\":[\"Bundesamt\",\"Naturgefahren\"],\"articleSection\":[\"SICHERHEIT\"],\"inLanguage\":\"fr-FR\"},{\"@type\":\"WebPage\",\"@id\":\"https:\\\/\\\/news.save.ch\\\/hitzewelle-unter-den-top-3-risiken-der-schweiz\\\/\",\"url\":\"https:\\\/\\\/news.save.ch\\\/hitzewelle-unter-den-top-3-risiken-der-schweiz\\\/\",\"name\":\"Hitzewelle unter den Top-3-Risiken der Schweiz - Save\",\"isPartOf\":{\"@id\":\"https:\\\/\\\/news.save.ch\\\/de\\\/#website\"},\"primaryImageOfPage\":{\"@id\":\"https:\\\/\\\/news.save.ch\\\/hitzewelle-unter-den-top-3-risiken-der-schweiz\\\/#primaryimage\"},\"image\":{\"@id\":\"https:\\\/\\\/news.save.ch\\\/hitzewelle-unter-den-top-3-risiken-der-schweiz\\\/#primaryimage\"},\"thumbnailUrl\":\"https:\\\/\\\/news.save.ch\\\/wp-content\\\/uploads\\\/2016\\\/12\\\/Hitzewelle-unter-den-Top-3-Risiken-der-Schweiz_sicherheitsforum.jpg\",\"datePublished\":\"2015-07-03T07:51:23+00:00\",\"dateModified\":\"2023-03-14T07:59:01+00:00\",\"description\":\"Top-3-Risiken: Das Bundesamt f\u00fcr Bev\u00f6lkerungsschutz f\u00fchrt eine umfassende nationale Risikoanalyse \u201eKatastrophen und Notlagen Schweiz\u201c durch.\",\"breadcrumb\":{\"@id\":\"https:\\\/\\\/news.save.ch\\\/hitzewelle-unter-den-top-3-risiken-der-schweiz\\\/#breadcrumb\"},\"inLanguage\":\"fr-FR\",\"potentialAction\":[{\"@type\":\"ReadAction\",\"target\":[\"https:\\\/\\\/news.save.ch\\\/hitzewelle-unter-den-top-3-risiken-der-schweiz\\\/\"]}]},{\"@type\":\"ImageObject\",\"inLanguage\":\"fr-FR\",\"@id\":\"https:\\\/\\\/news.save.ch\\\/hitzewelle-unter-den-top-3-risiken-der-schweiz\\\/#primaryimage\",\"url\":\"https:\\\/\\\/news.save.ch\\\/wp-content\\\/uploads\\\/2016\\\/12\\\/Hitzewelle-unter-den-Top-3-Risiken-der-Schweiz_sicherheitsforum.jpg\",\"contentUrl\":\"https:\\\/\\\/news.save.ch\\\/wp-content\\\/uploads\\\/2016\\\/12\\\/Hitzewelle-unter-den-Top-3-Risiken-der-Schweiz_sicherheitsforum.jpg\",\"width\":800,\"height\":595,\"caption\":\"Hitzewelle geh\u00f6rt ebenfalls zu den Top-Risiken. Foto: Bundesarchiv\"},{\"@type\":\"BreadcrumbList\",\"@id\":\"https:\\\/\\\/news.save.ch\\\/hitzewelle-unter-den-top-3-risiken-der-schweiz\\\/#breadcrumb\",\"itemListElement\":[{\"@type\":\"ListItem\",\"position\":1,\"name\":\"Home\",\"item\":\"https:\\\/\\\/news.save.ch\\\/de\\\/\"},{\"@type\":\"ListItem\",\"position\":2,\"name\":\"Hitzewelle unter den Top-3-Risiken der Schweiz\"}]},{\"@type\":\"WebSite\",\"@id\":\"https:\\\/\\\/news.save.ch\\\/de\\\/#website\",\"url\":\"https:\\\/\\\/news.save.ch\\\/de\\\/\",\"name\":\"Save\",\"description\":\"Schweizer Fachzeitschrift f\u00fcr Sicherheit\",\"publisher\":{\"@id\":\"https:\\\/\\\/news.save.ch\\\/de\\\/#organization\"},\"potentialAction\":[{\"@type\":\"SearchAction\",\"target\":{\"@type\":\"EntryPoint\",\"urlTemplate\":\"https:\\\/\\\/news.save.ch\\\/de\\\/?s={search_term_string}\"},\"query-input\":{\"@type\":\"PropertyValueSpecification\",\"valueRequired\":true,\"valueName\":\"search_term_string\"}}],\"inLanguage\":\"fr-FR\"},{\"@type\":\"Organization\",\"@id\":\"https:\\\/\\\/news.save.ch\\\/de\\\/#organization\",\"name\":\"Sicherheitsforum\",\"url\":\"https:\\\/\\\/news.save.ch\\\/de\\\/\",\"logo\":{\"@type\":\"ImageObject\",\"inLanguage\":\"fr-FR\",\"@id\":\"https:\\\/\\\/news.save.ch\\\/de\\\/#\\\/schema\\\/logo\\\/image\\\/\",\"url\":\"https:\\\/\\\/news.save.ch\\\/wp-content\\\/uploads\\\/2022\\\/06\\\/Logo_SF_2012.png\",\"contentUrl\":\"https:\\\/\\\/news.save.ch\\\/wp-content\\\/uploads\\\/2022\\\/06\\\/Logo_SF_2012.png\",\"width\":1100,\"height\":91,\"caption\":\"Sicherheitsforum\"},\"image\":{\"@id\":\"https:\\\/\\\/news.save.ch\\\/de\\\/#\\\/schema\\\/logo\\\/image\\\/\"}},{\"@type\":\"Person\",\"@id\":\"https:\\\/\\\/news.save.ch\\\/de\\\/#\\\/schema\\\/person\\\/d49e199490bad7c70d64b9ab51142f2b\",\"name\":\"admin\",\"image\":{\"@type\":\"ImageObject\",\"inLanguage\":\"fr-FR\",\"@id\":\"https:\\\/\\\/secure.gravatar.com\\\/avatar\\\/ae2f4d718e6c49043e314ce431e7e645d646302a24a5ef5a8bc8e3f5a032e319?s=96&d=mm&r=g\",\"url\":\"https:\\\/\\\/secure.gravatar.com\\\/avatar\\\/ae2f4d718e6c49043e314ce431e7e645d646302a24a5ef5a8bc8e3f5a032e319?s=96&d=mm&r=g\",\"contentUrl\":\"https:\\\/\\\/secure.gravatar.com\\\/avatar\\\/ae2f4d718e6c49043e314ce431e7e645d646302a24a5ef5a8bc8e3f5a032e319?s=96&d=mm&r=g\",\"caption\":\"admin\"},\"sameAs\":[\"https:\\\/\\\/develop.organisator.galledia.ch\"],\"url\":\"https:\\\/\\\/news.save.ch\\\/fr\\\/author\\\/admin\\\/\"}]}<\/script>\n<!-- \/ Yoast SEO plugin. -->","yoast_head_json":{"title":"La canicule dans le top 3 des risques en Suisse - Save","description":"Top 3 des risques : L'Office f\u00e9d\u00e9ral de la protection de la population effectue une analyse nationale compl\u00e8te des risques \"Catastrophes et situations d'urgence en Suisse\".","robots":{"index":"index","follow":"follow","max-snippet":"max-snippet:-1","max-image-preview":"max-image-preview:large","max-video-preview":"max-video-preview:-1"},"canonical":"https:\/\/news.save.ch\/fr\/hitzewelle-unter-den-top-3-risiken-der-schweiz\/","og_locale":"fr_FR","og_type":"article","og_title":"Hitzewelle unter den Top-3-Risiken der Schweiz","og_description":"Das Bundesamt f\u00fcr Bev\u00f6lkerungsschutz f\u00fchrt eine umfassende nationale Risikoanalyse \u201eKatastrophen und Notlagen Schweiz\u201c durch. Als Resultat werden im Risikobericht 2015 nicht nur 33 relevante Ereignisse genannt, sondern auch die zehn Top-Risiken aufgelistet. Das Risiko \"Hitzewelle\" figuriert auf Platz 3 und wird gem\u00e4ss Bericht wie folgt definiert: \"Hitzeperiode mit Durchschnittstemperaturen von mehr als 35 \u00b0C sowie h\u00e4ufigen Tropenn\u00e4chten w\u00e4hrend mehrerer Wochen\".","og_url":"https:\/\/news.save.ch\/fr\/hitzewelle-unter-den-top-3-risiken-der-schweiz\/","og_site_name":"Save","article_published_time":"2015-07-03T07:51:23+00:00","article_modified_time":"2023-03-14T07:59:01+00:00","og_image":[{"url":"https:\/\/news.save.ch\/wp-content\/uploads\/2016\/12\/Hitzewelle-unter-den-Top-3-Risiken-der-Schweiz_sicherheitsforum.jpg","type":"","width":"","height":""}],"author":"admin","twitter_card":"summary_large_image","twitter_misc":{"\u00c9crit par":"admin","Dur\u00e9e de lecture estim\u00e9e":"2 minutes"},"schema":{"@context":"https:\/\/schema.org","@graph":[{"@type":"Article","@id":"https:\/\/news.save.ch\/hitzewelle-unter-den-top-3-risiken-der-schweiz\/#article","isPartOf":{"@id":"https:\/\/news.save.ch\/hitzewelle-unter-den-top-3-risiken-der-schweiz\/"},"author":{"name":"admin","@id":"https:\/\/news.save.ch\/de\/#\/schema\/person\/d49e199490bad7c70d64b9ab51142f2b"},"headline":"Hitzewelle unter den Top-3-Risiken der Schweiz","datePublished":"2015-07-03T07:51:23+00:00","dateModified":"2023-03-14T07:59:01+00:00","mainEntityOfPage":{"@id":"https:\/\/news.save.ch\/hitzewelle-unter-den-top-3-risiken-der-schweiz\/"},"wordCount":328,"commentCount":0,"publisher":{"@id":"https:\/\/news.save.ch\/de\/#organization"},"image":{"@id":"https:\/\/news.save.ch\/hitzewelle-unter-den-top-3-risiken-der-schweiz\/#primaryimage"},"thumbnailUrl":"https:\/\/news.save.ch\/wp-content\/uploads\/2016\/12\/Hitzewelle-unter-den-Top-3-Risiken-der-Schweiz_sicherheitsforum.jpg","keywords":["Bundesamt","Naturgefahren"],"articleSection":["SICHERHEIT"],"inLanguage":"fr-FR"},{"@type":"WebPage","@id":"https:\/\/news.save.ch\/hitzewelle-unter-den-top-3-risiken-der-schweiz\/","url":"https:\/\/news.save.ch\/hitzewelle-unter-den-top-3-risiken-der-schweiz\/","name":"La canicule dans le top 3 des risques en Suisse - Save","isPartOf":{"@id":"https:\/\/news.save.ch\/de\/#website"},"primaryImageOfPage":{"@id":"https:\/\/news.save.ch\/hitzewelle-unter-den-top-3-risiken-der-schweiz\/#primaryimage"},"image":{"@id":"https:\/\/news.save.ch\/hitzewelle-unter-den-top-3-risiken-der-schweiz\/#primaryimage"},"thumbnailUrl":"https:\/\/news.save.ch\/wp-content\/uploads\/2016\/12\/Hitzewelle-unter-den-Top-3-Risiken-der-Schweiz_sicherheitsforum.jpg","datePublished":"2015-07-03T07:51:23+00:00","dateModified":"2023-03-14T07:59:01+00:00","description":"Top 3 des risques : L'Office f\u00e9d\u00e9ral de la protection de la population effectue une analyse nationale compl\u00e8te des risques \"Catastrophes et situations d'urgence en Suisse\".","breadcrumb":{"@id":"https:\/\/news.save.ch\/hitzewelle-unter-den-top-3-risiken-der-schweiz\/#breadcrumb"},"inLanguage":"fr-FR","potentialAction":[{"@type":"ReadAction","target":["https:\/\/news.save.ch\/hitzewelle-unter-den-top-3-risiken-der-schweiz\/"]}]},{"@type":"ImageObject","inLanguage":"fr-FR","@id":"https:\/\/news.save.ch\/hitzewelle-unter-den-top-3-risiken-der-schweiz\/#primaryimage","url":"https:\/\/news.save.ch\/wp-content\/uploads\/2016\/12\/Hitzewelle-unter-den-Top-3-Risiken-der-Schweiz_sicherheitsforum.jpg","contentUrl":"https:\/\/news.save.ch\/wp-content\/uploads\/2016\/12\/Hitzewelle-unter-den-Top-3-Risiken-der-Schweiz_sicherheitsforum.jpg","width":800,"height":595,"caption":"Hitzewelle geh\u00f6rt ebenfalls zu den Top-Risiken. Foto: Bundesarchiv"},{"@type":"BreadcrumbList","@id":"https:\/\/news.save.ch\/hitzewelle-unter-den-top-3-risiken-der-schweiz\/#breadcrumb","itemListElement":[{"@type":"ListItem","position":1,"name":"Home","item":"https:\/\/news.save.ch\/de\/"},{"@type":"ListItem","position":2,"name":"Hitzewelle unter den Top-3-Risiken der Schweiz"}]},{"@type":"WebSite","@id":"https:\/\/news.save.ch\/de\/#website","url":"https:\/\/news.save.ch\/de\/","name":"Save","description":"Revue suisse sp\u00e9cialis\u00e9e dans la s\u00e9curit\u00e9","publisher":{"@id":"https:\/\/news.save.ch\/de\/#organization"},"potentialAction":[{"@type":"SearchAction","target":{"@type":"EntryPoint","urlTemplate":"https:\/\/news.save.ch\/de\/?s={search_term_string}"},"query-input":{"@type":"PropertyValueSpecification","valueRequired":true,"valueName":"search_term_string"}}],"inLanguage":"fr-FR"},{"@type":"Organization","@id":"https:\/\/news.save.ch\/de\/#organization","name":"Forum sur la s\u00e9curit\u00e9","url":"https:\/\/news.save.ch\/de\/","logo":{"@type":"ImageObject","inLanguage":"fr-FR","@id":"https:\/\/news.save.ch\/de\/#\/schema\/logo\/image\/","url":"https:\/\/news.save.ch\/wp-content\/uploads\/2022\/06\/Logo_SF_2012.png","contentUrl":"https:\/\/news.save.ch\/wp-content\/uploads\/2022\/06\/Logo_SF_2012.png","width":1100,"height":91,"caption":"Sicherheitsforum"},"image":{"@id":"https:\/\/news.save.ch\/de\/#\/schema\/logo\/image\/"}},{"@type":"Person","@id":"https:\/\/news.save.ch\/de\/#\/schema\/person\/d49e199490bad7c70d64b9ab51142f2b","name":"admin","image":{"@type":"ImageObject","inLanguage":"fr-FR","@id":"https:\/\/secure.gravatar.com\/avatar\/ae2f4d718e6c49043e314ce431e7e645d646302a24a5ef5a8bc8e3f5a032e319?s=96&d=mm&r=g","url":"https:\/\/secure.gravatar.com\/avatar\/ae2f4d718e6c49043e314ce431e7e645d646302a24a5ef5a8bc8e3f5a032e319?s=96&d=mm&r=g","contentUrl":"https:\/\/secure.gravatar.com\/avatar\/ae2f4d718e6c49043e314ce431e7e645d646302a24a5ef5a8bc8e3f5a032e319?s=96&d=mm&r=g","caption":"admin"},"sameAs":["https:\/\/develop.organisator.galledia.ch"],"url":"https:\/\/news.save.ch\/fr\/author\/admin\/"}]}},"_links":{"self":[{"href":"https:\/\/news.save.ch\/fr\/wp-json\/wp\/v2\/posts\/2984","targetHints":{"allow":["GET"]}}],"collection":[{"href":"https:\/\/news.save.ch\/fr\/wp-json\/wp\/v2\/posts"}],"about":[{"href":"https:\/\/news.save.ch\/fr\/wp-json\/wp\/v2\/types\/post"}],"author":[{"embeddable":true,"href":"https:\/\/news.save.ch\/fr\/wp-json\/wp\/v2\/users\/1"}],"replies":[{"embeddable":true,"href":"https:\/\/news.save.ch\/fr\/wp-json\/wp\/v2\/comments?post=2984"}],"version-history":[{"count":1,"href":"https:\/\/news.save.ch\/fr\/wp-json\/wp\/v2\/posts\/2984\/revisions"}],"predecessor-version":[{"id":17888,"href":"https:\/\/news.save.ch\/fr\/wp-json\/wp\/v2\/posts\/2984\/revisions\/17888"}],"wp:featuredmedia":[{"embeddable":true,"href":"https:\/\/news.save.ch\/fr\/wp-json\/wp\/v2\/media\/2985"}],"wp:attachment":[{"href":"https:\/\/news.save.ch\/fr\/wp-json\/wp\/v2\/media?parent=2984"}],"wp:term":[{"taxonomy":"category","embeddable":true,"href":"https:\/\/news.save.ch\/fr\/wp-json\/wp\/v2\/categories?post=2984"},{"taxonomy":"post_tag","embeddable":true,"href":"https:\/\/news.save.ch\/fr\/wp-json\/wp\/v2\/tags?post=2984"}],"curies":[{"name":"wp","href":"https:\/\/api.w.org\/{rel}","templated":true}]}}