{"id":2989,"date":"2015-07-03T10:20:30","date_gmt":"2015-07-03T08:20:30","guid":{"rendered":"https:\/\/dev.sicherheitsforum.ch\/?p=2989"},"modified":"2015-07-03T10:20:30","modified_gmt":"2015-07-03T08:20:30","slug":"bundesverwaltung-zusaetzliche-vorgaben-fuer-informatikprojekte","status":null,"type":"post","link":"https:\/\/news.save.ch\/fr\/bundesverwaltung-zusaetzliche-vorgaben-fuer-informatikprojekte\/","title":{"rendered":"Administration f\u00e9d\u00e9rale : directives suppl\u00e9mentaires pour les projets informatiques"},"content":{"rendered":"<figure id=\"attachment_2993\" aria-describedby=\"caption-attachment-2993\" style=\"width: 670px\" class=\"wp-caption alignnone\"><img loading=\"lazy\" decoding=\"async\" class=\"wp-image-2993 size-medium\" src=\"https:\/\/news.save.ch\/wp-content\/uploads\/2016\/12\/Bundesverwaltung-Zusaetzliche-Vorgaben-fuer-Informatikprojekte_sicherheitsforum.jpg\" width=\"670\" height=\"1000\" \/><figcaption id=\"caption-attachment-2993\" class=\"wp-caption-text\">D\u00e9sormais, le Conseil f\u00e9d\u00e9ral veut \u00e9galement d\u00e9finir les projets TIC dans le domaine des routes nationales comme des projets TIC cl\u00e9s.<\/figcaption><\/figure>\n<p>Les instructions \u00e9dict\u00e9es le 1er juillet reprennent le contenu des directives en vigueur jusqu'\u00e0 pr\u00e9sent et ont \u00e9t\u00e9 compl\u00e9t\u00e9es de mani\u00e8re cibl\u00e9e par de nouvelles r\u00e8gles afin d'optimiser le pilotage des portefeuilles et des projets TIC au sein de l'administration f\u00e9d\u00e9rale.<\/p>\n<p><strong>\u00c9valuations de projet avant validation<\/strong><\/p>\n<p>Les nouvelles directives pr\u00e9voient qu'une \u00e9valuation de projet soit effectu\u00e9e avant la validation des projets TIC dont le co\u00fbt total est sup\u00e9rieur \u00e0 cinq millions de francs. Des experts externes au projet v\u00e9rifient alors la qualit\u00e9 des composantes de gestion ainsi que les facteurs contextuels pertinents du projet. Les recommandations qui en d\u00e9coulent \u00e0 l'intention de l'instance qui valide le projet doivent permettre, le cas \u00e9ch\u00e9ant, d'introduire \u00e0 temps des mesures d'am\u00e9lioration ou d'\u00e9viter les projets probl\u00e9matiques. Les \u00e9valuations de projet sont mandat\u00e9es de mani\u00e8re centralis\u00e9e par l'Unit\u00e9 de pilotage informatique de la Conf\u00e9d\u00e9ration (UPIC). La responsabilit\u00e9 de la validation du projet et du d\u00e9roulement subs\u00e9quent du projet reste toutefois enti\u00e8rement entre les mains des responsables du projet et de l'organisation hi\u00e9rarchique responsable du projet au sein des unit\u00e9s administratives concern\u00e9es.<\/p>\n<p><strong>Extension du champ d'application des projets cl\u00e9s en mati\u00e8re de TIC<\/strong><\/p>\n<p>D\u00e9sormais, le Conseil f\u00e9d\u00e9ral entend \u00e9galement d\u00e9finir comme projets cl\u00e9s TIC les projets TIC dans les domaines des routes nationales ainsi que des syst\u00e8mes de conduite et des infrastructures TIC de l'arm\u00e9e. Depuis le milieu de l'ann\u00e9e 2013, les projets qui, en raison de leurs besoins en ressources, de leur importance strat\u00e9gique, de leur complexit\u00e9 et des risques qu'ils comportent, n\u00e9cessitent un renforcement de la conduite, du pilotage et du contr\u00f4le \u00e0 l'\u00e9chelon sup\u00e9rieur, sont examin\u00e9s p\u00e9riodiquement par le Contr\u00f4le f\u00e9d\u00e9ral des finances (CDF) en tant que projets TIC cl\u00e9s. Les rapports d'audit du CDF servent d'\u00e9valuation ind\u00e9pendante \u00e0 l'organisation hi\u00e9rarchique responsable du projet et sont publi\u00e9s sur le site Internet du CDF. En outre, la D\u00e9l\u00e9gation des finances des Chambres f\u00e9d\u00e9rales re\u00e7oit d\u00e9sormais du Conseil f\u00e9d\u00e9ral un rapport semestriel sur l'\u00e9tat d'avancement des projets cl\u00e9s TIC.<\/p>\n<p>La mise en \u0153uvre des nouvelles directives permettra d'augmenter encore le taux de r\u00e9ussite des projets TIC au sein de l'administration f\u00e9d\u00e9rale centrale.<\/p>\n<p><a title=\"au D\u00e9partement f\u00e9d\u00e9ral des finances\" href=\"https:\/\/www.efd.admin.ch\" target=\"_blank\" data-cke-saved-href=\"https:\/\/www.efd.admin.ch\" rel=\"noopener\"><em>Communiqu\u00e9 de presse du D\u00e9partement f\u00e9d\u00e9ral des finances<\/em><\/a><\/p>","protected":false},"excerpt":{"rendered":"<p>Die am 1. Juli erlassenen Weisungen \u00fcbernehmen inhaltlich die bisher geltenden Vorgaben und wurden gezielt mit neuen Regelungen erg\u00e4nzt, um die Steuerung der IKT-Portfolios und der IKT-Projekte in der Bundesverwaltung zu optimieren. Projekt-Assessments vor Freigabe Die neuen Weisungen sehen vor, dass vor der Freigabe von IKT-Projekten mit einem Gesamtaufwand von mehr als f\u00fcnf Millionen Franken [&hellip;]<\/p>\n","protected":false},"author":1,"featured_media":2993,"comment_status":"open","ping_status":"open","sticky":false,"template":"","format":"standard","meta":{"_acf_changed":false,"pgc_sgb_lightbox_settings":"","footnotes":""},"categories":[1],"tags":[120,62],"class_list":["post-2989","post","type-post","status-publish","format-standard","has-post-thumbnail","hentry","category-allgemein","tag-bundesamt","tag-ict-sicherheit"],"acf":[],"hkrextid":null,"publication":null,"issue":null,"workflow":null,"startPage":null,"spitzmarke":null,"_posts_by_tag_page_fields":{"widget_title":"","widget_tags":""},"_at_widget":"1","_yoast_wpseo_primary_category":"","_yoast_wpseo_focuskw_text_input":"Bundesverwaltung","_yoast_wpseo_opengraph-image":"https:\/\/news.save.ch\/wp-content\/uploads\/2016\/12\/Bundesverwaltung-Zus\u00e4tzliche-Vorgaben-f\u00fcr-Informatikprojekte_sicherheitsforum.jpg","_yoast_wpseo_opengraph-description":"Der Bundesrat hat am 1. Juli 2015 Weisungen zu IKT-Projekten in der Bundesverwaltung und zum IKT-Portfolio des Bundes erlassen, die gleichentags in Kraft getreten sind. Unter anderem ist vorgesehen, dass vor der Freigabe von IKT-Grossprojekten von einer zentralen Stelle jeweils ein Assessment durchgef\u00fchrt wird. Zudem wurde der Geltungsbereich der Vorgaben f\u00fcr die IKT-Schl\u00fcsselprojekte ausgeweitet.","_yoast_wpseo_opengraph-title":"Bundesverwaltung: Zus\u00e4tzliche Vorgaben f\u00fcr Informatikprojekte","enclosure":null,"_yoast_wpseo_twitter-title":null,"_yoast_wpseo_twitter-description":null,"_yoast_wpseo_twitter-image":null,"_wp_old_slug":null,"_yoast_wpseo_title":null,"_yoast_wpseo_canonical":null,"yoast_head":"<!-- This site is optimized with the Yoast SEO plugin v27.5 - https:\/\/yoast.com\/product\/yoast-seo-wordpress\/ -->\n<title>Bundesverwaltung: Zus\u00e4tzliche Vorgaben f\u00fcr Informatikprojekte - Save<\/title>\n<meta name=\"description\" content=\"Der Bundesrat hat Weisungen zu IKT-Projekten in der Bundesverwaltung und zum IKT-Portfolio des Bundes erlassen, die gleichentags in Kraft getreten sind.\" \/>\n<meta name=\"robots\" content=\"index, follow, max-snippet:-1, max-image-preview:large, max-video-preview:-1\" \/>\n<link rel=\"canonical\" href=\"https:\/\/news.save.ch\/fr\/bundesverwaltung-zusaetzliche-vorgaben-fuer-informatikprojekte\/\" \/>\n<meta property=\"og:locale\" content=\"fr_FR\" \/>\n<meta property=\"og:type\" content=\"article\" \/>\n<meta property=\"og:title\" content=\"Bundesverwaltung: Zus\u00e4tzliche Vorgaben f\u00fcr Informatikprojekte\" \/>\n<meta property=\"og:description\" content=\"Der Bundesrat hat am 1. Juli 2015 Weisungen zu IKT-Projekten in der Bundesverwaltung und zum IKT-Portfolio des Bundes erlassen, die gleichentags in Kraft getreten sind. Unter anderem ist vorgesehen, dass vor der Freigabe von IKT-Grossprojekten von einer zentralen Stelle jeweils ein Assessment durchgef\u00fchrt wird. Zudem wurde der Geltungsbereich der Vorgaben f\u00fcr die IKT-Schl\u00fcsselprojekte ausgeweitet.\" \/>\n<meta property=\"og:url\" content=\"https:\/\/news.save.ch\/fr\/bundesverwaltung-zusaetzliche-vorgaben-fuer-informatikprojekte\/\" \/>\n<meta property=\"og:site_name\" content=\"Save\" \/>\n<meta property=\"article:published_time\" content=\"2015-07-03T08:20:30+00:00\" \/>\n<meta property=\"og:image\" content=\"https:\/\/news.save.ch\/wp-content\/uploads\/2016\/12\/Bundesverwaltung-Zus\u00e4tzliche-Vorgaben-f\u00fcr-Informatikprojekte_sicherheitsforum.jpg\" \/>\n<meta name=\"author\" content=\"admin\" \/>\n<meta name=\"twitter:card\" content=\"summary_large_image\" \/>\n<meta name=\"twitter:label1\" content=\"\u00c9crit par\" \/>\n\t<meta name=\"twitter:data1\" content=\"admin\" \/>\n\t<meta name=\"twitter:label2\" content=\"Dur\u00e9e de lecture estim\u00e9e\" \/>\n\t<meta name=\"twitter:data2\" content=\"1 minute\" \/>\n<script type=\"application\/ld+json\" class=\"yoast-schema-graph\">{\"@context\":\"https:\\\/\\\/schema.org\",\"@graph\":[{\"@type\":\"Article\",\"@id\":\"https:\\\/\\\/news.save.ch\\\/bundesverwaltung-zusaetzliche-vorgaben-fuer-informatikprojekte\\\/#article\",\"isPartOf\":{\"@id\":\"https:\\\/\\\/news.save.ch\\\/bundesverwaltung-zusaetzliche-vorgaben-fuer-informatikprojekte\\\/\"},\"author\":{\"name\":\"admin\",\"@id\":\"https:\\\/\\\/news.save.ch\\\/de\\\/#\\\/schema\\\/person\\\/d49e199490bad7c70d64b9ab51142f2b\"},\"headline\":\"Bundesverwaltung: Zus\u00e4tzliche Vorgaben f\u00fcr Informatikprojekte\",\"datePublished\":\"2015-07-03T08:20:30+00:00\",\"mainEntityOfPage\":{\"@id\":\"https:\\\/\\\/news.save.ch\\\/bundesverwaltung-zusaetzliche-vorgaben-fuer-informatikprojekte\\\/\"},\"wordCount\":303,\"commentCount\":0,\"publisher\":{\"@id\":\"https:\\\/\\\/news.save.ch\\\/de\\\/#organization\"},\"image\":{\"@id\":\"https:\\\/\\\/news.save.ch\\\/bundesverwaltung-zusaetzliche-vorgaben-fuer-informatikprojekte\\\/#primaryimage\"},\"thumbnailUrl\":\"https:\\\/\\\/news.save.ch\\\/wp-content\\\/uploads\\\/2016\\\/12\\\/Bundesverwaltung-Zusaetzliche-Vorgaben-fuer-Informatikprojekte_sicherheitsforum-scaled.jpg\",\"keywords\":[\"Bundesamt\",\"ICT-Sicherheit\"],\"articleSection\":[\"ALLGEMEIN\"],\"inLanguage\":\"fr-FR\"},{\"@type\":\"WebPage\",\"@id\":\"https:\\\/\\\/news.save.ch\\\/bundesverwaltung-zusaetzliche-vorgaben-fuer-informatikprojekte\\\/\",\"url\":\"https:\\\/\\\/news.save.ch\\\/bundesverwaltung-zusaetzliche-vorgaben-fuer-informatikprojekte\\\/\",\"name\":\"Bundesverwaltung: Zus\u00e4tzliche Vorgaben f\u00fcr Informatikprojekte - Save\",\"isPartOf\":{\"@id\":\"https:\\\/\\\/news.save.ch\\\/de\\\/#website\"},\"primaryImageOfPage\":{\"@id\":\"https:\\\/\\\/news.save.ch\\\/bundesverwaltung-zusaetzliche-vorgaben-fuer-informatikprojekte\\\/#primaryimage\"},\"image\":{\"@id\":\"https:\\\/\\\/news.save.ch\\\/bundesverwaltung-zusaetzliche-vorgaben-fuer-informatikprojekte\\\/#primaryimage\"},\"thumbnailUrl\":\"https:\\\/\\\/news.save.ch\\\/wp-content\\\/uploads\\\/2016\\\/12\\\/Bundesverwaltung-Zusaetzliche-Vorgaben-fuer-Informatikprojekte_sicherheitsforum-scaled.jpg\",\"datePublished\":\"2015-07-03T08:20:30+00:00\",\"description\":\"Der Bundesrat hat Weisungen zu IKT-Projekten in der Bundesverwaltung und zum IKT-Portfolio des Bundes erlassen, die gleichentags in Kraft getreten sind.\",\"breadcrumb\":{\"@id\":\"https:\\\/\\\/news.save.ch\\\/bundesverwaltung-zusaetzliche-vorgaben-fuer-informatikprojekte\\\/#breadcrumb\"},\"inLanguage\":\"fr-FR\",\"potentialAction\":[{\"@type\":\"ReadAction\",\"target\":[\"https:\\\/\\\/news.save.ch\\\/bundesverwaltung-zusaetzliche-vorgaben-fuer-informatikprojekte\\\/\"]}]},{\"@type\":\"ImageObject\",\"inLanguage\":\"fr-FR\",\"@id\":\"https:\\\/\\\/news.save.ch\\\/bundesverwaltung-zusaetzliche-vorgaben-fuer-informatikprojekte\\\/#primaryimage\",\"url\":\"https:\\\/\\\/news.save.ch\\\/wp-content\\\/uploads\\\/2016\\\/12\\\/Bundesverwaltung-Zusaetzliche-Vorgaben-fuer-Informatikprojekte_sicherheitsforum-scaled.jpg\",\"contentUrl\":\"https:\\\/\\\/news.save.ch\\\/wp-content\\\/uploads\\\/2016\\\/12\\\/Bundesverwaltung-Zusaetzliche-Vorgaben-fuer-Informatikprojekte_sicherheitsforum-scaled.jpg\",\"width\":937,\"height\":1400,\"caption\":\"Neu will der Bundesrat auch IKT-Projekte in den Bereichen Nationalstrassen als IKT-Schl\u00fcsselprojekte festlegen.\"},{\"@type\":\"BreadcrumbList\",\"@id\":\"https:\\\/\\\/news.save.ch\\\/bundesverwaltung-zusaetzliche-vorgaben-fuer-informatikprojekte\\\/#breadcrumb\",\"itemListElement\":[{\"@type\":\"ListItem\",\"position\":1,\"name\":\"Home\",\"item\":\"https:\\\/\\\/news.save.ch\\\/de\\\/\"},{\"@type\":\"ListItem\",\"position\":2,\"name\":\"Bundesverwaltung: Zus\u00e4tzliche Vorgaben f\u00fcr Informatikprojekte\"}]},{\"@type\":\"WebSite\",\"@id\":\"https:\\\/\\\/news.save.ch\\\/de\\\/#website\",\"url\":\"https:\\\/\\\/news.save.ch\\\/de\\\/\",\"name\":\"Save\",\"description\":\"Schweizer Fachzeitschrift f\u00fcr Sicherheit\",\"publisher\":{\"@id\":\"https:\\\/\\\/news.save.ch\\\/de\\\/#organization\"},\"potentialAction\":[{\"@type\":\"SearchAction\",\"target\":{\"@type\":\"EntryPoint\",\"urlTemplate\":\"https:\\\/\\\/news.save.ch\\\/de\\\/?s={search_term_string}\"},\"query-input\":{\"@type\":\"PropertyValueSpecification\",\"valueRequired\":true,\"valueName\":\"search_term_string\"}}],\"inLanguage\":\"fr-FR\"},{\"@type\":\"Organization\",\"@id\":\"https:\\\/\\\/news.save.ch\\\/de\\\/#organization\",\"name\":\"Sicherheitsforum\",\"url\":\"https:\\\/\\\/news.save.ch\\\/de\\\/\",\"logo\":{\"@type\":\"ImageObject\",\"inLanguage\":\"fr-FR\",\"@id\":\"https:\\\/\\\/news.save.ch\\\/de\\\/#\\\/schema\\\/logo\\\/image\\\/\",\"url\":\"https:\\\/\\\/news.save.ch\\\/wp-content\\\/uploads\\\/2022\\\/06\\\/Logo_SF_2012.png\",\"contentUrl\":\"https:\\\/\\\/news.save.ch\\\/wp-content\\\/uploads\\\/2022\\\/06\\\/Logo_SF_2012.png\",\"width\":1100,\"height\":91,\"caption\":\"Sicherheitsforum\"},\"image\":{\"@id\":\"https:\\\/\\\/news.save.ch\\\/de\\\/#\\\/schema\\\/logo\\\/image\\\/\"}},{\"@type\":\"Person\",\"@id\":\"https:\\\/\\\/news.save.ch\\\/de\\\/#\\\/schema\\\/person\\\/d49e199490bad7c70d64b9ab51142f2b\",\"name\":\"admin\",\"image\":{\"@type\":\"ImageObject\",\"inLanguage\":\"fr-FR\",\"@id\":\"https:\\\/\\\/secure.gravatar.com\\\/avatar\\\/ae2f4d718e6c49043e314ce431e7e645d646302a24a5ef5a8bc8e3f5a032e319?s=96&d=mm&r=g\",\"url\":\"https:\\\/\\\/secure.gravatar.com\\\/avatar\\\/ae2f4d718e6c49043e314ce431e7e645d646302a24a5ef5a8bc8e3f5a032e319?s=96&d=mm&r=g\",\"contentUrl\":\"https:\\\/\\\/secure.gravatar.com\\\/avatar\\\/ae2f4d718e6c49043e314ce431e7e645d646302a24a5ef5a8bc8e3f5a032e319?s=96&d=mm&r=g\",\"caption\":\"admin\"},\"sameAs\":[\"https:\\\/\\\/develop.organisator.galledia.ch\"],\"url\":\"https:\\\/\\\/news.save.ch\\\/fr\\\/author\\\/admin\\\/\"}]}<\/script>\n<!-- \/ Yoast SEO plugin. -->","yoast_head_json":{"title":"Administration f\u00e9d\u00e9rale : directives suppl\u00e9mentaires pour les projets informatiques - Save","description":"Le Conseil f\u00e9d\u00e9ral a \u00e9dict\u00e9 des directives concernant les projets TIC dans l'administration f\u00e9d\u00e9rale et le portefeuille TIC de la Conf\u00e9d\u00e9ration, qui sont entr\u00e9es en vigueur le m\u00eame jour.","robots":{"index":"index","follow":"follow","max-snippet":"max-snippet:-1","max-image-preview":"max-image-preview:large","max-video-preview":"max-video-preview:-1"},"canonical":"https:\/\/news.save.ch\/fr\/bundesverwaltung-zusaetzliche-vorgaben-fuer-informatikprojekte\/","og_locale":"fr_FR","og_type":"article","og_title":"Bundesverwaltung: Zus\u00e4tzliche Vorgaben f\u00fcr Informatikprojekte","og_description":"Der Bundesrat hat am 1. Juli 2015 Weisungen zu IKT-Projekten in der Bundesverwaltung und zum IKT-Portfolio des Bundes erlassen, die gleichentags in Kraft getreten sind. Unter anderem ist vorgesehen, dass vor der Freigabe von IKT-Grossprojekten von einer zentralen Stelle jeweils ein Assessment durchgef\u00fchrt wird. Zudem wurde der Geltungsbereich der Vorgaben f\u00fcr die IKT-Schl\u00fcsselprojekte ausgeweitet.","og_url":"https:\/\/news.save.ch\/fr\/bundesverwaltung-zusaetzliche-vorgaben-fuer-informatikprojekte\/","og_site_name":"Save","article_published_time":"2015-07-03T08:20:30+00:00","og_image":[{"url":"https:\/\/news.save.ch\/wp-content\/uploads\/2016\/12\/Bundesverwaltung-Zus\u00e4tzliche-Vorgaben-f\u00fcr-Informatikprojekte_sicherheitsforum.jpg","type":"","width":"","height":""}],"author":"admin","twitter_card":"summary_large_image","twitter_misc":{"\u00c9crit par":"admin","Dur\u00e9e de lecture estim\u00e9e":"1 minute"},"schema":{"@context":"https:\/\/schema.org","@graph":[{"@type":"Article","@id":"https:\/\/news.save.ch\/bundesverwaltung-zusaetzliche-vorgaben-fuer-informatikprojekte\/#article","isPartOf":{"@id":"https:\/\/news.save.ch\/bundesverwaltung-zusaetzliche-vorgaben-fuer-informatikprojekte\/"},"author":{"name":"admin","@id":"https:\/\/news.save.ch\/de\/#\/schema\/person\/d49e199490bad7c70d64b9ab51142f2b"},"headline":"Bundesverwaltung: Zus\u00e4tzliche Vorgaben f\u00fcr Informatikprojekte","datePublished":"2015-07-03T08:20:30+00:00","mainEntityOfPage":{"@id":"https:\/\/news.save.ch\/bundesverwaltung-zusaetzliche-vorgaben-fuer-informatikprojekte\/"},"wordCount":303,"commentCount":0,"publisher":{"@id":"https:\/\/news.save.ch\/de\/#organization"},"image":{"@id":"https:\/\/news.save.ch\/bundesverwaltung-zusaetzliche-vorgaben-fuer-informatikprojekte\/#primaryimage"},"thumbnailUrl":"https:\/\/news.save.ch\/wp-content\/uploads\/2016\/12\/Bundesverwaltung-Zusaetzliche-Vorgaben-fuer-Informatikprojekte_sicherheitsforum-scaled.jpg","keywords":["Bundesamt","ICT-Sicherheit"],"articleSection":["ALLGEMEIN"],"inLanguage":"fr-FR"},{"@type":"WebPage","@id":"https:\/\/news.save.ch\/bundesverwaltung-zusaetzliche-vorgaben-fuer-informatikprojekte\/","url":"https:\/\/news.save.ch\/bundesverwaltung-zusaetzliche-vorgaben-fuer-informatikprojekte\/","name":"Administration f\u00e9d\u00e9rale : directives suppl\u00e9mentaires pour les projets informatiques - Save","isPartOf":{"@id":"https:\/\/news.save.ch\/de\/#website"},"primaryImageOfPage":{"@id":"https:\/\/news.save.ch\/bundesverwaltung-zusaetzliche-vorgaben-fuer-informatikprojekte\/#primaryimage"},"image":{"@id":"https:\/\/news.save.ch\/bundesverwaltung-zusaetzliche-vorgaben-fuer-informatikprojekte\/#primaryimage"},"thumbnailUrl":"https:\/\/news.save.ch\/wp-content\/uploads\/2016\/12\/Bundesverwaltung-Zusaetzliche-Vorgaben-fuer-Informatikprojekte_sicherheitsforum-scaled.jpg","datePublished":"2015-07-03T08:20:30+00:00","description":"Le Conseil f\u00e9d\u00e9ral a \u00e9dict\u00e9 des directives concernant les projets TIC dans l'administration f\u00e9d\u00e9rale et le portefeuille TIC de la Conf\u00e9d\u00e9ration, qui sont entr\u00e9es en vigueur le m\u00eame jour.","breadcrumb":{"@id":"https:\/\/news.save.ch\/bundesverwaltung-zusaetzliche-vorgaben-fuer-informatikprojekte\/#breadcrumb"},"inLanguage":"fr-FR","potentialAction":[{"@type":"ReadAction","target":["https:\/\/news.save.ch\/bundesverwaltung-zusaetzliche-vorgaben-fuer-informatikprojekte\/"]}]},{"@type":"ImageObject","inLanguage":"fr-FR","@id":"https:\/\/news.save.ch\/bundesverwaltung-zusaetzliche-vorgaben-fuer-informatikprojekte\/#primaryimage","url":"https:\/\/news.save.ch\/wp-content\/uploads\/2016\/12\/Bundesverwaltung-Zusaetzliche-Vorgaben-fuer-Informatikprojekte_sicherheitsforum-scaled.jpg","contentUrl":"https:\/\/news.save.ch\/wp-content\/uploads\/2016\/12\/Bundesverwaltung-Zusaetzliche-Vorgaben-fuer-Informatikprojekte_sicherheitsforum-scaled.jpg","width":937,"height":1400,"caption":"Neu will der Bundesrat auch IKT-Projekte in den Bereichen Nationalstrassen als IKT-Schl\u00fcsselprojekte festlegen."},{"@type":"BreadcrumbList","@id":"https:\/\/news.save.ch\/bundesverwaltung-zusaetzliche-vorgaben-fuer-informatikprojekte\/#breadcrumb","itemListElement":[{"@type":"ListItem","position":1,"name":"Home","item":"https:\/\/news.save.ch\/de\/"},{"@type":"ListItem","position":2,"name":"Bundesverwaltung: Zus\u00e4tzliche Vorgaben f\u00fcr Informatikprojekte"}]},{"@type":"WebSite","@id":"https:\/\/news.save.ch\/de\/#website","url":"https:\/\/news.save.ch\/de\/","name":"Save","description":"Revue suisse sp\u00e9cialis\u00e9e dans la s\u00e9curit\u00e9","publisher":{"@id":"https:\/\/news.save.ch\/de\/#organization"},"potentialAction":[{"@type":"SearchAction","target":{"@type":"EntryPoint","urlTemplate":"https:\/\/news.save.ch\/de\/?s={search_term_string}"},"query-input":{"@type":"PropertyValueSpecification","valueRequired":true,"valueName":"search_term_string"}}],"inLanguage":"fr-FR"},{"@type":"Organization","@id":"https:\/\/news.save.ch\/de\/#organization","name":"Forum sur la s\u00e9curit\u00e9","url":"https:\/\/news.save.ch\/de\/","logo":{"@type":"ImageObject","inLanguage":"fr-FR","@id":"https:\/\/news.save.ch\/de\/#\/schema\/logo\/image\/","url":"https:\/\/news.save.ch\/wp-content\/uploads\/2022\/06\/Logo_SF_2012.png","contentUrl":"https:\/\/news.save.ch\/wp-content\/uploads\/2022\/06\/Logo_SF_2012.png","width":1100,"height":91,"caption":"Sicherheitsforum"},"image":{"@id":"https:\/\/news.save.ch\/de\/#\/schema\/logo\/image\/"}},{"@type":"Person","@id":"https:\/\/news.save.ch\/de\/#\/schema\/person\/d49e199490bad7c70d64b9ab51142f2b","name":"admin","image":{"@type":"ImageObject","inLanguage":"fr-FR","@id":"https:\/\/secure.gravatar.com\/avatar\/ae2f4d718e6c49043e314ce431e7e645d646302a24a5ef5a8bc8e3f5a032e319?s=96&d=mm&r=g","url":"https:\/\/secure.gravatar.com\/avatar\/ae2f4d718e6c49043e314ce431e7e645d646302a24a5ef5a8bc8e3f5a032e319?s=96&d=mm&r=g","contentUrl":"https:\/\/secure.gravatar.com\/avatar\/ae2f4d718e6c49043e314ce431e7e645d646302a24a5ef5a8bc8e3f5a032e319?s=96&d=mm&r=g","caption":"admin"},"sameAs":["https:\/\/develop.organisator.galledia.ch"],"url":"https:\/\/news.save.ch\/fr\/author\/admin\/"}]}},"_links":{"self":[{"href":"https:\/\/news.save.ch\/fr\/wp-json\/wp\/v2\/posts\/2989","targetHints":{"allow":["GET"]}}],"collection":[{"href":"https:\/\/news.save.ch\/fr\/wp-json\/wp\/v2\/posts"}],"about":[{"href":"https:\/\/news.save.ch\/fr\/wp-json\/wp\/v2\/types\/post"}],"author":[{"embeddable":true,"href":"https:\/\/news.save.ch\/fr\/wp-json\/wp\/v2\/users\/1"}],"replies":[{"embeddable":true,"href":"https:\/\/news.save.ch\/fr\/wp-json\/wp\/v2\/comments?post=2989"}],"version-history":[{"count":0,"href":"https:\/\/news.save.ch\/fr\/wp-json\/wp\/v2\/posts\/2989\/revisions"}],"wp:featuredmedia":[{"embeddable":true,"href":"https:\/\/news.save.ch\/fr\/wp-json\/wp\/v2\/media\/2993"}],"wp:attachment":[{"href":"https:\/\/news.save.ch\/fr\/wp-json\/wp\/v2\/media?parent=2989"}],"wp:term":[{"taxonomy":"category","embeddable":true,"href":"https:\/\/news.save.ch\/fr\/wp-json\/wp\/v2\/categories?post=2989"},{"taxonomy":"post_tag","embeddable":true,"href":"https:\/\/news.save.ch\/fr\/wp-json\/wp\/v2\/tags?post=2989"}],"curies":[{"name":"wp","href":"https:\/\/api.w.org\/{rel}","templated":true}]}}