{"id":3033,"date":"2018-01-23T17:57:48","date_gmt":"2018-01-23T16:57:48","guid":{"rendered":"https:\/\/news.save.ch\/?p=2565"},"modified":"2023-03-14T09:04:17","modified_gmt":"2023-03-14T08:04:17","slug":"sechs-prozent-erleiden-spital-infektion","status":null,"type":"post","link":"https:\/\/news.save.ch\/fr\/sechs-prozent-erleiden-spital-infektion\/","title":{"rendered":"Six pour cent souffrent d'une infection hospitali\u00e8re"},"content":{"rendered":"<figure id=\"attachment_2568\" aria-describedby=\"caption-attachment-2568\" style=\"width: 680px\" class=\"wp-caption alignnone\"><img loading=\"lazy\" decoding=\"async\" class=\"size-medium wp-image-2568\" src=\"http:\/\/develop.safety-plus.ch\/wp-content\/uploads\/2018\/01\/Depositphotos_lightsource.jpg\" alt=\"\" width=\"680\" height=\"680\" \/><figcaption id=\"caption-attachment-2568\" class=\"wp-caption-text\">Le chiffre officiel de six pour cent d'infections hospitali\u00e8res pour seulement 96 h\u00f4pitaux suisses participants est alarmant, m\u00eame si ce chiffre se situe dans la moyenne europ\u00e9enne. Qu'en est-il des presque 190 autres h\u00f4pitaux de Suisse ? \u00a9 Depositphotos\/lightsource<\/figcaption><\/figure>\n<p>Cette mesure a \u00e9t\u00e9 soutenue par l'Office f\u00e9d\u00e9ral de la sant\u00e9 publique et constitue un jalon important de la strat\u00e9gie nationale de surveillance, de pr\u00e9vention et de lutte contre les infections nosocomiales (strat\u00e9gie NOSO). L'objectif est d'am\u00e9liorer la situation dans les h\u00f4pitaux, notamment par une application plus syst\u00e9matique de la <a href=\"https:\/\/news.save.ch\/fr\/einweghandtuecher-bieten-beste-hygiene\/\" target=\"_blank\" rel=\"noopener\">Normes d'hygi\u00e8ne<\/a> d'am\u00e9liorer la situation. Avec une valeur de 5,9 pour cent, la Suisse se situe dans la moyenne europ\u00e9enne en mati\u00e8re d'infections nosocomiales (Healthcare-associated infections). La derni\u00e8re enqu\u00eate europ\u00e9enne de 2011\/2012 a donn\u00e9 une valeur de 6,0 pour cent. Dans de telles enqu\u00eates de pr\u00e9valence ponctuelles, les donn\u00e9es sont collect\u00e9es par unit\u00e9\/service en une seule journ\u00e9e d'enqu\u00eate.<\/p>\n<p>Les grands h\u00f4pitaux suisses enregistrent plus d'infections que les petits et moyens. Cela s'explique par le fait que les personnes hospitalis\u00e9es dans les grandes institutions sont g\u00e9n\u00e9ralement plus malades. De plus, les grands h\u00f4pitaux pratiquent des interventions plus risqu\u00e9es. Comme dans d'autres \u00e9tudes, les <a href=\"https:\/\/news.save.ch\/fr\/internationale-antibiotika-awareness-woche-gegen-antibiotikaresistenzen\/\" target=\"_blank\" rel=\"noopener\">Infections des plaies<\/a> apr\u00e8s une intervention chirurgicale (29 pour cent de toutes les infections hospitali\u00e8res) \u00e9taient les plus fr\u00e9quentes, suivies des infections des voies respiratoires inf\u00e9rieures (18 pour cent), des infections des voies urinaires (15 pour cent) et des infections du flux sanguin (13 pour cent). Ce sont surtout les patients \u00e2g\u00e9s et les patients des soins intensifs qui ont \u00e9t\u00e9 touch\u00e9s par les infections.<\/p>\n<p><strong>Des mesures r\u00e9guli\u00e8res sont importantes<\/strong><\/p>\n<p>96 h\u00f4pitaux suisses ont particip\u00e9 \u00e0 la mesure nationale. Chacun d'entre eux a collect\u00e9 des donn\u00e9es sur les infections associ\u00e9es aux soins aupr\u00e8s d'environ 13 000 patients pendant une journ\u00e9e entre avril et juin 2017. Il est pr\u00e9vu de r\u00e9p\u00e9ter ce type d'enqu\u00eate dans les ann\u00e9es \u00e0 venir et de documenter ainsi l'\u00e9volution de la lutte contre les infections \u00e9vitables dans les h\u00f4pitaux suisses.<br \/>\nL'enqu\u00eate men\u00e9e en Suisse par Swissnoso correspondait pour la premi\u00e8re fois aux normes internationales et s'est d\u00e9roul\u00e9e parall\u00e8lement \u00e0 l'enqu\u00eate du <a href=\"https:\/\/ecdc.europa.eu\/en\/home\" target=\"_blank\" rel=\"noopener\">Centre europ\u00e9en de pr\u00e9vention et de contr\u00f4le des maladies<\/a> (ECDC) dans tous les pays de l'UE. Les r\u00e9sultats suisses actuels seront comparables aux donn\u00e9es europ\u00e9ennes d\u00e8s que celles-ci seront disponibles fin 2018.<\/p>\n<p><strong>Une base importante pour endiguer les infections hospitali\u00e8res<br \/>\n<\/strong>Les r\u00e9sultats de l'enqu\u00eate de pr\u00e9valence ponctuelle 2017 dressent un tableau actuel des infections hospitali\u00e8res et de l'utilisation des antimicrobiens au niveau national. Gr\u00e2ce \u00e0 ces donn\u00e9es, les h\u00f4pitaux ont la possibilit\u00e9 d'analyser leurs propres r\u00e9sultats et d'agir si n\u00e9cessaire. Avec 96 h\u00f4pitaux, plus de la moiti\u00e9 des h\u00f4pitaux suisses de soins aigus ont particip\u00e9 \u00e0 l'\u00e9tude. Cette proportion devrait encore \u00eatre augment\u00e9e pour les prochaines \u00e9tudes.<br \/>\nAvec la strat\u00e9gie nationale de surveillance, de pr\u00e9vention et de lutte contre les infections associ\u00e9es aux soins (strat\u00e9gie NOSO), l'Office f\u00e9d\u00e9ral de la sant\u00e9 publique entend, en collaboration avec les cantons, les h\u00f4pitaux, les \u00e9tablissements m\u00e9dico-sociaux et d'autres acteurs importants, am\u00e9liorer l'application des normes d'hygi\u00e8ne dans toute la Suisse, renforcer la surveillance et la pr\u00e9vention et faire avancer le d\u00e9veloppement de la formation et de la recherche.<\/p>\n<p>texte : BAG<\/p>\n<ul>\n<li><a href=\"http:\/\/www.bag.admin.ch\" target=\"_blank\" rel=\"noopener\">BAG<\/a><\/li>\n<li><a href=\"http:\/\/www.swissnoso.ch\" target=\"_blank\" rel=\"noopener\">Swissnoso<\/a><\/li>\n<li><a href=\"https:\/\/www.swissnoso.ch\/forschung-entwicklung\/punktpraevalenz-erhebung-2017\/resultate\/\" target=\"_blank\" rel=\"noopener\">Rapport national Enqu\u00eate de pr\u00e9valence ponctuelle 2017 <\/a><\/li>\n<li><a href=\"https:\/\/www.swissnoso.ch\/forschung-entwicklung\/punktpraevalenz-erhebung-2017\/ueber-die-punktpraevalenz-erhebung\" target=\"_blank\" rel=\"noopener\">Plus d'informations sur l'enqu\u00eate de pr\u00e9valence ponctuelle <\/a><\/li>\n<li><a href=\"https:\/\/www.bag.admin.ch\/noso-de\" target=\"_blank\" rel=\"noopener\">Strat\u00e9gie NOSO <\/a><\/li>\n<\/ul>","protected":false},"excerpt":{"rendered":"<p>Die Messung wurde vom Bundesamt f\u00fcr Gesundheit unterst\u00fctzt und ist ein wichtiger Meilenstein der nationalen Strategie zur \u00dcberwachung, Verh\u00fctung und Bek\u00e4mpfung von Spitalinfektionen (Strategie NOSO). Ziel ist es, die Situation in den Spit\u00e4lern unter anderem mit einer konsequenteren Anwendung der Hygienestandards zu verbessern. Mit einem Wert von 5,9 Prozent liegt die Schweiz bei den Spitalinfektionen [&hellip;]<\/p>\n","protected":false},"author":1,"featured_media":3034,"comment_status":"open","ping_status":"open","sticky":false,"template":"","format":"standard","meta":{"_acf_changed":false,"pgc_sgb_lightbox_settings":"","footnotes":""},"categories":[1,3314],"tags":[1942,2225,2275,2970,3266],"class_list":["post-3033","post","type-post","status-publish","format-standard","has-post-thumbnail","hentry","category-allgemein","category-health-safety","tag-ecdc","tag-healthcare","tag-hygiene","tag-spitalinfektionen","tag-wundinfektionen"],"acf":[],"hkrextid":null,"publication":null,"issue":null,"workflow":null,"startPage":null,"spitzmarke":null,"_posts_by_tag_page_fields":{"widget_title":"","widget_tags":""},"_at_widget":"1","_yoast_wpseo_primary_category":"1","_yoast_wpseo_focuskw_text_input":"Spitalinfektion","_yoast_wpseo_opengraph-image":null,"_yoast_wpseo_opengraph-description":null,"_yoast_wpseo_opengraph-title":null,"enclosure":null,"_yoast_wpseo_twitter-title":null,"_yoast_wpseo_twitter-description":null,"_yoast_wpseo_twitter-image":null,"_wp_old_slug":null,"_yoast_wpseo_title":null,"_yoast_wpseo_canonical":null,"yoast_head":"<!-- This site is optimized with the Yoast SEO plugin v27.4 - https:\/\/yoast.com\/product\/yoast-seo-wordpress\/ -->\n<title>Sechs Prozent erleiden Spitalinfektion - Save<\/title>\n<meta name=\"description\" content=\"Die offizielle Zahl der Spitalinfektionen mit 6 % bei lediglich 96 teilnehmenden Schweizer Spit\u00e4lern ist alarmierend.\" \/>\n<meta name=\"robots\" content=\"index, follow, max-snippet:-1, max-image-preview:large, max-video-preview:-1\" \/>\n<link rel=\"canonical\" href=\"https:\/\/news.save.ch\/fr\/sechs-prozent-erleiden-spital-infektion\/\" \/>\n<meta property=\"og:locale\" content=\"fr_FR\" \/>\n<meta property=\"og:type\" content=\"article\" \/>\n<meta property=\"og:title\" content=\"Sechs Prozent erleiden Spitalinfektion - Save\" \/>\n<meta property=\"og:description\" content=\"Die offizielle Zahl der Spitalinfektionen mit 6 % bei lediglich 96 teilnehmenden Schweizer Spit\u00e4lern ist alarmierend.\" \/>\n<meta property=\"og:url\" content=\"https:\/\/news.save.ch\/fr\/sechs-prozent-erleiden-spital-infektion\/\" \/>\n<meta property=\"og:site_name\" content=\"Save\" \/>\n<meta property=\"article:published_time\" content=\"2018-01-23T16:57:48+00:00\" \/>\n<meta property=\"article:modified_time\" content=\"2023-03-14T08:04:17+00:00\" \/>\n<meta property=\"og:image\" content=\"https:\/\/news.save.ch\/wp-content\/uploads\/2018\/01\/Depositphotos_lightsource-scaled-1.jpg\" \/>\n\t<meta property=\"og:image:width\" content=\"1200\" \/>\n\t<meta property=\"og:image:height\" content=\"1200\" \/>\n\t<meta property=\"og:image:type\" content=\"image\/jpeg\" \/>\n<meta name=\"author\" content=\"admin\" \/>\n<meta name=\"twitter:card\" content=\"summary_large_image\" \/>\n<meta name=\"twitter:label1\" content=\"\u00c9crit par\" \/>\n\t<meta name=\"twitter:data1\" content=\"admin\" \/>\n\t<meta name=\"twitter:label2\" content=\"Dur\u00e9e de lecture estim\u00e9e\" \/>\n\t<meta name=\"twitter:data2\" content=\"2 minutes\" \/>\n<script type=\"application\/ld+json\" class=\"yoast-schema-graph\">{\"@context\":\"https:\\\/\\\/schema.org\",\"@graph\":[{\"@type\":\"Article\",\"@id\":\"https:\\\/\\\/news.save.ch\\\/sechs-prozent-erleiden-spital-infektion\\\/#article\",\"isPartOf\":{\"@id\":\"https:\\\/\\\/news.save.ch\\\/sechs-prozent-erleiden-spital-infektion\\\/\"},\"author\":{\"name\":\"admin\",\"@id\":\"https:\\\/\\\/news.save.ch\\\/de\\\/#\\\/schema\\\/person\\\/d49e199490bad7c70d64b9ab51142f2b\"},\"headline\":\"Sechs Prozent erleiden Spitalinfektion\",\"datePublished\":\"2018-01-23T16:57:48+00:00\",\"dateModified\":\"2023-03-14T08:04:17+00:00\",\"mainEntityOfPage\":{\"@id\":\"https:\\\/\\\/news.save.ch\\\/sechs-prozent-erleiden-spital-infektion\\\/\"},\"wordCount\":468,\"commentCount\":0,\"publisher\":{\"@id\":\"https:\\\/\\\/news.save.ch\\\/de\\\/#organization\"},\"image\":{\"@id\":\"https:\\\/\\\/news.save.ch\\\/sechs-prozent-erleiden-spital-infektion\\\/#primaryimage\"},\"thumbnailUrl\":\"https:\\\/\\\/news.save.ch\\\/wp-content\\\/uploads\\\/2018\\\/01\\\/Depositphotos_lightsource-scaled-1.jpg\",\"keywords\":[\"ECDC\",\"Healthcare\",\"Hygiene\",\"Spitalinfektionen\",\"Wundinfektionen\"],\"articleSection\":[\"ALLGEMEIN\",\"HEALTH &amp; SAFETY\"],\"inLanguage\":\"fr-FR\"},{\"@type\":\"WebPage\",\"@id\":\"https:\\\/\\\/news.save.ch\\\/sechs-prozent-erleiden-spital-infektion\\\/\",\"url\":\"https:\\\/\\\/news.save.ch\\\/sechs-prozent-erleiden-spital-infektion\\\/\",\"name\":\"Sechs Prozent erleiden Spitalinfektion - Save\",\"isPartOf\":{\"@id\":\"https:\\\/\\\/news.save.ch\\\/de\\\/#website\"},\"primaryImageOfPage\":{\"@id\":\"https:\\\/\\\/news.save.ch\\\/sechs-prozent-erleiden-spital-infektion\\\/#primaryimage\"},\"image\":{\"@id\":\"https:\\\/\\\/news.save.ch\\\/sechs-prozent-erleiden-spital-infektion\\\/#primaryimage\"},\"thumbnailUrl\":\"https:\\\/\\\/news.save.ch\\\/wp-content\\\/uploads\\\/2018\\\/01\\\/Depositphotos_lightsource-scaled-1.jpg\",\"datePublished\":\"2018-01-23T16:57:48+00:00\",\"dateModified\":\"2023-03-14T08:04:17+00:00\",\"description\":\"Die offizielle Zahl der Spitalinfektionen mit 6 % bei lediglich 96 teilnehmenden Schweizer Spit\u00e4lern ist alarmierend.\",\"breadcrumb\":{\"@id\":\"https:\\\/\\\/news.save.ch\\\/sechs-prozent-erleiden-spital-infektion\\\/#breadcrumb\"},\"inLanguage\":\"fr-FR\",\"potentialAction\":[{\"@type\":\"ReadAction\",\"target\":[\"https:\\\/\\\/news.save.ch\\\/sechs-prozent-erleiden-spital-infektion\\\/\"]}]},{\"@type\":\"ImageObject\",\"inLanguage\":\"fr-FR\",\"@id\":\"https:\\\/\\\/news.save.ch\\\/sechs-prozent-erleiden-spital-infektion\\\/#primaryimage\",\"url\":\"https:\\\/\\\/news.save.ch\\\/wp-content\\\/uploads\\\/2018\\\/01\\\/Depositphotos_lightsource-scaled-1.jpg\",\"contentUrl\":\"https:\\\/\\\/news.save.ch\\\/wp-content\\\/uploads\\\/2018\\\/01\\\/Depositphotos_lightsource-scaled-1.jpg\",\"width\":1200,\"height\":1200,\"caption\":\"Die offizielle Zahl der Spitalinfektionen mit sechs Prozent bei lediglich 96 teilnehmenden Schweizer Spit\u00e4lern ist alarmierend, auch wenn die Zahl im europ\u00e4ischen Durchschnitt liegt. Wie sieht es bei den anderen knapp 190 Spit\u00e4lern in der Schweiz aus? \u00a9 Depositphotos\\\/lightsource\"},{\"@type\":\"BreadcrumbList\",\"@id\":\"https:\\\/\\\/news.save.ch\\\/sechs-prozent-erleiden-spital-infektion\\\/#breadcrumb\",\"itemListElement\":[{\"@type\":\"ListItem\",\"position\":1,\"name\":\"Home\",\"item\":\"https:\\\/\\\/news.save.ch\\\/de\\\/\"},{\"@type\":\"ListItem\",\"position\":2,\"name\":\"Sechs Prozent erleiden Spitalinfektion\"}]},{\"@type\":\"WebSite\",\"@id\":\"https:\\\/\\\/news.save.ch\\\/de\\\/#website\",\"url\":\"https:\\\/\\\/news.save.ch\\\/de\\\/\",\"name\":\"Save\",\"description\":\"Schweizer Fachzeitschrift f\u00fcr Sicherheit\",\"publisher\":{\"@id\":\"https:\\\/\\\/news.save.ch\\\/de\\\/#organization\"},\"potentialAction\":[{\"@type\":\"SearchAction\",\"target\":{\"@type\":\"EntryPoint\",\"urlTemplate\":\"https:\\\/\\\/news.save.ch\\\/de\\\/?s={search_term_string}\"},\"query-input\":{\"@type\":\"PropertyValueSpecification\",\"valueRequired\":true,\"valueName\":\"search_term_string\"}}],\"inLanguage\":\"fr-FR\"},{\"@type\":\"Organization\",\"@id\":\"https:\\\/\\\/news.save.ch\\\/de\\\/#organization\",\"name\":\"Sicherheitsforum\",\"url\":\"https:\\\/\\\/news.save.ch\\\/de\\\/\",\"logo\":{\"@type\":\"ImageObject\",\"inLanguage\":\"fr-FR\",\"@id\":\"https:\\\/\\\/news.save.ch\\\/de\\\/#\\\/schema\\\/logo\\\/image\\\/\",\"url\":\"https:\\\/\\\/news.save.ch\\\/wp-content\\\/uploads\\\/2022\\\/06\\\/Logo_SF_2012.png\",\"contentUrl\":\"https:\\\/\\\/news.save.ch\\\/wp-content\\\/uploads\\\/2022\\\/06\\\/Logo_SF_2012.png\",\"width\":1100,\"height\":91,\"caption\":\"Sicherheitsforum\"},\"image\":{\"@id\":\"https:\\\/\\\/news.save.ch\\\/de\\\/#\\\/schema\\\/logo\\\/image\\\/\"}},{\"@type\":\"Person\",\"@id\":\"https:\\\/\\\/news.save.ch\\\/de\\\/#\\\/schema\\\/person\\\/d49e199490bad7c70d64b9ab51142f2b\",\"name\":\"admin\",\"image\":{\"@type\":\"ImageObject\",\"inLanguage\":\"fr-FR\",\"@id\":\"https:\\\/\\\/secure.gravatar.com\\\/avatar\\\/ae2f4d718e6c49043e314ce431e7e645d646302a24a5ef5a8bc8e3f5a032e319?s=96&d=mm&r=g\",\"url\":\"https:\\\/\\\/secure.gravatar.com\\\/avatar\\\/ae2f4d718e6c49043e314ce431e7e645d646302a24a5ef5a8bc8e3f5a032e319?s=96&d=mm&r=g\",\"contentUrl\":\"https:\\\/\\\/secure.gravatar.com\\\/avatar\\\/ae2f4d718e6c49043e314ce431e7e645d646302a24a5ef5a8bc8e3f5a032e319?s=96&d=mm&r=g\",\"caption\":\"admin\"},\"sameAs\":[\"https:\\\/\\\/develop.organisator.galledia.ch\"],\"url\":\"https:\\\/\\\/news.save.ch\\\/fr\\\/author\\\/admin\\\/\"}]}<\/script>\n<!-- \/ Yoast SEO plugin. -->","yoast_head_json":{"title":"Six pour cent souffrent d'une infection hospitali\u00e8re - Save","description":"Le chiffre officiel des infections hospitali\u00e8res avec 6 % pour seulement 96 h\u00f4pitaux suisses participants est alarmant.","robots":{"index":"index","follow":"follow","max-snippet":"max-snippet:-1","max-image-preview":"max-image-preview:large","max-video-preview":"max-video-preview:-1"},"canonical":"https:\/\/news.save.ch\/fr\/sechs-prozent-erleiden-spital-infektion\/","og_locale":"fr_FR","og_type":"article","og_title":"Sechs Prozent erleiden Spitalinfektion - Save","og_description":"Die offizielle Zahl der Spitalinfektionen mit 6 % bei lediglich 96 teilnehmenden Schweizer Spit\u00e4lern ist alarmierend.","og_url":"https:\/\/news.save.ch\/fr\/sechs-prozent-erleiden-spital-infektion\/","og_site_name":"Save","article_published_time":"2018-01-23T16:57:48+00:00","article_modified_time":"2023-03-14T08:04:17+00:00","og_image":[{"width":1200,"height":1200,"url":"https:\/\/news.save.ch\/wp-content\/uploads\/2018\/01\/Depositphotos_lightsource-scaled-1.jpg","type":"image\/jpeg"}],"author":"admin","twitter_card":"summary_large_image","twitter_misc":{"\u00c9crit par":"admin","Dur\u00e9e de lecture estim\u00e9e":"2 minutes"},"schema":{"@context":"https:\/\/schema.org","@graph":[{"@type":"Article","@id":"https:\/\/news.save.ch\/sechs-prozent-erleiden-spital-infektion\/#article","isPartOf":{"@id":"https:\/\/news.save.ch\/sechs-prozent-erleiden-spital-infektion\/"},"author":{"name":"admin","@id":"https:\/\/news.save.ch\/de\/#\/schema\/person\/d49e199490bad7c70d64b9ab51142f2b"},"headline":"Sechs Prozent erleiden Spitalinfektion","datePublished":"2018-01-23T16:57:48+00:00","dateModified":"2023-03-14T08:04:17+00:00","mainEntityOfPage":{"@id":"https:\/\/news.save.ch\/sechs-prozent-erleiden-spital-infektion\/"},"wordCount":468,"commentCount":0,"publisher":{"@id":"https:\/\/news.save.ch\/de\/#organization"},"image":{"@id":"https:\/\/news.save.ch\/sechs-prozent-erleiden-spital-infektion\/#primaryimage"},"thumbnailUrl":"https:\/\/news.save.ch\/wp-content\/uploads\/2018\/01\/Depositphotos_lightsource-scaled-1.jpg","keywords":["ECDC","Healthcare","Hygiene","Spitalinfektionen","Wundinfektionen"],"articleSection":["ALLGEMEIN","HEALTH &amp; SAFETY"],"inLanguage":"fr-FR"},{"@type":"WebPage","@id":"https:\/\/news.save.ch\/sechs-prozent-erleiden-spital-infektion\/","url":"https:\/\/news.save.ch\/sechs-prozent-erleiden-spital-infektion\/","name":"Six pour cent souffrent d'une infection hospitali\u00e8re - Save","isPartOf":{"@id":"https:\/\/news.save.ch\/de\/#website"},"primaryImageOfPage":{"@id":"https:\/\/news.save.ch\/sechs-prozent-erleiden-spital-infektion\/#primaryimage"},"image":{"@id":"https:\/\/news.save.ch\/sechs-prozent-erleiden-spital-infektion\/#primaryimage"},"thumbnailUrl":"https:\/\/news.save.ch\/wp-content\/uploads\/2018\/01\/Depositphotos_lightsource-scaled-1.jpg","datePublished":"2018-01-23T16:57:48+00:00","dateModified":"2023-03-14T08:04:17+00:00","description":"Le chiffre officiel des infections hospitali\u00e8res avec 6 % pour seulement 96 h\u00f4pitaux suisses participants est alarmant.","breadcrumb":{"@id":"https:\/\/news.save.ch\/sechs-prozent-erleiden-spital-infektion\/#breadcrumb"},"inLanguage":"fr-FR","potentialAction":[{"@type":"ReadAction","target":["https:\/\/news.save.ch\/sechs-prozent-erleiden-spital-infektion\/"]}]},{"@type":"ImageObject","inLanguage":"fr-FR","@id":"https:\/\/news.save.ch\/sechs-prozent-erleiden-spital-infektion\/#primaryimage","url":"https:\/\/news.save.ch\/wp-content\/uploads\/2018\/01\/Depositphotos_lightsource-scaled-1.jpg","contentUrl":"https:\/\/news.save.ch\/wp-content\/uploads\/2018\/01\/Depositphotos_lightsource-scaled-1.jpg","width":1200,"height":1200,"caption":"Die offizielle Zahl der Spitalinfektionen mit sechs Prozent bei lediglich 96 teilnehmenden Schweizer Spit\u00e4lern ist alarmierend, auch wenn die Zahl im europ\u00e4ischen Durchschnitt liegt. Wie sieht es bei den anderen knapp 190 Spit\u00e4lern in der Schweiz aus? \u00a9 Depositphotos\/lightsource"},{"@type":"BreadcrumbList","@id":"https:\/\/news.save.ch\/sechs-prozent-erleiden-spital-infektion\/#breadcrumb","itemListElement":[{"@type":"ListItem","position":1,"name":"Home","item":"https:\/\/news.save.ch\/de\/"},{"@type":"ListItem","position":2,"name":"Sechs Prozent erleiden Spitalinfektion"}]},{"@type":"WebSite","@id":"https:\/\/news.save.ch\/de\/#website","url":"https:\/\/news.save.ch\/de\/","name":"Save","description":"Revue suisse sp\u00e9cialis\u00e9e dans la s\u00e9curit\u00e9","publisher":{"@id":"https:\/\/news.save.ch\/de\/#organization"},"potentialAction":[{"@type":"SearchAction","target":{"@type":"EntryPoint","urlTemplate":"https:\/\/news.save.ch\/de\/?s={search_term_string}"},"query-input":{"@type":"PropertyValueSpecification","valueRequired":true,"valueName":"search_term_string"}}],"inLanguage":"fr-FR"},{"@type":"Organization","@id":"https:\/\/news.save.ch\/de\/#organization","name":"Forum sur la s\u00e9curit\u00e9","url":"https:\/\/news.save.ch\/de\/","logo":{"@type":"ImageObject","inLanguage":"fr-FR","@id":"https:\/\/news.save.ch\/de\/#\/schema\/logo\/image\/","url":"https:\/\/news.save.ch\/wp-content\/uploads\/2022\/06\/Logo_SF_2012.png","contentUrl":"https:\/\/news.save.ch\/wp-content\/uploads\/2022\/06\/Logo_SF_2012.png","width":1100,"height":91,"caption":"Sicherheitsforum"},"image":{"@id":"https:\/\/news.save.ch\/de\/#\/schema\/logo\/image\/"}},{"@type":"Person","@id":"https:\/\/news.save.ch\/de\/#\/schema\/person\/d49e199490bad7c70d64b9ab51142f2b","name":"admin","image":{"@type":"ImageObject","inLanguage":"fr-FR","@id":"https:\/\/secure.gravatar.com\/avatar\/ae2f4d718e6c49043e314ce431e7e645d646302a24a5ef5a8bc8e3f5a032e319?s=96&d=mm&r=g","url":"https:\/\/secure.gravatar.com\/avatar\/ae2f4d718e6c49043e314ce431e7e645d646302a24a5ef5a8bc8e3f5a032e319?s=96&d=mm&r=g","contentUrl":"https:\/\/secure.gravatar.com\/avatar\/ae2f4d718e6c49043e314ce431e7e645d646302a24a5ef5a8bc8e3f5a032e319?s=96&d=mm&r=g","caption":"admin"},"sameAs":["https:\/\/develop.organisator.galledia.ch"],"url":"https:\/\/news.save.ch\/fr\/author\/admin\/"}]}},"_links":{"self":[{"href":"https:\/\/news.save.ch\/fr\/wp-json\/wp\/v2\/posts\/3033","targetHints":{"allow":["GET"]}}],"collection":[{"href":"https:\/\/news.save.ch\/fr\/wp-json\/wp\/v2\/posts"}],"about":[{"href":"https:\/\/news.save.ch\/fr\/wp-json\/wp\/v2\/types\/post"}],"author":[{"embeddable":true,"href":"https:\/\/news.save.ch\/fr\/wp-json\/wp\/v2\/users\/1"}],"replies":[{"embeddable":true,"href":"https:\/\/news.save.ch\/fr\/wp-json\/wp\/v2\/comments?post=3033"}],"version-history":[{"count":1,"href":"https:\/\/news.save.ch\/fr\/wp-json\/wp\/v2\/posts\/3033\/revisions"}],"predecessor-version":[{"id":18748,"href":"https:\/\/news.save.ch\/fr\/wp-json\/wp\/v2\/posts\/3033\/revisions\/18748"}],"wp:featuredmedia":[{"embeddable":true,"href":"https:\/\/news.save.ch\/fr\/wp-json\/wp\/v2\/media\/3034"}],"wp:attachment":[{"href":"https:\/\/news.save.ch\/fr\/wp-json\/wp\/v2\/media?parent=3033"}],"wp:term":[{"taxonomy":"category","embeddable":true,"href":"https:\/\/news.save.ch\/fr\/wp-json\/wp\/v2\/categories?post=3033"},{"taxonomy":"post_tag","embeddable":true,"href":"https:\/\/news.save.ch\/fr\/wp-json\/wp\/v2\/tags?post=3033"}],"curies":[{"name":"wp","href":"https:\/\/api.w.org\/{rel}","templated":true}]}}